{"id":133945,"date":"2022-02-27T19:10:25","date_gmt":"2022-02-28T02:10:25","guid":{"rendered":"https:\/\/www.sonoraenequipo.com.mx\/?p=133945"},"modified":"2022-02-27T21:06:23","modified_gmt":"2022-02-28T04:06:23","slug":"familiares-de-el-mijis-desmienten-presunta-muerte-del-exdiputado","status":"publish","type":"post","link":"https:\/\/www.sonoraenequipo.com.mx\/familiares-de-el-mijis-desmienten-presunta-muerte-del-exdiputado\/","title":{"rendered":"Familiares de \u201cEl Mijis\u201d desmienten presunta muerte del exdiputado"},"content":{"rendered":"<p>SAN LUIS POTOSI, SLP. MX. \u2014 Las versiones sobre la muerte de Pedro Cesar Carrizales Becerra, \u201cEl Mijis\u201c, fueron desmentidas este domingo por familiares de \u00e9ste desde la cuenta oficial de Twitter del exdiputado del Congreso local de San Luis Potos\u00ed.<\/p>\n<p>&nbsp;<\/p>\n<p> <\/p>\n<p>Lo anterior, luego de que en diversos medios period\u00edsticos se dieran a conocer que la Fiscal\u00eda General de Tamaulipas habr\u00eda informado sobre el hallazgo de su cuerpo. As\u00ed mismo, se habr\u00eda manejado informaci\u00f3n de que la camioneta en la que viajaba \u201cEl Mijis\u201d hab\u00eda sido encontrada, lo cual tampoco se confirm\u00f3.<\/p>\n<p><a class=\"twitter-timeline\" data-width=\"640\" data-height=\"960\" data-dnt=\"true\" href=\"https:\/\/twitter.com\/mijisoficial?ref_src=twsrc%5Etfw\">Tweets by mijisoficial<\/a><script async src=\"https:\/\/platform.twitter.com\/widgets.js\" charset=\"utf-8\"><\/script><\/p>\n<p>&nbsp;<\/p>\n<p>Seg\u00fan la versi\u00f3n de la Fiscal\u00eda, citada por algunos medios, autoridades de esta dependencia informaron a los familiares del exfuncionario que el cad\u00e1ver de \u201cEl Mijis\u201d hab\u00eda sido llevado a la morgue el pasado 23 de febrero.<\/p>\n<p>&nbsp;<\/p>\n<p>No obstante, esta tarde los familiares negaron dicha informaci\u00f3n a trav\u00e9s de Twitter, toda vez que aseguraron que \u201chasta este momento ninguna Fiscal\u00eda ha dado informaci\u00f3n oficial del paradero del \u2018Mijis&#8217;\u201d.<\/p>\n<p>&nbsp;<\/p>\n<p>A casi un mes de la desaparici\u00f3n de Carrizales Becerra, ninguna autoridad ha podido dar informaci\u00f3n sobre su paradero.<\/p>\n<p>&nbsp;<\/p>\n<p>A inicios de febrero, la Comisi\u00f3n Estatal de B\u00fasqueda de Personas San Luis Potos\u00ed emiti\u00f3 una Alerta de B\u00fasqueda por Pedro C\u00e9sar Carrizales, quien estar\u00eda desaparecido desde el 31 de enero.<\/p>\n<p>&nbsp;<\/p>\n<p>Sobre la informaci\u00f3n del presunto hallazgo del cuerpo de \u201cEl Mijis\u201d, hasta el momento ninguna Fiscal\u00eda ha emitido un comunicado.<\/p>\n<p>&nbsp;<\/p>\n<p>&nbsp;<\/p>\n<p>(Publicada el 27\/02\/2022)<\/p>\n","protected":false},"excerpt":{"rendered":"<p>SAN LUIS POTOSI, SLP. MX. \u2014 Las versiones sobre la muerte de Pedro Cesar Carrizales&#8230;<\/p>\n","protected":false},"author":1,"featured_media":133946,"comment_status":"open","ping_status":"open","sticky":false,"template":"","format":"standard","meta":{"_monsterinsights_skip_tracking":false,"_monsterinsights_sitenote_active":false,"_monsterinsights_sitenote_note":"","_monsterinsights_sitenote_category":0,"footnotes":""},"categories":[5],"tags":[],"class_list":["post"],"yoast_head":" \n<title>Sonora en Equipo. Familiares de \u201cEl Mijis\u201d desmienten presunta muerte del exdiputado Rep\u00fablica<\/title>\n<meta name=\"description\" content=\"SAN LUIS POTOSI, SLP. MX. \u2014 Las versiones sobre la muerte de Pedro Cesar Carrizales Becerra, \u201cEl Mijis\u201c, fueron desmentidas este domingo por familiares de En Sonora en Equipo publicamos toda la informaci\u00f3n de Sonora, M\u00e9xico y el Mundo de manera oportuna y busca que la libertad de expresi\u00f3n sea real. Visita nuestro medio informativo publicado desde Hermosillo, Sonora. %\" \/>\n<meta name=\"robots\" content=\"index, follow, max-snippet:-1, max-image-preview:large, max-video-preview:-1\" \/>\n<link rel=\"canonical\" href=\"https:\/\/www.sonoraenequipo.com.mx\/familiares-de-el-mijis-desmienten-presunta-muerte-del-exdiputado\/\" \/>\n<meta property=\"og:locale\" content=\"es_ES\" \/>\n<meta property=\"og:type\" content=\"article\" \/>\n<meta property=\"og:title\" content=\"Sonora en Equipo. Familiares de \u201cEl Mijis\u201d desmienten presunta muerte del exdiputado Rep\u00fablica\" \/>\n<meta property=\"og:description\" content=\"SAN LUIS POTOSI, SLP. MX. \u2014 Las versiones sobre la muerte de Pedro Cesar Carrizales Becerra, \u201cEl Mijis\u201c, fueron desmentidas este domingo por familiares de En Sonora en Equipo publicamos toda la informaci\u00f3n de Sonora, M\u00e9xico y el Mundo de manera oportuna y busca que la libertad de expresi\u00f3n sea real. Visita nuestro medio informativo publicado desde Hermosillo, Sonora. %\" \/>\n<meta property=\"og:url\" content=\"https:\/\/www.sonoraenequipo.com.mx\/familiares-de-el-mijis-desmienten-presunta-muerte-del-exdiputado\/\" \/>\n<meta property=\"og:site_name\" content=\"Sonora en Equipo.\" \/>\n<meta property=\"article:publisher\" content=\"https:\/\/www.facebook.com\/SonoraEE\/\" \/>\n<meta property=\"article:author\" content=\"https:\/\/www.facebook.com\/SonoraEE\" \/>\n<meta property=\"article:published_time\" content=\"2022-02-28T02:10:25+00:00\" \/>\n<meta property=\"article:modified_time\" content=\"2022-02-28T04:06:23+00:00\" \/>\n<meta property=\"og:image\" content=\"https:\/\/www.sonoraenequipo.com.mx\/storage\/2022\/02\/el-mijis-no-esta-muerto_opt.jpg\" \/>\n\t<meta property=\"og:image:width\" content=\"700\" \/>\n\t<meta property=\"og:image:height\" content=\"400\" \/>\n\t<meta property=\"og:image:type\" content=\"image\/jpeg\" \/>\n<meta name=\"author\" content=\"enequipo\" \/>\n<meta name=\"twitter:card\" content=\"summary_large_image\" \/>\n<meta name=\"twitter:creator\" content=\"@sonoraenequipo\" \/>\n<meta name=\"twitter:site\" content=\"@sonoraenequipo\" \/>\n<meta name=\"twitter:label1\" content=\"Escrito por\" \/>\n\t<meta name=\"twitter:data1\" content=\"enequipo\" \/>\n\t<meta name=\"twitter:label2\" content=\"Tiempo de lectura\" \/>\n\t<meta name=\"twitter:data2\" content=\"2 minutos\" \/>\n<script type=\"application\/ld+json\" class=\"yoast-schema-graph\">{\"@context\":\"https:\/\/schema.org\",\"@graph\":[{\"@type\":\"Article\",\"@id\":\"https:\/\/www.sonoraenequipo.com.mx\/familiares-de-el-mijis-desmienten-presunta-muerte-del-exdiputado\/#article\",\"isPartOf\":{\"@id\":\"https:\/\/www.sonoraenequipo.com.mx\/familiares-de-el-mijis-desmienten-presunta-muerte-del-exdiputado\/\"},\"author\":{\"name\":\"enequipo\",\"@id\":\"https:\/\/www.sonoraenequipo.com.mx\/#\/schema\/person\/50102df0fb23a8fa9e8effad8fa81386\"},\"headline\":\"Familiares de \u201cEl Mijis\u201d desmienten presunta muerte del exdiputado\",\"datePublished\":\"2022-02-28T02:10:25+00:00\",\"dateModified\":\"2022-02-28T04:06:23+00:00\",\"mainEntityOfPage\":{\"@id\":\"https:\/\/www.sonoraenequipo.com.mx\/familiares-de-el-mijis-desmienten-presunta-muerte-del-exdiputado\/\"},\"wordCount\":274,\"commentCount\":0,\"publisher\":{\"@id\":\"https:\/\/www.sonoraenequipo.com.mx\/#organization\"},\"image\":{\"@id\":\"https:\/\/www.sonoraenequipo.com.mx\/familiares-de-el-mijis-desmienten-presunta-muerte-del-exdiputado\/#primaryimage\"},\"thumbnailUrl\":\"https:\/\/www.sonoraenequipo.com.mx\/storage\/2022\/02\/el-mijis-no-esta-muerto_opt.jpg\",\"articleSection\":[\"Rep\u00fablica\"],\"inLanguage\":\"es\",\"potentialAction\":[{\"@type\":\"CommentAction\",\"name\":\"Comment\",\"target\":[\"https:\/\/www.sonoraenequipo.com.mx\/familiares-de-el-mijis-desmienten-presunta-muerte-del-exdiputado\/#respond\"]}]},{\"@type\":\"WebPage\",\"@id\":\"https:\/\/www.sonoraenequipo.com.mx\/familiares-de-el-mijis-desmienten-presunta-muerte-del-exdiputado\/\",\"url\":\"https:\/\/www.sonoraenequipo.com.mx\/familiares-de-el-mijis-desmienten-presunta-muerte-del-exdiputado\/\",\"name\":\"Sonora en Equipo. Familiares de \u201cEl Mijis\u201d desmienten presunta muerte del exdiputado Rep\u00fablica\",\"isPartOf\":{\"@id\":\"https:\/\/www.sonoraenequipo.com.mx\/#website\"},\"primaryImageOfPage\":{\"@id\":\"https:\/\/www.sonoraenequipo.com.mx\/familiares-de-el-mijis-desmienten-presunta-muerte-del-exdiputado\/#primaryimage\"},\"image\":{\"@id\":\"https:\/\/www.sonoraenequipo.com.mx\/familiares-de-el-mijis-desmienten-presunta-muerte-del-exdiputado\/#primaryimage\"},\"thumbnailUrl\":\"https:\/\/www.sonoraenequipo.com.mx\/storage\/2022\/02\/el-mijis-no-esta-muerto_opt.jpg\",\"datePublished\":\"2022-02-28T02:10:25+00:00\",\"dateModified\":\"2022-02-28T04:06:23+00:00\",\"description\":\"SAN LUIS POTOSI, SLP. MX. \u2014 Las versiones sobre la muerte de Pedro Cesar Carrizales Becerra, \u201cEl Mijis\u201c, fueron desmentidas este domingo por familiares de En Sonora en Equipo publicamos toda la informaci\u00f3n de Sonora, M\u00e9xico y el Mundo de manera oportuna y busca que la libertad de expresi\u00f3n sea real. Visita nuestro medio informativo publicado desde Hermosillo, Sonora. %\",\"breadcrumb\":{\"@id\":\"https:\/\/www.sonoraenequipo.com.mx\/familiares-de-el-mijis-desmienten-presunta-muerte-del-exdiputado\/#breadcrumb\"},\"inLanguage\":\"es\",\"potentialAction\":[{\"@type\":\"ReadAction\",\"target\":[\"https:\/\/www.sonoraenequipo.com.mx\/familiares-de-el-mijis-desmienten-presunta-muerte-del-exdiputado\/\"]}]},{\"@type\":\"ImageObject\",\"inLanguage\":\"es\",\"@id\":\"https:\/\/www.sonoraenequipo.com.mx\/familiares-de-el-mijis-desmienten-presunta-muerte-del-exdiputado\/#primaryimage\",\"url\":\"https:\/\/www.sonoraenequipo.com.mx\/storage\/2022\/02\/el-mijis-no-esta-muerto_opt.jpg\",\"contentUrl\":\"https:\/\/www.sonoraenequipo.com.mx\/storage\/2022\/02\/el-mijis-no-esta-muerto_opt.jpg\",\"width\":700,\"height\":400},{\"@type\":\"BreadcrumbList\",\"@id\":\"https:\/\/www.sonoraenequipo.com.mx\/familiares-de-el-mijis-desmienten-presunta-muerte-del-exdiputado\/#breadcrumb\",\"itemListElement\":[{\"@type\":\"ListItem\",\"position\":1,\"name\":\"Portada\",\"item\":\"https:\/\/www.sonoraenequipo.com.mx\/\"},{\"@type\":\"ListItem\",\"position\":2,\"name\":\"Familiares de \u201cEl Mijis\u201d desmienten presunta muerte del exdiputado\"}]},{\"@type\":\"WebSite\",\"@id\":\"https:\/\/www.sonoraenequipo.com.mx\/#website\",\"url\":\"https:\/\/www.sonoraenequipo.com.mx\/\",\"name\":\"Sonora en Equipo.\",\"description\":\"Diario en l\u00ednea con Noticias desde Hermosillo, Sonora\",\"publisher\":{\"@id\":\"https:\/\/www.sonoraenequipo.com.mx\/#organization\"},\"potentialAction\":[{\"@type\":\"SearchAction\",\"target\":{\"@type\":\"EntryPoint\",\"urlTemplate\":\"https:\/\/www.sonoraenequipo.com.mx\/?s={search_term_string}\"},\"query-input\":{\"@type\":\"PropertyValueSpecification\",\"valueRequired\":true,\"valueName\":\"search_term_string\"}}],\"inLanguage\":\"es\"},{\"@type\":\"Organization\",\"@id\":\"https:\/\/www.sonoraenequipo.com.mx\/#organization\",\"name\":\"Sonoraenequipo.com.mx\",\"url\":\"https:\/\/www.sonoraenequipo.com.mx\/\",\"logo\":{\"@type\":\"ImageObject\",\"inLanguage\":\"es\",\"@id\":\"https:\/\/www.sonoraenequipo.com.mx\/#\/schema\/logo\/image\/\",\"url\":\"https:\/\/www.sonoraenequipo.com.mx\/storage\/2019\/01\/sonoraenequipo_opt.png\",\"contentUrl\":\"https:\/\/www.sonoraenequipo.com.mx\/storage\/2019\/01\/sonoraenequipo_opt.png\",\"width\":375,\"height\":125,\"caption\":\"Sonoraenequipo.com.mx\"},\"image\":{\"@id\":\"https:\/\/www.sonoraenequipo.com.mx\/#\/schema\/logo\/image\/\"},\"sameAs\":[\"https:\/\/www.facebook.com\/SonoraEE\/\",\"https:\/\/x.com\/sonoraenequipo\",\"https:\/\/www.youtube.com\/channel\/UC338nW-lPEYmJQs4ZABQ1SQ\"]},{\"@type\":\"Person\",\"@id\":\"https:\/\/www.sonoraenequipo.com.mx\/#\/schema\/person\/50102df0fb23a8fa9e8effad8fa81386\",\"name\":\"enequipo\",\"image\":{\"@type\":\"ImageObject\",\"inLanguage\":\"es\",\"@id\":\"https:\/\/www.sonoraenequipo.com.mx\/#\/schema\/person\/image\/\",\"url\":\"https:\/\/secure.gravatar.com\/avatar\/049821681b589dabc0bc20695993ccebb09f5b5d4d790cd9251b97faac7c652b?s=96&d=blank&r=g\",\"contentUrl\":\"https:\/\/secure.gravatar.com\/avatar\/049821681b589dabc0bc20695993ccebb09f5b5d4d790cd9251b97faac7c652b?s=96&d=blank&r=g\",\"caption\":\"enequipo\"},\"sameAs\":[\"https:\/\/www.facebook.com\/SonoraEE\"]}]}<\/script>\n ","yoast_head_json":{"title":"Sonora en Equipo. Familiares de \u201cEl Mijis\u201d desmienten presunta muerte del exdiputado Rep\u00fablica","description":"SAN LUIS POTOSI, SLP. MX. \u2014 Las versiones sobre la muerte de Pedro Cesar Carrizales Becerra, \u201cEl Mijis\u201c, fueron desmentidas este domingo por familiares de En Sonora en Equipo publicamos toda la informaci\u00f3n de Sonora, M\u00e9xico y el Mundo de manera oportuna y busca que la libertad de expresi\u00f3n sea real. Visita nuestro medio informativo publicado desde Hermosillo, Sonora. %","robots":{"index":"index","follow":"follow","max-snippet":"max-snippet:-1","max-image-preview":"max-image-preview:large","max-video-preview":"max-video-preview:-1"},"canonical":"https:\/\/www.sonoraenequipo.com.mx\/familiares-de-el-mijis-desmienten-presunta-muerte-del-exdiputado\/","og_locale":"es_ES","og_type":"article","og_title":"Sonora en Equipo. Familiares de \u201cEl Mijis\u201d desmienten presunta muerte del exdiputado Rep\u00fablica","og_description":"SAN LUIS POTOSI, SLP. MX. \u2014 Las versiones sobre la muerte de Pedro Cesar Carrizales Becerra, \u201cEl Mijis\u201c, fueron desmentidas este domingo por familiares de En Sonora en Equipo publicamos toda la informaci\u00f3n de Sonora, M\u00e9xico y el Mundo de manera oportuna y busca que la libertad de expresi\u00f3n sea real. Visita nuestro medio informativo publicado desde Hermosillo, Sonora. %","og_url":"https:\/\/www.sonoraenequipo.com.mx\/familiares-de-el-mijis-desmienten-presunta-muerte-del-exdiputado\/","og_site_name":"Sonora en Equipo.","article_publisher":"https:\/\/www.facebook.com\/SonoraEE\/","article_author":"https:\/\/www.facebook.com\/SonoraEE","article_published_time":"2022-02-28T02:10:25+00:00","article_modified_time":"2022-02-28T04:06:23+00:00","og_image":[{"width":700,"height":400,"url":"https:\/\/www.sonoraenequipo.com.mx\/storage\/2022\/02\/el-mijis-no-esta-muerto_opt.jpg","type":"image\/jpeg"}],"author":"enequipo","twitter_card":"summary_large_image","twitter_creator":"@sonoraenequipo","twitter_site":"@sonoraenequipo","twitter_misc":{"Escrito por":"enequipo","Tiempo de lectura":"2 minutos"},"schema":{"@context":"https:\/\/schema.org","@graph":[{"@type":"Article","@id":"https:\/\/www.sonoraenequipo.com.mx\/familiares-de-el-mijis-desmienten-presunta-muerte-del-exdiputado\/#article","isPartOf":{"@id":"https:\/\/www.sonoraenequipo.com.mx\/familiares-de-el-mijis-desmienten-presunta-muerte-del-exdiputado\/"},"author":{"name":"enequipo","@id":"https:\/\/www.sonoraenequipo.com.mx\/#\/schema\/person\/50102df0fb23a8fa9e8effad8fa81386"},"headline":"Familiares de \u201cEl Mijis\u201d desmienten presunta muerte del exdiputado","datePublished":"2022-02-28T02:10:25+00:00","dateModified":"2022-02-28T04:06:23+00:00","mainEntityOfPage":{"@id":"https:\/\/www.sonoraenequipo.com.mx\/familiares-de-el-mijis-desmienten-presunta-muerte-del-exdiputado\/"},"wordCount":274,"commentCount":0,"publisher":{"@id":"https:\/\/www.sonoraenequipo.com.mx\/#organization"},"image":{"@id":"https:\/\/www.sonoraenequipo.com.mx\/familiares-de-el-mijis-desmienten-presunta-muerte-del-exdiputado\/#primaryimage"},"thumbnailUrl":"https:\/\/www.sonoraenequipo.com.mx\/storage\/2022\/02\/el-mijis-no-esta-muerto_opt.jpg","articleSection":["Rep\u00fablica"],"inLanguage":"es","potentialAction":[{"@type":"CommentAction","name":"Comment","target":["https:\/\/www.sonoraenequipo.com.mx\/familiares-de-el-mijis-desmienten-presunta-muerte-del-exdiputado\/#respond"]}]},{"@type":"WebPage","@id":"https:\/\/www.sonoraenequipo.com.mx\/familiares-de-el-mijis-desmienten-presunta-muerte-del-exdiputado\/","url":"https:\/\/www.sonoraenequipo.com.mx\/familiares-de-el-mijis-desmienten-presunta-muerte-del-exdiputado\/","name":"Sonora en Equipo. Familiares de \u201cEl Mijis\u201d desmienten presunta muerte del exdiputado Rep\u00fablica","isPartOf":{"@id":"https:\/\/www.sonoraenequipo.com.mx\/#website"},"primaryImageOfPage":{"@id":"https:\/\/www.sonoraenequipo.com.mx\/familiares-de-el-mijis-desmienten-presunta-muerte-del-exdiputado\/#primaryimage"},"image":{"@id":"https:\/\/www.sonoraenequipo.com.mx\/familiares-de-el-mijis-desmienten-presunta-muerte-del-exdiputado\/#primaryimage"},"thumbnailUrl":"https:\/\/www.sonoraenequipo.com.mx\/storage\/2022\/02\/el-mijis-no-esta-muerto_opt.jpg","datePublished":"2022-02-28T02:10:25+00:00","dateModified":"2022-02-28T04:06:23+00:00","description":"SAN LUIS POTOSI, SLP. MX. \u2014 Las versiones sobre la muerte de Pedro Cesar Carrizales Becerra, \u201cEl Mijis\u201c, fueron desmentidas este domingo por familiares de En Sonora en Equipo publicamos toda la informaci\u00f3n de Sonora, M\u00e9xico y el Mundo de manera oportuna y busca que la libertad de expresi\u00f3n sea real. Visita nuestro medio informativo publicado desde Hermosillo, Sonora. %","breadcrumb":{"@id":"https:\/\/www.sonoraenequipo.com.mx\/familiares-de-el-mijis-desmienten-presunta-muerte-del-exdiputado\/#breadcrumb"},"inLanguage":"es","potentialAction":[{"@type":"ReadAction","target":["https:\/\/www.sonoraenequipo.com.mx\/familiares-de-el-mijis-desmienten-presunta-muerte-del-exdiputado\/"]}]},{"@type":"ImageObject","inLanguage":"es","@id":"https:\/\/www.sonoraenequipo.com.mx\/familiares-de-el-mijis-desmienten-presunta-muerte-del-exdiputado\/#primaryimage","url":"https:\/\/www.sonoraenequipo.com.mx\/storage\/2022\/02\/el-mijis-no-esta-muerto_opt.jpg","contentUrl":"https:\/\/www.sonoraenequipo.com.mx\/storage\/2022\/02\/el-mijis-no-esta-muerto_opt.jpg","width":700,"height":400},{"@type":"BreadcrumbList","@id":"https:\/\/www.sonoraenequipo.com.mx\/familiares-de-el-mijis-desmienten-presunta-muerte-del-exdiputado\/#breadcrumb","itemListElement":[{"@type":"ListItem","position":1,"name":"Portada","item":"https:\/\/www.sonoraenequipo.com.mx\/"},{"@type":"ListItem","position":2,"name":"Familiares de \u201cEl Mijis\u201d desmienten presunta muerte del exdiputado"}]},{"@type":"WebSite","@id":"https:\/\/www.sonoraenequipo.com.mx\/#website","url":"https:\/\/www.sonoraenequipo.com.mx\/","name":"Sonora en Equipo.","description":"Diario en l\u00ednea con Noticias desde Hermosillo, Sonora","publisher":{"@id":"https:\/\/www.sonoraenequipo.com.mx\/#organization"},"potentialAction":[{"@type":"SearchAction","target":{"@type":"EntryPoint","urlTemplate":"https:\/\/www.sonoraenequipo.com.mx\/?s={search_term_string}"},"query-input":{"@type":"PropertyValueSpecification","valueRequired":true,"valueName":"search_term_string"}}],"inLanguage":"es"},{"@type":"Organization","@id":"https:\/\/www.sonoraenequipo.com.mx\/#organization","name":"Sonoraenequipo.com.mx","url":"https:\/\/www.sonoraenequipo.com.mx\/","logo":{"@type":"ImageObject","inLanguage":"es","@id":"https:\/\/www.sonoraenequipo.com.mx\/#\/schema\/logo\/image\/","url":"https:\/\/www.sonoraenequipo.com.mx\/storage\/2019\/01\/sonoraenequipo_opt.png","contentUrl":"https:\/\/www.sonoraenequipo.com.mx\/storage\/2019\/01\/sonoraenequipo_opt.png","width":375,"height":125,"caption":"Sonoraenequipo.com.mx"},"image":{"@id":"https:\/\/www.sonoraenequipo.com.mx\/#\/schema\/logo\/image\/"},"sameAs":["https:\/\/www.facebook.com\/SonoraEE\/","https:\/\/x.com\/sonoraenequipo","https:\/\/www.youtube.com\/channel\/UC338nW-lPEYmJQs4ZABQ1SQ"]},{"@type":"Person","@id":"https:\/\/www.sonoraenequipo.com.mx\/#\/schema\/person\/50102df0fb23a8fa9e8effad8fa81386","name":"enequipo","image":{"@type":"ImageObject","inLanguage":"es","@id":"https:\/\/www.sonoraenequipo.com.mx\/#\/schema\/person\/image\/","url":"https:\/\/secure.gravatar.com\/avatar\/049821681b589dabc0bc20695993ccebb09f5b5d4d790cd9251b97faac7c652b?s=96&d=blank&r=g","contentUrl":"https:\/\/secure.gravatar.com\/avatar\/049821681b589dabc0bc20695993ccebb09f5b5d4d790cd9251b97faac7c652b?s=96&d=blank&r=g","caption":"enequipo"},"sameAs":["https:\/\/www.facebook.com\/SonoraEE"]}]}},"jetpack_featured_media_url":"https:\/\/www.sonoraenequipo.com.mx\/storage\/2022\/02\/el-mijis-no-esta-muerto_opt.jpg","_links":{"self":[{"href":"https:\/\/www.sonoraenequipo.com.mx\/api\/wp\/v2\/posts\/133945","targetHints":{"allow":["GET"]}}],"collection":[{"href":"https:\/\/www.sonoraenequipo.com.mx\/api\/wp\/v2\/posts"}],"about":[{"href":"https:\/\/www.sonoraenequipo.com.mx\/api\/wp\/v2\/types\/post"}],"author":[{"embeddable":true,"href":"https:\/\/www.sonoraenequipo.com.mx\/api\/wp\/v2\/users\/1"}],"replies":[{"embeddable":true,"href":"https:\/\/www.sonoraenequipo.com.mx\/api\/wp\/v2\/comments?post=133945"}],"version-history":[{"count":1,"href":"https:\/\/www.sonoraenequipo.com.mx\/api\/wp\/v2\/posts\/133945\/revisions"}],"predecessor-version":[{"id":133947,"href":"https:\/\/www.sonoraenequipo.com.mx\/api\/wp\/v2\/posts\/133945\/revisions\/133947"}],"wp:featuredmedia":[{"embeddable":true,"href":"https:\/\/www.sonoraenequipo.com.mx\/api\/wp\/v2\/media\/133946"}],"wp:attachment":[{"href":"https:\/\/www.sonoraenequipo.com.mx\/api\/wp\/v2\/media?parent=133945"}],"wp:term":[{"taxonomy":"category","embeddable":true,"href":"https:\/\/www.sonoraenequipo.com.mx\/api\/wp\/v2\/categories?post=133945"},{"taxonomy":"post_tag","embeddable":true,"href":"https:\/\/www.sonoraenequipo.com.mx\/api\/wp\/v2\/tags?post=133945"}],"curies":[{"name":"wp","href":"https:\/\/api.w.org\/{rel}","templated":true}]}}