{"id":134283,"date":"2022-03-04T20:58:05","date_gmt":"2022-03-05T03:58:05","guid":{"rendered":"https:\/\/www.sonoraenequipo.com.mx\/?p=134283"},"modified":"2022-03-04T20:44:55","modified_gmt":"2022-03-05T03:44:55","slug":"acuerdan-realizar-mesas-de-trabajo-para-dar-inicio-al-plan-de-justicia-seri","status":"publish","type":"post","link":"https:\/\/www.sonoraenequipo.com.mx\/acuerdan-realizar-mesas-de-trabajo-para-dar-inicio-al-plan-de-justicia-seri\/","title":{"rendered":"Acuerdan realizar mesas de trabajo para dar inicio al Plan de Justicia Seri"},"content":{"rendered":"<p>HERMOSILLO, SONORA,MX.\u2500\u2500 Para dar seguimiento al Plan de Justicia Seri se realiz\u00f3 la primera reuni\u00f3n en el poblado de Desemboque, con la asistencia de 24 dependencias del orden municipal, estatal y federal, las cuales dialogaron con las autoridades tradicionales seris. Durante el acto de apertura de este evento, Alberto Mellado Moreno, regidor \u00e9tnico, en representaci\u00f3n de Joel Barnett Morales, gobernador comc\u00e1ac, expres\u00f3 que 1975 fue el \u00faltimo a\u00f1o en que el pueblo seri recibi\u00f3 apoyo de los gobiernos y, desde entonces a la fecha, nadie m\u00e1s se hab\u00eda acercado, hasta la visita del presidente de la Rep\u00fablica, Andr\u00e9s Manuel L\u00f3pez Obrador.<\/p>\n<p>Por su lado, Wendy Brice\u00f1o Zuloaga, secretaria de Desarrollo Social y coordinadora del gobierno estatal para el Plan de Justicia Seri, dijo que, para el gobernador Alfonso Durazo, es de suma importancia este proyecto donde las autoridades de los tres \u00f3rdenes de gobierno ser\u00e1n facilitadoras para solventar las necesidades del pueblo comc\u00e1ac. En representaci\u00f3n del Gobierno de M\u00e9xico estuvo presente Erika Poblano S\u00e1nchez, coordinadora general de Fomento a la Econom\u00eda Ind\u00edgena del Instituto Nacional de los Pueblos Ind\u00edgenas y tambi\u00e9n coordinadora del Plan de Justicia Seri.<\/p>\n<p>Fecha de publicaci\u00f3n: viernes \/ 4 \/ marzo \/ 2022 \/<\/p>\n","protected":false},"excerpt":{"rendered":"<p>HERMOSILLO, SONORA,MX.\u2500\u2500 Para dar seguimiento al Plan de Justicia Seri se realiz\u00f3 la primera reuni\u00f3n&#8230;<\/p>\n","protected":false},"author":1,"featured_media":134284,"comment_status":"open","ping_status":"open","sticky":false,"template":"","format":"standard","meta":{"_monsterinsights_skip_tracking":false,"_monsterinsights_sitenote_active":false,"_monsterinsights_sitenote_note":"","_monsterinsights_sitenote_category":0,"footnotes":""},"categories":[22],"tags":[397,6848],"class_list":["post"],"yoast_head":" \n<title>Sonora en Equipo. Acuerdan realizar mesas de trabajo para dar inicio al Plan de Justicia Seri<\/title>\n<meta name=\"description\" content=\"HERMOSILLO, SONORA,MX.\u2500\u2500 Para dar seguimiento al Plan de Justicia Seri se realiz\u00f3 la primera reuni\u00f3n en el poblado de Desemboque, con la asistencia de 24 En Sonora en Equipo publicamos toda la informaci\u00f3n de Sonora, M\u00e9xico y el Mundo de manera oportuna y busca que la libertad de expresi\u00f3n sea real. Visita nuestro medio informativo publicado desde Hermosillo, Sonora. %\" \/>\n<meta name=\"robots\" content=\"index, follow, max-snippet:-1, max-image-preview:large, max-video-preview:-1\" \/>\n<link rel=\"canonical\" href=\"https:\/\/www.sonoraenequipo.com.mx\/acuerdan-realizar-mesas-de-trabajo-para-dar-inicio-al-plan-de-justicia-seri\/\" \/>\n<meta property=\"og:locale\" content=\"es_ES\" \/>\n<meta property=\"og:type\" content=\"article\" \/>\n<meta property=\"og:title\" content=\"Sonora en Equipo. Acuerdan realizar mesas de trabajo para dar inicio al Plan de Justicia Seri\" \/>\n<meta property=\"og:description\" content=\"HERMOSILLO, SONORA,MX.\u2500\u2500 Para dar seguimiento al Plan de Justicia Seri se realiz\u00f3 la primera reuni\u00f3n en el poblado de Desemboque, con la asistencia de 24 En Sonora en Equipo publicamos toda la informaci\u00f3n de Sonora, M\u00e9xico y el Mundo de manera oportuna y busca que la libertad de expresi\u00f3n sea real. Visita nuestro medio informativo publicado desde Hermosillo, Sonora. %\" \/>\n<meta property=\"og:url\" content=\"https:\/\/www.sonoraenequipo.com.mx\/acuerdan-realizar-mesas-de-trabajo-para-dar-inicio-al-plan-de-justicia-seri\/\" \/>\n<meta property=\"og:site_name\" content=\"Sonora en Equipo.\" \/>\n<meta property=\"article:publisher\" content=\"https:\/\/www.facebook.com\/SonoraEE\/\" \/>\n<meta property=\"article:author\" content=\"https:\/\/www.facebook.com\/SonoraEE\" \/>\n<meta property=\"article:published_time\" content=\"2022-03-05T03:58:05+00:00\" \/>\n<meta property=\"og:image\" content=\"https:\/\/www.sonoraenequipo.com.mx\/storage\/2022\/03\/seris.jpg\" \/>\n\t<meta property=\"og:image:width\" content=\"700\" \/>\n\t<meta property=\"og:image:height\" content=\"400\" \/>\n\t<meta property=\"og:image:type\" content=\"image\/jpeg\" \/>\n<meta name=\"author\" content=\"enequipo\" \/>\n<meta name=\"twitter:card\" content=\"summary_large_image\" \/>\n<meta name=\"twitter:creator\" content=\"@sonoraenequipo\" \/>\n<meta name=\"twitter:site\" content=\"@sonoraenequipo\" \/>\n<meta name=\"twitter:label1\" content=\"Escrito por\" \/>\n\t<meta name=\"twitter:data1\" content=\"enequipo\" \/>\n\t<meta name=\"twitter:label2\" content=\"Tiempo de lectura\" \/>\n\t<meta name=\"twitter:data2\" content=\"1 minuto\" \/>\n<script type=\"application\/ld+json\" class=\"yoast-schema-graph\">{\"@context\":\"https:\/\/schema.org\",\"@graph\":[{\"@type\":\"Article\",\"@id\":\"https:\/\/www.sonoraenequipo.com.mx\/acuerdan-realizar-mesas-de-trabajo-para-dar-inicio-al-plan-de-justicia-seri\/#article\",\"isPartOf\":{\"@id\":\"https:\/\/www.sonoraenequipo.com.mx\/acuerdan-realizar-mesas-de-trabajo-para-dar-inicio-al-plan-de-justicia-seri\/\"},\"author\":{\"name\":\"enequipo\",\"@id\":\"https:\/\/www.sonoraenequipo.com.mx\/#\/schema\/person\/50102df0fb23a8fa9e8effad8fa81386\"},\"headline\":\"Acuerdan realizar mesas de trabajo para dar inicio al Plan de Justicia Seri\",\"datePublished\":\"2022-03-05T03:58:05+00:00\",\"mainEntityOfPage\":{\"@id\":\"https:\/\/www.sonoraenequipo.com.mx\/acuerdan-realizar-mesas-de-trabajo-para-dar-inicio-al-plan-de-justicia-seri\/\"},\"wordCount\":224,\"commentCount\":0,\"publisher\":{\"@id\":\"https:\/\/www.sonoraenequipo.com.mx\/#organization\"},\"image\":{\"@id\":\"https:\/\/www.sonoraenequipo.com.mx\/acuerdan-realizar-mesas-de-trabajo-para-dar-inicio-al-plan-de-justicia-seri\/#primaryimage\"},\"thumbnailUrl\":\"https:\/\/www.sonoraenequipo.com.mx\/storage\/2022\/03\/seris.jpg\",\"keywords\":[\"Justicia\",\"seri\"],\"articleSection\":[\"Sonora\"],\"inLanguage\":\"es\",\"potentialAction\":[{\"@type\":\"CommentAction\",\"name\":\"Comment\",\"target\":[\"https:\/\/www.sonoraenequipo.com.mx\/acuerdan-realizar-mesas-de-trabajo-para-dar-inicio-al-plan-de-justicia-seri\/#respond\"]}]},{\"@type\":\"WebPage\",\"@id\":\"https:\/\/www.sonoraenequipo.com.mx\/acuerdan-realizar-mesas-de-trabajo-para-dar-inicio-al-plan-de-justicia-seri\/\",\"url\":\"https:\/\/www.sonoraenequipo.com.mx\/acuerdan-realizar-mesas-de-trabajo-para-dar-inicio-al-plan-de-justicia-seri\/\",\"name\":\"Sonora en Equipo. Acuerdan realizar mesas de trabajo para dar inicio al Plan de Justicia Seri\",\"isPartOf\":{\"@id\":\"https:\/\/www.sonoraenequipo.com.mx\/#website\"},\"primaryImageOfPage\":{\"@id\":\"https:\/\/www.sonoraenequipo.com.mx\/acuerdan-realizar-mesas-de-trabajo-para-dar-inicio-al-plan-de-justicia-seri\/#primaryimage\"},\"image\":{\"@id\":\"https:\/\/www.sonoraenequipo.com.mx\/acuerdan-realizar-mesas-de-trabajo-para-dar-inicio-al-plan-de-justicia-seri\/#primaryimage\"},\"thumbnailUrl\":\"https:\/\/www.sonoraenequipo.com.mx\/storage\/2022\/03\/seris.jpg\",\"datePublished\":\"2022-03-05T03:58:05+00:00\",\"description\":\"HERMOSILLO, SONORA,MX.\u2500\u2500 Para dar seguimiento al Plan de Justicia Seri se realiz\u00f3 la primera reuni\u00f3n en el poblado de Desemboque, con la asistencia de 24 En Sonora en Equipo publicamos toda la informaci\u00f3n de Sonora, M\u00e9xico y el Mundo de manera oportuna y busca que la libertad de expresi\u00f3n sea real. Visita nuestro medio informativo publicado desde Hermosillo, Sonora. %\",\"breadcrumb\":{\"@id\":\"https:\/\/www.sonoraenequipo.com.mx\/acuerdan-realizar-mesas-de-trabajo-para-dar-inicio-al-plan-de-justicia-seri\/#breadcrumb\"},\"inLanguage\":\"es\",\"potentialAction\":[{\"@type\":\"ReadAction\",\"target\":[\"https:\/\/www.sonoraenequipo.com.mx\/acuerdan-realizar-mesas-de-trabajo-para-dar-inicio-al-plan-de-justicia-seri\/\"]}]},{\"@type\":\"ImageObject\",\"inLanguage\":\"es\",\"@id\":\"https:\/\/www.sonoraenequipo.com.mx\/acuerdan-realizar-mesas-de-trabajo-para-dar-inicio-al-plan-de-justicia-seri\/#primaryimage\",\"url\":\"https:\/\/www.sonoraenequipo.com.mx\/storage\/2022\/03\/seris.jpg\",\"contentUrl\":\"https:\/\/www.sonoraenequipo.com.mx\/storage\/2022\/03\/seris.jpg\",\"width\":700,\"height\":400},{\"@type\":\"BreadcrumbList\",\"@id\":\"https:\/\/www.sonoraenequipo.com.mx\/acuerdan-realizar-mesas-de-trabajo-para-dar-inicio-al-plan-de-justicia-seri\/#breadcrumb\",\"itemListElement\":[{\"@type\":\"ListItem\",\"position\":1,\"name\":\"Portada\",\"item\":\"https:\/\/www.sonoraenequipo.com.mx\/\"},{\"@type\":\"ListItem\",\"position\":2,\"name\":\"Acuerdan realizar mesas de trabajo para dar inicio al Plan de Justicia Seri\"}]},{\"@type\":\"WebSite\",\"@id\":\"https:\/\/www.sonoraenequipo.com.mx\/#website\",\"url\":\"https:\/\/www.sonoraenequipo.com.mx\/\",\"name\":\"Sonora en Equipo.\",\"description\":\"Diario en l\u00ednea con Noticias desde Hermosillo, Sonora\",\"publisher\":{\"@id\":\"https:\/\/www.sonoraenequipo.com.mx\/#organization\"},\"potentialAction\":[{\"@type\":\"SearchAction\",\"target\":{\"@type\":\"EntryPoint\",\"urlTemplate\":\"https:\/\/www.sonoraenequipo.com.mx\/?s={search_term_string}\"},\"query-input\":{\"@type\":\"PropertyValueSpecification\",\"valueRequired\":true,\"valueName\":\"search_term_string\"}}],\"inLanguage\":\"es\"},{\"@type\":\"Organization\",\"@id\":\"https:\/\/www.sonoraenequipo.com.mx\/#organization\",\"name\":\"Sonoraenequipo.com.mx\",\"url\":\"https:\/\/www.sonoraenequipo.com.mx\/\",\"logo\":{\"@type\":\"ImageObject\",\"inLanguage\":\"es\",\"@id\":\"https:\/\/www.sonoraenequipo.com.mx\/#\/schema\/logo\/image\/\",\"url\":\"https:\/\/www.sonoraenequipo.com.mx\/storage\/2019\/01\/sonoraenequipo_opt.png\",\"contentUrl\":\"https:\/\/www.sonoraenequipo.com.mx\/storage\/2019\/01\/sonoraenequipo_opt.png\",\"width\":375,\"height\":125,\"caption\":\"Sonoraenequipo.com.mx\"},\"image\":{\"@id\":\"https:\/\/www.sonoraenequipo.com.mx\/#\/schema\/logo\/image\/\"},\"sameAs\":[\"https:\/\/www.facebook.com\/SonoraEE\/\",\"https:\/\/x.com\/sonoraenequipo\",\"https:\/\/www.youtube.com\/channel\/UC338nW-lPEYmJQs4ZABQ1SQ\"]},{\"@type\":\"Person\",\"@id\":\"https:\/\/www.sonoraenequipo.com.mx\/#\/schema\/person\/50102df0fb23a8fa9e8effad8fa81386\",\"name\":\"enequipo\",\"image\":{\"@type\":\"ImageObject\",\"inLanguage\":\"es\",\"@id\":\"https:\/\/www.sonoraenequipo.com.mx\/#\/schema\/person\/image\/\",\"url\":\"https:\/\/secure.gravatar.com\/avatar\/049821681b589dabc0bc20695993ccebb09f5b5d4d790cd9251b97faac7c652b?s=96&d=blank&r=g\",\"contentUrl\":\"https:\/\/secure.gravatar.com\/avatar\/049821681b589dabc0bc20695993ccebb09f5b5d4d790cd9251b97faac7c652b?s=96&d=blank&r=g\",\"caption\":\"enequipo\"},\"sameAs\":[\"https:\/\/www.facebook.com\/SonoraEE\"]}]}<\/script>\n ","yoast_head_json":{"title":"Sonora en Equipo. Acuerdan realizar mesas de trabajo para dar inicio al Plan de Justicia Seri","description":"HERMOSILLO, SONORA,MX.\u2500\u2500 Para dar seguimiento al Plan de Justicia Seri se realiz\u00f3 la primera reuni\u00f3n en el poblado de Desemboque, con la asistencia de 24 En Sonora en Equipo publicamos toda la informaci\u00f3n de Sonora, M\u00e9xico y el Mundo de manera oportuna y busca que la libertad de expresi\u00f3n sea real. Visita nuestro medio informativo publicado desde Hermosillo, Sonora. %","robots":{"index":"index","follow":"follow","max-snippet":"max-snippet:-1","max-image-preview":"max-image-preview:large","max-video-preview":"max-video-preview:-1"},"canonical":"https:\/\/www.sonoraenequipo.com.mx\/acuerdan-realizar-mesas-de-trabajo-para-dar-inicio-al-plan-de-justicia-seri\/","og_locale":"es_ES","og_type":"article","og_title":"Sonora en Equipo. Acuerdan realizar mesas de trabajo para dar inicio al Plan de Justicia Seri","og_description":"HERMOSILLO, SONORA,MX.\u2500\u2500 Para dar seguimiento al Plan de Justicia Seri se realiz\u00f3 la primera reuni\u00f3n en el poblado de Desemboque, con la asistencia de 24 En Sonora en Equipo publicamos toda la informaci\u00f3n de Sonora, M\u00e9xico y el Mundo de manera oportuna y busca que la libertad de expresi\u00f3n sea real. Visita nuestro medio informativo publicado desde Hermosillo, Sonora. %","og_url":"https:\/\/www.sonoraenequipo.com.mx\/acuerdan-realizar-mesas-de-trabajo-para-dar-inicio-al-plan-de-justicia-seri\/","og_site_name":"Sonora en Equipo.","article_publisher":"https:\/\/www.facebook.com\/SonoraEE\/","article_author":"https:\/\/www.facebook.com\/SonoraEE","article_published_time":"2022-03-05T03:58:05+00:00","og_image":[{"width":700,"height":400,"url":"https:\/\/www.sonoraenequipo.com.mx\/storage\/2022\/03\/seris.jpg","type":"image\/jpeg"}],"author":"enequipo","twitter_card":"summary_large_image","twitter_creator":"@sonoraenequipo","twitter_site":"@sonoraenequipo","twitter_misc":{"Escrito por":"enequipo","Tiempo de lectura":"1 minuto"},"schema":{"@context":"https:\/\/schema.org","@graph":[{"@type":"Article","@id":"https:\/\/www.sonoraenequipo.com.mx\/acuerdan-realizar-mesas-de-trabajo-para-dar-inicio-al-plan-de-justicia-seri\/#article","isPartOf":{"@id":"https:\/\/www.sonoraenequipo.com.mx\/acuerdan-realizar-mesas-de-trabajo-para-dar-inicio-al-plan-de-justicia-seri\/"},"author":{"name":"enequipo","@id":"https:\/\/www.sonoraenequipo.com.mx\/#\/schema\/person\/50102df0fb23a8fa9e8effad8fa81386"},"headline":"Acuerdan realizar mesas de trabajo para dar inicio al Plan de Justicia Seri","datePublished":"2022-03-05T03:58:05+00:00","mainEntityOfPage":{"@id":"https:\/\/www.sonoraenequipo.com.mx\/acuerdan-realizar-mesas-de-trabajo-para-dar-inicio-al-plan-de-justicia-seri\/"},"wordCount":224,"commentCount":0,"publisher":{"@id":"https:\/\/www.sonoraenequipo.com.mx\/#organization"},"image":{"@id":"https:\/\/www.sonoraenequipo.com.mx\/acuerdan-realizar-mesas-de-trabajo-para-dar-inicio-al-plan-de-justicia-seri\/#primaryimage"},"thumbnailUrl":"https:\/\/www.sonoraenequipo.com.mx\/storage\/2022\/03\/seris.jpg","keywords":["Justicia","seri"],"articleSection":["Sonora"],"inLanguage":"es","potentialAction":[{"@type":"CommentAction","name":"Comment","target":["https:\/\/www.sonoraenequipo.com.mx\/acuerdan-realizar-mesas-de-trabajo-para-dar-inicio-al-plan-de-justicia-seri\/#respond"]}]},{"@type":"WebPage","@id":"https:\/\/www.sonoraenequipo.com.mx\/acuerdan-realizar-mesas-de-trabajo-para-dar-inicio-al-plan-de-justicia-seri\/","url":"https:\/\/www.sonoraenequipo.com.mx\/acuerdan-realizar-mesas-de-trabajo-para-dar-inicio-al-plan-de-justicia-seri\/","name":"Sonora en Equipo. Acuerdan realizar mesas de trabajo para dar inicio al Plan de Justicia Seri","isPartOf":{"@id":"https:\/\/www.sonoraenequipo.com.mx\/#website"},"primaryImageOfPage":{"@id":"https:\/\/www.sonoraenequipo.com.mx\/acuerdan-realizar-mesas-de-trabajo-para-dar-inicio-al-plan-de-justicia-seri\/#primaryimage"},"image":{"@id":"https:\/\/www.sonoraenequipo.com.mx\/acuerdan-realizar-mesas-de-trabajo-para-dar-inicio-al-plan-de-justicia-seri\/#primaryimage"},"thumbnailUrl":"https:\/\/www.sonoraenequipo.com.mx\/storage\/2022\/03\/seris.jpg","datePublished":"2022-03-05T03:58:05+00:00","description":"HERMOSILLO, SONORA,MX.\u2500\u2500 Para dar seguimiento al Plan de Justicia Seri se realiz\u00f3 la primera reuni\u00f3n en el poblado de Desemboque, con la asistencia de 24 En Sonora en Equipo publicamos toda la informaci\u00f3n de Sonora, M\u00e9xico y el Mundo de manera oportuna y busca que la libertad de expresi\u00f3n sea real. Visita nuestro medio informativo publicado desde Hermosillo, Sonora. %","breadcrumb":{"@id":"https:\/\/www.sonoraenequipo.com.mx\/acuerdan-realizar-mesas-de-trabajo-para-dar-inicio-al-plan-de-justicia-seri\/#breadcrumb"},"inLanguage":"es","potentialAction":[{"@type":"ReadAction","target":["https:\/\/www.sonoraenequipo.com.mx\/acuerdan-realizar-mesas-de-trabajo-para-dar-inicio-al-plan-de-justicia-seri\/"]}]},{"@type":"ImageObject","inLanguage":"es","@id":"https:\/\/www.sonoraenequipo.com.mx\/acuerdan-realizar-mesas-de-trabajo-para-dar-inicio-al-plan-de-justicia-seri\/#primaryimage","url":"https:\/\/www.sonoraenequipo.com.mx\/storage\/2022\/03\/seris.jpg","contentUrl":"https:\/\/www.sonoraenequipo.com.mx\/storage\/2022\/03\/seris.jpg","width":700,"height":400},{"@type":"BreadcrumbList","@id":"https:\/\/www.sonoraenequipo.com.mx\/acuerdan-realizar-mesas-de-trabajo-para-dar-inicio-al-plan-de-justicia-seri\/#breadcrumb","itemListElement":[{"@type":"ListItem","position":1,"name":"Portada","item":"https:\/\/www.sonoraenequipo.com.mx\/"},{"@type":"ListItem","position":2,"name":"Acuerdan realizar mesas de trabajo para dar inicio al Plan de Justicia Seri"}]},{"@type":"WebSite","@id":"https:\/\/www.sonoraenequipo.com.mx\/#website","url":"https:\/\/www.sonoraenequipo.com.mx\/","name":"Sonora en Equipo.","description":"Diario en l\u00ednea con Noticias desde Hermosillo, Sonora","publisher":{"@id":"https:\/\/www.sonoraenequipo.com.mx\/#organization"},"potentialAction":[{"@type":"SearchAction","target":{"@type":"EntryPoint","urlTemplate":"https:\/\/www.sonoraenequipo.com.mx\/?s={search_term_string}"},"query-input":{"@type":"PropertyValueSpecification","valueRequired":true,"valueName":"search_term_string"}}],"inLanguage":"es"},{"@type":"Organization","@id":"https:\/\/www.sonoraenequipo.com.mx\/#organization","name":"Sonoraenequipo.com.mx","url":"https:\/\/www.sonoraenequipo.com.mx\/","logo":{"@type":"ImageObject","inLanguage":"es","@id":"https:\/\/www.sonoraenequipo.com.mx\/#\/schema\/logo\/image\/","url":"https:\/\/www.sonoraenequipo.com.mx\/storage\/2019\/01\/sonoraenequipo_opt.png","contentUrl":"https:\/\/www.sonoraenequipo.com.mx\/storage\/2019\/01\/sonoraenequipo_opt.png","width":375,"height":125,"caption":"Sonoraenequipo.com.mx"},"image":{"@id":"https:\/\/www.sonoraenequipo.com.mx\/#\/schema\/logo\/image\/"},"sameAs":["https:\/\/www.facebook.com\/SonoraEE\/","https:\/\/x.com\/sonoraenequipo","https:\/\/www.youtube.com\/channel\/UC338nW-lPEYmJQs4ZABQ1SQ"]},{"@type":"Person","@id":"https:\/\/www.sonoraenequipo.com.mx\/#\/schema\/person\/50102df0fb23a8fa9e8effad8fa81386","name":"enequipo","image":{"@type":"ImageObject","inLanguage":"es","@id":"https:\/\/www.sonoraenequipo.com.mx\/#\/schema\/person\/image\/","url":"https:\/\/secure.gravatar.com\/avatar\/049821681b589dabc0bc20695993ccebb09f5b5d4d790cd9251b97faac7c652b?s=96&d=blank&r=g","contentUrl":"https:\/\/secure.gravatar.com\/avatar\/049821681b589dabc0bc20695993ccebb09f5b5d4d790cd9251b97faac7c652b?s=96&d=blank&r=g","caption":"enequipo"},"sameAs":["https:\/\/www.facebook.com\/SonoraEE"]}]}},"jetpack_featured_media_url":"https:\/\/www.sonoraenequipo.com.mx\/storage\/2022\/03\/seris.jpg","_links":{"self":[{"href":"https:\/\/www.sonoraenequipo.com.mx\/api\/wp\/v2\/posts\/134283","targetHints":{"allow":["GET"]}}],"collection":[{"href":"https:\/\/www.sonoraenequipo.com.mx\/api\/wp\/v2\/posts"}],"about":[{"href":"https:\/\/www.sonoraenequipo.com.mx\/api\/wp\/v2\/types\/post"}],"author":[{"embeddable":true,"href":"https:\/\/www.sonoraenequipo.com.mx\/api\/wp\/v2\/users\/1"}],"replies":[{"embeddable":true,"href":"https:\/\/www.sonoraenequipo.com.mx\/api\/wp\/v2\/comments?post=134283"}],"version-history":[{"count":1,"href":"https:\/\/www.sonoraenequipo.com.mx\/api\/wp\/v2\/posts\/134283\/revisions"}],"predecessor-version":[{"id":134285,"href":"https:\/\/www.sonoraenequipo.com.mx\/api\/wp\/v2\/posts\/134283\/revisions\/134285"}],"wp:featuredmedia":[{"embeddable":true,"href":"https:\/\/www.sonoraenequipo.com.mx\/api\/wp\/v2\/media\/134284"}],"wp:attachment":[{"href":"https:\/\/www.sonoraenequipo.com.mx\/api\/wp\/v2\/media?parent=134283"}],"wp:term":[{"taxonomy":"category","embeddable":true,"href":"https:\/\/www.sonoraenequipo.com.mx\/api\/wp\/v2\/categories?post=134283"},{"taxonomy":"post_tag","embeddable":true,"href":"https:\/\/www.sonoraenequipo.com.mx\/api\/wp\/v2\/tags?post=134283"}],"curies":[{"name":"wp","href":"https:\/\/api.w.org\/{rel}","templated":true}]}}