{"id":134313,"date":"2022-03-05T11:54:17","date_gmt":"2022-03-05T18:54:17","guid":{"rendered":"https:\/\/www.sonoraenequipo.com.mx\/?p=134313"},"modified":"2022-03-05T11:54:17","modified_gmt":"2022-03-05T18:54:17","slug":"cajeme-tienen-bomberos-nuevo-patronato-y-comandante","status":"publish","type":"post","link":"https:\/\/www.sonoraenequipo.com.mx\/cajeme-tienen-bomberos-nuevo-patronato-y-comandante\/","title":{"rendered":"CAJEME. Tienen Bomberos nuevo patronato y comandante"},"content":{"rendered":"<p>\u25baV\u00edctor Ricardo Manosalvas Mena asume el cargo como nuevo Comandante de Bomberos<\/p>\n<p>&nbsp;<\/p>\n<p>CAJEME.SONORA,MX.\u2500\u2500 \u00a0Con el fin de mejorar las condiciones administrativas, operativas y funcionales de los Bomberos de Cajeme, el Presidente Municipal, Javier Lamarque Cano tom\u00f3 protesta ayer a Salvador Mart\u00ednez Villardaga como nuevo Presidente del Patronato de esta heroica instituci\u00f3n.<\/p>\n<p>El mun\u00edcipe felicit\u00f3 a los integrantes del nuevo patronato, a quienes reconoci\u00f3 como personas con amplia trayectoria en el servicio a la ciudan\u00eda, a la vez que los exhort\u00f3 a conjuntar proyectos que vengan a dignificar el desempe\u00f1o del heroico Cuerpo de Bomberos de Cajeme, al mismo tiempo que reconoci\u00f3 el trabajo realizado por los anteriores patronos.<\/p>\n<p>Salvador Mart\u00ednez Villardaga, en su calidad de nuevo Presidente del Patronato de Bomberos, agradeci\u00f3 a las autoridades municipales por la confianza que en \u00e9l se deposita para que sea el encargado de llevar los detalles administrativos de este patronato del Honorable Cuerpo de Bomberos, comprometi\u00e9ndose a trabajar con ah\u00ednco para satisfacer las necesidades operativas y humanas de los Bomberos de Cajeme.<\/p>\n<p>Acto seguido las autoridades municipales y el equipo que conforma el nuevo patronato se trasladaron a la estaci\u00f3n de Bomberos, donde la Alcalde Lamarque Cano tom\u00f3 protesta de ley a V\u00edctor Ricardo Manosalvas Mena como nuevo Comandante del heroico cuerpo de Bomberos.<\/p>\n<p>Fecha de publicaci\u00f3n: s\u00e1bado \/ 5 \/ marzo \/ 2022 \/<\/p>\n","protected":false},"excerpt":{"rendered":"<p>\u25baV\u00edctor Ricardo Manosalvas Mena asume el cargo como nuevo Comandante de Bomberos &nbsp; CAJEME.SONORA,MX.\u2500\u2500 \u00a0Con&#8230;<\/p>\n","protected":false},"author":1,"featured_media":134312,"comment_status":"open","ping_status":"open","sticky":false,"template":"","format":"standard","meta":{"_monsterinsights_skip_tracking":false,"_monsterinsights_sitenote_active":false,"_monsterinsights_sitenote_note":"","_monsterinsights_sitenote_category":0,"footnotes":""},"categories":[4],"tags":[686,476],"class_list":["post"],"yoast_head":" \n<title>Sonora en Equipo. CAJEME. Tienen Bomberos nuevo patronato y comandante Municipios<\/title>\n<meta name=\"description\" content=\"\u25baV\u00edctor Ricardo Manosalvas Mena asume el cargo como nuevo Comandante de Bomberos &nbsp; CAJEME.SONORA,MX.\u2500\u2500 \u00a0Con el fin de mejorar las condiciones En Sonora en Equipo publicamos toda la informaci\u00f3n de Sonora, M\u00e9xico y el Mundo de manera oportuna y busca que la libertad de expresi\u00f3n sea real. Visita nuestro medio informativo publicado desde Hermosillo, Sonora. %\" \/>\n<meta name=\"robots\" content=\"index, follow, max-snippet:-1, max-image-preview:large, max-video-preview:-1\" \/>\n<link rel=\"canonical\" href=\"https:\/\/www.sonoraenequipo.com.mx\/cajeme-tienen-bomberos-nuevo-patronato-y-comandante\/\" \/>\n<meta property=\"og:locale\" content=\"es_ES\" \/>\n<meta property=\"og:type\" content=\"article\" \/>\n<meta property=\"og:title\" content=\"Sonora en Equipo. CAJEME. Tienen Bomberos nuevo patronato y comandante Municipios\" \/>\n<meta property=\"og:description\" content=\"\u25baV\u00edctor Ricardo Manosalvas Mena asume el cargo como nuevo Comandante de Bomberos &nbsp; CAJEME.SONORA,MX.\u2500\u2500 \u00a0Con el fin de mejorar las condiciones En Sonora en Equipo publicamos toda la informaci\u00f3n de Sonora, M\u00e9xico y el Mundo de manera oportuna y busca que la libertad de expresi\u00f3n sea real. Visita nuestro medio informativo publicado desde Hermosillo, Sonora. %\" \/>\n<meta property=\"og:url\" content=\"https:\/\/www.sonoraenequipo.com.mx\/cajeme-tienen-bomberos-nuevo-patronato-y-comandante\/\" \/>\n<meta property=\"og:site_name\" content=\"Sonora en Equipo.\" \/>\n<meta property=\"article:publisher\" content=\"https:\/\/www.facebook.com\/SonoraEE\/\" \/>\n<meta property=\"article:author\" content=\"https:\/\/www.facebook.com\/SonoraEE\" \/>\n<meta property=\"article:published_time\" content=\"2022-03-05T18:54:17+00:00\" \/>\n<meta property=\"og:image\" content=\"https:\/\/www.sonoraenequipo.com.mx\/storage\/2022\/03\/bomberos-cajeme.jpg\" \/>\n\t<meta property=\"og:image:width\" content=\"700\" \/>\n\t<meta property=\"og:image:height\" content=\"400\" \/>\n\t<meta property=\"og:image:type\" content=\"image\/jpeg\" \/>\n<meta name=\"author\" content=\"enequipo\" \/>\n<meta name=\"twitter:card\" content=\"summary_large_image\" \/>\n<meta name=\"twitter:creator\" content=\"@sonoraenequipo\" \/>\n<meta name=\"twitter:site\" content=\"@sonoraenequipo\" \/>\n<meta name=\"twitter:label1\" content=\"Escrito por\" \/>\n\t<meta name=\"twitter:data1\" content=\"enequipo\" \/>\n\t<meta name=\"twitter:label2\" content=\"Tiempo de lectura\" \/>\n\t<meta name=\"twitter:data2\" content=\"2 minutos\" \/>\n<script type=\"application\/ld+json\" class=\"yoast-schema-graph\">{\"@context\":\"https:\/\/schema.org\",\"@graph\":[{\"@type\":\"Article\",\"@id\":\"https:\/\/www.sonoraenequipo.com.mx\/cajeme-tienen-bomberos-nuevo-patronato-y-comandante\/#article\",\"isPartOf\":{\"@id\":\"https:\/\/www.sonoraenequipo.com.mx\/cajeme-tienen-bomberos-nuevo-patronato-y-comandante\/\"},\"author\":{\"name\":\"enequipo\",\"@id\":\"https:\/\/www.sonoraenequipo.com.mx\/#\/schema\/person\/50102df0fb23a8fa9e8effad8fa81386\"},\"headline\":\"CAJEME. Tienen Bomberos nuevo patronato y comandante\",\"datePublished\":\"2022-03-05T18:54:17+00:00\",\"mainEntityOfPage\":{\"@id\":\"https:\/\/www.sonoraenequipo.com.mx\/cajeme-tienen-bomberos-nuevo-patronato-y-comandante\/\"},\"wordCount\":239,\"commentCount\":0,\"publisher\":{\"@id\":\"https:\/\/www.sonoraenequipo.com.mx\/#organization\"},\"image\":{\"@id\":\"https:\/\/www.sonoraenequipo.com.mx\/cajeme-tienen-bomberos-nuevo-patronato-y-comandante\/#primaryimage\"},\"thumbnailUrl\":\"https:\/\/www.sonoraenequipo.com.mx\/storage\/2022\/03\/bomberos-cajeme.jpg\",\"keywords\":[\"bomberos\",\"Cajeme\"],\"articleSection\":[\"Municipios\"],\"inLanguage\":\"es\",\"potentialAction\":[{\"@type\":\"CommentAction\",\"name\":\"Comment\",\"target\":[\"https:\/\/www.sonoraenequipo.com.mx\/cajeme-tienen-bomberos-nuevo-patronato-y-comandante\/#respond\"]}]},{\"@type\":\"WebPage\",\"@id\":\"https:\/\/www.sonoraenequipo.com.mx\/cajeme-tienen-bomberos-nuevo-patronato-y-comandante\/\",\"url\":\"https:\/\/www.sonoraenequipo.com.mx\/cajeme-tienen-bomberos-nuevo-patronato-y-comandante\/\",\"name\":\"Sonora en Equipo. CAJEME. Tienen Bomberos nuevo patronato y comandante Municipios\",\"isPartOf\":{\"@id\":\"https:\/\/www.sonoraenequipo.com.mx\/#website\"},\"primaryImageOfPage\":{\"@id\":\"https:\/\/www.sonoraenequipo.com.mx\/cajeme-tienen-bomberos-nuevo-patronato-y-comandante\/#primaryimage\"},\"image\":{\"@id\":\"https:\/\/www.sonoraenequipo.com.mx\/cajeme-tienen-bomberos-nuevo-patronato-y-comandante\/#primaryimage\"},\"thumbnailUrl\":\"https:\/\/www.sonoraenequipo.com.mx\/storage\/2022\/03\/bomberos-cajeme.jpg\",\"datePublished\":\"2022-03-05T18:54:17+00:00\",\"description\":\"\u25baV\u00edctor Ricardo Manosalvas Mena asume el cargo como nuevo Comandante de Bomberos &nbsp; CAJEME.SONORA,MX.\u2500\u2500 \u00a0Con el fin de mejorar las condiciones En Sonora en Equipo publicamos toda la informaci\u00f3n de Sonora, M\u00e9xico y el Mundo de manera oportuna y busca que la libertad de expresi\u00f3n sea real. Visita nuestro medio informativo publicado desde Hermosillo, Sonora. %\",\"breadcrumb\":{\"@id\":\"https:\/\/www.sonoraenequipo.com.mx\/cajeme-tienen-bomberos-nuevo-patronato-y-comandante\/#breadcrumb\"},\"inLanguage\":\"es\",\"potentialAction\":[{\"@type\":\"ReadAction\",\"target\":[\"https:\/\/www.sonoraenequipo.com.mx\/cajeme-tienen-bomberos-nuevo-patronato-y-comandante\/\"]}]},{\"@type\":\"ImageObject\",\"inLanguage\":\"es\",\"@id\":\"https:\/\/www.sonoraenequipo.com.mx\/cajeme-tienen-bomberos-nuevo-patronato-y-comandante\/#primaryimage\",\"url\":\"https:\/\/www.sonoraenequipo.com.mx\/storage\/2022\/03\/bomberos-cajeme.jpg\",\"contentUrl\":\"https:\/\/www.sonoraenequipo.com.mx\/storage\/2022\/03\/bomberos-cajeme.jpg\",\"width\":700,\"height\":400},{\"@type\":\"BreadcrumbList\",\"@id\":\"https:\/\/www.sonoraenequipo.com.mx\/cajeme-tienen-bomberos-nuevo-patronato-y-comandante\/#breadcrumb\",\"itemListElement\":[{\"@type\":\"ListItem\",\"position\":1,\"name\":\"Portada\",\"item\":\"https:\/\/www.sonoraenequipo.com.mx\/\"},{\"@type\":\"ListItem\",\"position\":2,\"name\":\"CAJEME. Tienen Bomberos nuevo patronato y comandante\"}]},{\"@type\":\"WebSite\",\"@id\":\"https:\/\/www.sonoraenequipo.com.mx\/#website\",\"url\":\"https:\/\/www.sonoraenequipo.com.mx\/\",\"name\":\"Sonora en Equipo.\",\"description\":\"Diario en l\u00ednea con Noticias desde Hermosillo, Sonora\",\"publisher\":{\"@id\":\"https:\/\/www.sonoraenequipo.com.mx\/#organization\"},\"potentialAction\":[{\"@type\":\"SearchAction\",\"target\":{\"@type\":\"EntryPoint\",\"urlTemplate\":\"https:\/\/www.sonoraenequipo.com.mx\/?s={search_term_string}\"},\"query-input\":{\"@type\":\"PropertyValueSpecification\",\"valueRequired\":true,\"valueName\":\"search_term_string\"}}],\"inLanguage\":\"es\"},{\"@type\":\"Organization\",\"@id\":\"https:\/\/www.sonoraenequipo.com.mx\/#organization\",\"name\":\"Sonoraenequipo.com.mx\",\"url\":\"https:\/\/www.sonoraenequipo.com.mx\/\",\"logo\":{\"@type\":\"ImageObject\",\"inLanguage\":\"es\",\"@id\":\"https:\/\/www.sonoraenequipo.com.mx\/#\/schema\/logo\/image\/\",\"url\":\"https:\/\/www.sonoraenequipo.com.mx\/storage\/2019\/01\/sonoraenequipo_opt.png\",\"contentUrl\":\"https:\/\/www.sonoraenequipo.com.mx\/storage\/2019\/01\/sonoraenequipo_opt.png\",\"width\":375,\"height\":125,\"caption\":\"Sonoraenequipo.com.mx\"},\"image\":{\"@id\":\"https:\/\/www.sonoraenequipo.com.mx\/#\/schema\/logo\/image\/\"},\"sameAs\":[\"https:\/\/www.facebook.com\/SonoraEE\/\",\"https:\/\/x.com\/sonoraenequipo\",\"https:\/\/www.youtube.com\/channel\/UC338nW-lPEYmJQs4ZABQ1SQ\"]},{\"@type\":\"Person\",\"@id\":\"https:\/\/www.sonoraenequipo.com.mx\/#\/schema\/person\/50102df0fb23a8fa9e8effad8fa81386\",\"name\":\"enequipo\",\"image\":{\"@type\":\"ImageObject\",\"inLanguage\":\"es\",\"@id\":\"https:\/\/www.sonoraenequipo.com.mx\/#\/schema\/person\/image\/\",\"url\":\"https:\/\/secure.gravatar.com\/avatar\/049821681b589dabc0bc20695993ccebb09f5b5d4d790cd9251b97faac7c652b?s=96&d=blank&r=g\",\"contentUrl\":\"https:\/\/secure.gravatar.com\/avatar\/049821681b589dabc0bc20695993ccebb09f5b5d4d790cd9251b97faac7c652b?s=96&d=blank&r=g\",\"caption\":\"enequipo\"},\"sameAs\":[\"https:\/\/www.facebook.com\/SonoraEE\"]}]}<\/script>\n ","yoast_head_json":{"title":"Sonora en Equipo. CAJEME. Tienen Bomberos nuevo patronato y comandante Municipios","description":"\u25baV\u00edctor Ricardo Manosalvas Mena asume el cargo como nuevo Comandante de Bomberos &nbsp; CAJEME.SONORA,MX.\u2500\u2500 \u00a0Con el fin de mejorar las condiciones En Sonora en Equipo publicamos toda la informaci\u00f3n de Sonora, M\u00e9xico y el Mundo de manera oportuna y busca que la libertad de expresi\u00f3n sea real. Visita nuestro medio informativo publicado desde Hermosillo, Sonora. %","robots":{"index":"index","follow":"follow","max-snippet":"max-snippet:-1","max-image-preview":"max-image-preview:large","max-video-preview":"max-video-preview:-1"},"canonical":"https:\/\/www.sonoraenequipo.com.mx\/cajeme-tienen-bomberos-nuevo-patronato-y-comandante\/","og_locale":"es_ES","og_type":"article","og_title":"Sonora en Equipo. CAJEME. Tienen Bomberos nuevo patronato y comandante Municipios","og_description":"\u25baV\u00edctor Ricardo Manosalvas Mena asume el cargo como nuevo Comandante de Bomberos &nbsp; CAJEME.SONORA,MX.\u2500\u2500 \u00a0Con el fin de mejorar las condiciones En Sonora en Equipo publicamos toda la informaci\u00f3n de Sonora, M\u00e9xico y el Mundo de manera oportuna y busca que la libertad de expresi\u00f3n sea real. Visita nuestro medio informativo publicado desde Hermosillo, Sonora. %","og_url":"https:\/\/www.sonoraenequipo.com.mx\/cajeme-tienen-bomberos-nuevo-patronato-y-comandante\/","og_site_name":"Sonora en Equipo.","article_publisher":"https:\/\/www.facebook.com\/SonoraEE\/","article_author":"https:\/\/www.facebook.com\/SonoraEE","article_published_time":"2022-03-05T18:54:17+00:00","og_image":[{"width":700,"height":400,"url":"https:\/\/www.sonoraenequipo.com.mx\/storage\/2022\/03\/bomberos-cajeme.jpg","type":"image\/jpeg"}],"author":"enequipo","twitter_card":"summary_large_image","twitter_creator":"@sonoraenequipo","twitter_site":"@sonoraenequipo","twitter_misc":{"Escrito por":"enequipo","Tiempo de lectura":"2 minutos"},"schema":{"@context":"https:\/\/schema.org","@graph":[{"@type":"Article","@id":"https:\/\/www.sonoraenequipo.com.mx\/cajeme-tienen-bomberos-nuevo-patronato-y-comandante\/#article","isPartOf":{"@id":"https:\/\/www.sonoraenequipo.com.mx\/cajeme-tienen-bomberos-nuevo-patronato-y-comandante\/"},"author":{"name":"enequipo","@id":"https:\/\/www.sonoraenequipo.com.mx\/#\/schema\/person\/50102df0fb23a8fa9e8effad8fa81386"},"headline":"CAJEME. Tienen Bomberos nuevo patronato y comandante","datePublished":"2022-03-05T18:54:17+00:00","mainEntityOfPage":{"@id":"https:\/\/www.sonoraenequipo.com.mx\/cajeme-tienen-bomberos-nuevo-patronato-y-comandante\/"},"wordCount":239,"commentCount":0,"publisher":{"@id":"https:\/\/www.sonoraenequipo.com.mx\/#organization"},"image":{"@id":"https:\/\/www.sonoraenequipo.com.mx\/cajeme-tienen-bomberos-nuevo-patronato-y-comandante\/#primaryimage"},"thumbnailUrl":"https:\/\/www.sonoraenequipo.com.mx\/storage\/2022\/03\/bomberos-cajeme.jpg","keywords":["bomberos","Cajeme"],"articleSection":["Municipios"],"inLanguage":"es","potentialAction":[{"@type":"CommentAction","name":"Comment","target":["https:\/\/www.sonoraenequipo.com.mx\/cajeme-tienen-bomberos-nuevo-patronato-y-comandante\/#respond"]}]},{"@type":"WebPage","@id":"https:\/\/www.sonoraenequipo.com.mx\/cajeme-tienen-bomberos-nuevo-patronato-y-comandante\/","url":"https:\/\/www.sonoraenequipo.com.mx\/cajeme-tienen-bomberos-nuevo-patronato-y-comandante\/","name":"Sonora en Equipo. CAJEME. Tienen Bomberos nuevo patronato y comandante Municipios","isPartOf":{"@id":"https:\/\/www.sonoraenequipo.com.mx\/#website"},"primaryImageOfPage":{"@id":"https:\/\/www.sonoraenequipo.com.mx\/cajeme-tienen-bomberos-nuevo-patronato-y-comandante\/#primaryimage"},"image":{"@id":"https:\/\/www.sonoraenequipo.com.mx\/cajeme-tienen-bomberos-nuevo-patronato-y-comandante\/#primaryimage"},"thumbnailUrl":"https:\/\/www.sonoraenequipo.com.mx\/storage\/2022\/03\/bomberos-cajeme.jpg","datePublished":"2022-03-05T18:54:17+00:00","description":"\u25baV\u00edctor Ricardo Manosalvas Mena asume el cargo como nuevo Comandante de Bomberos &nbsp; CAJEME.SONORA,MX.\u2500\u2500 \u00a0Con el fin de mejorar las condiciones En Sonora en Equipo publicamos toda la informaci\u00f3n de Sonora, M\u00e9xico y el Mundo de manera oportuna y busca que la libertad de expresi\u00f3n sea real. Visita nuestro medio informativo publicado desde Hermosillo, Sonora. %","breadcrumb":{"@id":"https:\/\/www.sonoraenequipo.com.mx\/cajeme-tienen-bomberos-nuevo-patronato-y-comandante\/#breadcrumb"},"inLanguage":"es","potentialAction":[{"@type":"ReadAction","target":["https:\/\/www.sonoraenequipo.com.mx\/cajeme-tienen-bomberos-nuevo-patronato-y-comandante\/"]}]},{"@type":"ImageObject","inLanguage":"es","@id":"https:\/\/www.sonoraenequipo.com.mx\/cajeme-tienen-bomberos-nuevo-patronato-y-comandante\/#primaryimage","url":"https:\/\/www.sonoraenequipo.com.mx\/storage\/2022\/03\/bomberos-cajeme.jpg","contentUrl":"https:\/\/www.sonoraenequipo.com.mx\/storage\/2022\/03\/bomberos-cajeme.jpg","width":700,"height":400},{"@type":"BreadcrumbList","@id":"https:\/\/www.sonoraenequipo.com.mx\/cajeme-tienen-bomberos-nuevo-patronato-y-comandante\/#breadcrumb","itemListElement":[{"@type":"ListItem","position":1,"name":"Portada","item":"https:\/\/www.sonoraenequipo.com.mx\/"},{"@type":"ListItem","position":2,"name":"CAJEME. Tienen Bomberos nuevo patronato y comandante"}]},{"@type":"WebSite","@id":"https:\/\/www.sonoraenequipo.com.mx\/#website","url":"https:\/\/www.sonoraenequipo.com.mx\/","name":"Sonora en Equipo.","description":"Diario en l\u00ednea con Noticias desde Hermosillo, Sonora","publisher":{"@id":"https:\/\/www.sonoraenequipo.com.mx\/#organization"},"potentialAction":[{"@type":"SearchAction","target":{"@type":"EntryPoint","urlTemplate":"https:\/\/www.sonoraenequipo.com.mx\/?s={search_term_string}"},"query-input":{"@type":"PropertyValueSpecification","valueRequired":true,"valueName":"search_term_string"}}],"inLanguage":"es"},{"@type":"Organization","@id":"https:\/\/www.sonoraenequipo.com.mx\/#organization","name":"Sonoraenequipo.com.mx","url":"https:\/\/www.sonoraenequipo.com.mx\/","logo":{"@type":"ImageObject","inLanguage":"es","@id":"https:\/\/www.sonoraenequipo.com.mx\/#\/schema\/logo\/image\/","url":"https:\/\/www.sonoraenequipo.com.mx\/storage\/2019\/01\/sonoraenequipo_opt.png","contentUrl":"https:\/\/www.sonoraenequipo.com.mx\/storage\/2019\/01\/sonoraenequipo_opt.png","width":375,"height":125,"caption":"Sonoraenequipo.com.mx"},"image":{"@id":"https:\/\/www.sonoraenequipo.com.mx\/#\/schema\/logo\/image\/"},"sameAs":["https:\/\/www.facebook.com\/SonoraEE\/","https:\/\/x.com\/sonoraenequipo","https:\/\/www.youtube.com\/channel\/UC338nW-lPEYmJQs4ZABQ1SQ"]},{"@type":"Person","@id":"https:\/\/www.sonoraenequipo.com.mx\/#\/schema\/person\/50102df0fb23a8fa9e8effad8fa81386","name":"enequipo","image":{"@type":"ImageObject","inLanguage":"es","@id":"https:\/\/www.sonoraenequipo.com.mx\/#\/schema\/person\/image\/","url":"https:\/\/secure.gravatar.com\/avatar\/049821681b589dabc0bc20695993ccebb09f5b5d4d790cd9251b97faac7c652b?s=96&d=blank&r=g","contentUrl":"https:\/\/secure.gravatar.com\/avatar\/049821681b589dabc0bc20695993ccebb09f5b5d4d790cd9251b97faac7c652b?s=96&d=blank&r=g","caption":"enequipo"},"sameAs":["https:\/\/www.facebook.com\/SonoraEE"]}]}},"jetpack_featured_media_url":"https:\/\/www.sonoraenequipo.com.mx\/storage\/2022\/03\/bomberos-cajeme.jpg","_links":{"self":[{"href":"https:\/\/www.sonoraenequipo.com.mx\/api\/wp\/v2\/posts\/134313","targetHints":{"allow":["GET"]}}],"collection":[{"href":"https:\/\/www.sonoraenequipo.com.mx\/api\/wp\/v2\/posts"}],"about":[{"href":"https:\/\/www.sonoraenequipo.com.mx\/api\/wp\/v2\/types\/post"}],"author":[{"embeddable":true,"href":"https:\/\/www.sonoraenequipo.com.mx\/api\/wp\/v2\/users\/1"}],"replies":[{"embeddable":true,"href":"https:\/\/www.sonoraenequipo.com.mx\/api\/wp\/v2\/comments?post=134313"}],"version-history":[{"count":1,"href":"https:\/\/www.sonoraenequipo.com.mx\/api\/wp\/v2\/posts\/134313\/revisions"}],"predecessor-version":[{"id":134314,"href":"https:\/\/www.sonoraenequipo.com.mx\/api\/wp\/v2\/posts\/134313\/revisions\/134314"}],"wp:featuredmedia":[{"embeddable":true,"href":"https:\/\/www.sonoraenequipo.com.mx\/api\/wp\/v2\/media\/134312"}],"wp:attachment":[{"href":"https:\/\/www.sonoraenequipo.com.mx\/api\/wp\/v2\/media?parent=134313"}],"wp:term":[{"taxonomy":"category","embeddable":true,"href":"https:\/\/www.sonoraenequipo.com.mx\/api\/wp\/v2\/categories?post=134313"},{"taxonomy":"post_tag","embeddable":true,"href":"https:\/\/www.sonoraenequipo.com.mx\/api\/wp\/v2\/tags?post=134313"}],"curies":[{"name":"wp","href":"https:\/\/api.w.org\/{rel}","templated":true}]}}