{"id":134315,"date":"2022-03-05T12:41:35","date_gmt":"2022-03-05T19:41:35","guid":{"rendered":"https:\/\/www.sonoraenequipo.com.mx\/?p=134315"},"modified":"2022-03-05T12:41:35","modified_gmt":"2022-03-05T19:41:35","slug":"expone-alcalde-astiazaran-su-plan-de-seguridad-a-familias-del-norte-de-hermosillo","status":"publish","type":"post","link":"https:\/\/www.sonoraenequipo.com.mx\/expone-alcalde-astiazaran-su-plan-de-seguridad-a-familias-del-norte-de-hermosillo\/","title":{"rendered":"Expone alcalde Astiazar\u00e1n su plan de seguridad a familias del norte de Hermosillo"},"content":{"rendered":"<p>HERMOSILLO, SONORA,MX.\u2500\u2500 \u00a0El presidente municipal de Hermosillo,Antonio Astiazar\u00e1n Guti\u00e9rrez sostuvo ayer \u00a0un encuentro con familias del norte de Hermosillo para platicar sobre las estrategias de seguridad como CERTIPOL, est\u00edmulos econ\u00f3micos, unidades el\u00e9ctricas para patrullaje y el programa Whats App en tu colonia para los Comit\u00e9s CRECES<\/p>\n<p>. \u00abHay qu\u00e9 premiar a los que dan resultados y hay qu\u00e9 reconocer el trabajo de quienes exponen a diario su vida por la seguridad de nosotros. \u00bb El Presidente Municipal, platic\u00f3 con los nuevos integrantes de los Comit\u00e9s CRECES, sobre las estrategias en materia de seguridad que su administraci\u00f3n implementa, en las que destac\u00f3 el programa Whats App en tu colonia, donde integrantes de los Comit\u00e9s Vecinales mantienen un contacto directo con los oficiales responsables de la zona.<\/p>\n<p>Fue a trav\u00e9s de un acercamiento en el Parque P\u00fablico Solidaridad, donde vecinos abordaron las necesidades que enfrenta el sector y calificaron la seguridad como uno de los temas primordiales para las familias que buscan desenvolverse en un entorno tranquilo.<\/p>\n<p>&nbsp;<\/p>\n<p>\u00abEn campa\u00f1a, las familias me dec\u00edan que no sab\u00edan qu\u00e9 oficial estaba a cargo de la seguridad de la colonia y por eso para m\u00ed son muy importante los chats que estamos habilitando en las colonias con los elementos de la Polic\u00eda Municipal encargados de las zonas, para que tengan una comunicaci\u00f3n directa\u00bb, agreg\u00f3.<\/p>\n<p>Rindieron protesta como presidentes:<\/p>\n<p>*Zoila Josefina C\u00f3rdova, Solidaridad Etapa II<\/p>\n<p>*Mercedes Alvarado Ch\u00e1vez, Solidaridad Etapa IV, Sierra del Caj\u00f3n<\/p>\n<p>*Blanca Grijalva, Solidaridad Etapa IV, Campo Verde<\/p>\n<p>*Gloria Irma Saucedo, Solidaridad Etapa IV, Bols\u00f3n de Mapim\u00ed<\/p>\n<p>*Rosenda del Carmen, G\u00f3mez Mor\u00edn<\/p>\n<p>*Alma Lidia Fimbres, de Valle del Portal, Cerrada Horcones<\/p>\n<p>*Mar\u00eda Candelaria Tierra Blanca, Valle del Portal, Cerrada Tejas<\/p>\n<p>*Mar\u00eda Moncerrat Sierra, Invasi\u00f3n Francisco Romero<\/p>\n<p>*Miguel Valencia Garc\u00eda, Invasi\u00f3n Francisco Romero Norte<\/p>\n<p>*Andr\u00e9s Ramos, Tierra Colorada.<\/p>\n<p>Fecha de publicaci\u00f3n: s\u00e1bado \/ 5 \/ marzo \/ 2022 \/<\/p>\n<p>&nbsp;<\/p>\n","protected":false},"excerpt":{"rendered":"<p>HERMOSILLO, SONORA,MX.\u2500\u2500 \u00a0El presidente municipal de Hermosillo,Antonio Astiazar\u00e1n Guti\u00e9rrez sostuvo ayer \u00a0un encuentro con familias&#8230;<\/p>\n","protected":false},"author":4,"featured_media":134318,"comment_status":"open","ping_status":"open","sticky":false,"template":"","format":"standard","meta":{"_monsterinsights_skip_tracking":false,"_monsterinsights_sitenote_active":false,"_monsterinsights_sitenote_note":"","_monsterinsights_sitenote_category":0,"footnotes":""},"categories":[4],"tags":[6849,6209,35],"class_list":["post"],"yoast_head":" \n<title>Sonora en Equipo. Expone alcalde Astiazar\u00e1n su plan de seguridad a familias del norte de Hermosillo Municipios<\/title>\n<meta name=\"description\" content=\"HERMOSILLO, SONORA,MX.\u2500\u2500 \u00a0El presidente municipal de Hermosillo,Antonio Astiazar\u00e1n Guti\u00e9rrez sostuvo ayer \u00a0un encuentro con familias del norte de En Sonora en Equipo publicamos toda la informaci\u00f3n de Sonora, M\u00e9xico y el Mundo de manera oportuna y busca que la libertad de expresi\u00f3n sea real. Visita nuestro medio informativo publicado desde Hermosillo, Sonora. %\" \/>\n<meta name=\"robots\" content=\"index, follow, max-snippet:-1, max-image-preview:large, max-video-preview:-1\" \/>\n<link rel=\"canonical\" href=\"https:\/\/www.sonoraenequipo.com.mx\/expone-alcalde-astiazaran-su-plan-de-seguridad-a-familias-del-norte-de-hermosillo\/\" \/>\n<meta property=\"og:locale\" content=\"es_ES\" \/>\n<meta property=\"og:type\" content=\"article\" \/>\n<meta property=\"og:title\" content=\"Sonora en Equipo. Expone alcalde Astiazar\u00e1n su plan de seguridad a familias del norte de Hermosillo Municipios\" \/>\n<meta property=\"og:description\" content=\"HERMOSILLO, SONORA,MX.\u2500\u2500 \u00a0El presidente municipal de Hermosillo,Antonio Astiazar\u00e1n Guti\u00e9rrez sostuvo ayer \u00a0un encuentro con familias del norte de En Sonora en Equipo publicamos toda la informaci\u00f3n de Sonora, M\u00e9xico y el Mundo de manera oportuna y busca que la libertad de expresi\u00f3n sea real. Visita nuestro medio informativo publicado desde Hermosillo, Sonora. %\" \/>\n<meta property=\"og:url\" content=\"https:\/\/www.sonoraenequipo.com.mx\/expone-alcalde-astiazaran-su-plan-de-seguridad-a-familias-del-norte-de-hermosillo\/\" \/>\n<meta property=\"og:site_name\" content=\"Sonora en Equipo.\" \/>\n<meta property=\"article:publisher\" content=\"https:\/\/www.facebook.com\/SonoraEE\/\" \/>\n<meta property=\"article:published_time\" content=\"2022-03-05T19:41:35+00:00\" \/>\n<meta property=\"og:image\" content=\"https:\/\/www.sonoraenequipo.com.mx\/storage\/2022\/03\/creces.jpg\" \/>\n\t<meta property=\"og:image:width\" content=\"700\" \/>\n\t<meta property=\"og:image:height\" content=\"400\" \/>\n\t<meta property=\"og:image:type\" content=\"image\/jpeg\" \/>\n<meta name=\"author\" content=\"Redacci\u00f3n\" \/>\n<meta name=\"twitter:card\" content=\"summary_large_image\" \/>\n<meta name=\"twitter:creator\" content=\"@sonoraenequipo\" \/>\n<meta name=\"twitter:site\" content=\"@sonoraenequipo\" \/>\n<meta name=\"twitter:label1\" content=\"Escrito por\" \/>\n\t<meta name=\"twitter:data1\" content=\"Redacci\u00f3n\" \/>\n\t<meta name=\"twitter:label2\" content=\"Tiempo de lectura\" \/>\n\t<meta name=\"twitter:data2\" content=\"2 minutos\" \/>\n<script type=\"application\/ld+json\" class=\"yoast-schema-graph\">{\"@context\":\"https:\/\/schema.org\",\"@graph\":[{\"@type\":\"Article\",\"@id\":\"https:\/\/www.sonoraenequipo.com.mx\/expone-alcalde-astiazaran-su-plan-de-seguridad-a-familias-del-norte-de-hermosillo\/#article\",\"isPartOf\":{\"@id\":\"https:\/\/www.sonoraenequipo.com.mx\/expone-alcalde-astiazaran-su-plan-de-seguridad-a-familias-del-norte-de-hermosillo\/\"},\"author\":{\"name\":\"Redacci\u00f3n\",\"@id\":\"https:\/\/www.sonoraenequipo.com.mx\/#\/schema\/person\/3e506c30006ba6091952ed27b4accc26\"},\"headline\":\"Expone alcalde Astiazar\u00e1n su plan de seguridad a familias del norte de Hermosillo\",\"datePublished\":\"2022-03-05T19:41:35+00:00\",\"mainEntityOfPage\":{\"@id\":\"https:\/\/www.sonoraenequipo.com.mx\/expone-alcalde-astiazaran-su-plan-de-seguridad-a-familias-del-norte-de-hermosillo\/\"},\"wordCount\":345,\"commentCount\":0,\"publisher\":{\"@id\":\"https:\/\/www.sonoraenequipo.com.mx\/#organization\"},\"image\":{\"@id\":\"https:\/\/www.sonoraenequipo.com.mx\/expone-alcalde-astiazaran-su-plan-de-seguridad-a-familias-del-norte-de-hermosillo\/#primaryimage\"},\"thumbnailUrl\":\"https:\/\/www.sonoraenequipo.com.mx\/storage\/2022\/03\/creces.jpg\",\"keywords\":[\"comites\",\"creces\",\"hermosillo\"],\"articleSection\":[\"Municipios\"],\"inLanguage\":\"es\",\"potentialAction\":[{\"@type\":\"CommentAction\",\"name\":\"Comment\",\"target\":[\"https:\/\/www.sonoraenequipo.com.mx\/expone-alcalde-astiazaran-su-plan-de-seguridad-a-familias-del-norte-de-hermosillo\/#respond\"]}]},{\"@type\":\"WebPage\",\"@id\":\"https:\/\/www.sonoraenequipo.com.mx\/expone-alcalde-astiazaran-su-plan-de-seguridad-a-familias-del-norte-de-hermosillo\/\",\"url\":\"https:\/\/www.sonoraenequipo.com.mx\/expone-alcalde-astiazaran-su-plan-de-seguridad-a-familias-del-norte-de-hermosillo\/\",\"name\":\"Sonora en Equipo. Expone alcalde Astiazar\u00e1n su plan de seguridad a familias del norte de Hermosillo Municipios\",\"isPartOf\":{\"@id\":\"https:\/\/www.sonoraenequipo.com.mx\/#website\"},\"primaryImageOfPage\":{\"@id\":\"https:\/\/www.sonoraenequipo.com.mx\/expone-alcalde-astiazaran-su-plan-de-seguridad-a-familias-del-norte-de-hermosillo\/#primaryimage\"},\"image\":{\"@id\":\"https:\/\/www.sonoraenequipo.com.mx\/expone-alcalde-astiazaran-su-plan-de-seguridad-a-familias-del-norte-de-hermosillo\/#primaryimage\"},\"thumbnailUrl\":\"https:\/\/www.sonoraenequipo.com.mx\/storage\/2022\/03\/creces.jpg\",\"datePublished\":\"2022-03-05T19:41:35+00:00\",\"description\":\"HERMOSILLO, SONORA,MX.\u2500\u2500 \u00a0El presidente municipal de Hermosillo,Antonio Astiazar\u00e1n Guti\u00e9rrez sostuvo ayer \u00a0un encuentro con familias del norte de En Sonora en Equipo publicamos toda la informaci\u00f3n de Sonora, M\u00e9xico y el Mundo de manera oportuna y busca que la libertad de expresi\u00f3n sea real. Visita nuestro medio informativo publicado desde Hermosillo, Sonora. %\",\"breadcrumb\":{\"@id\":\"https:\/\/www.sonoraenequipo.com.mx\/expone-alcalde-astiazaran-su-plan-de-seguridad-a-familias-del-norte-de-hermosillo\/#breadcrumb\"},\"inLanguage\":\"es\",\"potentialAction\":[{\"@type\":\"ReadAction\",\"target\":[\"https:\/\/www.sonoraenequipo.com.mx\/expone-alcalde-astiazaran-su-plan-de-seguridad-a-familias-del-norte-de-hermosillo\/\"]}]},{\"@type\":\"ImageObject\",\"inLanguage\":\"es\",\"@id\":\"https:\/\/www.sonoraenequipo.com.mx\/expone-alcalde-astiazaran-su-plan-de-seguridad-a-familias-del-norte-de-hermosillo\/#primaryimage\",\"url\":\"https:\/\/www.sonoraenequipo.com.mx\/storage\/2022\/03\/creces.jpg\",\"contentUrl\":\"https:\/\/www.sonoraenequipo.com.mx\/storage\/2022\/03\/creces.jpg\",\"width\":700,\"height\":400},{\"@type\":\"BreadcrumbList\",\"@id\":\"https:\/\/www.sonoraenequipo.com.mx\/expone-alcalde-astiazaran-su-plan-de-seguridad-a-familias-del-norte-de-hermosillo\/#breadcrumb\",\"itemListElement\":[{\"@type\":\"ListItem\",\"position\":1,\"name\":\"Portada\",\"item\":\"https:\/\/www.sonoraenequipo.com.mx\/\"},{\"@type\":\"ListItem\",\"position\":2,\"name\":\"Expone alcalde Astiazar\u00e1n su plan de seguridad a familias del norte de Hermosillo\"}]},{\"@type\":\"WebSite\",\"@id\":\"https:\/\/www.sonoraenequipo.com.mx\/#website\",\"url\":\"https:\/\/www.sonoraenequipo.com.mx\/\",\"name\":\"Sonora en Equipo.\",\"description\":\"Diario en l\u00ednea con Noticias desde Hermosillo, Sonora\",\"publisher\":{\"@id\":\"https:\/\/www.sonoraenequipo.com.mx\/#organization\"},\"potentialAction\":[{\"@type\":\"SearchAction\",\"target\":{\"@type\":\"EntryPoint\",\"urlTemplate\":\"https:\/\/www.sonoraenequipo.com.mx\/?s={search_term_string}\"},\"query-input\":{\"@type\":\"PropertyValueSpecification\",\"valueRequired\":true,\"valueName\":\"search_term_string\"}}],\"inLanguage\":\"es\"},{\"@type\":\"Organization\",\"@id\":\"https:\/\/www.sonoraenequipo.com.mx\/#organization\",\"name\":\"Sonoraenequipo.com.mx\",\"url\":\"https:\/\/www.sonoraenequipo.com.mx\/\",\"logo\":{\"@type\":\"ImageObject\",\"inLanguage\":\"es\",\"@id\":\"https:\/\/www.sonoraenequipo.com.mx\/#\/schema\/logo\/image\/\",\"url\":\"https:\/\/www.sonoraenequipo.com.mx\/storage\/2019\/01\/sonoraenequipo_opt.png\",\"contentUrl\":\"https:\/\/www.sonoraenequipo.com.mx\/storage\/2019\/01\/sonoraenequipo_opt.png\",\"width\":375,\"height\":125,\"caption\":\"Sonoraenequipo.com.mx\"},\"image\":{\"@id\":\"https:\/\/www.sonoraenequipo.com.mx\/#\/schema\/logo\/image\/\"},\"sameAs\":[\"https:\/\/www.facebook.com\/SonoraEE\/\",\"https:\/\/x.com\/sonoraenequipo\",\"https:\/\/www.youtube.com\/channel\/UC338nW-lPEYmJQs4ZABQ1SQ\"]},{\"@type\":\"Person\",\"@id\":\"https:\/\/www.sonoraenequipo.com.mx\/#\/schema\/person\/3e506c30006ba6091952ed27b4accc26\",\"name\":\"Redacci\u00f3n\",\"image\":{\"@type\":\"ImageObject\",\"inLanguage\":\"es\",\"@id\":\"https:\/\/www.sonoraenequipo.com.mx\/#\/schema\/person\/image\/\",\"url\":\"https:\/\/secure.gravatar.com\/avatar\/9e8091cd4065893f14e161ece1f64c54b09b76c20d7d73609bb6e3387d3bdb75?s=96&d=blank&r=g\",\"contentUrl\":\"https:\/\/secure.gravatar.com\/avatar\/9e8091cd4065893f14e161ece1f64c54b09b76c20d7d73609bb6e3387d3bdb75?s=96&d=blank&r=g\",\"caption\":\"Redacci\u00f3n\"},\"sameAs\":[\"http:\/\/www.sonoraenequipo.com\"]}]}<\/script>\n ","yoast_head_json":{"title":"Sonora en Equipo. Expone alcalde Astiazar\u00e1n su plan de seguridad a familias del norte de Hermosillo Municipios","description":"HERMOSILLO, SONORA,MX.\u2500\u2500 \u00a0El presidente municipal de Hermosillo,Antonio Astiazar\u00e1n Guti\u00e9rrez sostuvo ayer \u00a0un encuentro con familias del norte de En Sonora en Equipo publicamos toda la informaci\u00f3n de Sonora, M\u00e9xico y el Mundo de manera oportuna y busca que la libertad de expresi\u00f3n sea real. Visita nuestro medio informativo publicado desde Hermosillo, Sonora. %","robots":{"index":"index","follow":"follow","max-snippet":"max-snippet:-1","max-image-preview":"max-image-preview:large","max-video-preview":"max-video-preview:-1"},"canonical":"https:\/\/www.sonoraenequipo.com.mx\/expone-alcalde-astiazaran-su-plan-de-seguridad-a-familias-del-norte-de-hermosillo\/","og_locale":"es_ES","og_type":"article","og_title":"Sonora en Equipo. Expone alcalde Astiazar\u00e1n su plan de seguridad a familias del norte de Hermosillo Municipios","og_description":"HERMOSILLO, SONORA,MX.\u2500\u2500 \u00a0El presidente municipal de Hermosillo,Antonio Astiazar\u00e1n Guti\u00e9rrez sostuvo ayer \u00a0un encuentro con familias del norte de En Sonora en Equipo publicamos toda la informaci\u00f3n de Sonora, M\u00e9xico y el Mundo de manera oportuna y busca que la libertad de expresi\u00f3n sea real. Visita nuestro medio informativo publicado desde Hermosillo, Sonora. %","og_url":"https:\/\/www.sonoraenequipo.com.mx\/expone-alcalde-astiazaran-su-plan-de-seguridad-a-familias-del-norte-de-hermosillo\/","og_site_name":"Sonora en Equipo.","article_publisher":"https:\/\/www.facebook.com\/SonoraEE\/","article_published_time":"2022-03-05T19:41:35+00:00","og_image":[{"width":700,"height":400,"url":"https:\/\/www.sonoraenequipo.com.mx\/storage\/2022\/03\/creces.jpg","type":"image\/jpeg"}],"author":"Redacci\u00f3n","twitter_card":"summary_large_image","twitter_creator":"@sonoraenequipo","twitter_site":"@sonoraenequipo","twitter_misc":{"Escrito por":"Redacci\u00f3n","Tiempo de lectura":"2 minutos"},"schema":{"@context":"https:\/\/schema.org","@graph":[{"@type":"Article","@id":"https:\/\/www.sonoraenequipo.com.mx\/expone-alcalde-astiazaran-su-plan-de-seguridad-a-familias-del-norte-de-hermosillo\/#article","isPartOf":{"@id":"https:\/\/www.sonoraenequipo.com.mx\/expone-alcalde-astiazaran-su-plan-de-seguridad-a-familias-del-norte-de-hermosillo\/"},"author":{"name":"Redacci\u00f3n","@id":"https:\/\/www.sonoraenequipo.com.mx\/#\/schema\/person\/3e506c30006ba6091952ed27b4accc26"},"headline":"Expone alcalde Astiazar\u00e1n su plan de seguridad a familias del norte de Hermosillo","datePublished":"2022-03-05T19:41:35+00:00","mainEntityOfPage":{"@id":"https:\/\/www.sonoraenequipo.com.mx\/expone-alcalde-astiazaran-su-plan-de-seguridad-a-familias-del-norte-de-hermosillo\/"},"wordCount":345,"commentCount":0,"publisher":{"@id":"https:\/\/www.sonoraenequipo.com.mx\/#organization"},"image":{"@id":"https:\/\/www.sonoraenequipo.com.mx\/expone-alcalde-astiazaran-su-plan-de-seguridad-a-familias-del-norte-de-hermosillo\/#primaryimage"},"thumbnailUrl":"https:\/\/www.sonoraenequipo.com.mx\/storage\/2022\/03\/creces.jpg","keywords":["comites","creces","hermosillo"],"articleSection":["Municipios"],"inLanguage":"es","potentialAction":[{"@type":"CommentAction","name":"Comment","target":["https:\/\/www.sonoraenequipo.com.mx\/expone-alcalde-astiazaran-su-plan-de-seguridad-a-familias-del-norte-de-hermosillo\/#respond"]}]},{"@type":"WebPage","@id":"https:\/\/www.sonoraenequipo.com.mx\/expone-alcalde-astiazaran-su-plan-de-seguridad-a-familias-del-norte-de-hermosillo\/","url":"https:\/\/www.sonoraenequipo.com.mx\/expone-alcalde-astiazaran-su-plan-de-seguridad-a-familias-del-norte-de-hermosillo\/","name":"Sonora en Equipo. Expone alcalde Astiazar\u00e1n su plan de seguridad a familias del norte de Hermosillo Municipios","isPartOf":{"@id":"https:\/\/www.sonoraenequipo.com.mx\/#website"},"primaryImageOfPage":{"@id":"https:\/\/www.sonoraenequipo.com.mx\/expone-alcalde-astiazaran-su-plan-de-seguridad-a-familias-del-norte-de-hermosillo\/#primaryimage"},"image":{"@id":"https:\/\/www.sonoraenequipo.com.mx\/expone-alcalde-astiazaran-su-plan-de-seguridad-a-familias-del-norte-de-hermosillo\/#primaryimage"},"thumbnailUrl":"https:\/\/www.sonoraenequipo.com.mx\/storage\/2022\/03\/creces.jpg","datePublished":"2022-03-05T19:41:35+00:00","description":"HERMOSILLO, SONORA,MX.\u2500\u2500 \u00a0El presidente municipal de Hermosillo,Antonio Astiazar\u00e1n Guti\u00e9rrez sostuvo ayer \u00a0un encuentro con familias del norte de En Sonora en Equipo publicamos toda la informaci\u00f3n de Sonora, M\u00e9xico y el Mundo de manera oportuna y busca que la libertad de expresi\u00f3n sea real. Visita nuestro medio informativo publicado desde Hermosillo, Sonora. %","breadcrumb":{"@id":"https:\/\/www.sonoraenequipo.com.mx\/expone-alcalde-astiazaran-su-plan-de-seguridad-a-familias-del-norte-de-hermosillo\/#breadcrumb"},"inLanguage":"es","potentialAction":[{"@type":"ReadAction","target":["https:\/\/www.sonoraenequipo.com.mx\/expone-alcalde-astiazaran-su-plan-de-seguridad-a-familias-del-norte-de-hermosillo\/"]}]},{"@type":"ImageObject","inLanguage":"es","@id":"https:\/\/www.sonoraenequipo.com.mx\/expone-alcalde-astiazaran-su-plan-de-seguridad-a-familias-del-norte-de-hermosillo\/#primaryimage","url":"https:\/\/www.sonoraenequipo.com.mx\/storage\/2022\/03\/creces.jpg","contentUrl":"https:\/\/www.sonoraenequipo.com.mx\/storage\/2022\/03\/creces.jpg","width":700,"height":400},{"@type":"BreadcrumbList","@id":"https:\/\/www.sonoraenequipo.com.mx\/expone-alcalde-astiazaran-su-plan-de-seguridad-a-familias-del-norte-de-hermosillo\/#breadcrumb","itemListElement":[{"@type":"ListItem","position":1,"name":"Portada","item":"https:\/\/www.sonoraenequipo.com.mx\/"},{"@type":"ListItem","position":2,"name":"Expone alcalde Astiazar\u00e1n su plan de seguridad a familias del norte de Hermosillo"}]},{"@type":"WebSite","@id":"https:\/\/www.sonoraenequipo.com.mx\/#website","url":"https:\/\/www.sonoraenequipo.com.mx\/","name":"Sonora en Equipo.","description":"Diario en l\u00ednea con Noticias desde Hermosillo, Sonora","publisher":{"@id":"https:\/\/www.sonoraenequipo.com.mx\/#organization"},"potentialAction":[{"@type":"SearchAction","target":{"@type":"EntryPoint","urlTemplate":"https:\/\/www.sonoraenequipo.com.mx\/?s={search_term_string}"},"query-input":{"@type":"PropertyValueSpecification","valueRequired":true,"valueName":"search_term_string"}}],"inLanguage":"es"},{"@type":"Organization","@id":"https:\/\/www.sonoraenequipo.com.mx\/#organization","name":"Sonoraenequipo.com.mx","url":"https:\/\/www.sonoraenequipo.com.mx\/","logo":{"@type":"ImageObject","inLanguage":"es","@id":"https:\/\/www.sonoraenequipo.com.mx\/#\/schema\/logo\/image\/","url":"https:\/\/www.sonoraenequipo.com.mx\/storage\/2019\/01\/sonoraenequipo_opt.png","contentUrl":"https:\/\/www.sonoraenequipo.com.mx\/storage\/2019\/01\/sonoraenequipo_opt.png","width":375,"height":125,"caption":"Sonoraenequipo.com.mx"},"image":{"@id":"https:\/\/www.sonoraenequipo.com.mx\/#\/schema\/logo\/image\/"},"sameAs":["https:\/\/www.facebook.com\/SonoraEE\/","https:\/\/x.com\/sonoraenequipo","https:\/\/www.youtube.com\/channel\/UC338nW-lPEYmJQs4ZABQ1SQ"]},{"@type":"Person","@id":"https:\/\/www.sonoraenequipo.com.mx\/#\/schema\/person\/3e506c30006ba6091952ed27b4accc26","name":"Redacci\u00f3n","image":{"@type":"ImageObject","inLanguage":"es","@id":"https:\/\/www.sonoraenequipo.com.mx\/#\/schema\/person\/image\/","url":"https:\/\/secure.gravatar.com\/avatar\/9e8091cd4065893f14e161ece1f64c54b09b76c20d7d73609bb6e3387d3bdb75?s=96&d=blank&r=g","contentUrl":"https:\/\/secure.gravatar.com\/avatar\/9e8091cd4065893f14e161ece1f64c54b09b76c20d7d73609bb6e3387d3bdb75?s=96&d=blank&r=g","caption":"Redacci\u00f3n"},"sameAs":["http:\/\/www.sonoraenequipo.com"]}]}},"jetpack_featured_media_url":"https:\/\/www.sonoraenequipo.com.mx\/storage\/2022\/03\/creces.jpg","_links":{"self":[{"href":"https:\/\/www.sonoraenequipo.com.mx\/api\/wp\/v2\/posts\/134315","targetHints":{"allow":["GET"]}}],"collection":[{"href":"https:\/\/www.sonoraenequipo.com.mx\/api\/wp\/v2\/posts"}],"about":[{"href":"https:\/\/www.sonoraenequipo.com.mx\/api\/wp\/v2\/types\/post"}],"author":[{"embeddable":true,"href":"https:\/\/www.sonoraenequipo.com.mx\/api\/wp\/v2\/users\/4"}],"replies":[{"embeddable":true,"href":"https:\/\/www.sonoraenequipo.com.mx\/api\/wp\/v2\/comments?post=134315"}],"version-history":[{"count":1,"href":"https:\/\/www.sonoraenequipo.com.mx\/api\/wp\/v2\/posts\/134315\/revisions"}],"predecessor-version":[{"id":134319,"href":"https:\/\/www.sonoraenequipo.com.mx\/api\/wp\/v2\/posts\/134315\/revisions\/134319"}],"wp:featuredmedia":[{"embeddable":true,"href":"https:\/\/www.sonoraenequipo.com.mx\/api\/wp\/v2\/media\/134318"}],"wp:attachment":[{"href":"https:\/\/www.sonoraenequipo.com.mx\/api\/wp\/v2\/media?parent=134315"}],"wp:term":[{"taxonomy":"category","embeddable":true,"href":"https:\/\/www.sonoraenequipo.com.mx\/api\/wp\/v2\/categories?post=134315"},{"taxonomy":"post_tag","embeddable":true,"href":"https:\/\/www.sonoraenequipo.com.mx\/api\/wp\/v2\/tags?post=134315"}],"curies":[{"name":"wp","href":"https:\/\/api.w.org\/{rel}","templated":true}]}}