{"id":134332,"date":"2022-03-04T23:15:31","date_gmt":"2022-03-05T06:15:31","guid":{"rendered":"https:\/\/www.sonoraenequipo.com.mx\/?p=134332"},"modified":"2022-03-05T18:37:25","modified_gmt":"2022-03-06T01:37:25","slug":"en-verde31-estados-solo-uno-se-queda-en-amarillo-durante-dos-semanas","status":"publish","type":"post","link":"https:\/\/www.sonoraenequipo.com.mx\/en-verde31-estados-solo-uno-se-queda-en-amarillo-durante-dos-semanas\/","title":{"rendered":"\u00a1\u00a1En Verde31 estados!! Solo uno se queda en amarillo durante dos semanas"},"content":{"rendered":"<p>CIUDAD DE M\u00c9XICO. MX. \u2014 Desde el lunes 7 hasta el domingo 20 de marzo, las entidades pintadas de verde podr\u00e1n levantar todo tipo de restricciones para volver a sus actividades normales, incluso las escolares.<\/p>\n<p>&nbsp;<\/p>\n<p> <\/p>\n<p>En comparaci\u00f3n con el sem\u00e1foro presentado hace dos semanas, ning\u00fan estado se encuentra en colores naranja y rojo, que representan riesgos alto y m\u00e1ximo, respectivamente.<\/p>\n<p>En 24 horas, sumaron 5 millones 554 mil 392 casos totales y 319 mil 604 defunciones.<\/p>\n<p>Tambi\u00e9n se estiman 36 mil 989 casos activos, as\u00ed como 667 mil 44 sospechosos.<\/p>\n<p>Las entidades con mayor n\u00famero de casos activos son Ciudad de M\u00e9xico, Estado de M\u00e9xico, Nuevo Le\u00f3n, Guanajuato, Jalisco, Tabasco, San Luis Potos\u00ed, Veracruz, Puebla y Sonora.<\/p>\n<p>A nivel nacional, la red hospitalaria registra una reducci\u00f3n de 91% en la ocupaci\u00f3n con relaci\u00f3n al punto m\u00e1s alto de la segunda ola epid\u00e9mica, en enero de 2021.<\/p>\n<p>Durante las \u00faltimas 24 horas, la demanda de camas generales disminuy\u00f3 dos puntos porcentuales para ubicarse en 14%, y la de camas con ventilador mec\u00e1nico baj\u00f3 un punto, para situarse en 11%.<\/p>\n<p>Hasta el corte de ayer fueron aplicadas 271 mil 490 vacunas contra Covid-19, para un total de 183 millones 43 mil 385 dosis en las 32 entidades federativas desde el 24 de diciembre de 2020.<\/p>\n<p>De 85 millones 315 mil 634 personas que han sido vacunadas, 79 millones 50 mil 604, que equivale a 93%, tienen esquema completo, y 6 millones 265 mil 30, que representan 7%, recibieron su primer inyecci\u00f3n.<\/p>\n<p>La Ssa record\u00f3 que es necesario continuar con las medidas b\u00e1sicas de prevenci\u00f3n. En caso de presentar s\u00edntomas, la persona debe aislarse por siete d\u00edas, solicitar atenci\u00f3n m\u00e9dica inmediata y no automedicarse.<\/p>\n<p>El subsecretario de Salud, Hugo L\u00f3pez-Gatell, se\u00f1al\u00f3 el martes pasado que M\u00e9xico registr\u00f3 \u201cuna reducci\u00f3n muy sostenida de la pandemia\u201d, con lo cual el pa\u00eds estar\u00eda muy cerca de regresar a la normalidad.<\/p>\n<p>Sin embargo, esto no significa que la pandemia no contin\u00fae activa en M\u00e9xico<\/p>\n<h3>\nArriban vacunas<\/h3>\n<p>&nbsp;<\/p>\n<p>La madrugada de ayer arribaron al pa\u00eds un mill\u00f3n de vacunas envasadas de AstraZeneca, con lo cual esa farmac\u00e9utica ha entregado un total de 107 millones 330 mil 800 dosis, entre las envasadas y en sustancia activa para envasar en territorio nacional.<\/p>\n<p>&nbsp;<\/p>\n<p>En M\u00e9xico, el laboratorio Drugmex ha envasado 14 millones 24 mil 840 dosis de CanSino Biologics, y el laboratorio Liomont, 42 millones 966 mil 100 de AstraZeneca, lo que hace un total de 56 millones 990 mil 940 vacunas envasadas en el pa\u00eds.<\/p>\n<p>&nbsp;<\/p>\n<p>As\u00ed, desde el 23 de diciembre de 2020 y hasta este d\u00eda, M\u00e9xico ha tenido disponibles 220 millones 511 mil 35 biol\u00f3gicos.<\/p>\n<p>&nbsp;<\/p>\n<p>(Publicada el 04\/03\/2022)<\/p>\n","protected":false},"excerpt":{"rendered":"<p>CIUDAD DE M\u00c9XICO. MX. \u2014 Desde el lunes 7 hasta el domingo 20 de marzo,&#8230;<\/p>\n","protected":false},"author":1,"featured_media":134333,"comment_status":"open","ping_status":"open","sticky":false,"template":"","format":"standard","meta":{"_monsterinsights_skip_tracking":false,"_monsterinsights_sitenote_active":false,"_monsterinsights_sitenote_note":"","_monsterinsights_sitenote_category":0,"footnotes":""},"categories":[5],"tags":[],"class_list":["post"],"yoast_head":" \n<title>Sonora en Equipo. \u00a1\u00a1En Verde31 estados!! Solo uno se queda en amarillo durante dos semanas Rep\u00fablica<\/title>\n<meta name=\"description\" content=\"CIUDAD DE M\u00c9XICO. MX. \u2014 Desde el lunes 7 hasta el domingo 20 de marzo, las entidades pintadas de verde podr\u00e1n levantar todo tipo de restricciones para En Sonora en Equipo publicamos toda la informaci\u00f3n de Sonora, M\u00e9xico y el Mundo de manera oportuna y busca que la libertad de expresi\u00f3n sea real. Visita nuestro medio informativo publicado desde Hermosillo, Sonora. %\" \/>\n<meta name=\"robots\" content=\"index, follow, max-snippet:-1, max-image-preview:large, max-video-preview:-1\" \/>\n<link rel=\"canonical\" href=\"https:\/\/www.sonoraenequipo.com.mx\/en-verde31-estados-solo-uno-se-queda-en-amarillo-durante-dos-semanas\/\" \/>\n<meta property=\"og:locale\" content=\"es_ES\" \/>\n<meta property=\"og:type\" content=\"article\" \/>\n<meta property=\"og:title\" content=\"Sonora en Equipo. \u00a1\u00a1En Verde31 estados!! Solo uno se queda en amarillo durante dos semanas Rep\u00fablica\" \/>\n<meta property=\"og:description\" content=\"CIUDAD DE M\u00c9XICO. MX. \u2014 Desde el lunes 7 hasta el domingo 20 de marzo, las entidades pintadas de verde podr\u00e1n levantar todo tipo de restricciones para En Sonora en Equipo publicamos toda la informaci\u00f3n de Sonora, M\u00e9xico y el Mundo de manera oportuna y busca que la libertad de expresi\u00f3n sea real. Visita nuestro medio informativo publicado desde Hermosillo, Sonora. %\" \/>\n<meta property=\"og:url\" content=\"https:\/\/www.sonoraenequipo.com.mx\/en-verde31-estados-solo-uno-se-queda-en-amarillo-durante-dos-semanas\/\" \/>\n<meta property=\"og:site_name\" content=\"Sonora en Equipo.\" \/>\n<meta property=\"article:publisher\" content=\"https:\/\/www.facebook.com\/SonoraEE\/\" \/>\n<meta property=\"article:author\" content=\"https:\/\/www.facebook.com\/SonoraEE\" \/>\n<meta property=\"article:published_time\" content=\"2022-03-05T06:15:31+00:00\" \/>\n<meta property=\"article:modified_time\" content=\"2022-03-06T01:37:25+00:00\" \/>\n<meta property=\"og:image\" content=\"https:\/\/www.sonoraenequipo.com.mx\/storage\/2022\/03\/31-en-verde-y-en-amarillo_opt.jpg\" \/>\n\t<meta property=\"og:image:width\" content=\"700\" \/>\n\t<meta property=\"og:image:height\" content=\"400\" \/>\n\t<meta property=\"og:image:type\" content=\"image\/jpeg\" \/>\n<meta name=\"author\" content=\"enequipo\" \/>\n<meta name=\"twitter:card\" content=\"summary_large_image\" \/>\n<meta name=\"twitter:creator\" content=\"@sonoraenequipo\" \/>\n<meta name=\"twitter:site\" content=\"@sonoraenequipo\" \/>\n<meta name=\"twitter:label1\" content=\"Escrito por\" \/>\n\t<meta name=\"twitter:data1\" content=\"enequipo\" \/>\n\t<meta name=\"twitter:label2\" content=\"Tiempo de lectura\" \/>\n\t<meta name=\"twitter:data2\" content=\"3 minutos\" \/>\n<script type=\"application\/ld+json\" class=\"yoast-schema-graph\">{\"@context\":\"https:\/\/schema.org\",\"@graph\":[{\"@type\":\"Article\",\"@id\":\"https:\/\/www.sonoraenequipo.com.mx\/en-verde31-estados-solo-uno-se-queda-en-amarillo-durante-dos-semanas\/#article\",\"isPartOf\":{\"@id\":\"https:\/\/www.sonoraenequipo.com.mx\/en-verde31-estados-solo-uno-se-queda-en-amarillo-durante-dos-semanas\/\"},\"author\":{\"name\":\"enequipo\",\"@id\":\"https:\/\/www.sonoraenequipo.com.mx\/#\/schema\/person\/50102df0fb23a8fa9e8effad8fa81386\"},\"headline\":\"\u00a1\u00a1En Verde31 estados!! Solo uno se queda en amarillo durante dos semanas\",\"datePublished\":\"2022-03-05T06:15:31+00:00\",\"dateModified\":\"2022-03-06T01:37:25+00:00\",\"mainEntityOfPage\":{\"@id\":\"https:\/\/www.sonoraenequipo.com.mx\/en-verde31-estados-solo-uno-se-queda-en-amarillo-durante-dos-semanas\/\"},\"wordCount\":441,\"commentCount\":0,\"publisher\":{\"@id\":\"https:\/\/www.sonoraenequipo.com.mx\/#organization\"},\"image\":{\"@id\":\"https:\/\/www.sonoraenequipo.com.mx\/en-verde31-estados-solo-uno-se-queda-en-amarillo-durante-dos-semanas\/#primaryimage\"},\"thumbnailUrl\":\"https:\/\/www.sonoraenequipo.com.mx\/storage\/2022\/03\/31-en-verde-y-en-amarillo_opt.jpg\",\"articleSection\":[\"Rep\u00fablica\"],\"inLanguage\":\"es\",\"potentialAction\":[{\"@type\":\"CommentAction\",\"name\":\"Comment\",\"target\":[\"https:\/\/www.sonoraenequipo.com.mx\/en-verde31-estados-solo-uno-se-queda-en-amarillo-durante-dos-semanas\/#respond\"]}]},{\"@type\":\"WebPage\",\"@id\":\"https:\/\/www.sonoraenequipo.com.mx\/en-verde31-estados-solo-uno-se-queda-en-amarillo-durante-dos-semanas\/\",\"url\":\"https:\/\/www.sonoraenequipo.com.mx\/en-verde31-estados-solo-uno-se-queda-en-amarillo-durante-dos-semanas\/\",\"name\":\"Sonora en Equipo. \u00a1\u00a1En Verde31 estados!! Solo uno se queda en amarillo durante dos semanas Rep\u00fablica\",\"isPartOf\":{\"@id\":\"https:\/\/www.sonoraenequipo.com.mx\/#website\"},\"primaryImageOfPage\":{\"@id\":\"https:\/\/www.sonoraenequipo.com.mx\/en-verde31-estados-solo-uno-se-queda-en-amarillo-durante-dos-semanas\/#primaryimage\"},\"image\":{\"@id\":\"https:\/\/www.sonoraenequipo.com.mx\/en-verde31-estados-solo-uno-se-queda-en-amarillo-durante-dos-semanas\/#primaryimage\"},\"thumbnailUrl\":\"https:\/\/www.sonoraenequipo.com.mx\/storage\/2022\/03\/31-en-verde-y-en-amarillo_opt.jpg\",\"datePublished\":\"2022-03-05T06:15:31+00:00\",\"dateModified\":\"2022-03-06T01:37:25+00:00\",\"description\":\"CIUDAD DE M\u00c9XICO. MX. \u2014 Desde el lunes 7 hasta el domingo 20 de marzo, las entidades pintadas de verde podr\u00e1n levantar todo tipo de restricciones para En Sonora en Equipo publicamos toda la informaci\u00f3n de Sonora, M\u00e9xico y el Mundo de manera oportuna y busca que la libertad de expresi\u00f3n sea real. Visita nuestro medio informativo publicado desde Hermosillo, Sonora. %\",\"breadcrumb\":{\"@id\":\"https:\/\/www.sonoraenequipo.com.mx\/en-verde31-estados-solo-uno-se-queda-en-amarillo-durante-dos-semanas\/#breadcrumb\"},\"inLanguage\":\"es\",\"potentialAction\":[{\"@type\":\"ReadAction\",\"target\":[\"https:\/\/www.sonoraenequipo.com.mx\/en-verde31-estados-solo-uno-se-queda-en-amarillo-durante-dos-semanas\/\"]}]},{\"@type\":\"ImageObject\",\"inLanguage\":\"es\",\"@id\":\"https:\/\/www.sonoraenequipo.com.mx\/en-verde31-estados-solo-uno-se-queda-en-amarillo-durante-dos-semanas\/#primaryimage\",\"url\":\"https:\/\/www.sonoraenequipo.com.mx\/storage\/2022\/03\/31-en-verde-y-en-amarillo_opt.jpg\",\"contentUrl\":\"https:\/\/www.sonoraenequipo.com.mx\/storage\/2022\/03\/31-en-verde-y-en-amarillo_opt.jpg\",\"width\":700,\"height\":400},{\"@type\":\"BreadcrumbList\",\"@id\":\"https:\/\/www.sonoraenequipo.com.mx\/en-verde31-estados-solo-uno-se-queda-en-amarillo-durante-dos-semanas\/#breadcrumb\",\"itemListElement\":[{\"@type\":\"ListItem\",\"position\":1,\"name\":\"Portada\",\"item\":\"https:\/\/www.sonoraenequipo.com.mx\/\"},{\"@type\":\"ListItem\",\"position\":2,\"name\":\"\u00a1\u00a1En Verde31 estados!! Solo uno se queda en amarillo durante dos semanas\"}]},{\"@type\":\"WebSite\",\"@id\":\"https:\/\/www.sonoraenequipo.com.mx\/#website\",\"url\":\"https:\/\/www.sonoraenequipo.com.mx\/\",\"name\":\"Sonora en Equipo.\",\"description\":\"Diario en l\u00ednea con Noticias desde Hermosillo, Sonora\",\"publisher\":{\"@id\":\"https:\/\/www.sonoraenequipo.com.mx\/#organization\"},\"potentialAction\":[{\"@type\":\"SearchAction\",\"target\":{\"@type\":\"EntryPoint\",\"urlTemplate\":\"https:\/\/www.sonoraenequipo.com.mx\/?s={search_term_string}\"},\"query-input\":{\"@type\":\"PropertyValueSpecification\",\"valueRequired\":true,\"valueName\":\"search_term_string\"}}],\"inLanguage\":\"es\"},{\"@type\":\"Organization\",\"@id\":\"https:\/\/www.sonoraenequipo.com.mx\/#organization\",\"name\":\"Sonoraenequipo.com.mx\",\"url\":\"https:\/\/www.sonoraenequipo.com.mx\/\",\"logo\":{\"@type\":\"ImageObject\",\"inLanguage\":\"es\",\"@id\":\"https:\/\/www.sonoraenequipo.com.mx\/#\/schema\/logo\/image\/\",\"url\":\"https:\/\/www.sonoraenequipo.com.mx\/storage\/2019\/01\/sonoraenequipo_opt.png\",\"contentUrl\":\"https:\/\/www.sonoraenequipo.com.mx\/storage\/2019\/01\/sonoraenequipo_opt.png\",\"width\":375,\"height\":125,\"caption\":\"Sonoraenequipo.com.mx\"},\"image\":{\"@id\":\"https:\/\/www.sonoraenequipo.com.mx\/#\/schema\/logo\/image\/\"},\"sameAs\":[\"https:\/\/www.facebook.com\/SonoraEE\/\",\"https:\/\/x.com\/sonoraenequipo\",\"https:\/\/www.youtube.com\/channel\/UC338nW-lPEYmJQs4ZABQ1SQ\"]},{\"@type\":\"Person\",\"@id\":\"https:\/\/www.sonoraenequipo.com.mx\/#\/schema\/person\/50102df0fb23a8fa9e8effad8fa81386\",\"name\":\"enequipo\",\"image\":{\"@type\":\"ImageObject\",\"inLanguage\":\"es\",\"@id\":\"https:\/\/www.sonoraenequipo.com.mx\/#\/schema\/person\/image\/\",\"url\":\"https:\/\/secure.gravatar.com\/avatar\/049821681b589dabc0bc20695993ccebb09f5b5d4d790cd9251b97faac7c652b?s=96&d=blank&r=g\",\"contentUrl\":\"https:\/\/secure.gravatar.com\/avatar\/049821681b589dabc0bc20695993ccebb09f5b5d4d790cd9251b97faac7c652b?s=96&d=blank&r=g\",\"caption\":\"enequipo\"},\"sameAs\":[\"https:\/\/www.facebook.com\/SonoraEE\"]}]}<\/script>\n ","yoast_head_json":{"title":"Sonora en Equipo. \u00a1\u00a1En Verde31 estados!! Solo uno se queda en amarillo durante dos semanas Rep\u00fablica","description":"CIUDAD DE M\u00c9XICO. MX. \u2014 Desde el lunes 7 hasta el domingo 20 de marzo, las entidades pintadas de verde podr\u00e1n levantar todo tipo de restricciones para En Sonora en Equipo publicamos toda la informaci\u00f3n de Sonora, M\u00e9xico y el Mundo de manera oportuna y busca que la libertad de expresi\u00f3n sea real. Visita nuestro medio informativo publicado desde Hermosillo, Sonora. %","robots":{"index":"index","follow":"follow","max-snippet":"max-snippet:-1","max-image-preview":"max-image-preview:large","max-video-preview":"max-video-preview:-1"},"canonical":"https:\/\/www.sonoraenequipo.com.mx\/en-verde31-estados-solo-uno-se-queda-en-amarillo-durante-dos-semanas\/","og_locale":"es_ES","og_type":"article","og_title":"Sonora en Equipo. \u00a1\u00a1En Verde31 estados!! Solo uno se queda en amarillo durante dos semanas Rep\u00fablica","og_description":"CIUDAD DE M\u00c9XICO. MX. \u2014 Desde el lunes 7 hasta el domingo 20 de marzo, las entidades pintadas de verde podr\u00e1n levantar todo tipo de restricciones para En Sonora en Equipo publicamos toda la informaci\u00f3n de Sonora, M\u00e9xico y el Mundo de manera oportuna y busca que la libertad de expresi\u00f3n sea real. Visita nuestro medio informativo publicado desde Hermosillo, Sonora. %","og_url":"https:\/\/www.sonoraenequipo.com.mx\/en-verde31-estados-solo-uno-se-queda-en-amarillo-durante-dos-semanas\/","og_site_name":"Sonora en Equipo.","article_publisher":"https:\/\/www.facebook.com\/SonoraEE\/","article_author":"https:\/\/www.facebook.com\/SonoraEE","article_published_time":"2022-03-05T06:15:31+00:00","article_modified_time":"2022-03-06T01:37:25+00:00","og_image":[{"width":700,"height":400,"url":"https:\/\/www.sonoraenequipo.com.mx\/storage\/2022\/03\/31-en-verde-y-en-amarillo_opt.jpg","type":"image\/jpeg"}],"author":"enequipo","twitter_card":"summary_large_image","twitter_creator":"@sonoraenequipo","twitter_site":"@sonoraenequipo","twitter_misc":{"Escrito por":"enequipo","Tiempo de lectura":"3 minutos"},"schema":{"@context":"https:\/\/schema.org","@graph":[{"@type":"Article","@id":"https:\/\/www.sonoraenequipo.com.mx\/en-verde31-estados-solo-uno-se-queda-en-amarillo-durante-dos-semanas\/#article","isPartOf":{"@id":"https:\/\/www.sonoraenequipo.com.mx\/en-verde31-estados-solo-uno-se-queda-en-amarillo-durante-dos-semanas\/"},"author":{"name":"enequipo","@id":"https:\/\/www.sonoraenequipo.com.mx\/#\/schema\/person\/50102df0fb23a8fa9e8effad8fa81386"},"headline":"\u00a1\u00a1En Verde31 estados!! Solo uno se queda en amarillo durante dos semanas","datePublished":"2022-03-05T06:15:31+00:00","dateModified":"2022-03-06T01:37:25+00:00","mainEntityOfPage":{"@id":"https:\/\/www.sonoraenequipo.com.mx\/en-verde31-estados-solo-uno-se-queda-en-amarillo-durante-dos-semanas\/"},"wordCount":441,"commentCount":0,"publisher":{"@id":"https:\/\/www.sonoraenequipo.com.mx\/#organization"},"image":{"@id":"https:\/\/www.sonoraenequipo.com.mx\/en-verde31-estados-solo-uno-se-queda-en-amarillo-durante-dos-semanas\/#primaryimage"},"thumbnailUrl":"https:\/\/www.sonoraenequipo.com.mx\/storage\/2022\/03\/31-en-verde-y-en-amarillo_opt.jpg","articleSection":["Rep\u00fablica"],"inLanguage":"es","potentialAction":[{"@type":"CommentAction","name":"Comment","target":["https:\/\/www.sonoraenequipo.com.mx\/en-verde31-estados-solo-uno-se-queda-en-amarillo-durante-dos-semanas\/#respond"]}]},{"@type":"WebPage","@id":"https:\/\/www.sonoraenequipo.com.mx\/en-verde31-estados-solo-uno-se-queda-en-amarillo-durante-dos-semanas\/","url":"https:\/\/www.sonoraenequipo.com.mx\/en-verde31-estados-solo-uno-se-queda-en-amarillo-durante-dos-semanas\/","name":"Sonora en Equipo. \u00a1\u00a1En Verde31 estados!! Solo uno se queda en amarillo durante dos semanas Rep\u00fablica","isPartOf":{"@id":"https:\/\/www.sonoraenequipo.com.mx\/#website"},"primaryImageOfPage":{"@id":"https:\/\/www.sonoraenequipo.com.mx\/en-verde31-estados-solo-uno-se-queda-en-amarillo-durante-dos-semanas\/#primaryimage"},"image":{"@id":"https:\/\/www.sonoraenequipo.com.mx\/en-verde31-estados-solo-uno-se-queda-en-amarillo-durante-dos-semanas\/#primaryimage"},"thumbnailUrl":"https:\/\/www.sonoraenequipo.com.mx\/storage\/2022\/03\/31-en-verde-y-en-amarillo_opt.jpg","datePublished":"2022-03-05T06:15:31+00:00","dateModified":"2022-03-06T01:37:25+00:00","description":"CIUDAD DE M\u00c9XICO. MX. \u2014 Desde el lunes 7 hasta el domingo 20 de marzo, las entidades pintadas de verde podr\u00e1n levantar todo tipo de restricciones para En Sonora en Equipo publicamos toda la informaci\u00f3n de Sonora, M\u00e9xico y el Mundo de manera oportuna y busca que la libertad de expresi\u00f3n sea real. Visita nuestro medio informativo publicado desde Hermosillo, Sonora. %","breadcrumb":{"@id":"https:\/\/www.sonoraenequipo.com.mx\/en-verde31-estados-solo-uno-se-queda-en-amarillo-durante-dos-semanas\/#breadcrumb"},"inLanguage":"es","potentialAction":[{"@type":"ReadAction","target":["https:\/\/www.sonoraenequipo.com.mx\/en-verde31-estados-solo-uno-se-queda-en-amarillo-durante-dos-semanas\/"]}]},{"@type":"ImageObject","inLanguage":"es","@id":"https:\/\/www.sonoraenequipo.com.mx\/en-verde31-estados-solo-uno-se-queda-en-amarillo-durante-dos-semanas\/#primaryimage","url":"https:\/\/www.sonoraenequipo.com.mx\/storage\/2022\/03\/31-en-verde-y-en-amarillo_opt.jpg","contentUrl":"https:\/\/www.sonoraenequipo.com.mx\/storage\/2022\/03\/31-en-verde-y-en-amarillo_opt.jpg","width":700,"height":400},{"@type":"BreadcrumbList","@id":"https:\/\/www.sonoraenequipo.com.mx\/en-verde31-estados-solo-uno-se-queda-en-amarillo-durante-dos-semanas\/#breadcrumb","itemListElement":[{"@type":"ListItem","position":1,"name":"Portada","item":"https:\/\/www.sonoraenequipo.com.mx\/"},{"@type":"ListItem","position":2,"name":"\u00a1\u00a1En Verde31 estados!! Solo uno se queda en amarillo durante dos semanas"}]},{"@type":"WebSite","@id":"https:\/\/www.sonoraenequipo.com.mx\/#website","url":"https:\/\/www.sonoraenequipo.com.mx\/","name":"Sonora en Equipo.","description":"Diario en l\u00ednea con Noticias desde Hermosillo, Sonora","publisher":{"@id":"https:\/\/www.sonoraenequipo.com.mx\/#organization"},"potentialAction":[{"@type":"SearchAction","target":{"@type":"EntryPoint","urlTemplate":"https:\/\/www.sonoraenequipo.com.mx\/?s={search_term_string}"},"query-input":{"@type":"PropertyValueSpecification","valueRequired":true,"valueName":"search_term_string"}}],"inLanguage":"es"},{"@type":"Organization","@id":"https:\/\/www.sonoraenequipo.com.mx\/#organization","name":"Sonoraenequipo.com.mx","url":"https:\/\/www.sonoraenequipo.com.mx\/","logo":{"@type":"ImageObject","inLanguage":"es","@id":"https:\/\/www.sonoraenequipo.com.mx\/#\/schema\/logo\/image\/","url":"https:\/\/www.sonoraenequipo.com.mx\/storage\/2019\/01\/sonoraenequipo_opt.png","contentUrl":"https:\/\/www.sonoraenequipo.com.mx\/storage\/2019\/01\/sonoraenequipo_opt.png","width":375,"height":125,"caption":"Sonoraenequipo.com.mx"},"image":{"@id":"https:\/\/www.sonoraenequipo.com.mx\/#\/schema\/logo\/image\/"},"sameAs":["https:\/\/www.facebook.com\/SonoraEE\/","https:\/\/x.com\/sonoraenequipo","https:\/\/www.youtube.com\/channel\/UC338nW-lPEYmJQs4ZABQ1SQ"]},{"@type":"Person","@id":"https:\/\/www.sonoraenequipo.com.mx\/#\/schema\/person\/50102df0fb23a8fa9e8effad8fa81386","name":"enequipo","image":{"@type":"ImageObject","inLanguage":"es","@id":"https:\/\/www.sonoraenequipo.com.mx\/#\/schema\/person\/image\/","url":"https:\/\/secure.gravatar.com\/avatar\/049821681b589dabc0bc20695993ccebb09f5b5d4d790cd9251b97faac7c652b?s=96&d=blank&r=g","contentUrl":"https:\/\/secure.gravatar.com\/avatar\/049821681b589dabc0bc20695993ccebb09f5b5d4d790cd9251b97faac7c652b?s=96&d=blank&r=g","caption":"enequipo"},"sameAs":["https:\/\/www.facebook.com\/SonoraEE"]}]}},"jetpack_featured_media_url":"https:\/\/www.sonoraenequipo.com.mx\/storage\/2022\/03\/31-en-verde-y-en-amarillo_opt.jpg","_links":{"self":[{"href":"https:\/\/www.sonoraenequipo.com.mx\/api\/wp\/v2\/posts\/134332","targetHints":{"allow":["GET"]}}],"collection":[{"href":"https:\/\/www.sonoraenequipo.com.mx\/api\/wp\/v2\/posts"}],"about":[{"href":"https:\/\/www.sonoraenequipo.com.mx\/api\/wp\/v2\/types\/post"}],"author":[{"embeddable":true,"href":"https:\/\/www.sonoraenequipo.com.mx\/api\/wp\/v2\/users\/1"}],"replies":[{"embeddable":true,"href":"https:\/\/www.sonoraenequipo.com.mx\/api\/wp\/v2\/comments?post=134332"}],"version-history":[{"count":1,"href":"https:\/\/www.sonoraenequipo.com.mx\/api\/wp\/v2\/posts\/134332\/revisions"}],"predecessor-version":[{"id":134334,"href":"https:\/\/www.sonoraenequipo.com.mx\/api\/wp\/v2\/posts\/134332\/revisions\/134334"}],"wp:featuredmedia":[{"embeddable":true,"href":"https:\/\/www.sonoraenequipo.com.mx\/api\/wp\/v2\/media\/134333"}],"wp:attachment":[{"href":"https:\/\/www.sonoraenequipo.com.mx\/api\/wp\/v2\/media?parent=134332"}],"wp:term":[{"taxonomy":"category","embeddable":true,"href":"https:\/\/www.sonoraenequipo.com.mx\/api\/wp\/v2\/categories?post=134332"},{"taxonomy":"post_tag","embeddable":true,"href":"https:\/\/www.sonoraenequipo.com.mx\/api\/wp\/v2\/tags?post=134332"}],"curies":[{"name":"wp","href":"https:\/\/api.w.org\/{rel}","templated":true}]}}