{"id":134351,"date":"2022-03-04T23:53:45","date_gmt":"2022-03-05T06:53:45","guid":{"rendered":"https:\/\/www.sonoraenequipo.com.mx\/?p=134351"},"modified":"2022-03-05T20:05:06","modified_gmt":"2022-03-06T03:05:06","slug":"nina-de-13-anos-quedo-embarazada-por-segunda-vez-por-un-hombre-de-40-anos","status":"publish","type":"post","link":"https:\/\/www.sonoraenequipo.com.mx\/nina-de-13-anos-quedo-embarazada-por-segunda-vez-por-un-hombre-de-40-anos\/","title":{"rendered":"Ni\u00f1a de 13 a\u00f1os qued\u00f3 embarazada por segunda vez por un hombre de 40 a\u00f1os"},"content":{"rendered":"<p>TLAXCALA. MX. \u2014 La gobernadora de Tlaxcala revel\u00f3 el caso de una ni\u00f1a de 13 a\u00f1os que dio a luz por segunda vez. El presunto responsable del abuso, un hombre de 40 a\u00f1os, fue detenido y vinculado a proceso.<\/p>\n<p>&nbsp;<\/p>\n<p> <\/p>\n<p>En el marco del Informe de Implementaci\u00f3n de las Actividades de la Declaratoria de Alerta de Violencia de G\u00e9nero contra las Mujeres, Lorena Cu\u00e9llar denunci\u00f3 el nivel de impunidad que caracterizaban los delitos por violencia de g\u00e9nero cometidos en la entidad que gobierna desde agosto de 2021.<\/p>\n<p>&nbsp;<\/p>\n<p><em>\u201cJusto nos encontramos [el caso] de una ni\u00f1a de 13 a\u00f1os, embarazada por un hombre de 40 [a\u00f1os] y que era su segundo hijo\u201d<\/em>, dijo la gobernadora ante su audiencia.<\/p>\n<p>&nbsp;<\/p>\n<p><em>\u201cCuando supimos que esta ni\u00f1a de 13 estaba dando a luz a su segundo hijo procedimos de inmediato y la procuradora dio indicaciones tambi\u00e9n para que detuvi\u00e9ramos a esta persona por esta situaci\u00f3n que hoy no se permite en Tlaxcala\u201d.<\/em><\/p>\n<p>&nbsp;<\/p>\n<p>La intervenci\u00f3n de la gobernadora Cu\u00e9llar ocurri\u00f3 esta semana ante la Comisi\u00f3n Nacional para Prevenir y Erradicar la Violencia Contra las Mujeres (Conavim).<\/p>\n<p>&nbsp;<\/p>\n<p>La acci\u00f3n de las autoridades en este caso de abuso infantil y embarazo adolescente sirvi\u00f3 para que la titular del ejecutivo estatal subrayara la importancia de recuperar la confianza de las v\u00edctimas en las instituciones.<\/p>\n<p>&nbsp;<\/p>\n<p>Lorena Cu\u00e9llar hizo una llamado a las mujeres que han sido v\u00edctimas de violencia de g\u00e9nero o trata de personas a presentar una denuncia, bajo la promesa de que recibir\u00e1n la atenci\u00f3n adecuada y se le dar\u00e1 un seguimiento judicial a su caso.<\/p>\n<p>&nbsp;<\/p>\n<p>&nbsp;<\/p>\n<p>(Publicada el 04\/03\/2022)<\/p>\n","protected":false},"excerpt":{"rendered":"<p>TLAXCALA. MX. \u2014 La gobernadora de Tlaxcala revel\u00f3 el caso de una ni\u00f1a de 13&#8230;<\/p>\n","protected":false},"author":1,"featured_media":134352,"comment_status":"open","ping_status":"open","sticky":false,"template":"","format":"standard","meta":{"_monsterinsights_skip_tracking":false,"_monsterinsights_sitenote_active":false,"_monsterinsights_sitenote_note":"","_monsterinsights_sitenote_category":0,"footnotes":""},"categories":[5],"tags":[],"class_list":["post"],"yoast_head":" \n<title>Sonora en Equipo. Ni\u00f1a de 13 a\u00f1os qued\u00f3 embarazada por segunda vez por un hombre de 40 a\u00f1os Rep\u00fablica<\/title>\n<meta name=\"description\" content=\"TLAXCALA. MX. \u2014 La gobernadora de Tlaxcala revel\u00f3 el caso de una ni\u00f1a de 13 a\u00f1os que dio a luz por segunda vez. El presunto responsable del abuso, un En Sonora en Equipo publicamos toda la informaci\u00f3n de Sonora, M\u00e9xico y el Mundo de manera oportuna y busca que la libertad de expresi\u00f3n sea real. Visita nuestro medio informativo publicado desde Hermosillo, Sonora. %\" \/>\n<meta name=\"robots\" content=\"index, follow, max-snippet:-1, max-image-preview:large, max-video-preview:-1\" \/>\n<link rel=\"canonical\" href=\"https:\/\/www.sonoraenequipo.com.mx\/nina-de-13-anos-quedo-embarazada-por-segunda-vez-por-un-hombre-de-40-anos\/\" \/>\n<meta property=\"og:locale\" content=\"es_ES\" \/>\n<meta property=\"og:type\" content=\"article\" \/>\n<meta property=\"og:title\" content=\"Sonora en Equipo. Ni\u00f1a de 13 a\u00f1os qued\u00f3 embarazada por segunda vez por un hombre de 40 a\u00f1os Rep\u00fablica\" \/>\n<meta property=\"og:description\" content=\"TLAXCALA. MX. \u2014 La gobernadora de Tlaxcala revel\u00f3 el caso de una ni\u00f1a de 13 a\u00f1os que dio a luz por segunda vez. El presunto responsable del abuso, un En Sonora en Equipo publicamos toda la informaci\u00f3n de Sonora, M\u00e9xico y el Mundo de manera oportuna y busca que la libertad de expresi\u00f3n sea real. Visita nuestro medio informativo publicado desde Hermosillo, Sonora. %\" \/>\n<meta property=\"og:url\" content=\"https:\/\/www.sonoraenequipo.com.mx\/nina-de-13-anos-quedo-embarazada-por-segunda-vez-por-un-hombre-de-40-anos\/\" \/>\n<meta property=\"og:site_name\" content=\"Sonora en Equipo.\" \/>\n<meta property=\"article:publisher\" content=\"https:\/\/www.facebook.com\/SonoraEE\/\" \/>\n<meta property=\"article:author\" content=\"https:\/\/www.facebook.com\/SonoraEE\" \/>\n<meta property=\"article:published_time\" content=\"2022-03-05T06:53:45+00:00\" \/>\n<meta property=\"article:modified_time\" content=\"2022-03-06T03:05:06+00:00\" \/>\n<meta property=\"og:image\" content=\"https:\/\/www.sonoraenequipo.com.mx\/storage\/2022\/03\/nina-de-13-anos-quedo-embarazada-por-un-hombre-de-40-anos_opt.jpg\" \/>\n\t<meta property=\"og:image:width\" content=\"700\" \/>\n\t<meta property=\"og:image:height\" content=\"400\" \/>\n\t<meta property=\"og:image:type\" content=\"image\/jpeg\" \/>\n<meta name=\"author\" content=\"enequipo\" \/>\n<meta name=\"twitter:card\" content=\"summary_large_image\" \/>\n<meta name=\"twitter:creator\" content=\"@sonoraenequipo\" \/>\n<meta name=\"twitter:site\" content=\"@sonoraenequipo\" \/>\n<meta name=\"twitter:label1\" content=\"Escrito por\" \/>\n\t<meta name=\"twitter:data1\" content=\"enequipo\" \/>\n\t<meta name=\"twitter:label2\" content=\"Tiempo de lectura\" \/>\n\t<meta name=\"twitter:data2\" content=\"1 minuto\" \/>\n<script type=\"application\/ld+json\" class=\"yoast-schema-graph\">{\"@context\":\"https:\/\/schema.org\",\"@graph\":[{\"@type\":\"Article\",\"@id\":\"https:\/\/www.sonoraenequipo.com.mx\/nina-de-13-anos-quedo-embarazada-por-segunda-vez-por-un-hombre-de-40-anos\/#article\",\"isPartOf\":{\"@id\":\"https:\/\/www.sonoraenequipo.com.mx\/nina-de-13-anos-quedo-embarazada-por-segunda-vez-por-un-hombre-de-40-anos\/\"},\"author\":{\"name\":\"enequipo\",\"@id\":\"https:\/\/www.sonoraenequipo.com.mx\/#\/schema\/person\/50102df0fb23a8fa9e8effad8fa81386\"},\"headline\":\"Ni\u00f1a de 13 a\u00f1os qued\u00f3 embarazada por segunda vez por un hombre de 40 a\u00f1os\",\"datePublished\":\"2022-03-05T06:53:45+00:00\",\"dateModified\":\"2022-03-06T03:05:06+00:00\",\"mainEntityOfPage\":{\"@id\":\"https:\/\/www.sonoraenequipo.com.mx\/nina-de-13-anos-quedo-embarazada-por-segunda-vez-por-un-hombre-de-40-anos\/\"},\"wordCount\":300,\"commentCount\":0,\"publisher\":{\"@id\":\"https:\/\/www.sonoraenequipo.com.mx\/#organization\"},\"image\":{\"@id\":\"https:\/\/www.sonoraenequipo.com.mx\/nina-de-13-anos-quedo-embarazada-por-segunda-vez-por-un-hombre-de-40-anos\/#primaryimage\"},\"thumbnailUrl\":\"https:\/\/www.sonoraenequipo.com.mx\/storage\/2022\/03\/nina-de-13-anos-quedo-embarazada-por-un-hombre-de-40-anos_opt.jpg\",\"articleSection\":[\"Rep\u00fablica\"],\"inLanguage\":\"es\",\"potentialAction\":[{\"@type\":\"CommentAction\",\"name\":\"Comment\",\"target\":[\"https:\/\/www.sonoraenequipo.com.mx\/nina-de-13-anos-quedo-embarazada-por-segunda-vez-por-un-hombre-de-40-anos\/#respond\"]}]},{\"@type\":\"WebPage\",\"@id\":\"https:\/\/www.sonoraenequipo.com.mx\/nina-de-13-anos-quedo-embarazada-por-segunda-vez-por-un-hombre-de-40-anos\/\",\"url\":\"https:\/\/www.sonoraenequipo.com.mx\/nina-de-13-anos-quedo-embarazada-por-segunda-vez-por-un-hombre-de-40-anos\/\",\"name\":\"Sonora en Equipo. Ni\u00f1a de 13 a\u00f1os qued\u00f3 embarazada por segunda vez por un hombre de 40 a\u00f1os Rep\u00fablica\",\"isPartOf\":{\"@id\":\"https:\/\/www.sonoraenequipo.com.mx\/#website\"},\"primaryImageOfPage\":{\"@id\":\"https:\/\/www.sonoraenequipo.com.mx\/nina-de-13-anos-quedo-embarazada-por-segunda-vez-por-un-hombre-de-40-anos\/#primaryimage\"},\"image\":{\"@id\":\"https:\/\/www.sonoraenequipo.com.mx\/nina-de-13-anos-quedo-embarazada-por-segunda-vez-por-un-hombre-de-40-anos\/#primaryimage\"},\"thumbnailUrl\":\"https:\/\/www.sonoraenequipo.com.mx\/storage\/2022\/03\/nina-de-13-anos-quedo-embarazada-por-un-hombre-de-40-anos_opt.jpg\",\"datePublished\":\"2022-03-05T06:53:45+00:00\",\"dateModified\":\"2022-03-06T03:05:06+00:00\",\"description\":\"TLAXCALA. MX. \u2014 La gobernadora de Tlaxcala revel\u00f3 el caso de una ni\u00f1a de 13 a\u00f1os que dio a luz por segunda vez. El presunto responsable del abuso, un En Sonora en Equipo publicamos toda la informaci\u00f3n de Sonora, M\u00e9xico y el Mundo de manera oportuna y busca que la libertad de expresi\u00f3n sea real. Visita nuestro medio informativo publicado desde Hermosillo, Sonora. %\",\"breadcrumb\":{\"@id\":\"https:\/\/www.sonoraenequipo.com.mx\/nina-de-13-anos-quedo-embarazada-por-segunda-vez-por-un-hombre-de-40-anos\/#breadcrumb\"},\"inLanguage\":\"es\",\"potentialAction\":[{\"@type\":\"ReadAction\",\"target\":[\"https:\/\/www.sonoraenequipo.com.mx\/nina-de-13-anos-quedo-embarazada-por-segunda-vez-por-un-hombre-de-40-anos\/\"]}]},{\"@type\":\"ImageObject\",\"inLanguage\":\"es\",\"@id\":\"https:\/\/www.sonoraenequipo.com.mx\/nina-de-13-anos-quedo-embarazada-por-segunda-vez-por-un-hombre-de-40-anos\/#primaryimage\",\"url\":\"https:\/\/www.sonoraenequipo.com.mx\/storage\/2022\/03\/nina-de-13-anos-quedo-embarazada-por-un-hombre-de-40-anos_opt.jpg\",\"contentUrl\":\"https:\/\/www.sonoraenequipo.com.mx\/storage\/2022\/03\/nina-de-13-anos-quedo-embarazada-por-un-hombre-de-40-anos_opt.jpg\",\"width\":700,\"height\":400},{\"@type\":\"BreadcrumbList\",\"@id\":\"https:\/\/www.sonoraenequipo.com.mx\/nina-de-13-anos-quedo-embarazada-por-segunda-vez-por-un-hombre-de-40-anos\/#breadcrumb\",\"itemListElement\":[{\"@type\":\"ListItem\",\"position\":1,\"name\":\"Portada\",\"item\":\"https:\/\/www.sonoraenequipo.com.mx\/\"},{\"@type\":\"ListItem\",\"position\":2,\"name\":\"Ni\u00f1a de 13 a\u00f1os qued\u00f3 embarazada por segunda vez por un hombre de 40 a\u00f1os\"}]},{\"@type\":\"WebSite\",\"@id\":\"https:\/\/www.sonoraenequipo.com.mx\/#website\",\"url\":\"https:\/\/www.sonoraenequipo.com.mx\/\",\"name\":\"Sonora en Equipo.\",\"description\":\"Diario en l\u00ednea con Noticias desde Hermosillo, Sonora\",\"publisher\":{\"@id\":\"https:\/\/www.sonoraenequipo.com.mx\/#organization\"},\"potentialAction\":[{\"@type\":\"SearchAction\",\"target\":{\"@type\":\"EntryPoint\",\"urlTemplate\":\"https:\/\/www.sonoraenequipo.com.mx\/?s={search_term_string}\"},\"query-input\":{\"@type\":\"PropertyValueSpecification\",\"valueRequired\":true,\"valueName\":\"search_term_string\"}}],\"inLanguage\":\"es\"},{\"@type\":\"Organization\",\"@id\":\"https:\/\/www.sonoraenequipo.com.mx\/#organization\",\"name\":\"Sonoraenequipo.com.mx\",\"url\":\"https:\/\/www.sonoraenequipo.com.mx\/\",\"logo\":{\"@type\":\"ImageObject\",\"inLanguage\":\"es\",\"@id\":\"https:\/\/www.sonoraenequipo.com.mx\/#\/schema\/logo\/image\/\",\"url\":\"https:\/\/www.sonoraenequipo.com.mx\/storage\/2019\/01\/sonoraenequipo_opt.png\",\"contentUrl\":\"https:\/\/www.sonoraenequipo.com.mx\/storage\/2019\/01\/sonoraenequipo_opt.png\",\"width\":375,\"height\":125,\"caption\":\"Sonoraenequipo.com.mx\"},\"image\":{\"@id\":\"https:\/\/www.sonoraenequipo.com.mx\/#\/schema\/logo\/image\/\"},\"sameAs\":[\"https:\/\/www.facebook.com\/SonoraEE\/\",\"https:\/\/x.com\/sonoraenequipo\",\"https:\/\/www.youtube.com\/channel\/UC338nW-lPEYmJQs4ZABQ1SQ\"]},{\"@type\":\"Person\",\"@id\":\"https:\/\/www.sonoraenequipo.com.mx\/#\/schema\/person\/50102df0fb23a8fa9e8effad8fa81386\",\"name\":\"enequipo\",\"image\":{\"@type\":\"ImageObject\",\"inLanguage\":\"es\",\"@id\":\"https:\/\/www.sonoraenequipo.com.mx\/#\/schema\/person\/image\/\",\"url\":\"https:\/\/secure.gravatar.com\/avatar\/049821681b589dabc0bc20695993ccebb09f5b5d4d790cd9251b97faac7c652b?s=96&d=blank&r=g\",\"contentUrl\":\"https:\/\/secure.gravatar.com\/avatar\/049821681b589dabc0bc20695993ccebb09f5b5d4d790cd9251b97faac7c652b?s=96&d=blank&r=g\",\"caption\":\"enequipo\"},\"sameAs\":[\"https:\/\/www.facebook.com\/SonoraEE\"]}]}<\/script>\n ","yoast_head_json":{"title":"Sonora en Equipo. Ni\u00f1a de 13 a\u00f1os qued\u00f3 embarazada por segunda vez por un hombre de 40 a\u00f1os Rep\u00fablica","description":"TLAXCALA. MX. \u2014 La gobernadora de Tlaxcala revel\u00f3 el caso de una ni\u00f1a de 13 a\u00f1os que dio a luz por segunda vez. El presunto responsable del abuso, un En Sonora en Equipo publicamos toda la informaci\u00f3n de Sonora, M\u00e9xico y el Mundo de manera oportuna y busca que la libertad de expresi\u00f3n sea real. Visita nuestro medio informativo publicado desde Hermosillo, Sonora. %","robots":{"index":"index","follow":"follow","max-snippet":"max-snippet:-1","max-image-preview":"max-image-preview:large","max-video-preview":"max-video-preview:-1"},"canonical":"https:\/\/www.sonoraenequipo.com.mx\/nina-de-13-anos-quedo-embarazada-por-segunda-vez-por-un-hombre-de-40-anos\/","og_locale":"es_ES","og_type":"article","og_title":"Sonora en Equipo. Ni\u00f1a de 13 a\u00f1os qued\u00f3 embarazada por segunda vez por un hombre de 40 a\u00f1os Rep\u00fablica","og_description":"TLAXCALA. MX. \u2014 La gobernadora de Tlaxcala revel\u00f3 el caso de una ni\u00f1a de 13 a\u00f1os que dio a luz por segunda vez. El presunto responsable del abuso, un En Sonora en Equipo publicamos toda la informaci\u00f3n de Sonora, M\u00e9xico y el Mundo de manera oportuna y busca que la libertad de expresi\u00f3n sea real. Visita nuestro medio informativo publicado desde Hermosillo, Sonora. %","og_url":"https:\/\/www.sonoraenequipo.com.mx\/nina-de-13-anos-quedo-embarazada-por-segunda-vez-por-un-hombre-de-40-anos\/","og_site_name":"Sonora en Equipo.","article_publisher":"https:\/\/www.facebook.com\/SonoraEE\/","article_author":"https:\/\/www.facebook.com\/SonoraEE","article_published_time":"2022-03-05T06:53:45+00:00","article_modified_time":"2022-03-06T03:05:06+00:00","og_image":[{"width":700,"height":400,"url":"https:\/\/www.sonoraenequipo.com.mx\/storage\/2022\/03\/nina-de-13-anos-quedo-embarazada-por-un-hombre-de-40-anos_opt.jpg","type":"image\/jpeg"}],"author":"enequipo","twitter_card":"summary_large_image","twitter_creator":"@sonoraenequipo","twitter_site":"@sonoraenequipo","twitter_misc":{"Escrito por":"enequipo","Tiempo de lectura":"1 minuto"},"schema":{"@context":"https:\/\/schema.org","@graph":[{"@type":"Article","@id":"https:\/\/www.sonoraenequipo.com.mx\/nina-de-13-anos-quedo-embarazada-por-segunda-vez-por-un-hombre-de-40-anos\/#article","isPartOf":{"@id":"https:\/\/www.sonoraenequipo.com.mx\/nina-de-13-anos-quedo-embarazada-por-segunda-vez-por-un-hombre-de-40-anos\/"},"author":{"name":"enequipo","@id":"https:\/\/www.sonoraenequipo.com.mx\/#\/schema\/person\/50102df0fb23a8fa9e8effad8fa81386"},"headline":"Ni\u00f1a de 13 a\u00f1os qued\u00f3 embarazada por segunda vez por un hombre de 40 a\u00f1os","datePublished":"2022-03-05T06:53:45+00:00","dateModified":"2022-03-06T03:05:06+00:00","mainEntityOfPage":{"@id":"https:\/\/www.sonoraenequipo.com.mx\/nina-de-13-anos-quedo-embarazada-por-segunda-vez-por-un-hombre-de-40-anos\/"},"wordCount":300,"commentCount":0,"publisher":{"@id":"https:\/\/www.sonoraenequipo.com.mx\/#organization"},"image":{"@id":"https:\/\/www.sonoraenequipo.com.mx\/nina-de-13-anos-quedo-embarazada-por-segunda-vez-por-un-hombre-de-40-anos\/#primaryimage"},"thumbnailUrl":"https:\/\/www.sonoraenequipo.com.mx\/storage\/2022\/03\/nina-de-13-anos-quedo-embarazada-por-un-hombre-de-40-anos_opt.jpg","articleSection":["Rep\u00fablica"],"inLanguage":"es","potentialAction":[{"@type":"CommentAction","name":"Comment","target":["https:\/\/www.sonoraenequipo.com.mx\/nina-de-13-anos-quedo-embarazada-por-segunda-vez-por-un-hombre-de-40-anos\/#respond"]}]},{"@type":"WebPage","@id":"https:\/\/www.sonoraenequipo.com.mx\/nina-de-13-anos-quedo-embarazada-por-segunda-vez-por-un-hombre-de-40-anos\/","url":"https:\/\/www.sonoraenequipo.com.mx\/nina-de-13-anos-quedo-embarazada-por-segunda-vez-por-un-hombre-de-40-anos\/","name":"Sonora en Equipo. Ni\u00f1a de 13 a\u00f1os qued\u00f3 embarazada por segunda vez por un hombre de 40 a\u00f1os Rep\u00fablica","isPartOf":{"@id":"https:\/\/www.sonoraenequipo.com.mx\/#website"},"primaryImageOfPage":{"@id":"https:\/\/www.sonoraenequipo.com.mx\/nina-de-13-anos-quedo-embarazada-por-segunda-vez-por-un-hombre-de-40-anos\/#primaryimage"},"image":{"@id":"https:\/\/www.sonoraenequipo.com.mx\/nina-de-13-anos-quedo-embarazada-por-segunda-vez-por-un-hombre-de-40-anos\/#primaryimage"},"thumbnailUrl":"https:\/\/www.sonoraenequipo.com.mx\/storage\/2022\/03\/nina-de-13-anos-quedo-embarazada-por-un-hombre-de-40-anos_opt.jpg","datePublished":"2022-03-05T06:53:45+00:00","dateModified":"2022-03-06T03:05:06+00:00","description":"TLAXCALA. MX. \u2014 La gobernadora de Tlaxcala revel\u00f3 el caso de una ni\u00f1a de 13 a\u00f1os que dio a luz por segunda vez. El presunto responsable del abuso, un En Sonora en Equipo publicamos toda la informaci\u00f3n de Sonora, M\u00e9xico y el Mundo de manera oportuna y busca que la libertad de expresi\u00f3n sea real. Visita nuestro medio informativo publicado desde Hermosillo, Sonora. %","breadcrumb":{"@id":"https:\/\/www.sonoraenequipo.com.mx\/nina-de-13-anos-quedo-embarazada-por-segunda-vez-por-un-hombre-de-40-anos\/#breadcrumb"},"inLanguage":"es","potentialAction":[{"@type":"ReadAction","target":["https:\/\/www.sonoraenequipo.com.mx\/nina-de-13-anos-quedo-embarazada-por-segunda-vez-por-un-hombre-de-40-anos\/"]}]},{"@type":"ImageObject","inLanguage":"es","@id":"https:\/\/www.sonoraenequipo.com.mx\/nina-de-13-anos-quedo-embarazada-por-segunda-vez-por-un-hombre-de-40-anos\/#primaryimage","url":"https:\/\/www.sonoraenequipo.com.mx\/storage\/2022\/03\/nina-de-13-anos-quedo-embarazada-por-un-hombre-de-40-anos_opt.jpg","contentUrl":"https:\/\/www.sonoraenequipo.com.mx\/storage\/2022\/03\/nina-de-13-anos-quedo-embarazada-por-un-hombre-de-40-anos_opt.jpg","width":700,"height":400},{"@type":"BreadcrumbList","@id":"https:\/\/www.sonoraenequipo.com.mx\/nina-de-13-anos-quedo-embarazada-por-segunda-vez-por-un-hombre-de-40-anos\/#breadcrumb","itemListElement":[{"@type":"ListItem","position":1,"name":"Portada","item":"https:\/\/www.sonoraenequipo.com.mx\/"},{"@type":"ListItem","position":2,"name":"Ni\u00f1a de 13 a\u00f1os qued\u00f3 embarazada por segunda vez por un hombre de 40 a\u00f1os"}]},{"@type":"WebSite","@id":"https:\/\/www.sonoraenequipo.com.mx\/#website","url":"https:\/\/www.sonoraenequipo.com.mx\/","name":"Sonora en Equipo.","description":"Diario en l\u00ednea con Noticias desde Hermosillo, Sonora","publisher":{"@id":"https:\/\/www.sonoraenequipo.com.mx\/#organization"},"potentialAction":[{"@type":"SearchAction","target":{"@type":"EntryPoint","urlTemplate":"https:\/\/www.sonoraenequipo.com.mx\/?s={search_term_string}"},"query-input":{"@type":"PropertyValueSpecification","valueRequired":true,"valueName":"search_term_string"}}],"inLanguage":"es"},{"@type":"Organization","@id":"https:\/\/www.sonoraenequipo.com.mx\/#organization","name":"Sonoraenequipo.com.mx","url":"https:\/\/www.sonoraenequipo.com.mx\/","logo":{"@type":"ImageObject","inLanguage":"es","@id":"https:\/\/www.sonoraenequipo.com.mx\/#\/schema\/logo\/image\/","url":"https:\/\/www.sonoraenequipo.com.mx\/storage\/2019\/01\/sonoraenequipo_opt.png","contentUrl":"https:\/\/www.sonoraenequipo.com.mx\/storage\/2019\/01\/sonoraenequipo_opt.png","width":375,"height":125,"caption":"Sonoraenequipo.com.mx"},"image":{"@id":"https:\/\/www.sonoraenequipo.com.mx\/#\/schema\/logo\/image\/"},"sameAs":["https:\/\/www.facebook.com\/SonoraEE\/","https:\/\/x.com\/sonoraenequipo","https:\/\/www.youtube.com\/channel\/UC338nW-lPEYmJQs4ZABQ1SQ"]},{"@type":"Person","@id":"https:\/\/www.sonoraenequipo.com.mx\/#\/schema\/person\/50102df0fb23a8fa9e8effad8fa81386","name":"enequipo","image":{"@type":"ImageObject","inLanguage":"es","@id":"https:\/\/www.sonoraenequipo.com.mx\/#\/schema\/person\/image\/","url":"https:\/\/secure.gravatar.com\/avatar\/049821681b589dabc0bc20695993ccebb09f5b5d4d790cd9251b97faac7c652b?s=96&d=blank&r=g","contentUrl":"https:\/\/secure.gravatar.com\/avatar\/049821681b589dabc0bc20695993ccebb09f5b5d4d790cd9251b97faac7c652b?s=96&d=blank&r=g","caption":"enequipo"},"sameAs":["https:\/\/www.facebook.com\/SonoraEE"]}]}},"jetpack_featured_media_url":"https:\/\/www.sonoraenequipo.com.mx\/storage\/2022\/03\/nina-de-13-anos-quedo-embarazada-por-un-hombre-de-40-anos_opt.jpg","_links":{"self":[{"href":"https:\/\/www.sonoraenequipo.com.mx\/api\/wp\/v2\/posts\/134351","targetHints":{"allow":["GET"]}}],"collection":[{"href":"https:\/\/www.sonoraenequipo.com.mx\/api\/wp\/v2\/posts"}],"about":[{"href":"https:\/\/www.sonoraenequipo.com.mx\/api\/wp\/v2\/types\/post"}],"author":[{"embeddable":true,"href":"https:\/\/www.sonoraenequipo.com.mx\/api\/wp\/v2\/users\/1"}],"replies":[{"embeddable":true,"href":"https:\/\/www.sonoraenequipo.com.mx\/api\/wp\/v2\/comments?post=134351"}],"version-history":[{"count":1,"href":"https:\/\/www.sonoraenequipo.com.mx\/api\/wp\/v2\/posts\/134351\/revisions"}],"predecessor-version":[{"id":134353,"href":"https:\/\/www.sonoraenequipo.com.mx\/api\/wp\/v2\/posts\/134351\/revisions\/134353"}],"wp:featuredmedia":[{"embeddable":true,"href":"https:\/\/www.sonoraenequipo.com.mx\/api\/wp\/v2\/media\/134352"}],"wp:attachment":[{"href":"https:\/\/www.sonoraenequipo.com.mx\/api\/wp\/v2\/media?parent=134351"}],"wp:term":[{"taxonomy":"category","embeddable":true,"href":"https:\/\/www.sonoraenequipo.com.mx\/api\/wp\/v2\/categories?post=134351"},{"taxonomy":"post_tag","embeddable":true,"href":"https:\/\/www.sonoraenequipo.com.mx\/api\/wp\/v2\/tags?post=134351"}],"curies":[{"name":"wp","href":"https:\/\/api.w.org\/{rel}","templated":true}]}}