{"id":135620,"date":"2022-03-25T14:03:46","date_gmt":"2022-03-25T21:03:46","guid":{"rendered":"https:\/\/www.sonoraenequipo.com.mx\/?p=135620"},"modified":"2022-03-25T19:49:09","modified_gmt":"2022-03-26T02:49:09","slug":"aprueba-cabildo-donar-lote-para-cuartel-de-la-guardia-nacional-en-cajeme","status":"publish","type":"post","link":"https:\/\/www.sonoraenequipo.com.mx\/aprueba-cabildo-donar-lote-para-cuartel-de-la-guardia-nacional-en-cajeme\/","title":{"rendered":"Aprueba cabildo donar lote para cuartel de la guardia nacional en Cajeme"},"content":{"rendered":"<p>CAJEME.SONORA,MX.\u25ac \u00a0En Sesi\u00f3n Extraordinaria y todav\u00eda Privada de Cabildo, los regidores cajemenses aprobaron ayer la festividad de un pacto de daci\u00f3n en pago con el Organismo Operador de Agua Potable, con un inmueble de bastante m\u00e1s de 8 hect\u00e1reas, a cambio de pago parcial de la deuda del Oomapasc, as\u00ed como la adhesi\u00f3n del inmueble al patrimonio municipal con el prop\u00f3sito de que este lote sea donado a la SEDENA para la obra de un cuartel con capacidad de mil 200 recursos de la Guardia Nacional.<\/p>\n<p>&nbsp;<\/p>\n<p>\u201cEn el marco de un sem\u00e1foro epidemiol\u00f3gico en verde, las y los miembros del Comit\u00e9 Municipal AntiCovid han admitido la solicitud de las y los regidores, as\u00ed como de representantes de los medios de comunicaci\u00f3n, para que las sesiones de Cabildo pasen de ser ordinarias y privadas a ordinarias y p\u00fablicas, por lo cual, con base a c\u00e1lculo aritm\u00e9tico, la junta concluy\u00f3 que, en dichas sesiones, y seg\u00fan el reparto del mobiliario, el aforo se limita a 80 por ciento de la capacidad total de la sala de cabildo\u201d, concluy\u00f3 en su instante la junta AntiCovid.<\/p>\n","protected":false},"excerpt":{"rendered":"<p>CAJEME.SONORA,MX.\u25ac \u00a0En Sesi\u00f3n Extraordinaria y todav\u00eda Privada de Cabildo, los regidores cajemenses aprobaron ayer la&#8230;<\/p>\n","protected":false},"author":1,"featured_media":135621,"comment_status":"open","ping_status":"open","sticky":false,"template":"","format":"standard","meta":{"_monsterinsights_skip_tracking":false,"_monsterinsights_sitenote_active":false,"_monsterinsights_sitenote_note":"","_monsterinsights_sitenote_category":0,"footnotes":""},"categories":[4],"tags":[476,170],"class_list":["post"],"yoast_head":" \n<title>Sonora en Equipo. Aprueba cabildo donar lote para cuartel de la guardia nacional en Cajeme Municipios<\/title>\n<meta name=\"description\" content=\"CAJEME.SONORA,MX.\u25ac \u00a0En Sesi\u00f3n Extraordinaria y todav\u00eda Privada de Cabildo, los regidores cajemenses aprobaron ayer la festividad de un pacto de daci\u00f3n en En Sonora en Equipo publicamos toda la informaci\u00f3n de Sonora, M\u00e9xico y el Mundo de manera oportuna y busca que la libertad de expresi\u00f3n sea real. Visita nuestro medio informativo publicado desde Hermosillo, Sonora. %\" \/>\n<meta name=\"robots\" content=\"index, follow, max-snippet:-1, max-image-preview:large, max-video-preview:-1\" \/>\n<link rel=\"canonical\" href=\"https:\/\/www.sonoraenequipo.com.mx\/aprueba-cabildo-donar-lote-para-cuartel-de-la-guardia-nacional-en-cajeme\/\" \/>\n<meta property=\"og:locale\" content=\"es_ES\" \/>\n<meta property=\"og:type\" content=\"article\" \/>\n<meta property=\"og:title\" content=\"Sonora en Equipo. Aprueba cabildo donar lote para cuartel de la guardia nacional en Cajeme Municipios\" \/>\n<meta property=\"og:description\" content=\"CAJEME.SONORA,MX.\u25ac \u00a0En Sesi\u00f3n Extraordinaria y todav\u00eda Privada de Cabildo, los regidores cajemenses aprobaron ayer la festividad de un pacto de daci\u00f3n en En Sonora en Equipo publicamos toda la informaci\u00f3n de Sonora, M\u00e9xico y el Mundo de manera oportuna y busca que la libertad de expresi\u00f3n sea real. Visita nuestro medio informativo publicado desde Hermosillo, Sonora. %\" \/>\n<meta property=\"og:url\" content=\"https:\/\/www.sonoraenequipo.com.mx\/aprueba-cabildo-donar-lote-para-cuartel-de-la-guardia-nacional-en-cajeme\/\" \/>\n<meta property=\"og:site_name\" content=\"Sonora en Equipo.\" \/>\n<meta property=\"article:publisher\" content=\"https:\/\/www.facebook.com\/SonoraEE\/\" \/>\n<meta property=\"article:author\" content=\"https:\/\/www.facebook.com\/SonoraEE\" \/>\n<meta property=\"article:published_time\" content=\"2022-03-25T21:03:46+00:00\" \/>\n<meta property=\"article:modified_time\" content=\"2022-03-26T02:49:09+00:00\" \/>\n<meta property=\"og:image\" content=\"https:\/\/www.sonoraenequipo.com.mx\/storage\/2022\/03\/cajeme-2.jpg\" \/>\n\t<meta property=\"og:image:width\" content=\"700\" \/>\n\t<meta property=\"og:image:height\" content=\"400\" \/>\n\t<meta property=\"og:image:type\" content=\"image\/jpeg\" \/>\n<meta name=\"author\" content=\"enequipo\" \/>\n<meta name=\"twitter:card\" content=\"summary_large_image\" \/>\n<meta name=\"twitter:creator\" content=\"@sonoraenequipo\" \/>\n<meta name=\"twitter:site\" content=\"@sonoraenequipo\" \/>\n<meta name=\"twitter:label1\" content=\"Escrito por\" \/>\n\t<meta name=\"twitter:data1\" content=\"enequipo\" \/>\n\t<meta name=\"twitter:label2\" content=\"Tiempo de lectura\" \/>\n\t<meta name=\"twitter:data2\" content=\"1 minuto\" \/>\n<script type=\"application\/ld+json\" class=\"yoast-schema-graph\">{\"@context\":\"https:\/\/schema.org\",\"@graph\":[{\"@type\":\"Article\",\"@id\":\"https:\/\/www.sonoraenequipo.com.mx\/aprueba-cabildo-donar-lote-para-cuartel-de-la-guardia-nacional-en-cajeme\/#article\",\"isPartOf\":{\"@id\":\"https:\/\/www.sonoraenequipo.com.mx\/aprueba-cabildo-donar-lote-para-cuartel-de-la-guardia-nacional-en-cajeme\/\"},\"author\":{\"name\":\"enequipo\",\"@id\":\"https:\/\/www.sonoraenequipo.com.mx\/#\/schema\/person\/50102df0fb23a8fa9e8effad8fa81386\"},\"headline\":\"Aprueba cabildo donar lote para cuartel de la guardia nacional en Cajeme\",\"datePublished\":\"2022-03-25T21:03:46+00:00\",\"dateModified\":\"2022-03-26T02:49:09+00:00\",\"mainEntityOfPage\":{\"@id\":\"https:\/\/www.sonoraenequipo.com.mx\/aprueba-cabildo-donar-lote-para-cuartel-de-la-guardia-nacional-en-cajeme\/\"},\"wordCount\":208,\"commentCount\":0,\"publisher\":{\"@id\":\"https:\/\/www.sonoraenequipo.com.mx\/#organization\"},\"image\":{\"@id\":\"https:\/\/www.sonoraenequipo.com.mx\/aprueba-cabildo-donar-lote-para-cuartel-de-la-guardia-nacional-en-cajeme\/#primaryimage\"},\"thumbnailUrl\":\"https:\/\/www.sonoraenequipo.com.mx\/storage\/2022\/03\/cajeme-2.jpg\",\"keywords\":[\"Cajeme\",\"Seguridad\"],\"articleSection\":[\"Municipios\"],\"inLanguage\":\"es\",\"potentialAction\":[{\"@type\":\"CommentAction\",\"name\":\"Comment\",\"target\":[\"https:\/\/www.sonoraenequipo.com.mx\/aprueba-cabildo-donar-lote-para-cuartel-de-la-guardia-nacional-en-cajeme\/#respond\"]}]},{\"@type\":\"WebPage\",\"@id\":\"https:\/\/www.sonoraenequipo.com.mx\/aprueba-cabildo-donar-lote-para-cuartel-de-la-guardia-nacional-en-cajeme\/\",\"url\":\"https:\/\/www.sonoraenequipo.com.mx\/aprueba-cabildo-donar-lote-para-cuartel-de-la-guardia-nacional-en-cajeme\/\",\"name\":\"Sonora en Equipo. Aprueba cabildo donar lote para cuartel de la guardia nacional en Cajeme Municipios\",\"isPartOf\":{\"@id\":\"https:\/\/www.sonoraenequipo.com.mx\/#website\"},\"primaryImageOfPage\":{\"@id\":\"https:\/\/www.sonoraenequipo.com.mx\/aprueba-cabildo-donar-lote-para-cuartel-de-la-guardia-nacional-en-cajeme\/#primaryimage\"},\"image\":{\"@id\":\"https:\/\/www.sonoraenequipo.com.mx\/aprueba-cabildo-donar-lote-para-cuartel-de-la-guardia-nacional-en-cajeme\/#primaryimage\"},\"thumbnailUrl\":\"https:\/\/www.sonoraenequipo.com.mx\/storage\/2022\/03\/cajeme-2.jpg\",\"datePublished\":\"2022-03-25T21:03:46+00:00\",\"dateModified\":\"2022-03-26T02:49:09+00:00\",\"description\":\"CAJEME.SONORA,MX.\u25ac \u00a0En Sesi\u00f3n Extraordinaria y todav\u00eda Privada de Cabildo, los regidores cajemenses aprobaron ayer la festividad de un pacto de daci\u00f3n en En Sonora en Equipo publicamos toda la informaci\u00f3n de Sonora, M\u00e9xico y el Mundo de manera oportuna y busca que la libertad de expresi\u00f3n sea real. Visita nuestro medio informativo publicado desde Hermosillo, Sonora. %\",\"breadcrumb\":{\"@id\":\"https:\/\/www.sonoraenequipo.com.mx\/aprueba-cabildo-donar-lote-para-cuartel-de-la-guardia-nacional-en-cajeme\/#breadcrumb\"},\"inLanguage\":\"es\",\"potentialAction\":[{\"@type\":\"ReadAction\",\"target\":[\"https:\/\/www.sonoraenequipo.com.mx\/aprueba-cabildo-donar-lote-para-cuartel-de-la-guardia-nacional-en-cajeme\/\"]}]},{\"@type\":\"ImageObject\",\"inLanguage\":\"es\",\"@id\":\"https:\/\/www.sonoraenequipo.com.mx\/aprueba-cabildo-donar-lote-para-cuartel-de-la-guardia-nacional-en-cajeme\/#primaryimage\",\"url\":\"https:\/\/www.sonoraenequipo.com.mx\/storage\/2022\/03\/cajeme-2.jpg\",\"contentUrl\":\"https:\/\/www.sonoraenequipo.com.mx\/storage\/2022\/03\/cajeme-2.jpg\",\"width\":700,\"height\":400},{\"@type\":\"BreadcrumbList\",\"@id\":\"https:\/\/www.sonoraenequipo.com.mx\/aprueba-cabildo-donar-lote-para-cuartel-de-la-guardia-nacional-en-cajeme\/#breadcrumb\",\"itemListElement\":[{\"@type\":\"ListItem\",\"position\":1,\"name\":\"Portada\",\"item\":\"https:\/\/www.sonoraenequipo.com.mx\/\"},{\"@type\":\"ListItem\",\"position\":2,\"name\":\"Aprueba cabildo donar lote para cuartel de la guardia nacional en Cajeme\"}]},{\"@type\":\"WebSite\",\"@id\":\"https:\/\/www.sonoraenequipo.com.mx\/#website\",\"url\":\"https:\/\/www.sonoraenequipo.com.mx\/\",\"name\":\"Sonora en Equipo.\",\"description\":\"Diario en l\u00ednea con Noticias desde Hermosillo, Sonora\",\"publisher\":{\"@id\":\"https:\/\/www.sonoraenequipo.com.mx\/#organization\"},\"potentialAction\":[{\"@type\":\"SearchAction\",\"target\":{\"@type\":\"EntryPoint\",\"urlTemplate\":\"https:\/\/www.sonoraenequipo.com.mx\/?s={search_term_string}\"},\"query-input\":{\"@type\":\"PropertyValueSpecification\",\"valueRequired\":true,\"valueName\":\"search_term_string\"}}],\"inLanguage\":\"es\"},{\"@type\":\"Organization\",\"@id\":\"https:\/\/www.sonoraenequipo.com.mx\/#organization\",\"name\":\"Sonoraenequipo.com.mx\",\"url\":\"https:\/\/www.sonoraenequipo.com.mx\/\",\"logo\":{\"@type\":\"ImageObject\",\"inLanguage\":\"es\",\"@id\":\"https:\/\/www.sonoraenequipo.com.mx\/#\/schema\/logo\/image\/\",\"url\":\"https:\/\/www.sonoraenequipo.com.mx\/storage\/2019\/01\/sonoraenequipo_opt.png\",\"contentUrl\":\"https:\/\/www.sonoraenequipo.com.mx\/storage\/2019\/01\/sonoraenequipo_opt.png\",\"width\":375,\"height\":125,\"caption\":\"Sonoraenequipo.com.mx\"},\"image\":{\"@id\":\"https:\/\/www.sonoraenequipo.com.mx\/#\/schema\/logo\/image\/\"},\"sameAs\":[\"https:\/\/www.facebook.com\/SonoraEE\/\",\"https:\/\/x.com\/sonoraenequipo\",\"https:\/\/www.youtube.com\/channel\/UC338nW-lPEYmJQs4ZABQ1SQ\"]},{\"@type\":\"Person\",\"@id\":\"https:\/\/www.sonoraenequipo.com.mx\/#\/schema\/person\/50102df0fb23a8fa9e8effad8fa81386\",\"name\":\"enequipo\",\"image\":{\"@type\":\"ImageObject\",\"inLanguage\":\"es\",\"@id\":\"https:\/\/www.sonoraenequipo.com.mx\/#\/schema\/person\/image\/\",\"url\":\"https:\/\/secure.gravatar.com\/avatar\/049821681b589dabc0bc20695993ccebb09f5b5d4d790cd9251b97faac7c652b?s=96&d=blank&r=g\",\"contentUrl\":\"https:\/\/secure.gravatar.com\/avatar\/049821681b589dabc0bc20695993ccebb09f5b5d4d790cd9251b97faac7c652b?s=96&d=blank&r=g\",\"caption\":\"enequipo\"},\"sameAs\":[\"https:\/\/www.facebook.com\/SonoraEE\"]}]}<\/script>\n ","yoast_head_json":{"title":"Sonora en Equipo. Aprueba cabildo donar lote para cuartel de la guardia nacional en Cajeme Municipios","description":"CAJEME.SONORA,MX.\u25ac \u00a0En Sesi\u00f3n Extraordinaria y todav\u00eda Privada de Cabildo, los regidores cajemenses aprobaron ayer la festividad de un pacto de daci\u00f3n en En Sonora en Equipo publicamos toda la informaci\u00f3n de Sonora, M\u00e9xico y el Mundo de manera oportuna y busca que la libertad de expresi\u00f3n sea real. Visita nuestro medio informativo publicado desde Hermosillo, Sonora. %","robots":{"index":"index","follow":"follow","max-snippet":"max-snippet:-1","max-image-preview":"max-image-preview:large","max-video-preview":"max-video-preview:-1"},"canonical":"https:\/\/www.sonoraenequipo.com.mx\/aprueba-cabildo-donar-lote-para-cuartel-de-la-guardia-nacional-en-cajeme\/","og_locale":"es_ES","og_type":"article","og_title":"Sonora en Equipo. Aprueba cabildo donar lote para cuartel de la guardia nacional en Cajeme Municipios","og_description":"CAJEME.SONORA,MX.\u25ac \u00a0En Sesi\u00f3n Extraordinaria y todav\u00eda Privada de Cabildo, los regidores cajemenses aprobaron ayer la festividad de un pacto de daci\u00f3n en En Sonora en Equipo publicamos toda la informaci\u00f3n de Sonora, M\u00e9xico y el Mundo de manera oportuna y busca que la libertad de expresi\u00f3n sea real. Visita nuestro medio informativo publicado desde Hermosillo, Sonora. %","og_url":"https:\/\/www.sonoraenequipo.com.mx\/aprueba-cabildo-donar-lote-para-cuartel-de-la-guardia-nacional-en-cajeme\/","og_site_name":"Sonora en Equipo.","article_publisher":"https:\/\/www.facebook.com\/SonoraEE\/","article_author":"https:\/\/www.facebook.com\/SonoraEE","article_published_time":"2022-03-25T21:03:46+00:00","article_modified_time":"2022-03-26T02:49:09+00:00","og_image":[{"width":700,"height":400,"url":"https:\/\/www.sonoraenequipo.com.mx\/storage\/2022\/03\/cajeme-2.jpg","type":"image\/jpeg"}],"author":"enequipo","twitter_card":"summary_large_image","twitter_creator":"@sonoraenequipo","twitter_site":"@sonoraenequipo","twitter_misc":{"Escrito por":"enequipo","Tiempo de lectura":"1 minuto"},"schema":{"@context":"https:\/\/schema.org","@graph":[{"@type":"Article","@id":"https:\/\/www.sonoraenequipo.com.mx\/aprueba-cabildo-donar-lote-para-cuartel-de-la-guardia-nacional-en-cajeme\/#article","isPartOf":{"@id":"https:\/\/www.sonoraenequipo.com.mx\/aprueba-cabildo-donar-lote-para-cuartel-de-la-guardia-nacional-en-cajeme\/"},"author":{"name":"enequipo","@id":"https:\/\/www.sonoraenequipo.com.mx\/#\/schema\/person\/50102df0fb23a8fa9e8effad8fa81386"},"headline":"Aprueba cabildo donar lote para cuartel de la guardia nacional en Cajeme","datePublished":"2022-03-25T21:03:46+00:00","dateModified":"2022-03-26T02:49:09+00:00","mainEntityOfPage":{"@id":"https:\/\/www.sonoraenequipo.com.mx\/aprueba-cabildo-donar-lote-para-cuartel-de-la-guardia-nacional-en-cajeme\/"},"wordCount":208,"commentCount":0,"publisher":{"@id":"https:\/\/www.sonoraenequipo.com.mx\/#organization"},"image":{"@id":"https:\/\/www.sonoraenequipo.com.mx\/aprueba-cabildo-donar-lote-para-cuartel-de-la-guardia-nacional-en-cajeme\/#primaryimage"},"thumbnailUrl":"https:\/\/www.sonoraenequipo.com.mx\/storage\/2022\/03\/cajeme-2.jpg","keywords":["Cajeme","Seguridad"],"articleSection":["Municipios"],"inLanguage":"es","potentialAction":[{"@type":"CommentAction","name":"Comment","target":["https:\/\/www.sonoraenequipo.com.mx\/aprueba-cabildo-donar-lote-para-cuartel-de-la-guardia-nacional-en-cajeme\/#respond"]}]},{"@type":"WebPage","@id":"https:\/\/www.sonoraenequipo.com.mx\/aprueba-cabildo-donar-lote-para-cuartel-de-la-guardia-nacional-en-cajeme\/","url":"https:\/\/www.sonoraenequipo.com.mx\/aprueba-cabildo-donar-lote-para-cuartel-de-la-guardia-nacional-en-cajeme\/","name":"Sonora en Equipo. Aprueba cabildo donar lote para cuartel de la guardia nacional en Cajeme Municipios","isPartOf":{"@id":"https:\/\/www.sonoraenequipo.com.mx\/#website"},"primaryImageOfPage":{"@id":"https:\/\/www.sonoraenequipo.com.mx\/aprueba-cabildo-donar-lote-para-cuartel-de-la-guardia-nacional-en-cajeme\/#primaryimage"},"image":{"@id":"https:\/\/www.sonoraenequipo.com.mx\/aprueba-cabildo-donar-lote-para-cuartel-de-la-guardia-nacional-en-cajeme\/#primaryimage"},"thumbnailUrl":"https:\/\/www.sonoraenequipo.com.mx\/storage\/2022\/03\/cajeme-2.jpg","datePublished":"2022-03-25T21:03:46+00:00","dateModified":"2022-03-26T02:49:09+00:00","description":"CAJEME.SONORA,MX.\u25ac \u00a0En Sesi\u00f3n Extraordinaria y todav\u00eda Privada de Cabildo, los regidores cajemenses aprobaron ayer la festividad de un pacto de daci\u00f3n en En Sonora en Equipo publicamos toda la informaci\u00f3n de Sonora, M\u00e9xico y el Mundo de manera oportuna y busca que la libertad de expresi\u00f3n sea real. Visita nuestro medio informativo publicado desde Hermosillo, Sonora. %","breadcrumb":{"@id":"https:\/\/www.sonoraenequipo.com.mx\/aprueba-cabildo-donar-lote-para-cuartel-de-la-guardia-nacional-en-cajeme\/#breadcrumb"},"inLanguage":"es","potentialAction":[{"@type":"ReadAction","target":["https:\/\/www.sonoraenequipo.com.mx\/aprueba-cabildo-donar-lote-para-cuartel-de-la-guardia-nacional-en-cajeme\/"]}]},{"@type":"ImageObject","inLanguage":"es","@id":"https:\/\/www.sonoraenequipo.com.mx\/aprueba-cabildo-donar-lote-para-cuartel-de-la-guardia-nacional-en-cajeme\/#primaryimage","url":"https:\/\/www.sonoraenequipo.com.mx\/storage\/2022\/03\/cajeme-2.jpg","contentUrl":"https:\/\/www.sonoraenequipo.com.mx\/storage\/2022\/03\/cajeme-2.jpg","width":700,"height":400},{"@type":"BreadcrumbList","@id":"https:\/\/www.sonoraenequipo.com.mx\/aprueba-cabildo-donar-lote-para-cuartel-de-la-guardia-nacional-en-cajeme\/#breadcrumb","itemListElement":[{"@type":"ListItem","position":1,"name":"Portada","item":"https:\/\/www.sonoraenequipo.com.mx\/"},{"@type":"ListItem","position":2,"name":"Aprueba cabildo donar lote para cuartel de la guardia nacional en Cajeme"}]},{"@type":"WebSite","@id":"https:\/\/www.sonoraenequipo.com.mx\/#website","url":"https:\/\/www.sonoraenequipo.com.mx\/","name":"Sonora en Equipo.","description":"Diario en l\u00ednea con Noticias desde Hermosillo, Sonora","publisher":{"@id":"https:\/\/www.sonoraenequipo.com.mx\/#organization"},"potentialAction":[{"@type":"SearchAction","target":{"@type":"EntryPoint","urlTemplate":"https:\/\/www.sonoraenequipo.com.mx\/?s={search_term_string}"},"query-input":{"@type":"PropertyValueSpecification","valueRequired":true,"valueName":"search_term_string"}}],"inLanguage":"es"},{"@type":"Organization","@id":"https:\/\/www.sonoraenequipo.com.mx\/#organization","name":"Sonoraenequipo.com.mx","url":"https:\/\/www.sonoraenequipo.com.mx\/","logo":{"@type":"ImageObject","inLanguage":"es","@id":"https:\/\/www.sonoraenequipo.com.mx\/#\/schema\/logo\/image\/","url":"https:\/\/www.sonoraenequipo.com.mx\/storage\/2019\/01\/sonoraenequipo_opt.png","contentUrl":"https:\/\/www.sonoraenequipo.com.mx\/storage\/2019\/01\/sonoraenequipo_opt.png","width":375,"height":125,"caption":"Sonoraenequipo.com.mx"},"image":{"@id":"https:\/\/www.sonoraenequipo.com.mx\/#\/schema\/logo\/image\/"},"sameAs":["https:\/\/www.facebook.com\/SonoraEE\/","https:\/\/x.com\/sonoraenequipo","https:\/\/www.youtube.com\/channel\/UC338nW-lPEYmJQs4ZABQ1SQ"]},{"@type":"Person","@id":"https:\/\/www.sonoraenequipo.com.mx\/#\/schema\/person\/50102df0fb23a8fa9e8effad8fa81386","name":"enequipo","image":{"@type":"ImageObject","inLanguage":"es","@id":"https:\/\/www.sonoraenequipo.com.mx\/#\/schema\/person\/image\/","url":"https:\/\/secure.gravatar.com\/avatar\/049821681b589dabc0bc20695993ccebb09f5b5d4d790cd9251b97faac7c652b?s=96&d=blank&r=g","contentUrl":"https:\/\/secure.gravatar.com\/avatar\/049821681b589dabc0bc20695993ccebb09f5b5d4d790cd9251b97faac7c652b?s=96&d=blank&r=g","caption":"enequipo"},"sameAs":["https:\/\/www.facebook.com\/SonoraEE"]}]}},"jetpack_featured_media_url":"https:\/\/www.sonoraenequipo.com.mx\/storage\/2022\/03\/cajeme-2.jpg","_links":{"self":[{"href":"https:\/\/www.sonoraenequipo.com.mx\/api\/wp\/v2\/posts\/135620","targetHints":{"allow":["GET"]}}],"collection":[{"href":"https:\/\/www.sonoraenequipo.com.mx\/api\/wp\/v2\/posts"}],"about":[{"href":"https:\/\/www.sonoraenequipo.com.mx\/api\/wp\/v2\/types\/post"}],"author":[{"embeddable":true,"href":"https:\/\/www.sonoraenequipo.com.mx\/api\/wp\/v2\/users\/1"}],"replies":[{"embeddable":true,"href":"https:\/\/www.sonoraenequipo.com.mx\/api\/wp\/v2\/comments?post=135620"}],"version-history":[{"count":1,"href":"https:\/\/www.sonoraenequipo.com.mx\/api\/wp\/v2\/posts\/135620\/revisions"}],"predecessor-version":[{"id":135622,"href":"https:\/\/www.sonoraenequipo.com.mx\/api\/wp\/v2\/posts\/135620\/revisions\/135622"}],"wp:featuredmedia":[{"embeddable":true,"href":"https:\/\/www.sonoraenequipo.com.mx\/api\/wp\/v2\/media\/135621"}],"wp:attachment":[{"href":"https:\/\/www.sonoraenequipo.com.mx\/api\/wp\/v2\/media?parent=135620"}],"wp:term":[{"taxonomy":"category","embeddable":true,"href":"https:\/\/www.sonoraenequipo.com.mx\/api\/wp\/v2\/categories?post=135620"},{"taxonomy":"post_tag","embeddable":true,"href":"https:\/\/www.sonoraenequipo.com.mx\/api\/wp\/v2\/tags?post=135620"}],"curies":[{"name":"wp","href":"https:\/\/api.w.org\/{rel}","templated":true}]}}