{"id":135627,"date":"2022-03-25T14:55:08","date_gmt":"2022-03-25T21:55:08","guid":{"rendered":"https:\/\/www.sonoraenequipo.com.mx\/?p=135627"},"modified":"2022-03-25T17:23:28","modified_gmt":"2022-03-26T00:23:28","slug":"seguridad-agua-e-infraestructura-algunas-prioridades-aatender-a-favor-del-pueblo-seri-sedesson","status":"publish","type":"post","link":"https:\/\/www.sonoraenequipo.com.mx\/seguridad-agua-e-infraestructura-algunas-prioridades-aatender-a-favor-del-pueblo-seri-sedesson\/","title":{"rendered":"Seguridad, agua e infraestructura, algunas  prioridades a atender a favor del pueblo seri: Sedesson"},"content":{"rendered":"<p><strong>PITIQUITO, SONORA,MX.<\/strong><strong>\u25ac<\/strong> Autoridades tradicionales de la naci\u00f3n comc\u00e1ac de Desemboque solicitaron a las dependencias de los tres \u00f3rdenes de gobierno realizar una reuni\u00f3n espec\u00edficamente sobre el tema seguridad, esto durante las mesas de trabajo del Plan de Justicia Seri, inform\u00f3 Luis Rodr\u00edguez Ter\u00e1n, director de participaci\u00f3n social de la Secretar\u00eda de Desarrollo Social (Sedesson) en representaci\u00f3n de la secretaria Wendy Brice\u00f1o Zuloaga.<\/p>\n<p>&nbsp;<\/p>\n<p>Por su parte, Erika Poblano, coordinadora general de Fomento a la Econom\u00eda Ind\u00edgena del Instituto Nacional de Pueblos Ind\u00edgenas (INPI) y coordinadora del plan por parte del Gobierno de M\u00e9xico, dijo que uno de los acuerdos fue la participaci\u00f3n de la Secretar\u00eda de Gobernaci\u00f3n (Segob), trav\u00e9s de la Subsecretaria de Asuntos Sociales Organizativos y Religiosos, para realizar una reuni\u00f3n de seguridad con las autoridades tradicionales comc\u00e1ac.<\/p>\n<p>&nbsp;<\/p>\n<p>Otros temas abordados durante la reuni\u00f3n fueron infraestructura y gobierno tradicional, relacionados a las necesidades de agua, drenaje infraestructura de salud y educaci\u00f3n.<\/p>\n<p><strong>Fecha de Publicaci\u00f3n viernes<\/strong><strong>\/25<\/strong><strong>\/marzo<\/strong><strong>\/2022<\/strong><\/p>\n<p>&nbsp;<\/p>\n<p>&nbsp;<\/p>\n","protected":false},"excerpt":{"rendered":"<p>PITIQUITO, SONORA,MX.\u25ac Autoridades tradicionales de la naci\u00f3n comc\u00e1ac de Desemboque solicitaron a las dependencias de&#8230;<\/p>\n","protected":false},"author":1,"featured_media":135628,"comment_status":"open","ping_status":"open","sticky":false,"template":"","format":"standard","meta":{"_monsterinsights_skip_tracking":false,"_monsterinsights_sitenote_active":false,"_monsterinsights_sitenote_note":"","_monsterinsights_sitenote_category":0,"footnotes":""},"categories":[22],"tags":[2124,506],"class_list":["post"],"yoast_head":" \n<title>Sonora en Equipo. Seguridad, agua e infraestructura, algunas prioridades a atender a favor del pueblo seri: Sedesson Sonora<\/title>\n<meta name=\"description\" content=\"PITIQUITO, SONORA,MX.\u25ac Autoridades tradicionales de la naci\u00f3n comc\u00e1ac de Desemboque solicitaron a las dependencias de los tres \u00f3rdenes de gobierno En Sonora en Equipo publicamos toda la informaci\u00f3n de Sonora, M\u00e9xico y el Mundo de manera oportuna y busca que la libertad de expresi\u00f3n sea real. Visita nuestro medio informativo publicado desde Hermosillo, Sonora. %\" \/>\n<meta name=\"robots\" content=\"index, follow, max-snippet:-1, max-image-preview:large, max-video-preview:-1\" \/>\n<link rel=\"canonical\" href=\"https:\/\/www.sonoraenequipo.com.mx\/seguridad-agua-e-infraestructura-algunas-prioridades-aatender-a-favor-del-pueblo-seri-sedesson\/\" \/>\n<meta property=\"og:locale\" content=\"es_ES\" \/>\n<meta property=\"og:type\" content=\"article\" \/>\n<meta property=\"og:title\" content=\"Sonora en Equipo. Seguridad, agua e infraestructura, algunas prioridades a atender a favor del pueblo seri: Sedesson Sonora\" \/>\n<meta property=\"og:description\" content=\"PITIQUITO, SONORA,MX.\u25ac Autoridades tradicionales de la naci\u00f3n comc\u00e1ac de Desemboque solicitaron a las dependencias de los tres \u00f3rdenes de gobierno En Sonora en Equipo publicamos toda la informaci\u00f3n de Sonora, M\u00e9xico y el Mundo de manera oportuna y busca que la libertad de expresi\u00f3n sea real. Visita nuestro medio informativo publicado desde Hermosillo, Sonora. %\" \/>\n<meta property=\"og:url\" content=\"https:\/\/www.sonoraenequipo.com.mx\/seguridad-agua-e-infraestructura-algunas-prioridades-aatender-a-favor-del-pueblo-seri-sedesson\/\" \/>\n<meta property=\"og:site_name\" content=\"Sonora en Equipo.\" \/>\n<meta property=\"article:publisher\" content=\"https:\/\/www.facebook.com\/SonoraEE\/\" \/>\n<meta property=\"article:author\" content=\"https:\/\/www.facebook.com\/SonoraEE\" \/>\n<meta property=\"article:published_time\" content=\"2022-03-25T21:55:08+00:00\" \/>\n<meta property=\"article:modified_time\" content=\"2022-03-26T00:23:28+00:00\" \/>\n<meta property=\"og:image\" content=\"https:\/\/www.sonoraenequipo.com.mx\/storage\/2022\/03\/seris-2.jpg\" \/>\n\t<meta property=\"og:image:width\" content=\"700\" \/>\n\t<meta property=\"og:image:height\" content=\"400\" \/>\n\t<meta property=\"og:image:type\" content=\"image\/jpeg\" \/>\n<meta name=\"author\" content=\"enequipo\" \/>\n<meta name=\"twitter:card\" content=\"summary_large_image\" \/>\n<meta name=\"twitter:creator\" content=\"@sonoraenequipo\" \/>\n<meta name=\"twitter:site\" content=\"@sonoraenequipo\" \/>\n<meta name=\"twitter:label1\" content=\"Escrito por\" \/>\n\t<meta name=\"twitter:data1\" content=\"enequipo\" \/>\n\t<meta name=\"twitter:label2\" content=\"Tiempo de lectura\" \/>\n\t<meta name=\"twitter:data2\" content=\"1 minuto\" \/>\n<script type=\"application\/ld+json\" class=\"yoast-schema-graph\">{\"@context\":\"https:\/\/schema.org\",\"@graph\":[{\"@type\":\"Article\",\"@id\":\"https:\/\/www.sonoraenequipo.com.mx\/seguridad-agua-e-infraestructura-algunas-prioridades-aatender-a-favor-del-pueblo-seri-sedesson\/#article\",\"isPartOf\":{\"@id\":\"https:\/\/www.sonoraenequipo.com.mx\/seguridad-agua-e-infraestructura-algunas-prioridades-aatender-a-favor-del-pueblo-seri-sedesson\/\"},\"author\":{\"name\":\"enequipo\",\"@id\":\"https:\/\/www.sonoraenequipo.com.mx\/#\/schema\/person\/50102df0fb23a8fa9e8effad8fa81386\"},\"headline\":\"Seguridad, agua e infraestructura, algunas prioridades a atender a favor del pueblo seri: Sedesson\",\"datePublished\":\"2022-03-25T21:55:08+00:00\",\"dateModified\":\"2022-03-26T00:23:28+00:00\",\"mainEntityOfPage\":{\"@id\":\"https:\/\/www.sonoraenequipo.com.mx\/seguridad-agua-e-infraestructura-algunas-prioridades-aatender-a-favor-del-pueblo-seri-sedesson\/\"},\"wordCount\":198,\"commentCount\":0,\"publisher\":{\"@id\":\"https:\/\/www.sonoraenequipo.com.mx\/#organization\"},\"image\":{\"@id\":\"https:\/\/www.sonoraenequipo.com.mx\/seguridad-agua-e-infraestructura-algunas-prioridades-aatender-a-favor-del-pueblo-seri-sedesson\/#primaryimage\"},\"thumbnailUrl\":\"https:\/\/www.sonoraenequipo.com.mx\/storage\/2022\/03\/seris-2.jpg\",\"keywords\":[\"Sedesson\",\"Seris\"],\"articleSection\":[\"Sonora\"],\"inLanguage\":\"es\",\"potentialAction\":[{\"@type\":\"CommentAction\",\"name\":\"Comment\",\"target\":[\"https:\/\/www.sonoraenequipo.com.mx\/seguridad-agua-e-infraestructura-algunas-prioridades-aatender-a-favor-del-pueblo-seri-sedesson\/#respond\"]}]},{\"@type\":\"WebPage\",\"@id\":\"https:\/\/www.sonoraenequipo.com.mx\/seguridad-agua-e-infraestructura-algunas-prioridades-aatender-a-favor-del-pueblo-seri-sedesson\/\",\"url\":\"https:\/\/www.sonoraenequipo.com.mx\/seguridad-agua-e-infraestructura-algunas-prioridades-aatender-a-favor-del-pueblo-seri-sedesson\/\",\"name\":\"Sonora en Equipo. Seguridad, agua e infraestructura, algunas prioridades a atender a favor del pueblo seri: Sedesson Sonora\",\"isPartOf\":{\"@id\":\"https:\/\/www.sonoraenequipo.com.mx\/#website\"},\"primaryImageOfPage\":{\"@id\":\"https:\/\/www.sonoraenequipo.com.mx\/seguridad-agua-e-infraestructura-algunas-prioridades-aatender-a-favor-del-pueblo-seri-sedesson\/#primaryimage\"},\"image\":{\"@id\":\"https:\/\/www.sonoraenequipo.com.mx\/seguridad-agua-e-infraestructura-algunas-prioridades-aatender-a-favor-del-pueblo-seri-sedesson\/#primaryimage\"},\"thumbnailUrl\":\"https:\/\/www.sonoraenequipo.com.mx\/storage\/2022\/03\/seris-2.jpg\",\"datePublished\":\"2022-03-25T21:55:08+00:00\",\"dateModified\":\"2022-03-26T00:23:28+00:00\",\"description\":\"PITIQUITO, SONORA,MX.\u25ac Autoridades tradicionales de la naci\u00f3n comc\u00e1ac de Desemboque solicitaron a las dependencias de los tres \u00f3rdenes de gobierno En Sonora en Equipo publicamos toda la informaci\u00f3n de Sonora, M\u00e9xico y el Mundo de manera oportuna y busca que la libertad de expresi\u00f3n sea real. Visita nuestro medio informativo publicado desde Hermosillo, Sonora. %\",\"breadcrumb\":{\"@id\":\"https:\/\/www.sonoraenequipo.com.mx\/seguridad-agua-e-infraestructura-algunas-prioridades-aatender-a-favor-del-pueblo-seri-sedesson\/#breadcrumb\"},\"inLanguage\":\"es\",\"potentialAction\":[{\"@type\":\"ReadAction\",\"target\":[\"https:\/\/www.sonoraenequipo.com.mx\/seguridad-agua-e-infraestructura-algunas-prioridades-aatender-a-favor-del-pueblo-seri-sedesson\/\"]}]},{\"@type\":\"ImageObject\",\"inLanguage\":\"es\",\"@id\":\"https:\/\/www.sonoraenequipo.com.mx\/seguridad-agua-e-infraestructura-algunas-prioridades-aatender-a-favor-del-pueblo-seri-sedesson\/#primaryimage\",\"url\":\"https:\/\/www.sonoraenequipo.com.mx\/storage\/2022\/03\/seris-2.jpg\",\"contentUrl\":\"https:\/\/www.sonoraenequipo.com.mx\/storage\/2022\/03\/seris-2.jpg\",\"width\":700,\"height\":400},{\"@type\":\"BreadcrumbList\",\"@id\":\"https:\/\/www.sonoraenequipo.com.mx\/seguridad-agua-e-infraestructura-algunas-prioridades-aatender-a-favor-del-pueblo-seri-sedesson\/#breadcrumb\",\"itemListElement\":[{\"@type\":\"ListItem\",\"position\":1,\"name\":\"Portada\",\"item\":\"https:\/\/www.sonoraenequipo.com.mx\/\"},{\"@type\":\"ListItem\",\"position\":2,\"name\":\"Seguridad, agua e infraestructura, algunas prioridades a atender a favor del pueblo seri: Sedesson\"}]},{\"@type\":\"WebSite\",\"@id\":\"https:\/\/www.sonoraenequipo.com.mx\/#website\",\"url\":\"https:\/\/www.sonoraenequipo.com.mx\/\",\"name\":\"Sonora en Equipo.\",\"description\":\"Diario en l\u00ednea con Noticias desde Hermosillo, Sonora\",\"publisher\":{\"@id\":\"https:\/\/www.sonoraenequipo.com.mx\/#organization\"},\"potentialAction\":[{\"@type\":\"SearchAction\",\"target\":{\"@type\":\"EntryPoint\",\"urlTemplate\":\"https:\/\/www.sonoraenequipo.com.mx\/?s={search_term_string}\"},\"query-input\":{\"@type\":\"PropertyValueSpecification\",\"valueRequired\":true,\"valueName\":\"search_term_string\"}}],\"inLanguage\":\"es\"},{\"@type\":\"Organization\",\"@id\":\"https:\/\/www.sonoraenequipo.com.mx\/#organization\",\"name\":\"Sonoraenequipo.com.mx\",\"url\":\"https:\/\/www.sonoraenequipo.com.mx\/\",\"logo\":{\"@type\":\"ImageObject\",\"inLanguage\":\"es\",\"@id\":\"https:\/\/www.sonoraenequipo.com.mx\/#\/schema\/logo\/image\/\",\"url\":\"https:\/\/www.sonoraenequipo.com.mx\/storage\/2019\/01\/sonoraenequipo_opt.png\",\"contentUrl\":\"https:\/\/www.sonoraenequipo.com.mx\/storage\/2019\/01\/sonoraenequipo_opt.png\",\"width\":375,\"height\":125,\"caption\":\"Sonoraenequipo.com.mx\"},\"image\":{\"@id\":\"https:\/\/www.sonoraenequipo.com.mx\/#\/schema\/logo\/image\/\"},\"sameAs\":[\"https:\/\/www.facebook.com\/SonoraEE\/\",\"https:\/\/x.com\/sonoraenequipo\",\"https:\/\/www.youtube.com\/channel\/UC338nW-lPEYmJQs4ZABQ1SQ\"]},{\"@type\":\"Person\",\"@id\":\"https:\/\/www.sonoraenequipo.com.mx\/#\/schema\/person\/50102df0fb23a8fa9e8effad8fa81386\",\"name\":\"enequipo\",\"image\":{\"@type\":\"ImageObject\",\"inLanguage\":\"es\",\"@id\":\"https:\/\/www.sonoraenequipo.com.mx\/#\/schema\/person\/image\/\",\"url\":\"https:\/\/secure.gravatar.com\/avatar\/049821681b589dabc0bc20695993ccebb09f5b5d4d790cd9251b97faac7c652b?s=96&d=blank&r=g\",\"contentUrl\":\"https:\/\/secure.gravatar.com\/avatar\/049821681b589dabc0bc20695993ccebb09f5b5d4d790cd9251b97faac7c652b?s=96&d=blank&r=g\",\"caption\":\"enequipo\"},\"sameAs\":[\"https:\/\/www.facebook.com\/SonoraEE\"]}]}<\/script>\n ","yoast_head_json":{"title":"Sonora en Equipo. Seguridad, agua e infraestructura, algunas prioridades a atender a favor del pueblo seri: Sedesson Sonora","description":"PITIQUITO, SONORA,MX.\u25ac Autoridades tradicionales de la naci\u00f3n comc\u00e1ac de Desemboque solicitaron a las dependencias de los tres \u00f3rdenes de gobierno En Sonora en Equipo publicamos toda la informaci\u00f3n de Sonora, M\u00e9xico y el Mundo de manera oportuna y busca que la libertad de expresi\u00f3n sea real. Visita nuestro medio informativo publicado desde Hermosillo, Sonora. %","robots":{"index":"index","follow":"follow","max-snippet":"max-snippet:-1","max-image-preview":"max-image-preview:large","max-video-preview":"max-video-preview:-1"},"canonical":"https:\/\/www.sonoraenequipo.com.mx\/seguridad-agua-e-infraestructura-algunas-prioridades-aatender-a-favor-del-pueblo-seri-sedesson\/","og_locale":"es_ES","og_type":"article","og_title":"Sonora en Equipo. Seguridad, agua e infraestructura, algunas prioridades a atender a favor del pueblo seri: Sedesson Sonora","og_description":"PITIQUITO, SONORA,MX.\u25ac Autoridades tradicionales de la naci\u00f3n comc\u00e1ac de Desemboque solicitaron a las dependencias de los tres \u00f3rdenes de gobierno En Sonora en Equipo publicamos toda la informaci\u00f3n de Sonora, M\u00e9xico y el Mundo de manera oportuna y busca que la libertad de expresi\u00f3n sea real. Visita nuestro medio informativo publicado desde Hermosillo, Sonora. %","og_url":"https:\/\/www.sonoraenequipo.com.mx\/seguridad-agua-e-infraestructura-algunas-prioridades-aatender-a-favor-del-pueblo-seri-sedesson\/","og_site_name":"Sonora en Equipo.","article_publisher":"https:\/\/www.facebook.com\/SonoraEE\/","article_author":"https:\/\/www.facebook.com\/SonoraEE","article_published_time":"2022-03-25T21:55:08+00:00","article_modified_time":"2022-03-26T00:23:28+00:00","og_image":[{"width":700,"height":400,"url":"https:\/\/www.sonoraenequipo.com.mx\/storage\/2022\/03\/seris-2.jpg","type":"image\/jpeg"}],"author":"enequipo","twitter_card":"summary_large_image","twitter_creator":"@sonoraenequipo","twitter_site":"@sonoraenequipo","twitter_misc":{"Escrito por":"enequipo","Tiempo de lectura":"1 minuto"},"schema":{"@context":"https:\/\/schema.org","@graph":[{"@type":"Article","@id":"https:\/\/www.sonoraenequipo.com.mx\/seguridad-agua-e-infraestructura-algunas-prioridades-aatender-a-favor-del-pueblo-seri-sedesson\/#article","isPartOf":{"@id":"https:\/\/www.sonoraenequipo.com.mx\/seguridad-agua-e-infraestructura-algunas-prioridades-aatender-a-favor-del-pueblo-seri-sedesson\/"},"author":{"name":"enequipo","@id":"https:\/\/www.sonoraenequipo.com.mx\/#\/schema\/person\/50102df0fb23a8fa9e8effad8fa81386"},"headline":"Seguridad, agua e infraestructura, algunas prioridades a atender a favor del pueblo seri: Sedesson","datePublished":"2022-03-25T21:55:08+00:00","dateModified":"2022-03-26T00:23:28+00:00","mainEntityOfPage":{"@id":"https:\/\/www.sonoraenequipo.com.mx\/seguridad-agua-e-infraestructura-algunas-prioridades-aatender-a-favor-del-pueblo-seri-sedesson\/"},"wordCount":198,"commentCount":0,"publisher":{"@id":"https:\/\/www.sonoraenequipo.com.mx\/#organization"},"image":{"@id":"https:\/\/www.sonoraenequipo.com.mx\/seguridad-agua-e-infraestructura-algunas-prioridades-aatender-a-favor-del-pueblo-seri-sedesson\/#primaryimage"},"thumbnailUrl":"https:\/\/www.sonoraenequipo.com.mx\/storage\/2022\/03\/seris-2.jpg","keywords":["Sedesson","Seris"],"articleSection":["Sonora"],"inLanguage":"es","potentialAction":[{"@type":"CommentAction","name":"Comment","target":["https:\/\/www.sonoraenequipo.com.mx\/seguridad-agua-e-infraestructura-algunas-prioridades-aatender-a-favor-del-pueblo-seri-sedesson\/#respond"]}]},{"@type":"WebPage","@id":"https:\/\/www.sonoraenequipo.com.mx\/seguridad-agua-e-infraestructura-algunas-prioridades-aatender-a-favor-del-pueblo-seri-sedesson\/","url":"https:\/\/www.sonoraenequipo.com.mx\/seguridad-agua-e-infraestructura-algunas-prioridades-aatender-a-favor-del-pueblo-seri-sedesson\/","name":"Sonora en Equipo. Seguridad, agua e infraestructura, algunas prioridades a atender a favor del pueblo seri: Sedesson Sonora","isPartOf":{"@id":"https:\/\/www.sonoraenequipo.com.mx\/#website"},"primaryImageOfPage":{"@id":"https:\/\/www.sonoraenequipo.com.mx\/seguridad-agua-e-infraestructura-algunas-prioridades-aatender-a-favor-del-pueblo-seri-sedesson\/#primaryimage"},"image":{"@id":"https:\/\/www.sonoraenequipo.com.mx\/seguridad-agua-e-infraestructura-algunas-prioridades-aatender-a-favor-del-pueblo-seri-sedesson\/#primaryimage"},"thumbnailUrl":"https:\/\/www.sonoraenequipo.com.mx\/storage\/2022\/03\/seris-2.jpg","datePublished":"2022-03-25T21:55:08+00:00","dateModified":"2022-03-26T00:23:28+00:00","description":"PITIQUITO, SONORA,MX.\u25ac Autoridades tradicionales de la naci\u00f3n comc\u00e1ac de Desemboque solicitaron a las dependencias de los tres \u00f3rdenes de gobierno En Sonora en Equipo publicamos toda la informaci\u00f3n de Sonora, M\u00e9xico y el Mundo de manera oportuna y busca que la libertad de expresi\u00f3n sea real. Visita nuestro medio informativo publicado desde Hermosillo, Sonora. %","breadcrumb":{"@id":"https:\/\/www.sonoraenequipo.com.mx\/seguridad-agua-e-infraestructura-algunas-prioridades-aatender-a-favor-del-pueblo-seri-sedesson\/#breadcrumb"},"inLanguage":"es","potentialAction":[{"@type":"ReadAction","target":["https:\/\/www.sonoraenequipo.com.mx\/seguridad-agua-e-infraestructura-algunas-prioridades-aatender-a-favor-del-pueblo-seri-sedesson\/"]}]},{"@type":"ImageObject","inLanguage":"es","@id":"https:\/\/www.sonoraenequipo.com.mx\/seguridad-agua-e-infraestructura-algunas-prioridades-aatender-a-favor-del-pueblo-seri-sedesson\/#primaryimage","url":"https:\/\/www.sonoraenequipo.com.mx\/storage\/2022\/03\/seris-2.jpg","contentUrl":"https:\/\/www.sonoraenequipo.com.mx\/storage\/2022\/03\/seris-2.jpg","width":700,"height":400},{"@type":"BreadcrumbList","@id":"https:\/\/www.sonoraenequipo.com.mx\/seguridad-agua-e-infraestructura-algunas-prioridades-aatender-a-favor-del-pueblo-seri-sedesson\/#breadcrumb","itemListElement":[{"@type":"ListItem","position":1,"name":"Portada","item":"https:\/\/www.sonoraenequipo.com.mx\/"},{"@type":"ListItem","position":2,"name":"Seguridad, agua e infraestructura, algunas prioridades a atender a favor del pueblo seri: Sedesson"}]},{"@type":"WebSite","@id":"https:\/\/www.sonoraenequipo.com.mx\/#website","url":"https:\/\/www.sonoraenequipo.com.mx\/","name":"Sonora en Equipo.","description":"Diario en l\u00ednea con Noticias desde Hermosillo, Sonora","publisher":{"@id":"https:\/\/www.sonoraenequipo.com.mx\/#organization"},"potentialAction":[{"@type":"SearchAction","target":{"@type":"EntryPoint","urlTemplate":"https:\/\/www.sonoraenequipo.com.mx\/?s={search_term_string}"},"query-input":{"@type":"PropertyValueSpecification","valueRequired":true,"valueName":"search_term_string"}}],"inLanguage":"es"},{"@type":"Organization","@id":"https:\/\/www.sonoraenequipo.com.mx\/#organization","name":"Sonoraenequipo.com.mx","url":"https:\/\/www.sonoraenequipo.com.mx\/","logo":{"@type":"ImageObject","inLanguage":"es","@id":"https:\/\/www.sonoraenequipo.com.mx\/#\/schema\/logo\/image\/","url":"https:\/\/www.sonoraenequipo.com.mx\/storage\/2019\/01\/sonoraenequipo_opt.png","contentUrl":"https:\/\/www.sonoraenequipo.com.mx\/storage\/2019\/01\/sonoraenequipo_opt.png","width":375,"height":125,"caption":"Sonoraenequipo.com.mx"},"image":{"@id":"https:\/\/www.sonoraenequipo.com.mx\/#\/schema\/logo\/image\/"},"sameAs":["https:\/\/www.facebook.com\/SonoraEE\/","https:\/\/x.com\/sonoraenequipo","https:\/\/www.youtube.com\/channel\/UC338nW-lPEYmJQs4ZABQ1SQ"]},{"@type":"Person","@id":"https:\/\/www.sonoraenequipo.com.mx\/#\/schema\/person\/50102df0fb23a8fa9e8effad8fa81386","name":"enequipo","image":{"@type":"ImageObject","inLanguage":"es","@id":"https:\/\/www.sonoraenequipo.com.mx\/#\/schema\/person\/image\/","url":"https:\/\/secure.gravatar.com\/avatar\/049821681b589dabc0bc20695993ccebb09f5b5d4d790cd9251b97faac7c652b?s=96&d=blank&r=g","contentUrl":"https:\/\/secure.gravatar.com\/avatar\/049821681b589dabc0bc20695993ccebb09f5b5d4d790cd9251b97faac7c652b?s=96&d=blank&r=g","caption":"enequipo"},"sameAs":["https:\/\/www.facebook.com\/SonoraEE"]}]}},"jetpack_featured_media_url":"https:\/\/www.sonoraenequipo.com.mx\/storage\/2022\/03\/seris-2.jpg","_links":{"self":[{"href":"https:\/\/www.sonoraenequipo.com.mx\/api\/wp\/v2\/posts\/135627","targetHints":{"allow":["GET"]}}],"collection":[{"href":"https:\/\/www.sonoraenequipo.com.mx\/api\/wp\/v2\/posts"}],"about":[{"href":"https:\/\/www.sonoraenequipo.com.mx\/api\/wp\/v2\/types\/post"}],"author":[{"embeddable":true,"href":"https:\/\/www.sonoraenequipo.com.mx\/api\/wp\/v2\/users\/1"}],"replies":[{"embeddable":true,"href":"https:\/\/www.sonoraenequipo.com.mx\/api\/wp\/v2\/comments?post=135627"}],"version-history":[{"count":2,"href":"https:\/\/www.sonoraenequipo.com.mx\/api\/wp\/v2\/posts\/135627\/revisions"}],"predecessor-version":[{"id":135640,"href":"https:\/\/www.sonoraenequipo.com.mx\/api\/wp\/v2\/posts\/135627\/revisions\/135640"}],"wp:featuredmedia":[{"embeddable":true,"href":"https:\/\/www.sonoraenequipo.com.mx\/api\/wp\/v2\/media\/135628"}],"wp:attachment":[{"href":"https:\/\/www.sonoraenequipo.com.mx\/api\/wp\/v2\/media?parent=135627"}],"wp:term":[{"taxonomy":"category","embeddable":true,"href":"https:\/\/www.sonoraenequipo.com.mx\/api\/wp\/v2\/categories?post=135627"},{"taxonomy":"post_tag","embeddable":true,"href":"https:\/\/www.sonoraenequipo.com.mx\/api\/wp\/v2\/tags?post=135627"}],"curies":[{"name":"wp","href":"https:\/\/api.w.org\/{rel}","templated":true}]}}