{"id":135635,"date":"2022-03-25T17:01:19","date_gmt":"2022-03-26T00:01:19","guid":{"rendered":"https:\/\/www.sonoraenequipo.com.mx\/?p=135635"},"modified":"2022-03-25T17:01:19","modified_gmt":"2022-03-26T00:01:19","slug":"sedena-y-pesp-detienen-a-dos-menores-con-armas-largas-en-caborca","status":"publish","type":"post","link":"https:\/\/www.sonoraenequipo.com.mx\/sedena-y-pesp-detienen-a-dos-menores-con-armas-largas-en-caborca\/","title":{"rendered":"Sedena y PESP detienen a dos menores con armas largas en Caborca"},"content":{"rendered":"<p><strong>CABORCA,SONORA,MX.\u25ac<\/strong> Alrededor de las 14 horas, en operativo de SEDENA con apoyo de Polic\u00eda Estatal de Seguridad P\u00fablica(PESP) v\u00eda Twitter la corporaci\u00f3n inform\u00f3 que fueron detenidos dos menores de edad con armas largas, cargadores y cartuchos.<\/p>\n<p>Casi de manera simult\u00e1nea, SEDENA, con apoyo de PESP, aseguraron a 4 personas, un arma corta y un veh\u00edculo en Benjam\u00edn Hill.<\/p>\n<p>Los resultados de ambos operativos ser\u00e1n puestos a disposici\u00f3n de la Fiscal\u00eda General de la Rep\u00fablica para que proceda con las investigaciones pertinentes.<\/p>\n<p><strong>Fecha de Publicaci\u00f3n viernes<\/strong><strong>\/25<\/strong><strong>\/marzo<\/strong><strong>\/2022<\/strong><\/p>\n","protected":false},"excerpt":{"rendered":"<p>CABORCA,SONORA,MX.\u25ac Alrededor de las 14 horas, en operativo de SEDENA con apoyo de Polic\u00eda Estatal&#8230;<\/p>\n","protected":false},"author":1,"featured_media":134880,"comment_status":"open","ping_status":"open","sticky":false,"template":"","format":"standard","meta":{"_monsterinsights_skip_tracking":false,"_monsterinsights_sitenote_active":false,"_monsterinsights_sitenote_note":"","_monsterinsights_sitenote_category":0,"footnotes":""},"categories":[3144],"tags":[248,1302,170,15],"class_list":["post"],"yoast_head":" \n<title>Sonora en Equipo. Sedena y PESP detienen a dos menores con armas largas en Caborca Polic\u00edaca<\/title>\n<meta name=\"description\" content=\"CABORCA,SONORA,MX.\u25ac Alrededor de las 14 horas, en operativo de SEDENA con apoyo de Polic\u00eda Estatal de Seguridad P\u00fablica(PESP) v\u00eda Twitter la corporaci\u00f3n En Sonora en Equipo publicamos toda la informaci\u00f3n de Sonora, M\u00e9xico y el Mundo de manera oportuna y busca que la libertad de expresi\u00f3n sea real. Visita nuestro medio informativo publicado desde Hermosillo, Sonora. %\" \/>\n<meta name=\"robots\" content=\"index, follow, max-snippet:-1, max-image-preview:large, max-video-preview:-1\" \/>\n<link rel=\"canonical\" href=\"https:\/\/www.sonoraenequipo.com.mx\/sedena-y-pesp-detienen-a-dos-menores-con-armas-largas-en-caborca\/\" \/>\n<meta property=\"og:locale\" content=\"es_ES\" \/>\n<meta property=\"og:type\" content=\"article\" \/>\n<meta property=\"og:title\" content=\"Sonora en Equipo. Sedena y PESP detienen a dos menores con armas largas en Caborca Polic\u00edaca\" \/>\n<meta property=\"og:description\" content=\"CABORCA,SONORA,MX.\u25ac Alrededor de las 14 horas, en operativo de SEDENA con apoyo de Polic\u00eda Estatal de Seguridad P\u00fablica(PESP) v\u00eda Twitter la corporaci\u00f3n En Sonora en Equipo publicamos toda la informaci\u00f3n de Sonora, M\u00e9xico y el Mundo de manera oportuna y busca que la libertad de expresi\u00f3n sea real. Visita nuestro medio informativo publicado desde Hermosillo, Sonora. %\" \/>\n<meta property=\"og:url\" content=\"https:\/\/www.sonoraenequipo.com.mx\/sedena-y-pesp-detienen-a-dos-menores-con-armas-largas-en-caborca\/\" \/>\n<meta property=\"og:site_name\" content=\"Sonora en Equipo.\" \/>\n<meta property=\"article:publisher\" content=\"https:\/\/www.facebook.com\/SonoraEE\/\" \/>\n<meta property=\"article:author\" content=\"https:\/\/www.facebook.com\/SonoraEE\" \/>\n<meta property=\"article:published_time\" content=\"2022-03-26T00:01:19+00:00\" \/>\n<meta property=\"og:image\" content=\"https:\/\/www.sonoraenequipo.com.mx\/storage\/2022\/03\/logo-pesp.jpg\" \/>\n\t<meta property=\"og:image:width\" content=\"700\" \/>\n\t<meta property=\"og:image:height\" content=\"400\" \/>\n\t<meta property=\"og:image:type\" content=\"image\/jpeg\" \/>\n<meta name=\"author\" content=\"enequipo\" \/>\n<meta name=\"twitter:card\" content=\"summary_large_image\" \/>\n<meta name=\"twitter:creator\" content=\"@sonoraenequipo\" \/>\n<meta name=\"twitter:site\" content=\"@sonoraenequipo\" \/>\n<meta name=\"twitter:label1\" content=\"Escrito por\" \/>\n\t<meta name=\"twitter:data1\" content=\"enequipo\" \/>\n\t<meta name=\"twitter:label2\" content=\"Tiempo de lectura\" \/>\n\t<meta name=\"twitter:data2\" content=\"1 minuto\" \/>\n<script type=\"application\/ld+json\" class=\"yoast-schema-graph\">{\"@context\":\"https:\/\/schema.org\",\"@graph\":[{\"@type\":\"Article\",\"@id\":\"https:\/\/www.sonoraenequipo.com.mx\/sedena-y-pesp-detienen-a-dos-menores-con-armas-largas-en-caborca\/#article\",\"isPartOf\":{\"@id\":\"https:\/\/www.sonoraenequipo.com.mx\/sedena-y-pesp-detienen-a-dos-menores-con-armas-largas-en-caborca\/\"},\"author\":{\"name\":\"enequipo\",\"@id\":\"https:\/\/www.sonoraenequipo.com.mx\/#\/schema\/person\/50102df0fb23a8fa9e8effad8fa81386\"},\"headline\":\"Sedena y PESP detienen a dos menores con armas largas en Caborca\",\"datePublished\":\"2022-03-26T00:01:19+00:00\",\"mainEntityOfPage\":{\"@id\":\"https:\/\/www.sonoraenequipo.com.mx\/sedena-y-pesp-detienen-a-dos-menores-con-armas-largas-en-caborca\/\"},\"wordCount\":111,\"commentCount\":0,\"publisher\":{\"@id\":\"https:\/\/www.sonoraenequipo.com.mx\/#organization\"},\"image\":{\"@id\":\"https:\/\/www.sonoraenequipo.com.mx\/sedena-y-pesp-detienen-a-dos-menores-con-armas-largas-en-caborca\/#primaryimage\"},\"thumbnailUrl\":\"https:\/\/www.sonoraenequipo.com.mx\/storage\/2022\/03\/logo-pesp.jpg\",\"keywords\":[\"PESP\",\"SEDENA\",\"Seguridad\",\"Sonora\"],\"articleSection\":[\"Polic\u00edaca\"],\"inLanguage\":\"es\",\"potentialAction\":[{\"@type\":\"CommentAction\",\"name\":\"Comment\",\"target\":[\"https:\/\/www.sonoraenequipo.com.mx\/sedena-y-pesp-detienen-a-dos-menores-con-armas-largas-en-caborca\/#respond\"]}]},{\"@type\":\"WebPage\",\"@id\":\"https:\/\/www.sonoraenequipo.com.mx\/sedena-y-pesp-detienen-a-dos-menores-con-armas-largas-en-caborca\/\",\"url\":\"https:\/\/www.sonoraenequipo.com.mx\/sedena-y-pesp-detienen-a-dos-menores-con-armas-largas-en-caborca\/\",\"name\":\"Sonora en Equipo. Sedena y PESP detienen a dos menores con armas largas en Caborca Polic\u00edaca\",\"isPartOf\":{\"@id\":\"https:\/\/www.sonoraenequipo.com.mx\/#website\"},\"primaryImageOfPage\":{\"@id\":\"https:\/\/www.sonoraenequipo.com.mx\/sedena-y-pesp-detienen-a-dos-menores-con-armas-largas-en-caborca\/#primaryimage\"},\"image\":{\"@id\":\"https:\/\/www.sonoraenequipo.com.mx\/sedena-y-pesp-detienen-a-dos-menores-con-armas-largas-en-caborca\/#primaryimage\"},\"thumbnailUrl\":\"https:\/\/www.sonoraenequipo.com.mx\/storage\/2022\/03\/logo-pesp.jpg\",\"datePublished\":\"2022-03-26T00:01:19+00:00\",\"description\":\"CABORCA,SONORA,MX.\u25ac Alrededor de las 14 horas, en operativo de SEDENA con apoyo de Polic\u00eda Estatal de Seguridad P\u00fablica(PESP) v\u00eda Twitter la corporaci\u00f3n En Sonora en Equipo publicamos toda la informaci\u00f3n de Sonora, M\u00e9xico y el Mundo de manera oportuna y busca que la libertad de expresi\u00f3n sea real. Visita nuestro medio informativo publicado desde Hermosillo, Sonora. %\",\"breadcrumb\":{\"@id\":\"https:\/\/www.sonoraenequipo.com.mx\/sedena-y-pesp-detienen-a-dos-menores-con-armas-largas-en-caborca\/#breadcrumb\"},\"inLanguage\":\"es\",\"potentialAction\":[{\"@type\":\"ReadAction\",\"target\":[\"https:\/\/www.sonoraenequipo.com.mx\/sedena-y-pesp-detienen-a-dos-menores-con-armas-largas-en-caborca\/\"]}]},{\"@type\":\"ImageObject\",\"inLanguage\":\"es\",\"@id\":\"https:\/\/www.sonoraenequipo.com.mx\/sedena-y-pesp-detienen-a-dos-menores-con-armas-largas-en-caborca\/#primaryimage\",\"url\":\"https:\/\/www.sonoraenequipo.com.mx\/storage\/2022\/03\/logo-pesp.jpg\",\"contentUrl\":\"https:\/\/www.sonoraenequipo.com.mx\/storage\/2022\/03\/logo-pesp.jpg\",\"width\":700,\"height\":400},{\"@type\":\"BreadcrumbList\",\"@id\":\"https:\/\/www.sonoraenequipo.com.mx\/sedena-y-pesp-detienen-a-dos-menores-con-armas-largas-en-caborca\/#breadcrumb\",\"itemListElement\":[{\"@type\":\"ListItem\",\"position\":1,\"name\":\"Portada\",\"item\":\"https:\/\/www.sonoraenequipo.com.mx\/\"},{\"@type\":\"ListItem\",\"position\":2,\"name\":\"Sedena y PESP detienen a dos menores con armas largas en Caborca\"}]},{\"@type\":\"WebSite\",\"@id\":\"https:\/\/www.sonoraenequipo.com.mx\/#website\",\"url\":\"https:\/\/www.sonoraenequipo.com.mx\/\",\"name\":\"Sonora en Equipo.\",\"description\":\"Diario en l\u00ednea con Noticias desde Hermosillo, Sonora\",\"publisher\":{\"@id\":\"https:\/\/www.sonoraenequipo.com.mx\/#organization\"},\"potentialAction\":[{\"@type\":\"SearchAction\",\"target\":{\"@type\":\"EntryPoint\",\"urlTemplate\":\"https:\/\/www.sonoraenequipo.com.mx\/?s={search_term_string}\"},\"query-input\":{\"@type\":\"PropertyValueSpecification\",\"valueRequired\":true,\"valueName\":\"search_term_string\"}}],\"inLanguage\":\"es\"},{\"@type\":\"Organization\",\"@id\":\"https:\/\/www.sonoraenequipo.com.mx\/#organization\",\"name\":\"Sonoraenequipo.com.mx\",\"url\":\"https:\/\/www.sonoraenequipo.com.mx\/\",\"logo\":{\"@type\":\"ImageObject\",\"inLanguage\":\"es\",\"@id\":\"https:\/\/www.sonoraenequipo.com.mx\/#\/schema\/logo\/image\/\",\"url\":\"https:\/\/www.sonoraenequipo.com.mx\/storage\/2019\/01\/sonoraenequipo_opt.png\",\"contentUrl\":\"https:\/\/www.sonoraenequipo.com.mx\/storage\/2019\/01\/sonoraenequipo_opt.png\",\"width\":375,\"height\":125,\"caption\":\"Sonoraenequipo.com.mx\"},\"image\":{\"@id\":\"https:\/\/www.sonoraenequipo.com.mx\/#\/schema\/logo\/image\/\"},\"sameAs\":[\"https:\/\/www.facebook.com\/SonoraEE\/\",\"https:\/\/x.com\/sonoraenequipo\",\"https:\/\/www.youtube.com\/channel\/UC338nW-lPEYmJQs4ZABQ1SQ\"]},{\"@type\":\"Person\",\"@id\":\"https:\/\/www.sonoraenequipo.com.mx\/#\/schema\/person\/50102df0fb23a8fa9e8effad8fa81386\",\"name\":\"enequipo\",\"image\":{\"@type\":\"ImageObject\",\"inLanguage\":\"es\",\"@id\":\"https:\/\/www.sonoraenequipo.com.mx\/#\/schema\/person\/image\/\",\"url\":\"https:\/\/secure.gravatar.com\/avatar\/049821681b589dabc0bc20695993ccebb09f5b5d4d790cd9251b97faac7c652b?s=96&d=blank&r=g\",\"contentUrl\":\"https:\/\/secure.gravatar.com\/avatar\/049821681b589dabc0bc20695993ccebb09f5b5d4d790cd9251b97faac7c652b?s=96&d=blank&r=g\",\"caption\":\"enequipo\"},\"sameAs\":[\"https:\/\/www.facebook.com\/SonoraEE\"]}]}<\/script>\n ","yoast_head_json":{"title":"Sonora en Equipo. Sedena y PESP detienen a dos menores con armas largas en Caborca Polic\u00edaca","description":"CABORCA,SONORA,MX.\u25ac Alrededor de las 14 horas, en operativo de SEDENA con apoyo de Polic\u00eda Estatal de Seguridad P\u00fablica(PESP) v\u00eda Twitter la corporaci\u00f3n En Sonora en Equipo publicamos toda la informaci\u00f3n de Sonora, M\u00e9xico y el Mundo de manera oportuna y busca que la libertad de expresi\u00f3n sea real. Visita nuestro medio informativo publicado desde Hermosillo, Sonora. %","robots":{"index":"index","follow":"follow","max-snippet":"max-snippet:-1","max-image-preview":"max-image-preview:large","max-video-preview":"max-video-preview:-1"},"canonical":"https:\/\/www.sonoraenequipo.com.mx\/sedena-y-pesp-detienen-a-dos-menores-con-armas-largas-en-caborca\/","og_locale":"es_ES","og_type":"article","og_title":"Sonora en Equipo. Sedena y PESP detienen a dos menores con armas largas en Caborca Polic\u00edaca","og_description":"CABORCA,SONORA,MX.\u25ac Alrededor de las 14 horas, en operativo de SEDENA con apoyo de Polic\u00eda Estatal de Seguridad P\u00fablica(PESP) v\u00eda Twitter la corporaci\u00f3n En Sonora en Equipo publicamos toda la informaci\u00f3n de Sonora, M\u00e9xico y el Mundo de manera oportuna y busca que la libertad de expresi\u00f3n sea real. Visita nuestro medio informativo publicado desde Hermosillo, Sonora. %","og_url":"https:\/\/www.sonoraenequipo.com.mx\/sedena-y-pesp-detienen-a-dos-menores-con-armas-largas-en-caborca\/","og_site_name":"Sonora en Equipo.","article_publisher":"https:\/\/www.facebook.com\/SonoraEE\/","article_author":"https:\/\/www.facebook.com\/SonoraEE","article_published_time":"2022-03-26T00:01:19+00:00","og_image":[{"width":700,"height":400,"url":"https:\/\/www.sonoraenequipo.com.mx\/storage\/2022\/03\/logo-pesp.jpg","type":"image\/jpeg"}],"author":"enequipo","twitter_card":"summary_large_image","twitter_creator":"@sonoraenequipo","twitter_site":"@sonoraenequipo","twitter_misc":{"Escrito por":"enequipo","Tiempo de lectura":"1 minuto"},"schema":{"@context":"https:\/\/schema.org","@graph":[{"@type":"Article","@id":"https:\/\/www.sonoraenequipo.com.mx\/sedena-y-pesp-detienen-a-dos-menores-con-armas-largas-en-caborca\/#article","isPartOf":{"@id":"https:\/\/www.sonoraenequipo.com.mx\/sedena-y-pesp-detienen-a-dos-menores-con-armas-largas-en-caborca\/"},"author":{"name":"enequipo","@id":"https:\/\/www.sonoraenequipo.com.mx\/#\/schema\/person\/50102df0fb23a8fa9e8effad8fa81386"},"headline":"Sedena y PESP detienen a dos menores con armas largas en Caborca","datePublished":"2022-03-26T00:01:19+00:00","mainEntityOfPage":{"@id":"https:\/\/www.sonoraenequipo.com.mx\/sedena-y-pesp-detienen-a-dos-menores-con-armas-largas-en-caborca\/"},"wordCount":111,"commentCount":0,"publisher":{"@id":"https:\/\/www.sonoraenequipo.com.mx\/#organization"},"image":{"@id":"https:\/\/www.sonoraenequipo.com.mx\/sedena-y-pesp-detienen-a-dos-menores-con-armas-largas-en-caborca\/#primaryimage"},"thumbnailUrl":"https:\/\/www.sonoraenequipo.com.mx\/storage\/2022\/03\/logo-pesp.jpg","keywords":["PESP","SEDENA","Seguridad","Sonora"],"articleSection":["Polic\u00edaca"],"inLanguage":"es","potentialAction":[{"@type":"CommentAction","name":"Comment","target":["https:\/\/www.sonoraenequipo.com.mx\/sedena-y-pesp-detienen-a-dos-menores-con-armas-largas-en-caborca\/#respond"]}]},{"@type":"WebPage","@id":"https:\/\/www.sonoraenequipo.com.mx\/sedena-y-pesp-detienen-a-dos-menores-con-armas-largas-en-caborca\/","url":"https:\/\/www.sonoraenequipo.com.mx\/sedena-y-pesp-detienen-a-dos-menores-con-armas-largas-en-caborca\/","name":"Sonora en Equipo. Sedena y PESP detienen a dos menores con armas largas en Caborca Polic\u00edaca","isPartOf":{"@id":"https:\/\/www.sonoraenequipo.com.mx\/#website"},"primaryImageOfPage":{"@id":"https:\/\/www.sonoraenequipo.com.mx\/sedena-y-pesp-detienen-a-dos-menores-con-armas-largas-en-caborca\/#primaryimage"},"image":{"@id":"https:\/\/www.sonoraenequipo.com.mx\/sedena-y-pesp-detienen-a-dos-menores-con-armas-largas-en-caborca\/#primaryimage"},"thumbnailUrl":"https:\/\/www.sonoraenequipo.com.mx\/storage\/2022\/03\/logo-pesp.jpg","datePublished":"2022-03-26T00:01:19+00:00","description":"CABORCA,SONORA,MX.\u25ac Alrededor de las 14 horas, en operativo de SEDENA con apoyo de Polic\u00eda Estatal de Seguridad P\u00fablica(PESP) v\u00eda Twitter la corporaci\u00f3n En Sonora en Equipo publicamos toda la informaci\u00f3n de Sonora, M\u00e9xico y el Mundo de manera oportuna y busca que la libertad de expresi\u00f3n sea real. Visita nuestro medio informativo publicado desde Hermosillo, Sonora. %","breadcrumb":{"@id":"https:\/\/www.sonoraenequipo.com.mx\/sedena-y-pesp-detienen-a-dos-menores-con-armas-largas-en-caborca\/#breadcrumb"},"inLanguage":"es","potentialAction":[{"@type":"ReadAction","target":["https:\/\/www.sonoraenequipo.com.mx\/sedena-y-pesp-detienen-a-dos-menores-con-armas-largas-en-caborca\/"]}]},{"@type":"ImageObject","inLanguage":"es","@id":"https:\/\/www.sonoraenequipo.com.mx\/sedena-y-pesp-detienen-a-dos-menores-con-armas-largas-en-caborca\/#primaryimage","url":"https:\/\/www.sonoraenequipo.com.mx\/storage\/2022\/03\/logo-pesp.jpg","contentUrl":"https:\/\/www.sonoraenequipo.com.mx\/storage\/2022\/03\/logo-pesp.jpg","width":700,"height":400},{"@type":"BreadcrumbList","@id":"https:\/\/www.sonoraenequipo.com.mx\/sedena-y-pesp-detienen-a-dos-menores-con-armas-largas-en-caborca\/#breadcrumb","itemListElement":[{"@type":"ListItem","position":1,"name":"Portada","item":"https:\/\/www.sonoraenequipo.com.mx\/"},{"@type":"ListItem","position":2,"name":"Sedena y PESP detienen a dos menores con armas largas en Caborca"}]},{"@type":"WebSite","@id":"https:\/\/www.sonoraenequipo.com.mx\/#website","url":"https:\/\/www.sonoraenequipo.com.mx\/","name":"Sonora en Equipo.","description":"Diario en l\u00ednea con Noticias desde Hermosillo, Sonora","publisher":{"@id":"https:\/\/www.sonoraenequipo.com.mx\/#organization"},"potentialAction":[{"@type":"SearchAction","target":{"@type":"EntryPoint","urlTemplate":"https:\/\/www.sonoraenequipo.com.mx\/?s={search_term_string}"},"query-input":{"@type":"PropertyValueSpecification","valueRequired":true,"valueName":"search_term_string"}}],"inLanguage":"es"},{"@type":"Organization","@id":"https:\/\/www.sonoraenequipo.com.mx\/#organization","name":"Sonoraenequipo.com.mx","url":"https:\/\/www.sonoraenequipo.com.mx\/","logo":{"@type":"ImageObject","inLanguage":"es","@id":"https:\/\/www.sonoraenequipo.com.mx\/#\/schema\/logo\/image\/","url":"https:\/\/www.sonoraenequipo.com.mx\/storage\/2019\/01\/sonoraenequipo_opt.png","contentUrl":"https:\/\/www.sonoraenequipo.com.mx\/storage\/2019\/01\/sonoraenequipo_opt.png","width":375,"height":125,"caption":"Sonoraenequipo.com.mx"},"image":{"@id":"https:\/\/www.sonoraenequipo.com.mx\/#\/schema\/logo\/image\/"},"sameAs":["https:\/\/www.facebook.com\/SonoraEE\/","https:\/\/x.com\/sonoraenequipo","https:\/\/www.youtube.com\/channel\/UC338nW-lPEYmJQs4ZABQ1SQ"]},{"@type":"Person","@id":"https:\/\/www.sonoraenequipo.com.mx\/#\/schema\/person\/50102df0fb23a8fa9e8effad8fa81386","name":"enequipo","image":{"@type":"ImageObject","inLanguage":"es","@id":"https:\/\/www.sonoraenequipo.com.mx\/#\/schema\/person\/image\/","url":"https:\/\/secure.gravatar.com\/avatar\/049821681b589dabc0bc20695993ccebb09f5b5d4d790cd9251b97faac7c652b?s=96&d=blank&r=g","contentUrl":"https:\/\/secure.gravatar.com\/avatar\/049821681b589dabc0bc20695993ccebb09f5b5d4d790cd9251b97faac7c652b?s=96&d=blank&r=g","caption":"enequipo"},"sameAs":["https:\/\/www.facebook.com\/SonoraEE"]}]}},"jetpack_featured_media_url":"https:\/\/www.sonoraenequipo.com.mx\/storage\/2022\/03\/logo-pesp.jpg","_links":{"self":[{"href":"https:\/\/www.sonoraenequipo.com.mx\/api\/wp\/v2\/posts\/135635","targetHints":{"allow":["GET"]}}],"collection":[{"href":"https:\/\/www.sonoraenequipo.com.mx\/api\/wp\/v2\/posts"}],"about":[{"href":"https:\/\/www.sonoraenequipo.com.mx\/api\/wp\/v2\/types\/post"}],"author":[{"embeddable":true,"href":"https:\/\/www.sonoraenequipo.com.mx\/api\/wp\/v2\/users\/1"}],"replies":[{"embeddable":true,"href":"https:\/\/www.sonoraenequipo.com.mx\/api\/wp\/v2\/comments?post=135635"}],"version-history":[{"count":1,"href":"https:\/\/www.sonoraenequipo.com.mx\/api\/wp\/v2\/posts\/135635\/revisions"}],"predecessor-version":[{"id":135636,"href":"https:\/\/www.sonoraenequipo.com.mx\/api\/wp\/v2\/posts\/135635\/revisions\/135636"}],"wp:featuredmedia":[{"embeddable":true,"href":"https:\/\/www.sonoraenequipo.com.mx\/api\/wp\/v2\/media\/134880"}],"wp:attachment":[{"href":"https:\/\/www.sonoraenequipo.com.mx\/api\/wp\/v2\/media?parent=135635"}],"wp:term":[{"taxonomy":"category","embeddable":true,"href":"https:\/\/www.sonoraenequipo.com.mx\/api\/wp\/v2\/categories?post=135635"},{"taxonomy":"post_tag","embeddable":true,"href":"https:\/\/www.sonoraenequipo.com.mx\/api\/wp\/v2\/tags?post=135635"}],"curies":[{"name":"wp","href":"https:\/\/api.w.org\/{rel}","templated":true}]}}