{"id":135641,"date":"2022-03-25T16:22:10","date_gmt":"2022-03-25T23:22:10","guid":{"rendered":"https:\/\/www.sonoraenequipo.com.mx\/?p=135641"},"modified":"2022-03-25T19:07:17","modified_gmt":"2022-03-26T02:07:17","slug":"coordinaran-esfuerzos-secretaria-de-educacion-y-tecnologico-nacional-de-mexico-para-llevar-mayores-beneficios-a-estudiantes-sonorenses","status":"publish","type":"post","link":"https:\/\/www.sonoraenequipo.com.mx\/coordinaran-esfuerzos-secretaria-de-educacion-y-tecnologico-nacional-de-mexico-para-llevar-mayores-beneficios-a-estudiantes-sonorenses\/","title":{"rendered":"Coordinar\u00e1n esfuerzos SEC y Tecnol\u00f3gico Nacional de M\u00e9xico en beneficio de estudiantes sonorenses"},"content":{"rendered":"<p><strong>HERMOSILLO, SONORA. MX. \u2014<\/strong> Para fortalecer la oferta educativa en nivel superior y garantizar el acceso de la comunidad estudiantil al programa estatal de becas, la Secretar\u00eda de Educaci\u00f3n y Cultura (SEC) coordinar\u00e1 esfuerzos con el Tecnol\u00f3gico Nacional de M\u00e9xico (TecNM).<\/p>\n<p>&nbsp;<\/p>\n<p>&nbsp;<\/p>\n<p> <\/p>\n<p>&nbsp;<\/p>\n<p>En representaci\u00f3n del titular de la SEC, Aar\u00f3n Grageda Bustamante, la directora general de la Comisi\u00f3n Estatal para la Planeaci\u00f3n de la Educaci\u00f3n Superior (Coepes), Blanca Aurelia Valenzuela, sostuvo un encuentro virtual con los directivos de los diferentes campus del TecNM en Sonora.<\/p>\n<p>&nbsp;<\/p>\n<p>La funcionaria estatal reiter\u00f3 la disposici\u00f3n institucional del Gobierno de Sonora para articular acciones y estrategias dirigidas a los institutos que brindan el servicio educativo en Hermosillo, Nogales, Agua Prieta, Guaymas, Huatabampo y el Valle del Yaqui.<\/p>\n<p>&nbsp;<\/p>\n<p>\u201c<em>Es inter\u00e9s de la SEC y del gobernador Alfonso Durazo, abordar aspectos que conllevan a la mejora, al desarrollo y a la innovaci\u00f3n de los institutos tecnol\u00f3gicos que ustedes dirigen, por eso la apertura de realizar acciones de manera conjunta en temas de oferta educativa, el programa de becas y aspectos de inter\u00e9s general\u201d<\/em>, reiter\u00f3.<\/p>\n<p>&nbsp;<\/p>\n<p>Por su parte, el director del TecNM campus Guaymas, Eugenio Borboa Acosta, asegur\u00f3 que las instituciones de educaci\u00f3n superior que representan tienen la completa disposici\u00f3n de aportar experiencia y conocimientos que permitan acelerar el desarrollo de Sonora.<\/p>\n<p>&nbsp;<\/p>\n<p><em>\u201cEstamos dispuestos a trabajar en las diversas tem\u00e1ticas junto a ustedes, y podemos ser la materia gris para respaldar los proyectos del Gobierno de Sonora. Tenemos mucho talento entre nuestros estudiantes y docentes, para apoyar proyectos de gesti\u00f3n e investigaci\u00f3n que impacten en las comunidades\u201d<\/em>, manifest\u00f3.<\/p>\n<p>&nbsp;<\/p>\n<p>Durante su intervenci\u00f3n, la directora del TecNM campus Agua Prieta, Ana M\u00e9ndez Zazueta, reconoci\u00f3 que la disposici\u00f3n mostrada por las diversas \u00e1reas de la SEC, es la oportunidad correcta para fortalecer el proceso formativo de los futuros profesionistas.<\/p>\n<p>&nbsp;<\/p>\n<p><em>\u201cNosotros mostramos mucha disposici\u00f3n y lo hacemos en muy buen \u00e1nimo, siempre listos y dispuestos a trabajar en conjunto, de manera que reiteramos la decisi\u00f3n de movernos al un\u00edsono en los temas m\u00e1s relevantes para nuestras comunidades educativas\u201d,<\/em> expres\u00f3.<\/p>\n<p>&nbsp;<\/p>\n<p>Ante la presencia de los directores del TecNM campus Hermosillo, Jos\u00e9 Antonio Hoyo Monta\u00f1o y campus Huatabampo, Gil Arturo Quijano Vega, el encuentro permiti\u00f3 acuerdos que beneficiar\u00e1n a las alumnas y alumnos en el programa de becas del gobierno estatal.<\/p>\n<p>&nbsp;<\/p>\n<p>Adem\u00e1s, qued\u00f3 establecido que los cuerpos acad\u00e9micos aportar\u00e1n elementos en la propuesta de armonizaci\u00f3n de la Ley General de Educaci\u00f3n Superior y en la creaci\u00f3n de una gu\u00eda de evaluaci\u00f3n para nuevos planes y programas de estudio.<\/p>\n<p>&nbsp;<\/p>\n<p>&nbsp;<\/p>\n<p>(Publicada el 25\/03\/2022 \/Con informaci\u00f3n de GOBSON 0322-192)<\/p>\n","protected":false},"excerpt":{"rendered":"<p>HERMOSILLO, SONORA. MX. \u2014 Para fortalecer la oferta educativa en nivel superior y garantizar el&#8230;<\/p>\n","protected":false},"author":1,"featured_media":135643,"comment_status":"open","ping_status":"open","sticky":false,"template":"","format":"standard","meta":{"_monsterinsights_skip_tracking":false,"_monsterinsights_sitenote_active":false,"_monsterinsights_sitenote_note":"","_monsterinsights_sitenote_category":0,"footnotes":""},"categories":[22],"tags":[],"class_list":["post"],"yoast_head":" \n<title>Sonora en Equipo. Coordinar\u00e1n esfuerzos SEC y Tecnol\u00f3gico Nacional de M\u00e9xico en beneficio de estudiantes sonorenses Sonora<\/title>\n<meta name=\"description\" content=\"HERMOSILLO, SONORA. MX. \u2014 Para fortalecer la oferta educativa en nivel superior y garantizar el acceso de la comunidad estudiantil al programa estatal de En Sonora en Equipo publicamos toda la informaci\u00f3n de Sonora, M\u00e9xico y el Mundo de manera oportuna y busca que la libertad de expresi\u00f3n sea real. Visita nuestro medio informativo publicado desde Hermosillo, Sonora. %\" \/>\n<meta name=\"robots\" content=\"index, follow, max-snippet:-1, max-image-preview:large, max-video-preview:-1\" \/>\n<link rel=\"canonical\" href=\"https:\/\/www.sonoraenequipo.com.mx\/coordinaran-esfuerzos-secretaria-de-educacion-y-tecnologico-nacional-de-mexico-para-llevar-mayores-beneficios-a-estudiantes-sonorenses\/\" \/>\n<meta property=\"og:locale\" content=\"es_ES\" \/>\n<meta property=\"og:type\" content=\"article\" \/>\n<meta property=\"og:title\" content=\"Sonora en Equipo. Coordinar\u00e1n esfuerzos SEC y Tecnol\u00f3gico Nacional de M\u00e9xico en beneficio de estudiantes sonorenses Sonora\" \/>\n<meta property=\"og:description\" content=\"HERMOSILLO, SONORA. MX. \u2014 Para fortalecer la oferta educativa en nivel superior y garantizar el acceso de la comunidad estudiantil al programa estatal de En Sonora en Equipo publicamos toda la informaci\u00f3n de Sonora, M\u00e9xico y el Mundo de manera oportuna y busca que la libertad de expresi\u00f3n sea real. Visita nuestro medio informativo publicado desde Hermosillo, Sonora. %\" \/>\n<meta property=\"og:url\" content=\"https:\/\/www.sonoraenequipo.com.mx\/coordinaran-esfuerzos-secretaria-de-educacion-y-tecnologico-nacional-de-mexico-para-llevar-mayores-beneficios-a-estudiantes-sonorenses\/\" \/>\n<meta property=\"og:site_name\" content=\"Sonora en Equipo.\" \/>\n<meta property=\"article:publisher\" content=\"https:\/\/www.facebook.com\/SonoraEE\/\" \/>\n<meta property=\"article:author\" content=\"https:\/\/www.facebook.com\/SonoraEE\" \/>\n<meta property=\"article:published_time\" content=\"2022-03-25T23:22:10+00:00\" \/>\n<meta property=\"article:modified_time\" content=\"2022-03-26T02:07:17+00:00\" \/>\n<meta property=\"og:image\" content=\"https:\/\/www.sonoraenequipo.com.mx\/storage\/2022\/03\/Secretaria-de-Educacion-y-Tecnologico-Nacional-de-Mexico.jpeg\" \/>\n\t<meta property=\"og:image:width\" content=\"1280\" \/>\n\t<meta property=\"og:image:height\" content=\"853\" \/>\n\t<meta property=\"og:image:type\" content=\"image\/jpeg\" \/>\n<meta name=\"author\" content=\"enequipo\" \/>\n<meta name=\"twitter:card\" content=\"summary_large_image\" \/>\n<meta name=\"twitter:creator\" content=\"@sonoraenequipo\" \/>\n<meta name=\"twitter:site\" content=\"@sonoraenequipo\" \/>\n<meta name=\"twitter:label1\" content=\"Escrito por\" \/>\n\t<meta name=\"twitter:data1\" content=\"enequipo\" \/>\n\t<meta name=\"twitter:label2\" content=\"Tiempo de lectura\" \/>\n\t<meta name=\"twitter:data2\" content=\"2 minutos\" \/>\n<script type=\"application\/ld+json\" class=\"yoast-schema-graph\">{\"@context\":\"https:\/\/schema.org\",\"@graph\":[{\"@type\":\"Article\",\"@id\":\"https:\/\/www.sonoraenequipo.com.mx\/coordinaran-esfuerzos-secretaria-de-educacion-y-tecnologico-nacional-de-mexico-para-llevar-mayores-beneficios-a-estudiantes-sonorenses\/#article\",\"isPartOf\":{\"@id\":\"https:\/\/www.sonoraenequipo.com.mx\/coordinaran-esfuerzos-secretaria-de-educacion-y-tecnologico-nacional-de-mexico-para-llevar-mayores-beneficios-a-estudiantes-sonorenses\/\"},\"author\":{\"name\":\"enequipo\",\"@id\":\"https:\/\/www.sonoraenequipo.com.mx\/#\/schema\/person\/50102df0fb23a8fa9e8effad8fa81386\"},\"headline\":\"Coordinar\u00e1n esfuerzos SEC y Tecnol\u00f3gico Nacional de M\u00e9xico en beneficio de estudiantes sonorenses\",\"datePublished\":\"2022-03-25T23:22:10+00:00\",\"dateModified\":\"2022-03-26T02:07:17+00:00\",\"mainEntityOfPage\":{\"@id\":\"https:\/\/www.sonoraenequipo.com.mx\/coordinaran-esfuerzos-secretaria-de-educacion-y-tecnologico-nacional-de-mexico-para-llevar-mayores-beneficios-a-estudiantes-sonorenses\/\"},\"wordCount\":485,\"commentCount\":0,\"publisher\":{\"@id\":\"https:\/\/www.sonoraenequipo.com.mx\/#organization\"},\"image\":{\"@id\":\"https:\/\/www.sonoraenequipo.com.mx\/coordinaran-esfuerzos-secretaria-de-educacion-y-tecnologico-nacional-de-mexico-para-llevar-mayores-beneficios-a-estudiantes-sonorenses\/#primaryimage\"},\"thumbnailUrl\":\"https:\/\/www.sonoraenequipo.com.mx\/storage\/2022\/03\/Secretaria-de-Educacion-y-Tecnologico-Nacional-de-Mexico.jpeg\",\"articleSection\":[\"Sonora\"],\"inLanguage\":\"es\",\"potentialAction\":[{\"@type\":\"CommentAction\",\"name\":\"Comment\",\"target\":[\"https:\/\/www.sonoraenequipo.com.mx\/coordinaran-esfuerzos-secretaria-de-educacion-y-tecnologico-nacional-de-mexico-para-llevar-mayores-beneficios-a-estudiantes-sonorenses\/#respond\"]}]},{\"@type\":\"WebPage\",\"@id\":\"https:\/\/www.sonoraenequipo.com.mx\/coordinaran-esfuerzos-secretaria-de-educacion-y-tecnologico-nacional-de-mexico-para-llevar-mayores-beneficios-a-estudiantes-sonorenses\/\",\"url\":\"https:\/\/www.sonoraenequipo.com.mx\/coordinaran-esfuerzos-secretaria-de-educacion-y-tecnologico-nacional-de-mexico-para-llevar-mayores-beneficios-a-estudiantes-sonorenses\/\",\"name\":\"Sonora en Equipo. Coordinar\u00e1n esfuerzos SEC y Tecnol\u00f3gico Nacional de M\u00e9xico en beneficio de estudiantes sonorenses Sonora\",\"isPartOf\":{\"@id\":\"https:\/\/www.sonoraenequipo.com.mx\/#website\"},\"primaryImageOfPage\":{\"@id\":\"https:\/\/www.sonoraenequipo.com.mx\/coordinaran-esfuerzos-secretaria-de-educacion-y-tecnologico-nacional-de-mexico-para-llevar-mayores-beneficios-a-estudiantes-sonorenses\/#primaryimage\"},\"image\":{\"@id\":\"https:\/\/www.sonoraenequipo.com.mx\/coordinaran-esfuerzos-secretaria-de-educacion-y-tecnologico-nacional-de-mexico-para-llevar-mayores-beneficios-a-estudiantes-sonorenses\/#primaryimage\"},\"thumbnailUrl\":\"https:\/\/www.sonoraenequipo.com.mx\/storage\/2022\/03\/Secretaria-de-Educacion-y-Tecnologico-Nacional-de-Mexico.jpeg\",\"datePublished\":\"2022-03-25T23:22:10+00:00\",\"dateModified\":\"2022-03-26T02:07:17+00:00\",\"description\":\"HERMOSILLO, SONORA. MX. \u2014 Para fortalecer la oferta educativa en nivel superior y garantizar el acceso de la comunidad estudiantil al programa estatal de En Sonora en Equipo publicamos toda la informaci\u00f3n de Sonora, M\u00e9xico y el Mundo de manera oportuna y busca que la libertad de expresi\u00f3n sea real. Visita nuestro medio informativo publicado desde Hermosillo, Sonora. %\",\"breadcrumb\":{\"@id\":\"https:\/\/www.sonoraenequipo.com.mx\/coordinaran-esfuerzos-secretaria-de-educacion-y-tecnologico-nacional-de-mexico-para-llevar-mayores-beneficios-a-estudiantes-sonorenses\/#breadcrumb\"},\"inLanguage\":\"es\",\"potentialAction\":[{\"@type\":\"ReadAction\",\"target\":[\"https:\/\/www.sonoraenequipo.com.mx\/coordinaran-esfuerzos-secretaria-de-educacion-y-tecnologico-nacional-de-mexico-para-llevar-mayores-beneficios-a-estudiantes-sonorenses\/\"]}]},{\"@type\":\"ImageObject\",\"inLanguage\":\"es\",\"@id\":\"https:\/\/www.sonoraenequipo.com.mx\/coordinaran-esfuerzos-secretaria-de-educacion-y-tecnologico-nacional-de-mexico-para-llevar-mayores-beneficios-a-estudiantes-sonorenses\/#primaryimage\",\"url\":\"https:\/\/www.sonoraenequipo.com.mx\/storage\/2022\/03\/Secretaria-de-Educacion-y-Tecnologico-Nacional-de-Mexico.jpeg\",\"contentUrl\":\"https:\/\/www.sonoraenequipo.com.mx\/storage\/2022\/03\/Secretaria-de-Educacion-y-Tecnologico-Nacional-de-Mexico.jpeg\",\"width\":1280,\"height\":853},{\"@type\":\"BreadcrumbList\",\"@id\":\"https:\/\/www.sonoraenequipo.com.mx\/coordinaran-esfuerzos-secretaria-de-educacion-y-tecnologico-nacional-de-mexico-para-llevar-mayores-beneficios-a-estudiantes-sonorenses\/#breadcrumb\",\"itemListElement\":[{\"@type\":\"ListItem\",\"position\":1,\"name\":\"Portada\",\"item\":\"https:\/\/www.sonoraenequipo.com.mx\/\"},{\"@type\":\"ListItem\",\"position\":2,\"name\":\"Coordinar\u00e1n esfuerzos SEC y Tecnol\u00f3gico Nacional de M\u00e9xico en beneficio de estudiantes sonorenses\"}]},{\"@type\":\"WebSite\",\"@id\":\"https:\/\/www.sonoraenequipo.com.mx\/#website\",\"url\":\"https:\/\/www.sonoraenequipo.com.mx\/\",\"name\":\"Sonora en Equipo.\",\"description\":\"Diario en l\u00ednea con Noticias desde Hermosillo, Sonora\",\"publisher\":{\"@id\":\"https:\/\/www.sonoraenequipo.com.mx\/#organization\"},\"potentialAction\":[{\"@type\":\"SearchAction\",\"target\":{\"@type\":\"EntryPoint\",\"urlTemplate\":\"https:\/\/www.sonoraenequipo.com.mx\/?s={search_term_string}\"},\"query-input\":{\"@type\":\"PropertyValueSpecification\",\"valueRequired\":true,\"valueName\":\"search_term_string\"}}],\"inLanguage\":\"es\"},{\"@type\":\"Organization\",\"@id\":\"https:\/\/www.sonoraenequipo.com.mx\/#organization\",\"name\":\"Sonoraenequipo.com.mx\",\"url\":\"https:\/\/www.sonoraenequipo.com.mx\/\",\"logo\":{\"@type\":\"ImageObject\",\"inLanguage\":\"es\",\"@id\":\"https:\/\/www.sonoraenequipo.com.mx\/#\/schema\/logo\/image\/\",\"url\":\"https:\/\/www.sonoraenequipo.com.mx\/storage\/2019\/01\/sonoraenequipo_opt.png\",\"contentUrl\":\"https:\/\/www.sonoraenequipo.com.mx\/storage\/2019\/01\/sonoraenequipo_opt.png\",\"width\":375,\"height\":125,\"caption\":\"Sonoraenequipo.com.mx\"},\"image\":{\"@id\":\"https:\/\/www.sonoraenequipo.com.mx\/#\/schema\/logo\/image\/\"},\"sameAs\":[\"https:\/\/www.facebook.com\/SonoraEE\/\",\"https:\/\/x.com\/sonoraenequipo\",\"https:\/\/www.youtube.com\/channel\/UC338nW-lPEYmJQs4ZABQ1SQ\"]},{\"@type\":\"Person\",\"@id\":\"https:\/\/www.sonoraenequipo.com.mx\/#\/schema\/person\/50102df0fb23a8fa9e8effad8fa81386\",\"name\":\"enequipo\",\"image\":{\"@type\":\"ImageObject\",\"inLanguage\":\"es\",\"@id\":\"https:\/\/www.sonoraenequipo.com.mx\/#\/schema\/person\/image\/\",\"url\":\"https:\/\/secure.gravatar.com\/avatar\/049821681b589dabc0bc20695993ccebb09f5b5d4d790cd9251b97faac7c652b?s=96&d=blank&r=g\",\"contentUrl\":\"https:\/\/secure.gravatar.com\/avatar\/049821681b589dabc0bc20695993ccebb09f5b5d4d790cd9251b97faac7c652b?s=96&d=blank&r=g\",\"caption\":\"enequipo\"},\"sameAs\":[\"https:\/\/www.facebook.com\/SonoraEE\"]}]}<\/script>\n ","yoast_head_json":{"title":"Sonora en Equipo. Coordinar\u00e1n esfuerzos SEC y Tecnol\u00f3gico Nacional de M\u00e9xico en beneficio de estudiantes sonorenses Sonora","description":"HERMOSILLO, SONORA. MX. \u2014 Para fortalecer la oferta educativa en nivel superior y garantizar el acceso de la comunidad estudiantil al programa estatal de En Sonora en Equipo publicamos toda la informaci\u00f3n de Sonora, M\u00e9xico y el Mundo de manera oportuna y busca que la libertad de expresi\u00f3n sea real. Visita nuestro medio informativo publicado desde Hermosillo, Sonora. %","robots":{"index":"index","follow":"follow","max-snippet":"max-snippet:-1","max-image-preview":"max-image-preview:large","max-video-preview":"max-video-preview:-1"},"canonical":"https:\/\/www.sonoraenequipo.com.mx\/coordinaran-esfuerzos-secretaria-de-educacion-y-tecnologico-nacional-de-mexico-para-llevar-mayores-beneficios-a-estudiantes-sonorenses\/","og_locale":"es_ES","og_type":"article","og_title":"Sonora en Equipo. Coordinar\u00e1n esfuerzos SEC y Tecnol\u00f3gico Nacional de M\u00e9xico en beneficio de estudiantes sonorenses Sonora","og_description":"HERMOSILLO, SONORA. MX. \u2014 Para fortalecer la oferta educativa en nivel superior y garantizar el acceso de la comunidad estudiantil al programa estatal de En Sonora en Equipo publicamos toda la informaci\u00f3n de Sonora, M\u00e9xico y el Mundo de manera oportuna y busca que la libertad de expresi\u00f3n sea real. Visita nuestro medio informativo publicado desde Hermosillo, Sonora. %","og_url":"https:\/\/www.sonoraenequipo.com.mx\/coordinaran-esfuerzos-secretaria-de-educacion-y-tecnologico-nacional-de-mexico-para-llevar-mayores-beneficios-a-estudiantes-sonorenses\/","og_site_name":"Sonora en Equipo.","article_publisher":"https:\/\/www.facebook.com\/SonoraEE\/","article_author":"https:\/\/www.facebook.com\/SonoraEE","article_published_time":"2022-03-25T23:22:10+00:00","article_modified_time":"2022-03-26T02:07:17+00:00","og_image":[{"width":1280,"height":853,"url":"https:\/\/www.sonoraenequipo.com.mx\/storage\/2022\/03\/Secretaria-de-Educacion-y-Tecnologico-Nacional-de-Mexico.jpeg","type":"image\/jpeg"}],"author":"enequipo","twitter_card":"summary_large_image","twitter_creator":"@sonoraenequipo","twitter_site":"@sonoraenequipo","twitter_misc":{"Escrito por":"enequipo","Tiempo de lectura":"2 minutos"},"schema":{"@context":"https:\/\/schema.org","@graph":[{"@type":"Article","@id":"https:\/\/www.sonoraenequipo.com.mx\/coordinaran-esfuerzos-secretaria-de-educacion-y-tecnologico-nacional-de-mexico-para-llevar-mayores-beneficios-a-estudiantes-sonorenses\/#article","isPartOf":{"@id":"https:\/\/www.sonoraenequipo.com.mx\/coordinaran-esfuerzos-secretaria-de-educacion-y-tecnologico-nacional-de-mexico-para-llevar-mayores-beneficios-a-estudiantes-sonorenses\/"},"author":{"name":"enequipo","@id":"https:\/\/www.sonoraenequipo.com.mx\/#\/schema\/person\/50102df0fb23a8fa9e8effad8fa81386"},"headline":"Coordinar\u00e1n esfuerzos SEC y Tecnol\u00f3gico Nacional de M\u00e9xico en beneficio de estudiantes sonorenses","datePublished":"2022-03-25T23:22:10+00:00","dateModified":"2022-03-26T02:07:17+00:00","mainEntityOfPage":{"@id":"https:\/\/www.sonoraenequipo.com.mx\/coordinaran-esfuerzos-secretaria-de-educacion-y-tecnologico-nacional-de-mexico-para-llevar-mayores-beneficios-a-estudiantes-sonorenses\/"},"wordCount":485,"commentCount":0,"publisher":{"@id":"https:\/\/www.sonoraenequipo.com.mx\/#organization"},"image":{"@id":"https:\/\/www.sonoraenequipo.com.mx\/coordinaran-esfuerzos-secretaria-de-educacion-y-tecnologico-nacional-de-mexico-para-llevar-mayores-beneficios-a-estudiantes-sonorenses\/#primaryimage"},"thumbnailUrl":"https:\/\/www.sonoraenequipo.com.mx\/storage\/2022\/03\/Secretaria-de-Educacion-y-Tecnologico-Nacional-de-Mexico.jpeg","articleSection":["Sonora"],"inLanguage":"es","potentialAction":[{"@type":"CommentAction","name":"Comment","target":["https:\/\/www.sonoraenequipo.com.mx\/coordinaran-esfuerzos-secretaria-de-educacion-y-tecnologico-nacional-de-mexico-para-llevar-mayores-beneficios-a-estudiantes-sonorenses\/#respond"]}]},{"@type":"WebPage","@id":"https:\/\/www.sonoraenequipo.com.mx\/coordinaran-esfuerzos-secretaria-de-educacion-y-tecnologico-nacional-de-mexico-para-llevar-mayores-beneficios-a-estudiantes-sonorenses\/","url":"https:\/\/www.sonoraenequipo.com.mx\/coordinaran-esfuerzos-secretaria-de-educacion-y-tecnologico-nacional-de-mexico-para-llevar-mayores-beneficios-a-estudiantes-sonorenses\/","name":"Sonora en Equipo. Coordinar\u00e1n esfuerzos SEC y Tecnol\u00f3gico Nacional de M\u00e9xico en beneficio de estudiantes sonorenses Sonora","isPartOf":{"@id":"https:\/\/www.sonoraenequipo.com.mx\/#website"},"primaryImageOfPage":{"@id":"https:\/\/www.sonoraenequipo.com.mx\/coordinaran-esfuerzos-secretaria-de-educacion-y-tecnologico-nacional-de-mexico-para-llevar-mayores-beneficios-a-estudiantes-sonorenses\/#primaryimage"},"image":{"@id":"https:\/\/www.sonoraenequipo.com.mx\/coordinaran-esfuerzos-secretaria-de-educacion-y-tecnologico-nacional-de-mexico-para-llevar-mayores-beneficios-a-estudiantes-sonorenses\/#primaryimage"},"thumbnailUrl":"https:\/\/www.sonoraenequipo.com.mx\/storage\/2022\/03\/Secretaria-de-Educacion-y-Tecnologico-Nacional-de-Mexico.jpeg","datePublished":"2022-03-25T23:22:10+00:00","dateModified":"2022-03-26T02:07:17+00:00","description":"HERMOSILLO, SONORA. MX. \u2014 Para fortalecer la oferta educativa en nivel superior y garantizar el acceso de la comunidad estudiantil al programa estatal de En Sonora en Equipo publicamos toda la informaci\u00f3n de Sonora, M\u00e9xico y el Mundo de manera oportuna y busca que la libertad de expresi\u00f3n sea real. Visita nuestro medio informativo publicado desde Hermosillo, Sonora. %","breadcrumb":{"@id":"https:\/\/www.sonoraenequipo.com.mx\/coordinaran-esfuerzos-secretaria-de-educacion-y-tecnologico-nacional-de-mexico-para-llevar-mayores-beneficios-a-estudiantes-sonorenses\/#breadcrumb"},"inLanguage":"es","potentialAction":[{"@type":"ReadAction","target":["https:\/\/www.sonoraenequipo.com.mx\/coordinaran-esfuerzos-secretaria-de-educacion-y-tecnologico-nacional-de-mexico-para-llevar-mayores-beneficios-a-estudiantes-sonorenses\/"]}]},{"@type":"ImageObject","inLanguage":"es","@id":"https:\/\/www.sonoraenequipo.com.mx\/coordinaran-esfuerzos-secretaria-de-educacion-y-tecnologico-nacional-de-mexico-para-llevar-mayores-beneficios-a-estudiantes-sonorenses\/#primaryimage","url":"https:\/\/www.sonoraenequipo.com.mx\/storage\/2022\/03\/Secretaria-de-Educacion-y-Tecnologico-Nacional-de-Mexico.jpeg","contentUrl":"https:\/\/www.sonoraenequipo.com.mx\/storage\/2022\/03\/Secretaria-de-Educacion-y-Tecnologico-Nacional-de-Mexico.jpeg","width":1280,"height":853},{"@type":"BreadcrumbList","@id":"https:\/\/www.sonoraenequipo.com.mx\/coordinaran-esfuerzos-secretaria-de-educacion-y-tecnologico-nacional-de-mexico-para-llevar-mayores-beneficios-a-estudiantes-sonorenses\/#breadcrumb","itemListElement":[{"@type":"ListItem","position":1,"name":"Portada","item":"https:\/\/www.sonoraenequipo.com.mx\/"},{"@type":"ListItem","position":2,"name":"Coordinar\u00e1n esfuerzos SEC y Tecnol\u00f3gico Nacional de M\u00e9xico en beneficio de estudiantes sonorenses"}]},{"@type":"WebSite","@id":"https:\/\/www.sonoraenequipo.com.mx\/#website","url":"https:\/\/www.sonoraenequipo.com.mx\/","name":"Sonora en Equipo.","description":"Diario en l\u00ednea con Noticias desde Hermosillo, Sonora","publisher":{"@id":"https:\/\/www.sonoraenequipo.com.mx\/#organization"},"potentialAction":[{"@type":"SearchAction","target":{"@type":"EntryPoint","urlTemplate":"https:\/\/www.sonoraenequipo.com.mx\/?s={search_term_string}"},"query-input":{"@type":"PropertyValueSpecification","valueRequired":true,"valueName":"search_term_string"}}],"inLanguage":"es"},{"@type":"Organization","@id":"https:\/\/www.sonoraenequipo.com.mx\/#organization","name":"Sonoraenequipo.com.mx","url":"https:\/\/www.sonoraenequipo.com.mx\/","logo":{"@type":"ImageObject","inLanguage":"es","@id":"https:\/\/www.sonoraenequipo.com.mx\/#\/schema\/logo\/image\/","url":"https:\/\/www.sonoraenequipo.com.mx\/storage\/2019\/01\/sonoraenequipo_opt.png","contentUrl":"https:\/\/www.sonoraenequipo.com.mx\/storage\/2019\/01\/sonoraenequipo_opt.png","width":375,"height":125,"caption":"Sonoraenequipo.com.mx"},"image":{"@id":"https:\/\/www.sonoraenequipo.com.mx\/#\/schema\/logo\/image\/"},"sameAs":["https:\/\/www.facebook.com\/SonoraEE\/","https:\/\/x.com\/sonoraenequipo","https:\/\/www.youtube.com\/channel\/UC338nW-lPEYmJQs4ZABQ1SQ"]},{"@type":"Person","@id":"https:\/\/www.sonoraenequipo.com.mx\/#\/schema\/person\/50102df0fb23a8fa9e8effad8fa81386","name":"enequipo","image":{"@type":"ImageObject","inLanguage":"es","@id":"https:\/\/www.sonoraenequipo.com.mx\/#\/schema\/person\/image\/","url":"https:\/\/secure.gravatar.com\/avatar\/049821681b589dabc0bc20695993ccebb09f5b5d4d790cd9251b97faac7c652b?s=96&d=blank&r=g","contentUrl":"https:\/\/secure.gravatar.com\/avatar\/049821681b589dabc0bc20695993ccebb09f5b5d4d790cd9251b97faac7c652b?s=96&d=blank&r=g","caption":"enequipo"},"sameAs":["https:\/\/www.facebook.com\/SonoraEE"]}]}},"jetpack_featured_media_url":"https:\/\/www.sonoraenequipo.com.mx\/storage\/2022\/03\/Secretaria-de-Educacion-y-Tecnologico-Nacional-de-Mexico.jpeg","_links":{"self":[{"href":"https:\/\/www.sonoraenequipo.com.mx\/api\/wp\/v2\/posts\/135641","targetHints":{"allow":["GET"]}}],"collection":[{"href":"https:\/\/www.sonoraenequipo.com.mx\/api\/wp\/v2\/posts"}],"about":[{"href":"https:\/\/www.sonoraenequipo.com.mx\/api\/wp\/v2\/types\/post"}],"author":[{"embeddable":true,"href":"https:\/\/www.sonoraenequipo.com.mx\/api\/wp\/v2\/users\/1"}],"replies":[{"embeddable":true,"href":"https:\/\/www.sonoraenequipo.com.mx\/api\/wp\/v2\/comments?post=135641"}],"version-history":[{"count":3,"href":"https:\/\/www.sonoraenequipo.com.mx\/api\/wp\/v2\/posts\/135641\/revisions"}],"predecessor-version":[{"id":135646,"href":"https:\/\/www.sonoraenequipo.com.mx\/api\/wp\/v2\/posts\/135641\/revisions\/135646"}],"wp:featuredmedia":[{"embeddable":true,"href":"https:\/\/www.sonoraenequipo.com.mx\/api\/wp\/v2\/media\/135643"}],"wp:attachment":[{"href":"https:\/\/www.sonoraenequipo.com.mx\/api\/wp\/v2\/media?parent=135641"}],"wp:term":[{"taxonomy":"category","embeddable":true,"href":"https:\/\/www.sonoraenequipo.com.mx\/api\/wp\/v2\/categories?post=135641"},{"taxonomy":"post_tag","embeddable":true,"href":"https:\/\/www.sonoraenequipo.com.mx\/api\/wp\/v2\/tags?post=135641"}],"curies":[{"name":"wp","href":"https:\/\/api.w.org\/{rel}","templated":true}]}}