{"id":135651,"date":"2022-03-25T19:24:13","date_gmt":"2022-03-26T02:24:13","guid":{"rendered":"https:\/\/www.sonoraenequipo.com.mx\/?p=135651"},"modified":"2022-03-25T19:47:55","modified_gmt":"2022-03-26T02:47:55","slug":"aprueban-agenda-municipal-de-largo-plazo-2022-2033-para-hermosillo","status":"publish","type":"post","link":"https:\/\/www.sonoraenequipo.com.mx\/aprueban-agenda-municipal-de-largo-plazo-2022-2033-para-hermosillo\/","title":{"rendered":"HERMOSILLO. Aprueban Agenda Municipal de Largo Plazo 2022-2033"},"content":{"rendered":"<p><strong>\u00a0<\/strong><strong>HERMOSILLO, SONORA,MX.<\/strong><strong>\u25ac<\/strong><strong> Integrantes de Cabildo aprobaron por unanimidad la Agenda de Largo Plazo 2022-2033 elaborada por el Subcomit\u00e9 T\u00e9cnico Especializado de COPLAM, que contempla proyectos que buscan garantizar desarrollo econ\u00f3mico y social del municipio en los pr\u00f3ximos 12 a\u00f1os. <\/strong><\/p>\n<p><strong>\u00a0<\/strong><\/p>\n<p><strong>Una vez publicado en el Bolet\u00edn Oficial del Gobierno del Estado de Sonora, tanto el Ayuntamiento de Hermosillo como la ciudadan\u00eda deber\u00e1n dar seguimiento a los proyectos que contempla la Agenda, para verificar los avances conforme a cada periodo constitucional. <\/strong><\/p>\n<p><strong>\u00a0<\/strong><\/p>\n<p><strong>Aprueban temas de Sindicatura y Nomenclaturas <\/strong><\/p>\n<p><strong>\u00a0<\/strong><\/p>\n<p><strong>Previo a concluir la sesi\u00f3n de Cabildo, una parte de regidoras y regidores solicitaron someter a votaci\u00f3n la restituci\u00f3n de las prestaciones a pensionados y jubilados, misma que no cont\u00f3 con los votos suficientes para lograr alg\u00fan tipo de mayor\u00eda por lo cual se desech\u00f3. <\/strong><\/p>\n<p><strong>\u00a0<\/strong><\/p>\n<p><strong>El cabildo decidi\u00f3 por mayor\u00eda a partir de una amplia deliberaci\u00f3n abstenerse de no emitir una decisi\u00f3n sobre la solicitud que se hizo por una parte de regidoras y regidores, en virtud de que el asunto se encuentra en proceso de resoluci\u00f3n en las instancias judiciales competentes, donde habr\u00e1 de deliberarse si son procedentes.<\/strong><\/p>\n<p><strong><img loading=\"lazy\" decoding=\"async\" class=\"size-medium  x-center\" src=\"https:\/\/www.sonoraenequipo.com.mx\/storage\/2022\/03\/pavhmo-639x365.jpg\" alt=\"\" width=\"639\" height=\"365\" \/>\u00a0<\/strong><\/p>\n<p><strong>\u00a0<\/strong><\/p>\n<p><strong>\u00a0<\/strong><\/p>\n<p><strong>Supervisa To\u00f1o Astiazar\u00e1n rehabilitaci\u00f3n de crucero con concreto hidr\u00e1ulico <\/strong><\/p>\n<p>&nbsp;<\/p>\n<p><strong>HERMOSILLO, SONORA,MX.<\/strong><strong>\u25ac<\/strong> Astart\u00e9 Corro Ruiz, titular de la Coordinaci\u00f3n de Infraestructura, Desarrollo Urbano y Ecolog\u00eda, explic\u00f3 en el sitio los detalles t\u00e9cnicos de la rehabilitaci\u00f3n en la que se invertir\u00e1n 3.16 millones de pesos, mientras una revolvedora vaciaba el concreto y un equipo de trabajadores lo distribu\u00eda de Poniente a Oriente con una regla vibradora.<\/p>\n<p>&nbsp;<\/p>\n<p>Este proyecto incluye la demolici\u00f3n de la carpeta asf\u00e1ltica existente; corte de material tipo B;\u00a0 formaci\u00f3n y compactaci\u00f3n de una capa subrasante de 30 cent\u00edmetros de espesor; formaci\u00f3n y compactaci\u00f3n de una base hidr\u00e1ulica de 15 cent\u00edmetros y una base de concreto de 15 cent\u00edmetros.<\/p>\n<p>&nbsp;<\/p>\n<p>Supervisi\u00f3n de rehabilitaci\u00f3n con concreto hidr\u00e1ulico.<\/p>\n<p>&nbsp;<\/p>\n<p>D\u00f3nde: Cruce de los bulevares Juan Bautista de Escalante y Agust\u00edn F.<\/p>\n<p><strong>Fecha de Publicaci\u00f3n viernes<\/strong><strong>\/25<\/strong><strong>\/marzo<\/strong><strong>\/2022<\/strong><\/p>\n<p>&nbsp;<\/p>\n<p>&nbsp;<\/p>\n<p>&nbsp;<\/p>\n","protected":false},"excerpt":{"rendered":"<p>\u00a0HERMOSILLO, SONORA,MX.\u25ac Integrantes de Cabildo aprobaron por unanimidad la Agenda de Largo Plazo 2022-2033 elaborada&#8230;<\/p>\n","protected":false},"author":1,"featured_media":135653,"comment_status":"open","ping_status":"open","sticky":false,"template":"","format":"standard","meta":{"_monsterinsights_skip_tracking":false,"_monsterinsights_sitenote_active":false,"_monsterinsights_sitenote_note":"","_monsterinsights_sitenote_category":0,"footnotes":""},"categories":[4,1],"tags":[],"class_list":["post"],"yoast_head":" \n<title>Sonora en Equipo. HERMOSILLO. Aprueban Agenda Municipal de Largo Plazo 2022-2033<\/title>\n<meta name=\"description\" content=\"\u00a0HERMOSILLO, SONORA,MX.\u25ac Integrantes de Cabildo aprobaron por unanimidad la Agenda de Largo Plazo 2022-2033 elaborada por el Subcomit\u00e9 T\u00e9cnico En Sonora en Equipo publicamos toda la informaci\u00f3n de Sonora, M\u00e9xico y el Mundo de manera oportuna y busca que la libertad de expresi\u00f3n sea real. Visita nuestro medio informativo publicado desde Hermosillo, Sonora. %\" \/>\n<meta name=\"robots\" content=\"index, follow, max-snippet:-1, max-image-preview:large, max-video-preview:-1\" \/>\n<link rel=\"canonical\" href=\"https:\/\/www.sonoraenequipo.com.mx\/aprueban-agenda-municipal-de-largo-plazo-2022-2033-para-hermosillo\/\" \/>\n<meta property=\"og:locale\" content=\"es_ES\" \/>\n<meta property=\"og:type\" content=\"article\" \/>\n<meta property=\"og:title\" content=\"Sonora en Equipo. HERMOSILLO. Aprueban Agenda Municipal de Largo Plazo 2022-2033\" \/>\n<meta property=\"og:description\" content=\"\u00a0HERMOSILLO, SONORA,MX.\u25ac Integrantes de Cabildo aprobaron por unanimidad la Agenda de Largo Plazo 2022-2033 elaborada por el Subcomit\u00e9 T\u00e9cnico En Sonora en Equipo publicamos toda la informaci\u00f3n de Sonora, M\u00e9xico y el Mundo de manera oportuna y busca que la libertad de expresi\u00f3n sea real. Visita nuestro medio informativo publicado desde Hermosillo, Sonora. %\" \/>\n<meta property=\"og:url\" content=\"https:\/\/www.sonoraenequipo.com.mx\/aprueban-agenda-municipal-de-largo-plazo-2022-2033-para-hermosillo\/\" \/>\n<meta property=\"og:site_name\" content=\"Sonora en Equipo.\" \/>\n<meta property=\"article:publisher\" content=\"https:\/\/www.facebook.com\/SonoraEE\/\" \/>\n<meta property=\"article:author\" content=\"https:\/\/www.facebook.com\/SonoraEE\" \/>\n<meta property=\"article:published_time\" content=\"2022-03-26T02:24:13+00:00\" \/>\n<meta property=\"article:modified_time\" content=\"2022-03-26T02:47:55+00:00\" \/>\n<meta property=\"og:image\" content=\"https:\/\/www.sonoraenequipo.com.mx\/storage\/2022\/03\/cabildohmo.jpg\" \/>\n\t<meta property=\"og:image:width\" content=\"700\" \/>\n\t<meta property=\"og:image:height\" content=\"400\" \/>\n\t<meta property=\"og:image:type\" content=\"image\/jpeg\" \/>\n<meta name=\"author\" content=\"enequipo\" \/>\n<meta name=\"twitter:card\" content=\"summary_large_image\" \/>\n<meta name=\"twitter:creator\" content=\"@sonoraenequipo\" \/>\n<meta name=\"twitter:site\" content=\"@sonoraenequipo\" \/>\n<meta name=\"twitter:label1\" content=\"Escrito por\" \/>\n\t<meta name=\"twitter:data1\" content=\"enequipo\" \/>\n\t<meta name=\"twitter:label2\" content=\"Tiempo de lectura\" \/>\n\t<meta name=\"twitter:data2\" content=\"2 minutos\" \/>\n<script type=\"application\/ld+json\" class=\"yoast-schema-graph\">{\"@context\":\"https:\/\/schema.org\",\"@graph\":[{\"@type\":\"Article\",\"@id\":\"https:\/\/www.sonoraenequipo.com.mx\/aprueban-agenda-municipal-de-largo-plazo-2022-2033-para-hermosillo\/#article\",\"isPartOf\":{\"@id\":\"https:\/\/www.sonoraenequipo.com.mx\/aprueban-agenda-municipal-de-largo-plazo-2022-2033-para-hermosillo\/\"},\"author\":{\"name\":\"enequipo\",\"@id\":\"https:\/\/www.sonoraenequipo.com.mx\/#\/schema\/person\/50102df0fb23a8fa9e8effad8fa81386\"},\"headline\":\"HERMOSILLO. Aprueban Agenda Municipal de Largo Plazo 2022-2033\",\"datePublished\":\"2022-03-26T02:24:13+00:00\",\"dateModified\":\"2022-03-26T02:47:55+00:00\",\"mainEntityOfPage\":{\"@id\":\"https:\/\/www.sonoraenequipo.com.mx\/aprueban-agenda-municipal-de-largo-plazo-2022-2033-para-hermosillo\/\"},\"wordCount\":370,\"commentCount\":0,\"publisher\":{\"@id\":\"https:\/\/www.sonoraenequipo.com.mx\/#organization\"},\"image\":{\"@id\":\"https:\/\/www.sonoraenequipo.com.mx\/aprueban-agenda-municipal-de-largo-plazo-2022-2033-para-hermosillo\/#primaryimage\"},\"thumbnailUrl\":\"https:\/\/www.sonoraenequipo.com.mx\/storage\/2022\/03\/cabildohmo.jpg\",\"articleSection\":[\"Municipios\",\"Sin categorizar\"],\"inLanguage\":\"es\",\"potentialAction\":[{\"@type\":\"CommentAction\",\"name\":\"Comment\",\"target\":[\"https:\/\/www.sonoraenequipo.com.mx\/aprueban-agenda-municipal-de-largo-plazo-2022-2033-para-hermosillo\/#respond\"]}]},{\"@type\":\"WebPage\",\"@id\":\"https:\/\/www.sonoraenequipo.com.mx\/aprueban-agenda-municipal-de-largo-plazo-2022-2033-para-hermosillo\/\",\"url\":\"https:\/\/www.sonoraenequipo.com.mx\/aprueban-agenda-municipal-de-largo-plazo-2022-2033-para-hermosillo\/\",\"name\":\"Sonora en Equipo. HERMOSILLO. Aprueban Agenda Municipal de Largo Plazo 2022-2033\",\"isPartOf\":{\"@id\":\"https:\/\/www.sonoraenequipo.com.mx\/#website\"},\"primaryImageOfPage\":{\"@id\":\"https:\/\/www.sonoraenequipo.com.mx\/aprueban-agenda-municipal-de-largo-plazo-2022-2033-para-hermosillo\/#primaryimage\"},\"image\":{\"@id\":\"https:\/\/www.sonoraenequipo.com.mx\/aprueban-agenda-municipal-de-largo-plazo-2022-2033-para-hermosillo\/#primaryimage\"},\"thumbnailUrl\":\"https:\/\/www.sonoraenequipo.com.mx\/storage\/2022\/03\/cabildohmo.jpg\",\"datePublished\":\"2022-03-26T02:24:13+00:00\",\"dateModified\":\"2022-03-26T02:47:55+00:00\",\"description\":\"\u00a0HERMOSILLO, SONORA,MX.\u25ac Integrantes de Cabildo aprobaron por unanimidad la Agenda de Largo Plazo 2022-2033 elaborada por el Subcomit\u00e9 T\u00e9cnico En Sonora en Equipo publicamos toda la informaci\u00f3n de Sonora, M\u00e9xico y el Mundo de manera oportuna y busca que la libertad de expresi\u00f3n sea real. Visita nuestro medio informativo publicado desde Hermosillo, Sonora. %\",\"breadcrumb\":{\"@id\":\"https:\/\/www.sonoraenequipo.com.mx\/aprueban-agenda-municipal-de-largo-plazo-2022-2033-para-hermosillo\/#breadcrumb\"},\"inLanguage\":\"es\",\"potentialAction\":[{\"@type\":\"ReadAction\",\"target\":[\"https:\/\/www.sonoraenequipo.com.mx\/aprueban-agenda-municipal-de-largo-plazo-2022-2033-para-hermosillo\/\"]}]},{\"@type\":\"ImageObject\",\"inLanguage\":\"es\",\"@id\":\"https:\/\/www.sonoraenequipo.com.mx\/aprueban-agenda-municipal-de-largo-plazo-2022-2033-para-hermosillo\/#primaryimage\",\"url\":\"https:\/\/www.sonoraenequipo.com.mx\/storage\/2022\/03\/cabildohmo.jpg\",\"contentUrl\":\"https:\/\/www.sonoraenequipo.com.mx\/storage\/2022\/03\/cabildohmo.jpg\",\"width\":700,\"height\":400},{\"@type\":\"BreadcrumbList\",\"@id\":\"https:\/\/www.sonoraenequipo.com.mx\/aprueban-agenda-municipal-de-largo-plazo-2022-2033-para-hermosillo\/#breadcrumb\",\"itemListElement\":[{\"@type\":\"ListItem\",\"position\":1,\"name\":\"Portada\",\"item\":\"https:\/\/www.sonoraenequipo.com.mx\/\"},{\"@type\":\"ListItem\",\"position\":2,\"name\":\"HERMOSILLO. Aprueban Agenda Municipal de Largo Plazo 2022-2033\"}]},{\"@type\":\"WebSite\",\"@id\":\"https:\/\/www.sonoraenequipo.com.mx\/#website\",\"url\":\"https:\/\/www.sonoraenequipo.com.mx\/\",\"name\":\"Sonora en Equipo.\",\"description\":\"Diario en l\u00ednea con Noticias desde Hermosillo, Sonora\",\"publisher\":{\"@id\":\"https:\/\/www.sonoraenequipo.com.mx\/#organization\"},\"potentialAction\":[{\"@type\":\"SearchAction\",\"target\":{\"@type\":\"EntryPoint\",\"urlTemplate\":\"https:\/\/www.sonoraenequipo.com.mx\/?s={search_term_string}\"},\"query-input\":{\"@type\":\"PropertyValueSpecification\",\"valueRequired\":true,\"valueName\":\"search_term_string\"}}],\"inLanguage\":\"es\"},{\"@type\":\"Organization\",\"@id\":\"https:\/\/www.sonoraenequipo.com.mx\/#organization\",\"name\":\"Sonoraenequipo.com.mx\",\"url\":\"https:\/\/www.sonoraenequipo.com.mx\/\",\"logo\":{\"@type\":\"ImageObject\",\"inLanguage\":\"es\",\"@id\":\"https:\/\/www.sonoraenequipo.com.mx\/#\/schema\/logo\/image\/\",\"url\":\"https:\/\/www.sonoraenequipo.com.mx\/storage\/2019\/01\/sonoraenequipo_opt.png\",\"contentUrl\":\"https:\/\/www.sonoraenequipo.com.mx\/storage\/2019\/01\/sonoraenequipo_opt.png\",\"width\":375,\"height\":125,\"caption\":\"Sonoraenequipo.com.mx\"},\"image\":{\"@id\":\"https:\/\/www.sonoraenequipo.com.mx\/#\/schema\/logo\/image\/\"},\"sameAs\":[\"https:\/\/www.facebook.com\/SonoraEE\/\",\"https:\/\/x.com\/sonoraenequipo\",\"https:\/\/www.youtube.com\/channel\/UC338nW-lPEYmJQs4ZABQ1SQ\"]},{\"@type\":\"Person\",\"@id\":\"https:\/\/www.sonoraenequipo.com.mx\/#\/schema\/person\/50102df0fb23a8fa9e8effad8fa81386\",\"name\":\"enequipo\",\"image\":{\"@type\":\"ImageObject\",\"inLanguage\":\"es\",\"@id\":\"https:\/\/www.sonoraenequipo.com.mx\/#\/schema\/person\/image\/\",\"url\":\"https:\/\/secure.gravatar.com\/avatar\/049821681b589dabc0bc20695993ccebb09f5b5d4d790cd9251b97faac7c652b?s=96&d=blank&r=g\",\"contentUrl\":\"https:\/\/secure.gravatar.com\/avatar\/049821681b589dabc0bc20695993ccebb09f5b5d4d790cd9251b97faac7c652b?s=96&d=blank&r=g\",\"caption\":\"enequipo\"},\"sameAs\":[\"https:\/\/www.facebook.com\/SonoraEE\"]}]}<\/script>\n ","yoast_head_json":{"title":"Sonora en Equipo. HERMOSILLO. Aprueban Agenda Municipal de Largo Plazo 2022-2033","description":"\u00a0HERMOSILLO, SONORA,MX.\u25ac Integrantes de Cabildo aprobaron por unanimidad la Agenda de Largo Plazo 2022-2033 elaborada por el Subcomit\u00e9 T\u00e9cnico En Sonora en Equipo publicamos toda la informaci\u00f3n de Sonora, M\u00e9xico y el Mundo de manera oportuna y busca que la libertad de expresi\u00f3n sea real. Visita nuestro medio informativo publicado desde Hermosillo, Sonora. %","robots":{"index":"index","follow":"follow","max-snippet":"max-snippet:-1","max-image-preview":"max-image-preview:large","max-video-preview":"max-video-preview:-1"},"canonical":"https:\/\/www.sonoraenequipo.com.mx\/aprueban-agenda-municipal-de-largo-plazo-2022-2033-para-hermosillo\/","og_locale":"es_ES","og_type":"article","og_title":"Sonora en Equipo. HERMOSILLO. Aprueban Agenda Municipal de Largo Plazo 2022-2033","og_description":"\u00a0HERMOSILLO, SONORA,MX.\u25ac Integrantes de Cabildo aprobaron por unanimidad la Agenda de Largo Plazo 2022-2033 elaborada por el Subcomit\u00e9 T\u00e9cnico En Sonora en Equipo publicamos toda la informaci\u00f3n de Sonora, M\u00e9xico y el Mundo de manera oportuna y busca que la libertad de expresi\u00f3n sea real. Visita nuestro medio informativo publicado desde Hermosillo, Sonora. %","og_url":"https:\/\/www.sonoraenequipo.com.mx\/aprueban-agenda-municipal-de-largo-plazo-2022-2033-para-hermosillo\/","og_site_name":"Sonora en Equipo.","article_publisher":"https:\/\/www.facebook.com\/SonoraEE\/","article_author":"https:\/\/www.facebook.com\/SonoraEE","article_published_time":"2022-03-26T02:24:13+00:00","article_modified_time":"2022-03-26T02:47:55+00:00","og_image":[{"width":700,"height":400,"url":"https:\/\/www.sonoraenequipo.com.mx\/storage\/2022\/03\/cabildohmo.jpg","type":"image\/jpeg"}],"author":"enequipo","twitter_card":"summary_large_image","twitter_creator":"@sonoraenequipo","twitter_site":"@sonoraenequipo","twitter_misc":{"Escrito por":"enequipo","Tiempo de lectura":"2 minutos"},"schema":{"@context":"https:\/\/schema.org","@graph":[{"@type":"Article","@id":"https:\/\/www.sonoraenequipo.com.mx\/aprueban-agenda-municipal-de-largo-plazo-2022-2033-para-hermosillo\/#article","isPartOf":{"@id":"https:\/\/www.sonoraenequipo.com.mx\/aprueban-agenda-municipal-de-largo-plazo-2022-2033-para-hermosillo\/"},"author":{"name":"enequipo","@id":"https:\/\/www.sonoraenequipo.com.mx\/#\/schema\/person\/50102df0fb23a8fa9e8effad8fa81386"},"headline":"HERMOSILLO. Aprueban Agenda Municipal de Largo Plazo 2022-2033","datePublished":"2022-03-26T02:24:13+00:00","dateModified":"2022-03-26T02:47:55+00:00","mainEntityOfPage":{"@id":"https:\/\/www.sonoraenequipo.com.mx\/aprueban-agenda-municipal-de-largo-plazo-2022-2033-para-hermosillo\/"},"wordCount":370,"commentCount":0,"publisher":{"@id":"https:\/\/www.sonoraenequipo.com.mx\/#organization"},"image":{"@id":"https:\/\/www.sonoraenequipo.com.mx\/aprueban-agenda-municipal-de-largo-plazo-2022-2033-para-hermosillo\/#primaryimage"},"thumbnailUrl":"https:\/\/www.sonoraenequipo.com.mx\/storage\/2022\/03\/cabildohmo.jpg","articleSection":["Municipios","Sin categorizar"],"inLanguage":"es","potentialAction":[{"@type":"CommentAction","name":"Comment","target":["https:\/\/www.sonoraenequipo.com.mx\/aprueban-agenda-municipal-de-largo-plazo-2022-2033-para-hermosillo\/#respond"]}]},{"@type":"WebPage","@id":"https:\/\/www.sonoraenequipo.com.mx\/aprueban-agenda-municipal-de-largo-plazo-2022-2033-para-hermosillo\/","url":"https:\/\/www.sonoraenequipo.com.mx\/aprueban-agenda-municipal-de-largo-plazo-2022-2033-para-hermosillo\/","name":"Sonora en Equipo. HERMOSILLO. Aprueban Agenda Municipal de Largo Plazo 2022-2033","isPartOf":{"@id":"https:\/\/www.sonoraenequipo.com.mx\/#website"},"primaryImageOfPage":{"@id":"https:\/\/www.sonoraenequipo.com.mx\/aprueban-agenda-municipal-de-largo-plazo-2022-2033-para-hermosillo\/#primaryimage"},"image":{"@id":"https:\/\/www.sonoraenequipo.com.mx\/aprueban-agenda-municipal-de-largo-plazo-2022-2033-para-hermosillo\/#primaryimage"},"thumbnailUrl":"https:\/\/www.sonoraenequipo.com.mx\/storage\/2022\/03\/cabildohmo.jpg","datePublished":"2022-03-26T02:24:13+00:00","dateModified":"2022-03-26T02:47:55+00:00","description":"\u00a0HERMOSILLO, SONORA,MX.\u25ac Integrantes de Cabildo aprobaron por unanimidad la Agenda de Largo Plazo 2022-2033 elaborada por el Subcomit\u00e9 T\u00e9cnico En Sonora en Equipo publicamos toda la informaci\u00f3n de Sonora, M\u00e9xico y el Mundo de manera oportuna y busca que la libertad de expresi\u00f3n sea real. Visita nuestro medio informativo publicado desde Hermosillo, Sonora. %","breadcrumb":{"@id":"https:\/\/www.sonoraenequipo.com.mx\/aprueban-agenda-municipal-de-largo-plazo-2022-2033-para-hermosillo\/#breadcrumb"},"inLanguage":"es","potentialAction":[{"@type":"ReadAction","target":["https:\/\/www.sonoraenequipo.com.mx\/aprueban-agenda-municipal-de-largo-plazo-2022-2033-para-hermosillo\/"]}]},{"@type":"ImageObject","inLanguage":"es","@id":"https:\/\/www.sonoraenequipo.com.mx\/aprueban-agenda-municipal-de-largo-plazo-2022-2033-para-hermosillo\/#primaryimage","url":"https:\/\/www.sonoraenequipo.com.mx\/storage\/2022\/03\/cabildohmo.jpg","contentUrl":"https:\/\/www.sonoraenequipo.com.mx\/storage\/2022\/03\/cabildohmo.jpg","width":700,"height":400},{"@type":"BreadcrumbList","@id":"https:\/\/www.sonoraenequipo.com.mx\/aprueban-agenda-municipal-de-largo-plazo-2022-2033-para-hermosillo\/#breadcrumb","itemListElement":[{"@type":"ListItem","position":1,"name":"Portada","item":"https:\/\/www.sonoraenequipo.com.mx\/"},{"@type":"ListItem","position":2,"name":"HERMOSILLO. Aprueban Agenda Municipal de Largo Plazo 2022-2033"}]},{"@type":"WebSite","@id":"https:\/\/www.sonoraenequipo.com.mx\/#website","url":"https:\/\/www.sonoraenequipo.com.mx\/","name":"Sonora en Equipo.","description":"Diario en l\u00ednea con Noticias desde Hermosillo, Sonora","publisher":{"@id":"https:\/\/www.sonoraenequipo.com.mx\/#organization"},"potentialAction":[{"@type":"SearchAction","target":{"@type":"EntryPoint","urlTemplate":"https:\/\/www.sonoraenequipo.com.mx\/?s={search_term_string}"},"query-input":{"@type":"PropertyValueSpecification","valueRequired":true,"valueName":"search_term_string"}}],"inLanguage":"es"},{"@type":"Organization","@id":"https:\/\/www.sonoraenequipo.com.mx\/#organization","name":"Sonoraenequipo.com.mx","url":"https:\/\/www.sonoraenequipo.com.mx\/","logo":{"@type":"ImageObject","inLanguage":"es","@id":"https:\/\/www.sonoraenequipo.com.mx\/#\/schema\/logo\/image\/","url":"https:\/\/www.sonoraenequipo.com.mx\/storage\/2019\/01\/sonoraenequipo_opt.png","contentUrl":"https:\/\/www.sonoraenequipo.com.mx\/storage\/2019\/01\/sonoraenequipo_opt.png","width":375,"height":125,"caption":"Sonoraenequipo.com.mx"},"image":{"@id":"https:\/\/www.sonoraenequipo.com.mx\/#\/schema\/logo\/image\/"},"sameAs":["https:\/\/www.facebook.com\/SonoraEE\/","https:\/\/x.com\/sonoraenequipo","https:\/\/www.youtube.com\/channel\/UC338nW-lPEYmJQs4ZABQ1SQ"]},{"@type":"Person","@id":"https:\/\/www.sonoraenequipo.com.mx\/#\/schema\/person\/50102df0fb23a8fa9e8effad8fa81386","name":"enequipo","image":{"@type":"ImageObject","inLanguage":"es","@id":"https:\/\/www.sonoraenequipo.com.mx\/#\/schema\/person\/image\/","url":"https:\/\/secure.gravatar.com\/avatar\/049821681b589dabc0bc20695993ccebb09f5b5d4d790cd9251b97faac7c652b?s=96&d=blank&r=g","contentUrl":"https:\/\/secure.gravatar.com\/avatar\/049821681b589dabc0bc20695993ccebb09f5b5d4d790cd9251b97faac7c652b?s=96&d=blank&r=g","caption":"enequipo"},"sameAs":["https:\/\/www.facebook.com\/SonoraEE"]}]}},"jetpack_featured_media_url":"https:\/\/www.sonoraenequipo.com.mx\/storage\/2022\/03\/cabildohmo.jpg","_links":{"self":[{"href":"https:\/\/www.sonoraenequipo.com.mx\/api\/wp\/v2\/posts\/135651","targetHints":{"allow":["GET"]}}],"collection":[{"href":"https:\/\/www.sonoraenequipo.com.mx\/api\/wp\/v2\/posts"}],"about":[{"href":"https:\/\/www.sonoraenequipo.com.mx\/api\/wp\/v2\/types\/post"}],"author":[{"embeddable":true,"href":"https:\/\/www.sonoraenequipo.com.mx\/api\/wp\/v2\/users\/1"}],"replies":[{"embeddable":true,"href":"https:\/\/www.sonoraenequipo.com.mx\/api\/wp\/v2\/comments?post=135651"}],"version-history":[{"count":2,"href":"https:\/\/www.sonoraenequipo.com.mx\/api\/wp\/v2\/posts\/135651\/revisions"}],"predecessor-version":[{"id":135659,"href":"https:\/\/www.sonoraenequipo.com.mx\/api\/wp\/v2\/posts\/135651\/revisions\/135659"}],"wp:featuredmedia":[{"embeddable":true,"href":"https:\/\/www.sonoraenequipo.com.mx\/api\/wp\/v2\/media\/135653"}],"wp:attachment":[{"href":"https:\/\/www.sonoraenequipo.com.mx\/api\/wp\/v2\/media?parent=135651"}],"wp:term":[{"taxonomy":"category","embeddable":true,"href":"https:\/\/www.sonoraenequipo.com.mx\/api\/wp\/v2\/categories?post=135651"},{"taxonomy":"post_tag","embeddable":true,"href":"https:\/\/www.sonoraenequipo.com.mx\/api\/wp\/v2\/tags?post=135651"}],"curies":[{"name":"wp","href":"https:\/\/api.w.org\/{rel}","templated":true}]}}