{"id":135660,"date":"2022-03-25T20:25:02","date_gmt":"2022-03-26T03:25:02","guid":{"rendered":"https:\/\/www.sonoraenequipo.com.mx\/?p=135660"},"modified":"2022-03-25T20:27:13","modified_gmt":"2022-03-26T03:27:13","slug":"por-su-dedicacion-al-servicio-de-la-institucion-reconocen-a-76-trabajadoras-universitarias","status":"publish","type":"post","link":"https:\/\/www.sonoraenequipo.com.mx\/por-su-dedicacion-al-servicio-de-la-institucion-reconocen-a-76-trabajadoras-universitarias\/","title":{"rendered":"Por su dedicaci\u00f3n al servicio de la instituci\u00f3n reconocen a 76 trabajadoras universitarias"},"content":{"rendered":"<p>HERMOSILLO, SONORA. MX. \u2014 Por su dedicaci\u00f3n y constancia al servicio de la instituci\u00f3n, un total de 76 trabajadoras del Sindicato de Trabajadores Empleados de la Universidad de Sonora (Steus) fueron reconocidas por cumplir en este 2022, 15, 20, 25, 30, 35, 40 y 50 a\u00f1os de antig\u00fcedad laboral.<\/p>\n<p>&nbsp;<\/p>\n<p> <\/p>\n<p>&nbsp;<\/p>\n<p>La ceremonia fue presidida por la rectora Mar\u00eda Rita Plancarte Mart\u00ednez, quien reconoci\u00f3 los m\u00faltiples esfuerzos que realizan como mujer, para atender las obligaciones laborales en la Universidad y sus deberes en los roles de la sociedad.<\/p>\n<p>&nbsp;<\/p>\n<p><em>\u201cSe entiende lo que cuesta hacer las cosas y el precio pagado vale la pena porque genera situaci\u00f3n de igualdad y oportunidad para las generaciones presentes y futuras. Celebro el camino recorrido de cada una de las mujeres reconocidas por el c\u00famulo de a\u00f1os de servicio que han dado lugar al crecimiento y desarrollo de la alma mater, as\u00ed como el surgimiento, crecimiento y consolidaci\u00f3n del Steus\u201d,<\/em> expres\u00f3.<\/p>\n<p>&nbsp;<\/p>\n<p><img loading=\"lazy\" decoding=\"async\" class=\"size-medium  x-right\" src=\"https:\/\/www.sonoraenequipo.com.mx\/storage\/2022\/03\/reconocimiento-unison-1_opt-639x365.jpg\" alt=\"\" width=\"639\" height=\"365\" \/>Dijo que la ceremonia de reconocimiento en el marco del D\u00eda Internacional de la Mujer es lo adecuado para dar a conocer el trabajo de excelencia desempe\u00f1ado de las femeninas al servicio de una instituci\u00f3n tan generosa como la Universidad de Sonora.<\/p>\n<p>&nbsp;<\/p>\n<p>Plancarte Mart\u00ednez afirm\u00f3 que todas y todos tenemos la oportunidad de hacer un mundo mejor y en nuestras manos est\u00e1 generar las condiciones y exigir las condiciones de igualdad, pues es un derecho que se tiene que ejercer. \u201cEn los sindicatos es un valor reconocido que tienen que brillar y asegurar la pertinencia en las formas de trabajo\u201d, agreg\u00f3.<\/p>\n<p>&nbsp;<\/p>\n<p>Por su parte Rosa Elvira Rosas Manzo, secretaria general del gremio, quien tambi\u00e9n fue reconocida por 50 a\u00f1os de antig\u00fcedad, agradeci\u00f3 la presencia de la rectora Mar\u00eda Rita Plancarte Mart\u00ednez en un evento que resalt\u00f3 el papel importante que ejerce la mujer en los diferentes espacios universitarios.<\/p>\n<p>&nbsp;<\/p>\n<p>&nbsp;<\/p>\n<p>En su mensaje, record\u00f3 sus jornadas laborales en el \u00e1rea de Servicios Escolares donde atend\u00eda a la comunidad estudiantil de la Licenciatura en Derecho, despu\u00e9s a los que estaban inscritos en la antigua Escuela de Altos Estudios y al pasar el tiempo tambi\u00e9n le toc\u00f3 prestar servicios a la primera generaci\u00f3n de Econom\u00eda.<\/p>\n<p>&nbsp;<\/p>\n<p>&nbsp;<\/p>\n<p><em>\u201cAl mismo tiempo que viv\u00eda el crecimiento de la instituci\u00f3n tambi\u00e9n forjaba mi desarrollo personal, fue un tiempo de aprendizaje porque tambi\u00e9n pude estudiar. La Universidad es muy noble y los invito a seguir con el mismo entusiasmo y pasi\u00f3n para hacer las cosas y dar lo mejor de nosotros porque la Universidad lo merece por todo lo que nos ha dado\u201d,<\/em> indic\u00f3.<\/p>\n<p>&nbsp;<\/p>\n<p>&nbsp;<\/p>\n<p>De igual forma Gabriela Duarte Quintana, secretaria de la mujer del Steus felicit\u00f3 a cada una de las trabajadoras que recibieron un merecido reconocimiento por su servicio en la instituci\u00f3n y destac\u00f3 que la vida universitaria constituye un recuerdo inolvidable en cada una de las mujeres, pues al paso de los a\u00f1os contin\u00faan con orgullo y entusiasmo realizando sus funciones para el engrandecimiento de la casa de estudios.<\/p>\n<p>&nbsp;<\/p>\n<p>&nbsp;<\/p>\n<p><em>\u201cGracias por compartir su talento, tiempo, y conocimiento; sigamos esforz\u00e1ndonos d\u00eda a d\u00eda mostrando las capacidades y virtudes, pero sobre todo con la satisfacci\u00f3n que se ha trabajado duro para llegar hasta aqu\u00ed, siempre luchando por los derechos de la mujer y como ser humano lo hemos hecho en armon\u00eda y unidad\u201d,<\/em> apunt\u00f3.<\/p>\n<p>&nbsp;<\/p>\n<p>&nbsp;<\/p>\n<p>En la ceremonia se llev\u00f3 a cabo en el Teatro Emiliana de Zubeld\u00eda y estuvo presente, Griselda Ch\u00e1vez Duarte, secretaria de Organizaci\u00f3n; Ismael Arredondo Casillas, secretario de Trabajo y Conflictos, as\u00ed como integrantes del comit\u00e9 ejecutivo del Steus, familiares y amigos de las mujeres reconocidas.<\/p>\n<p>&nbsp;<\/p>\n<p>&nbsp;<\/p>\n<p>(Publicada el 25\/03\/2022)<\/p>\n","protected":false},"excerpt":{"rendered":"<p>HERMOSILLO, SONORA. MX. \u2014 Por su dedicaci\u00f3n y constancia al servicio de la instituci\u00f3n, un&#8230;<\/p>\n","protected":false},"author":1,"featured_media":135661,"comment_status":"open","ping_status":"open","sticky":false,"template":"","format":"standard","meta":{"_monsterinsights_skip_tracking":false,"_monsterinsights_sitenote_active":false,"_monsterinsights_sitenote_note":"","_monsterinsights_sitenote_category":0,"footnotes":""},"categories":[22],"tags":[],"class_list":["post"],"yoast_head":" \n<title>Sonora en Equipo. Por su dedicaci\u00f3n al servicio de la instituci\u00f3n reconocen a 76 trabajadoras universitarias Sonora<\/title>\n<meta name=\"description\" content=\"HERMOSILLO, SONORA. MX. \u2014 Por su dedicaci\u00f3n y constancia al servicio de la instituci\u00f3n, un total de 76 trabajadoras del Sindicato de Trabajadores En Sonora en Equipo publicamos toda la informaci\u00f3n de Sonora, M\u00e9xico y el Mundo de manera oportuna y busca que la libertad de expresi\u00f3n sea real. Visita nuestro medio informativo publicado desde Hermosillo, Sonora. %\" \/>\n<meta name=\"robots\" content=\"index, follow, max-snippet:-1, max-image-preview:large, max-video-preview:-1\" \/>\n<link rel=\"canonical\" href=\"https:\/\/www.sonoraenequipo.com.mx\/por-su-dedicacion-al-servicio-de-la-institucion-reconocen-a-76-trabajadoras-universitarias\/\" \/>\n<meta property=\"og:locale\" content=\"es_ES\" \/>\n<meta property=\"og:type\" content=\"article\" \/>\n<meta property=\"og:title\" content=\"Sonora en Equipo. Por su dedicaci\u00f3n al servicio de la instituci\u00f3n reconocen a 76 trabajadoras universitarias Sonora\" \/>\n<meta property=\"og:description\" content=\"HERMOSILLO, SONORA. MX. \u2014 Por su dedicaci\u00f3n y constancia al servicio de la instituci\u00f3n, un total de 76 trabajadoras del Sindicato de Trabajadores En Sonora en Equipo publicamos toda la informaci\u00f3n de Sonora, M\u00e9xico y el Mundo de manera oportuna y busca que la libertad de expresi\u00f3n sea real. Visita nuestro medio informativo publicado desde Hermosillo, Sonora. %\" \/>\n<meta property=\"og:url\" content=\"https:\/\/www.sonoraenequipo.com.mx\/por-su-dedicacion-al-servicio-de-la-institucion-reconocen-a-76-trabajadoras-universitarias\/\" \/>\n<meta property=\"og:site_name\" content=\"Sonora en Equipo.\" \/>\n<meta property=\"article:publisher\" content=\"https:\/\/www.facebook.com\/SonoraEE\/\" \/>\n<meta property=\"article:author\" content=\"https:\/\/www.facebook.com\/SonoraEE\" \/>\n<meta property=\"article:published_time\" content=\"2022-03-26T03:25:02+00:00\" \/>\n<meta property=\"article:modified_time\" content=\"2022-03-26T03:27:13+00:00\" \/>\n<meta property=\"og:image\" content=\"https:\/\/www.sonoraenequipo.com.mx\/storage\/2022\/03\/reconocimiento-unison-2_opt.jpg\" \/>\n\t<meta property=\"og:image:width\" content=\"700\" \/>\n\t<meta property=\"og:image:height\" content=\"400\" \/>\n\t<meta property=\"og:image:type\" content=\"image\/jpeg\" \/>\n<meta name=\"author\" content=\"enequipo\" \/>\n<meta name=\"twitter:card\" content=\"summary_large_image\" \/>\n<meta name=\"twitter:creator\" content=\"@sonoraenequipo\" \/>\n<meta name=\"twitter:site\" content=\"@sonoraenequipo\" \/>\n<meta name=\"twitter:label1\" content=\"Escrito por\" \/>\n\t<meta name=\"twitter:data1\" content=\"enequipo\" \/>\n\t<meta name=\"twitter:label2\" content=\"Tiempo de lectura\" \/>\n\t<meta name=\"twitter:data2\" content=\"3 minutos\" \/>\n<script type=\"application\/ld+json\" class=\"yoast-schema-graph\">{\"@context\":\"https:\/\/schema.org\",\"@graph\":[{\"@type\":\"Article\",\"@id\":\"https:\/\/www.sonoraenequipo.com.mx\/por-su-dedicacion-al-servicio-de-la-institucion-reconocen-a-76-trabajadoras-universitarias\/#article\",\"isPartOf\":{\"@id\":\"https:\/\/www.sonoraenequipo.com.mx\/por-su-dedicacion-al-servicio-de-la-institucion-reconocen-a-76-trabajadoras-universitarias\/\"},\"author\":{\"name\":\"enequipo\",\"@id\":\"https:\/\/www.sonoraenequipo.com.mx\/#\/schema\/person\/50102df0fb23a8fa9e8effad8fa81386\"},\"headline\":\"Por su dedicaci\u00f3n al servicio de la instituci\u00f3n reconocen a 76 trabajadoras universitarias\",\"datePublished\":\"2022-03-26T03:25:02+00:00\",\"dateModified\":\"2022-03-26T03:27:13+00:00\",\"mainEntityOfPage\":{\"@id\":\"https:\/\/www.sonoraenequipo.com.mx\/por-su-dedicacion-al-servicio-de-la-institucion-reconocen-a-76-trabajadoras-universitarias\/\"},\"wordCount\":648,\"commentCount\":0,\"publisher\":{\"@id\":\"https:\/\/www.sonoraenequipo.com.mx\/#organization\"},\"image\":{\"@id\":\"https:\/\/www.sonoraenequipo.com.mx\/por-su-dedicacion-al-servicio-de-la-institucion-reconocen-a-76-trabajadoras-universitarias\/#primaryimage\"},\"thumbnailUrl\":\"https:\/\/www.sonoraenequipo.com.mx\/storage\/2022\/03\/reconocimiento-unison-2_opt.jpg\",\"articleSection\":[\"Sonora\"],\"inLanguage\":\"es\",\"potentialAction\":[{\"@type\":\"CommentAction\",\"name\":\"Comment\",\"target\":[\"https:\/\/www.sonoraenequipo.com.mx\/por-su-dedicacion-al-servicio-de-la-institucion-reconocen-a-76-trabajadoras-universitarias\/#respond\"]}]},{\"@type\":\"WebPage\",\"@id\":\"https:\/\/www.sonoraenequipo.com.mx\/por-su-dedicacion-al-servicio-de-la-institucion-reconocen-a-76-trabajadoras-universitarias\/\",\"url\":\"https:\/\/www.sonoraenequipo.com.mx\/por-su-dedicacion-al-servicio-de-la-institucion-reconocen-a-76-trabajadoras-universitarias\/\",\"name\":\"Sonora en Equipo. Por su dedicaci\u00f3n al servicio de la instituci\u00f3n reconocen a 76 trabajadoras universitarias Sonora\",\"isPartOf\":{\"@id\":\"https:\/\/www.sonoraenequipo.com.mx\/#website\"},\"primaryImageOfPage\":{\"@id\":\"https:\/\/www.sonoraenequipo.com.mx\/por-su-dedicacion-al-servicio-de-la-institucion-reconocen-a-76-trabajadoras-universitarias\/#primaryimage\"},\"image\":{\"@id\":\"https:\/\/www.sonoraenequipo.com.mx\/por-su-dedicacion-al-servicio-de-la-institucion-reconocen-a-76-trabajadoras-universitarias\/#primaryimage\"},\"thumbnailUrl\":\"https:\/\/www.sonoraenequipo.com.mx\/storage\/2022\/03\/reconocimiento-unison-2_opt.jpg\",\"datePublished\":\"2022-03-26T03:25:02+00:00\",\"dateModified\":\"2022-03-26T03:27:13+00:00\",\"description\":\"HERMOSILLO, SONORA. MX. \u2014 Por su dedicaci\u00f3n y constancia al servicio de la instituci\u00f3n, un total de 76 trabajadoras del Sindicato de Trabajadores En Sonora en Equipo publicamos toda la informaci\u00f3n de Sonora, M\u00e9xico y el Mundo de manera oportuna y busca que la libertad de expresi\u00f3n sea real. Visita nuestro medio informativo publicado desde Hermosillo, Sonora. %\",\"breadcrumb\":{\"@id\":\"https:\/\/www.sonoraenequipo.com.mx\/por-su-dedicacion-al-servicio-de-la-institucion-reconocen-a-76-trabajadoras-universitarias\/#breadcrumb\"},\"inLanguage\":\"es\",\"potentialAction\":[{\"@type\":\"ReadAction\",\"target\":[\"https:\/\/www.sonoraenequipo.com.mx\/por-su-dedicacion-al-servicio-de-la-institucion-reconocen-a-76-trabajadoras-universitarias\/\"]}]},{\"@type\":\"ImageObject\",\"inLanguage\":\"es\",\"@id\":\"https:\/\/www.sonoraenequipo.com.mx\/por-su-dedicacion-al-servicio-de-la-institucion-reconocen-a-76-trabajadoras-universitarias\/#primaryimage\",\"url\":\"https:\/\/www.sonoraenequipo.com.mx\/storage\/2022\/03\/reconocimiento-unison-2_opt.jpg\",\"contentUrl\":\"https:\/\/www.sonoraenequipo.com.mx\/storage\/2022\/03\/reconocimiento-unison-2_opt.jpg\",\"width\":700,\"height\":400},{\"@type\":\"BreadcrumbList\",\"@id\":\"https:\/\/www.sonoraenequipo.com.mx\/por-su-dedicacion-al-servicio-de-la-institucion-reconocen-a-76-trabajadoras-universitarias\/#breadcrumb\",\"itemListElement\":[{\"@type\":\"ListItem\",\"position\":1,\"name\":\"Portada\",\"item\":\"https:\/\/www.sonoraenequipo.com.mx\/\"},{\"@type\":\"ListItem\",\"position\":2,\"name\":\"Por su dedicaci\u00f3n al servicio de la instituci\u00f3n reconocen a 76 trabajadoras universitarias\"}]},{\"@type\":\"WebSite\",\"@id\":\"https:\/\/www.sonoraenequipo.com.mx\/#website\",\"url\":\"https:\/\/www.sonoraenequipo.com.mx\/\",\"name\":\"Sonora en Equipo.\",\"description\":\"Diario en l\u00ednea con Noticias desde Hermosillo, Sonora\",\"publisher\":{\"@id\":\"https:\/\/www.sonoraenequipo.com.mx\/#organization\"},\"potentialAction\":[{\"@type\":\"SearchAction\",\"target\":{\"@type\":\"EntryPoint\",\"urlTemplate\":\"https:\/\/www.sonoraenequipo.com.mx\/?s={search_term_string}\"},\"query-input\":{\"@type\":\"PropertyValueSpecification\",\"valueRequired\":true,\"valueName\":\"search_term_string\"}}],\"inLanguage\":\"es\"},{\"@type\":\"Organization\",\"@id\":\"https:\/\/www.sonoraenequipo.com.mx\/#organization\",\"name\":\"Sonoraenequipo.com.mx\",\"url\":\"https:\/\/www.sonoraenequipo.com.mx\/\",\"logo\":{\"@type\":\"ImageObject\",\"inLanguage\":\"es\",\"@id\":\"https:\/\/www.sonoraenequipo.com.mx\/#\/schema\/logo\/image\/\",\"url\":\"https:\/\/www.sonoraenequipo.com.mx\/storage\/2019\/01\/sonoraenequipo_opt.png\",\"contentUrl\":\"https:\/\/www.sonoraenequipo.com.mx\/storage\/2019\/01\/sonoraenequipo_opt.png\",\"width\":375,\"height\":125,\"caption\":\"Sonoraenequipo.com.mx\"},\"image\":{\"@id\":\"https:\/\/www.sonoraenequipo.com.mx\/#\/schema\/logo\/image\/\"},\"sameAs\":[\"https:\/\/www.facebook.com\/SonoraEE\/\",\"https:\/\/x.com\/sonoraenequipo\",\"https:\/\/www.youtube.com\/channel\/UC338nW-lPEYmJQs4ZABQ1SQ\"]},{\"@type\":\"Person\",\"@id\":\"https:\/\/www.sonoraenequipo.com.mx\/#\/schema\/person\/50102df0fb23a8fa9e8effad8fa81386\",\"name\":\"enequipo\",\"image\":{\"@type\":\"ImageObject\",\"inLanguage\":\"es\",\"@id\":\"https:\/\/www.sonoraenequipo.com.mx\/#\/schema\/person\/image\/\",\"url\":\"https:\/\/secure.gravatar.com\/avatar\/049821681b589dabc0bc20695993ccebb09f5b5d4d790cd9251b97faac7c652b?s=96&d=blank&r=g\",\"contentUrl\":\"https:\/\/secure.gravatar.com\/avatar\/049821681b589dabc0bc20695993ccebb09f5b5d4d790cd9251b97faac7c652b?s=96&d=blank&r=g\",\"caption\":\"enequipo\"},\"sameAs\":[\"https:\/\/www.facebook.com\/SonoraEE\"]}]}<\/script>\n ","yoast_head_json":{"title":"Sonora en Equipo. Por su dedicaci\u00f3n al servicio de la instituci\u00f3n reconocen a 76 trabajadoras universitarias Sonora","description":"HERMOSILLO, SONORA. MX. \u2014 Por su dedicaci\u00f3n y constancia al servicio de la instituci\u00f3n, un total de 76 trabajadoras del Sindicato de Trabajadores En Sonora en Equipo publicamos toda la informaci\u00f3n de Sonora, M\u00e9xico y el Mundo de manera oportuna y busca que la libertad de expresi\u00f3n sea real. Visita nuestro medio informativo publicado desde Hermosillo, Sonora. %","robots":{"index":"index","follow":"follow","max-snippet":"max-snippet:-1","max-image-preview":"max-image-preview:large","max-video-preview":"max-video-preview:-1"},"canonical":"https:\/\/www.sonoraenequipo.com.mx\/por-su-dedicacion-al-servicio-de-la-institucion-reconocen-a-76-trabajadoras-universitarias\/","og_locale":"es_ES","og_type":"article","og_title":"Sonora en Equipo. Por su dedicaci\u00f3n al servicio de la instituci\u00f3n reconocen a 76 trabajadoras universitarias Sonora","og_description":"HERMOSILLO, SONORA. MX. \u2014 Por su dedicaci\u00f3n y constancia al servicio de la instituci\u00f3n, un total de 76 trabajadoras del Sindicato de Trabajadores En Sonora en Equipo publicamos toda la informaci\u00f3n de Sonora, M\u00e9xico y el Mundo de manera oportuna y busca que la libertad de expresi\u00f3n sea real. Visita nuestro medio informativo publicado desde Hermosillo, Sonora. %","og_url":"https:\/\/www.sonoraenequipo.com.mx\/por-su-dedicacion-al-servicio-de-la-institucion-reconocen-a-76-trabajadoras-universitarias\/","og_site_name":"Sonora en Equipo.","article_publisher":"https:\/\/www.facebook.com\/SonoraEE\/","article_author":"https:\/\/www.facebook.com\/SonoraEE","article_published_time":"2022-03-26T03:25:02+00:00","article_modified_time":"2022-03-26T03:27:13+00:00","og_image":[{"width":700,"height":400,"url":"https:\/\/www.sonoraenequipo.com.mx\/storage\/2022\/03\/reconocimiento-unison-2_opt.jpg","type":"image\/jpeg"}],"author":"enequipo","twitter_card":"summary_large_image","twitter_creator":"@sonoraenequipo","twitter_site":"@sonoraenequipo","twitter_misc":{"Escrito por":"enequipo","Tiempo de lectura":"3 minutos"},"schema":{"@context":"https:\/\/schema.org","@graph":[{"@type":"Article","@id":"https:\/\/www.sonoraenequipo.com.mx\/por-su-dedicacion-al-servicio-de-la-institucion-reconocen-a-76-trabajadoras-universitarias\/#article","isPartOf":{"@id":"https:\/\/www.sonoraenequipo.com.mx\/por-su-dedicacion-al-servicio-de-la-institucion-reconocen-a-76-trabajadoras-universitarias\/"},"author":{"name":"enequipo","@id":"https:\/\/www.sonoraenequipo.com.mx\/#\/schema\/person\/50102df0fb23a8fa9e8effad8fa81386"},"headline":"Por su dedicaci\u00f3n al servicio de la instituci\u00f3n reconocen a 76 trabajadoras universitarias","datePublished":"2022-03-26T03:25:02+00:00","dateModified":"2022-03-26T03:27:13+00:00","mainEntityOfPage":{"@id":"https:\/\/www.sonoraenequipo.com.mx\/por-su-dedicacion-al-servicio-de-la-institucion-reconocen-a-76-trabajadoras-universitarias\/"},"wordCount":648,"commentCount":0,"publisher":{"@id":"https:\/\/www.sonoraenequipo.com.mx\/#organization"},"image":{"@id":"https:\/\/www.sonoraenequipo.com.mx\/por-su-dedicacion-al-servicio-de-la-institucion-reconocen-a-76-trabajadoras-universitarias\/#primaryimage"},"thumbnailUrl":"https:\/\/www.sonoraenequipo.com.mx\/storage\/2022\/03\/reconocimiento-unison-2_opt.jpg","articleSection":["Sonora"],"inLanguage":"es","potentialAction":[{"@type":"CommentAction","name":"Comment","target":["https:\/\/www.sonoraenequipo.com.mx\/por-su-dedicacion-al-servicio-de-la-institucion-reconocen-a-76-trabajadoras-universitarias\/#respond"]}]},{"@type":"WebPage","@id":"https:\/\/www.sonoraenequipo.com.mx\/por-su-dedicacion-al-servicio-de-la-institucion-reconocen-a-76-trabajadoras-universitarias\/","url":"https:\/\/www.sonoraenequipo.com.mx\/por-su-dedicacion-al-servicio-de-la-institucion-reconocen-a-76-trabajadoras-universitarias\/","name":"Sonora en Equipo. Por su dedicaci\u00f3n al servicio de la instituci\u00f3n reconocen a 76 trabajadoras universitarias Sonora","isPartOf":{"@id":"https:\/\/www.sonoraenequipo.com.mx\/#website"},"primaryImageOfPage":{"@id":"https:\/\/www.sonoraenequipo.com.mx\/por-su-dedicacion-al-servicio-de-la-institucion-reconocen-a-76-trabajadoras-universitarias\/#primaryimage"},"image":{"@id":"https:\/\/www.sonoraenequipo.com.mx\/por-su-dedicacion-al-servicio-de-la-institucion-reconocen-a-76-trabajadoras-universitarias\/#primaryimage"},"thumbnailUrl":"https:\/\/www.sonoraenequipo.com.mx\/storage\/2022\/03\/reconocimiento-unison-2_opt.jpg","datePublished":"2022-03-26T03:25:02+00:00","dateModified":"2022-03-26T03:27:13+00:00","description":"HERMOSILLO, SONORA. MX. \u2014 Por su dedicaci\u00f3n y constancia al servicio de la instituci\u00f3n, un total de 76 trabajadoras del Sindicato de Trabajadores En Sonora en Equipo publicamos toda la informaci\u00f3n de Sonora, M\u00e9xico y el Mundo de manera oportuna y busca que la libertad de expresi\u00f3n sea real. Visita nuestro medio informativo publicado desde Hermosillo, Sonora. %","breadcrumb":{"@id":"https:\/\/www.sonoraenequipo.com.mx\/por-su-dedicacion-al-servicio-de-la-institucion-reconocen-a-76-trabajadoras-universitarias\/#breadcrumb"},"inLanguage":"es","potentialAction":[{"@type":"ReadAction","target":["https:\/\/www.sonoraenequipo.com.mx\/por-su-dedicacion-al-servicio-de-la-institucion-reconocen-a-76-trabajadoras-universitarias\/"]}]},{"@type":"ImageObject","inLanguage":"es","@id":"https:\/\/www.sonoraenequipo.com.mx\/por-su-dedicacion-al-servicio-de-la-institucion-reconocen-a-76-trabajadoras-universitarias\/#primaryimage","url":"https:\/\/www.sonoraenequipo.com.mx\/storage\/2022\/03\/reconocimiento-unison-2_opt.jpg","contentUrl":"https:\/\/www.sonoraenequipo.com.mx\/storage\/2022\/03\/reconocimiento-unison-2_opt.jpg","width":700,"height":400},{"@type":"BreadcrumbList","@id":"https:\/\/www.sonoraenequipo.com.mx\/por-su-dedicacion-al-servicio-de-la-institucion-reconocen-a-76-trabajadoras-universitarias\/#breadcrumb","itemListElement":[{"@type":"ListItem","position":1,"name":"Portada","item":"https:\/\/www.sonoraenequipo.com.mx\/"},{"@type":"ListItem","position":2,"name":"Por su dedicaci\u00f3n al servicio de la instituci\u00f3n reconocen a 76 trabajadoras universitarias"}]},{"@type":"WebSite","@id":"https:\/\/www.sonoraenequipo.com.mx\/#website","url":"https:\/\/www.sonoraenequipo.com.mx\/","name":"Sonora en Equipo.","description":"Diario en l\u00ednea con Noticias desde Hermosillo, Sonora","publisher":{"@id":"https:\/\/www.sonoraenequipo.com.mx\/#organization"},"potentialAction":[{"@type":"SearchAction","target":{"@type":"EntryPoint","urlTemplate":"https:\/\/www.sonoraenequipo.com.mx\/?s={search_term_string}"},"query-input":{"@type":"PropertyValueSpecification","valueRequired":true,"valueName":"search_term_string"}}],"inLanguage":"es"},{"@type":"Organization","@id":"https:\/\/www.sonoraenequipo.com.mx\/#organization","name":"Sonoraenequipo.com.mx","url":"https:\/\/www.sonoraenequipo.com.mx\/","logo":{"@type":"ImageObject","inLanguage":"es","@id":"https:\/\/www.sonoraenequipo.com.mx\/#\/schema\/logo\/image\/","url":"https:\/\/www.sonoraenequipo.com.mx\/storage\/2019\/01\/sonoraenequipo_opt.png","contentUrl":"https:\/\/www.sonoraenequipo.com.mx\/storage\/2019\/01\/sonoraenequipo_opt.png","width":375,"height":125,"caption":"Sonoraenequipo.com.mx"},"image":{"@id":"https:\/\/www.sonoraenequipo.com.mx\/#\/schema\/logo\/image\/"},"sameAs":["https:\/\/www.facebook.com\/SonoraEE\/","https:\/\/x.com\/sonoraenequipo","https:\/\/www.youtube.com\/channel\/UC338nW-lPEYmJQs4ZABQ1SQ"]},{"@type":"Person","@id":"https:\/\/www.sonoraenequipo.com.mx\/#\/schema\/person\/50102df0fb23a8fa9e8effad8fa81386","name":"enequipo","image":{"@type":"ImageObject","inLanguage":"es","@id":"https:\/\/www.sonoraenequipo.com.mx\/#\/schema\/person\/image\/","url":"https:\/\/secure.gravatar.com\/avatar\/049821681b589dabc0bc20695993ccebb09f5b5d4d790cd9251b97faac7c652b?s=96&d=blank&r=g","contentUrl":"https:\/\/secure.gravatar.com\/avatar\/049821681b589dabc0bc20695993ccebb09f5b5d4d790cd9251b97faac7c652b?s=96&d=blank&r=g","caption":"enequipo"},"sameAs":["https:\/\/www.facebook.com\/SonoraEE"]}]}},"jetpack_featured_media_url":"https:\/\/www.sonoraenequipo.com.mx\/storage\/2022\/03\/reconocimiento-unison-2_opt.jpg","_links":{"self":[{"href":"https:\/\/www.sonoraenequipo.com.mx\/api\/wp\/v2\/posts\/135660","targetHints":{"allow":["GET"]}}],"collection":[{"href":"https:\/\/www.sonoraenequipo.com.mx\/api\/wp\/v2\/posts"}],"about":[{"href":"https:\/\/www.sonoraenequipo.com.mx\/api\/wp\/v2\/types\/post"}],"author":[{"embeddable":true,"href":"https:\/\/www.sonoraenequipo.com.mx\/api\/wp\/v2\/users\/1"}],"replies":[{"embeddable":true,"href":"https:\/\/www.sonoraenequipo.com.mx\/api\/wp\/v2\/comments?post=135660"}],"version-history":[{"count":2,"href":"https:\/\/www.sonoraenequipo.com.mx\/api\/wp\/v2\/posts\/135660\/revisions"}],"predecessor-version":[{"id":135664,"href":"https:\/\/www.sonoraenequipo.com.mx\/api\/wp\/v2\/posts\/135660\/revisions\/135664"}],"wp:featuredmedia":[{"embeddable":true,"href":"https:\/\/www.sonoraenequipo.com.mx\/api\/wp\/v2\/media\/135661"}],"wp:attachment":[{"href":"https:\/\/www.sonoraenequipo.com.mx\/api\/wp\/v2\/media?parent=135660"}],"wp:term":[{"taxonomy":"category","embeddable":true,"href":"https:\/\/www.sonoraenequipo.com.mx\/api\/wp\/v2\/categories?post=135660"},{"taxonomy":"post_tag","embeddable":true,"href":"https:\/\/www.sonoraenequipo.com.mx\/api\/wp\/v2\/tags?post=135660"}],"curies":[{"name":"wp","href":"https:\/\/api.w.org\/{rel}","templated":true}]}}