{"id":135667,"date":"2022-03-26T11:33:54","date_gmt":"2022-03-26T18:33:54","guid":{"rendered":"https:\/\/www.sonoraenequipo.com.mx\/?p=135667"},"modified":"2022-03-26T14:20:59","modified_gmt":"2022-03-26T21:20:59","slug":"garantizaremos-atencion-medica-elemental-y-digna-para-los-sonorenses-gobernador-durazo","status":"publish","type":"post","link":"https:\/\/www.sonoraenequipo.com.mx\/garantizaremos-atencion-medica-elemental-y-digna-para-los-sonorenses-gobernador-durazo\/","title":{"rendered":"Garantizaremos atenci\u00f3n m\u00e9dica elemental y digna para los sonorenses: gobernador Durazo"},"content":{"rendered":"<p>&nbsp;<\/p>\n<ul>\n<li><strong>Se ampliar\u00e1 la capacidad hospitalaria en San Luis R\u00edo Colorado, Guaymas, Navojoa, Cananea y Hermosillo, inform\u00f3.<\/strong><\/li>\n<\/ul>\n<p>&nbsp;<\/p>\n<p><strong>HERMOSILLO, SONORA,MX.<\/strong><strong>\u25ac<\/strong> Con la participaci\u00f3n gubernamental de Sonora y los trabajadores de la salud del Instituto Mexicano del Seguro Social (IMSS), garantizaremos que los sonorenses reciban una atenci\u00f3n m\u00e9dica digna, afirm\u00f3 el gobernador Alfonso Durazo Monta\u00f1o al clausurar ayer los trabajos del XXVIII Consejo Seccional Ordinario del Sindicato Nacional de Trabajadores del Seguro Social, secci\u00f3n XIII Sonora.<\/p>\n<p>&nbsp;<\/p>\n<p>Frente a delegadas y delegados sindicales del IMSS el mandatario estatal resalt\u00f3 que solo haciendo un trabajo unidos selograr\u00e1n superar los desaf\u00edos en el asunto de salud, garantizando que los sonorenses reciban atenci\u00f3n m\u00e9dica como lo merecen.<\/p>\n<p>&nbsp;<\/p>\n<p>Del mismo modo, resalt\u00f3 que se est\u00e1 haciendo un trabajo en proyectos de salud que van a permitir expandir la capacidad instalada del Instituto Mexicano del Seguro Social en Sonora.<\/p>\n<p>&nbsp;<\/p>\n<p>El gobernador Alfonso Durazo reconoci\u00f3 a los trabajadores del IMSS en la entidad por su entrega, con plena responsabilidad, en la atenci\u00f3n de los sonorenses, exponiendo su salud y su historia a lo largo de la enfermedad pand\u00e9mica por Covid-19.<\/p>\n<p>&nbsp;<\/p>\n<p>Arturo Olivares Cerda, secretario general del comit\u00e9 ejecutivo nacional del Sindicato Nacional de Trabajadores del Seguro Social, resalt\u00f3 el compromiso del mandatario estatal con los trabajadores de la salud y brind\u00f3 su apoyo al gobernador Durazo Monta\u00f1o en el rubro de salud.<\/p>\n<p>&nbsp;<\/p>\n<p>\u201cSu presencia con nosotros mismos deja constancia de que los trabajadores del Instituto Mexicano del Seguro Social en Sonora poseen un aliado y un amigo en el gobernador; de verdad, gobernador, muchas gracias por estar aqu\u00ed, su ayuda dice mucho, nos alienta y nos llena de esperanza de que los trabajadores del Instituto Mexicano del Seguro Social estar\u00e1n mejor a lo largo de su gesti\u00f3n, cuente con nosotros mismos pues entendemos que nosotros mismos contamos con usted\u201d, expuso.<\/p>\n<p><strong>Fecha de Publicaci\u00f3ns\u00e1bado<\/strong><strong>\/26<\/strong><strong>\/marzo<\/strong><strong>\/2022<\/strong><\/p>\n<p>&nbsp;<\/p>\n","protected":false},"excerpt":{"rendered":"<p>&nbsp; Se ampliar\u00e1 la capacidad hospitalaria en San Luis R\u00edo Colorado, Guaymas, Navojoa, Cananea y&#8230;<\/p>\n","protected":false},"author":4,"featured_media":135668,"comment_status":"open","ping_status":"open","sticky":false,"template":"","format":"standard","meta":{"_monsterinsights_skip_tracking":false,"_monsterinsights_sitenote_active":false,"_monsterinsights_sitenote_note":"","_monsterinsights_sitenote_category":0,"footnotes":""},"categories":[22],"tags":[3635,900,74,15],"class_list":["post"],"yoast_head":" \n<title>Sonora en Equipo. Garantizaremos atenci\u00f3n m\u00e9dica elemental y digna para los sonorenses: gobernador Durazo Sonora<\/title>\n<meta name=\"description\" content=\"&nbsp; Se ampliar\u00e1 la capacidad hospitalaria en San Luis R\u00edo Colorado, Guaymas, Navojoa, Cananea y Hermosillo, inform\u00f3. &nbsp; HERMOSILLO, SONORA,MX.\u25ac Con En Sonora en Equipo publicamos toda la informaci\u00f3n de Sonora, M\u00e9xico y el Mundo de manera oportuna y busca que la libertad de expresi\u00f3n sea real. Visita nuestro medio informativo publicado desde Hermosillo, Sonora. %\" \/>\n<meta name=\"robots\" content=\"index, follow, max-snippet:-1, max-image-preview:large, max-video-preview:-1\" \/>\n<link rel=\"canonical\" href=\"https:\/\/www.sonoraenequipo.com.mx\/garantizaremos-atencion-medica-elemental-y-digna-para-los-sonorenses-gobernador-durazo\/\" \/>\n<meta property=\"og:locale\" content=\"es_ES\" \/>\n<meta property=\"og:type\" content=\"article\" \/>\n<meta property=\"og:title\" content=\"Sonora en Equipo. Garantizaremos atenci\u00f3n m\u00e9dica elemental y digna para los sonorenses: gobernador Durazo Sonora\" \/>\n<meta property=\"og:description\" content=\"&nbsp; Se ampliar\u00e1 la capacidad hospitalaria en San Luis R\u00edo Colorado, Guaymas, Navojoa, Cananea y Hermosillo, inform\u00f3. &nbsp; HERMOSILLO, SONORA,MX.\u25ac Con En Sonora en Equipo publicamos toda la informaci\u00f3n de Sonora, M\u00e9xico y el Mundo de manera oportuna y busca que la libertad de expresi\u00f3n sea real. Visita nuestro medio informativo publicado desde Hermosillo, Sonora. %\" \/>\n<meta property=\"og:url\" content=\"https:\/\/www.sonoraenequipo.com.mx\/garantizaremos-atencion-medica-elemental-y-digna-para-los-sonorenses-gobernador-durazo\/\" \/>\n<meta property=\"og:site_name\" content=\"Sonora en Equipo.\" \/>\n<meta property=\"article:publisher\" content=\"https:\/\/www.facebook.com\/SonoraEE\/\" \/>\n<meta property=\"article:published_time\" content=\"2022-03-26T18:33:54+00:00\" \/>\n<meta property=\"article:modified_time\" content=\"2022-03-26T21:20:59+00:00\" \/>\n<meta property=\"og:image\" content=\"https:\/\/www.sonoraenequipo.com.mx\/storage\/2022\/03\/imss-adm.jpg\" \/>\n\t<meta property=\"og:image:width\" content=\"700\" \/>\n\t<meta property=\"og:image:height\" content=\"400\" \/>\n\t<meta property=\"og:image:type\" content=\"image\/jpeg\" \/>\n<meta name=\"author\" content=\"Redacci\u00f3n\" \/>\n<meta name=\"twitter:card\" content=\"summary_large_image\" \/>\n<meta name=\"twitter:creator\" content=\"@sonoraenequipo\" \/>\n<meta name=\"twitter:site\" content=\"@sonoraenequipo\" \/>\n<meta name=\"twitter:label1\" content=\"Escrito por\" \/>\n\t<meta name=\"twitter:data1\" content=\"Redacci\u00f3n\" \/>\n\t<meta name=\"twitter:label2\" content=\"Tiempo de lectura\" \/>\n\t<meta name=\"twitter:data2\" content=\"2 minutos\" \/>\n<script type=\"application\/ld+json\" class=\"yoast-schema-graph\">{\"@context\":\"https:\/\/schema.org\",\"@graph\":[{\"@type\":\"Article\",\"@id\":\"https:\/\/www.sonoraenequipo.com.mx\/garantizaremos-atencion-medica-elemental-y-digna-para-los-sonorenses-gobernador-durazo\/#article\",\"isPartOf\":{\"@id\":\"https:\/\/www.sonoraenequipo.com.mx\/garantizaremos-atencion-medica-elemental-y-digna-para-los-sonorenses-gobernador-durazo\/\"},\"author\":{\"name\":\"Redacci\u00f3n\",\"@id\":\"https:\/\/www.sonoraenequipo.com.mx\/#\/schema\/person\/3e506c30006ba6091952ed27b4accc26\"},\"headline\":\"Garantizaremos atenci\u00f3n m\u00e9dica elemental y digna para los sonorenses: gobernador Durazo\",\"datePublished\":\"2022-03-26T18:33:54+00:00\",\"dateModified\":\"2022-03-26T21:20:59+00:00\",\"mainEntityOfPage\":{\"@id\":\"https:\/\/www.sonoraenequipo.com.mx\/garantizaremos-atencion-medica-elemental-y-digna-para-los-sonorenses-gobernador-durazo\/\"},\"wordCount\":343,\"commentCount\":0,\"publisher\":{\"@id\":\"https:\/\/www.sonoraenequipo.com.mx\/#organization\"},\"image\":{\"@id\":\"https:\/\/www.sonoraenequipo.com.mx\/garantizaremos-atencion-medica-elemental-y-digna-para-los-sonorenses-gobernador-durazo\/#primaryimage\"},\"thumbnailUrl\":\"https:\/\/www.sonoraenequipo.com.mx\/storage\/2022\/03\/imss-adm.jpg\",\"keywords\":[\"DURAZO\",\"IMSS\",\"salud\",\"Sonora\"],\"articleSection\":[\"Sonora\"],\"inLanguage\":\"es\",\"potentialAction\":[{\"@type\":\"CommentAction\",\"name\":\"Comment\",\"target\":[\"https:\/\/www.sonoraenequipo.com.mx\/garantizaremos-atencion-medica-elemental-y-digna-para-los-sonorenses-gobernador-durazo\/#respond\"]}]},{\"@type\":\"WebPage\",\"@id\":\"https:\/\/www.sonoraenequipo.com.mx\/garantizaremos-atencion-medica-elemental-y-digna-para-los-sonorenses-gobernador-durazo\/\",\"url\":\"https:\/\/www.sonoraenequipo.com.mx\/garantizaremos-atencion-medica-elemental-y-digna-para-los-sonorenses-gobernador-durazo\/\",\"name\":\"Sonora en Equipo. Garantizaremos atenci\u00f3n m\u00e9dica elemental y digna para los sonorenses: gobernador Durazo Sonora\",\"isPartOf\":{\"@id\":\"https:\/\/www.sonoraenequipo.com.mx\/#website\"},\"primaryImageOfPage\":{\"@id\":\"https:\/\/www.sonoraenequipo.com.mx\/garantizaremos-atencion-medica-elemental-y-digna-para-los-sonorenses-gobernador-durazo\/#primaryimage\"},\"image\":{\"@id\":\"https:\/\/www.sonoraenequipo.com.mx\/garantizaremos-atencion-medica-elemental-y-digna-para-los-sonorenses-gobernador-durazo\/#primaryimage\"},\"thumbnailUrl\":\"https:\/\/www.sonoraenequipo.com.mx\/storage\/2022\/03\/imss-adm.jpg\",\"datePublished\":\"2022-03-26T18:33:54+00:00\",\"dateModified\":\"2022-03-26T21:20:59+00:00\",\"description\":\"&nbsp; Se ampliar\u00e1 la capacidad hospitalaria en San Luis R\u00edo Colorado, Guaymas, Navojoa, Cananea y Hermosillo, inform\u00f3. &nbsp; HERMOSILLO, SONORA,MX.\u25ac Con En Sonora en Equipo publicamos toda la informaci\u00f3n de Sonora, M\u00e9xico y el Mundo de manera oportuna y busca que la libertad de expresi\u00f3n sea real. Visita nuestro medio informativo publicado desde Hermosillo, Sonora. %\",\"breadcrumb\":{\"@id\":\"https:\/\/www.sonoraenequipo.com.mx\/garantizaremos-atencion-medica-elemental-y-digna-para-los-sonorenses-gobernador-durazo\/#breadcrumb\"},\"inLanguage\":\"es\",\"potentialAction\":[{\"@type\":\"ReadAction\",\"target\":[\"https:\/\/www.sonoraenequipo.com.mx\/garantizaremos-atencion-medica-elemental-y-digna-para-los-sonorenses-gobernador-durazo\/\"]}]},{\"@type\":\"ImageObject\",\"inLanguage\":\"es\",\"@id\":\"https:\/\/www.sonoraenequipo.com.mx\/garantizaremos-atencion-medica-elemental-y-digna-para-los-sonorenses-gobernador-durazo\/#primaryimage\",\"url\":\"https:\/\/www.sonoraenequipo.com.mx\/storage\/2022\/03\/imss-adm.jpg\",\"contentUrl\":\"https:\/\/www.sonoraenequipo.com.mx\/storage\/2022\/03\/imss-adm.jpg\",\"width\":700,\"height\":400},{\"@type\":\"BreadcrumbList\",\"@id\":\"https:\/\/www.sonoraenequipo.com.mx\/garantizaremos-atencion-medica-elemental-y-digna-para-los-sonorenses-gobernador-durazo\/#breadcrumb\",\"itemListElement\":[{\"@type\":\"ListItem\",\"position\":1,\"name\":\"Portada\",\"item\":\"https:\/\/www.sonoraenequipo.com.mx\/\"},{\"@type\":\"ListItem\",\"position\":2,\"name\":\"Garantizaremos atenci\u00f3n m\u00e9dica elemental y digna para los sonorenses: gobernador Durazo\"}]},{\"@type\":\"WebSite\",\"@id\":\"https:\/\/www.sonoraenequipo.com.mx\/#website\",\"url\":\"https:\/\/www.sonoraenequipo.com.mx\/\",\"name\":\"Sonora en Equipo.\",\"description\":\"Diario en l\u00ednea con Noticias desde Hermosillo, Sonora\",\"publisher\":{\"@id\":\"https:\/\/www.sonoraenequipo.com.mx\/#organization\"},\"potentialAction\":[{\"@type\":\"SearchAction\",\"target\":{\"@type\":\"EntryPoint\",\"urlTemplate\":\"https:\/\/www.sonoraenequipo.com.mx\/?s={search_term_string}\"},\"query-input\":{\"@type\":\"PropertyValueSpecification\",\"valueRequired\":true,\"valueName\":\"search_term_string\"}}],\"inLanguage\":\"es\"},{\"@type\":\"Organization\",\"@id\":\"https:\/\/www.sonoraenequipo.com.mx\/#organization\",\"name\":\"Sonoraenequipo.com.mx\",\"url\":\"https:\/\/www.sonoraenequipo.com.mx\/\",\"logo\":{\"@type\":\"ImageObject\",\"inLanguage\":\"es\",\"@id\":\"https:\/\/www.sonoraenequipo.com.mx\/#\/schema\/logo\/image\/\",\"url\":\"https:\/\/www.sonoraenequipo.com.mx\/storage\/2019\/01\/sonoraenequipo_opt.png\",\"contentUrl\":\"https:\/\/www.sonoraenequipo.com.mx\/storage\/2019\/01\/sonoraenequipo_opt.png\",\"width\":375,\"height\":125,\"caption\":\"Sonoraenequipo.com.mx\"},\"image\":{\"@id\":\"https:\/\/www.sonoraenequipo.com.mx\/#\/schema\/logo\/image\/\"},\"sameAs\":[\"https:\/\/www.facebook.com\/SonoraEE\/\",\"https:\/\/x.com\/sonoraenequipo\",\"https:\/\/www.youtube.com\/channel\/UC338nW-lPEYmJQs4ZABQ1SQ\"]},{\"@type\":\"Person\",\"@id\":\"https:\/\/www.sonoraenequipo.com.mx\/#\/schema\/person\/3e506c30006ba6091952ed27b4accc26\",\"name\":\"Redacci\u00f3n\",\"image\":{\"@type\":\"ImageObject\",\"inLanguage\":\"es\",\"@id\":\"https:\/\/www.sonoraenequipo.com.mx\/#\/schema\/person\/image\/\",\"url\":\"https:\/\/secure.gravatar.com\/avatar\/9e8091cd4065893f14e161ece1f64c54b09b76c20d7d73609bb6e3387d3bdb75?s=96&d=blank&r=g\",\"contentUrl\":\"https:\/\/secure.gravatar.com\/avatar\/9e8091cd4065893f14e161ece1f64c54b09b76c20d7d73609bb6e3387d3bdb75?s=96&d=blank&r=g\",\"caption\":\"Redacci\u00f3n\"},\"sameAs\":[\"http:\/\/www.sonoraenequipo.com\"]}]}<\/script>\n ","yoast_head_json":{"title":"Sonora en Equipo. Garantizaremos atenci\u00f3n m\u00e9dica elemental y digna para los sonorenses: gobernador Durazo Sonora","description":"&nbsp; Se ampliar\u00e1 la capacidad hospitalaria en San Luis R\u00edo Colorado, Guaymas, Navojoa, Cananea y Hermosillo, inform\u00f3. &nbsp; HERMOSILLO, SONORA,MX.\u25ac Con En Sonora en Equipo publicamos toda la informaci\u00f3n de Sonora, M\u00e9xico y el Mundo de manera oportuna y busca que la libertad de expresi\u00f3n sea real. Visita nuestro medio informativo publicado desde Hermosillo, Sonora. %","robots":{"index":"index","follow":"follow","max-snippet":"max-snippet:-1","max-image-preview":"max-image-preview:large","max-video-preview":"max-video-preview:-1"},"canonical":"https:\/\/www.sonoraenequipo.com.mx\/garantizaremos-atencion-medica-elemental-y-digna-para-los-sonorenses-gobernador-durazo\/","og_locale":"es_ES","og_type":"article","og_title":"Sonora en Equipo. Garantizaremos atenci\u00f3n m\u00e9dica elemental y digna para los sonorenses: gobernador Durazo Sonora","og_description":"&nbsp; Se ampliar\u00e1 la capacidad hospitalaria en San Luis R\u00edo Colorado, Guaymas, Navojoa, Cananea y Hermosillo, inform\u00f3. &nbsp; HERMOSILLO, SONORA,MX.\u25ac Con En Sonora en Equipo publicamos toda la informaci\u00f3n de Sonora, M\u00e9xico y el Mundo de manera oportuna y busca que la libertad de expresi\u00f3n sea real. Visita nuestro medio informativo publicado desde Hermosillo, Sonora. %","og_url":"https:\/\/www.sonoraenequipo.com.mx\/garantizaremos-atencion-medica-elemental-y-digna-para-los-sonorenses-gobernador-durazo\/","og_site_name":"Sonora en Equipo.","article_publisher":"https:\/\/www.facebook.com\/SonoraEE\/","article_published_time":"2022-03-26T18:33:54+00:00","article_modified_time":"2022-03-26T21:20:59+00:00","og_image":[{"width":700,"height":400,"url":"https:\/\/www.sonoraenequipo.com.mx\/storage\/2022\/03\/imss-adm.jpg","type":"image\/jpeg"}],"author":"Redacci\u00f3n","twitter_card":"summary_large_image","twitter_creator":"@sonoraenequipo","twitter_site":"@sonoraenequipo","twitter_misc":{"Escrito por":"Redacci\u00f3n","Tiempo de lectura":"2 minutos"},"schema":{"@context":"https:\/\/schema.org","@graph":[{"@type":"Article","@id":"https:\/\/www.sonoraenequipo.com.mx\/garantizaremos-atencion-medica-elemental-y-digna-para-los-sonorenses-gobernador-durazo\/#article","isPartOf":{"@id":"https:\/\/www.sonoraenequipo.com.mx\/garantizaremos-atencion-medica-elemental-y-digna-para-los-sonorenses-gobernador-durazo\/"},"author":{"name":"Redacci\u00f3n","@id":"https:\/\/www.sonoraenequipo.com.mx\/#\/schema\/person\/3e506c30006ba6091952ed27b4accc26"},"headline":"Garantizaremos atenci\u00f3n m\u00e9dica elemental y digna para los sonorenses: gobernador Durazo","datePublished":"2022-03-26T18:33:54+00:00","dateModified":"2022-03-26T21:20:59+00:00","mainEntityOfPage":{"@id":"https:\/\/www.sonoraenequipo.com.mx\/garantizaremos-atencion-medica-elemental-y-digna-para-los-sonorenses-gobernador-durazo\/"},"wordCount":343,"commentCount":0,"publisher":{"@id":"https:\/\/www.sonoraenequipo.com.mx\/#organization"},"image":{"@id":"https:\/\/www.sonoraenequipo.com.mx\/garantizaremos-atencion-medica-elemental-y-digna-para-los-sonorenses-gobernador-durazo\/#primaryimage"},"thumbnailUrl":"https:\/\/www.sonoraenequipo.com.mx\/storage\/2022\/03\/imss-adm.jpg","keywords":["DURAZO","IMSS","salud","Sonora"],"articleSection":["Sonora"],"inLanguage":"es","potentialAction":[{"@type":"CommentAction","name":"Comment","target":["https:\/\/www.sonoraenequipo.com.mx\/garantizaremos-atencion-medica-elemental-y-digna-para-los-sonorenses-gobernador-durazo\/#respond"]}]},{"@type":"WebPage","@id":"https:\/\/www.sonoraenequipo.com.mx\/garantizaremos-atencion-medica-elemental-y-digna-para-los-sonorenses-gobernador-durazo\/","url":"https:\/\/www.sonoraenequipo.com.mx\/garantizaremos-atencion-medica-elemental-y-digna-para-los-sonorenses-gobernador-durazo\/","name":"Sonora en Equipo. Garantizaremos atenci\u00f3n m\u00e9dica elemental y digna para los sonorenses: gobernador Durazo Sonora","isPartOf":{"@id":"https:\/\/www.sonoraenequipo.com.mx\/#website"},"primaryImageOfPage":{"@id":"https:\/\/www.sonoraenequipo.com.mx\/garantizaremos-atencion-medica-elemental-y-digna-para-los-sonorenses-gobernador-durazo\/#primaryimage"},"image":{"@id":"https:\/\/www.sonoraenequipo.com.mx\/garantizaremos-atencion-medica-elemental-y-digna-para-los-sonorenses-gobernador-durazo\/#primaryimage"},"thumbnailUrl":"https:\/\/www.sonoraenequipo.com.mx\/storage\/2022\/03\/imss-adm.jpg","datePublished":"2022-03-26T18:33:54+00:00","dateModified":"2022-03-26T21:20:59+00:00","description":"&nbsp; Se ampliar\u00e1 la capacidad hospitalaria en San Luis R\u00edo Colorado, Guaymas, Navojoa, Cananea y Hermosillo, inform\u00f3. &nbsp; HERMOSILLO, SONORA,MX.\u25ac Con En Sonora en Equipo publicamos toda la informaci\u00f3n de Sonora, M\u00e9xico y el Mundo de manera oportuna y busca que la libertad de expresi\u00f3n sea real. Visita nuestro medio informativo publicado desde Hermosillo, Sonora. %","breadcrumb":{"@id":"https:\/\/www.sonoraenequipo.com.mx\/garantizaremos-atencion-medica-elemental-y-digna-para-los-sonorenses-gobernador-durazo\/#breadcrumb"},"inLanguage":"es","potentialAction":[{"@type":"ReadAction","target":["https:\/\/www.sonoraenequipo.com.mx\/garantizaremos-atencion-medica-elemental-y-digna-para-los-sonorenses-gobernador-durazo\/"]}]},{"@type":"ImageObject","inLanguage":"es","@id":"https:\/\/www.sonoraenequipo.com.mx\/garantizaremos-atencion-medica-elemental-y-digna-para-los-sonorenses-gobernador-durazo\/#primaryimage","url":"https:\/\/www.sonoraenequipo.com.mx\/storage\/2022\/03\/imss-adm.jpg","contentUrl":"https:\/\/www.sonoraenequipo.com.mx\/storage\/2022\/03\/imss-adm.jpg","width":700,"height":400},{"@type":"BreadcrumbList","@id":"https:\/\/www.sonoraenequipo.com.mx\/garantizaremos-atencion-medica-elemental-y-digna-para-los-sonorenses-gobernador-durazo\/#breadcrumb","itemListElement":[{"@type":"ListItem","position":1,"name":"Portada","item":"https:\/\/www.sonoraenequipo.com.mx\/"},{"@type":"ListItem","position":2,"name":"Garantizaremos atenci\u00f3n m\u00e9dica elemental y digna para los sonorenses: gobernador Durazo"}]},{"@type":"WebSite","@id":"https:\/\/www.sonoraenequipo.com.mx\/#website","url":"https:\/\/www.sonoraenequipo.com.mx\/","name":"Sonora en Equipo.","description":"Diario en l\u00ednea con Noticias desde Hermosillo, Sonora","publisher":{"@id":"https:\/\/www.sonoraenequipo.com.mx\/#organization"},"potentialAction":[{"@type":"SearchAction","target":{"@type":"EntryPoint","urlTemplate":"https:\/\/www.sonoraenequipo.com.mx\/?s={search_term_string}"},"query-input":{"@type":"PropertyValueSpecification","valueRequired":true,"valueName":"search_term_string"}}],"inLanguage":"es"},{"@type":"Organization","@id":"https:\/\/www.sonoraenequipo.com.mx\/#organization","name":"Sonoraenequipo.com.mx","url":"https:\/\/www.sonoraenequipo.com.mx\/","logo":{"@type":"ImageObject","inLanguage":"es","@id":"https:\/\/www.sonoraenequipo.com.mx\/#\/schema\/logo\/image\/","url":"https:\/\/www.sonoraenequipo.com.mx\/storage\/2019\/01\/sonoraenequipo_opt.png","contentUrl":"https:\/\/www.sonoraenequipo.com.mx\/storage\/2019\/01\/sonoraenequipo_opt.png","width":375,"height":125,"caption":"Sonoraenequipo.com.mx"},"image":{"@id":"https:\/\/www.sonoraenequipo.com.mx\/#\/schema\/logo\/image\/"},"sameAs":["https:\/\/www.facebook.com\/SonoraEE\/","https:\/\/x.com\/sonoraenequipo","https:\/\/www.youtube.com\/channel\/UC338nW-lPEYmJQs4ZABQ1SQ"]},{"@type":"Person","@id":"https:\/\/www.sonoraenequipo.com.mx\/#\/schema\/person\/3e506c30006ba6091952ed27b4accc26","name":"Redacci\u00f3n","image":{"@type":"ImageObject","inLanguage":"es","@id":"https:\/\/www.sonoraenequipo.com.mx\/#\/schema\/person\/image\/","url":"https:\/\/secure.gravatar.com\/avatar\/9e8091cd4065893f14e161ece1f64c54b09b76c20d7d73609bb6e3387d3bdb75?s=96&d=blank&r=g","contentUrl":"https:\/\/secure.gravatar.com\/avatar\/9e8091cd4065893f14e161ece1f64c54b09b76c20d7d73609bb6e3387d3bdb75?s=96&d=blank&r=g","caption":"Redacci\u00f3n"},"sameAs":["http:\/\/www.sonoraenequipo.com"]}]}},"jetpack_featured_media_url":"https:\/\/www.sonoraenequipo.com.mx\/storage\/2022\/03\/imss-adm.jpg","_links":{"self":[{"href":"https:\/\/www.sonoraenequipo.com.mx\/api\/wp\/v2\/posts\/135667","targetHints":{"allow":["GET"]}}],"collection":[{"href":"https:\/\/www.sonoraenequipo.com.mx\/api\/wp\/v2\/posts"}],"about":[{"href":"https:\/\/www.sonoraenequipo.com.mx\/api\/wp\/v2\/types\/post"}],"author":[{"embeddable":true,"href":"https:\/\/www.sonoraenequipo.com.mx\/api\/wp\/v2\/users\/4"}],"replies":[{"embeddable":true,"href":"https:\/\/www.sonoraenequipo.com.mx\/api\/wp\/v2\/comments?post=135667"}],"version-history":[{"count":1,"href":"https:\/\/www.sonoraenequipo.com.mx\/api\/wp\/v2\/posts\/135667\/revisions"}],"predecessor-version":[{"id":135669,"href":"https:\/\/www.sonoraenequipo.com.mx\/api\/wp\/v2\/posts\/135667\/revisions\/135669"}],"wp:featuredmedia":[{"embeddable":true,"href":"https:\/\/www.sonoraenequipo.com.mx\/api\/wp\/v2\/media\/135668"}],"wp:attachment":[{"href":"https:\/\/www.sonoraenequipo.com.mx\/api\/wp\/v2\/media?parent=135667"}],"wp:term":[{"taxonomy":"category","embeddable":true,"href":"https:\/\/www.sonoraenequipo.com.mx\/api\/wp\/v2\/categories?post=135667"},{"taxonomy":"post_tag","embeddable":true,"href":"https:\/\/www.sonoraenequipo.com.mx\/api\/wp\/v2\/tags?post=135667"}],"curies":[{"name":"wp","href":"https:\/\/api.w.org\/{rel}","templated":true}]}}