{"id":135680,"date":"2022-03-26T07:41:38","date_gmt":"2022-03-26T14:41:38","guid":{"rendered":"https:\/\/www.sonoraenequipo.com.mx\/?p=135680"},"modified":"2022-03-26T18:42:48","modified_gmt":"2022-03-27T01:42:48","slug":"reforma-electrica-no-pasara-sin-cambios-oposicion","status":"publish","type":"post","link":"https:\/\/www.sonoraenequipo.com.mx\/reforma-electrica-no-pasara-sin-cambios-oposicion\/","title":{"rendered":"Partidos pol\u00edticos se resisten a la reforma el\u00e9ctrica y piden cambios"},"content":{"rendered":"<p>CIUDAD DE M\u00c9XICO. MX. \u2014\u00a0\u00a0 Los legisladores de oposici\u00f3n\u00a0 siguen afirmando en declaraciones que sus agrermiados no aceptar\u00e1n un documento que no garantice disminuci\u00f3n de tarifas y transici\u00f3n a energ\u00edas limpias, y rechazaron ser calificados como <strong>\u201ctraidores a la patria\u201d <\/strong>por el Ejecutivo federal por oponerse a la legislaci\u00f3n.<\/p>\n<p>&nbsp;<\/p>\n<p> <\/p>\n<p>&nbsp;<\/p>\n<p>Recordaron que para aprobar la iniciativa presidencial se requieren 334 votos en San L\u00e1zaro, mientras que la bancada de Morena y sus aliados de los partidos del Trabajo y Verde Ecologista suman 277.<\/p>\n<p>&nbsp;<\/p>\n<p>El l\u00edder del albiazul en la C\u00e1mara Baja, Jorge Romero afirmo: <em>\u201cEntonces, todas las voces que se han escuchado, todo el papel que se ha impreso con respecto a un parlamento abierto est\u00e1 siendo tirado a la basura. Todo ha sido una burla. Qu\u00e9 pena que el grupo parlamentario de Morena haya tenido la intenci\u00f3n de construir una nueva iniciativa, pero otra vez deben obedecer abyectamente a su jefe\u201d.<\/em><\/p>\n<p>&nbsp;<\/p>\n<p>&nbsp;<\/p>\n<p>Luis Espinosa Ch\u00e1zaro, coordinador de la bancada del PRD en San L\u00e1zaro, se\u00f1al\u00f3 que la propuesta de L\u00f3pez Obrador, no contempla la transici\u00f3n energ\u00e9tica, no tiene los c\u00f3mos para que disminuyan las tarifas del servicio el\u00e9ctrico.<\/p>\n<p>&nbsp;<\/p>\n<p><em>\u201cHemos sido claros al decir que choca con lo dicho durante esta semana por el coordinador de Morena, Ignacio Mier, en el sentido de que estaban abiertos a una discusi\u00f3n que tuviera como producto una nueva reforma mucho m\u00e1s ben\u00e9fica para M\u00e9xico, pero si esa es la posici\u00f3n autoritaria del Presidente, simple y sencillamente no pasar\u00e1\u201d.<\/em><\/p>\n<p>&nbsp;<\/p>\n<p>El presidente del Partido Revolucionario Institucional (PRI) y diputado de ese instituto, Alejandro Moreno, afirm\u00f3 que si Morena lleva a discusi\u00f3n la misma iniciativa de reforma el\u00e9ctrica en la C\u00e1mara de Diputados, el voto del grupo parlamentario del tricolor ser\u00e1 en contra.<\/p>\n<p>&nbsp;<\/p>\n<p>El coordinador de Movimiento Ciudadano en el Senado, Clemente Casta\u00f1eda, expuso que <em>\u201clas reformas constitucionales no son a contentillo del Presidente, ni \u00e9sta ni ninguna otra. El Presidente debe definir si le interesa construir una reforma con el Congreso, escuchando la pluralidad de opiniones. En todo caso, lo que \u00e9l quiere es forzar una reforma para seguir politizando el tema\u201d.<\/em><\/p>\n<p>&nbsp;<\/p>\n<p>En tanto, la senadora del PRI Claudia Anaya Mota dijo que es <em>\u201cuna postura radical y temeraria en muchos sentidos. Primero, est\u00e1 mandando mensajes encontrados porque al principio dijeron que la reforma iba sin moverle ni una coma\u201d.<\/em><\/p>\n<p>&nbsp;<\/p>\n<p>Despu\u00e9s, record\u00f3, Ignacio Mier dijo que est\u00e1n dispuestos a acordar, dialogar, buscar puntos de encuentro con la oposici\u00f3n.<\/p>\n<p>&nbsp;<\/p>\n<p><em>\u201cEl Presidente est\u00e1 descalificando a sus negociadores en el Congreso, a los coordinadores parlamentarios de Morena, porque a \u00e9l nada m\u00e1s le gusta el sonido de su voz\u201d.<\/em><\/p>\n<p>&nbsp;<\/p>\n<p>(Publicada el 26\/03\/2022)<\/p>\n","protected":false},"excerpt":{"rendered":"<p>CIUDAD DE M\u00c9XICO. MX. \u2014\u00a0\u00a0 Los legisladores de oposici\u00f3n\u00a0 siguen afirmando en declaraciones que sus&#8230;<\/p>\n","protected":false},"author":1,"featured_media":135700,"comment_status":"open","ping_status":"open","sticky":false,"template":"","format":"standard","meta":{"_monsterinsights_skip_tracking":false,"_monsterinsights_sitenote_active":false,"_monsterinsights_sitenote_note":"","_monsterinsights_sitenote_category":0,"footnotes":""},"categories":[5],"tags":[],"class_list":["post"],"yoast_head":" \n<title>Sonora en Equipo. Partidos pol\u00edticos se resisten a la reforma el\u00e9ctrica y piden cambios Rep\u00fablica<\/title>\n<meta name=\"description\" content=\"CIUDAD DE M\u00c9XICO. MX. \u2014\u00a0\u00a0 Los legisladores de oposici\u00f3n\u00a0 siguen afirmando en declaraciones que sus agrermiados no aceptar\u00e1n un documento que no garantice En Sonora en Equipo publicamos toda la informaci\u00f3n de Sonora, M\u00e9xico y el Mundo de manera oportuna y busca que la libertad de expresi\u00f3n sea real. Visita nuestro medio informativo publicado desde Hermosillo, Sonora. %\" \/>\n<meta name=\"robots\" content=\"index, follow, max-snippet:-1, max-image-preview:large, max-video-preview:-1\" \/>\n<link rel=\"canonical\" href=\"https:\/\/www.sonoraenequipo.com.mx\/reforma-electrica-no-pasara-sin-cambios-oposicion\/\" \/>\n<meta property=\"og:locale\" content=\"es_ES\" \/>\n<meta property=\"og:type\" content=\"article\" \/>\n<meta property=\"og:title\" content=\"Sonora en Equipo. Partidos pol\u00edticos se resisten a la reforma el\u00e9ctrica y piden cambios Rep\u00fablica\" \/>\n<meta property=\"og:description\" content=\"CIUDAD DE M\u00c9XICO. MX. \u2014\u00a0\u00a0 Los legisladores de oposici\u00f3n\u00a0 siguen afirmando en declaraciones que sus agrermiados no aceptar\u00e1n un documento que no garantice En Sonora en Equipo publicamos toda la informaci\u00f3n de Sonora, M\u00e9xico y el Mundo de manera oportuna y busca que la libertad de expresi\u00f3n sea real. Visita nuestro medio informativo publicado desde Hermosillo, Sonora. %\" \/>\n<meta property=\"og:url\" content=\"https:\/\/www.sonoraenequipo.com.mx\/reforma-electrica-no-pasara-sin-cambios-oposicion\/\" \/>\n<meta property=\"og:site_name\" content=\"Sonora en Equipo.\" \/>\n<meta property=\"article:publisher\" content=\"https:\/\/www.facebook.com\/SonoraEE\/\" \/>\n<meta property=\"article:author\" content=\"https:\/\/www.facebook.com\/SonoraEE\" \/>\n<meta property=\"article:published_time\" content=\"2022-03-26T14:41:38+00:00\" \/>\n<meta property=\"article:modified_time\" content=\"2022-03-27T01:42:48+00:00\" \/>\n<meta property=\"og:image\" content=\"https:\/\/www.sonoraenequipo.com.mx\/storage\/2022\/03\/reforma_electrica_opt.jpg\" \/>\n\t<meta property=\"og:image:width\" content=\"700\" \/>\n\t<meta property=\"og:image:height\" content=\"400\" \/>\n\t<meta property=\"og:image:type\" content=\"image\/jpeg\" \/>\n<meta name=\"author\" content=\"enequipo\" \/>\n<meta name=\"twitter:card\" content=\"summary_large_image\" \/>\n<meta name=\"twitter:creator\" content=\"@sonoraenequipo\" \/>\n<meta name=\"twitter:site\" content=\"@sonoraenequipo\" \/>\n<meta name=\"twitter:label1\" content=\"Escrito por\" \/>\n\t<meta name=\"twitter:data1\" content=\"enequipo\" \/>\n\t<meta name=\"twitter:label2\" content=\"Tiempo de lectura\" \/>\n\t<meta name=\"twitter:data2\" content=\"2 minutos\" \/>\n<script type=\"application\/ld+json\" class=\"yoast-schema-graph\">{\"@context\":\"https:\/\/schema.org\",\"@graph\":[{\"@type\":\"Article\",\"@id\":\"https:\/\/www.sonoraenequipo.com.mx\/reforma-electrica-no-pasara-sin-cambios-oposicion\/#article\",\"isPartOf\":{\"@id\":\"https:\/\/www.sonoraenequipo.com.mx\/reforma-electrica-no-pasara-sin-cambios-oposicion\/\"},\"author\":{\"name\":\"enequipo\",\"@id\":\"https:\/\/www.sonoraenequipo.com.mx\/#\/schema\/person\/50102df0fb23a8fa9e8effad8fa81386\"},\"headline\":\"Partidos pol\u00edticos se resisten a la reforma el\u00e9ctrica y piden cambios\",\"datePublished\":\"2022-03-26T14:41:38+00:00\",\"dateModified\":\"2022-03-27T01:42:48+00:00\",\"mainEntityOfPage\":{\"@id\":\"https:\/\/www.sonoraenequipo.com.mx\/reforma-electrica-no-pasara-sin-cambios-oposicion\/\"},\"wordCount\":485,\"commentCount\":0,\"publisher\":{\"@id\":\"https:\/\/www.sonoraenequipo.com.mx\/#organization\"},\"image\":{\"@id\":\"https:\/\/www.sonoraenequipo.com.mx\/reforma-electrica-no-pasara-sin-cambios-oposicion\/#primaryimage\"},\"thumbnailUrl\":\"https:\/\/www.sonoraenequipo.com.mx\/storage\/2022\/03\/reforma_electrica_opt.jpg\",\"articleSection\":[\"Rep\u00fablica\"],\"inLanguage\":\"es\",\"potentialAction\":[{\"@type\":\"CommentAction\",\"name\":\"Comment\",\"target\":[\"https:\/\/www.sonoraenequipo.com.mx\/reforma-electrica-no-pasara-sin-cambios-oposicion\/#respond\"]}]},{\"@type\":\"WebPage\",\"@id\":\"https:\/\/www.sonoraenequipo.com.mx\/reforma-electrica-no-pasara-sin-cambios-oposicion\/\",\"url\":\"https:\/\/www.sonoraenequipo.com.mx\/reforma-electrica-no-pasara-sin-cambios-oposicion\/\",\"name\":\"Sonora en Equipo. Partidos pol\u00edticos se resisten a la reforma el\u00e9ctrica y piden cambios Rep\u00fablica\",\"isPartOf\":{\"@id\":\"https:\/\/www.sonoraenequipo.com.mx\/#website\"},\"primaryImageOfPage\":{\"@id\":\"https:\/\/www.sonoraenequipo.com.mx\/reforma-electrica-no-pasara-sin-cambios-oposicion\/#primaryimage\"},\"image\":{\"@id\":\"https:\/\/www.sonoraenequipo.com.mx\/reforma-electrica-no-pasara-sin-cambios-oposicion\/#primaryimage\"},\"thumbnailUrl\":\"https:\/\/www.sonoraenequipo.com.mx\/storage\/2022\/03\/reforma_electrica_opt.jpg\",\"datePublished\":\"2022-03-26T14:41:38+00:00\",\"dateModified\":\"2022-03-27T01:42:48+00:00\",\"description\":\"CIUDAD DE M\u00c9XICO. MX. \u2014\u00a0\u00a0 Los legisladores de oposici\u00f3n\u00a0 siguen afirmando en declaraciones que sus agrermiados no aceptar\u00e1n un documento que no garantice En Sonora en Equipo publicamos toda la informaci\u00f3n de Sonora, M\u00e9xico y el Mundo de manera oportuna y busca que la libertad de expresi\u00f3n sea real. Visita nuestro medio informativo publicado desde Hermosillo, Sonora. %\",\"breadcrumb\":{\"@id\":\"https:\/\/www.sonoraenequipo.com.mx\/reforma-electrica-no-pasara-sin-cambios-oposicion\/#breadcrumb\"},\"inLanguage\":\"es\",\"potentialAction\":[{\"@type\":\"ReadAction\",\"target\":[\"https:\/\/www.sonoraenequipo.com.mx\/reforma-electrica-no-pasara-sin-cambios-oposicion\/\"]}]},{\"@type\":\"ImageObject\",\"inLanguage\":\"es\",\"@id\":\"https:\/\/www.sonoraenequipo.com.mx\/reforma-electrica-no-pasara-sin-cambios-oposicion\/#primaryimage\",\"url\":\"https:\/\/www.sonoraenequipo.com.mx\/storage\/2022\/03\/reforma_electrica_opt.jpg\",\"contentUrl\":\"https:\/\/www.sonoraenequipo.com.mx\/storage\/2022\/03\/reforma_electrica_opt.jpg\",\"width\":700,\"height\":400},{\"@type\":\"BreadcrumbList\",\"@id\":\"https:\/\/www.sonoraenequipo.com.mx\/reforma-electrica-no-pasara-sin-cambios-oposicion\/#breadcrumb\",\"itemListElement\":[{\"@type\":\"ListItem\",\"position\":1,\"name\":\"Portada\",\"item\":\"https:\/\/www.sonoraenequipo.com.mx\/\"},{\"@type\":\"ListItem\",\"position\":2,\"name\":\"Partidos pol\u00edticos se resisten a la reforma el\u00e9ctrica y piden cambios\"}]},{\"@type\":\"WebSite\",\"@id\":\"https:\/\/www.sonoraenequipo.com.mx\/#website\",\"url\":\"https:\/\/www.sonoraenequipo.com.mx\/\",\"name\":\"Sonora en Equipo.\",\"description\":\"Diario en l\u00ednea con Noticias desde Hermosillo, Sonora\",\"publisher\":{\"@id\":\"https:\/\/www.sonoraenequipo.com.mx\/#organization\"},\"potentialAction\":[{\"@type\":\"SearchAction\",\"target\":{\"@type\":\"EntryPoint\",\"urlTemplate\":\"https:\/\/www.sonoraenequipo.com.mx\/?s={search_term_string}\"},\"query-input\":{\"@type\":\"PropertyValueSpecification\",\"valueRequired\":true,\"valueName\":\"search_term_string\"}}],\"inLanguage\":\"es\"},{\"@type\":\"Organization\",\"@id\":\"https:\/\/www.sonoraenequipo.com.mx\/#organization\",\"name\":\"Sonoraenequipo.com.mx\",\"url\":\"https:\/\/www.sonoraenequipo.com.mx\/\",\"logo\":{\"@type\":\"ImageObject\",\"inLanguage\":\"es\",\"@id\":\"https:\/\/www.sonoraenequipo.com.mx\/#\/schema\/logo\/image\/\",\"url\":\"https:\/\/www.sonoraenequipo.com.mx\/storage\/2019\/01\/sonoraenequipo_opt.png\",\"contentUrl\":\"https:\/\/www.sonoraenequipo.com.mx\/storage\/2019\/01\/sonoraenequipo_opt.png\",\"width\":375,\"height\":125,\"caption\":\"Sonoraenequipo.com.mx\"},\"image\":{\"@id\":\"https:\/\/www.sonoraenequipo.com.mx\/#\/schema\/logo\/image\/\"},\"sameAs\":[\"https:\/\/www.facebook.com\/SonoraEE\/\",\"https:\/\/x.com\/sonoraenequipo\",\"https:\/\/www.youtube.com\/channel\/UC338nW-lPEYmJQs4ZABQ1SQ\"]},{\"@type\":\"Person\",\"@id\":\"https:\/\/www.sonoraenequipo.com.mx\/#\/schema\/person\/50102df0fb23a8fa9e8effad8fa81386\",\"name\":\"enequipo\",\"image\":{\"@type\":\"ImageObject\",\"inLanguage\":\"es\",\"@id\":\"https:\/\/www.sonoraenequipo.com.mx\/#\/schema\/person\/image\/\",\"url\":\"https:\/\/secure.gravatar.com\/avatar\/049821681b589dabc0bc20695993ccebb09f5b5d4d790cd9251b97faac7c652b?s=96&d=blank&r=g\",\"contentUrl\":\"https:\/\/secure.gravatar.com\/avatar\/049821681b589dabc0bc20695993ccebb09f5b5d4d790cd9251b97faac7c652b?s=96&d=blank&r=g\",\"caption\":\"enequipo\"},\"sameAs\":[\"https:\/\/www.facebook.com\/SonoraEE\"]}]}<\/script>\n ","yoast_head_json":{"title":"Sonora en Equipo. Partidos pol\u00edticos se resisten a la reforma el\u00e9ctrica y piden cambios Rep\u00fablica","description":"CIUDAD DE M\u00c9XICO. MX. \u2014\u00a0\u00a0 Los legisladores de oposici\u00f3n\u00a0 siguen afirmando en declaraciones que sus agrermiados no aceptar\u00e1n un documento que no garantice En Sonora en Equipo publicamos toda la informaci\u00f3n de Sonora, M\u00e9xico y el Mundo de manera oportuna y busca que la libertad de expresi\u00f3n sea real. Visita nuestro medio informativo publicado desde Hermosillo, Sonora. %","robots":{"index":"index","follow":"follow","max-snippet":"max-snippet:-1","max-image-preview":"max-image-preview:large","max-video-preview":"max-video-preview:-1"},"canonical":"https:\/\/www.sonoraenequipo.com.mx\/reforma-electrica-no-pasara-sin-cambios-oposicion\/","og_locale":"es_ES","og_type":"article","og_title":"Sonora en Equipo. Partidos pol\u00edticos se resisten a la reforma el\u00e9ctrica y piden cambios Rep\u00fablica","og_description":"CIUDAD DE M\u00c9XICO. MX. \u2014\u00a0\u00a0 Los legisladores de oposici\u00f3n\u00a0 siguen afirmando en declaraciones que sus agrermiados no aceptar\u00e1n un documento que no garantice En Sonora en Equipo publicamos toda la informaci\u00f3n de Sonora, M\u00e9xico y el Mundo de manera oportuna y busca que la libertad de expresi\u00f3n sea real. Visita nuestro medio informativo publicado desde Hermosillo, Sonora. %","og_url":"https:\/\/www.sonoraenequipo.com.mx\/reforma-electrica-no-pasara-sin-cambios-oposicion\/","og_site_name":"Sonora en Equipo.","article_publisher":"https:\/\/www.facebook.com\/SonoraEE\/","article_author":"https:\/\/www.facebook.com\/SonoraEE","article_published_time":"2022-03-26T14:41:38+00:00","article_modified_time":"2022-03-27T01:42:48+00:00","og_image":[{"width":700,"height":400,"url":"https:\/\/www.sonoraenequipo.com.mx\/storage\/2022\/03\/reforma_electrica_opt.jpg","type":"image\/jpeg"}],"author":"enequipo","twitter_card":"summary_large_image","twitter_creator":"@sonoraenequipo","twitter_site":"@sonoraenequipo","twitter_misc":{"Escrito por":"enequipo","Tiempo de lectura":"2 minutos"},"schema":{"@context":"https:\/\/schema.org","@graph":[{"@type":"Article","@id":"https:\/\/www.sonoraenequipo.com.mx\/reforma-electrica-no-pasara-sin-cambios-oposicion\/#article","isPartOf":{"@id":"https:\/\/www.sonoraenequipo.com.mx\/reforma-electrica-no-pasara-sin-cambios-oposicion\/"},"author":{"name":"enequipo","@id":"https:\/\/www.sonoraenequipo.com.mx\/#\/schema\/person\/50102df0fb23a8fa9e8effad8fa81386"},"headline":"Partidos pol\u00edticos se resisten a la reforma el\u00e9ctrica y piden cambios","datePublished":"2022-03-26T14:41:38+00:00","dateModified":"2022-03-27T01:42:48+00:00","mainEntityOfPage":{"@id":"https:\/\/www.sonoraenequipo.com.mx\/reforma-electrica-no-pasara-sin-cambios-oposicion\/"},"wordCount":485,"commentCount":0,"publisher":{"@id":"https:\/\/www.sonoraenequipo.com.mx\/#organization"},"image":{"@id":"https:\/\/www.sonoraenequipo.com.mx\/reforma-electrica-no-pasara-sin-cambios-oposicion\/#primaryimage"},"thumbnailUrl":"https:\/\/www.sonoraenequipo.com.mx\/storage\/2022\/03\/reforma_electrica_opt.jpg","articleSection":["Rep\u00fablica"],"inLanguage":"es","potentialAction":[{"@type":"CommentAction","name":"Comment","target":["https:\/\/www.sonoraenequipo.com.mx\/reforma-electrica-no-pasara-sin-cambios-oposicion\/#respond"]}]},{"@type":"WebPage","@id":"https:\/\/www.sonoraenequipo.com.mx\/reforma-electrica-no-pasara-sin-cambios-oposicion\/","url":"https:\/\/www.sonoraenequipo.com.mx\/reforma-electrica-no-pasara-sin-cambios-oposicion\/","name":"Sonora en Equipo. Partidos pol\u00edticos se resisten a la reforma el\u00e9ctrica y piden cambios Rep\u00fablica","isPartOf":{"@id":"https:\/\/www.sonoraenequipo.com.mx\/#website"},"primaryImageOfPage":{"@id":"https:\/\/www.sonoraenequipo.com.mx\/reforma-electrica-no-pasara-sin-cambios-oposicion\/#primaryimage"},"image":{"@id":"https:\/\/www.sonoraenequipo.com.mx\/reforma-electrica-no-pasara-sin-cambios-oposicion\/#primaryimage"},"thumbnailUrl":"https:\/\/www.sonoraenequipo.com.mx\/storage\/2022\/03\/reforma_electrica_opt.jpg","datePublished":"2022-03-26T14:41:38+00:00","dateModified":"2022-03-27T01:42:48+00:00","description":"CIUDAD DE M\u00c9XICO. MX. \u2014\u00a0\u00a0 Los legisladores de oposici\u00f3n\u00a0 siguen afirmando en declaraciones que sus agrermiados no aceptar\u00e1n un documento que no garantice En Sonora en Equipo publicamos toda la informaci\u00f3n de Sonora, M\u00e9xico y el Mundo de manera oportuna y busca que la libertad de expresi\u00f3n sea real. Visita nuestro medio informativo publicado desde Hermosillo, Sonora. %","breadcrumb":{"@id":"https:\/\/www.sonoraenequipo.com.mx\/reforma-electrica-no-pasara-sin-cambios-oposicion\/#breadcrumb"},"inLanguage":"es","potentialAction":[{"@type":"ReadAction","target":["https:\/\/www.sonoraenequipo.com.mx\/reforma-electrica-no-pasara-sin-cambios-oposicion\/"]}]},{"@type":"ImageObject","inLanguage":"es","@id":"https:\/\/www.sonoraenequipo.com.mx\/reforma-electrica-no-pasara-sin-cambios-oposicion\/#primaryimage","url":"https:\/\/www.sonoraenequipo.com.mx\/storage\/2022\/03\/reforma_electrica_opt.jpg","contentUrl":"https:\/\/www.sonoraenequipo.com.mx\/storage\/2022\/03\/reforma_electrica_opt.jpg","width":700,"height":400},{"@type":"BreadcrumbList","@id":"https:\/\/www.sonoraenequipo.com.mx\/reforma-electrica-no-pasara-sin-cambios-oposicion\/#breadcrumb","itemListElement":[{"@type":"ListItem","position":1,"name":"Portada","item":"https:\/\/www.sonoraenequipo.com.mx\/"},{"@type":"ListItem","position":2,"name":"Partidos pol\u00edticos se resisten a la reforma el\u00e9ctrica y piden cambios"}]},{"@type":"WebSite","@id":"https:\/\/www.sonoraenequipo.com.mx\/#website","url":"https:\/\/www.sonoraenequipo.com.mx\/","name":"Sonora en Equipo.","description":"Diario en l\u00ednea con Noticias desde Hermosillo, Sonora","publisher":{"@id":"https:\/\/www.sonoraenequipo.com.mx\/#organization"},"potentialAction":[{"@type":"SearchAction","target":{"@type":"EntryPoint","urlTemplate":"https:\/\/www.sonoraenequipo.com.mx\/?s={search_term_string}"},"query-input":{"@type":"PropertyValueSpecification","valueRequired":true,"valueName":"search_term_string"}}],"inLanguage":"es"},{"@type":"Organization","@id":"https:\/\/www.sonoraenequipo.com.mx\/#organization","name":"Sonoraenequipo.com.mx","url":"https:\/\/www.sonoraenequipo.com.mx\/","logo":{"@type":"ImageObject","inLanguage":"es","@id":"https:\/\/www.sonoraenequipo.com.mx\/#\/schema\/logo\/image\/","url":"https:\/\/www.sonoraenequipo.com.mx\/storage\/2019\/01\/sonoraenequipo_opt.png","contentUrl":"https:\/\/www.sonoraenequipo.com.mx\/storage\/2019\/01\/sonoraenequipo_opt.png","width":375,"height":125,"caption":"Sonoraenequipo.com.mx"},"image":{"@id":"https:\/\/www.sonoraenequipo.com.mx\/#\/schema\/logo\/image\/"},"sameAs":["https:\/\/www.facebook.com\/SonoraEE\/","https:\/\/x.com\/sonoraenequipo","https:\/\/www.youtube.com\/channel\/UC338nW-lPEYmJQs4ZABQ1SQ"]},{"@type":"Person","@id":"https:\/\/www.sonoraenequipo.com.mx\/#\/schema\/person\/50102df0fb23a8fa9e8effad8fa81386","name":"enequipo","image":{"@type":"ImageObject","inLanguage":"es","@id":"https:\/\/www.sonoraenequipo.com.mx\/#\/schema\/person\/image\/","url":"https:\/\/secure.gravatar.com\/avatar\/049821681b589dabc0bc20695993ccebb09f5b5d4d790cd9251b97faac7c652b?s=96&d=blank&r=g","contentUrl":"https:\/\/secure.gravatar.com\/avatar\/049821681b589dabc0bc20695993ccebb09f5b5d4d790cd9251b97faac7c652b?s=96&d=blank&r=g","caption":"enequipo"},"sameAs":["https:\/\/www.facebook.com\/SonoraEE"]}]}},"jetpack_featured_media_url":"https:\/\/www.sonoraenequipo.com.mx\/storage\/2022\/03\/reforma_electrica_opt.jpg","_links":{"self":[{"href":"https:\/\/www.sonoraenequipo.com.mx\/api\/wp\/v2\/posts\/135680","targetHints":{"allow":["GET"]}}],"collection":[{"href":"https:\/\/www.sonoraenequipo.com.mx\/api\/wp\/v2\/posts"}],"about":[{"href":"https:\/\/www.sonoraenequipo.com.mx\/api\/wp\/v2\/types\/post"}],"author":[{"embeddable":true,"href":"https:\/\/www.sonoraenequipo.com.mx\/api\/wp\/v2\/users\/1"}],"replies":[{"embeddable":true,"href":"https:\/\/www.sonoraenequipo.com.mx\/api\/wp\/v2\/comments?post=135680"}],"version-history":[{"count":2,"href":"https:\/\/www.sonoraenequipo.com.mx\/api\/wp\/v2\/posts\/135680\/revisions"}],"predecessor-version":[{"id":135703,"href":"https:\/\/www.sonoraenequipo.com.mx\/api\/wp\/v2\/posts\/135680\/revisions\/135703"}],"wp:featuredmedia":[{"embeddable":true,"href":"https:\/\/www.sonoraenequipo.com.mx\/api\/wp\/v2\/media\/135700"}],"wp:attachment":[{"href":"https:\/\/www.sonoraenequipo.com.mx\/api\/wp\/v2\/media?parent=135680"}],"wp:term":[{"taxonomy":"category","embeddable":true,"href":"https:\/\/www.sonoraenequipo.com.mx\/api\/wp\/v2\/categories?post=135680"},{"taxonomy":"post_tag","embeddable":true,"href":"https:\/\/www.sonoraenequipo.com.mx\/api\/wp\/v2\/tags?post=135680"}],"curies":[{"name":"wp","href":"https:\/\/api.w.org\/{rel}","templated":true}]}}