{"id":135688,"date":"2022-03-26T16:42:35","date_gmt":"2022-03-26T23:42:35","guid":{"rendered":"https:\/\/www.sonoraenequipo.com.mx\/?p=135688"},"modified":"2022-03-26T18:48:25","modified_gmt":"2022-03-27T01:48:25","slug":"cae-secuestrador-ingraganti-en-caborca","status":"publish","type":"post","link":"https:\/\/www.sonoraenequipo.com.mx\/cae-secuestrador-ingraganti-en-caborca\/","title":{"rendered":"Cae secuestrador ingraganti en Caborca llevaba una persona en el maletero del auto"},"content":{"rendered":"<p><strong>CABORCA, SONORA,MX.<\/strong><strong>\u25ac<\/strong>Ante la captura en flagrancia y las pruebas aportadas ante el Juez, Jos\u00e9 Armando \u201cN.\u201d accedi\u00f3 al procedimiento abreviado y recibi\u00f3 pena de 9 a\u00f1os y 6 meses de prisi\u00f3n, despu\u00e9s aceptar que priv\u00f3 de la libertad a una persona y llev\u00f3 a la fuerza en la cajuela de su auto, lo que demostr\u00f3 la Fiscal\u00eda de Sonora.<\/p>\n<p>&nbsp;<\/p>\n<p>Adem\u00e1s, dentro de la sentencia impuesta por el Juez, deber\u00e1 pagar 31 mil 776 pesos para el perjudicado por hechos registrados el 12 de marzo de 2021 en la colonia Centro, que atendieron agentes de la Mesa Estatal de Seguridad.<\/p>\n<p>&nbsp;<\/p>\n<p>La sentencia se dio por los delitos de privaci\u00f3n ilegal de la libertad agravada, en agravio de Anthony Jos\u00e9, y contra la salud en la modalidad de narcomenudeo en la variante de posesi\u00f3n de metanfetamina con fines de comercio, contra la sociedad.<\/p>\n<p>&nbsp;<\/p>\n<p>Personal de la Fiscal\u00eda de Sonora integr\u00f3 las indagatorias, con base al Informe Policial Homologado (IPH), luego de que el sentenciado fue detenido en flagrancia delictiva por el Operativo Mixto de Seguridad, integrado por los tres \u00f3rdenes de Gobierno.<\/p>\n<p>&nbsp;<\/p>\n<p>Circulaban a bordo de un veh\u00edculo Mitsubishi Galant, modelo 2003, color gris, con placas afiliadas, que presentaba irregularidades en las luces traseras, fueron abordados y descubrieron que llevaba en la cajuela a la v\u00edctima, a quien priv\u00f3 de la libertad con violencia en la colonia Industrial.<\/p>\n<p>&nbsp;<\/p>\n<p>Adem\u00e1s, le encontraron 22 envoltorios conteniendo narc\u00f3tico metanfetamina, droga conocida como \u201ccristal\u201d, que en total arrojaron un peso 4.21 gramos, equivalente a 105 dosis, por lo que fue asegurado y ya sentenciado a 9 a\u00f1os y 6 meses de prisi\u00f3n.<\/p>\n<p><strong>Fecha de Publicaci\u00f3n s\u00e1bado<\/strong><strong>\/26<\/strong><strong>\/marzo<\/strong><strong>\/2022\/Fuente Fiscal\u00eda <\/strong><\/p>\n<p>&nbsp;<\/p>\n<p>&nbsp;<\/p>\n<p>&nbsp;<\/p>\n","protected":false},"excerpt":{"rendered":"<p>CABORCA, SONORA,MX.\u25acAnte la captura en flagrancia y las pruebas aportadas ante el Juez, Jos\u00e9 Armando&#8230;<\/p>\n","protected":false},"author":1,"featured_media":135689,"comment_status":"open","ping_status":"open","sticky":false,"template":"","format":"standard","meta":{"_monsterinsights_skip_tracking":false,"_monsterinsights_sitenote_active":false,"_monsterinsights_sitenote_note":"","_monsterinsights_sitenote_category":0,"footnotes":""},"categories":[3144],"tags":[703,299,15],"class_list":["post"],"yoast_head":" \n<title>Sonora en Equipo. Cae secuestrador ingraganti en Caborca llevaba una persona en el maletero del auto Polic\u00edaca<\/title>\n<meta name=\"description\" content=\"CABORCA, SONORA,MX.\u25acAnte la captura en flagrancia y las pruebas aportadas ante el Juez, Jos\u00e9 Armando \u201cN.\u201d accedi\u00f3 al procedimiento abreviado y recibi\u00f3 En Sonora en Equipo publicamos toda la informaci\u00f3n de Sonora, M\u00e9xico y el Mundo de manera oportuna y busca que la libertad de expresi\u00f3n sea real. Visita nuestro medio informativo publicado desde Hermosillo, Sonora. %\" \/>\n<meta name=\"robots\" content=\"index, follow, max-snippet:-1, max-image-preview:large, max-video-preview:-1\" \/>\n<link rel=\"canonical\" href=\"https:\/\/www.sonoraenequipo.com.mx\/cae-secuestrador-ingraganti-en-caborca\/\" \/>\n<meta property=\"og:locale\" content=\"es_ES\" \/>\n<meta property=\"og:type\" content=\"article\" \/>\n<meta property=\"og:title\" content=\"Sonora en Equipo. Cae secuestrador ingraganti en Caborca llevaba una persona en el maletero del auto Polic\u00edaca\" \/>\n<meta property=\"og:description\" content=\"CABORCA, SONORA,MX.\u25acAnte la captura en flagrancia y las pruebas aportadas ante el Juez, Jos\u00e9 Armando \u201cN.\u201d accedi\u00f3 al procedimiento abreviado y recibi\u00f3 En Sonora en Equipo publicamos toda la informaci\u00f3n de Sonora, M\u00e9xico y el Mundo de manera oportuna y busca que la libertad de expresi\u00f3n sea real. Visita nuestro medio informativo publicado desde Hermosillo, Sonora. %\" \/>\n<meta property=\"og:url\" content=\"https:\/\/www.sonoraenequipo.com.mx\/cae-secuestrador-ingraganti-en-caborca\/\" \/>\n<meta property=\"og:site_name\" content=\"Sonora en Equipo.\" \/>\n<meta property=\"article:publisher\" content=\"https:\/\/www.facebook.com\/SonoraEE\/\" \/>\n<meta property=\"article:author\" content=\"https:\/\/www.facebook.com\/SonoraEE\" \/>\n<meta property=\"article:published_time\" content=\"2022-03-26T23:42:35+00:00\" \/>\n<meta property=\"article:modified_time\" content=\"2022-03-27T01:48:25+00:00\" \/>\n<meta property=\"og:image\" content=\"https:\/\/www.sonoraenequipo.com.mx\/storage\/2022\/03\/jose-n.jpg\" \/>\n\t<meta property=\"og:image:width\" content=\"700\" \/>\n\t<meta property=\"og:image:height\" content=\"400\" \/>\n\t<meta property=\"og:image:type\" content=\"image\/jpeg\" \/>\n<meta name=\"author\" content=\"enequipo\" \/>\n<meta name=\"twitter:card\" content=\"summary_large_image\" \/>\n<meta name=\"twitter:creator\" content=\"@sonoraenequipo\" \/>\n<meta name=\"twitter:site\" content=\"@sonoraenequipo\" \/>\n<meta name=\"twitter:label1\" content=\"Escrito por\" \/>\n\t<meta name=\"twitter:data1\" content=\"enequipo\" \/>\n\t<meta name=\"twitter:label2\" content=\"Tiempo de lectura\" \/>\n\t<meta name=\"twitter:data2\" content=\"2 minutos\" \/>\n<script type=\"application\/ld+json\" class=\"yoast-schema-graph\">{\"@context\":\"https:\/\/schema.org\",\"@graph\":[{\"@type\":\"Article\",\"@id\":\"https:\/\/www.sonoraenequipo.com.mx\/cae-secuestrador-ingraganti-en-caborca\/#article\",\"isPartOf\":{\"@id\":\"https:\/\/www.sonoraenequipo.com.mx\/cae-secuestrador-ingraganti-en-caborca\/\"},\"author\":{\"name\":\"enequipo\",\"@id\":\"https:\/\/www.sonoraenequipo.com.mx\/#\/schema\/person\/50102df0fb23a8fa9e8effad8fa81386\"},\"headline\":\"Cae secuestrador ingraganti en Caborca llevaba una persona en el maletero del auto\",\"datePublished\":\"2022-03-26T23:42:35+00:00\",\"dateModified\":\"2022-03-27T01:48:25+00:00\",\"mainEntityOfPage\":{\"@id\":\"https:\/\/www.sonoraenequipo.com.mx\/cae-secuestrador-ingraganti-en-caborca\/\"},\"wordCount\":301,\"commentCount\":0,\"publisher\":{\"@id\":\"https:\/\/www.sonoraenequipo.com.mx\/#organization\"},\"image\":{\"@id\":\"https:\/\/www.sonoraenequipo.com.mx\/cae-secuestrador-ingraganti-en-caborca\/#primaryimage\"},\"thumbnailUrl\":\"https:\/\/www.sonoraenequipo.com.mx\/storage\/2022\/03\/jose-n.jpg\",\"keywords\":[\"Caborca\",\"inseguridad\",\"Sonora\"],\"articleSection\":[\"Polic\u00edaca\"],\"inLanguage\":\"es\",\"potentialAction\":[{\"@type\":\"CommentAction\",\"name\":\"Comment\",\"target\":[\"https:\/\/www.sonoraenequipo.com.mx\/cae-secuestrador-ingraganti-en-caborca\/#respond\"]}]},{\"@type\":\"WebPage\",\"@id\":\"https:\/\/www.sonoraenequipo.com.mx\/cae-secuestrador-ingraganti-en-caborca\/\",\"url\":\"https:\/\/www.sonoraenequipo.com.mx\/cae-secuestrador-ingraganti-en-caborca\/\",\"name\":\"Sonora en Equipo. Cae secuestrador ingraganti en Caborca llevaba una persona en el maletero del auto Polic\u00edaca\",\"isPartOf\":{\"@id\":\"https:\/\/www.sonoraenequipo.com.mx\/#website\"},\"primaryImageOfPage\":{\"@id\":\"https:\/\/www.sonoraenequipo.com.mx\/cae-secuestrador-ingraganti-en-caborca\/#primaryimage\"},\"image\":{\"@id\":\"https:\/\/www.sonoraenequipo.com.mx\/cae-secuestrador-ingraganti-en-caborca\/#primaryimage\"},\"thumbnailUrl\":\"https:\/\/www.sonoraenequipo.com.mx\/storage\/2022\/03\/jose-n.jpg\",\"datePublished\":\"2022-03-26T23:42:35+00:00\",\"dateModified\":\"2022-03-27T01:48:25+00:00\",\"description\":\"CABORCA, SONORA,MX.\u25acAnte la captura en flagrancia y las pruebas aportadas ante el Juez, Jos\u00e9 Armando \u201cN.\u201d accedi\u00f3 al procedimiento abreviado y recibi\u00f3 En Sonora en Equipo publicamos toda la informaci\u00f3n de Sonora, M\u00e9xico y el Mundo de manera oportuna y busca que la libertad de expresi\u00f3n sea real. Visita nuestro medio informativo publicado desde Hermosillo, Sonora. %\",\"breadcrumb\":{\"@id\":\"https:\/\/www.sonoraenequipo.com.mx\/cae-secuestrador-ingraganti-en-caborca\/#breadcrumb\"},\"inLanguage\":\"es\",\"potentialAction\":[{\"@type\":\"ReadAction\",\"target\":[\"https:\/\/www.sonoraenequipo.com.mx\/cae-secuestrador-ingraganti-en-caborca\/\"]}]},{\"@type\":\"ImageObject\",\"inLanguage\":\"es\",\"@id\":\"https:\/\/www.sonoraenequipo.com.mx\/cae-secuestrador-ingraganti-en-caborca\/#primaryimage\",\"url\":\"https:\/\/www.sonoraenequipo.com.mx\/storage\/2022\/03\/jose-n.jpg\",\"contentUrl\":\"https:\/\/www.sonoraenequipo.com.mx\/storage\/2022\/03\/jose-n.jpg\",\"width\":700,\"height\":400},{\"@type\":\"BreadcrumbList\",\"@id\":\"https:\/\/www.sonoraenequipo.com.mx\/cae-secuestrador-ingraganti-en-caborca\/#breadcrumb\",\"itemListElement\":[{\"@type\":\"ListItem\",\"position\":1,\"name\":\"Portada\",\"item\":\"https:\/\/www.sonoraenequipo.com.mx\/\"},{\"@type\":\"ListItem\",\"position\":2,\"name\":\"Cae secuestrador ingraganti en Caborca llevaba una persona en el maletero del auto\"}]},{\"@type\":\"WebSite\",\"@id\":\"https:\/\/www.sonoraenequipo.com.mx\/#website\",\"url\":\"https:\/\/www.sonoraenequipo.com.mx\/\",\"name\":\"Sonora en Equipo.\",\"description\":\"Diario en l\u00ednea con Noticias desde Hermosillo, Sonora\",\"publisher\":{\"@id\":\"https:\/\/www.sonoraenequipo.com.mx\/#organization\"},\"potentialAction\":[{\"@type\":\"SearchAction\",\"target\":{\"@type\":\"EntryPoint\",\"urlTemplate\":\"https:\/\/www.sonoraenequipo.com.mx\/?s={search_term_string}\"},\"query-input\":{\"@type\":\"PropertyValueSpecification\",\"valueRequired\":true,\"valueName\":\"search_term_string\"}}],\"inLanguage\":\"es\"},{\"@type\":\"Organization\",\"@id\":\"https:\/\/www.sonoraenequipo.com.mx\/#organization\",\"name\":\"Sonoraenequipo.com.mx\",\"url\":\"https:\/\/www.sonoraenequipo.com.mx\/\",\"logo\":{\"@type\":\"ImageObject\",\"inLanguage\":\"es\",\"@id\":\"https:\/\/www.sonoraenequipo.com.mx\/#\/schema\/logo\/image\/\",\"url\":\"https:\/\/www.sonoraenequipo.com.mx\/storage\/2019\/01\/sonoraenequipo_opt.png\",\"contentUrl\":\"https:\/\/www.sonoraenequipo.com.mx\/storage\/2019\/01\/sonoraenequipo_opt.png\",\"width\":375,\"height\":125,\"caption\":\"Sonoraenequipo.com.mx\"},\"image\":{\"@id\":\"https:\/\/www.sonoraenequipo.com.mx\/#\/schema\/logo\/image\/\"},\"sameAs\":[\"https:\/\/www.facebook.com\/SonoraEE\/\",\"https:\/\/x.com\/sonoraenequipo\",\"https:\/\/www.youtube.com\/channel\/UC338nW-lPEYmJQs4ZABQ1SQ\"]},{\"@type\":\"Person\",\"@id\":\"https:\/\/www.sonoraenequipo.com.mx\/#\/schema\/person\/50102df0fb23a8fa9e8effad8fa81386\",\"name\":\"enequipo\",\"image\":{\"@type\":\"ImageObject\",\"inLanguage\":\"es\",\"@id\":\"https:\/\/www.sonoraenequipo.com.mx\/#\/schema\/person\/image\/\",\"url\":\"https:\/\/secure.gravatar.com\/avatar\/049821681b589dabc0bc20695993ccebb09f5b5d4d790cd9251b97faac7c652b?s=96&d=blank&r=g\",\"contentUrl\":\"https:\/\/secure.gravatar.com\/avatar\/049821681b589dabc0bc20695993ccebb09f5b5d4d790cd9251b97faac7c652b?s=96&d=blank&r=g\",\"caption\":\"enequipo\"},\"sameAs\":[\"https:\/\/www.facebook.com\/SonoraEE\"]}]}<\/script>\n ","yoast_head_json":{"title":"Sonora en Equipo. Cae secuestrador ingraganti en Caborca llevaba una persona en el maletero del auto Polic\u00edaca","description":"CABORCA, SONORA,MX.\u25acAnte la captura en flagrancia y las pruebas aportadas ante el Juez, Jos\u00e9 Armando \u201cN.\u201d accedi\u00f3 al procedimiento abreviado y recibi\u00f3 En Sonora en Equipo publicamos toda la informaci\u00f3n de Sonora, M\u00e9xico y el Mundo de manera oportuna y busca que la libertad de expresi\u00f3n sea real. Visita nuestro medio informativo publicado desde Hermosillo, Sonora. %","robots":{"index":"index","follow":"follow","max-snippet":"max-snippet:-1","max-image-preview":"max-image-preview:large","max-video-preview":"max-video-preview:-1"},"canonical":"https:\/\/www.sonoraenequipo.com.mx\/cae-secuestrador-ingraganti-en-caborca\/","og_locale":"es_ES","og_type":"article","og_title":"Sonora en Equipo. Cae secuestrador ingraganti en Caborca llevaba una persona en el maletero del auto Polic\u00edaca","og_description":"CABORCA, SONORA,MX.\u25acAnte la captura en flagrancia y las pruebas aportadas ante el Juez, Jos\u00e9 Armando \u201cN.\u201d accedi\u00f3 al procedimiento abreviado y recibi\u00f3 En Sonora en Equipo publicamos toda la informaci\u00f3n de Sonora, M\u00e9xico y el Mundo de manera oportuna y busca que la libertad de expresi\u00f3n sea real. Visita nuestro medio informativo publicado desde Hermosillo, Sonora. %","og_url":"https:\/\/www.sonoraenequipo.com.mx\/cae-secuestrador-ingraganti-en-caborca\/","og_site_name":"Sonora en Equipo.","article_publisher":"https:\/\/www.facebook.com\/SonoraEE\/","article_author":"https:\/\/www.facebook.com\/SonoraEE","article_published_time":"2022-03-26T23:42:35+00:00","article_modified_time":"2022-03-27T01:48:25+00:00","og_image":[{"width":700,"height":400,"url":"https:\/\/www.sonoraenequipo.com.mx\/storage\/2022\/03\/jose-n.jpg","type":"image\/jpeg"}],"author":"enequipo","twitter_card":"summary_large_image","twitter_creator":"@sonoraenequipo","twitter_site":"@sonoraenequipo","twitter_misc":{"Escrito por":"enequipo","Tiempo de lectura":"2 minutos"},"schema":{"@context":"https:\/\/schema.org","@graph":[{"@type":"Article","@id":"https:\/\/www.sonoraenequipo.com.mx\/cae-secuestrador-ingraganti-en-caborca\/#article","isPartOf":{"@id":"https:\/\/www.sonoraenequipo.com.mx\/cae-secuestrador-ingraganti-en-caborca\/"},"author":{"name":"enequipo","@id":"https:\/\/www.sonoraenequipo.com.mx\/#\/schema\/person\/50102df0fb23a8fa9e8effad8fa81386"},"headline":"Cae secuestrador ingraganti en Caborca llevaba una persona en el maletero del auto","datePublished":"2022-03-26T23:42:35+00:00","dateModified":"2022-03-27T01:48:25+00:00","mainEntityOfPage":{"@id":"https:\/\/www.sonoraenequipo.com.mx\/cae-secuestrador-ingraganti-en-caborca\/"},"wordCount":301,"commentCount":0,"publisher":{"@id":"https:\/\/www.sonoraenequipo.com.mx\/#organization"},"image":{"@id":"https:\/\/www.sonoraenequipo.com.mx\/cae-secuestrador-ingraganti-en-caborca\/#primaryimage"},"thumbnailUrl":"https:\/\/www.sonoraenequipo.com.mx\/storage\/2022\/03\/jose-n.jpg","keywords":["Caborca","inseguridad","Sonora"],"articleSection":["Polic\u00edaca"],"inLanguage":"es","potentialAction":[{"@type":"CommentAction","name":"Comment","target":["https:\/\/www.sonoraenequipo.com.mx\/cae-secuestrador-ingraganti-en-caborca\/#respond"]}]},{"@type":"WebPage","@id":"https:\/\/www.sonoraenequipo.com.mx\/cae-secuestrador-ingraganti-en-caborca\/","url":"https:\/\/www.sonoraenequipo.com.mx\/cae-secuestrador-ingraganti-en-caborca\/","name":"Sonora en Equipo. Cae secuestrador ingraganti en Caborca llevaba una persona en el maletero del auto Polic\u00edaca","isPartOf":{"@id":"https:\/\/www.sonoraenequipo.com.mx\/#website"},"primaryImageOfPage":{"@id":"https:\/\/www.sonoraenequipo.com.mx\/cae-secuestrador-ingraganti-en-caborca\/#primaryimage"},"image":{"@id":"https:\/\/www.sonoraenequipo.com.mx\/cae-secuestrador-ingraganti-en-caborca\/#primaryimage"},"thumbnailUrl":"https:\/\/www.sonoraenequipo.com.mx\/storage\/2022\/03\/jose-n.jpg","datePublished":"2022-03-26T23:42:35+00:00","dateModified":"2022-03-27T01:48:25+00:00","description":"CABORCA, SONORA,MX.\u25acAnte la captura en flagrancia y las pruebas aportadas ante el Juez, Jos\u00e9 Armando \u201cN.\u201d accedi\u00f3 al procedimiento abreviado y recibi\u00f3 En Sonora en Equipo publicamos toda la informaci\u00f3n de Sonora, M\u00e9xico y el Mundo de manera oportuna y busca que la libertad de expresi\u00f3n sea real. Visita nuestro medio informativo publicado desde Hermosillo, Sonora. %","breadcrumb":{"@id":"https:\/\/www.sonoraenequipo.com.mx\/cae-secuestrador-ingraganti-en-caborca\/#breadcrumb"},"inLanguage":"es","potentialAction":[{"@type":"ReadAction","target":["https:\/\/www.sonoraenequipo.com.mx\/cae-secuestrador-ingraganti-en-caborca\/"]}]},{"@type":"ImageObject","inLanguage":"es","@id":"https:\/\/www.sonoraenequipo.com.mx\/cae-secuestrador-ingraganti-en-caborca\/#primaryimage","url":"https:\/\/www.sonoraenequipo.com.mx\/storage\/2022\/03\/jose-n.jpg","contentUrl":"https:\/\/www.sonoraenequipo.com.mx\/storage\/2022\/03\/jose-n.jpg","width":700,"height":400},{"@type":"BreadcrumbList","@id":"https:\/\/www.sonoraenequipo.com.mx\/cae-secuestrador-ingraganti-en-caborca\/#breadcrumb","itemListElement":[{"@type":"ListItem","position":1,"name":"Portada","item":"https:\/\/www.sonoraenequipo.com.mx\/"},{"@type":"ListItem","position":2,"name":"Cae secuestrador ingraganti en Caborca llevaba una persona en el maletero del auto"}]},{"@type":"WebSite","@id":"https:\/\/www.sonoraenequipo.com.mx\/#website","url":"https:\/\/www.sonoraenequipo.com.mx\/","name":"Sonora en Equipo.","description":"Diario en l\u00ednea con Noticias desde Hermosillo, Sonora","publisher":{"@id":"https:\/\/www.sonoraenequipo.com.mx\/#organization"},"potentialAction":[{"@type":"SearchAction","target":{"@type":"EntryPoint","urlTemplate":"https:\/\/www.sonoraenequipo.com.mx\/?s={search_term_string}"},"query-input":{"@type":"PropertyValueSpecification","valueRequired":true,"valueName":"search_term_string"}}],"inLanguage":"es"},{"@type":"Organization","@id":"https:\/\/www.sonoraenequipo.com.mx\/#organization","name":"Sonoraenequipo.com.mx","url":"https:\/\/www.sonoraenequipo.com.mx\/","logo":{"@type":"ImageObject","inLanguage":"es","@id":"https:\/\/www.sonoraenequipo.com.mx\/#\/schema\/logo\/image\/","url":"https:\/\/www.sonoraenequipo.com.mx\/storage\/2019\/01\/sonoraenequipo_opt.png","contentUrl":"https:\/\/www.sonoraenequipo.com.mx\/storage\/2019\/01\/sonoraenequipo_opt.png","width":375,"height":125,"caption":"Sonoraenequipo.com.mx"},"image":{"@id":"https:\/\/www.sonoraenequipo.com.mx\/#\/schema\/logo\/image\/"},"sameAs":["https:\/\/www.facebook.com\/SonoraEE\/","https:\/\/x.com\/sonoraenequipo","https:\/\/www.youtube.com\/channel\/UC338nW-lPEYmJQs4ZABQ1SQ"]},{"@type":"Person","@id":"https:\/\/www.sonoraenequipo.com.mx\/#\/schema\/person\/50102df0fb23a8fa9e8effad8fa81386","name":"enequipo","image":{"@type":"ImageObject","inLanguage":"es","@id":"https:\/\/www.sonoraenequipo.com.mx\/#\/schema\/person\/image\/","url":"https:\/\/secure.gravatar.com\/avatar\/049821681b589dabc0bc20695993ccebb09f5b5d4d790cd9251b97faac7c652b?s=96&d=blank&r=g","contentUrl":"https:\/\/secure.gravatar.com\/avatar\/049821681b589dabc0bc20695993ccebb09f5b5d4d790cd9251b97faac7c652b?s=96&d=blank&r=g","caption":"enequipo"},"sameAs":["https:\/\/www.facebook.com\/SonoraEE"]}]}},"jetpack_featured_media_url":"https:\/\/www.sonoraenequipo.com.mx\/storage\/2022\/03\/jose-n.jpg","_links":{"self":[{"href":"https:\/\/www.sonoraenequipo.com.mx\/api\/wp\/v2\/posts\/135688","targetHints":{"allow":["GET"]}}],"collection":[{"href":"https:\/\/www.sonoraenequipo.com.mx\/api\/wp\/v2\/posts"}],"about":[{"href":"https:\/\/www.sonoraenequipo.com.mx\/api\/wp\/v2\/types\/post"}],"author":[{"embeddable":true,"href":"https:\/\/www.sonoraenequipo.com.mx\/api\/wp\/v2\/users\/1"}],"replies":[{"embeddable":true,"href":"https:\/\/www.sonoraenequipo.com.mx\/api\/wp\/v2\/comments?post=135688"}],"version-history":[{"count":1,"href":"https:\/\/www.sonoraenequipo.com.mx\/api\/wp\/v2\/posts\/135688\/revisions"}],"predecessor-version":[{"id":135690,"href":"https:\/\/www.sonoraenequipo.com.mx\/api\/wp\/v2\/posts\/135688\/revisions\/135690"}],"wp:featuredmedia":[{"embeddable":true,"href":"https:\/\/www.sonoraenequipo.com.mx\/api\/wp\/v2\/media\/135689"}],"wp:attachment":[{"href":"https:\/\/www.sonoraenequipo.com.mx\/api\/wp\/v2\/media?parent=135688"}],"wp:term":[{"taxonomy":"category","embeddable":true,"href":"https:\/\/www.sonoraenequipo.com.mx\/api\/wp\/v2\/categories?post=135688"},{"taxonomy":"post_tag","embeddable":true,"href":"https:\/\/www.sonoraenequipo.com.mx\/api\/wp\/v2\/tags?post=135688"}],"curies":[{"name":"wp","href":"https:\/\/api.w.org\/{rel}","templated":true}]}}