{"id":135694,"date":"2022-03-26T18:18:01","date_gmt":"2022-03-27T01:18:01","guid":{"rendered":"https:\/\/www.sonoraenequipo.com.mx\/?p=135694"},"modified":"2022-03-26T18:46:10","modified_gmt":"2022-03-27T01:46:10","slug":"cajeme-el-acceso-a-obras-con-amplio-sentido-social","status":"publish","type":"post","link":"https:\/\/www.sonoraenequipo.com.mx\/cajeme-el-acceso-a-obras-con-amplio-sentido-social\/","title":{"rendered":"Formalizan en Cajeme el acceso a obras con amplio sentido social"},"content":{"rendered":"<ul>\n<li>Con la toma de protesta de la Junta de Participaci\u00f3n Social se reafirma el desarrollo comunitario para el municipio<\/li>\n<\/ul>\n<p>&nbsp;<\/p>\n<p>CAJEME.SONORA,MX.\u25ac \u00a0Con la finalidad de fortalecer el progreso del municipio y dar respuesta a las necesidades de obra p\u00fablica con car\u00e1cter inminentemente social, as\u00ed como generar condiciones de igualdad que incidan en abatir rezagos en las diferentes colonias y comunidades, la Directora General de Organizaci\u00f3n Social de CECOP, Karen Luc\u00eda Valles Sampedro y el Alcalde Javier Lamarque Cano participaron en la instalaci\u00f3n y toma de protesta de las y los integrantes de la Junta de Participaci\u00f3n Social para el Desarrollo de Cajeme.<\/p>\n<p>&nbsp;<\/p>\n<p>\u00abEste acto de instalaci\u00f3n de la Junta de Participaci\u00f3n Social para el desarrollo del municipio de Cajeme, como \u00f3rgano ciudadano de apoyo del CECOP, responde al prop\u00f3sito de sumar la voluntad y la capacidad de los ciudadanos en este camino de progreso y bienestar; quienes integran esta junta contribuir\u00e1n a dar prioridad a la programaci\u00f3n de la obra p\u00fablica, a partir de las propuestas de los comit\u00e9s ciudadanos\u00bb, manifest\u00f3 el Alcalde Javier Lamarque Cano, al abrir los trabajos de este evento.<\/p>\n<p>&nbsp;<\/p>\n<p>Agreg\u00f3 que la participaci\u00f3n social organizada de los ciudadanos, es una fuerza de gesti\u00f3n positiva y creativa, que trabaja de la mano con el gobierno estatal y municipal para lograr objetivos y metas que tengan impacto en mejorar el entorno en el que viven y satisfacer los servicios p\u00fablicos en los diferentes sectores del municipio.<\/p>\n<p>&nbsp;<\/p>\n<p>Record\u00f3 que esta suma de esfuerzos para contar con mejores condiciones de vida, implica una inversi\u00f3n tripartita en las obras a realizar, por una parte, el Estado, a trav\u00e9s del Consejo Estatal de Concertaci\u00f3n para la Obra P\u00fablica, aporta el 70 por ciento, el municipio un 15 por ciento y 15 por ciento restante es cubierto por los beneficiados.<\/p>\n<p>&nbsp;<\/p>\n<p>Previo a la toma de protesta, la Directora General de Organizaci\u00f3n Social de CECOP, Karen Luc\u00eda Valles Sampedro invit\u00f3 al Alcalde para que se conformen los Comit\u00e9s de Participaci\u00f3n Social y que, en representaci\u00f3n de la comunidad, sean quienes decidan el tipo de obra a ejecutar y a la vez se conviertan en vigilantes de la aplicaci\u00f3n eficiente y transparente de los recursos p\u00fablicos.<\/p>\n<p>&nbsp;<\/p>\n<p>\u00abEs muy importante recalcarlo, porque son obras que demanda la ciudadan\u00eda y todas son de amplio sentido social, tales como las que son destinadas a escuelas, plazas p\u00fablicas, iglesias e instituciones no lucrativas, por lo que es de suma importancia que no se diluya el recurso\u201d, expres\u00f3 Valles Sampedro.<\/p>\n<p>&nbsp;<\/p>\n<p>Se\u00f1al\u00f3 que la conformaci\u00f3n de esta Junta de Participaci\u00f3n Social es muy importante, pues junto con los Comit\u00e9s de Participaci\u00f3n Social que se constituyan en los diferentes sectores, presentar\u00e1n las propuestas de las obras que se podr\u00edan llevar a cabo con m\u00e1s de 7 millones de pesos del programa PISO, durante este 2022.<\/p>\n<p><strong>Fecha de Publicaci\u00f3n s\u00e1bado<\/strong><strong>\/26<\/strong><strong>\/marzo<\/strong><strong>\/2022<\/strong><\/p>\n","protected":false},"excerpt":{"rendered":"<p>Con la toma de protesta de la Junta de Participaci\u00f3n Social se reafirma el desarrollo&#8230;<\/p>\n","protected":false},"author":4,"featured_media":135695,"comment_status":"open","ping_status":"open","sticky":false,"template":"","format":"standard","meta":{"_monsterinsights_skip_tracking":false,"_monsterinsights_sitenote_active":false,"_monsterinsights_sitenote_note":"","_monsterinsights_sitenote_category":0,"footnotes":""},"categories":[4],"tags":[476,6945,2300,6944,6839],"class_list":["post"],"yoast_head":" \n<title>Sonora en Equipo. Formalizan en Cajeme el acceso a obras con amplio sentido social Municipios<\/title>\n<meta name=\"description\" content=\"Con la toma de protesta de la Junta de Participaci\u00f3n Social se reafirma el desarrollo comunitario para el municipio &nbsp; CAJEME.SONORA,MX.\u25ac \u00a0Con la En Sonora en Equipo publicamos toda la informaci\u00f3n de Sonora, M\u00e9xico y el Mundo de manera oportuna y busca que la libertad de expresi\u00f3n sea real. Visita nuestro medio informativo publicado desde Hermosillo, Sonora. %\" \/>\n<meta name=\"robots\" content=\"index, follow, max-snippet:-1, max-image-preview:large, max-video-preview:-1\" \/>\n<link rel=\"canonical\" href=\"https:\/\/www.sonoraenequipo.com.mx\/cajeme-el-acceso-a-obras-con-amplio-sentido-social\/\" \/>\n<meta property=\"og:locale\" content=\"es_ES\" \/>\n<meta property=\"og:type\" content=\"article\" \/>\n<meta property=\"og:title\" content=\"Sonora en Equipo. Formalizan en Cajeme el acceso a obras con amplio sentido social Municipios\" \/>\n<meta property=\"og:description\" content=\"Con la toma de protesta de la Junta de Participaci\u00f3n Social se reafirma el desarrollo comunitario para el municipio &nbsp; CAJEME.SONORA,MX.\u25ac \u00a0Con la En Sonora en Equipo publicamos toda la informaci\u00f3n de Sonora, M\u00e9xico y el Mundo de manera oportuna y busca que la libertad de expresi\u00f3n sea real. Visita nuestro medio informativo publicado desde Hermosillo, Sonora. %\" \/>\n<meta property=\"og:url\" content=\"https:\/\/www.sonoraenequipo.com.mx\/cajeme-el-acceso-a-obras-con-amplio-sentido-social\/\" \/>\n<meta property=\"og:site_name\" content=\"Sonora en Equipo.\" \/>\n<meta property=\"article:publisher\" content=\"https:\/\/www.facebook.com\/SonoraEE\/\" \/>\n<meta property=\"article:published_time\" content=\"2022-03-27T01:18:01+00:00\" \/>\n<meta property=\"article:modified_time\" content=\"2022-03-27T01:46:10+00:00\" \/>\n<meta property=\"og:image\" content=\"https:\/\/www.sonoraenequipo.com.mx\/storage\/2022\/03\/pasos-cajeme.jpg\" \/>\n\t<meta property=\"og:image:width\" content=\"700\" \/>\n\t<meta property=\"og:image:height\" content=\"400\" \/>\n\t<meta property=\"og:image:type\" content=\"image\/jpeg\" \/>\n<meta name=\"author\" content=\"Redacci\u00f3n\" \/>\n<meta name=\"twitter:card\" content=\"summary_large_image\" \/>\n<meta name=\"twitter:creator\" content=\"@sonoraenequipo\" \/>\n<meta name=\"twitter:site\" content=\"@sonoraenequipo\" \/>\n<meta name=\"twitter:label1\" content=\"Escrito por\" \/>\n\t<meta name=\"twitter:data1\" content=\"Redacci\u00f3n\" \/>\n\t<meta name=\"twitter:label2\" content=\"Tiempo de lectura\" \/>\n\t<meta name=\"twitter:data2\" content=\"3 minutos\" \/>\n<script type=\"application\/ld+json\" class=\"yoast-schema-graph\">{\"@context\":\"https:\/\/schema.org\",\"@graph\":[{\"@type\":\"Article\",\"@id\":\"https:\/\/www.sonoraenequipo.com.mx\/cajeme-el-acceso-a-obras-con-amplio-sentido-social\/#article\",\"isPartOf\":{\"@id\":\"https:\/\/www.sonoraenequipo.com.mx\/cajeme-el-acceso-a-obras-con-amplio-sentido-social\/\"},\"author\":{\"name\":\"Redacci\u00f3n\",\"@id\":\"https:\/\/www.sonoraenequipo.com.mx\/#\/schema\/person\/3e506c30006ba6091952ed27b4accc26\"},\"headline\":\"Formalizan en Cajeme el acceso a obras con amplio sentido social\",\"datePublished\":\"2022-03-27T01:18:01+00:00\",\"dateModified\":\"2022-03-27T01:46:10+00:00\",\"mainEntityOfPage\":{\"@id\":\"https:\/\/www.sonoraenequipo.com.mx\/cajeme-el-acceso-a-obras-con-amplio-sentido-social\/\"},\"wordCount\":522,\"commentCount\":0,\"publisher\":{\"@id\":\"https:\/\/www.sonoraenequipo.com.mx\/#organization\"},\"image\":{\"@id\":\"https:\/\/www.sonoraenequipo.com.mx\/cajeme-el-acceso-a-obras-con-amplio-sentido-social\/#primaryimage\"},\"thumbnailUrl\":\"https:\/\/www.sonoraenequipo.com.mx\/storage\/2022\/03\/pasos-cajeme.jpg\",\"keywords\":[\"Cajeme\",\"karen valles\",\"obras\",\"sentido\",\"social\"],\"articleSection\":[\"Municipios\"],\"inLanguage\":\"es\",\"potentialAction\":[{\"@type\":\"CommentAction\",\"name\":\"Comment\",\"target\":[\"https:\/\/www.sonoraenequipo.com.mx\/cajeme-el-acceso-a-obras-con-amplio-sentido-social\/#respond\"]}]},{\"@type\":\"WebPage\",\"@id\":\"https:\/\/www.sonoraenequipo.com.mx\/cajeme-el-acceso-a-obras-con-amplio-sentido-social\/\",\"url\":\"https:\/\/www.sonoraenequipo.com.mx\/cajeme-el-acceso-a-obras-con-amplio-sentido-social\/\",\"name\":\"Sonora en Equipo. Formalizan en Cajeme el acceso a obras con amplio sentido social Municipios\",\"isPartOf\":{\"@id\":\"https:\/\/www.sonoraenequipo.com.mx\/#website\"},\"primaryImageOfPage\":{\"@id\":\"https:\/\/www.sonoraenequipo.com.mx\/cajeme-el-acceso-a-obras-con-amplio-sentido-social\/#primaryimage\"},\"image\":{\"@id\":\"https:\/\/www.sonoraenequipo.com.mx\/cajeme-el-acceso-a-obras-con-amplio-sentido-social\/#primaryimage\"},\"thumbnailUrl\":\"https:\/\/www.sonoraenequipo.com.mx\/storage\/2022\/03\/pasos-cajeme.jpg\",\"datePublished\":\"2022-03-27T01:18:01+00:00\",\"dateModified\":\"2022-03-27T01:46:10+00:00\",\"description\":\"Con la toma de protesta de la Junta de Participaci\u00f3n Social se reafirma el desarrollo comunitario para el municipio &nbsp; CAJEME.SONORA,MX.\u25ac \u00a0Con la En Sonora en Equipo publicamos toda la informaci\u00f3n de Sonora, M\u00e9xico y el Mundo de manera oportuna y busca que la libertad de expresi\u00f3n sea real. Visita nuestro medio informativo publicado desde Hermosillo, Sonora. %\",\"breadcrumb\":{\"@id\":\"https:\/\/www.sonoraenequipo.com.mx\/cajeme-el-acceso-a-obras-con-amplio-sentido-social\/#breadcrumb\"},\"inLanguage\":\"es\",\"potentialAction\":[{\"@type\":\"ReadAction\",\"target\":[\"https:\/\/www.sonoraenequipo.com.mx\/cajeme-el-acceso-a-obras-con-amplio-sentido-social\/\"]}]},{\"@type\":\"ImageObject\",\"inLanguage\":\"es\",\"@id\":\"https:\/\/www.sonoraenequipo.com.mx\/cajeme-el-acceso-a-obras-con-amplio-sentido-social\/#primaryimage\",\"url\":\"https:\/\/www.sonoraenequipo.com.mx\/storage\/2022\/03\/pasos-cajeme.jpg\",\"contentUrl\":\"https:\/\/www.sonoraenequipo.com.mx\/storage\/2022\/03\/pasos-cajeme.jpg\",\"width\":700,\"height\":400},{\"@type\":\"BreadcrumbList\",\"@id\":\"https:\/\/www.sonoraenequipo.com.mx\/cajeme-el-acceso-a-obras-con-amplio-sentido-social\/#breadcrumb\",\"itemListElement\":[{\"@type\":\"ListItem\",\"position\":1,\"name\":\"Portada\",\"item\":\"https:\/\/www.sonoraenequipo.com.mx\/\"},{\"@type\":\"ListItem\",\"position\":2,\"name\":\"Formalizan en Cajeme el acceso a obras con amplio sentido social\"}]},{\"@type\":\"WebSite\",\"@id\":\"https:\/\/www.sonoraenequipo.com.mx\/#website\",\"url\":\"https:\/\/www.sonoraenequipo.com.mx\/\",\"name\":\"Sonora en Equipo.\",\"description\":\"Diario en l\u00ednea con Noticias desde Hermosillo, Sonora\",\"publisher\":{\"@id\":\"https:\/\/www.sonoraenequipo.com.mx\/#organization\"},\"potentialAction\":[{\"@type\":\"SearchAction\",\"target\":{\"@type\":\"EntryPoint\",\"urlTemplate\":\"https:\/\/www.sonoraenequipo.com.mx\/?s={search_term_string}\"},\"query-input\":{\"@type\":\"PropertyValueSpecification\",\"valueRequired\":true,\"valueName\":\"search_term_string\"}}],\"inLanguage\":\"es\"},{\"@type\":\"Organization\",\"@id\":\"https:\/\/www.sonoraenequipo.com.mx\/#organization\",\"name\":\"Sonoraenequipo.com.mx\",\"url\":\"https:\/\/www.sonoraenequipo.com.mx\/\",\"logo\":{\"@type\":\"ImageObject\",\"inLanguage\":\"es\",\"@id\":\"https:\/\/www.sonoraenequipo.com.mx\/#\/schema\/logo\/image\/\",\"url\":\"https:\/\/www.sonoraenequipo.com.mx\/storage\/2019\/01\/sonoraenequipo_opt.png\",\"contentUrl\":\"https:\/\/www.sonoraenequipo.com.mx\/storage\/2019\/01\/sonoraenequipo_opt.png\",\"width\":375,\"height\":125,\"caption\":\"Sonoraenequipo.com.mx\"},\"image\":{\"@id\":\"https:\/\/www.sonoraenequipo.com.mx\/#\/schema\/logo\/image\/\"},\"sameAs\":[\"https:\/\/www.facebook.com\/SonoraEE\/\",\"https:\/\/x.com\/sonoraenequipo\",\"https:\/\/www.youtube.com\/channel\/UC338nW-lPEYmJQs4ZABQ1SQ\"]},{\"@type\":\"Person\",\"@id\":\"https:\/\/www.sonoraenequipo.com.mx\/#\/schema\/person\/3e506c30006ba6091952ed27b4accc26\",\"name\":\"Redacci\u00f3n\",\"image\":{\"@type\":\"ImageObject\",\"inLanguage\":\"es\",\"@id\":\"https:\/\/www.sonoraenequipo.com.mx\/#\/schema\/person\/image\/\",\"url\":\"https:\/\/secure.gravatar.com\/avatar\/9e8091cd4065893f14e161ece1f64c54b09b76c20d7d73609bb6e3387d3bdb75?s=96&d=blank&r=g\",\"contentUrl\":\"https:\/\/secure.gravatar.com\/avatar\/9e8091cd4065893f14e161ece1f64c54b09b76c20d7d73609bb6e3387d3bdb75?s=96&d=blank&r=g\",\"caption\":\"Redacci\u00f3n\"},\"sameAs\":[\"http:\/\/www.sonoraenequipo.com\"]}]}<\/script>\n ","yoast_head_json":{"title":"Sonora en Equipo. Formalizan en Cajeme el acceso a obras con amplio sentido social Municipios","description":"Con la toma de protesta de la Junta de Participaci\u00f3n Social se reafirma el desarrollo comunitario para el municipio &nbsp; CAJEME.SONORA,MX.\u25ac \u00a0Con la En Sonora en Equipo publicamos toda la informaci\u00f3n de Sonora, M\u00e9xico y el Mundo de manera oportuna y busca que la libertad de expresi\u00f3n sea real. Visita nuestro medio informativo publicado desde Hermosillo, Sonora. %","robots":{"index":"index","follow":"follow","max-snippet":"max-snippet:-1","max-image-preview":"max-image-preview:large","max-video-preview":"max-video-preview:-1"},"canonical":"https:\/\/www.sonoraenequipo.com.mx\/cajeme-el-acceso-a-obras-con-amplio-sentido-social\/","og_locale":"es_ES","og_type":"article","og_title":"Sonora en Equipo. Formalizan en Cajeme el acceso a obras con amplio sentido social Municipios","og_description":"Con la toma de protesta de la Junta de Participaci\u00f3n Social se reafirma el desarrollo comunitario para el municipio &nbsp; CAJEME.SONORA,MX.\u25ac \u00a0Con la En Sonora en Equipo publicamos toda la informaci\u00f3n de Sonora, M\u00e9xico y el Mundo de manera oportuna y busca que la libertad de expresi\u00f3n sea real. Visita nuestro medio informativo publicado desde Hermosillo, Sonora. %","og_url":"https:\/\/www.sonoraenequipo.com.mx\/cajeme-el-acceso-a-obras-con-amplio-sentido-social\/","og_site_name":"Sonora en Equipo.","article_publisher":"https:\/\/www.facebook.com\/SonoraEE\/","article_published_time":"2022-03-27T01:18:01+00:00","article_modified_time":"2022-03-27T01:46:10+00:00","og_image":[{"width":700,"height":400,"url":"https:\/\/www.sonoraenequipo.com.mx\/storage\/2022\/03\/pasos-cajeme.jpg","type":"image\/jpeg"}],"author":"Redacci\u00f3n","twitter_card":"summary_large_image","twitter_creator":"@sonoraenequipo","twitter_site":"@sonoraenequipo","twitter_misc":{"Escrito por":"Redacci\u00f3n","Tiempo de lectura":"3 minutos"},"schema":{"@context":"https:\/\/schema.org","@graph":[{"@type":"Article","@id":"https:\/\/www.sonoraenequipo.com.mx\/cajeme-el-acceso-a-obras-con-amplio-sentido-social\/#article","isPartOf":{"@id":"https:\/\/www.sonoraenequipo.com.mx\/cajeme-el-acceso-a-obras-con-amplio-sentido-social\/"},"author":{"name":"Redacci\u00f3n","@id":"https:\/\/www.sonoraenequipo.com.mx\/#\/schema\/person\/3e506c30006ba6091952ed27b4accc26"},"headline":"Formalizan en Cajeme el acceso a obras con amplio sentido social","datePublished":"2022-03-27T01:18:01+00:00","dateModified":"2022-03-27T01:46:10+00:00","mainEntityOfPage":{"@id":"https:\/\/www.sonoraenequipo.com.mx\/cajeme-el-acceso-a-obras-con-amplio-sentido-social\/"},"wordCount":522,"commentCount":0,"publisher":{"@id":"https:\/\/www.sonoraenequipo.com.mx\/#organization"},"image":{"@id":"https:\/\/www.sonoraenequipo.com.mx\/cajeme-el-acceso-a-obras-con-amplio-sentido-social\/#primaryimage"},"thumbnailUrl":"https:\/\/www.sonoraenequipo.com.mx\/storage\/2022\/03\/pasos-cajeme.jpg","keywords":["Cajeme","karen valles","obras","sentido","social"],"articleSection":["Municipios"],"inLanguage":"es","potentialAction":[{"@type":"CommentAction","name":"Comment","target":["https:\/\/www.sonoraenequipo.com.mx\/cajeme-el-acceso-a-obras-con-amplio-sentido-social\/#respond"]}]},{"@type":"WebPage","@id":"https:\/\/www.sonoraenequipo.com.mx\/cajeme-el-acceso-a-obras-con-amplio-sentido-social\/","url":"https:\/\/www.sonoraenequipo.com.mx\/cajeme-el-acceso-a-obras-con-amplio-sentido-social\/","name":"Sonora en Equipo. Formalizan en Cajeme el acceso a obras con amplio sentido social Municipios","isPartOf":{"@id":"https:\/\/www.sonoraenequipo.com.mx\/#website"},"primaryImageOfPage":{"@id":"https:\/\/www.sonoraenequipo.com.mx\/cajeme-el-acceso-a-obras-con-amplio-sentido-social\/#primaryimage"},"image":{"@id":"https:\/\/www.sonoraenequipo.com.mx\/cajeme-el-acceso-a-obras-con-amplio-sentido-social\/#primaryimage"},"thumbnailUrl":"https:\/\/www.sonoraenequipo.com.mx\/storage\/2022\/03\/pasos-cajeme.jpg","datePublished":"2022-03-27T01:18:01+00:00","dateModified":"2022-03-27T01:46:10+00:00","description":"Con la toma de protesta de la Junta de Participaci\u00f3n Social se reafirma el desarrollo comunitario para el municipio &nbsp; CAJEME.SONORA,MX.\u25ac \u00a0Con la En Sonora en Equipo publicamos toda la informaci\u00f3n de Sonora, M\u00e9xico y el Mundo de manera oportuna y busca que la libertad de expresi\u00f3n sea real. Visita nuestro medio informativo publicado desde Hermosillo, Sonora. %","breadcrumb":{"@id":"https:\/\/www.sonoraenequipo.com.mx\/cajeme-el-acceso-a-obras-con-amplio-sentido-social\/#breadcrumb"},"inLanguage":"es","potentialAction":[{"@type":"ReadAction","target":["https:\/\/www.sonoraenequipo.com.mx\/cajeme-el-acceso-a-obras-con-amplio-sentido-social\/"]}]},{"@type":"ImageObject","inLanguage":"es","@id":"https:\/\/www.sonoraenequipo.com.mx\/cajeme-el-acceso-a-obras-con-amplio-sentido-social\/#primaryimage","url":"https:\/\/www.sonoraenequipo.com.mx\/storage\/2022\/03\/pasos-cajeme.jpg","contentUrl":"https:\/\/www.sonoraenequipo.com.mx\/storage\/2022\/03\/pasos-cajeme.jpg","width":700,"height":400},{"@type":"BreadcrumbList","@id":"https:\/\/www.sonoraenequipo.com.mx\/cajeme-el-acceso-a-obras-con-amplio-sentido-social\/#breadcrumb","itemListElement":[{"@type":"ListItem","position":1,"name":"Portada","item":"https:\/\/www.sonoraenequipo.com.mx\/"},{"@type":"ListItem","position":2,"name":"Formalizan en Cajeme el acceso a obras con amplio sentido social"}]},{"@type":"WebSite","@id":"https:\/\/www.sonoraenequipo.com.mx\/#website","url":"https:\/\/www.sonoraenequipo.com.mx\/","name":"Sonora en Equipo.","description":"Diario en l\u00ednea con Noticias desde Hermosillo, Sonora","publisher":{"@id":"https:\/\/www.sonoraenequipo.com.mx\/#organization"},"potentialAction":[{"@type":"SearchAction","target":{"@type":"EntryPoint","urlTemplate":"https:\/\/www.sonoraenequipo.com.mx\/?s={search_term_string}"},"query-input":{"@type":"PropertyValueSpecification","valueRequired":true,"valueName":"search_term_string"}}],"inLanguage":"es"},{"@type":"Organization","@id":"https:\/\/www.sonoraenequipo.com.mx\/#organization","name":"Sonoraenequipo.com.mx","url":"https:\/\/www.sonoraenequipo.com.mx\/","logo":{"@type":"ImageObject","inLanguage":"es","@id":"https:\/\/www.sonoraenequipo.com.mx\/#\/schema\/logo\/image\/","url":"https:\/\/www.sonoraenequipo.com.mx\/storage\/2019\/01\/sonoraenequipo_opt.png","contentUrl":"https:\/\/www.sonoraenequipo.com.mx\/storage\/2019\/01\/sonoraenequipo_opt.png","width":375,"height":125,"caption":"Sonoraenequipo.com.mx"},"image":{"@id":"https:\/\/www.sonoraenequipo.com.mx\/#\/schema\/logo\/image\/"},"sameAs":["https:\/\/www.facebook.com\/SonoraEE\/","https:\/\/x.com\/sonoraenequipo","https:\/\/www.youtube.com\/channel\/UC338nW-lPEYmJQs4ZABQ1SQ"]},{"@type":"Person","@id":"https:\/\/www.sonoraenequipo.com.mx\/#\/schema\/person\/3e506c30006ba6091952ed27b4accc26","name":"Redacci\u00f3n","image":{"@type":"ImageObject","inLanguage":"es","@id":"https:\/\/www.sonoraenequipo.com.mx\/#\/schema\/person\/image\/","url":"https:\/\/secure.gravatar.com\/avatar\/9e8091cd4065893f14e161ece1f64c54b09b76c20d7d73609bb6e3387d3bdb75?s=96&d=blank&r=g","contentUrl":"https:\/\/secure.gravatar.com\/avatar\/9e8091cd4065893f14e161ece1f64c54b09b76c20d7d73609bb6e3387d3bdb75?s=96&d=blank&r=g","caption":"Redacci\u00f3n"},"sameAs":["http:\/\/www.sonoraenequipo.com"]}]}},"jetpack_featured_media_url":"https:\/\/www.sonoraenequipo.com.mx\/storage\/2022\/03\/pasos-cajeme.jpg","_links":{"self":[{"href":"https:\/\/www.sonoraenequipo.com.mx\/api\/wp\/v2\/posts\/135694","targetHints":{"allow":["GET"]}}],"collection":[{"href":"https:\/\/www.sonoraenequipo.com.mx\/api\/wp\/v2\/posts"}],"about":[{"href":"https:\/\/www.sonoraenequipo.com.mx\/api\/wp\/v2\/types\/post"}],"author":[{"embeddable":true,"href":"https:\/\/www.sonoraenequipo.com.mx\/api\/wp\/v2\/users\/4"}],"replies":[{"embeddable":true,"href":"https:\/\/www.sonoraenequipo.com.mx\/api\/wp\/v2\/comments?post=135694"}],"version-history":[{"count":1,"href":"https:\/\/www.sonoraenequipo.com.mx\/api\/wp\/v2\/posts\/135694\/revisions"}],"predecessor-version":[{"id":135696,"href":"https:\/\/www.sonoraenequipo.com.mx\/api\/wp\/v2\/posts\/135694\/revisions\/135696"}],"wp:featuredmedia":[{"embeddable":true,"href":"https:\/\/www.sonoraenequipo.com.mx\/api\/wp\/v2\/media\/135695"}],"wp:attachment":[{"href":"https:\/\/www.sonoraenequipo.com.mx\/api\/wp\/v2\/media?parent=135694"}],"wp:term":[{"taxonomy":"category","embeddable":true,"href":"https:\/\/www.sonoraenequipo.com.mx\/api\/wp\/v2\/categories?post=135694"},{"taxonomy":"post_tag","embeddable":true,"href":"https:\/\/www.sonoraenequipo.com.mx\/api\/wp\/v2\/tags?post=135694"}],"curies":[{"name":"wp","href":"https:\/\/api.w.org\/{rel}","templated":true}]}}