{"id":1357,"date":"2015-12-09T00:43:23","date_gmt":"2015-12-09T00:43:23","guid":{"rendered":"http:\/\/www.sonoraenequipo.com.mx\/?p=1357"},"modified":"2015-12-10T13:32:05","modified_gmt":"2015-12-10T13:32:05","slug":"1357","status":"publish","type":"post","link":"https:\/\/www.sonoraenequipo.com.mx\/1357\/","title":{"rendered":"Ford de M\u00e9xico celebr\u00f3 la producci\u00f3n de la unidad 5 millones en su Planta de Hermosillo"},"content":{"rendered":"<p>08122015. HERMOSILLO, SONORA.MX. \u2014 \u201cEste 2015, ha sido un a\u00f1o lleno de celebraciones para Ford, en el que, como parte de nuestro 90 Aniversario en M\u00e9xico, reafirmamos nuestro compromiso con el pa\u00eds anunciando una inversi\u00f3n 2,500 millones de d\u00f3lares para la apertura de dos nuevas plantas, en Chihuahua y Guanajuato.  <br \/>\nAdem\u00e1s, fortalecimos nuestro portafolio de veh\u00edculos y lanzamos el nuevo Ford Figo, el auto compacto de la familia Ford, que promete ser un favorito en su segmento\u201d declar\u00f3 Gabriel L\u00f3pez.<\/p>\n<p>\u201cPara la familia Ford, hoy es un d\u00eda muy especial, en el que adem\u00e1s de festejar la producci\u00f3n de la unidad 5 millones, celebramos 29 a\u00f1os de producci\u00f3n ininterrumpida, de grandes logros que se dieron desde 1986, fecha en la que se inaugur\u00f3 la Planta, y en la que se han producido autos ic\u00f3nicos para el mundo como: el Mercury Tracer, Escort, Focus, Ford Fusion y Lincoln MKZ, pero sobretodo, hemos trabajado de la mano con la gente de Hermosillo, que ha sido pieza fundamental para llegar hoy al lugar donde estamos\u201d mencion\u00f3 Jos\u00e9 Islas.<\/p>\n<p>La Planta de Ford en Hermosillo ha sido un referente mundial gracias a sus sistemas de administraci\u00f3n de agua, manejo de residuos no t\u00f3xicos, as\u00ed como por su control de emisiones contaminantes, entre otras acciones en este sentido. En noviembre de este a\u00f1o, la Planta de Ford en Hermosillo recibi\u00f3 el Premio al Liderazgo Ambiental, por ser la localidad de manufactura en Latinoam\u00e9rica con el mejor proyecto de medio ambiente con beneficios a la comunidad.<\/p>\n<p>Como invitados de honor al evento participaron la Gobernadora del Gobierno del Estado de Sonora, Claudia Pavlovich y el Secretario de Econom\u00eda del Estado, Jorge Vidal Ahumada, quienes visitaron las instalaciones de la Planta, en la que actualmente se producen los autos Ford Fusion y Lincoln MKZ.<\/p>\n<p>Claudia Pavlovich, Gobernadora de Sonora, agradeci\u00f3 a Ford por invertir en Sonora y hoy, los felicito por todo lo que la Planta de Ford Hermosillo ha significado para los sonorenses, en el que el trabajo en equipo se ve, se percibe. Tengan por seguro que apoyaremos en todo lo que est\u00e9 en nuestras manos para que sigan adelante, contin\u00faen invirtiendo y ampliando la Planta y las inversiones a favor del estado de Sonora\u201d concluy\u00f3 la Gobernadora.<\/p>\n","protected":false},"excerpt":{"rendered":"<p>08122015. HERMOSILLO, SONORA.MX. \u2014 \u201cEste 2015, ha sido un a\u00f1o lleno de celebraciones para Ford,&#8230;<\/p>\n","protected":false},"author":1,"featured_media":0,"comment_status":"open","ping_status":"open","sticky":false,"template":"","format":"standard","meta":{"_monsterinsights_skip_tracking":false,"_monsterinsights_sitenote_active":false,"_monsterinsights_sitenote_note":"","_monsterinsights_sitenote_category":0,"footnotes":""},"categories":[13,22],"tags":[],"class_list":["post"],"yoast_head":" \n<title>Sonora en Equipo. Ford de M\u00e9xico celebr\u00f3 la producci\u00f3n de la unidad 5 millones en su Planta de Hermosillo<\/title>\n<meta name=\"description\" content=\"08122015. HERMOSILLO, SONORA.MX. \u2014 \u201cEste 2015, ha sido un a\u00f1o lleno de celebraciones para Ford, en el que, como parte de nuestro 90 Aniversario en M\u00e9xico, En Sonora en Equipo publicamos toda la informaci\u00f3n de Sonora, M\u00e9xico y el Mundo de manera oportuna y busca que la libertad de expresi\u00f3n sea real. Visita nuestro medio informativo publicado desde Hermosillo, Sonora. %\" \/>\n<meta name=\"robots\" content=\"index, follow, max-snippet:-1, max-image-preview:large, max-video-preview:-1\" \/>\n<link rel=\"canonical\" href=\"https:\/\/www.sonoraenequipo.com.mx\/1357\/\" \/>\n<meta property=\"og:locale\" content=\"es_ES\" \/>\n<meta property=\"og:type\" content=\"article\" \/>\n<meta property=\"og:title\" content=\"Sonora en Equipo. Ford de M\u00e9xico celebr\u00f3 la producci\u00f3n de la unidad 5 millones en su Planta de Hermosillo\" \/>\n<meta property=\"og:description\" content=\"08122015. HERMOSILLO, SONORA.MX. \u2014 \u201cEste 2015, ha sido un a\u00f1o lleno de celebraciones para Ford, en el que, como parte de nuestro 90 Aniversario en M\u00e9xico, En Sonora en Equipo publicamos toda la informaci\u00f3n de Sonora, M\u00e9xico y el Mundo de manera oportuna y busca que la libertad de expresi\u00f3n sea real. Visita nuestro medio informativo publicado desde Hermosillo, Sonora. %\" \/>\n<meta property=\"og:url\" content=\"https:\/\/www.sonoraenequipo.com.mx\/1357\/\" \/>\n<meta property=\"og:site_name\" content=\"Sonora en Equipo.\" \/>\n<meta property=\"article:publisher\" content=\"https:\/\/www.facebook.com\/SonoraEE\/\" \/>\n<meta property=\"article:author\" content=\"https:\/\/www.facebook.com\/SonoraEE\" \/>\n<meta property=\"article:published_time\" content=\"2015-12-09T00:43:23+00:00\" \/>\n<meta property=\"article:modified_time\" content=\"2015-12-10T13:32:05+00:00\" \/>\n<meta name=\"author\" content=\"enequipo\" \/>\n<meta name=\"twitter:card\" content=\"summary_large_image\" \/>\n<meta name=\"twitter:creator\" content=\"@sonoraenequipo\" \/>\n<meta name=\"twitter:site\" content=\"@sonoraenequipo\" \/>\n<meta name=\"twitter:label1\" content=\"Escrito por\" \/>\n\t<meta name=\"twitter:data1\" content=\"enequipo\" \/>\n\t<meta name=\"twitter:label2\" content=\"Tiempo de lectura\" \/>\n\t<meta name=\"twitter:data2\" content=\"2 minutos\" \/>\n<script type=\"application\/ld+json\" class=\"yoast-schema-graph\">{\"@context\":\"https:\/\/schema.org\",\"@graph\":[{\"@type\":\"Article\",\"@id\":\"https:\/\/www.sonoraenequipo.com.mx\/1357\/#article\",\"isPartOf\":{\"@id\":\"https:\/\/www.sonoraenequipo.com.mx\/1357\/\"},\"author\":{\"name\":\"enequipo\",\"@id\":\"https:\/\/www.sonoraenequipo.com.mx\/#\/schema\/person\/50102df0fb23a8fa9e8effad8fa81386\"},\"headline\":\"Ford de M\u00e9xico celebr\u00f3 la producci\u00f3n de la unidad 5 millones en su Planta de Hermosillo\",\"datePublished\":\"2015-12-09T00:43:23+00:00\",\"dateModified\":\"2015-12-10T13:32:05+00:00\",\"mainEntityOfPage\":{\"@id\":\"https:\/\/www.sonoraenequipo.com.mx\/1357\/\"},\"wordCount\":403,\"commentCount\":0,\"publisher\":{\"@id\":\"https:\/\/www.sonoraenequipo.com.mx\/#organization\"},\"articleSection\":[\"Destacadas\",\"Sonora\"],\"inLanguage\":\"es\",\"potentialAction\":[{\"@type\":\"CommentAction\",\"name\":\"Comment\",\"target\":[\"https:\/\/www.sonoraenequipo.com.mx\/1357\/#respond\"]}]},{\"@type\":\"WebPage\",\"@id\":\"https:\/\/www.sonoraenequipo.com.mx\/1357\/\",\"url\":\"https:\/\/www.sonoraenequipo.com.mx\/1357\/\",\"name\":\"Sonora en Equipo. Ford de M\u00e9xico celebr\u00f3 la producci\u00f3n de la unidad 5 millones en su Planta de Hermosillo\",\"isPartOf\":{\"@id\":\"https:\/\/www.sonoraenequipo.com.mx\/#website\"},\"datePublished\":\"2015-12-09T00:43:23+00:00\",\"dateModified\":\"2015-12-10T13:32:05+00:00\",\"description\":\"08122015. HERMOSILLO, SONORA.MX. \u2014 \u201cEste 2015, ha sido un a\u00f1o lleno de celebraciones para Ford, en el que, como parte de nuestro 90 Aniversario en M\u00e9xico, En Sonora en Equipo publicamos toda la informaci\u00f3n de Sonora, M\u00e9xico y el Mundo de manera oportuna y busca que la libertad de expresi\u00f3n sea real. Visita nuestro medio informativo publicado desde Hermosillo, Sonora. %\",\"breadcrumb\":{\"@id\":\"https:\/\/www.sonoraenequipo.com.mx\/1357\/#breadcrumb\"},\"inLanguage\":\"es\",\"potentialAction\":[{\"@type\":\"ReadAction\",\"target\":[\"https:\/\/www.sonoraenequipo.com.mx\/1357\/\"]}]},{\"@type\":\"BreadcrumbList\",\"@id\":\"https:\/\/www.sonoraenequipo.com.mx\/1357\/#breadcrumb\",\"itemListElement\":[{\"@type\":\"ListItem\",\"position\":1,\"name\":\"Portada\",\"item\":\"https:\/\/www.sonoraenequipo.com.mx\/\"},{\"@type\":\"ListItem\",\"position\":2,\"name\":\"Ford de M\u00e9xico celebr\u00f3 la producci\u00f3n de la unidad 5 millones en su Planta de Hermosillo\"}]},{\"@type\":\"WebSite\",\"@id\":\"https:\/\/www.sonoraenequipo.com.mx\/#website\",\"url\":\"https:\/\/www.sonoraenequipo.com.mx\/\",\"name\":\"Sonora en Equipo.\",\"description\":\"Diario en l\u00ednea con Noticias desde Hermosillo, Sonora\",\"publisher\":{\"@id\":\"https:\/\/www.sonoraenequipo.com.mx\/#organization\"},\"potentialAction\":[{\"@type\":\"SearchAction\",\"target\":{\"@type\":\"EntryPoint\",\"urlTemplate\":\"https:\/\/www.sonoraenequipo.com.mx\/?s={search_term_string}\"},\"query-input\":{\"@type\":\"PropertyValueSpecification\",\"valueRequired\":true,\"valueName\":\"search_term_string\"}}],\"inLanguage\":\"es\"},{\"@type\":\"Organization\",\"@id\":\"https:\/\/www.sonoraenequipo.com.mx\/#organization\",\"name\":\"Sonoraenequipo.com.mx\",\"url\":\"https:\/\/www.sonoraenequipo.com.mx\/\",\"logo\":{\"@type\":\"ImageObject\",\"inLanguage\":\"es\",\"@id\":\"https:\/\/www.sonoraenequipo.com.mx\/#\/schema\/logo\/image\/\",\"url\":\"https:\/\/www.sonoraenequipo.com.mx\/storage\/2019\/01\/sonoraenequipo_opt.png\",\"contentUrl\":\"https:\/\/www.sonoraenequipo.com.mx\/storage\/2019\/01\/sonoraenequipo_opt.png\",\"width\":375,\"height\":125,\"caption\":\"Sonoraenequipo.com.mx\"},\"image\":{\"@id\":\"https:\/\/www.sonoraenequipo.com.mx\/#\/schema\/logo\/image\/\"},\"sameAs\":[\"https:\/\/www.facebook.com\/SonoraEE\/\",\"https:\/\/x.com\/sonoraenequipo\",\"https:\/\/www.youtube.com\/channel\/UC338nW-lPEYmJQs4ZABQ1SQ\"]},{\"@type\":\"Person\",\"@id\":\"https:\/\/www.sonoraenequipo.com.mx\/#\/schema\/person\/50102df0fb23a8fa9e8effad8fa81386\",\"name\":\"enequipo\",\"image\":{\"@type\":\"ImageObject\",\"inLanguage\":\"es\",\"@id\":\"https:\/\/www.sonoraenequipo.com.mx\/#\/schema\/person\/image\/\",\"url\":\"https:\/\/secure.gravatar.com\/avatar\/049821681b589dabc0bc20695993ccebb09f5b5d4d790cd9251b97faac7c652b?s=96&d=blank&r=g\",\"contentUrl\":\"https:\/\/secure.gravatar.com\/avatar\/049821681b589dabc0bc20695993ccebb09f5b5d4d790cd9251b97faac7c652b?s=96&d=blank&r=g\",\"caption\":\"enequipo\"},\"sameAs\":[\"https:\/\/www.facebook.com\/SonoraEE\"]}]}<\/script>\n ","yoast_head_json":{"title":"Sonora en Equipo. Ford de M\u00e9xico celebr\u00f3 la producci\u00f3n de la unidad 5 millones en su Planta de Hermosillo","description":"08122015. HERMOSILLO, SONORA.MX. \u2014 \u201cEste 2015, ha sido un a\u00f1o lleno de celebraciones para Ford, en el que, como parte de nuestro 90 Aniversario en M\u00e9xico, En Sonora en Equipo publicamos toda la informaci\u00f3n de Sonora, M\u00e9xico y el Mundo de manera oportuna y busca que la libertad de expresi\u00f3n sea real. Visita nuestro medio informativo publicado desde Hermosillo, Sonora. %","robots":{"index":"index","follow":"follow","max-snippet":"max-snippet:-1","max-image-preview":"max-image-preview:large","max-video-preview":"max-video-preview:-1"},"canonical":"https:\/\/www.sonoraenequipo.com.mx\/1357\/","og_locale":"es_ES","og_type":"article","og_title":"Sonora en Equipo. Ford de M\u00e9xico celebr\u00f3 la producci\u00f3n de la unidad 5 millones en su Planta de Hermosillo","og_description":"08122015. HERMOSILLO, SONORA.MX. \u2014 \u201cEste 2015, ha sido un a\u00f1o lleno de celebraciones para Ford, en el que, como parte de nuestro 90 Aniversario en M\u00e9xico, En Sonora en Equipo publicamos toda la informaci\u00f3n de Sonora, M\u00e9xico y el Mundo de manera oportuna y busca que la libertad de expresi\u00f3n sea real. Visita nuestro medio informativo publicado desde Hermosillo, Sonora. %","og_url":"https:\/\/www.sonoraenequipo.com.mx\/1357\/","og_site_name":"Sonora en Equipo.","article_publisher":"https:\/\/www.facebook.com\/SonoraEE\/","article_author":"https:\/\/www.facebook.com\/SonoraEE","article_published_time":"2015-12-09T00:43:23+00:00","article_modified_time":"2015-12-10T13:32:05+00:00","author":"enequipo","twitter_card":"summary_large_image","twitter_creator":"@sonoraenequipo","twitter_site":"@sonoraenequipo","twitter_misc":{"Escrito por":"enequipo","Tiempo de lectura":"2 minutos"},"schema":{"@context":"https:\/\/schema.org","@graph":[{"@type":"Article","@id":"https:\/\/www.sonoraenequipo.com.mx\/1357\/#article","isPartOf":{"@id":"https:\/\/www.sonoraenequipo.com.mx\/1357\/"},"author":{"name":"enequipo","@id":"https:\/\/www.sonoraenequipo.com.mx\/#\/schema\/person\/50102df0fb23a8fa9e8effad8fa81386"},"headline":"Ford de M\u00e9xico celebr\u00f3 la producci\u00f3n de la unidad 5 millones en su Planta de Hermosillo","datePublished":"2015-12-09T00:43:23+00:00","dateModified":"2015-12-10T13:32:05+00:00","mainEntityOfPage":{"@id":"https:\/\/www.sonoraenequipo.com.mx\/1357\/"},"wordCount":403,"commentCount":0,"publisher":{"@id":"https:\/\/www.sonoraenequipo.com.mx\/#organization"},"articleSection":["Destacadas","Sonora"],"inLanguage":"es","potentialAction":[{"@type":"CommentAction","name":"Comment","target":["https:\/\/www.sonoraenequipo.com.mx\/1357\/#respond"]}]},{"@type":"WebPage","@id":"https:\/\/www.sonoraenequipo.com.mx\/1357\/","url":"https:\/\/www.sonoraenequipo.com.mx\/1357\/","name":"Sonora en Equipo. Ford de M\u00e9xico celebr\u00f3 la producci\u00f3n de la unidad 5 millones en su Planta de Hermosillo","isPartOf":{"@id":"https:\/\/www.sonoraenequipo.com.mx\/#website"},"datePublished":"2015-12-09T00:43:23+00:00","dateModified":"2015-12-10T13:32:05+00:00","description":"08122015. HERMOSILLO, SONORA.MX. \u2014 \u201cEste 2015, ha sido un a\u00f1o lleno de celebraciones para Ford, en el que, como parte de nuestro 90 Aniversario en M\u00e9xico, En Sonora en Equipo publicamos toda la informaci\u00f3n de Sonora, M\u00e9xico y el Mundo de manera oportuna y busca que la libertad de expresi\u00f3n sea real. Visita nuestro medio informativo publicado desde Hermosillo, Sonora. %","breadcrumb":{"@id":"https:\/\/www.sonoraenequipo.com.mx\/1357\/#breadcrumb"},"inLanguage":"es","potentialAction":[{"@type":"ReadAction","target":["https:\/\/www.sonoraenequipo.com.mx\/1357\/"]}]},{"@type":"BreadcrumbList","@id":"https:\/\/www.sonoraenequipo.com.mx\/1357\/#breadcrumb","itemListElement":[{"@type":"ListItem","position":1,"name":"Portada","item":"https:\/\/www.sonoraenequipo.com.mx\/"},{"@type":"ListItem","position":2,"name":"Ford de M\u00e9xico celebr\u00f3 la producci\u00f3n de la unidad 5 millones en su Planta de Hermosillo"}]},{"@type":"WebSite","@id":"https:\/\/www.sonoraenequipo.com.mx\/#website","url":"https:\/\/www.sonoraenequipo.com.mx\/","name":"Sonora en Equipo.","description":"Diario en l\u00ednea con Noticias desde Hermosillo, Sonora","publisher":{"@id":"https:\/\/www.sonoraenequipo.com.mx\/#organization"},"potentialAction":[{"@type":"SearchAction","target":{"@type":"EntryPoint","urlTemplate":"https:\/\/www.sonoraenequipo.com.mx\/?s={search_term_string}"},"query-input":{"@type":"PropertyValueSpecification","valueRequired":true,"valueName":"search_term_string"}}],"inLanguage":"es"},{"@type":"Organization","@id":"https:\/\/www.sonoraenequipo.com.mx\/#organization","name":"Sonoraenequipo.com.mx","url":"https:\/\/www.sonoraenequipo.com.mx\/","logo":{"@type":"ImageObject","inLanguage":"es","@id":"https:\/\/www.sonoraenequipo.com.mx\/#\/schema\/logo\/image\/","url":"https:\/\/www.sonoraenequipo.com.mx\/storage\/2019\/01\/sonoraenequipo_opt.png","contentUrl":"https:\/\/www.sonoraenequipo.com.mx\/storage\/2019\/01\/sonoraenequipo_opt.png","width":375,"height":125,"caption":"Sonoraenequipo.com.mx"},"image":{"@id":"https:\/\/www.sonoraenequipo.com.mx\/#\/schema\/logo\/image\/"},"sameAs":["https:\/\/www.facebook.com\/SonoraEE\/","https:\/\/x.com\/sonoraenequipo","https:\/\/www.youtube.com\/channel\/UC338nW-lPEYmJQs4ZABQ1SQ"]},{"@type":"Person","@id":"https:\/\/www.sonoraenequipo.com.mx\/#\/schema\/person\/50102df0fb23a8fa9e8effad8fa81386","name":"enequipo","image":{"@type":"ImageObject","inLanguage":"es","@id":"https:\/\/www.sonoraenequipo.com.mx\/#\/schema\/person\/image\/","url":"https:\/\/secure.gravatar.com\/avatar\/049821681b589dabc0bc20695993ccebb09f5b5d4d790cd9251b97faac7c652b?s=96&d=blank&r=g","contentUrl":"https:\/\/secure.gravatar.com\/avatar\/049821681b589dabc0bc20695993ccebb09f5b5d4d790cd9251b97faac7c652b?s=96&d=blank&r=g","caption":"enequipo"},"sameAs":["https:\/\/www.facebook.com\/SonoraEE"]}]}},"jetpack_featured_media_url":"","_links":{"self":[{"href":"https:\/\/www.sonoraenequipo.com.mx\/api\/wp\/v2\/posts\/1357","targetHints":{"allow":["GET"]}}],"collection":[{"href":"https:\/\/www.sonoraenequipo.com.mx\/api\/wp\/v2\/posts"}],"about":[{"href":"https:\/\/www.sonoraenequipo.com.mx\/api\/wp\/v2\/types\/post"}],"author":[{"embeddable":true,"href":"https:\/\/www.sonoraenequipo.com.mx\/api\/wp\/v2\/users\/1"}],"replies":[{"embeddable":true,"href":"https:\/\/www.sonoraenequipo.com.mx\/api\/wp\/v2\/comments?post=1357"}],"version-history":[{"count":0,"href":"https:\/\/www.sonoraenequipo.com.mx\/api\/wp\/v2\/posts\/1357\/revisions"}],"wp:attachment":[{"href":"https:\/\/www.sonoraenequipo.com.mx\/api\/wp\/v2\/media?parent=1357"}],"wp:term":[{"taxonomy":"category","embeddable":true,"href":"https:\/\/www.sonoraenequipo.com.mx\/api\/wp\/v2\/categories?post=1357"},{"taxonomy":"post_tag","embeddable":true,"href":"https:\/\/www.sonoraenequipo.com.mx\/api\/wp\/v2\/tags?post=1357"}],"curies":[{"name":"wp","href":"https:\/\/api.w.org\/{rel}","templated":true}]}}