{"id":135704,"date":"2022-03-26T19:15:21","date_gmt":"2022-03-27T02:15:21","guid":{"rendered":"https:\/\/www.sonoraenequipo.com.mx\/?p=135704"},"modified":"2022-03-26T19:09:59","modified_gmt":"2022-03-27T02:09:59","slug":"biden-se-compromete-a-reforzar-capacidad-de-ucrania-para-luchar-contra-rusia","status":"publish","type":"post","link":"https:\/\/www.sonoraenequipo.com.mx\/biden-se-compromete-a-reforzar-capacidad-de-ucrania-para-luchar-contra-rusia\/","title":{"rendered":"Biden se compromete a reforzar capacidad de Ucrania para luchar contra Rusia"},"content":{"rendered":"<p>WASHINGTON, ESTADOS UNIDOS. \u2014 En un breve comunicado, la Casa Blanca anunci\u00f3 que Biden ten\u00eda previsto \u201cparticipar en parte de una reuni\u00f3n\u201d en la capital polaca entre los ministros ucranianos y los secretarios de Estado y Defensa de Estados Unidos, Antony Blinken y Lloyd Austin, que acompa\u00f1an al presidente en su viaje.<\/p>\n<p>&nbsp;<\/p>\n<p> <\/p>\n<p>&nbsp;<\/p>\n<p>&nbsp;<\/p>\n<p>Poco antes del mediod\u00eda, la prensa tuvo acceso al inicio del encuentro, en el que Biden estaba sentado en un lado de una mesa alargada junto a Blinken, Austin y otros de sus asesores; enfrente de Kuleba, R\u00e9znikov y otros responsables ucranianos.<\/p>\n<p>&nbsp;<\/p>\n<p>&nbsp;<\/p>\n<p>Los periodistas pudieron escuchar c\u00f3mo Kuleba le contaba a Biden que desde que comenz\u00f3 la guerra, ha aprendido a \u201cdormir en cualquier circunstancia\u201d, lo que le permiti\u00f3 descansar durante el tren que le llev\u00f3 a Varsovia.<\/p>\n<p>&nbsp;<\/p>\n<p>Biden le respondi\u00f3 que \u00e9l tambi\u00e9n puede dormir en los trenes, gracias a que cuando era senador, los tomaba a diario para trasladarse desde la capital estadounidense al estado en el que resid\u00eda, Delaware.<\/p>\n<p>&nbsp;<\/p>\n<p>&nbsp;<\/p>\n<p>Kuleba asegur\u00f3 en un tuit que la reuni\u00f3n con esa amplia delegaci\u00f3n de Estados Unidos permitir\u00e1 <em>\u201cbuscar soluciones pr\u00e1cticas en las esferas pol\u00edtica y de defensa, para reforzar la capacidad de Ucrania de luchar contra la agresi\u00f3n de Rusia\u201c.<\/em><\/p>\n<p>&nbsp;<\/p>\n<p>La reuni\u00f3n entre las delegaciones estadounidense y ucraniana dur\u00f3 m\u00e1s de una hora y media, y Biden estuvo presente en ella durante unos 40 minutos, seg\u00fan la Casa Blanca.<\/p>\n<p>&nbsp;<\/p>\n<p>&nbsp;<\/p>\n<p>En el encuentro participaron adem\u00e1s el embajador ucraniano en Polonia, Andrii Deshchytsia; y la encargada de negocios estadounidense en Ucrania, Kristina Kvien.<\/p>\n<p>&nbsp;<\/p>\n<p>Despu\u00e9s de ese encuentro, Biden ten\u00eda previsto entrevistarse con el presidente polaco, Andrzej Duda, antes de visitar el estadio de futbol PGE Narodowy, reconvertido en centro de refugiados para atender a algunos de los m\u00e1s de 2.17 millones que han huido hacia Polonia desde que empez\u00f3 la guerra.<\/p>\n<p>&nbsp;<\/p>\n<p>&nbsp;<\/p>\n<p>Adem\u00e1s de reunirse con refugiados, Biden interactuar\u00e1 con el alcalde de Varsovia, Rafa\u0142 Trzaskowski, y con las organizaciones que est\u00e1n llevando a cabo la respuesta humanitaria, incluida la organizaci\u00f3n contra el hambre World Central Kitchen, fundada por el chef espa\u00f1ol Jos\u00e9 Andr\u00e9s.<\/p>\n<p>&nbsp;<\/p>\n<p>&nbsp;<\/p>\n<p>El discurso que dar\u00e1 Biden antes de volar de vuelta a Washington estar\u00e1 centrado en \u201clos esfuerzos unidos del mundo libre para apoyar al pueblo de Ucrania\u201d, seg\u00fan la Casa Blanca.<\/p>\n<p>&nbsp;<\/p>\n<p>&nbsp;<\/p>\n<p>Durante su gira europea, que comenz\u00f3 el mi\u00e9rcoles, Biden ha visitado adem\u00e1s a los militares estadounidenses cerca de la frontera con Ucrania y ha participado en Bruselas en tres cumbres de la OTAN, el G7 y la Uni\u00f3n Europea (UE) centradas en la invasi\u00f3n rusa de Ucrania.<\/p>\n<p>&nbsp;<\/p>\n<p>(Publicada el 26\/03\/2022)<\/p>\n","protected":false},"excerpt":{"rendered":"<p>WASHINGTON, ESTADOS UNIDOS. \u2014 En un breve comunicado, la Casa Blanca anunci\u00f3 que Biden ten\u00eda&#8230;<\/p>\n","protected":false},"author":1,"featured_media":135705,"comment_status":"open","ping_status":"open","sticky":false,"template":"","format":"standard","meta":{"_monsterinsights_skip_tracking":false,"_monsterinsights_sitenote_active":false,"_monsterinsights_sitenote_note":"","_monsterinsights_sitenote_category":0,"footnotes":""},"categories":[3],"tags":[],"class_list":["post"],"yoast_head":" \n<title>Sonora en Equipo. Biden se compromete a reforzar capacidad de Ucrania para luchar contra Rusia MUNDO<\/title>\n<meta name=\"description\" content=\"WASHINGTON, ESTADOS UNIDOS. \u2014 En un breve comunicado, la Casa Blanca anunci\u00f3 que Biden ten\u00eda previsto \u201cparticipar en parte de una reuni\u00f3n\u201d en la capital En Sonora en Equipo publicamos toda la informaci\u00f3n de Sonora, M\u00e9xico y el Mundo de manera oportuna y busca que la libertad de expresi\u00f3n sea real. Visita nuestro medio informativo publicado desde Hermosillo, Sonora. %\" \/>\n<meta name=\"robots\" content=\"index, follow, max-snippet:-1, max-image-preview:large, max-video-preview:-1\" \/>\n<link rel=\"canonical\" href=\"https:\/\/www.sonoraenequipo.com.mx\/biden-se-compromete-a-reforzar-capacidad-de-ucrania-para-luchar-contra-rusia\/\" \/>\n<meta property=\"og:locale\" content=\"es_ES\" \/>\n<meta property=\"og:type\" content=\"article\" \/>\n<meta property=\"og:title\" content=\"Sonora en Equipo. Biden se compromete a reforzar capacidad de Ucrania para luchar contra Rusia MUNDO\" \/>\n<meta property=\"og:description\" content=\"WASHINGTON, ESTADOS UNIDOS. \u2014 En un breve comunicado, la Casa Blanca anunci\u00f3 que Biden ten\u00eda previsto \u201cparticipar en parte de una reuni\u00f3n\u201d en la capital En Sonora en Equipo publicamos toda la informaci\u00f3n de Sonora, M\u00e9xico y el Mundo de manera oportuna y busca que la libertad de expresi\u00f3n sea real. Visita nuestro medio informativo publicado desde Hermosillo, Sonora. %\" \/>\n<meta property=\"og:url\" content=\"https:\/\/www.sonoraenequipo.com.mx\/biden-se-compromete-a-reforzar-capacidad-de-ucrania-para-luchar-contra-rusia\/\" \/>\n<meta property=\"og:site_name\" content=\"Sonora en Equipo.\" \/>\n<meta property=\"article:publisher\" content=\"https:\/\/www.facebook.com\/SonoraEE\/\" \/>\n<meta property=\"article:author\" content=\"https:\/\/www.facebook.com\/SonoraEE\" \/>\n<meta property=\"article:published_time\" content=\"2022-03-27T02:15:21+00:00\" \/>\n<meta property=\"og:image\" content=\"https:\/\/www.sonoraenequipo.com.mx\/storage\/2022\/03\/joe-biden_opt.jpg\" \/>\n\t<meta property=\"og:image:width\" content=\"700\" \/>\n\t<meta property=\"og:image:height\" content=\"400\" \/>\n\t<meta property=\"og:image:type\" content=\"image\/jpeg\" \/>\n<meta name=\"author\" content=\"enequipo\" \/>\n<meta name=\"twitter:card\" content=\"summary_large_image\" \/>\n<meta name=\"twitter:creator\" content=\"@sonoraenequipo\" \/>\n<meta name=\"twitter:site\" content=\"@sonoraenequipo\" \/>\n<meta name=\"twitter:label1\" content=\"Escrito por\" \/>\n\t<meta name=\"twitter:data1\" content=\"enequipo\" \/>\n\t<meta name=\"twitter:label2\" content=\"Tiempo de lectura\" \/>\n\t<meta name=\"twitter:data2\" content=\"2 minutos\" \/>\n<script type=\"application\/ld+json\" class=\"yoast-schema-graph\">{\"@context\":\"https:\/\/schema.org\",\"@graph\":[{\"@type\":\"Article\",\"@id\":\"https:\/\/www.sonoraenequipo.com.mx\/biden-se-compromete-a-reforzar-capacidad-de-ucrania-para-luchar-contra-rusia\/#article\",\"isPartOf\":{\"@id\":\"https:\/\/www.sonoraenequipo.com.mx\/biden-se-compromete-a-reforzar-capacidad-de-ucrania-para-luchar-contra-rusia\/\"},\"author\":{\"name\":\"enequipo\",\"@id\":\"https:\/\/www.sonoraenequipo.com.mx\/#\/schema\/person\/50102df0fb23a8fa9e8effad8fa81386\"},\"headline\":\"Biden se compromete a reforzar capacidad de Ucrania para luchar contra Rusia\",\"datePublished\":\"2022-03-27T02:15:21+00:00\",\"mainEntityOfPage\":{\"@id\":\"https:\/\/www.sonoraenequipo.com.mx\/biden-se-compromete-a-reforzar-capacidad-de-ucrania-para-luchar-contra-rusia\/\"},\"wordCount\":482,\"commentCount\":0,\"publisher\":{\"@id\":\"https:\/\/www.sonoraenequipo.com.mx\/#organization\"},\"image\":{\"@id\":\"https:\/\/www.sonoraenequipo.com.mx\/biden-se-compromete-a-reforzar-capacidad-de-ucrania-para-luchar-contra-rusia\/#primaryimage\"},\"thumbnailUrl\":\"https:\/\/www.sonoraenequipo.com.mx\/storage\/2022\/03\/joe-biden_opt.jpg\",\"articleSection\":[\"MUNDO\"],\"inLanguage\":\"es\",\"potentialAction\":[{\"@type\":\"CommentAction\",\"name\":\"Comment\",\"target\":[\"https:\/\/www.sonoraenequipo.com.mx\/biden-se-compromete-a-reforzar-capacidad-de-ucrania-para-luchar-contra-rusia\/#respond\"]}]},{\"@type\":\"WebPage\",\"@id\":\"https:\/\/www.sonoraenequipo.com.mx\/biden-se-compromete-a-reforzar-capacidad-de-ucrania-para-luchar-contra-rusia\/\",\"url\":\"https:\/\/www.sonoraenequipo.com.mx\/biden-se-compromete-a-reforzar-capacidad-de-ucrania-para-luchar-contra-rusia\/\",\"name\":\"Sonora en Equipo. Biden se compromete a reforzar capacidad de Ucrania para luchar contra Rusia MUNDO\",\"isPartOf\":{\"@id\":\"https:\/\/www.sonoraenequipo.com.mx\/#website\"},\"primaryImageOfPage\":{\"@id\":\"https:\/\/www.sonoraenequipo.com.mx\/biden-se-compromete-a-reforzar-capacidad-de-ucrania-para-luchar-contra-rusia\/#primaryimage\"},\"image\":{\"@id\":\"https:\/\/www.sonoraenequipo.com.mx\/biden-se-compromete-a-reforzar-capacidad-de-ucrania-para-luchar-contra-rusia\/#primaryimage\"},\"thumbnailUrl\":\"https:\/\/www.sonoraenequipo.com.mx\/storage\/2022\/03\/joe-biden_opt.jpg\",\"datePublished\":\"2022-03-27T02:15:21+00:00\",\"description\":\"WASHINGTON, ESTADOS UNIDOS. \u2014 En un breve comunicado, la Casa Blanca anunci\u00f3 que Biden ten\u00eda previsto \u201cparticipar en parte de una reuni\u00f3n\u201d en la capital En Sonora en Equipo publicamos toda la informaci\u00f3n de Sonora, M\u00e9xico y el Mundo de manera oportuna y busca que la libertad de expresi\u00f3n sea real. Visita nuestro medio informativo publicado desde Hermosillo, Sonora. %\",\"breadcrumb\":{\"@id\":\"https:\/\/www.sonoraenequipo.com.mx\/biden-se-compromete-a-reforzar-capacidad-de-ucrania-para-luchar-contra-rusia\/#breadcrumb\"},\"inLanguage\":\"es\",\"potentialAction\":[{\"@type\":\"ReadAction\",\"target\":[\"https:\/\/www.sonoraenequipo.com.mx\/biden-se-compromete-a-reforzar-capacidad-de-ucrania-para-luchar-contra-rusia\/\"]}]},{\"@type\":\"ImageObject\",\"inLanguage\":\"es\",\"@id\":\"https:\/\/www.sonoraenequipo.com.mx\/biden-se-compromete-a-reforzar-capacidad-de-ucrania-para-luchar-contra-rusia\/#primaryimage\",\"url\":\"https:\/\/www.sonoraenequipo.com.mx\/storage\/2022\/03\/joe-biden_opt.jpg\",\"contentUrl\":\"https:\/\/www.sonoraenequipo.com.mx\/storage\/2022\/03\/joe-biden_opt.jpg\",\"width\":700,\"height\":400},{\"@type\":\"BreadcrumbList\",\"@id\":\"https:\/\/www.sonoraenequipo.com.mx\/biden-se-compromete-a-reforzar-capacidad-de-ucrania-para-luchar-contra-rusia\/#breadcrumb\",\"itemListElement\":[{\"@type\":\"ListItem\",\"position\":1,\"name\":\"Portada\",\"item\":\"https:\/\/www.sonoraenequipo.com.mx\/\"},{\"@type\":\"ListItem\",\"position\":2,\"name\":\"Biden se compromete a reforzar capacidad de Ucrania para luchar contra Rusia\"}]},{\"@type\":\"WebSite\",\"@id\":\"https:\/\/www.sonoraenequipo.com.mx\/#website\",\"url\":\"https:\/\/www.sonoraenequipo.com.mx\/\",\"name\":\"Sonora en Equipo.\",\"description\":\"Diario en l\u00ednea con Noticias desde Hermosillo, Sonora\",\"publisher\":{\"@id\":\"https:\/\/www.sonoraenequipo.com.mx\/#organization\"},\"potentialAction\":[{\"@type\":\"SearchAction\",\"target\":{\"@type\":\"EntryPoint\",\"urlTemplate\":\"https:\/\/www.sonoraenequipo.com.mx\/?s={search_term_string}\"},\"query-input\":{\"@type\":\"PropertyValueSpecification\",\"valueRequired\":true,\"valueName\":\"search_term_string\"}}],\"inLanguage\":\"es\"},{\"@type\":\"Organization\",\"@id\":\"https:\/\/www.sonoraenequipo.com.mx\/#organization\",\"name\":\"Sonoraenequipo.com.mx\",\"url\":\"https:\/\/www.sonoraenequipo.com.mx\/\",\"logo\":{\"@type\":\"ImageObject\",\"inLanguage\":\"es\",\"@id\":\"https:\/\/www.sonoraenequipo.com.mx\/#\/schema\/logo\/image\/\",\"url\":\"https:\/\/www.sonoraenequipo.com.mx\/storage\/2019\/01\/sonoraenequipo_opt.png\",\"contentUrl\":\"https:\/\/www.sonoraenequipo.com.mx\/storage\/2019\/01\/sonoraenequipo_opt.png\",\"width\":375,\"height\":125,\"caption\":\"Sonoraenequipo.com.mx\"},\"image\":{\"@id\":\"https:\/\/www.sonoraenequipo.com.mx\/#\/schema\/logo\/image\/\"},\"sameAs\":[\"https:\/\/www.facebook.com\/SonoraEE\/\",\"https:\/\/x.com\/sonoraenequipo\",\"https:\/\/www.youtube.com\/channel\/UC338nW-lPEYmJQs4ZABQ1SQ\"]},{\"@type\":\"Person\",\"@id\":\"https:\/\/www.sonoraenequipo.com.mx\/#\/schema\/person\/50102df0fb23a8fa9e8effad8fa81386\",\"name\":\"enequipo\",\"image\":{\"@type\":\"ImageObject\",\"inLanguage\":\"es\",\"@id\":\"https:\/\/www.sonoraenequipo.com.mx\/#\/schema\/person\/image\/\",\"url\":\"https:\/\/secure.gravatar.com\/avatar\/049821681b589dabc0bc20695993ccebb09f5b5d4d790cd9251b97faac7c652b?s=96&d=blank&r=g\",\"contentUrl\":\"https:\/\/secure.gravatar.com\/avatar\/049821681b589dabc0bc20695993ccebb09f5b5d4d790cd9251b97faac7c652b?s=96&d=blank&r=g\",\"caption\":\"enequipo\"},\"sameAs\":[\"https:\/\/www.facebook.com\/SonoraEE\"]}]}<\/script>\n ","yoast_head_json":{"title":"Sonora en Equipo. Biden se compromete a reforzar capacidad de Ucrania para luchar contra Rusia MUNDO","description":"WASHINGTON, ESTADOS UNIDOS. \u2014 En un breve comunicado, la Casa Blanca anunci\u00f3 que Biden ten\u00eda previsto \u201cparticipar en parte de una reuni\u00f3n\u201d en la capital En Sonora en Equipo publicamos toda la informaci\u00f3n de Sonora, M\u00e9xico y el Mundo de manera oportuna y busca que la libertad de expresi\u00f3n sea real. Visita nuestro medio informativo publicado desde Hermosillo, Sonora. %","robots":{"index":"index","follow":"follow","max-snippet":"max-snippet:-1","max-image-preview":"max-image-preview:large","max-video-preview":"max-video-preview:-1"},"canonical":"https:\/\/www.sonoraenequipo.com.mx\/biden-se-compromete-a-reforzar-capacidad-de-ucrania-para-luchar-contra-rusia\/","og_locale":"es_ES","og_type":"article","og_title":"Sonora en Equipo. Biden se compromete a reforzar capacidad de Ucrania para luchar contra Rusia MUNDO","og_description":"WASHINGTON, ESTADOS UNIDOS. \u2014 En un breve comunicado, la Casa Blanca anunci\u00f3 que Biden ten\u00eda previsto \u201cparticipar en parte de una reuni\u00f3n\u201d en la capital En Sonora en Equipo publicamos toda la informaci\u00f3n de Sonora, M\u00e9xico y el Mundo de manera oportuna y busca que la libertad de expresi\u00f3n sea real. Visita nuestro medio informativo publicado desde Hermosillo, Sonora. %","og_url":"https:\/\/www.sonoraenequipo.com.mx\/biden-se-compromete-a-reforzar-capacidad-de-ucrania-para-luchar-contra-rusia\/","og_site_name":"Sonora en Equipo.","article_publisher":"https:\/\/www.facebook.com\/SonoraEE\/","article_author":"https:\/\/www.facebook.com\/SonoraEE","article_published_time":"2022-03-27T02:15:21+00:00","og_image":[{"width":700,"height":400,"url":"https:\/\/www.sonoraenequipo.com.mx\/storage\/2022\/03\/joe-biden_opt.jpg","type":"image\/jpeg"}],"author":"enequipo","twitter_card":"summary_large_image","twitter_creator":"@sonoraenequipo","twitter_site":"@sonoraenequipo","twitter_misc":{"Escrito por":"enequipo","Tiempo de lectura":"2 minutos"},"schema":{"@context":"https:\/\/schema.org","@graph":[{"@type":"Article","@id":"https:\/\/www.sonoraenequipo.com.mx\/biden-se-compromete-a-reforzar-capacidad-de-ucrania-para-luchar-contra-rusia\/#article","isPartOf":{"@id":"https:\/\/www.sonoraenequipo.com.mx\/biden-se-compromete-a-reforzar-capacidad-de-ucrania-para-luchar-contra-rusia\/"},"author":{"name":"enequipo","@id":"https:\/\/www.sonoraenequipo.com.mx\/#\/schema\/person\/50102df0fb23a8fa9e8effad8fa81386"},"headline":"Biden se compromete a reforzar capacidad de Ucrania para luchar contra Rusia","datePublished":"2022-03-27T02:15:21+00:00","mainEntityOfPage":{"@id":"https:\/\/www.sonoraenequipo.com.mx\/biden-se-compromete-a-reforzar-capacidad-de-ucrania-para-luchar-contra-rusia\/"},"wordCount":482,"commentCount":0,"publisher":{"@id":"https:\/\/www.sonoraenequipo.com.mx\/#organization"},"image":{"@id":"https:\/\/www.sonoraenequipo.com.mx\/biden-se-compromete-a-reforzar-capacidad-de-ucrania-para-luchar-contra-rusia\/#primaryimage"},"thumbnailUrl":"https:\/\/www.sonoraenequipo.com.mx\/storage\/2022\/03\/joe-biden_opt.jpg","articleSection":["MUNDO"],"inLanguage":"es","potentialAction":[{"@type":"CommentAction","name":"Comment","target":["https:\/\/www.sonoraenequipo.com.mx\/biden-se-compromete-a-reforzar-capacidad-de-ucrania-para-luchar-contra-rusia\/#respond"]}]},{"@type":"WebPage","@id":"https:\/\/www.sonoraenequipo.com.mx\/biden-se-compromete-a-reforzar-capacidad-de-ucrania-para-luchar-contra-rusia\/","url":"https:\/\/www.sonoraenequipo.com.mx\/biden-se-compromete-a-reforzar-capacidad-de-ucrania-para-luchar-contra-rusia\/","name":"Sonora en Equipo. Biden se compromete a reforzar capacidad de Ucrania para luchar contra Rusia MUNDO","isPartOf":{"@id":"https:\/\/www.sonoraenequipo.com.mx\/#website"},"primaryImageOfPage":{"@id":"https:\/\/www.sonoraenequipo.com.mx\/biden-se-compromete-a-reforzar-capacidad-de-ucrania-para-luchar-contra-rusia\/#primaryimage"},"image":{"@id":"https:\/\/www.sonoraenequipo.com.mx\/biden-se-compromete-a-reforzar-capacidad-de-ucrania-para-luchar-contra-rusia\/#primaryimage"},"thumbnailUrl":"https:\/\/www.sonoraenequipo.com.mx\/storage\/2022\/03\/joe-biden_opt.jpg","datePublished":"2022-03-27T02:15:21+00:00","description":"WASHINGTON, ESTADOS UNIDOS. \u2014 En un breve comunicado, la Casa Blanca anunci\u00f3 que Biden ten\u00eda previsto \u201cparticipar en parte de una reuni\u00f3n\u201d en la capital En Sonora en Equipo publicamos toda la informaci\u00f3n de Sonora, M\u00e9xico y el Mundo de manera oportuna y busca que la libertad de expresi\u00f3n sea real. Visita nuestro medio informativo publicado desde Hermosillo, Sonora. %","breadcrumb":{"@id":"https:\/\/www.sonoraenequipo.com.mx\/biden-se-compromete-a-reforzar-capacidad-de-ucrania-para-luchar-contra-rusia\/#breadcrumb"},"inLanguage":"es","potentialAction":[{"@type":"ReadAction","target":["https:\/\/www.sonoraenequipo.com.mx\/biden-se-compromete-a-reforzar-capacidad-de-ucrania-para-luchar-contra-rusia\/"]}]},{"@type":"ImageObject","inLanguage":"es","@id":"https:\/\/www.sonoraenequipo.com.mx\/biden-se-compromete-a-reforzar-capacidad-de-ucrania-para-luchar-contra-rusia\/#primaryimage","url":"https:\/\/www.sonoraenequipo.com.mx\/storage\/2022\/03\/joe-biden_opt.jpg","contentUrl":"https:\/\/www.sonoraenequipo.com.mx\/storage\/2022\/03\/joe-biden_opt.jpg","width":700,"height":400},{"@type":"BreadcrumbList","@id":"https:\/\/www.sonoraenequipo.com.mx\/biden-se-compromete-a-reforzar-capacidad-de-ucrania-para-luchar-contra-rusia\/#breadcrumb","itemListElement":[{"@type":"ListItem","position":1,"name":"Portada","item":"https:\/\/www.sonoraenequipo.com.mx\/"},{"@type":"ListItem","position":2,"name":"Biden se compromete a reforzar capacidad de Ucrania para luchar contra Rusia"}]},{"@type":"WebSite","@id":"https:\/\/www.sonoraenequipo.com.mx\/#website","url":"https:\/\/www.sonoraenequipo.com.mx\/","name":"Sonora en Equipo.","description":"Diario en l\u00ednea con Noticias desde Hermosillo, Sonora","publisher":{"@id":"https:\/\/www.sonoraenequipo.com.mx\/#organization"},"potentialAction":[{"@type":"SearchAction","target":{"@type":"EntryPoint","urlTemplate":"https:\/\/www.sonoraenequipo.com.mx\/?s={search_term_string}"},"query-input":{"@type":"PropertyValueSpecification","valueRequired":true,"valueName":"search_term_string"}}],"inLanguage":"es"},{"@type":"Organization","@id":"https:\/\/www.sonoraenequipo.com.mx\/#organization","name":"Sonoraenequipo.com.mx","url":"https:\/\/www.sonoraenequipo.com.mx\/","logo":{"@type":"ImageObject","inLanguage":"es","@id":"https:\/\/www.sonoraenequipo.com.mx\/#\/schema\/logo\/image\/","url":"https:\/\/www.sonoraenequipo.com.mx\/storage\/2019\/01\/sonoraenequipo_opt.png","contentUrl":"https:\/\/www.sonoraenequipo.com.mx\/storage\/2019\/01\/sonoraenequipo_opt.png","width":375,"height":125,"caption":"Sonoraenequipo.com.mx"},"image":{"@id":"https:\/\/www.sonoraenequipo.com.mx\/#\/schema\/logo\/image\/"},"sameAs":["https:\/\/www.facebook.com\/SonoraEE\/","https:\/\/x.com\/sonoraenequipo","https:\/\/www.youtube.com\/channel\/UC338nW-lPEYmJQs4ZABQ1SQ"]},{"@type":"Person","@id":"https:\/\/www.sonoraenequipo.com.mx\/#\/schema\/person\/50102df0fb23a8fa9e8effad8fa81386","name":"enequipo","image":{"@type":"ImageObject","inLanguage":"es","@id":"https:\/\/www.sonoraenequipo.com.mx\/#\/schema\/person\/image\/","url":"https:\/\/secure.gravatar.com\/avatar\/049821681b589dabc0bc20695993ccebb09f5b5d4d790cd9251b97faac7c652b?s=96&d=blank&r=g","contentUrl":"https:\/\/secure.gravatar.com\/avatar\/049821681b589dabc0bc20695993ccebb09f5b5d4d790cd9251b97faac7c652b?s=96&d=blank&r=g","caption":"enequipo"},"sameAs":["https:\/\/www.facebook.com\/SonoraEE"]}]}},"jetpack_featured_media_url":"https:\/\/www.sonoraenequipo.com.mx\/storage\/2022\/03\/joe-biden_opt.jpg","_links":{"self":[{"href":"https:\/\/www.sonoraenequipo.com.mx\/api\/wp\/v2\/posts\/135704","targetHints":{"allow":["GET"]}}],"collection":[{"href":"https:\/\/www.sonoraenequipo.com.mx\/api\/wp\/v2\/posts"}],"about":[{"href":"https:\/\/www.sonoraenequipo.com.mx\/api\/wp\/v2\/types\/post"}],"author":[{"embeddable":true,"href":"https:\/\/www.sonoraenequipo.com.mx\/api\/wp\/v2\/users\/1"}],"replies":[{"embeddable":true,"href":"https:\/\/www.sonoraenequipo.com.mx\/api\/wp\/v2\/comments?post=135704"}],"version-history":[{"count":2,"href":"https:\/\/www.sonoraenequipo.com.mx\/api\/wp\/v2\/posts\/135704\/revisions"}],"predecessor-version":[{"id":135707,"href":"https:\/\/www.sonoraenequipo.com.mx\/api\/wp\/v2\/posts\/135704\/revisions\/135707"}],"wp:featuredmedia":[{"embeddable":true,"href":"https:\/\/www.sonoraenequipo.com.mx\/api\/wp\/v2\/media\/135705"}],"wp:attachment":[{"href":"https:\/\/www.sonoraenequipo.com.mx\/api\/wp\/v2\/media?parent=135704"}],"wp:term":[{"taxonomy":"category","embeddable":true,"href":"https:\/\/www.sonoraenequipo.com.mx\/api\/wp\/v2\/categories?post=135704"},{"taxonomy":"post_tag","embeddable":true,"href":"https:\/\/www.sonoraenequipo.com.mx\/api\/wp\/v2\/tags?post=135704"}],"curies":[{"name":"wp","href":"https:\/\/api.w.org\/{rel}","templated":true}]}}