{"id":135714,"date":"2022-03-25T23:15:07","date_gmt":"2022-03-26T06:15:07","guid":{"rendered":"https:\/\/www.sonoraenequipo.com.mx\/?p=135714"},"modified":"2022-03-26T21:43:38","modified_gmt":"2022-03-27T04:43:38","slug":"el-agua-de-mazatlan-se-calienta-mas-rapido-que-el-promedio-de-los-oceanos-del-mundo","status":"publish","type":"post","link":"https:\/\/www.sonoraenequipo.com.mx\/el-agua-de-mazatlan-se-calienta-mas-rapido-que-el-promedio-de-los-oceanos-del-mundo\/","title":{"rendered":"El agua de Mazatl\u00e1n se calienta m\u00e1s r\u00e1pido que el promedio de los oc\u00e9anos del mundo"},"content":{"rendered":"<p><strong>CIUDAD DE M\u00c9XICO. MX. \u2014 <\/strong>El agua de la Bah\u00eda de Mazatl\u00e1n se calienta m\u00e1s r\u00e1pido que el promedio de los oc\u00e9anos del mundo. Durante los \u00faltimos 40 a\u00f1os se estima una tendencia de aumento en la temperatura, promedio, de 0.57 grados Celsius por d\u00e9cada, mayor que el global, revela un estudio del Instituto de Ciencias del Mar y Limnolog\u00eda (ICML) de la UNAM.<\/p>\n<p>&nbsp;<\/p>\n<p> <\/p>\n<p>&nbsp;<\/p>\n<p>&nbsp;<\/p>\n<p>De mantenerse, la temperatura del vital l\u00edquido en la zona podr\u00eda subir hasta siete grados para 2100 y transformar radicalmente el ecosistema, detalla Rapid surface water warming and impact of the recent (2013-2016) temperature anomaly in shallow coastal waters at the eastern entrance of the Gulf of California, difundido por la revista cient\u00edfica Progress in Oceanography.<\/p>\n<p>&nbsp;<\/p>\n<p>&nbsp;<\/p>\n<p>En la investigaci\u00f3n particip\u00f3 un equipo de expertos de la UNAM conformado por Joan Albert S\u00e1nchez Cabeza, Jos\u00e9 Luis Carballo Cenizo, Benjam\u00edn Y\u00e1\u00f1ez Ch\u00e1vez y Ana Carolina Ruiz Fern\u00e1ndez, de la Unidad Acad\u00e9mica Mazatl\u00e1n; Jos\u00e9 Gilberto Cardoso Mohedano, de la Estaci\u00f3n El Carmen; Carlos Alberto Herrera Becerril, del Posgrado en Ciencias del Mar y Limnolog\u00eda; y Le\u00f3n Felipe \u00c1lvarez S\u00e1nchez, de la Unidad de Inform\u00e1tica Marina, todos del ICML.<\/p>\n<p>&nbsp;<\/p>\n<p>&nbsp;<\/p>\n<p><em>\u201cSi bien los oc\u00e9anos del mundo se est\u00e1n calentando en promedio a una velocidad de casi dos d\u00e9cimas de grado por d\u00e9cada, cifra similar a la del calentamiento atmosf\u00e9rico, vemos en nuestro an\u00e1lisis un n\u00famero superior a medio grado por cada d\u00e9cada; es decir, que cada 20 a\u00f1os la temperatura ha aumentado en un grado. Puede no parecer mucho, porque entre invierno y verano o d\u00eda y noche hay muchas oscilaciones, pero a los ecosistemas costeros les provoca un impacto importante\u201d<\/em>, alert\u00f3 S\u00e1nchez Cabeza.<\/p>\n<p>&nbsp;<\/p>\n<p>&nbsp;<\/p>\n<p>El incremento est\u00e1 relacionado con el calentamiento global inducido por el ser humano, que aumenta las temperaturas superficiales del agua de mar en el orbe, detall\u00f3.<\/p>\n<p>&nbsp;<\/p>\n<p>&nbsp;<\/p>\n<p>En el caso de la zona costera de Mazatl\u00e1n \u2013que es m\u00e1s r\u00e1pido\u2013 podr\u00eda deberse a diversos factores, como efectos causados por la poca profundidad del l\u00edquido, influencia creciente del agua superficial tropical m\u00e1s c\u00e1lida transportada por la corriente costera mexicana y el traslado de aguas m\u00e1s c\u00e1lidas procedentes del Pac\u00edfico Occidental durante los eventos de El Ni\u00f1o.<\/p>\n<p>&nbsp;<\/p>\n<p>&nbsp;<\/p>\n<p>Sin embargo, <strong><em>\u201cno tenemos una explicaci\u00f3n clara; sabemos que los sistemas marinos alrededor del planeta no son homog\u00e9neos. No se calienta lo mismo un lugar que otro: en uno puede haber corrientes m\u00e1s fr\u00edas que en otro, o hay mezcla vertical que trae agua fr\u00eda y en otros lados no. Ninguno de estos procesos es id\u00e9ntico en todos los lugares\u201d,<\/em><\/strong> coment\u00f3.<\/p>\n<p>&nbsp;<\/p>\n<p>&nbsp;<\/p>\n<p>S\u00e1nchez Cabeza detall\u00f3 que en colaboraci\u00f3n con Fran\u00e7ois Colas, del Instituto de Investigaci\u00f3n para el Desarrollo de Francia (IRD, por sus siglas en franc\u00e9s), <strong><em>\u201cestamos desarrollando un modelo num\u00e9rico, y esperamos que nos d\u00e9 una respuesta m\u00e1s concreta de la raz\u00f3n de este calentamiento. El hecho es que est\u00e1 ocurriendo. Es una observaci\u00f3n de campo con datos duros que nos lleva a sacar dicha conclusi\u00f3n\u201d<\/em>,<\/strong> a\u00f1adi\u00f3 el investigador del ICML.<\/p>\n<p>&nbsp;<\/p>\n<p>&nbsp;<\/p>\n<p>S\u00e1nchez Cabeza especific\u00f3 que el escenario del incremento en siete grados Celsius para 2100, ser\u00eda el m\u00e1s catastr\u00f3fico, pues \u201cc<em><strong>uesta trabajo creer que se mantendr\u00e1 hasta final de siglo porque el aumento es espectacular\u201d.<\/strong> <\/em>De continuar, es realmente significativo, principalmente para los ecosistemas.<\/p>\n<p>&nbsp;<\/p>\n<h3>Afectaciones<\/h3>\n<p>&nbsp;<\/p>\n<p>El especialista en calentamiento global y cambio clim\u00e1tico apunt\u00f3 que es necesario pensar en los organismos de la regi\u00f3n, como los peces. Aunque tienen cierto grado de tolerancia a cambios de la temperatura, \u201c<strong><em>muchos no pueden vivir por debajo o por arriba de cierto nivel de temperatura, lo que provoca que aquellos que se pueden mover, migren. Eso ya est\u00e1 ocurriendo desde hace d\u00e9cadas; algunas especies del Atl\u00e1ntico Norte se han desplazado m\u00e1s al norte buscando aguas m\u00e1s fr\u00edas\u201d.<\/em><\/strong><\/p>\n<p>&nbsp;<\/p>\n<p>&nbsp;<\/p>\n<p>Con esta tendencia, argument\u00f3, habr\u00e1 algunas que desaparecer\u00e1n de manera progresiva por este traslado; el ecosistema se va a transformar. No se pude generalizar, porque depende de cada una; pero, en general, se modificar\u00e1n, como ocurre en otras partes del mundo.<\/p>\n<p>&nbsp;<\/p>\n<p>&nbsp;<\/p>\n<p>Explic\u00f3 que este es el impacto local\/regional, pero al calentamiento se sumar\u00e1n otras situaciones: las aguas cada vez tienen m\u00e1s materia org\u00e1nica, lo que provoca que descienda el ox\u00edgeno; el aumento en la temperatura del planeta ocasiona que el nivel del mar suba. Esto afecta a las zonas m\u00e1s sensibles: las costeras.<\/p>\n<p>&nbsp;<\/p>\n<p>&nbsp;<\/p>\n<p>En el caso de la Bah\u00eda de Mazatl\u00e1n ser\u00e1n aguas m\u00e1s contaminadas y pobres de ox\u00edgeno, lo que generar\u00e1 problemas para las comunidades pesqueras. Aunque estos cambios son lentos y es dif\u00edcil percibirlos, la situaci\u00f3n se presenta. Las temperaturas cada vez ser\u00e1n m\u00e1s extremas, sentenci\u00f3 S\u00e1nchez Cabeza.<\/p>\n<p>&nbsp;<\/p>\n<h4>Da\u00f1o permanente<\/h4>\n<p>&nbsp;<\/p>\n<p>El experto precis\u00f3 que la subida menor de temperatura tambi\u00e9n transformar\u00eda de manera permanente el ecosistema de la Bah\u00eda de Mazatl\u00e1n, por lo cual es necesario tomar medidas lo m\u00e1s pronto posible para paliar sus efectos.<\/p>\n<p>&nbsp;<\/p>\n<p>&nbsp;<\/p>\n<p><strong><em>\u201cEse escenario es un c\u00e1lculo en un papel; no decimos que vaya a ocurrir, pero es posible y ser\u00eda el m\u00e1s catastr\u00f3fico. Por ejemplo, todos hemos escuchado del blanqueamiento de los corales: cuando hay eventos que suben dos o tres grados la temperatura m\u00e1xima de las aguas del Caribe, una gran parte de los corales se blanquea, y no todos se recuperan de estos eventos provocados por el calentamiento\u201d<\/em><\/strong>, consider\u00f3 Joan Albert S\u00e1nchez.<\/p>\n<p>&nbsp;<\/p>\n<p>&nbsp;<\/p>\n<p>Dijo que el planeta se calienta sobre todo porque consumimos combustibles f\u00f3siles, lo que produce di\u00f3xido de carbono y causa lo que conocemos como efecto invernadero. La fuente m\u00e1s importante somos nosotros y nuestros veh\u00edculos.<\/p>\n<p>&nbsp;<\/p>\n<p>&nbsp;<\/p>\n<p>El universitario consider\u00f3 que es un problema multifactorial. <strong><em>\u201cLos gobiernos deben decidir c\u00f3mo generan su energ\u00eda y si se da prioridad a las energ\u00edas limpias o a los combustibles f\u00f3siles. Los gobiernos tienen el papel important\u00edsimo de modular lo que hace la poblaci\u00f3n en una direcci\u00f3n u otra\u201d.<\/em><\/strong><\/p>\n<p>&nbsp;<\/p>\n<p>&nbsp;<\/p>\n<p>Para el cient\u00edfico, el mensaje principal es que la responsabilidad es de cada uno de nosotros, qu\u00e9 hacemos porque somos muchos y ejercemos una enorme presi\u00f3n sobre el planeta. El cambio que se debe producir es uno cultural en cada persona; tenemos que ser conscientes de que cada acci\u00f3n que realizamos o lo que consumimos, o qu\u00e9 veh\u00edculo usamos para transportarnos, contribuye a este impacto.<\/p>\n<p>&nbsp;<\/p>\n<p>&nbsp;<\/p>\n<p><strong><em>\u201cEso se ve a escala local y global: tenemos contaminaci\u00f3n, aumento del nivel del mar, destrucci\u00f3n de la zona costera\u2026 El da\u00f1o que le estamos haciendo al planeta es impresionante. Tenemos que empezar a aprender a convivir con \u00e9l, porque si no, la vida se nos har\u00e1 muy dif\u00edcil\u201d<\/em><\/strong>, advirti\u00f3. (UNAM)<\/p>\n<p>&nbsp;<\/p>\n<p>&nbsp;<\/p>\n<p>(Publicada el 26\/03\/2022)<\/p>\n","protected":false},"excerpt":{"rendered":"<p>CIUDAD DE M\u00c9XICO. MX. \u2014 El agua de la Bah\u00eda de Mazatl\u00e1n se calienta m\u00e1s&#8230;<\/p>\n","protected":false},"author":1,"featured_media":135715,"comment_status":"open","ping_status":"open","sticky":false,"template":"","format":"standard","meta":{"_monsterinsights_skip_tracking":false,"_monsterinsights_sitenote_active":false,"_monsterinsights_sitenote_note":"","_monsterinsights_sitenote_category":0,"footnotes":""},"categories":[5],"tags":[],"class_list":["post"],"yoast_head":" \n<title>Sonora en Equipo. El agua de Mazatl\u00e1n se calienta m\u00e1s r\u00e1pido que el promedio de los oc\u00e9anos del mundo Rep\u00fablica<\/title>\n<meta name=\"description\" content=\"CIUDAD DE M\u00c9XICO. MX. \u2014 El agua de la Bah\u00eda de Mazatl\u00e1n se calienta m\u00e1s r\u00e1pido que el promedio de los oc\u00e9anos del mundo. Durante los \u00faltimos 40 a\u00f1os se En Sonora en Equipo publicamos toda la informaci\u00f3n de Sonora, M\u00e9xico y el Mundo de manera oportuna y busca que la libertad de expresi\u00f3n sea real. Visita nuestro medio informativo publicado desde Hermosillo, Sonora. %\" \/>\n<meta name=\"robots\" content=\"index, follow, max-snippet:-1, max-image-preview:large, max-video-preview:-1\" \/>\n<link rel=\"canonical\" href=\"https:\/\/www.sonoraenequipo.com.mx\/el-agua-de-mazatlan-se-calienta-mas-rapido-que-el-promedio-de-los-oceanos-del-mundo\/\" \/>\n<meta property=\"og:locale\" content=\"es_ES\" \/>\n<meta property=\"og:type\" content=\"article\" \/>\n<meta property=\"og:title\" content=\"Sonora en Equipo. El agua de Mazatl\u00e1n se calienta m\u00e1s r\u00e1pido que el promedio de los oc\u00e9anos del mundo Rep\u00fablica\" \/>\n<meta property=\"og:description\" content=\"CIUDAD DE M\u00c9XICO. MX. \u2014 El agua de la Bah\u00eda de Mazatl\u00e1n se calienta m\u00e1s r\u00e1pido que el promedio de los oc\u00e9anos del mundo. Durante los \u00faltimos 40 a\u00f1os se En Sonora en Equipo publicamos toda la informaci\u00f3n de Sonora, M\u00e9xico y el Mundo de manera oportuna y busca que la libertad de expresi\u00f3n sea real. Visita nuestro medio informativo publicado desde Hermosillo, Sonora. %\" \/>\n<meta property=\"og:url\" content=\"https:\/\/www.sonoraenequipo.com.mx\/el-agua-de-mazatlan-se-calienta-mas-rapido-que-el-promedio-de-los-oceanos-del-mundo\/\" \/>\n<meta property=\"og:site_name\" content=\"Sonora en Equipo.\" \/>\n<meta property=\"article:publisher\" content=\"https:\/\/www.facebook.com\/SonoraEE\/\" \/>\n<meta property=\"article:author\" content=\"https:\/\/www.facebook.com\/SonoraEE\" \/>\n<meta property=\"article:published_time\" content=\"2022-03-26T06:15:07+00:00\" \/>\n<meta property=\"article:modified_time\" content=\"2022-03-27T04:43:38+00:00\" \/>\n<meta property=\"og:image\" content=\"https:\/\/www.sonoraenequipo.com.mx\/storage\/2022\/03\/mazatlan_opt.jpg\" \/>\n\t<meta property=\"og:image:width\" content=\"711\" \/>\n\t<meta property=\"og:image:height\" content=\"400\" \/>\n\t<meta property=\"og:image:type\" content=\"image\/jpeg\" \/>\n<meta name=\"author\" content=\"enequipo\" \/>\n<meta name=\"twitter:card\" content=\"summary_large_image\" \/>\n<meta name=\"twitter:creator\" content=\"@sonoraenequipo\" \/>\n<meta name=\"twitter:site\" content=\"@sonoraenequipo\" \/>\n<meta name=\"twitter:label1\" content=\"Escrito por\" \/>\n\t<meta name=\"twitter:data1\" content=\"enequipo\" \/>\n\t<meta name=\"twitter:label2\" content=\"Tiempo de lectura\" \/>\n\t<meta name=\"twitter:data2\" content=\"6 minutos\" \/>\n<script type=\"application\/ld+json\" class=\"yoast-schema-graph\">{\"@context\":\"https:\/\/schema.org\",\"@graph\":[{\"@type\":\"Article\",\"@id\":\"https:\/\/www.sonoraenequipo.com.mx\/el-agua-de-mazatlan-se-calienta-mas-rapido-que-el-promedio-de-los-oceanos-del-mundo\/#article\",\"isPartOf\":{\"@id\":\"https:\/\/www.sonoraenequipo.com.mx\/el-agua-de-mazatlan-se-calienta-mas-rapido-que-el-promedio-de-los-oceanos-del-mundo\/\"},\"author\":{\"name\":\"enequipo\",\"@id\":\"https:\/\/www.sonoraenequipo.com.mx\/#\/schema\/person\/50102df0fb23a8fa9e8effad8fa81386\"},\"headline\":\"El agua de Mazatl\u00e1n se calienta m\u00e1s r\u00e1pido que el promedio de los oc\u00e9anos del mundo\",\"datePublished\":\"2022-03-26T06:15:07+00:00\",\"dateModified\":\"2022-03-27T04:43:38+00:00\",\"mainEntityOfPage\":{\"@id\":\"https:\/\/www.sonoraenequipo.com.mx\/el-agua-de-mazatlan-se-calienta-mas-rapido-que-el-promedio-de-los-oceanos-del-mundo\/\"},\"wordCount\":1241,\"commentCount\":0,\"publisher\":{\"@id\":\"https:\/\/www.sonoraenequipo.com.mx\/#organization\"},\"image\":{\"@id\":\"https:\/\/www.sonoraenequipo.com.mx\/el-agua-de-mazatlan-se-calienta-mas-rapido-que-el-promedio-de-los-oceanos-del-mundo\/#primaryimage\"},\"thumbnailUrl\":\"https:\/\/www.sonoraenequipo.com.mx\/storage\/2022\/03\/mazatlan_opt.jpg\",\"articleSection\":[\"Rep\u00fablica\"],\"inLanguage\":\"es\",\"potentialAction\":[{\"@type\":\"CommentAction\",\"name\":\"Comment\",\"target\":[\"https:\/\/www.sonoraenequipo.com.mx\/el-agua-de-mazatlan-se-calienta-mas-rapido-que-el-promedio-de-los-oceanos-del-mundo\/#respond\"]}]},{\"@type\":\"WebPage\",\"@id\":\"https:\/\/www.sonoraenequipo.com.mx\/el-agua-de-mazatlan-se-calienta-mas-rapido-que-el-promedio-de-los-oceanos-del-mundo\/\",\"url\":\"https:\/\/www.sonoraenequipo.com.mx\/el-agua-de-mazatlan-se-calienta-mas-rapido-que-el-promedio-de-los-oceanos-del-mundo\/\",\"name\":\"Sonora en Equipo. El agua de Mazatl\u00e1n se calienta m\u00e1s r\u00e1pido que el promedio de los oc\u00e9anos del mundo Rep\u00fablica\",\"isPartOf\":{\"@id\":\"https:\/\/www.sonoraenequipo.com.mx\/#website\"},\"primaryImageOfPage\":{\"@id\":\"https:\/\/www.sonoraenequipo.com.mx\/el-agua-de-mazatlan-se-calienta-mas-rapido-que-el-promedio-de-los-oceanos-del-mundo\/#primaryimage\"},\"image\":{\"@id\":\"https:\/\/www.sonoraenequipo.com.mx\/el-agua-de-mazatlan-se-calienta-mas-rapido-que-el-promedio-de-los-oceanos-del-mundo\/#primaryimage\"},\"thumbnailUrl\":\"https:\/\/www.sonoraenequipo.com.mx\/storage\/2022\/03\/mazatlan_opt.jpg\",\"datePublished\":\"2022-03-26T06:15:07+00:00\",\"dateModified\":\"2022-03-27T04:43:38+00:00\",\"description\":\"CIUDAD DE M\u00c9XICO. MX. \u2014 El agua de la Bah\u00eda de Mazatl\u00e1n se calienta m\u00e1s r\u00e1pido que el promedio de los oc\u00e9anos del mundo. Durante los \u00faltimos 40 a\u00f1os se En Sonora en Equipo publicamos toda la informaci\u00f3n de Sonora, M\u00e9xico y el Mundo de manera oportuna y busca que la libertad de expresi\u00f3n sea real. Visita nuestro medio informativo publicado desde Hermosillo, Sonora. %\",\"breadcrumb\":{\"@id\":\"https:\/\/www.sonoraenequipo.com.mx\/el-agua-de-mazatlan-se-calienta-mas-rapido-que-el-promedio-de-los-oceanos-del-mundo\/#breadcrumb\"},\"inLanguage\":\"es\",\"potentialAction\":[{\"@type\":\"ReadAction\",\"target\":[\"https:\/\/www.sonoraenequipo.com.mx\/el-agua-de-mazatlan-se-calienta-mas-rapido-que-el-promedio-de-los-oceanos-del-mundo\/\"]}]},{\"@type\":\"ImageObject\",\"inLanguage\":\"es\",\"@id\":\"https:\/\/www.sonoraenequipo.com.mx\/el-agua-de-mazatlan-se-calienta-mas-rapido-que-el-promedio-de-los-oceanos-del-mundo\/#primaryimage\",\"url\":\"https:\/\/www.sonoraenequipo.com.mx\/storage\/2022\/03\/mazatlan_opt.jpg\",\"contentUrl\":\"https:\/\/www.sonoraenequipo.com.mx\/storage\/2022\/03\/mazatlan_opt.jpg\",\"width\":711,\"height\":400},{\"@type\":\"BreadcrumbList\",\"@id\":\"https:\/\/www.sonoraenequipo.com.mx\/el-agua-de-mazatlan-se-calienta-mas-rapido-que-el-promedio-de-los-oceanos-del-mundo\/#breadcrumb\",\"itemListElement\":[{\"@type\":\"ListItem\",\"position\":1,\"name\":\"Portada\",\"item\":\"https:\/\/www.sonoraenequipo.com.mx\/\"},{\"@type\":\"ListItem\",\"position\":2,\"name\":\"El agua de Mazatl\u00e1n se calienta m\u00e1s r\u00e1pido que el promedio de los oc\u00e9anos del mundo\"}]},{\"@type\":\"WebSite\",\"@id\":\"https:\/\/www.sonoraenequipo.com.mx\/#website\",\"url\":\"https:\/\/www.sonoraenequipo.com.mx\/\",\"name\":\"Sonora en Equipo.\",\"description\":\"Diario en l\u00ednea con Noticias desde Hermosillo, Sonora\",\"publisher\":{\"@id\":\"https:\/\/www.sonoraenequipo.com.mx\/#organization\"},\"potentialAction\":[{\"@type\":\"SearchAction\",\"target\":{\"@type\":\"EntryPoint\",\"urlTemplate\":\"https:\/\/www.sonoraenequipo.com.mx\/?s={search_term_string}\"},\"query-input\":{\"@type\":\"PropertyValueSpecification\",\"valueRequired\":true,\"valueName\":\"search_term_string\"}}],\"inLanguage\":\"es\"},{\"@type\":\"Organization\",\"@id\":\"https:\/\/www.sonoraenequipo.com.mx\/#organization\",\"name\":\"Sonoraenequipo.com.mx\",\"url\":\"https:\/\/www.sonoraenequipo.com.mx\/\",\"logo\":{\"@type\":\"ImageObject\",\"inLanguage\":\"es\",\"@id\":\"https:\/\/www.sonoraenequipo.com.mx\/#\/schema\/logo\/image\/\",\"url\":\"https:\/\/www.sonoraenequipo.com.mx\/storage\/2019\/01\/sonoraenequipo_opt.png\",\"contentUrl\":\"https:\/\/www.sonoraenequipo.com.mx\/storage\/2019\/01\/sonoraenequipo_opt.png\",\"width\":375,\"height\":125,\"caption\":\"Sonoraenequipo.com.mx\"},\"image\":{\"@id\":\"https:\/\/www.sonoraenequipo.com.mx\/#\/schema\/logo\/image\/\"},\"sameAs\":[\"https:\/\/www.facebook.com\/SonoraEE\/\",\"https:\/\/x.com\/sonoraenequipo\",\"https:\/\/www.youtube.com\/channel\/UC338nW-lPEYmJQs4ZABQ1SQ\"]},{\"@type\":\"Person\",\"@id\":\"https:\/\/www.sonoraenequipo.com.mx\/#\/schema\/person\/50102df0fb23a8fa9e8effad8fa81386\",\"name\":\"enequipo\",\"image\":{\"@type\":\"ImageObject\",\"inLanguage\":\"es\",\"@id\":\"https:\/\/www.sonoraenequipo.com.mx\/#\/schema\/person\/image\/\",\"url\":\"https:\/\/secure.gravatar.com\/avatar\/049821681b589dabc0bc20695993ccebb09f5b5d4d790cd9251b97faac7c652b?s=96&d=blank&r=g\",\"contentUrl\":\"https:\/\/secure.gravatar.com\/avatar\/049821681b589dabc0bc20695993ccebb09f5b5d4d790cd9251b97faac7c652b?s=96&d=blank&r=g\",\"caption\":\"enequipo\"},\"sameAs\":[\"https:\/\/www.facebook.com\/SonoraEE\"]}]}<\/script>\n ","yoast_head_json":{"title":"Sonora en Equipo. El agua de Mazatl\u00e1n se calienta m\u00e1s r\u00e1pido que el promedio de los oc\u00e9anos del mundo Rep\u00fablica","description":"CIUDAD DE M\u00c9XICO. MX. \u2014 El agua de la Bah\u00eda de Mazatl\u00e1n se calienta m\u00e1s r\u00e1pido que el promedio de los oc\u00e9anos del mundo. Durante los \u00faltimos 40 a\u00f1os se En Sonora en Equipo publicamos toda la informaci\u00f3n de Sonora, M\u00e9xico y el Mundo de manera oportuna y busca que la libertad de expresi\u00f3n sea real. Visita nuestro medio informativo publicado desde Hermosillo, Sonora. %","robots":{"index":"index","follow":"follow","max-snippet":"max-snippet:-1","max-image-preview":"max-image-preview:large","max-video-preview":"max-video-preview:-1"},"canonical":"https:\/\/www.sonoraenequipo.com.mx\/el-agua-de-mazatlan-se-calienta-mas-rapido-que-el-promedio-de-los-oceanos-del-mundo\/","og_locale":"es_ES","og_type":"article","og_title":"Sonora en Equipo. El agua de Mazatl\u00e1n se calienta m\u00e1s r\u00e1pido que el promedio de los oc\u00e9anos del mundo Rep\u00fablica","og_description":"CIUDAD DE M\u00c9XICO. MX. \u2014 El agua de la Bah\u00eda de Mazatl\u00e1n se calienta m\u00e1s r\u00e1pido que el promedio de los oc\u00e9anos del mundo. Durante los \u00faltimos 40 a\u00f1os se En Sonora en Equipo publicamos toda la informaci\u00f3n de Sonora, M\u00e9xico y el Mundo de manera oportuna y busca que la libertad de expresi\u00f3n sea real. Visita nuestro medio informativo publicado desde Hermosillo, Sonora. %","og_url":"https:\/\/www.sonoraenequipo.com.mx\/el-agua-de-mazatlan-se-calienta-mas-rapido-que-el-promedio-de-los-oceanos-del-mundo\/","og_site_name":"Sonora en Equipo.","article_publisher":"https:\/\/www.facebook.com\/SonoraEE\/","article_author":"https:\/\/www.facebook.com\/SonoraEE","article_published_time":"2022-03-26T06:15:07+00:00","article_modified_time":"2022-03-27T04:43:38+00:00","og_image":[{"width":711,"height":400,"url":"https:\/\/www.sonoraenequipo.com.mx\/storage\/2022\/03\/mazatlan_opt.jpg","type":"image\/jpeg"}],"author":"enequipo","twitter_card":"summary_large_image","twitter_creator":"@sonoraenequipo","twitter_site":"@sonoraenequipo","twitter_misc":{"Escrito por":"enequipo","Tiempo de lectura":"6 minutos"},"schema":{"@context":"https:\/\/schema.org","@graph":[{"@type":"Article","@id":"https:\/\/www.sonoraenequipo.com.mx\/el-agua-de-mazatlan-se-calienta-mas-rapido-que-el-promedio-de-los-oceanos-del-mundo\/#article","isPartOf":{"@id":"https:\/\/www.sonoraenequipo.com.mx\/el-agua-de-mazatlan-se-calienta-mas-rapido-que-el-promedio-de-los-oceanos-del-mundo\/"},"author":{"name":"enequipo","@id":"https:\/\/www.sonoraenequipo.com.mx\/#\/schema\/person\/50102df0fb23a8fa9e8effad8fa81386"},"headline":"El agua de Mazatl\u00e1n se calienta m\u00e1s r\u00e1pido que el promedio de los oc\u00e9anos del mundo","datePublished":"2022-03-26T06:15:07+00:00","dateModified":"2022-03-27T04:43:38+00:00","mainEntityOfPage":{"@id":"https:\/\/www.sonoraenequipo.com.mx\/el-agua-de-mazatlan-se-calienta-mas-rapido-que-el-promedio-de-los-oceanos-del-mundo\/"},"wordCount":1241,"commentCount":0,"publisher":{"@id":"https:\/\/www.sonoraenequipo.com.mx\/#organization"},"image":{"@id":"https:\/\/www.sonoraenequipo.com.mx\/el-agua-de-mazatlan-se-calienta-mas-rapido-que-el-promedio-de-los-oceanos-del-mundo\/#primaryimage"},"thumbnailUrl":"https:\/\/www.sonoraenequipo.com.mx\/storage\/2022\/03\/mazatlan_opt.jpg","articleSection":["Rep\u00fablica"],"inLanguage":"es","potentialAction":[{"@type":"CommentAction","name":"Comment","target":["https:\/\/www.sonoraenequipo.com.mx\/el-agua-de-mazatlan-se-calienta-mas-rapido-que-el-promedio-de-los-oceanos-del-mundo\/#respond"]}]},{"@type":"WebPage","@id":"https:\/\/www.sonoraenequipo.com.mx\/el-agua-de-mazatlan-se-calienta-mas-rapido-que-el-promedio-de-los-oceanos-del-mundo\/","url":"https:\/\/www.sonoraenequipo.com.mx\/el-agua-de-mazatlan-se-calienta-mas-rapido-que-el-promedio-de-los-oceanos-del-mundo\/","name":"Sonora en Equipo. El agua de Mazatl\u00e1n se calienta m\u00e1s r\u00e1pido que el promedio de los oc\u00e9anos del mundo Rep\u00fablica","isPartOf":{"@id":"https:\/\/www.sonoraenequipo.com.mx\/#website"},"primaryImageOfPage":{"@id":"https:\/\/www.sonoraenequipo.com.mx\/el-agua-de-mazatlan-se-calienta-mas-rapido-que-el-promedio-de-los-oceanos-del-mundo\/#primaryimage"},"image":{"@id":"https:\/\/www.sonoraenequipo.com.mx\/el-agua-de-mazatlan-se-calienta-mas-rapido-que-el-promedio-de-los-oceanos-del-mundo\/#primaryimage"},"thumbnailUrl":"https:\/\/www.sonoraenequipo.com.mx\/storage\/2022\/03\/mazatlan_opt.jpg","datePublished":"2022-03-26T06:15:07+00:00","dateModified":"2022-03-27T04:43:38+00:00","description":"CIUDAD DE M\u00c9XICO. MX. \u2014 El agua de la Bah\u00eda de Mazatl\u00e1n se calienta m\u00e1s r\u00e1pido que el promedio de los oc\u00e9anos del mundo. Durante los \u00faltimos 40 a\u00f1os se En Sonora en Equipo publicamos toda la informaci\u00f3n de Sonora, M\u00e9xico y el Mundo de manera oportuna y busca que la libertad de expresi\u00f3n sea real. Visita nuestro medio informativo publicado desde Hermosillo, Sonora. %","breadcrumb":{"@id":"https:\/\/www.sonoraenequipo.com.mx\/el-agua-de-mazatlan-se-calienta-mas-rapido-que-el-promedio-de-los-oceanos-del-mundo\/#breadcrumb"},"inLanguage":"es","potentialAction":[{"@type":"ReadAction","target":["https:\/\/www.sonoraenequipo.com.mx\/el-agua-de-mazatlan-se-calienta-mas-rapido-que-el-promedio-de-los-oceanos-del-mundo\/"]}]},{"@type":"ImageObject","inLanguage":"es","@id":"https:\/\/www.sonoraenequipo.com.mx\/el-agua-de-mazatlan-se-calienta-mas-rapido-que-el-promedio-de-los-oceanos-del-mundo\/#primaryimage","url":"https:\/\/www.sonoraenequipo.com.mx\/storage\/2022\/03\/mazatlan_opt.jpg","contentUrl":"https:\/\/www.sonoraenequipo.com.mx\/storage\/2022\/03\/mazatlan_opt.jpg","width":711,"height":400},{"@type":"BreadcrumbList","@id":"https:\/\/www.sonoraenequipo.com.mx\/el-agua-de-mazatlan-se-calienta-mas-rapido-que-el-promedio-de-los-oceanos-del-mundo\/#breadcrumb","itemListElement":[{"@type":"ListItem","position":1,"name":"Portada","item":"https:\/\/www.sonoraenequipo.com.mx\/"},{"@type":"ListItem","position":2,"name":"El agua de Mazatl\u00e1n se calienta m\u00e1s r\u00e1pido que el promedio de los oc\u00e9anos del mundo"}]},{"@type":"WebSite","@id":"https:\/\/www.sonoraenequipo.com.mx\/#website","url":"https:\/\/www.sonoraenequipo.com.mx\/","name":"Sonora en Equipo.","description":"Diario en l\u00ednea con Noticias desde Hermosillo, Sonora","publisher":{"@id":"https:\/\/www.sonoraenequipo.com.mx\/#organization"},"potentialAction":[{"@type":"SearchAction","target":{"@type":"EntryPoint","urlTemplate":"https:\/\/www.sonoraenequipo.com.mx\/?s={search_term_string}"},"query-input":{"@type":"PropertyValueSpecification","valueRequired":true,"valueName":"search_term_string"}}],"inLanguage":"es"},{"@type":"Organization","@id":"https:\/\/www.sonoraenequipo.com.mx\/#organization","name":"Sonoraenequipo.com.mx","url":"https:\/\/www.sonoraenequipo.com.mx\/","logo":{"@type":"ImageObject","inLanguage":"es","@id":"https:\/\/www.sonoraenequipo.com.mx\/#\/schema\/logo\/image\/","url":"https:\/\/www.sonoraenequipo.com.mx\/storage\/2019\/01\/sonoraenequipo_opt.png","contentUrl":"https:\/\/www.sonoraenequipo.com.mx\/storage\/2019\/01\/sonoraenequipo_opt.png","width":375,"height":125,"caption":"Sonoraenequipo.com.mx"},"image":{"@id":"https:\/\/www.sonoraenequipo.com.mx\/#\/schema\/logo\/image\/"},"sameAs":["https:\/\/www.facebook.com\/SonoraEE\/","https:\/\/x.com\/sonoraenequipo","https:\/\/www.youtube.com\/channel\/UC338nW-lPEYmJQs4ZABQ1SQ"]},{"@type":"Person","@id":"https:\/\/www.sonoraenequipo.com.mx\/#\/schema\/person\/50102df0fb23a8fa9e8effad8fa81386","name":"enequipo","image":{"@type":"ImageObject","inLanguage":"es","@id":"https:\/\/www.sonoraenequipo.com.mx\/#\/schema\/person\/image\/","url":"https:\/\/secure.gravatar.com\/avatar\/049821681b589dabc0bc20695993ccebb09f5b5d4d790cd9251b97faac7c652b?s=96&d=blank&r=g","contentUrl":"https:\/\/secure.gravatar.com\/avatar\/049821681b589dabc0bc20695993ccebb09f5b5d4d790cd9251b97faac7c652b?s=96&d=blank&r=g","caption":"enequipo"},"sameAs":["https:\/\/www.facebook.com\/SonoraEE"]}]}},"jetpack_featured_media_url":"https:\/\/www.sonoraenequipo.com.mx\/storage\/2022\/03\/mazatlan_opt.jpg","_links":{"self":[{"href":"https:\/\/www.sonoraenequipo.com.mx\/api\/wp\/v2\/posts\/135714","targetHints":{"allow":["GET"]}}],"collection":[{"href":"https:\/\/www.sonoraenequipo.com.mx\/api\/wp\/v2\/posts"}],"about":[{"href":"https:\/\/www.sonoraenequipo.com.mx\/api\/wp\/v2\/types\/post"}],"author":[{"embeddable":true,"href":"https:\/\/www.sonoraenequipo.com.mx\/api\/wp\/v2\/users\/1"}],"replies":[{"embeddable":true,"href":"https:\/\/www.sonoraenequipo.com.mx\/api\/wp\/v2\/comments?post=135714"}],"version-history":[{"count":1,"href":"https:\/\/www.sonoraenequipo.com.mx\/api\/wp\/v2\/posts\/135714\/revisions"}],"predecessor-version":[{"id":135716,"href":"https:\/\/www.sonoraenequipo.com.mx\/api\/wp\/v2\/posts\/135714\/revisions\/135716"}],"wp:featuredmedia":[{"embeddable":true,"href":"https:\/\/www.sonoraenequipo.com.mx\/api\/wp\/v2\/media\/135715"}],"wp:attachment":[{"href":"https:\/\/www.sonoraenequipo.com.mx\/api\/wp\/v2\/media?parent=135714"}],"wp:term":[{"taxonomy":"category","embeddable":true,"href":"https:\/\/www.sonoraenequipo.com.mx\/api\/wp\/v2\/categories?post=135714"},{"taxonomy":"post_tag","embeddable":true,"href":"https:\/\/www.sonoraenequipo.com.mx\/api\/wp\/v2\/tags?post=135714"}],"curies":[{"name":"wp","href":"https:\/\/api.w.org\/{rel}","templated":true}]}}