{"id":135725,"date":"2022-03-26T20:25:57","date_gmt":"2022-03-27T03:25:57","guid":{"rendered":"https:\/\/www.sonoraenequipo.com.mx\/?p=135725"},"modified":"2022-03-27T08:52:25","modified_gmt":"2022-03-27T15:52:25","slug":"resurge-en-oaxaca-la-tradicion-samaritana-tras-2-anos-de-pausa","status":"publish","type":"post","link":"https:\/\/www.sonoraenequipo.com.mx\/resurge-en-oaxaca-la-tradicion-samaritana-tras-2-anos-de-pausa\/","title":{"rendered":"Resurge en Oaxaca la tradici\u00f3n \u00abSamaritana\u00bb tras 2 a\u00f1os de pausa"},"content":{"rendered":"<p><strong>OAXACA, OAXACA. MX. \u2014<\/strong> Este a\u00f1o 2022, el cuarto viernes de Cuaresma trajo para los oaxaque\u00f1os una tradici\u00f3n querida y muy especial, la Samaritana. Desde los m\u00e1s peque\u00f1os hasta adultos mayores recorrieron las calles del Centro Hist\u00f3rico para tomar un vaso con agua de sabor.<\/p>\n<p>&nbsp;<\/p>\n<p> <\/p>\n<p>&nbsp;<\/p>\n<p>Hubo de jamaica, horchata, lim\u00f3n, naranja, chilacayota y dem\u00e1s frutas, que desaparecieron la sed en la boca y garganta de las y los oaxaque\u00f1os.<\/p>\n<p>&nbsp;<\/p>\n<p>El Andador Tur\u00edstico se vio lleno de propios y extra\u00f1os, quienes desde temprana hora acudieron a los puestos instalados por casas particulares, comercios y oficinas del gobierno estatal y municipal.<\/p>\n<p>&nbsp;<\/p>\n<p>Aproximadamente a las 11 de la ma\u00f1ana, el calor hizo acto de presencia en las diversas calles del centro, por lo que esta celebraci\u00f3n vino a mermar las necesidades de quienes transitaban bajo un sol que emanaba rayos sin piedad.<\/p>\n<p>&nbsp;<\/p>\n<h3>\nTradici\u00f3n basada en un relato b\u00edblico<\/h3>\n<p>&nbsp;<\/p>\n<p>Esta tradici\u00f3n oaxaque\u00f1a consiste en obsequiar a qui\u00e9n lo desee, aguas de sabores, en abierta referencia a uno de los pasajes de la Biblia, en espec\u00edfico del ap\u00f3stol Juan.<\/p>\n<p>&nbsp;<\/p>\n<p>En el relato, Jes\u00fas le pide agua a una mujer originaria de Samaria, por lo que la samaritana brinda el vital l\u00edquido al originario de Nazaret.<\/p>\n<p>&nbsp;<\/p>\n<p>De acuerdo con los registros hist\u00f3ricos de la entidad, este regalo fraterno para terminar con la sed de los dem\u00e1s, comenz\u00f3 en el siglo 19, pues los templos de San Francisco y La Merced regalaban agua a los fieles cat\u00f3licos que asist\u00edan a misa, como una iniciativa de los p\u00e1rrocos.<\/p>\n<p>&nbsp;<\/p>\n<h3>\nOaxaque\u00f1os festejan el regreso de la tradici\u00f3n<\/h3>\n<p>&nbsp;<\/p>\n<p>Para Rub\u00e9n, adulto oaxaque\u00f1o, la Samaritana representa una fecha que sirve para conmemorar y compartir con las dem\u00e1s personas; representa una oportunidad de hacer llegar a las personas una ayuda o apoyo.<\/p>\n<p>&nbsp;<\/p>\n<p>Destac\u00f3 que el regreso de esta tradici\u00f3n, luego de dos a\u00f1os de estar suspendida por la pandemia, permite volver a salir a las calles y conmemorar esta fecha que en Oaxaca es especial y est\u00e1 arraigada.<\/p>\n<p>&nbsp;<\/p>\n<p>Julia, adulta oaxaque\u00f1a, tambi\u00e9n festej\u00f3 el regreso de esta tradici\u00f3n a las calles de la capital oaxaque\u00f1a. \u201cLa verdad, es bonito ver que la gente conviva en paz, que se re\u00fanan los j\u00f3venes y que se organicen para visitar el centro y tomar un vaso de agua\u201d, afirm\u00f3.<\/p>\n<p>&nbsp;<\/p>\n<p><em>\u201cSiento que nos hac\u00eda falta este tipo de experiencias, pues es necesario que las personas volvamos a retomar lo que dejamos pendiente por el tema de la pandemia, por eso la importancia de este d\u00eda, en que con una sonrisa volvemos a salir a las calles\u201d<\/em>, precis\u00f3.<\/p>\n<p>&nbsp;<\/p>\n<p>Don Alfonso, adulto mayor, dijo que es importante retomar las tradiciones, pero tambi\u00e9n es importante que se sigan aplicando las medidas de prevenci\u00f3n que han sido dictaminadas por los tres \u00f3rdenes de gobierno.<\/p>\n<p>&nbsp;<\/p>\n<p><em>\u201cSe debe usar el cubrebocas y mantener la sana distancia para evitar que sigan los contagios de COVID-19. Es cierto que ya estamos en sem\u00e1foro Verde, pero requerimos tomar una actitud de prevenci\u00f3n\u201d<\/em>, destac\u00f3.<\/p>\n<p>&nbsp;<\/p>\n<p><em>\u201cConsidero que es bonito ver que retomamos las actividades, que regresamos un poco a lo que era nuestra vida antes de que llegara la pandemia, pero por eso mismo, pienso que esta es la oportunidad de que nosotros como oaxaque\u00f1os hagamos mejor las cosas\u201d<\/em>, finaliz\u00f3.<\/p>\n<p>&nbsp;<\/p>\n<p>&nbsp;<\/p>\n<p>(Publicada el 26\/03\/2022 \/Con informaci\u00f3n de Alexei Garc\u00eda \/ Fotos: Emilio Morales\/Alexei Garc\u00eda)<\/p>\n","protected":false},"excerpt":{"rendered":"<p>OAXACA, OAXACA. MX. \u2014 Este a\u00f1o 2022, el cuarto viernes de Cuaresma trajo para los&#8230;<\/p>\n","protected":false},"author":1,"featured_media":135726,"comment_status":"open","ping_status":"open","sticky":false,"template":"","format":"standard","meta":{"_monsterinsights_skip_tracking":false,"_monsterinsights_sitenote_active":false,"_monsterinsights_sitenote_note":"","_monsterinsights_sitenote_category":0,"footnotes":""},"categories":[5],"tags":[],"class_list":["post"],"yoast_head":" \n<title>Sonora en Equipo. Resurge en Oaxaca la tradici\u00f3n &quot;Samaritana&quot; tras 2 a\u00f1os de pausa Rep\u00fablica<\/title>\n<meta name=\"description\" content=\"OAXACA, OAXACA. MX. \u2014 Este a\u00f1o 2022, el cuarto viernes de Cuaresma trajo para los oaxaque\u00f1os una tradici\u00f3n querida y muy especial, la Samaritana. Desde En Sonora en Equipo publicamos toda la informaci\u00f3n de Sonora, M\u00e9xico y el Mundo de manera oportuna y busca que la libertad de expresi\u00f3n sea real. Visita nuestro medio informativo publicado desde Hermosillo, Sonora. %\" \/>\n<meta name=\"robots\" content=\"index, follow, max-snippet:-1, max-image-preview:large, max-video-preview:-1\" \/>\n<link rel=\"canonical\" href=\"https:\/\/www.sonoraenequipo.com.mx\/resurge-en-oaxaca-la-tradicion-samaritana-tras-2-anos-de-pausa\/\" \/>\n<meta property=\"og:locale\" content=\"es_ES\" \/>\n<meta property=\"og:type\" content=\"article\" \/>\n<meta property=\"og:title\" content=\"Sonora en Equipo. Resurge en Oaxaca la tradici\u00f3n &quot;Samaritana&quot; tras 2 a\u00f1os de pausa Rep\u00fablica\" \/>\n<meta property=\"og:description\" content=\"OAXACA, OAXACA. MX. \u2014 Este a\u00f1o 2022, el cuarto viernes de Cuaresma trajo para los oaxaque\u00f1os una tradici\u00f3n querida y muy especial, la Samaritana. Desde En Sonora en Equipo publicamos toda la informaci\u00f3n de Sonora, M\u00e9xico y el Mundo de manera oportuna y busca que la libertad de expresi\u00f3n sea real. Visita nuestro medio informativo publicado desde Hermosillo, Sonora. %\" \/>\n<meta property=\"og:url\" content=\"https:\/\/www.sonoraenequipo.com.mx\/resurge-en-oaxaca-la-tradicion-samaritana-tras-2-anos-de-pausa\/\" \/>\n<meta property=\"og:site_name\" content=\"Sonora en Equipo.\" \/>\n<meta property=\"article:publisher\" content=\"https:\/\/www.facebook.com\/SonoraEE\/\" \/>\n<meta property=\"article:author\" content=\"https:\/\/www.facebook.com\/SonoraEE\" \/>\n<meta property=\"article:published_time\" content=\"2022-03-27T03:25:57+00:00\" \/>\n<meta property=\"article:modified_time\" content=\"2022-03-27T15:52:25+00:00\" \/>\n<meta property=\"og:image\" content=\"https:\/\/www.sonoraenequipo.com.mx\/storage\/2022\/03\/sanmaritana_opt.jpg\" \/>\n\t<meta property=\"og:image:width\" content=\"700\" \/>\n\t<meta property=\"og:image:height\" content=\"400\" \/>\n\t<meta property=\"og:image:type\" content=\"image\/jpeg\" \/>\n<meta name=\"author\" content=\"enequipo\" \/>\n<meta name=\"twitter:card\" content=\"summary_large_image\" \/>\n<meta name=\"twitter:creator\" content=\"@sonoraenequipo\" \/>\n<meta name=\"twitter:site\" content=\"@sonoraenequipo\" \/>\n<meta name=\"twitter:label1\" content=\"Escrito por\" \/>\n\t<meta name=\"twitter:data1\" content=\"enequipo\" \/>\n\t<meta name=\"twitter:label2\" content=\"Tiempo de lectura\" \/>\n\t<meta name=\"twitter:data2\" content=\"3 minutos\" \/>\n<script type=\"application\/ld+json\" class=\"yoast-schema-graph\">{\"@context\":\"https:\/\/schema.org\",\"@graph\":[{\"@type\":\"Article\",\"@id\":\"https:\/\/www.sonoraenequipo.com.mx\/resurge-en-oaxaca-la-tradicion-samaritana-tras-2-anos-de-pausa\/#article\",\"isPartOf\":{\"@id\":\"https:\/\/www.sonoraenequipo.com.mx\/resurge-en-oaxaca-la-tradicion-samaritana-tras-2-anos-de-pausa\/\"},\"author\":{\"name\":\"enequipo\",\"@id\":\"https:\/\/www.sonoraenequipo.com.mx\/#\/schema\/person\/50102df0fb23a8fa9e8effad8fa81386\"},\"headline\":\"Resurge en Oaxaca la tradici\u00f3n \u00abSamaritana\u00bb tras 2 a\u00f1os de pausa\",\"datePublished\":\"2022-03-27T03:25:57+00:00\",\"dateModified\":\"2022-03-27T15:52:25+00:00\",\"mainEntityOfPage\":{\"@id\":\"https:\/\/www.sonoraenequipo.com.mx\/resurge-en-oaxaca-la-tradicion-samaritana-tras-2-anos-de-pausa\/\"},\"wordCount\":620,\"commentCount\":0,\"publisher\":{\"@id\":\"https:\/\/www.sonoraenequipo.com.mx\/#organization\"},\"image\":{\"@id\":\"https:\/\/www.sonoraenequipo.com.mx\/resurge-en-oaxaca-la-tradicion-samaritana-tras-2-anos-de-pausa\/#primaryimage\"},\"thumbnailUrl\":\"https:\/\/www.sonoraenequipo.com.mx\/storage\/2022\/03\/sanmaritana_opt.jpg\",\"articleSection\":[\"Rep\u00fablica\"],\"inLanguage\":\"es\",\"potentialAction\":[{\"@type\":\"CommentAction\",\"name\":\"Comment\",\"target\":[\"https:\/\/www.sonoraenequipo.com.mx\/resurge-en-oaxaca-la-tradicion-samaritana-tras-2-anos-de-pausa\/#respond\"]}]},{\"@type\":\"WebPage\",\"@id\":\"https:\/\/www.sonoraenequipo.com.mx\/resurge-en-oaxaca-la-tradicion-samaritana-tras-2-anos-de-pausa\/\",\"url\":\"https:\/\/www.sonoraenequipo.com.mx\/resurge-en-oaxaca-la-tradicion-samaritana-tras-2-anos-de-pausa\/\",\"name\":\"Sonora en Equipo. Resurge en Oaxaca la tradici\u00f3n \\\"Samaritana\\\" tras 2 a\u00f1os de pausa Rep\u00fablica\",\"isPartOf\":{\"@id\":\"https:\/\/www.sonoraenequipo.com.mx\/#website\"},\"primaryImageOfPage\":{\"@id\":\"https:\/\/www.sonoraenequipo.com.mx\/resurge-en-oaxaca-la-tradicion-samaritana-tras-2-anos-de-pausa\/#primaryimage\"},\"image\":{\"@id\":\"https:\/\/www.sonoraenequipo.com.mx\/resurge-en-oaxaca-la-tradicion-samaritana-tras-2-anos-de-pausa\/#primaryimage\"},\"thumbnailUrl\":\"https:\/\/www.sonoraenequipo.com.mx\/storage\/2022\/03\/sanmaritana_opt.jpg\",\"datePublished\":\"2022-03-27T03:25:57+00:00\",\"dateModified\":\"2022-03-27T15:52:25+00:00\",\"description\":\"OAXACA, OAXACA. MX. \u2014 Este a\u00f1o 2022, el cuarto viernes de Cuaresma trajo para los oaxaque\u00f1os una tradici\u00f3n querida y muy especial, la Samaritana. Desde En Sonora en Equipo publicamos toda la informaci\u00f3n de Sonora, M\u00e9xico y el Mundo de manera oportuna y busca que la libertad de expresi\u00f3n sea real. Visita nuestro medio informativo publicado desde Hermosillo, Sonora. %\",\"breadcrumb\":{\"@id\":\"https:\/\/www.sonoraenequipo.com.mx\/resurge-en-oaxaca-la-tradicion-samaritana-tras-2-anos-de-pausa\/#breadcrumb\"},\"inLanguage\":\"es\",\"potentialAction\":[{\"@type\":\"ReadAction\",\"target\":[\"https:\/\/www.sonoraenequipo.com.mx\/resurge-en-oaxaca-la-tradicion-samaritana-tras-2-anos-de-pausa\/\"]}]},{\"@type\":\"ImageObject\",\"inLanguage\":\"es\",\"@id\":\"https:\/\/www.sonoraenequipo.com.mx\/resurge-en-oaxaca-la-tradicion-samaritana-tras-2-anos-de-pausa\/#primaryimage\",\"url\":\"https:\/\/www.sonoraenequipo.com.mx\/storage\/2022\/03\/sanmaritana_opt.jpg\",\"contentUrl\":\"https:\/\/www.sonoraenequipo.com.mx\/storage\/2022\/03\/sanmaritana_opt.jpg\",\"width\":700,\"height\":400},{\"@type\":\"BreadcrumbList\",\"@id\":\"https:\/\/www.sonoraenequipo.com.mx\/resurge-en-oaxaca-la-tradicion-samaritana-tras-2-anos-de-pausa\/#breadcrumb\",\"itemListElement\":[{\"@type\":\"ListItem\",\"position\":1,\"name\":\"Portada\",\"item\":\"https:\/\/www.sonoraenequipo.com.mx\/\"},{\"@type\":\"ListItem\",\"position\":2,\"name\":\"Resurge en Oaxaca la tradici\u00f3n \u00abSamaritana\u00bb tras 2 a\u00f1os de pausa\"}]},{\"@type\":\"WebSite\",\"@id\":\"https:\/\/www.sonoraenequipo.com.mx\/#website\",\"url\":\"https:\/\/www.sonoraenequipo.com.mx\/\",\"name\":\"Sonora en Equipo.\",\"description\":\"Diario en l\u00ednea con Noticias desde Hermosillo, Sonora\",\"publisher\":{\"@id\":\"https:\/\/www.sonoraenequipo.com.mx\/#organization\"},\"potentialAction\":[{\"@type\":\"SearchAction\",\"target\":{\"@type\":\"EntryPoint\",\"urlTemplate\":\"https:\/\/www.sonoraenequipo.com.mx\/?s={search_term_string}\"},\"query-input\":{\"@type\":\"PropertyValueSpecification\",\"valueRequired\":true,\"valueName\":\"search_term_string\"}}],\"inLanguage\":\"es\"},{\"@type\":\"Organization\",\"@id\":\"https:\/\/www.sonoraenequipo.com.mx\/#organization\",\"name\":\"Sonoraenequipo.com.mx\",\"url\":\"https:\/\/www.sonoraenequipo.com.mx\/\",\"logo\":{\"@type\":\"ImageObject\",\"inLanguage\":\"es\",\"@id\":\"https:\/\/www.sonoraenequipo.com.mx\/#\/schema\/logo\/image\/\",\"url\":\"https:\/\/www.sonoraenequipo.com.mx\/storage\/2019\/01\/sonoraenequipo_opt.png\",\"contentUrl\":\"https:\/\/www.sonoraenequipo.com.mx\/storage\/2019\/01\/sonoraenequipo_opt.png\",\"width\":375,\"height\":125,\"caption\":\"Sonoraenequipo.com.mx\"},\"image\":{\"@id\":\"https:\/\/www.sonoraenequipo.com.mx\/#\/schema\/logo\/image\/\"},\"sameAs\":[\"https:\/\/www.facebook.com\/SonoraEE\/\",\"https:\/\/x.com\/sonoraenequipo\",\"https:\/\/www.youtube.com\/channel\/UC338nW-lPEYmJQs4ZABQ1SQ\"]},{\"@type\":\"Person\",\"@id\":\"https:\/\/www.sonoraenequipo.com.mx\/#\/schema\/person\/50102df0fb23a8fa9e8effad8fa81386\",\"name\":\"enequipo\",\"image\":{\"@type\":\"ImageObject\",\"inLanguage\":\"es\",\"@id\":\"https:\/\/www.sonoraenequipo.com.mx\/#\/schema\/person\/image\/\",\"url\":\"https:\/\/secure.gravatar.com\/avatar\/049821681b589dabc0bc20695993ccebb09f5b5d4d790cd9251b97faac7c652b?s=96&d=blank&r=g\",\"contentUrl\":\"https:\/\/secure.gravatar.com\/avatar\/049821681b589dabc0bc20695993ccebb09f5b5d4d790cd9251b97faac7c652b?s=96&d=blank&r=g\",\"caption\":\"enequipo\"},\"sameAs\":[\"https:\/\/www.facebook.com\/SonoraEE\"]}]}<\/script>\n ","yoast_head_json":{"title":"Sonora en Equipo. Resurge en Oaxaca la tradici\u00f3n \"Samaritana\" tras 2 a\u00f1os de pausa Rep\u00fablica","description":"OAXACA, OAXACA. MX. \u2014 Este a\u00f1o 2022, el cuarto viernes de Cuaresma trajo para los oaxaque\u00f1os una tradici\u00f3n querida y muy especial, la Samaritana. Desde En Sonora en Equipo publicamos toda la informaci\u00f3n de Sonora, M\u00e9xico y el Mundo de manera oportuna y busca que la libertad de expresi\u00f3n sea real. Visita nuestro medio informativo publicado desde Hermosillo, Sonora. %","robots":{"index":"index","follow":"follow","max-snippet":"max-snippet:-1","max-image-preview":"max-image-preview:large","max-video-preview":"max-video-preview:-1"},"canonical":"https:\/\/www.sonoraenequipo.com.mx\/resurge-en-oaxaca-la-tradicion-samaritana-tras-2-anos-de-pausa\/","og_locale":"es_ES","og_type":"article","og_title":"Sonora en Equipo. Resurge en Oaxaca la tradici\u00f3n \"Samaritana\" tras 2 a\u00f1os de pausa Rep\u00fablica","og_description":"OAXACA, OAXACA. MX. \u2014 Este a\u00f1o 2022, el cuarto viernes de Cuaresma trajo para los oaxaque\u00f1os una tradici\u00f3n querida y muy especial, la Samaritana. Desde En Sonora en Equipo publicamos toda la informaci\u00f3n de Sonora, M\u00e9xico y el Mundo de manera oportuna y busca que la libertad de expresi\u00f3n sea real. Visita nuestro medio informativo publicado desde Hermosillo, Sonora. %","og_url":"https:\/\/www.sonoraenequipo.com.mx\/resurge-en-oaxaca-la-tradicion-samaritana-tras-2-anos-de-pausa\/","og_site_name":"Sonora en Equipo.","article_publisher":"https:\/\/www.facebook.com\/SonoraEE\/","article_author":"https:\/\/www.facebook.com\/SonoraEE","article_published_time":"2022-03-27T03:25:57+00:00","article_modified_time":"2022-03-27T15:52:25+00:00","og_image":[{"width":700,"height":400,"url":"https:\/\/www.sonoraenequipo.com.mx\/storage\/2022\/03\/sanmaritana_opt.jpg","type":"image\/jpeg"}],"author":"enequipo","twitter_card":"summary_large_image","twitter_creator":"@sonoraenequipo","twitter_site":"@sonoraenequipo","twitter_misc":{"Escrito por":"enequipo","Tiempo de lectura":"3 minutos"},"schema":{"@context":"https:\/\/schema.org","@graph":[{"@type":"Article","@id":"https:\/\/www.sonoraenequipo.com.mx\/resurge-en-oaxaca-la-tradicion-samaritana-tras-2-anos-de-pausa\/#article","isPartOf":{"@id":"https:\/\/www.sonoraenequipo.com.mx\/resurge-en-oaxaca-la-tradicion-samaritana-tras-2-anos-de-pausa\/"},"author":{"name":"enequipo","@id":"https:\/\/www.sonoraenequipo.com.mx\/#\/schema\/person\/50102df0fb23a8fa9e8effad8fa81386"},"headline":"Resurge en Oaxaca la tradici\u00f3n \u00abSamaritana\u00bb tras 2 a\u00f1os de pausa","datePublished":"2022-03-27T03:25:57+00:00","dateModified":"2022-03-27T15:52:25+00:00","mainEntityOfPage":{"@id":"https:\/\/www.sonoraenequipo.com.mx\/resurge-en-oaxaca-la-tradicion-samaritana-tras-2-anos-de-pausa\/"},"wordCount":620,"commentCount":0,"publisher":{"@id":"https:\/\/www.sonoraenequipo.com.mx\/#organization"},"image":{"@id":"https:\/\/www.sonoraenequipo.com.mx\/resurge-en-oaxaca-la-tradicion-samaritana-tras-2-anos-de-pausa\/#primaryimage"},"thumbnailUrl":"https:\/\/www.sonoraenequipo.com.mx\/storage\/2022\/03\/sanmaritana_opt.jpg","articleSection":["Rep\u00fablica"],"inLanguage":"es","potentialAction":[{"@type":"CommentAction","name":"Comment","target":["https:\/\/www.sonoraenequipo.com.mx\/resurge-en-oaxaca-la-tradicion-samaritana-tras-2-anos-de-pausa\/#respond"]}]},{"@type":"WebPage","@id":"https:\/\/www.sonoraenequipo.com.mx\/resurge-en-oaxaca-la-tradicion-samaritana-tras-2-anos-de-pausa\/","url":"https:\/\/www.sonoraenequipo.com.mx\/resurge-en-oaxaca-la-tradicion-samaritana-tras-2-anos-de-pausa\/","name":"Sonora en Equipo. Resurge en Oaxaca la tradici\u00f3n \"Samaritana\" tras 2 a\u00f1os de pausa Rep\u00fablica","isPartOf":{"@id":"https:\/\/www.sonoraenequipo.com.mx\/#website"},"primaryImageOfPage":{"@id":"https:\/\/www.sonoraenequipo.com.mx\/resurge-en-oaxaca-la-tradicion-samaritana-tras-2-anos-de-pausa\/#primaryimage"},"image":{"@id":"https:\/\/www.sonoraenequipo.com.mx\/resurge-en-oaxaca-la-tradicion-samaritana-tras-2-anos-de-pausa\/#primaryimage"},"thumbnailUrl":"https:\/\/www.sonoraenequipo.com.mx\/storage\/2022\/03\/sanmaritana_opt.jpg","datePublished":"2022-03-27T03:25:57+00:00","dateModified":"2022-03-27T15:52:25+00:00","description":"OAXACA, OAXACA. MX. \u2014 Este a\u00f1o 2022, el cuarto viernes de Cuaresma trajo para los oaxaque\u00f1os una tradici\u00f3n querida y muy especial, la Samaritana. Desde En Sonora en Equipo publicamos toda la informaci\u00f3n de Sonora, M\u00e9xico y el Mundo de manera oportuna y busca que la libertad de expresi\u00f3n sea real. Visita nuestro medio informativo publicado desde Hermosillo, Sonora. %","breadcrumb":{"@id":"https:\/\/www.sonoraenequipo.com.mx\/resurge-en-oaxaca-la-tradicion-samaritana-tras-2-anos-de-pausa\/#breadcrumb"},"inLanguage":"es","potentialAction":[{"@type":"ReadAction","target":["https:\/\/www.sonoraenequipo.com.mx\/resurge-en-oaxaca-la-tradicion-samaritana-tras-2-anos-de-pausa\/"]}]},{"@type":"ImageObject","inLanguage":"es","@id":"https:\/\/www.sonoraenequipo.com.mx\/resurge-en-oaxaca-la-tradicion-samaritana-tras-2-anos-de-pausa\/#primaryimage","url":"https:\/\/www.sonoraenequipo.com.mx\/storage\/2022\/03\/sanmaritana_opt.jpg","contentUrl":"https:\/\/www.sonoraenequipo.com.mx\/storage\/2022\/03\/sanmaritana_opt.jpg","width":700,"height":400},{"@type":"BreadcrumbList","@id":"https:\/\/www.sonoraenequipo.com.mx\/resurge-en-oaxaca-la-tradicion-samaritana-tras-2-anos-de-pausa\/#breadcrumb","itemListElement":[{"@type":"ListItem","position":1,"name":"Portada","item":"https:\/\/www.sonoraenequipo.com.mx\/"},{"@type":"ListItem","position":2,"name":"Resurge en Oaxaca la tradici\u00f3n \u00abSamaritana\u00bb tras 2 a\u00f1os de pausa"}]},{"@type":"WebSite","@id":"https:\/\/www.sonoraenequipo.com.mx\/#website","url":"https:\/\/www.sonoraenequipo.com.mx\/","name":"Sonora en Equipo.","description":"Diario en l\u00ednea con Noticias desde Hermosillo, Sonora","publisher":{"@id":"https:\/\/www.sonoraenequipo.com.mx\/#organization"},"potentialAction":[{"@type":"SearchAction","target":{"@type":"EntryPoint","urlTemplate":"https:\/\/www.sonoraenequipo.com.mx\/?s={search_term_string}"},"query-input":{"@type":"PropertyValueSpecification","valueRequired":true,"valueName":"search_term_string"}}],"inLanguage":"es"},{"@type":"Organization","@id":"https:\/\/www.sonoraenequipo.com.mx\/#organization","name":"Sonoraenequipo.com.mx","url":"https:\/\/www.sonoraenequipo.com.mx\/","logo":{"@type":"ImageObject","inLanguage":"es","@id":"https:\/\/www.sonoraenequipo.com.mx\/#\/schema\/logo\/image\/","url":"https:\/\/www.sonoraenequipo.com.mx\/storage\/2019\/01\/sonoraenequipo_opt.png","contentUrl":"https:\/\/www.sonoraenequipo.com.mx\/storage\/2019\/01\/sonoraenequipo_opt.png","width":375,"height":125,"caption":"Sonoraenequipo.com.mx"},"image":{"@id":"https:\/\/www.sonoraenequipo.com.mx\/#\/schema\/logo\/image\/"},"sameAs":["https:\/\/www.facebook.com\/SonoraEE\/","https:\/\/x.com\/sonoraenequipo","https:\/\/www.youtube.com\/channel\/UC338nW-lPEYmJQs4ZABQ1SQ"]},{"@type":"Person","@id":"https:\/\/www.sonoraenequipo.com.mx\/#\/schema\/person\/50102df0fb23a8fa9e8effad8fa81386","name":"enequipo","image":{"@type":"ImageObject","inLanguage":"es","@id":"https:\/\/www.sonoraenequipo.com.mx\/#\/schema\/person\/image\/","url":"https:\/\/secure.gravatar.com\/avatar\/049821681b589dabc0bc20695993ccebb09f5b5d4d790cd9251b97faac7c652b?s=96&d=blank&r=g","contentUrl":"https:\/\/secure.gravatar.com\/avatar\/049821681b589dabc0bc20695993ccebb09f5b5d4d790cd9251b97faac7c652b?s=96&d=blank&r=g","caption":"enequipo"},"sameAs":["https:\/\/www.facebook.com\/SonoraEE"]}]}},"jetpack_featured_media_url":"https:\/\/www.sonoraenequipo.com.mx\/storage\/2022\/03\/sanmaritana_opt.jpg","_links":{"self":[{"href":"https:\/\/www.sonoraenequipo.com.mx\/api\/wp\/v2\/posts\/135725","targetHints":{"allow":["GET"]}}],"collection":[{"href":"https:\/\/www.sonoraenequipo.com.mx\/api\/wp\/v2\/posts"}],"about":[{"href":"https:\/\/www.sonoraenequipo.com.mx\/api\/wp\/v2\/types\/post"}],"author":[{"embeddable":true,"href":"https:\/\/www.sonoraenequipo.com.mx\/api\/wp\/v2\/users\/1"}],"replies":[{"embeddable":true,"href":"https:\/\/www.sonoraenequipo.com.mx\/api\/wp\/v2\/comments?post=135725"}],"version-history":[{"count":1,"href":"https:\/\/www.sonoraenequipo.com.mx\/api\/wp\/v2\/posts\/135725\/revisions"}],"predecessor-version":[{"id":135729,"href":"https:\/\/www.sonoraenequipo.com.mx\/api\/wp\/v2\/posts\/135725\/revisions\/135729"}],"wp:featuredmedia":[{"embeddable":true,"href":"https:\/\/www.sonoraenequipo.com.mx\/api\/wp\/v2\/media\/135726"}],"wp:attachment":[{"href":"https:\/\/www.sonoraenequipo.com.mx\/api\/wp\/v2\/media?parent=135725"}],"wp:term":[{"taxonomy":"category","embeddable":true,"href":"https:\/\/www.sonoraenequipo.com.mx\/api\/wp\/v2\/categories?post=135725"},{"taxonomy":"post_tag","embeddable":true,"href":"https:\/\/www.sonoraenequipo.com.mx\/api\/wp\/v2\/tags?post=135725"}],"curies":[{"name":"wp","href":"https:\/\/api.w.org\/{rel}","templated":true}]}}