{"id":135730,"date":"2022-03-26T21:36:22","date_gmt":"2022-03-27T04:36:22","guid":{"rendered":"https:\/\/www.sonoraenequipo.com.mx\/?p=135730"},"modified":"2022-03-27T09:07:55","modified_gmt":"2022-03-27T16:07:55","slug":"ya-ubicaste-tu-casilla-para-votar-en-la-revocacion-de-mandato-presidencial-aqui-puedes-buscarla","status":"publish","type":"post","link":"https:\/\/www.sonoraenequipo.com.mx\/ya-ubicaste-tu-casilla-para-votar-en-la-revocacion-de-mandato-presidencial-aqui-puedes-buscarla\/","title":{"rendered":"Ubica tu casilla para votar en la Revocaci\u00f3n de Mandato presidencial aqu\u00ed"},"content":{"rendered":"<p><strong>CIUDAD DE M\u00c9XICO. MX. \u2014<\/strong> El Instituto Nacional Electoral (INE) liber\u00f3 este d\u00eda el portal ubica tu casilla para conocer la ubicaci\u00f3n de las aproximadamente 57 mil casillas que se instalar\u00e1n en territorio nacional para el proceso de Revocaci\u00f3n de Mandato del presidente Andr\u00e9s Manuel L\u00f3pez Obrador.<\/p>\n<p>&nbsp;<\/p>\n<p> <\/p>\n<p>La votaci\u00f3n ser\u00e1 el pr\u00f3ximo 10 de abril y el portal <a href=\"https:\/\/ubicatucasilla.ine.mx\/\"><strong>https:\/\/ubicatucasilla.ine.mx\/<\/strong> <\/a>ya fue liberado para que los ciudadanos interesados conozcan el lugar para participar.<\/p>\n<p>&nbsp;<\/p>\n<p>Basta ingresar al sitio electr\u00f3nico y teclear la entidad y secci\u00f3n del INE para verificar el sitio d\u00f3nde se ubicar\u00e1 la caseta.<\/p>\n<p>&nbsp;<\/p>\n<p>\u00bfC\u00f3mo es la pregunta de la revocaci\u00f3n de mandato?<\/p>\n<p>&nbsp;<\/p>\n<p>\u00bfEst\u00e1s de acuerdo en que a Andr\u00e9s Manuel L\u00f3pez Obrador, Presidente de los Estados Unidos Mexicanos, se le revoque el mandato por p\u00e9rdida de la confianza o siga en la Presidencia de la Rep\u00fablica hasta que termine su periodo?<\/p>\n<p>&nbsp;<\/p>\n<p>Y vienen dos opciones: \u201cQu\u00e9 se le revoque el mandato por p\u00e9rdida de confianza\u201d es una de ellas, y la segunda indica \u201cQu\u00e9 siga en la Presidencia de la Rep\u00fablica\u201d.<\/p>\n<p>&nbsp;<\/p>\n<p><a href=\"https:\/\/ubicatucasilla.ine.mx\/\"><strong>https:\/\/ubicatucasilla.ine.mx\/<\/strong><\/a><\/p>\n<p>&nbsp;<\/p>\n<p>&nbsp;<\/p>\n<p>(Publicada el 26\/03\/2022)<\/p>\n","protected":false},"excerpt":{"rendered":"<p>CIUDAD DE M\u00c9XICO. MX. \u2014 El Instituto Nacional Electoral (INE) liber\u00f3 este d\u00eda el portal&#8230;<\/p>\n","protected":false},"author":1,"featured_media":135728,"comment_status":"open","ping_status":"open","sticky":false,"template":"","format":"standard","meta":{"_monsterinsights_skip_tracking":false,"_monsterinsights_sitenote_active":false,"_monsterinsights_sitenote_note":"","_monsterinsights_sitenote_category":0,"footnotes":""},"categories":[5],"tags":[],"class_list":["post"],"yoast_head":" \n<title>Sonora en Equipo. Ubica tu casilla para votar en la Revocaci\u00f3n de Mandato presidencial aqu\u00ed Rep\u00fablica<\/title>\n<meta name=\"description\" content=\"CIUDAD DE M\u00c9XICO. MX. \u2014 El Instituto Nacional Electoral (INE) liber\u00f3 este d\u00eda el portal ubica tu casilla para conocer la ubicaci\u00f3n de las aproximadamente En Sonora en Equipo publicamos toda la informaci\u00f3n de Sonora, M\u00e9xico y el Mundo de manera oportuna y busca que la libertad de expresi\u00f3n sea real. Visita nuestro medio informativo publicado desde Hermosillo, Sonora. %\" \/>\n<meta name=\"robots\" content=\"index, follow, max-snippet:-1, max-image-preview:large, max-video-preview:-1\" \/>\n<link rel=\"canonical\" href=\"https:\/\/www.sonoraenequipo.com.mx\/ya-ubicaste-tu-casilla-para-votar-en-la-revocacion-de-mandato-presidencial-aqui-puedes-buscarla\/\" \/>\n<meta property=\"og:locale\" content=\"es_ES\" \/>\n<meta property=\"og:type\" content=\"article\" \/>\n<meta property=\"og:title\" content=\"Sonora en Equipo. Ubica tu casilla para votar en la Revocaci\u00f3n de Mandato presidencial aqu\u00ed Rep\u00fablica\" \/>\n<meta property=\"og:description\" content=\"CIUDAD DE M\u00c9XICO. MX. \u2014 El Instituto Nacional Electoral (INE) liber\u00f3 este d\u00eda el portal ubica tu casilla para conocer la ubicaci\u00f3n de las aproximadamente En Sonora en Equipo publicamos toda la informaci\u00f3n de Sonora, M\u00e9xico y el Mundo de manera oportuna y busca que la libertad de expresi\u00f3n sea real. Visita nuestro medio informativo publicado desde Hermosillo, Sonora. %\" \/>\n<meta property=\"og:url\" content=\"https:\/\/www.sonoraenequipo.com.mx\/ya-ubicaste-tu-casilla-para-votar-en-la-revocacion-de-mandato-presidencial-aqui-puedes-buscarla\/\" \/>\n<meta property=\"og:site_name\" content=\"Sonora en Equipo.\" \/>\n<meta property=\"article:publisher\" content=\"https:\/\/www.facebook.com\/SonoraEE\/\" \/>\n<meta property=\"article:author\" content=\"https:\/\/www.facebook.com\/SonoraEE\" \/>\n<meta property=\"article:published_time\" content=\"2022-03-27T04:36:22+00:00\" \/>\n<meta property=\"article:modified_time\" content=\"2022-03-27T16:07:55+00:00\" \/>\n<meta property=\"og:image\" content=\"https:\/\/www.sonoraenequipo.com.mx\/storage\/2022\/03\/ubica_tu_casilla_ine_opt.jpg\" \/>\n\t<meta property=\"og:image:width\" content=\"700\" \/>\n\t<meta property=\"og:image:height\" content=\"400\" \/>\n\t<meta property=\"og:image:type\" content=\"image\/jpeg\" \/>\n<meta name=\"author\" content=\"enequipo\" \/>\n<meta name=\"twitter:card\" content=\"summary_large_image\" \/>\n<meta name=\"twitter:creator\" content=\"@sonoraenequipo\" \/>\n<meta name=\"twitter:site\" content=\"@sonoraenequipo\" \/>\n<meta name=\"twitter:label1\" content=\"Escrito por\" \/>\n\t<meta name=\"twitter:data1\" content=\"enequipo\" \/>\n\t<meta name=\"twitter:label2\" content=\"Tiempo de lectura\" \/>\n\t<meta name=\"twitter:data2\" content=\"1 minuto\" \/>\n<script type=\"application\/ld+json\" class=\"yoast-schema-graph\">{\"@context\":\"https:\/\/schema.org\",\"@graph\":[{\"@type\":\"Article\",\"@id\":\"https:\/\/www.sonoraenequipo.com.mx\/ya-ubicaste-tu-casilla-para-votar-en-la-revocacion-de-mandato-presidencial-aqui-puedes-buscarla\/#article\",\"isPartOf\":{\"@id\":\"https:\/\/www.sonoraenequipo.com.mx\/ya-ubicaste-tu-casilla-para-votar-en-la-revocacion-de-mandato-presidencial-aqui-puedes-buscarla\/\"},\"author\":{\"name\":\"enequipo\",\"@id\":\"https:\/\/www.sonoraenequipo.com.mx\/#\/schema\/person\/50102df0fb23a8fa9e8effad8fa81386\"},\"headline\":\"Ubica tu casilla para votar en la Revocaci\u00f3n de Mandato presidencial aqu\u00ed\",\"datePublished\":\"2022-03-27T04:36:22+00:00\",\"dateModified\":\"2022-03-27T16:07:55+00:00\",\"mainEntityOfPage\":{\"@id\":\"https:\/\/www.sonoraenequipo.com.mx\/ya-ubicaste-tu-casilla-para-votar-en-la-revocacion-de-mandato-presidencial-aqui-puedes-buscarla\/\"},\"wordCount\":220,\"commentCount\":0,\"publisher\":{\"@id\":\"https:\/\/www.sonoraenequipo.com.mx\/#organization\"},\"image\":{\"@id\":\"https:\/\/www.sonoraenequipo.com.mx\/ya-ubicaste-tu-casilla-para-votar-en-la-revocacion-de-mandato-presidencial-aqui-puedes-buscarla\/#primaryimage\"},\"thumbnailUrl\":\"https:\/\/www.sonoraenequipo.com.mx\/storage\/2022\/03\/ubica_tu_casilla_ine_opt.jpg\",\"articleSection\":[\"Rep\u00fablica\"],\"inLanguage\":\"es\",\"potentialAction\":[{\"@type\":\"CommentAction\",\"name\":\"Comment\",\"target\":[\"https:\/\/www.sonoraenequipo.com.mx\/ya-ubicaste-tu-casilla-para-votar-en-la-revocacion-de-mandato-presidencial-aqui-puedes-buscarla\/#respond\"]}]},{\"@type\":\"WebPage\",\"@id\":\"https:\/\/www.sonoraenequipo.com.mx\/ya-ubicaste-tu-casilla-para-votar-en-la-revocacion-de-mandato-presidencial-aqui-puedes-buscarla\/\",\"url\":\"https:\/\/www.sonoraenequipo.com.mx\/ya-ubicaste-tu-casilla-para-votar-en-la-revocacion-de-mandato-presidencial-aqui-puedes-buscarla\/\",\"name\":\"Sonora en Equipo. Ubica tu casilla para votar en la Revocaci\u00f3n de Mandato presidencial aqu\u00ed Rep\u00fablica\",\"isPartOf\":{\"@id\":\"https:\/\/www.sonoraenequipo.com.mx\/#website\"},\"primaryImageOfPage\":{\"@id\":\"https:\/\/www.sonoraenequipo.com.mx\/ya-ubicaste-tu-casilla-para-votar-en-la-revocacion-de-mandato-presidencial-aqui-puedes-buscarla\/#primaryimage\"},\"image\":{\"@id\":\"https:\/\/www.sonoraenequipo.com.mx\/ya-ubicaste-tu-casilla-para-votar-en-la-revocacion-de-mandato-presidencial-aqui-puedes-buscarla\/#primaryimage\"},\"thumbnailUrl\":\"https:\/\/www.sonoraenequipo.com.mx\/storage\/2022\/03\/ubica_tu_casilla_ine_opt.jpg\",\"datePublished\":\"2022-03-27T04:36:22+00:00\",\"dateModified\":\"2022-03-27T16:07:55+00:00\",\"description\":\"CIUDAD DE M\u00c9XICO. MX. \u2014 El Instituto Nacional Electoral (INE) liber\u00f3 este d\u00eda el portal ubica tu casilla para conocer la ubicaci\u00f3n de las aproximadamente En Sonora en Equipo publicamos toda la informaci\u00f3n de Sonora, M\u00e9xico y el Mundo de manera oportuna y busca que la libertad de expresi\u00f3n sea real. Visita nuestro medio informativo publicado desde Hermosillo, Sonora. %\",\"breadcrumb\":{\"@id\":\"https:\/\/www.sonoraenequipo.com.mx\/ya-ubicaste-tu-casilla-para-votar-en-la-revocacion-de-mandato-presidencial-aqui-puedes-buscarla\/#breadcrumb\"},\"inLanguage\":\"es\",\"potentialAction\":[{\"@type\":\"ReadAction\",\"target\":[\"https:\/\/www.sonoraenequipo.com.mx\/ya-ubicaste-tu-casilla-para-votar-en-la-revocacion-de-mandato-presidencial-aqui-puedes-buscarla\/\"]}]},{\"@type\":\"ImageObject\",\"inLanguage\":\"es\",\"@id\":\"https:\/\/www.sonoraenequipo.com.mx\/ya-ubicaste-tu-casilla-para-votar-en-la-revocacion-de-mandato-presidencial-aqui-puedes-buscarla\/#primaryimage\",\"url\":\"https:\/\/www.sonoraenequipo.com.mx\/storage\/2022\/03\/ubica_tu_casilla_ine_opt.jpg\",\"contentUrl\":\"https:\/\/www.sonoraenequipo.com.mx\/storage\/2022\/03\/ubica_tu_casilla_ine_opt.jpg\",\"width\":700,\"height\":400},{\"@type\":\"BreadcrumbList\",\"@id\":\"https:\/\/www.sonoraenequipo.com.mx\/ya-ubicaste-tu-casilla-para-votar-en-la-revocacion-de-mandato-presidencial-aqui-puedes-buscarla\/#breadcrumb\",\"itemListElement\":[{\"@type\":\"ListItem\",\"position\":1,\"name\":\"Portada\",\"item\":\"https:\/\/www.sonoraenequipo.com.mx\/\"},{\"@type\":\"ListItem\",\"position\":2,\"name\":\"Ubica tu casilla para votar en la Revocaci\u00f3n de Mandato presidencial aqu\u00ed\"}]},{\"@type\":\"WebSite\",\"@id\":\"https:\/\/www.sonoraenequipo.com.mx\/#website\",\"url\":\"https:\/\/www.sonoraenequipo.com.mx\/\",\"name\":\"Sonora en Equipo.\",\"description\":\"Diario en l\u00ednea con Noticias desde Hermosillo, Sonora\",\"publisher\":{\"@id\":\"https:\/\/www.sonoraenequipo.com.mx\/#organization\"},\"potentialAction\":[{\"@type\":\"SearchAction\",\"target\":{\"@type\":\"EntryPoint\",\"urlTemplate\":\"https:\/\/www.sonoraenequipo.com.mx\/?s={search_term_string}\"},\"query-input\":{\"@type\":\"PropertyValueSpecification\",\"valueRequired\":true,\"valueName\":\"search_term_string\"}}],\"inLanguage\":\"es\"},{\"@type\":\"Organization\",\"@id\":\"https:\/\/www.sonoraenequipo.com.mx\/#organization\",\"name\":\"Sonoraenequipo.com.mx\",\"url\":\"https:\/\/www.sonoraenequipo.com.mx\/\",\"logo\":{\"@type\":\"ImageObject\",\"inLanguage\":\"es\",\"@id\":\"https:\/\/www.sonoraenequipo.com.mx\/#\/schema\/logo\/image\/\",\"url\":\"https:\/\/www.sonoraenequipo.com.mx\/storage\/2019\/01\/sonoraenequipo_opt.png\",\"contentUrl\":\"https:\/\/www.sonoraenequipo.com.mx\/storage\/2019\/01\/sonoraenequipo_opt.png\",\"width\":375,\"height\":125,\"caption\":\"Sonoraenequipo.com.mx\"},\"image\":{\"@id\":\"https:\/\/www.sonoraenequipo.com.mx\/#\/schema\/logo\/image\/\"},\"sameAs\":[\"https:\/\/www.facebook.com\/SonoraEE\/\",\"https:\/\/x.com\/sonoraenequipo\",\"https:\/\/www.youtube.com\/channel\/UC338nW-lPEYmJQs4ZABQ1SQ\"]},{\"@type\":\"Person\",\"@id\":\"https:\/\/www.sonoraenequipo.com.mx\/#\/schema\/person\/50102df0fb23a8fa9e8effad8fa81386\",\"name\":\"enequipo\",\"image\":{\"@type\":\"ImageObject\",\"inLanguage\":\"es\",\"@id\":\"https:\/\/www.sonoraenequipo.com.mx\/#\/schema\/person\/image\/\",\"url\":\"https:\/\/secure.gravatar.com\/avatar\/049821681b589dabc0bc20695993ccebb09f5b5d4d790cd9251b97faac7c652b?s=96&d=blank&r=g\",\"contentUrl\":\"https:\/\/secure.gravatar.com\/avatar\/049821681b589dabc0bc20695993ccebb09f5b5d4d790cd9251b97faac7c652b?s=96&d=blank&r=g\",\"caption\":\"enequipo\"},\"sameAs\":[\"https:\/\/www.facebook.com\/SonoraEE\"]}]}<\/script>\n ","yoast_head_json":{"title":"Sonora en Equipo. Ubica tu casilla para votar en la Revocaci\u00f3n de Mandato presidencial aqu\u00ed Rep\u00fablica","description":"CIUDAD DE M\u00c9XICO. MX. \u2014 El Instituto Nacional Electoral (INE) liber\u00f3 este d\u00eda el portal ubica tu casilla para conocer la ubicaci\u00f3n de las aproximadamente En Sonora en Equipo publicamos toda la informaci\u00f3n de Sonora, M\u00e9xico y el Mundo de manera oportuna y busca que la libertad de expresi\u00f3n sea real. Visita nuestro medio informativo publicado desde Hermosillo, Sonora. %","robots":{"index":"index","follow":"follow","max-snippet":"max-snippet:-1","max-image-preview":"max-image-preview:large","max-video-preview":"max-video-preview:-1"},"canonical":"https:\/\/www.sonoraenequipo.com.mx\/ya-ubicaste-tu-casilla-para-votar-en-la-revocacion-de-mandato-presidencial-aqui-puedes-buscarla\/","og_locale":"es_ES","og_type":"article","og_title":"Sonora en Equipo. Ubica tu casilla para votar en la Revocaci\u00f3n de Mandato presidencial aqu\u00ed Rep\u00fablica","og_description":"CIUDAD DE M\u00c9XICO. MX. \u2014 El Instituto Nacional Electoral (INE) liber\u00f3 este d\u00eda el portal ubica tu casilla para conocer la ubicaci\u00f3n de las aproximadamente En Sonora en Equipo publicamos toda la informaci\u00f3n de Sonora, M\u00e9xico y el Mundo de manera oportuna y busca que la libertad de expresi\u00f3n sea real. Visita nuestro medio informativo publicado desde Hermosillo, Sonora. %","og_url":"https:\/\/www.sonoraenequipo.com.mx\/ya-ubicaste-tu-casilla-para-votar-en-la-revocacion-de-mandato-presidencial-aqui-puedes-buscarla\/","og_site_name":"Sonora en Equipo.","article_publisher":"https:\/\/www.facebook.com\/SonoraEE\/","article_author":"https:\/\/www.facebook.com\/SonoraEE","article_published_time":"2022-03-27T04:36:22+00:00","article_modified_time":"2022-03-27T16:07:55+00:00","og_image":[{"width":700,"height":400,"url":"https:\/\/www.sonoraenequipo.com.mx\/storage\/2022\/03\/ubica_tu_casilla_ine_opt.jpg","type":"image\/jpeg"}],"author":"enequipo","twitter_card":"summary_large_image","twitter_creator":"@sonoraenequipo","twitter_site":"@sonoraenequipo","twitter_misc":{"Escrito por":"enequipo","Tiempo de lectura":"1 minuto"},"schema":{"@context":"https:\/\/schema.org","@graph":[{"@type":"Article","@id":"https:\/\/www.sonoraenequipo.com.mx\/ya-ubicaste-tu-casilla-para-votar-en-la-revocacion-de-mandato-presidencial-aqui-puedes-buscarla\/#article","isPartOf":{"@id":"https:\/\/www.sonoraenequipo.com.mx\/ya-ubicaste-tu-casilla-para-votar-en-la-revocacion-de-mandato-presidencial-aqui-puedes-buscarla\/"},"author":{"name":"enequipo","@id":"https:\/\/www.sonoraenequipo.com.mx\/#\/schema\/person\/50102df0fb23a8fa9e8effad8fa81386"},"headline":"Ubica tu casilla para votar en la Revocaci\u00f3n de Mandato presidencial aqu\u00ed","datePublished":"2022-03-27T04:36:22+00:00","dateModified":"2022-03-27T16:07:55+00:00","mainEntityOfPage":{"@id":"https:\/\/www.sonoraenequipo.com.mx\/ya-ubicaste-tu-casilla-para-votar-en-la-revocacion-de-mandato-presidencial-aqui-puedes-buscarla\/"},"wordCount":220,"commentCount":0,"publisher":{"@id":"https:\/\/www.sonoraenequipo.com.mx\/#organization"},"image":{"@id":"https:\/\/www.sonoraenequipo.com.mx\/ya-ubicaste-tu-casilla-para-votar-en-la-revocacion-de-mandato-presidencial-aqui-puedes-buscarla\/#primaryimage"},"thumbnailUrl":"https:\/\/www.sonoraenequipo.com.mx\/storage\/2022\/03\/ubica_tu_casilla_ine_opt.jpg","articleSection":["Rep\u00fablica"],"inLanguage":"es","potentialAction":[{"@type":"CommentAction","name":"Comment","target":["https:\/\/www.sonoraenequipo.com.mx\/ya-ubicaste-tu-casilla-para-votar-en-la-revocacion-de-mandato-presidencial-aqui-puedes-buscarla\/#respond"]}]},{"@type":"WebPage","@id":"https:\/\/www.sonoraenequipo.com.mx\/ya-ubicaste-tu-casilla-para-votar-en-la-revocacion-de-mandato-presidencial-aqui-puedes-buscarla\/","url":"https:\/\/www.sonoraenequipo.com.mx\/ya-ubicaste-tu-casilla-para-votar-en-la-revocacion-de-mandato-presidencial-aqui-puedes-buscarla\/","name":"Sonora en Equipo. Ubica tu casilla para votar en la Revocaci\u00f3n de Mandato presidencial aqu\u00ed Rep\u00fablica","isPartOf":{"@id":"https:\/\/www.sonoraenequipo.com.mx\/#website"},"primaryImageOfPage":{"@id":"https:\/\/www.sonoraenequipo.com.mx\/ya-ubicaste-tu-casilla-para-votar-en-la-revocacion-de-mandato-presidencial-aqui-puedes-buscarla\/#primaryimage"},"image":{"@id":"https:\/\/www.sonoraenequipo.com.mx\/ya-ubicaste-tu-casilla-para-votar-en-la-revocacion-de-mandato-presidencial-aqui-puedes-buscarla\/#primaryimage"},"thumbnailUrl":"https:\/\/www.sonoraenequipo.com.mx\/storage\/2022\/03\/ubica_tu_casilla_ine_opt.jpg","datePublished":"2022-03-27T04:36:22+00:00","dateModified":"2022-03-27T16:07:55+00:00","description":"CIUDAD DE M\u00c9XICO. MX. \u2014 El Instituto Nacional Electoral (INE) liber\u00f3 este d\u00eda el portal ubica tu casilla para conocer la ubicaci\u00f3n de las aproximadamente En Sonora en Equipo publicamos toda la informaci\u00f3n de Sonora, M\u00e9xico y el Mundo de manera oportuna y busca que la libertad de expresi\u00f3n sea real. Visita nuestro medio informativo publicado desde Hermosillo, Sonora. %","breadcrumb":{"@id":"https:\/\/www.sonoraenequipo.com.mx\/ya-ubicaste-tu-casilla-para-votar-en-la-revocacion-de-mandato-presidencial-aqui-puedes-buscarla\/#breadcrumb"},"inLanguage":"es","potentialAction":[{"@type":"ReadAction","target":["https:\/\/www.sonoraenequipo.com.mx\/ya-ubicaste-tu-casilla-para-votar-en-la-revocacion-de-mandato-presidencial-aqui-puedes-buscarla\/"]}]},{"@type":"ImageObject","inLanguage":"es","@id":"https:\/\/www.sonoraenequipo.com.mx\/ya-ubicaste-tu-casilla-para-votar-en-la-revocacion-de-mandato-presidencial-aqui-puedes-buscarla\/#primaryimage","url":"https:\/\/www.sonoraenequipo.com.mx\/storage\/2022\/03\/ubica_tu_casilla_ine_opt.jpg","contentUrl":"https:\/\/www.sonoraenequipo.com.mx\/storage\/2022\/03\/ubica_tu_casilla_ine_opt.jpg","width":700,"height":400},{"@type":"BreadcrumbList","@id":"https:\/\/www.sonoraenequipo.com.mx\/ya-ubicaste-tu-casilla-para-votar-en-la-revocacion-de-mandato-presidencial-aqui-puedes-buscarla\/#breadcrumb","itemListElement":[{"@type":"ListItem","position":1,"name":"Portada","item":"https:\/\/www.sonoraenequipo.com.mx\/"},{"@type":"ListItem","position":2,"name":"Ubica tu casilla para votar en la Revocaci\u00f3n de Mandato presidencial aqu\u00ed"}]},{"@type":"WebSite","@id":"https:\/\/www.sonoraenequipo.com.mx\/#website","url":"https:\/\/www.sonoraenequipo.com.mx\/","name":"Sonora en Equipo.","description":"Diario en l\u00ednea con Noticias desde Hermosillo, Sonora","publisher":{"@id":"https:\/\/www.sonoraenequipo.com.mx\/#organization"},"potentialAction":[{"@type":"SearchAction","target":{"@type":"EntryPoint","urlTemplate":"https:\/\/www.sonoraenequipo.com.mx\/?s={search_term_string}"},"query-input":{"@type":"PropertyValueSpecification","valueRequired":true,"valueName":"search_term_string"}}],"inLanguage":"es"},{"@type":"Organization","@id":"https:\/\/www.sonoraenequipo.com.mx\/#organization","name":"Sonoraenequipo.com.mx","url":"https:\/\/www.sonoraenequipo.com.mx\/","logo":{"@type":"ImageObject","inLanguage":"es","@id":"https:\/\/www.sonoraenequipo.com.mx\/#\/schema\/logo\/image\/","url":"https:\/\/www.sonoraenequipo.com.mx\/storage\/2019\/01\/sonoraenequipo_opt.png","contentUrl":"https:\/\/www.sonoraenequipo.com.mx\/storage\/2019\/01\/sonoraenequipo_opt.png","width":375,"height":125,"caption":"Sonoraenequipo.com.mx"},"image":{"@id":"https:\/\/www.sonoraenequipo.com.mx\/#\/schema\/logo\/image\/"},"sameAs":["https:\/\/www.facebook.com\/SonoraEE\/","https:\/\/x.com\/sonoraenequipo","https:\/\/www.youtube.com\/channel\/UC338nW-lPEYmJQs4ZABQ1SQ"]},{"@type":"Person","@id":"https:\/\/www.sonoraenequipo.com.mx\/#\/schema\/person\/50102df0fb23a8fa9e8effad8fa81386","name":"enequipo","image":{"@type":"ImageObject","inLanguage":"es","@id":"https:\/\/www.sonoraenequipo.com.mx\/#\/schema\/person\/image\/","url":"https:\/\/secure.gravatar.com\/avatar\/049821681b589dabc0bc20695993ccebb09f5b5d4d790cd9251b97faac7c652b?s=96&d=blank&r=g","contentUrl":"https:\/\/secure.gravatar.com\/avatar\/049821681b589dabc0bc20695993ccebb09f5b5d4d790cd9251b97faac7c652b?s=96&d=blank&r=g","caption":"enequipo"},"sameAs":["https:\/\/www.facebook.com\/SonoraEE"]}]}},"jetpack_featured_media_url":"https:\/\/www.sonoraenequipo.com.mx\/storage\/2022\/03\/ubica_tu_casilla_ine_opt.jpg","_links":{"self":[{"href":"https:\/\/www.sonoraenequipo.com.mx\/api\/wp\/v2\/posts\/135730","targetHints":{"allow":["GET"]}}],"collection":[{"href":"https:\/\/www.sonoraenequipo.com.mx\/api\/wp\/v2\/posts"}],"about":[{"href":"https:\/\/www.sonoraenequipo.com.mx\/api\/wp\/v2\/types\/post"}],"author":[{"embeddable":true,"href":"https:\/\/www.sonoraenequipo.com.mx\/api\/wp\/v2\/users\/1"}],"replies":[{"embeddable":true,"href":"https:\/\/www.sonoraenequipo.com.mx\/api\/wp\/v2\/comments?post=135730"}],"version-history":[{"count":3,"href":"https:\/\/www.sonoraenequipo.com.mx\/api\/wp\/v2\/posts\/135730\/revisions"}],"predecessor-version":[{"id":135733,"href":"https:\/\/www.sonoraenequipo.com.mx\/api\/wp\/v2\/posts\/135730\/revisions\/135733"}],"wp:featuredmedia":[{"embeddable":true,"href":"https:\/\/www.sonoraenequipo.com.mx\/api\/wp\/v2\/media\/135728"}],"wp:attachment":[{"href":"https:\/\/www.sonoraenequipo.com.mx\/api\/wp\/v2\/media?parent=135730"}],"wp:term":[{"taxonomy":"category","embeddable":true,"href":"https:\/\/www.sonoraenequipo.com.mx\/api\/wp\/v2\/categories?post=135730"},{"taxonomy":"post_tag","embeddable":true,"href":"https:\/\/www.sonoraenequipo.com.mx\/api\/wp\/v2\/tags?post=135730"}],"curies":[{"name":"wp","href":"https:\/\/api.w.org\/{rel}","templated":true}]}}