{"id":135734,"date":"2022-03-26T22:30:43","date_gmt":"2022-03-27T05:30:43","guid":{"rendered":"https:\/\/www.sonoraenequipo.com.mx\/?p=135734"},"modified":"2022-03-27T09:26:06","modified_gmt":"2022-03-27T16:26:06","slug":"la-vacuna-de-refuerzo-covid-pierde-su-efectividad-tras-el-cuarto-mes-de-la-aplicacion","status":"publish","type":"post","link":"https:\/\/www.sonoraenequipo.com.mx\/la-vacuna-de-refuerzo-covid-pierde-su-efectividad-tras-el-cuarto-mes-de-la-aplicacion\/","title":{"rendered":"La vacuna de refuerzo Covid pierde su efectividad tras el cuarto mes de la aplicaci\u00f3n"},"content":{"rendered":"<p>CIUDAD DE M\u00c9XICO.- Baja efectividad de la vacuna de refuerzo Covid despu\u00e9s del cuatro meses de la aplicaci\u00f3n, revela estudio de los Centros para el Control y la Prevenci\u00f3n de Enfermedades (CDC por sus siglas en ingl\u00e9s).<\/p>\n<p>&nbsp;<\/p>\n<p> <\/p>\n<p>Aunque baja la efectividad contra el Covid, s\u00ed se mantiene una fuerte protecci\u00f3n contra un cuadro grave de la enfermedad.<\/p>\n<p>Los investigadores se enfocaron en las visitas de los pacientes a los hospitales y centros de atenci\u00f3n de urgencias de diez estados, revela un estudio de la CDC citado por Milenio.<\/p>\n<p>&nbsp;<\/p>\n<p>Estimaron en qu\u00e9 medida las vacunas de refuerzo de Pfizer o Moderna evitaron las consultas relacionadas con el Covid-19 en las salas de urgencias y centros de atenci\u00f3n de urgencia, y en qu\u00e9 proporci\u00f3n las vacunas evitaron las hospitalizaciones\u201d, agrega.<\/p>\n<h3>\nResultados del estudio de la vacuna de refuerzo<\/h3>\n<p>&nbsp;<\/p>\n<p>Result\u00f3 que el 10% de las personas que participaron en el estudio recibieron refuerzos.<\/p>\n<p>&nbsp;<\/p>\n<p>La efectividad de la vacuna fue mayor en las personas que hab\u00edan recibido refuerzos, que en las que s\u00f3lo hab\u00edan recibido la serie original de vacunas.<\/p>\n<p>&nbsp;<\/p>\n<p>Pero los investigadores tambi\u00e9n descubrieron que durante el tiempo en que la variante \u00f3micron ha sido predominante, la eficacia de la vacuna contra las visitas ambulatorias fue del 87% en las personas que hab\u00edan recibido un refuerzo dos meses antes.<\/p>\n<p>&nbsp;<\/p>\n<p>&nbsp;<\/p>\n<p>Pero de 66% en las que la recibieron hac\u00eda cuatro meses.<\/p>\n<p>&nbsp;<\/p>\n<h3>\nVacuna de refuerzo y hospitalizaciones<\/h3>\n<p>&nbsp;<\/p>\n<p>En cuanto a la eficacia de la vacuna contra la hospitalizaci\u00f3n, pas\u00f3 del 91% a los dos meses al 78% al cuarto mes.<\/p>\n<p>&nbsp;<\/p>\n<p>Estos resultados se basan en un peque\u00f1o n\u00famero de pacientes \u2014menos de 200\u2014 que se hab\u00edan vacunado cuatro meses antes respecto al momento de la ola de \u00f3micron.<\/p>\n<p>&nbsp;<\/p>\n<p>&nbsp;<\/p>\n<p>Tampoco est\u00e1 claro si esas personas hab\u00edan recibido refuerzos antes por razones m\u00e9dicas que pudieran haberlas vuelto m\u00e1s vulnerables a la enfermedad grave.<\/p>\n<p>&nbsp;<\/p>\n<p>La eficacia de los refuerzos fue mayor el a\u00f1o pasado, cuando la variante delta causaba la mayor\u00eda de los casos en Estados Unidos, se\u00f1al\u00f3 el estudio.<\/p>\n<p>&nbsp;<\/p>\n<p>Los expertos en salud prev\u00e9n que la protecci\u00f3n de las vacunas disminuya.<\/p>\n<p>&nbsp;<\/p>\n<p>(Publicada el 26\/03\/2022)<\/p>\n","protected":false},"excerpt":{"rendered":"<p>CIUDAD DE M\u00c9XICO.- Baja efectividad de la vacuna de refuerzo Covid despu\u00e9s del cuatro meses&#8230;<\/p>\n","protected":false},"author":1,"featured_media":135735,"comment_status":"open","ping_status":"open","sticky":false,"template":"","format":"standard","meta":{"_monsterinsights_skip_tracking":false,"_monsterinsights_sitenote_active":false,"_monsterinsights_sitenote_note":"","_monsterinsights_sitenote_category":0,"footnotes":""},"categories":[2216],"tags":[],"class_list":["post"],"yoast_head":" \n<title>Sonora en Equipo. La vacuna de refuerzo Covid pierde su efectividad tras el cuarto mes de la aplicaci\u00f3n Ciencia y Tecnolog\u00eda<\/title>\n<meta name=\"description\" content=\"CIUDAD DE M\u00c9XICO.- Baja efectividad de la vacuna de refuerzo Covid despu\u00e9s del cuatro meses de la aplicaci\u00f3n, revela estudio de los Centros para el En Sonora en Equipo publicamos toda la informaci\u00f3n de Sonora, M\u00e9xico y el Mundo de manera oportuna y busca que la libertad de expresi\u00f3n sea real. Visita nuestro medio informativo publicado desde Hermosillo, Sonora. %\" \/>\n<meta name=\"robots\" content=\"index, follow, max-snippet:-1, max-image-preview:large, max-video-preview:-1\" \/>\n<link rel=\"canonical\" href=\"https:\/\/www.sonoraenequipo.com.mx\/la-vacuna-de-refuerzo-covid-pierde-su-efectividad-tras-el-cuarto-mes-de-la-aplicacion\/\" \/>\n<meta property=\"og:locale\" content=\"es_ES\" \/>\n<meta property=\"og:type\" content=\"article\" \/>\n<meta property=\"og:title\" content=\"Sonora en Equipo. La vacuna de refuerzo Covid pierde su efectividad tras el cuarto mes de la aplicaci\u00f3n Ciencia y Tecnolog\u00eda\" \/>\n<meta property=\"og:description\" content=\"CIUDAD DE M\u00c9XICO.- Baja efectividad de la vacuna de refuerzo Covid despu\u00e9s del cuatro meses de la aplicaci\u00f3n, revela estudio de los Centros para el En Sonora en Equipo publicamos toda la informaci\u00f3n de Sonora, M\u00e9xico y el Mundo de manera oportuna y busca que la libertad de expresi\u00f3n sea real. Visita nuestro medio informativo publicado desde Hermosillo, Sonora. %\" \/>\n<meta property=\"og:url\" content=\"https:\/\/www.sonoraenequipo.com.mx\/la-vacuna-de-refuerzo-covid-pierde-su-efectividad-tras-el-cuarto-mes-de-la-aplicacion\/\" \/>\n<meta property=\"og:site_name\" content=\"Sonora en Equipo.\" \/>\n<meta property=\"article:publisher\" content=\"https:\/\/www.facebook.com\/SonoraEE\/\" \/>\n<meta property=\"article:author\" content=\"https:\/\/www.facebook.com\/SonoraEE\" \/>\n<meta property=\"article:published_time\" content=\"2022-03-27T05:30:43+00:00\" \/>\n<meta property=\"article:modified_time\" content=\"2022-03-27T16:26:06+00:00\" \/>\n<meta property=\"og:image\" content=\"https:\/\/www.sonoraenequipo.com.mx\/storage\/2022\/03\/vacuna_de-cuatro-meses_opt.jpg\" \/>\n\t<meta property=\"og:image:width\" content=\"700\" \/>\n\t<meta property=\"og:image:height\" content=\"400\" \/>\n\t<meta property=\"og:image:type\" content=\"image\/jpeg\" \/>\n<meta name=\"author\" content=\"enequipo\" \/>\n<meta name=\"twitter:card\" content=\"summary_large_image\" \/>\n<meta name=\"twitter:creator\" content=\"@sonoraenequipo\" \/>\n<meta name=\"twitter:site\" content=\"@sonoraenequipo\" \/>\n<meta name=\"twitter:label1\" content=\"Escrito por\" \/>\n\t<meta name=\"twitter:data1\" content=\"enequipo\" \/>\n\t<meta name=\"twitter:label2\" content=\"Tiempo de lectura\" \/>\n\t<meta name=\"twitter:data2\" content=\"2 minutos\" \/>\n<script type=\"application\/ld+json\" class=\"yoast-schema-graph\">{\"@context\":\"https:\/\/schema.org\",\"@graph\":[{\"@type\":\"Article\",\"@id\":\"https:\/\/www.sonoraenequipo.com.mx\/la-vacuna-de-refuerzo-covid-pierde-su-efectividad-tras-el-cuarto-mes-de-la-aplicacion\/#article\",\"isPartOf\":{\"@id\":\"https:\/\/www.sonoraenequipo.com.mx\/la-vacuna-de-refuerzo-covid-pierde-su-efectividad-tras-el-cuarto-mes-de-la-aplicacion\/\"},\"author\":{\"name\":\"enequipo\",\"@id\":\"https:\/\/www.sonoraenequipo.com.mx\/#\/schema\/person\/50102df0fb23a8fa9e8effad8fa81386\"},\"headline\":\"La vacuna de refuerzo Covid pierde su efectividad tras el cuarto mes de la aplicaci\u00f3n\",\"datePublished\":\"2022-03-27T05:30:43+00:00\",\"dateModified\":\"2022-03-27T16:26:06+00:00\",\"mainEntityOfPage\":{\"@id\":\"https:\/\/www.sonoraenequipo.com.mx\/la-vacuna-de-refuerzo-covid-pierde-su-efectividad-tras-el-cuarto-mes-de-la-aplicacion\/\"},\"wordCount\":399,\"commentCount\":0,\"publisher\":{\"@id\":\"https:\/\/www.sonoraenequipo.com.mx\/#organization\"},\"image\":{\"@id\":\"https:\/\/www.sonoraenequipo.com.mx\/la-vacuna-de-refuerzo-covid-pierde-su-efectividad-tras-el-cuarto-mes-de-la-aplicacion\/#primaryimage\"},\"thumbnailUrl\":\"https:\/\/www.sonoraenequipo.com.mx\/storage\/2022\/03\/vacuna_de-cuatro-meses_opt.jpg\",\"articleSection\":[\"Ciencia y Tecnolog\u00eda\"],\"inLanguage\":\"es\",\"potentialAction\":[{\"@type\":\"CommentAction\",\"name\":\"Comment\",\"target\":[\"https:\/\/www.sonoraenequipo.com.mx\/la-vacuna-de-refuerzo-covid-pierde-su-efectividad-tras-el-cuarto-mes-de-la-aplicacion\/#respond\"]}]},{\"@type\":\"WebPage\",\"@id\":\"https:\/\/www.sonoraenequipo.com.mx\/la-vacuna-de-refuerzo-covid-pierde-su-efectividad-tras-el-cuarto-mes-de-la-aplicacion\/\",\"url\":\"https:\/\/www.sonoraenequipo.com.mx\/la-vacuna-de-refuerzo-covid-pierde-su-efectividad-tras-el-cuarto-mes-de-la-aplicacion\/\",\"name\":\"Sonora en Equipo. La vacuna de refuerzo Covid pierde su efectividad tras el cuarto mes de la aplicaci\u00f3n Ciencia y Tecnolog\u00eda\",\"isPartOf\":{\"@id\":\"https:\/\/www.sonoraenequipo.com.mx\/#website\"},\"primaryImageOfPage\":{\"@id\":\"https:\/\/www.sonoraenequipo.com.mx\/la-vacuna-de-refuerzo-covid-pierde-su-efectividad-tras-el-cuarto-mes-de-la-aplicacion\/#primaryimage\"},\"image\":{\"@id\":\"https:\/\/www.sonoraenequipo.com.mx\/la-vacuna-de-refuerzo-covid-pierde-su-efectividad-tras-el-cuarto-mes-de-la-aplicacion\/#primaryimage\"},\"thumbnailUrl\":\"https:\/\/www.sonoraenequipo.com.mx\/storage\/2022\/03\/vacuna_de-cuatro-meses_opt.jpg\",\"datePublished\":\"2022-03-27T05:30:43+00:00\",\"dateModified\":\"2022-03-27T16:26:06+00:00\",\"description\":\"CIUDAD DE M\u00c9XICO.- Baja efectividad de la vacuna de refuerzo Covid despu\u00e9s del cuatro meses de la aplicaci\u00f3n, revela estudio de los Centros para el En Sonora en Equipo publicamos toda la informaci\u00f3n de Sonora, M\u00e9xico y el Mundo de manera oportuna y busca que la libertad de expresi\u00f3n sea real. Visita nuestro medio informativo publicado desde Hermosillo, Sonora. %\",\"breadcrumb\":{\"@id\":\"https:\/\/www.sonoraenequipo.com.mx\/la-vacuna-de-refuerzo-covid-pierde-su-efectividad-tras-el-cuarto-mes-de-la-aplicacion\/#breadcrumb\"},\"inLanguage\":\"es\",\"potentialAction\":[{\"@type\":\"ReadAction\",\"target\":[\"https:\/\/www.sonoraenequipo.com.mx\/la-vacuna-de-refuerzo-covid-pierde-su-efectividad-tras-el-cuarto-mes-de-la-aplicacion\/\"]}]},{\"@type\":\"ImageObject\",\"inLanguage\":\"es\",\"@id\":\"https:\/\/www.sonoraenequipo.com.mx\/la-vacuna-de-refuerzo-covid-pierde-su-efectividad-tras-el-cuarto-mes-de-la-aplicacion\/#primaryimage\",\"url\":\"https:\/\/www.sonoraenequipo.com.mx\/storage\/2022\/03\/vacuna_de-cuatro-meses_opt.jpg\",\"contentUrl\":\"https:\/\/www.sonoraenequipo.com.mx\/storage\/2022\/03\/vacuna_de-cuatro-meses_opt.jpg\",\"width\":700,\"height\":400},{\"@type\":\"BreadcrumbList\",\"@id\":\"https:\/\/www.sonoraenequipo.com.mx\/la-vacuna-de-refuerzo-covid-pierde-su-efectividad-tras-el-cuarto-mes-de-la-aplicacion\/#breadcrumb\",\"itemListElement\":[{\"@type\":\"ListItem\",\"position\":1,\"name\":\"Portada\",\"item\":\"https:\/\/www.sonoraenequipo.com.mx\/\"},{\"@type\":\"ListItem\",\"position\":2,\"name\":\"La vacuna de refuerzo Covid pierde su efectividad tras el cuarto mes de la aplicaci\u00f3n\"}]},{\"@type\":\"WebSite\",\"@id\":\"https:\/\/www.sonoraenequipo.com.mx\/#website\",\"url\":\"https:\/\/www.sonoraenequipo.com.mx\/\",\"name\":\"Sonora en Equipo.\",\"description\":\"Diario en l\u00ednea con Noticias desde Hermosillo, Sonora\",\"publisher\":{\"@id\":\"https:\/\/www.sonoraenequipo.com.mx\/#organization\"},\"potentialAction\":[{\"@type\":\"SearchAction\",\"target\":{\"@type\":\"EntryPoint\",\"urlTemplate\":\"https:\/\/www.sonoraenequipo.com.mx\/?s={search_term_string}\"},\"query-input\":{\"@type\":\"PropertyValueSpecification\",\"valueRequired\":true,\"valueName\":\"search_term_string\"}}],\"inLanguage\":\"es\"},{\"@type\":\"Organization\",\"@id\":\"https:\/\/www.sonoraenequipo.com.mx\/#organization\",\"name\":\"Sonoraenequipo.com.mx\",\"url\":\"https:\/\/www.sonoraenequipo.com.mx\/\",\"logo\":{\"@type\":\"ImageObject\",\"inLanguage\":\"es\",\"@id\":\"https:\/\/www.sonoraenequipo.com.mx\/#\/schema\/logo\/image\/\",\"url\":\"https:\/\/www.sonoraenequipo.com.mx\/storage\/2019\/01\/sonoraenequipo_opt.png\",\"contentUrl\":\"https:\/\/www.sonoraenequipo.com.mx\/storage\/2019\/01\/sonoraenequipo_opt.png\",\"width\":375,\"height\":125,\"caption\":\"Sonoraenequipo.com.mx\"},\"image\":{\"@id\":\"https:\/\/www.sonoraenequipo.com.mx\/#\/schema\/logo\/image\/\"},\"sameAs\":[\"https:\/\/www.facebook.com\/SonoraEE\/\",\"https:\/\/x.com\/sonoraenequipo\",\"https:\/\/www.youtube.com\/channel\/UC338nW-lPEYmJQs4ZABQ1SQ\"]},{\"@type\":\"Person\",\"@id\":\"https:\/\/www.sonoraenequipo.com.mx\/#\/schema\/person\/50102df0fb23a8fa9e8effad8fa81386\",\"name\":\"enequipo\",\"image\":{\"@type\":\"ImageObject\",\"inLanguage\":\"es\",\"@id\":\"https:\/\/www.sonoraenequipo.com.mx\/#\/schema\/person\/image\/\",\"url\":\"https:\/\/secure.gravatar.com\/avatar\/049821681b589dabc0bc20695993ccebb09f5b5d4d790cd9251b97faac7c652b?s=96&d=blank&r=g\",\"contentUrl\":\"https:\/\/secure.gravatar.com\/avatar\/049821681b589dabc0bc20695993ccebb09f5b5d4d790cd9251b97faac7c652b?s=96&d=blank&r=g\",\"caption\":\"enequipo\"},\"sameAs\":[\"https:\/\/www.facebook.com\/SonoraEE\"]}]}<\/script>\n ","yoast_head_json":{"title":"Sonora en Equipo. La vacuna de refuerzo Covid pierde su efectividad tras el cuarto mes de la aplicaci\u00f3n Ciencia y Tecnolog\u00eda","description":"CIUDAD DE M\u00c9XICO.- Baja efectividad de la vacuna de refuerzo Covid despu\u00e9s del cuatro meses de la aplicaci\u00f3n, revela estudio de los Centros para el En Sonora en Equipo publicamos toda la informaci\u00f3n de Sonora, M\u00e9xico y el Mundo de manera oportuna y busca que la libertad de expresi\u00f3n sea real. Visita nuestro medio informativo publicado desde Hermosillo, Sonora. %","robots":{"index":"index","follow":"follow","max-snippet":"max-snippet:-1","max-image-preview":"max-image-preview:large","max-video-preview":"max-video-preview:-1"},"canonical":"https:\/\/www.sonoraenequipo.com.mx\/la-vacuna-de-refuerzo-covid-pierde-su-efectividad-tras-el-cuarto-mes-de-la-aplicacion\/","og_locale":"es_ES","og_type":"article","og_title":"Sonora en Equipo. La vacuna de refuerzo Covid pierde su efectividad tras el cuarto mes de la aplicaci\u00f3n Ciencia y Tecnolog\u00eda","og_description":"CIUDAD DE M\u00c9XICO.- Baja efectividad de la vacuna de refuerzo Covid despu\u00e9s del cuatro meses de la aplicaci\u00f3n, revela estudio de los Centros para el En Sonora en Equipo publicamos toda la informaci\u00f3n de Sonora, M\u00e9xico y el Mundo de manera oportuna y busca que la libertad de expresi\u00f3n sea real. Visita nuestro medio informativo publicado desde Hermosillo, Sonora. %","og_url":"https:\/\/www.sonoraenequipo.com.mx\/la-vacuna-de-refuerzo-covid-pierde-su-efectividad-tras-el-cuarto-mes-de-la-aplicacion\/","og_site_name":"Sonora en Equipo.","article_publisher":"https:\/\/www.facebook.com\/SonoraEE\/","article_author":"https:\/\/www.facebook.com\/SonoraEE","article_published_time":"2022-03-27T05:30:43+00:00","article_modified_time":"2022-03-27T16:26:06+00:00","og_image":[{"width":700,"height":400,"url":"https:\/\/www.sonoraenequipo.com.mx\/storage\/2022\/03\/vacuna_de-cuatro-meses_opt.jpg","type":"image\/jpeg"}],"author":"enequipo","twitter_card":"summary_large_image","twitter_creator":"@sonoraenequipo","twitter_site":"@sonoraenequipo","twitter_misc":{"Escrito por":"enequipo","Tiempo de lectura":"2 minutos"},"schema":{"@context":"https:\/\/schema.org","@graph":[{"@type":"Article","@id":"https:\/\/www.sonoraenequipo.com.mx\/la-vacuna-de-refuerzo-covid-pierde-su-efectividad-tras-el-cuarto-mes-de-la-aplicacion\/#article","isPartOf":{"@id":"https:\/\/www.sonoraenequipo.com.mx\/la-vacuna-de-refuerzo-covid-pierde-su-efectividad-tras-el-cuarto-mes-de-la-aplicacion\/"},"author":{"name":"enequipo","@id":"https:\/\/www.sonoraenequipo.com.mx\/#\/schema\/person\/50102df0fb23a8fa9e8effad8fa81386"},"headline":"La vacuna de refuerzo Covid pierde su efectividad tras el cuarto mes de la aplicaci\u00f3n","datePublished":"2022-03-27T05:30:43+00:00","dateModified":"2022-03-27T16:26:06+00:00","mainEntityOfPage":{"@id":"https:\/\/www.sonoraenequipo.com.mx\/la-vacuna-de-refuerzo-covid-pierde-su-efectividad-tras-el-cuarto-mes-de-la-aplicacion\/"},"wordCount":399,"commentCount":0,"publisher":{"@id":"https:\/\/www.sonoraenequipo.com.mx\/#organization"},"image":{"@id":"https:\/\/www.sonoraenequipo.com.mx\/la-vacuna-de-refuerzo-covid-pierde-su-efectividad-tras-el-cuarto-mes-de-la-aplicacion\/#primaryimage"},"thumbnailUrl":"https:\/\/www.sonoraenequipo.com.mx\/storage\/2022\/03\/vacuna_de-cuatro-meses_opt.jpg","articleSection":["Ciencia y Tecnolog\u00eda"],"inLanguage":"es","potentialAction":[{"@type":"CommentAction","name":"Comment","target":["https:\/\/www.sonoraenequipo.com.mx\/la-vacuna-de-refuerzo-covid-pierde-su-efectividad-tras-el-cuarto-mes-de-la-aplicacion\/#respond"]}]},{"@type":"WebPage","@id":"https:\/\/www.sonoraenequipo.com.mx\/la-vacuna-de-refuerzo-covid-pierde-su-efectividad-tras-el-cuarto-mes-de-la-aplicacion\/","url":"https:\/\/www.sonoraenequipo.com.mx\/la-vacuna-de-refuerzo-covid-pierde-su-efectividad-tras-el-cuarto-mes-de-la-aplicacion\/","name":"Sonora en Equipo. La vacuna de refuerzo Covid pierde su efectividad tras el cuarto mes de la aplicaci\u00f3n Ciencia y Tecnolog\u00eda","isPartOf":{"@id":"https:\/\/www.sonoraenequipo.com.mx\/#website"},"primaryImageOfPage":{"@id":"https:\/\/www.sonoraenequipo.com.mx\/la-vacuna-de-refuerzo-covid-pierde-su-efectividad-tras-el-cuarto-mes-de-la-aplicacion\/#primaryimage"},"image":{"@id":"https:\/\/www.sonoraenequipo.com.mx\/la-vacuna-de-refuerzo-covid-pierde-su-efectividad-tras-el-cuarto-mes-de-la-aplicacion\/#primaryimage"},"thumbnailUrl":"https:\/\/www.sonoraenequipo.com.mx\/storage\/2022\/03\/vacuna_de-cuatro-meses_opt.jpg","datePublished":"2022-03-27T05:30:43+00:00","dateModified":"2022-03-27T16:26:06+00:00","description":"CIUDAD DE M\u00c9XICO.- Baja efectividad de la vacuna de refuerzo Covid despu\u00e9s del cuatro meses de la aplicaci\u00f3n, revela estudio de los Centros para el En Sonora en Equipo publicamos toda la informaci\u00f3n de Sonora, M\u00e9xico y el Mundo de manera oportuna y busca que la libertad de expresi\u00f3n sea real. Visita nuestro medio informativo publicado desde Hermosillo, Sonora. %","breadcrumb":{"@id":"https:\/\/www.sonoraenequipo.com.mx\/la-vacuna-de-refuerzo-covid-pierde-su-efectividad-tras-el-cuarto-mes-de-la-aplicacion\/#breadcrumb"},"inLanguage":"es","potentialAction":[{"@type":"ReadAction","target":["https:\/\/www.sonoraenequipo.com.mx\/la-vacuna-de-refuerzo-covid-pierde-su-efectividad-tras-el-cuarto-mes-de-la-aplicacion\/"]}]},{"@type":"ImageObject","inLanguage":"es","@id":"https:\/\/www.sonoraenequipo.com.mx\/la-vacuna-de-refuerzo-covid-pierde-su-efectividad-tras-el-cuarto-mes-de-la-aplicacion\/#primaryimage","url":"https:\/\/www.sonoraenequipo.com.mx\/storage\/2022\/03\/vacuna_de-cuatro-meses_opt.jpg","contentUrl":"https:\/\/www.sonoraenequipo.com.mx\/storage\/2022\/03\/vacuna_de-cuatro-meses_opt.jpg","width":700,"height":400},{"@type":"BreadcrumbList","@id":"https:\/\/www.sonoraenequipo.com.mx\/la-vacuna-de-refuerzo-covid-pierde-su-efectividad-tras-el-cuarto-mes-de-la-aplicacion\/#breadcrumb","itemListElement":[{"@type":"ListItem","position":1,"name":"Portada","item":"https:\/\/www.sonoraenequipo.com.mx\/"},{"@type":"ListItem","position":2,"name":"La vacuna de refuerzo Covid pierde su efectividad tras el cuarto mes de la aplicaci\u00f3n"}]},{"@type":"WebSite","@id":"https:\/\/www.sonoraenequipo.com.mx\/#website","url":"https:\/\/www.sonoraenequipo.com.mx\/","name":"Sonora en Equipo.","description":"Diario en l\u00ednea con Noticias desde Hermosillo, Sonora","publisher":{"@id":"https:\/\/www.sonoraenequipo.com.mx\/#organization"},"potentialAction":[{"@type":"SearchAction","target":{"@type":"EntryPoint","urlTemplate":"https:\/\/www.sonoraenequipo.com.mx\/?s={search_term_string}"},"query-input":{"@type":"PropertyValueSpecification","valueRequired":true,"valueName":"search_term_string"}}],"inLanguage":"es"},{"@type":"Organization","@id":"https:\/\/www.sonoraenequipo.com.mx\/#organization","name":"Sonoraenequipo.com.mx","url":"https:\/\/www.sonoraenequipo.com.mx\/","logo":{"@type":"ImageObject","inLanguage":"es","@id":"https:\/\/www.sonoraenequipo.com.mx\/#\/schema\/logo\/image\/","url":"https:\/\/www.sonoraenequipo.com.mx\/storage\/2019\/01\/sonoraenequipo_opt.png","contentUrl":"https:\/\/www.sonoraenequipo.com.mx\/storage\/2019\/01\/sonoraenequipo_opt.png","width":375,"height":125,"caption":"Sonoraenequipo.com.mx"},"image":{"@id":"https:\/\/www.sonoraenequipo.com.mx\/#\/schema\/logo\/image\/"},"sameAs":["https:\/\/www.facebook.com\/SonoraEE\/","https:\/\/x.com\/sonoraenequipo","https:\/\/www.youtube.com\/channel\/UC338nW-lPEYmJQs4ZABQ1SQ"]},{"@type":"Person","@id":"https:\/\/www.sonoraenequipo.com.mx\/#\/schema\/person\/50102df0fb23a8fa9e8effad8fa81386","name":"enequipo","image":{"@type":"ImageObject","inLanguage":"es","@id":"https:\/\/www.sonoraenequipo.com.mx\/#\/schema\/person\/image\/","url":"https:\/\/secure.gravatar.com\/avatar\/049821681b589dabc0bc20695993ccebb09f5b5d4d790cd9251b97faac7c652b?s=96&d=blank&r=g","contentUrl":"https:\/\/secure.gravatar.com\/avatar\/049821681b589dabc0bc20695993ccebb09f5b5d4d790cd9251b97faac7c652b?s=96&d=blank&r=g","caption":"enequipo"},"sameAs":["https:\/\/www.facebook.com\/SonoraEE"]}]}},"jetpack_featured_media_url":"https:\/\/www.sonoraenequipo.com.mx\/storage\/2022\/03\/vacuna_de-cuatro-meses_opt.jpg","_links":{"self":[{"href":"https:\/\/www.sonoraenequipo.com.mx\/api\/wp\/v2\/posts\/135734","targetHints":{"allow":["GET"]}}],"collection":[{"href":"https:\/\/www.sonoraenequipo.com.mx\/api\/wp\/v2\/posts"}],"about":[{"href":"https:\/\/www.sonoraenequipo.com.mx\/api\/wp\/v2\/types\/post"}],"author":[{"embeddable":true,"href":"https:\/\/www.sonoraenequipo.com.mx\/api\/wp\/v2\/users\/1"}],"replies":[{"embeddable":true,"href":"https:\/\/www.sonoraenequipo.com.mx\/api\/wp\/v2\/comments?post=135734"}],"version-history":[{"count":1,"href":"https:\/\/www.sonoraenequipo.com.mx\/api\/wp\/v2\/posts\/135734\/revisions"}],"predecessor-version":[{"id":135736,"href":"https:\/\/www.sonoraenequipo.com.mx\/api\/wp\/v2\/posts\/135734\/revisions\/135736"}],"wp:featuredmedia":[{"embeddable":true,"href":"https:\/\/www.sonoraenequipo.com.mx\/api\/wp\/v2\/media\/135735"}],"wp:attachment":[{"href":"https:\/\/www.sonoraenequipo.com.mx\/api\/wp\/v2\/media?parent=135734"}],"wp:term":[{"taxonomy":"category","embeddable":true,"href":"https:\/\/www.sonoraenequipo.com.mx\/api\/wp\/v2\/categories?post=135734"},{"taxonomy":"post_tag","embeddable":true,"href":"https:\/\/www.sonoraenequipo.com.mx\/api\/wp\/v2\/tags?post=135734"}],"curies":[{"name":"wp","href":"https:\/\/api.w.org\/{rel}","templated":true}]}}