{"id":135742,"date":"2022-03-27T07:50:00","date_gmt":"2022-03-27T14:50:00","guid":{"rendered":"https:\/\/www.sonoraenequipo.com.mx\/?p=135742"},"modified":"2022-03-27T09:55:44","modified_gmt":"2022-03-27T16:55:44","slug":"macron-en-desacuerdo-con-biden-no-debemos-caer-en-una-escalada-de-accion-ni-de-palabras-dice","status":"publish","type":"post","link":"https:\/\/www.sonoraenequipo.com.mx\/macron-en-desacuerdo-con-biden-no-debemos-caer-en-una-escalada-de-accion-ni-de-palabras-dice\/","title":{"rendered":"Macron en desacuerdo con Biden frente a su calificaci\u00f3n respecto a Putin"},"content":{"rendered":"<p><strong>PAR\u00cdS, FRANCIA. \u2014<\/strong> El presidente de Francia, Emmanuel Macron, se desmarc\u00f3 este domingo de las declaraciones de su hom\u00f3logo estadounidense, Joe Biden, que calific\u00f3 de \u201ccarnicero\u201d al l\u00edder ruso, Vladimir Putin, y sostuvo que hay que hacer \u201ctodo\u201d para evitar una escalada en este conflicto.<\/p>\n<p>&nbsp;<\/p>\n<p> <\/p>\n<p>&nbsp;<\/p>\n<p>\u201c<strong>Yo no utilizar\u00eda esas palabras\u201d<\/strong>, indic\u00f3 el jefe de Estado franc\u00e9s en la cadena France 3.<\/p>\n<p>&nbsp;<\/p>\n<p>El tambi\u00e9n candidato a la reelecci\u00f3n en abril sostuvo que \u201chay que hacer todo para que la situaci\u00f3n derrape\u201d:<strong><em> \u201cYo sigo hablando con el presidente Putin porque \u00bfqu\u00e9 queremos hacer colectivamente? Queremos parar la guerra que Rusia ha lanzado, sin hacer la guerra y sin escalada\u201d.<\/em><\/strong><\/p>\n<p>&nbsp;<\/p>\n<p>Macron subray\u00f3 la importancia de no caer en esa escalada, \u201cni de acci\u00f3n ni de palabra\u201d, y abog\u00f3 por la v\u00eda diplom\u00e1tica para lograr el alto el fuego y la retirada de las tropas rusas de Ucrania.<\/p>\n<p>&nbsp;<\/p>\n<p><em><strong>\u201cGeogr\u00e1ficamente los que estamos frente a Rusia somos los europeos. Estados Unidos es un aliado en el marco de la OTAN con el que compartimos muchos valores, pero los que vivimos junto a Rusia somos los europeos\u201d,<\/strong><\/em> record\u00f3.<\/p>\n<p>&nbsp;<\/p>\n<p>El presidente franc\u00e9s, que desde el inicio de la guerra el 24 de febrero ha mantenido un contacto telef\u00f3nico habitual tanto con Putin como con el l\u00edder ucraniano, Volod\u00edmir Zelenski, precis\u00f3 que volver\u00e1 a hablar ma\u00f1ana o el martes con el mandatario ruso para organizar \u201cen las mejores condiciones\u201d una operaci\u00f3n de evacuaci\u00f3n de la asediada Mari\u00fapol, en el sur de Ucrania.<\/p>\n<p>&nbsp;<\/p>\n<p>(Publicada el 27\/03\/2022 \/ Con informaci\u00f3n de EFE)<\/p>\n<p>&nbsp;<\/p>\n<p>&nbsp;<\/p>\n","protected":false},"excerpt":{"rendered":"<p>PAR\u00cdS, FRANCIA. \u2014 El presidente de Francia, Emmanuel Macron, se desmarc\u00f3 este domingo de las&#8230;<\/p>\n","protected":false},"author":1,"featured_media":135727,"comment_status":"open","ping_status":"open","sticky":false,"template":"","format":"standard","meta":{"_monsterinsights_skip_tracking":false,"_monsterinsights_sitenote_active":false,"_monsterinsights_sitenote_note":"","_monsterinsights_sitenote_category":0,"footnotes":""},"categories":[3],"tags":[],"class_list":["post"],"yoast_head":" \n<title>Sonora en Equipo. Macron en desacuerdo con Biden frente a su calificaci\u00f3n respecto a Putin MUNDO<\/title>\n<meta name=\"description\" content=\"PAR\u00cdS, FRANCIA. \u2014 El presidente de Francia, Emmanuel Macron, se desmarc\u00f3 este domingo de las declaraciones de su hom\u00f3logo estadounidense, Joe Biden, que En Sonora en Equipo publicamos toda la informaci\u00f3n de Sonora, M\u00e9xico y el Mundo de manera oportuna y busca que la libertad de expresi\u00f3n sea real. Visita nuestro medio informativo publicado desde Hermosillo, Sonora. %\" \/>\n<meta name=\"robots\" content=\"index, follow, max-snippet:-1, max-image-preview:large, max-video-preview:-1\" \/>\n<link rel=\"canonical\" href=\"https:\/\/www.sonoraenequipo.com.mx\/macron-en-desacuerdo-con-biden-no-debemos-caer-en-una-escalada-de-accion-ni-de-palabras-dice\/\" \/>\n<meta property=\"og:locale\" content=\"es_ES\" \/>\n<meta property=\"og:type\" content=\"article\" \/>\n<meta property=\"og:title\" content=\"Sonora en Equipo. Macron en desacuerdo con Biden frente a su calificaci\u00f3n respecto a Putin MUNDO\" \/>\n<meta property=\"og:description\" content=\"PAR\u00cdS, FRANCIA. \u2014 El presidente de Francia, Emmanuel Macron, se desmarc\u00f3 este domingo de las declaraciones de su hom\u00f3logo estadounidense, Joe Biden, que En Sonora en Equipo publicamos toda la informaci\u00f3n de Sonora, M\u00e9xico y el Mundo de manera oportuna y busca que la libertad de expresi\u00f3n sea real. Visita nuestro medio informativo publicado desde Hermosillo, Sonora. %\" \/>\n<meta property=\"og:url\" content=\"https:\/\/www.sonoraenequipo.com.mx\/macron-en-desacuerdo-con-biden-no-debemos-caer-en-una-escalada-de-accion-ni-de-palabras-dice\/\" \/>\n<meta property=\"og:site_name\" content=\"Sonora en Equipo.\" \/>\n<meta property=\"article:publisher\" content=\"https:\/\/www.facebook.com\/SonoraEE\/\" \/>\n<meta property=\"article:author\" content=\"https:\/\/www.facebook.com\/SonoraEE\" \/>\n<meta property=\"article:published_time\" content=\"2022-03-27T14:50:00+00:00\" \/>\n<meta property=\"article:modified_time\" content=\"2022-03-27T16:55:44+00:00\" \/>\n<meta property=\"og:image\" content=\"https:\/\/www.sonoraenequipo.com.mx\/storage\/2022\/03\/emmanuel-macron_opt.jpg\" \/>\n\t<meta property=\"og:image:width\" content=\"711\" \/>\n\t<meta property=\"og:image:height\" content=\"400\" \/>\n\t<meta property=\"og:image:type\" content=\"image\/jpeg\" \/>\n<meta name=\"author\" content=\"enequipo\" \/>\n<meta name=\"twitter:card\" content=\"summary_large_image\" \/>\n<meta name=\"twitter:creator\" content=\"@sonoraenequipo\" \/>\n<meta name=\"twitter:site\" content=\"@sonoraenequipo\" \/>\n<meta name=\"twitter:label1\" content=\"Escrito por\" \/>\n\t<meta name=\"twitter:data1\" content=\"enequipo\" \/>\n\t<meta name=\"twitter:label2\" content=\"Tiempo de lectura\" \/>\n\t<meta name=\"twitter:data2\" content=\"2 minutos\" \/>\n<script type=\"application\/ld+json\" class=\"yoast-schema-graph\">{\"@context\":\"https:\/\/schema.org\",\"@graph\":[{\"@type\":\"Article\",\"@id\":\"https:\/\/www.sonoraenequipo.com.mx\/macron-en-desacuerdo-con-biden-no-debemos-caer-en-una-escalada-de-accion-ni-de-palabras-dice\/#article\",\"isPartOf\":{\"@id\":\"https:\/\/www.sonoraenequipo.com.mx\/macron-en-desacuerdo-con-biden-no-debemos-caer-en-una-escalada-de-accion-ni-de-palabras-dice\/\"},\"author\":{\"name\":\"enequipo\",\"@id\":\"https:\/\/www.sonoraenequipo.com.mx\/#\/schema\/person\/50102df0fb23a8fa9e8effad8fa81386\"},\"headline\":\"Macron en desacuerdo con Biden frente a su calificaci\u00f3n respecto a Putin\",\"datePublished\":\"2022-03-27T14:50:00+00:00\",\"dateModified\":\"2022-03-27T16:55:44+00:00\",\"mainEntityOfPage\":{\"@id\":\"https:\/\/www.sonoraenequipo.com.mx\/macron-en-desacuerdo-con-biden-no-debemos-caer-en-una-escalada-de-accion-ni-de-palabras-dice\/\"},\"wordCount\":290,\"commentCount\":0,\"publisher\":{\"@id\":\"https:\/\/www.sonoraenequipo.com.mx\/#organization\"},\"image\":{\"@id\":\"https:\/\/www.sonoraenequipo.com.mx\/macron-en-desacuerdo-con-biden-no-debemos-caer-en-una-escalada-de-accion-ni-de-palabras-dice\/#primaryimage\"},\"thumbnailUrl\":\"https:\/\/www.sonoraenequipo.com.mx\/storage\/2022\/03\/emmanuel-macron_opt.jpg\",\"articleSection\":[\"MUNDO\"],\"inLanguage\":\"es\",\"potentialAction\":[{\"@type\":\"CommentAction\",\"name\":\"Comment\",\"target\":[\"https:\/\/www.sonoraenequipo.com.mx\/macron-en-desacuerdo-con-biden-no-debemos-caer-en-una-escalada-de-accion-ni-de-palabras-dice\/#respond\"]}]},{\"@type\":\"WebPage\",\"@id\":\"https:\/\/www.sonoraenequipo.com.mx\/macron-en-desacuerdo-con-biden-no-debemos-caer-en-una-escalada-de-accion-ni-de-palabras-dice\/\",\"url\":\"https:\/\/www.sonoraenequipo.com.mx\/macron-en-desacuerdo-con-biden-no-debemos-caer-en-una-escalada-de-accion-ni-de-palabras-dice\/\",\"name\":\"Sonora en Equipo. Macron en desacuerdo con Biden frente a su calificaci\u00f3n respecto a Putin MUNDO\",\"isPartOf\":{\"@id\":\"https:\/\/www.sonoraenequipo.com.mx\/#website\"},\"primaryImageOfPage\":{\"@id\":\"https:\/\/www.sonoraenequipo.com.mx\/macron-en-desacuerdo-con-biden-no-debemos-caer-en-una-escalada-de-accion-ni-de-palabras-dice\/#primaryimage\"},\"image\":{\"@id\":\"https:\/\/www.sonoraenequipo.com.mx\/macron-en-desacuerdo-con-biden-no-debemos-caer-en-una-escalada-de-accion-ni-de-palabras-dice\/#primaryimage\"},\"thumbnailUrl\":\"https:\/\/www.sonoraenequipo.com.mx\/storage\/2022\/03\/emmanuel-macron_opt.jpg\",\"datePublished\":\"2022-03-27T14:50:00+00:00\",\"dateModified\":\"2022-03-27T16:55:44+00:00\",\"description\":\"PAR\u00cdS, FRANCIA. \u2014 El presidente de Francia, Emmanuel Macron, se desmarc\u00f3 este domingo de las declaraciones de su hom\u00f3logo estadounidense, Joe Biden, que En Sonora en Equipo publicamos toda la informaci\u00f3n de Sonora, M\u00e9xico y el Mundo de manera oportuna y busca que la libertad de expresi\u00f3n sea real. Visita nuestro medio informativo publicado desde Hermosillo, Sonora. %\",\"breadcrumb\":{\"@id\":\"https:\/\/www.sonoraenequipo.com.mx\/macron-en-desacuerdo-con-biden-no-debemos-caer-en-una-escalada-de-accion-ni-de-palabras-dice\/#breadcrumb\"},\"inLanguage\":\"es\",\"potentialAction\":[{\"@type\":\"ReadAction\",\"target\":[\"https:\/\/www.sonoraenequipo.com.mx\/macron-en-desacuerdo-con-biden-no-debemos-caer-en-una-escalada-de-accion-ni-de-palabras-dice\/\"]}]},{\"@type\":\"ImageObject\",\"inLanguage\":\"es\",\"@id\":\"https:\/\/www.sonoraenequipo.com.mx\/macron-en-desacuerdo-con-biden-no-debemos-caer-en-una-escalada-de-accion-ni-de-palabras-dice\/#primaryimage\",\"url\":\"https:\/\/www.sonoraenequipo.com.mx\/storage\/2022\/03\/emmanuel-macron_opt.jpg\",\"contentUrl\":\"https:\/\/www.sonoraenequipo.com.mx\/storage\/2022\/03\/emmanuel-macron_opt.jpg\",\"width\":711,\"height\":400},{\"@type\":\"BreadcrumbList\",\"@id\":\"https:\/\/www.sonoraenequipo.com.mx\/macron-en-desacuerdo-con-biden-no-debemos-caer-en-una-escalada-de-accion-ni-de-palabras-dice\/#breadcrumb\",\"itemListElement\":[{\"@type\":\"ListItem\",\"position\":1,\"name\":\"Portada\",\"item\":\"https:\/\/www.sonoraenequipo.com.mx\/\"},{\"@type\":\"ListItem\",\"position\":2,\"name\":\"Macron en desacuerdo con Biden frente a su calificaci\u00f3n respecto a Putin\"}]},{\"@type\":\"WebSite\",\"@id\":\"https:\/\/www.sonoraenequipo.com.mx\/#website\",\"url\":\"https:\/\/www.sonoraenequipo.com.mx\/\",\"name\":\"Sonora en Equipo.\",\"description\":\"Diario en l\u00ednea con Noticias desde Hermosillo, Sonora\",\"publisher\":{\"@id\":\"https:\/\/www.sonoraenequipo.com.mx\/#organization\"},\"potentialAction\":[{\"@type\":\"SearchAction\",\"target\":{\"@type\":\"EntryPoint\",\"urlTemplate\":\"https:\/\/www.sonoraenequipo.com.mx\/?s={search_term_string}\"},\"query-input\":{\"@type\":\"PropertyValueSpecification\",\"valueRequired\":true,\"valueName\":\"search_term_string\"}}],\"inLanguage\":\"es\"},{\"@type\":\"Organization\",\"@id\":\"https:\/\/www.sonoraenequipo.com.mx\/#organization\",\"name\":\"Sonoraenequipo.com.mx\",\"url\":\"https:\/\/www.sonoraenequipo.com.mx\/\",\"logo\":{\"@type\":\"ImageObject\",\"inLanguage\":\"es\",\"@id\":\"https:\/\/www.sonoraenequipo.com.mx\/#\/schema\/logo\/image\/\",\"url\":\"https:\/\/www.sonoraenequipo.com.mx\/storage\/2019\/01\/sonoraenequipo_opt.png\",\"contentUrl\":\"https:\/\/www.sonoraenequipo.com.mx\/storage\/2019\/01\/sonoraenequipo_opt.png\",\"width\":375,\"height\":125,\"caption\":\"Sonoraenequipo.com.mx\"},\"image\":{\"@id\":\"https:\/\/www.sonoraenequipo.com.mx\/#\/schema\/logo\/image\/\"},\"sameAs\":[\"https:\/\/www.facebook.com\/SonoraEE\/\",\"https:\/\/x.com\/sonoraenequipo\",\"https:\/\/www.youtube.com\/channel\/UC338nW-lPEYmJQs4ZABQ1SQ\"]},{\"@type\":\"Person\",\"@id\":\"https:\/\/www.sonoraenequipo.com.mx\/#\/schema\/person\/50102df0fb23a8fa9e8effad8fa81386\",\"name\":\"enequipo\",\"image\":{\"@type\":\"ImageObject\",\"inLanguage\":\"es\",\"@id\":\"https:\/\/www.sonoraenequipo.com.mx\/#\/schema\/person\/image\/\",\"url\":\"https:\/\/secure.gravatar.com\/avatar\/049821681b589dabc0bc20695993ccebb09f5b5d4d790cd9251b97faac7c652b?s=96&d=blank&r=g\",\"contentUrl\":\"https:\/\/secure.gravatar.com\/avatar\/049821681b589dabc0bc20695993ccebb09f5b5d4d790cd9251b97faac7c652b?s=96&d=blank&r=g\",\"caption\":\"enequipo\"},\"sameAs\":[\"https:\/\/www.facebook.com\/SonoraEE\"]}]}<\/script>\n ","yoast_head_json":{"title":"Sonora en Equipo. Macron en desacuerdo con Biden frente a su calificaci\u00f3n respecto a Putin MUNDO","description":"PAR\u00cdS, FRANCIA. \u2014 El presidente de Francia, Emmanuel Macron, se desmarc\u00f3 este domingo de las declaraciones de su hom\u00f3logo estadounidense, Joe Biden, que En Sonora en Equipo publicamos toda la informaci\u00f3n de Sonora, M\u00e9xico y el Mundo de manera oportuna y busca que la libertad de expresi\u00f3n sea real. Visita nuestro medio informativo publicado desde Hermosillo, Sonora. %","robots":{"index":"index","follow":"follow","max-snippet":"max-snippet:-1","max-image-preview":"max-image-preview:large","max-video-preview":"max-video-preview:-1"},"canonical":"https:\/\/www.sonoraenequipo.com.mx\/macron-en-desacuerdo-con-biden-no-debemos-caer-en-una-escalada-de-accion-ni-de-palabras-dice\/","og_locale":"es_ES","og_type":"article","og_title":"Sonora en Equipo. Macron en desacuerdo con Biden frente a su calificaci\u00f3n respecto a Putin MUNDO","og_description":"PAR\u00cdS, FRANCIA. \u2014 El presidente de Francia, Emmanuel Macron, se desmarc\u00f3 este domingo de las declaraciones de su hom\u00f3logo estadounidense, Joe Biden, que En Sonora en Equipo publicamos toda la informaci\u00f3n de Sonora, M\u00e9xico y el Mundo de manera oportuna y busca que la libertad de expresi\u00f3n sea real. Visita nuestro medio informativo publicado desde Hermosillo, Sonora. %","og_url":"https:\/\/www.sonoraenequipo.com.mx\/macron-en-desacuerdo-con-biden-no-debemos-caer-en-una-escalada-de-accion-ni-de-palabras-dice\/","og_site_name":"Sonora en Equipo.","article_publisher":"https:\/\/www.facebook.com\/SonoraEE\/","article_author":"https:\/\/www.facebook.com\/SonoraEE","article_published_time":"2022-03-27T14:50:00+00:00","article_modified_time":"2022-03-27T16:55:44+00:00","og_image":[{"width":711,"height":400,"url":"https:\/\/www.sonoraenequipo.com.mx\/storage\/2022\/03\/emmanuel-macron_opt.jpg","type":"image\/jpeg"}],"author":"enequipo","twitter_card":"summary_large_image","twitter_creator":"@sonoraenequipo","twitter_site":"@sonoraenequipo","twitter_misc":{"Escrito por":"enequipo","Tiempo de lectura":"2 minutos"},"schema":{"@context":"https:\/\/schema.org","@graph":[{"@type":"Article","@id":"https:\/\/www.sonoraenequipo.com.mx\/macron-en-desacuerdo-con-biden-no-debemos-caer-en-una-escalada-de-accion-ni-de-palabras-dice\/#article","isPartOf":{"@id":"https:\/\/www.sonoraenequipo.com.mx\/macron-en-desacuerdo-con-biden-no-debemos-caer-en-una-escalada-de-accion-ni-de-palabras-dice\/"},"author":{"name":"enequipo","@id":"https:\/\/www.sonoraenequipo.com.mx\/#\/schema\/person\/50102df0fb23a8fa9e8effad8fa81386"},"headline":"Macron en desacuerdo con Biden frente a su calificaci\u00f3n respecto a Putin","datePublished":"2022-03-27T14:50:00+00:00","dateModified":"2022-03-27T16:55:44+00:00","mainEntityOfPage":{"@id":"https:\/\/www.sonoraenequipo.com.mx\/macron-en-desacuerdo-con-biden-no-debemos-caer-en-una-escalada-de-accion-ni-de-palabras-dice\/"},"wordCount":290,"commentCount":0,"publisher":{"@id":"https:\/\/www.sonoraenequipo.com.mx\/#organization"},"image":{"@id":"https:\/\/www.sonoraenequipo.com.mx\/macron-en-desacuerdo-con-biden-no-debemos-caer-en-una-escalada-de-accion-ni-de-palabras-dice\/#primaryimage"},"thumbnailUrl":"https:\/\/www.sonoraenequipo.com.mx\/storage\/2022\/03\/emmanuel-macron_opt.jpg","articleSection":["MUNDO"],"inLanguage":"es","potentialAction":[{"@type":"CommentAction","name":"Comment","target":["https:\/\/www.sonoraenequipo.com.mx\/macron-en-desacuerdo-con-biden-no-debemos-caer-en-una-escalada-de-accion-ni-de-palabras-dice\/#respond"]}]},{"@type":"WebPage","@id":"https:\/\/www.sonoraenequipo.com.mx\/macron-en-desacuerdo-con-biden-no-debemos-caer-en-una-escalada-de-accion-ni-de-palabras-dice\/","url":"https:\/\/www.sonoraenequipo.com.mx\/macron-en-desacuerdo-con-biden-no-debemos-caer-en-una-escalada-de-accion-ni-de-palabras-dice\/","name":"Sonora en Equipo. Macron en desacuerdo con Biden frente a su calificaci\u00f3n respecto a Putin MUNDO","isPartOf":{"@id":"https:\/\/www.sonoraenequipo.com.mx\/#website"},"primaryImageOfPage":{"@id":"https:\/\/www.sonoraenequipo.com.mx\/macron-en-desacuerdo-con-biden-no-debemos-caer-en-una-escalada-de-accion-ni-de-palabras-dice\/#primaryimage"},"image":{"@id":"https:\/\/www.sonoraenequipo.com.mx\/macron-en-desacuerdo-con-biden-no-debemos-caer-en-una-escalada-de-accion-ni-de-palabras-dice\/#primaryimage"},"thumbnailUrl":"https:\/\/www.sonoraenequipo.com.mx\/storage\/2022\/03\/emmanuel-macron_opt.jpg","datePublished":"2022-03-27T14:50:00+00:00","dateModified":"2022-03-27T16:55:44+00:00","description":"PAR\u00cdS, FRANCIA. \u2014 El presidente de Francia, Emmanuel Macron, se desmarc\u00f3 este domingo de las declaraciones de su hom\u00f3logo estadounidense, Joe Biden, que En Sonora en Equipo publicamos toda la informaci\u00f3n de Sonora, M\u00e9xico y el Mundo de manera oportuna y busca que la libertad de expresi\u00f3n sea real. Visita nuestro medio informativo publicado desde Hermosillo, Sonora. %","breadcrumb":{"@id":"https:\/\/www.sonoraenequipo.com.mx\/macron-en-desacuerdo-con-biden-no-debemos-caer-en-una-escalada-de-accion-ni-de-palabras-dice\/#breadcrumb"},"inLanguage":"es","potentialAction":[{"@type":"ReadAction","target":["https:\/\/www.sonoraenequipo.com.mx\/macron-en-desacuerdo-con-biden-no-debemos-caer-en-una-escalada-de-accion-ni-de-palabras-dice\/"]}]},{"@type":"ImageObject","inLanguage":"es","@id":"https:\/\/www.sonoraenequipo.com.mx\/macron-en-desacuerdo-con-biden-no-debemos-caer-en-una-escalada-de-accion-ni-de-palabras-dice\/#primaryimage","url":"https:\/\/www.sonoraenequipo.com.mx\/storage\/2022\/03\/emmanuel-macron_opt.jpg","contentUrl":"https:\/\/www.sonoraenequipo.com.mx\/storage\/2022\/03\/emmanuel-macron_opt.jpg","width":711,"height":400},{"@type":"BreadcrumbList","@id":"https:\/\/www.sonoraenequipo.com.mx\/macron-en-desacuerdo-con-biden-no-debemos-caer-en-una-escalada-de-accion-ni-de-palabras-dice\/#breadcrumb","itemListElement":[{"@type":"ListItem","position":1,"name":"Portada","item":"https:\/\/www.sonoraenequipo.com.mx\/"},{"@type":"ListItem","position":2,"name":"Macron en desacuerdo con Biden frente a su calificaci\u00f3n respecto a Putin"}]},{"@type":"WebSite","@id":"https:\/\/www.sonoraenequipo.com.mx\/#website","url":"https:\/\/www.sonoraenequipo.com.mx\/","name":"Sonora en Equipo.","description":"Diario en l\u00ednea con Noticias desde Hermosillo, Sonora","publisher":{"@id":"https:\/\/www.sonoraenequipo.com.mx\/#organization"},"potentialAction":[{"@type":"SearchAction","target":{"@type":"EntryPoint","urlTemplate":"https:\/\/www.sonoraenequipo.com.mx\/?s={search_term_string}"},"query-input":{"@type":"PropertyValueSpecification","valueRequired":true,"valueName":"search_term_string"}}],"inLanguage":"es"},{"@type":"Organization","@id":"https:\/\/www.sonoraenequipo.com.mx\/#organization","name":"Sonoraenequipo.com.mx","url":"https:\/\/www.sonoraenequipo.com.mx\/","logo":{"@type":"ImageObject","inLanguage":"es","@id":"https:\/\/www.sonoraenequipo.com.mx\/#\/schema\/logo\/image\/","url":"https:\/\/www.sonoraenequipo.com.mx\/storage\/2019\/01\/sonoraenequipo_opt.png","contentUrl":"https:\/\/www.sonoraenequipo.com.mx\/storage\/2019\/01\/sonoraenequipo_opt.png","width":375,"height":125,"caption":"Sonoraenequipo.com.mx"},"image":{"@id":"https:\/\/www.sonoraenequipo.com.mx\/#\/schema\/logo\/image\/"},"sameAs":["https:\/\/www.facebook.com\/SonoraEE\/","https:\/\/x.com\/sonoraenequipo","https:\/\/www.youtube.com\/channel\/UC338nW-lPEYmJQs4ZABQ1SQ"]},{"@type":"Person","@id":"https:\/\/www.sonoraenequipo.com.mx\/#\/schema\/person\/50102df0fb23a8fa9e8effad8fa81386","name":"enequipo","image":{"@type":"ImageObject","inLanguage":"es","@id":"https:\/\/www.sonoraenequipo.com.mx\/#\/schema\/person\/image\/","url":"https:\/\/secure.gravatar.com\/avatar\/049821681b589dabc0bc20695993ccebb09f5b5d4d790cd9251b97faac7c652b?s=96&d=blank&r=g","contentUrl":"https:\/\/secure.gravatar.com\/avatar\/049821681b589dabc0bc20695993ccebb09f5b5d4d790cd9251b97faac7c652b?s=96&d=blank&r=g","caption":"enequipo"},"sameAs":["https:\/\/www.facebook.com\/SonoraEE"]}]}},"jetpack_featured_media_url":"https:\/\/www.sonoraenequipo.com.mx\/storage\/2022\/03\/emmanuel-macron_opt.jpg","_links":{"self":[{"href":"https:\/\/www.sonoraenequipo.com.mx\/api\/wp\/v2\/posts\/135742","targetHints":{"allow":["GET"]}}],"collection":[{"href":"https:\/\/www.sonoraenequipo.com.mx\/api\/wp\/v2\/posts"}],"about":[{"href":"https:\/\/www.sonoraenequipo.com.mx\/api\/wp\/v2\/types\/post"}],"author":[{"embeddable":true,"href":"https:\/\/www.sonoraenequipo.com.mx\/api\/wp\/v2\/users\/1"}],"replies":[{"embeddable":true,"href":"https:\/\/www.sonoraenequipo.com.mx\/api\/wp\/v2\/comments?post=135742"}],"version-history":[{"count":3,"href":"https:\/\/www.sonoraenequipo.com.mx\/api\/wp\/v2\/posts\/135742\/revisions"}],"predecessor-version":[{"id":135745,"href":"https:\/\/www.sonoraenequipo.com.mx\/api\/wp\/v2\/posts\/135742\/revisions\/135745"}],"wp:featuredmedia":[{"embeddable":true,"href":"https:\/\/www.sonoraenequipo.com.mx\/api\/wp\/v2\/media\/135727"}],"wp:attachment":[{"href":"https:\/\/www.sonoraenequipo.com.mx\/api\/wp\/v2\/media?parent=135742"}],"wp:term":[{"taxonomy":"category","embeddable":true,"href":"https:\/\/www.sonoraenequipo.com.mx\/api\/wp\/v2\/categories?post=135742"},{"taxonomy":"post_tag","embeddable":true,"href":"https:\/\/www.sonoraenequipo.com.mx\/api\/wp\/v2\/tags?post=135742"}],"curies":[{"name":"wp","href":"https:\/\/api.w.org\/{rel}","templated":true}]}}