{"id":135746,"date":"2022-03-27T06:03:59","date_gmt":"2022-03-27T13:03:59","guid":{"rendered":"https:\/\/www.sonoraenequipo.com.mx\/?p=135746"},"modified":"2022-03-27T10:15:36","modified_gmt":"2022-03-27T17:15:36","slug":"aifa-tendra-vuelos-a-estados-unidos-a-partir-de-la-segunda-mitad-de-2022","status":"publish","type":"post","link":"https:\/\/www.sonoraenequipo.com.mx\/aifa-tendra-vuelos-a-estados-unidos-a-partir-de-la-segunda-mitad-de-2022\/","title":{"rendered":"AIFA tendr\u00e1 vuelos a Estados Unidos a partir de la segunda mitad de 2022"},"content":{"rendered":"<p>CDMX. M\u00c9XICO. \u2014\u00a0 El reci\u00e9n inaugurado Aeropuerto Internacional Felipe \u00c1ngeles (AIFA) de la Ciudad de M\u00e9xico tendr\u00e1 vuelos a Estados Unidos con las aerol\u00edneas Delta y Copa Airlines para la segunda mitad del 2022, seg\u00fan se inform\u00f3 este s\u00e1bado en sus redes sociales oficiales.<\/p>\n<p>&nbsp;<\/p>\n<p> <\/p>\n<p>&nbsp;<\/p>\n<p>\u201cAIFA tendr\u00e1 vuelos a EEUU con Delta y Copa Airlines en segunda mitad de 2022\u201d, se\u00f1al\u00f3 la cuenta de Facebook del AIFA.<\/p>\n<p>&nbsp;<\/p>\n<p>Estas aerol\u00edneas se unir\u00e1n a Volaris, VivaAerobus y Aerom\u00e9xico, que ya est\u00e1n en operaci\u00f3n en el nuevo aeropuerto.<\/p>\n<p>&nbsp;<\/p>\n<p>Hasta ahora, el AIFA cuenta con seis rutas nacionales \u2013 Tijuana, Canc\u00fan, Monterrey, Guadalajara, Villahermosa y M\u00e9rida- pero espera agrandar su oferta en el segundo semestre de 2022.<\/p>\n<p>&nbsp;<\/p>\n<p>El AIFA, una de las obras emblem\u00e1ticas del Gobierno del presidente mexicano, Andr\u00e9s Manuel L\u00f3pez Obrador, fue inaugurado el pasado 21 de marzo en medio de cr\u00edticas por supuestos sobrecostos, la lejan\u00eda respecto a la Ciudad de M\u00e9xico y el control que tiene el Ej\u00e9rcito sobre \u00e9l.<\/p>\n<p>&nbsp;<\/p>\n<p>El AIFA es controvertido porque reemplaza desde 2018 al Nuevo Aeropuerto Internacional de M\u00e9xico (NAIM), una obra moderna del sexenio de Enrique Pe\u00f1a Nieto (2012-2018) que a su vez despertaba cr\u00edticas por construirse sobre el lago de Texcoco y con contratos cuestionados por presunta corrupci\u00f3n.<\/p>\n<p>&nbsp;<\/p>\n<p>L\u00f3pez Obrador asegur\u00f3 que con la obra en Santa Luc\u00eda se han ahorrado 125 mil millones de pesos (cerca de 6.240 millones de d\u00f3lares) y que el AIFA tendr\u00e1 un costo oficial de casi 75 mil millones de pesos (unos 3 mil 743 millones de d\u00f3lares), aunque una investigaci\u00f3n realizada hace unos d\u00edas por el diario El Universal calcul\u00f3 el precio en casi 116 mil millones de pesos (poco m\u00e1s de 5 mil 790 millones de d\u00f3lares).<\/p>\n<p>&nbsp;<\/p>\n<p>El AIFA ha sufrido el desaire de aerol\u00edneas extranjeras para operar desde ah\u00ed, y hasta ahora solo contar\u00e1 con nueve operaciones \u00e1reas de cuatro aerol\u00edneas, de las que tres son nacionales: Aerom\u00e9xico, Volaris y Viva Aerobus.<\/p>\n<p>&nbsp;<\/p>\n<p>La \u00fanica ruta internacional hasta ahora es a Caracas con la aerol\u00ednea venezolana Conviasa.<\/p>\n<p>&nbsp;<\/p>\n<p>Adem\u00e1s, la Asociaci\u00f3n Internacional de Transporte A\u00e9reo (IATA) expres\u00f3 sus dudas sobre la conectividad \u00e1rea y terrestre del nuevo aeropuerto, que opera de forma simult\u00e1nea con el actual Aeropuerto Internacional de la Ciudad de M\u00e9xico (AICM).<\/p>\n<p>&nbsp;<\/p>\n<p>PUBLICADO EL 27\/03\/2022\u00a0 con informaci\u00f3n de EFE)<\/p>\n<p>&nbsp;<\/p>\n","protected":false},"excerpt":{"rendered":"<p>CDMX. M\u00c9XICO. \u2014\u00a0 El reci\u00e9n inaugurado Aeropuerto Internacional Felipe \u00c1ngeles (AIFA) de la Ciudad de&#8230;<\/p>\n","protected":false},"author":1,"featured_media":135747,"comment_status":"open","ping_status":"open","sticky":false,"template":"","format":"standard","meta":{"_monsterinsights_skip_tracking":false,"_monsterinsights_sitenote_active":false,"_monsterinsights_sitenote_note":"","_monsterinsights_sitenote_category":0,"footnotes":""},"categories":[5],"tags":[],"class_list":["post"],"yoast_head":" \n<title>Sonora en Equipo. AIFA tendr\u00e1 vuelos a Estados Unidos a partir de la segunda mitad de 2022 Rep\u00fablica<\/title>\n<meta name=\"description\" content=\"CDMX. M\u00c9XICO. \u2014\u00a0 El reci\u00e9n inaugurado Aeropuerto Internacional Felipe \u00c1ngeles (AIFA) de la Ciudad de M\u00e9xico tendr\u00e1 vuelos a Estados Unidos con las En Sonora en Equipo publicamos toda la informaci\u00f3n de Sonora, M\u00e9xico y el Mundo de manera oportuna y busca que la libertad de expresi\u00f3n sea real. Visita nuestro medio informativo publicado desde Hermosillo, Sonora. %\" \/>\n<meta name=\"robots\" content=\"index, follow, max-snippet:-1, max-image-preview:large, max-video-preview:-1\" \/>\n<link rel=\"canonical\" href=\"https:\/\/www.sonoraenequipo.com.mx\/aifa-tendra-vuelos-a-estados-unidos-a-partir-de-la-segunda-mitad-de-2022\/\" \/>\n<meta property=\"og:locale\" content=\"es_ES\" \/>\n<meta property=\"og:type\" content=\"article\" \/>\n<meta property=\"og:title\" content=\"Sonora en Equipo. AIFA tendr\u00e1 vuelos a Estados Unidos a partir de la segunda mitad de 2022 Rep\u00fablica\" \/>\n<meta property=\"og:description\" content=\"CDMX. M\u00c9XICO. \u2014\u00a0 El reci\u00e9n inaugurado Aeropuerto Internacional Felipe \u00c1ngeles (AIFA) de la Ciudad de M\u00e9xico tendr\u00e1 vuelos a Estados Unidos con las En Sonora en Equipo publicamos toda la informaci\u00f3n de Sonora, M\u00e9xico y el Mundo de manera oportuna y busca que la libertad de expresi\u00f3n sea real. Visita nuestro medio informativo publicado desde Hermosillo, Sonora. %\" \/>\n<meta property=\"og:url\" content=\"https:\/\/www.sonoraenequipo.com.mx\/aifa-tendra-vuelos-a-estados-unidos-a-partir-de-la-segunda-mitad-de-2022\/\" \/>\n<meta property=\"og:site_name\" content=\"Sonora en Equipo.\" \/>\n<meta property=\"article:publisher\" content=\"https:\/\/www.facebook.com\/SonoraEE\/\" \/>\n<meta property=\"article:author\" content=\"https:\/\/www.facebook.com\/SonoraEE\" \/>\n<meta property=\"article:published_time\" content=\"2022-03-27T13:03:59+00:00\" \/>\n<meta property=\"article:modified_time\" content=\"2022-03-27T17:15:36+00:00\" \/>\n<meta property=\"og:image\" content=\"https:\/\/www.sonoraenequipo.com.mx\/storage\/2022\/03\/aifa-cdmx_opt.jpg\" \/>\n\t<meta property=\"og:image:width\" content=\"711\" \/>\n\t<meta property=\"og:image:height\" content=\"400\" \/>\n\t<meta property=\"og:image:type\" content=\"image\/jpeg\" \/>\n<meta name=\"author\" content=\"enequipo\" \/>\n<meta name=\"twitter:card\" content=\"summary_large_image\" \/>\n<meta name=\"twitter:creator\" content=\"@sonoraenequipo\" \/>\n<meta name=\"twitter:site\" content=\"@sonoraenequipo\" \/>\n<meta name=\"twitter:label1\" content=\"Escrito por\" \/>\n\t<meta name=\"twitter:data1\" content=\"enequipo\" \/>\n\t<meta name=\"twitter:label2\" content=\"Tiempo de lectura\" \/>\n\t<meta name=\"twitter:data2\" content=\"2 minutos\" \/>\n<script type=\"application\/ld+json\" class=\"yoast-schema-graph\">{\"@context\":\"https:\/\/schema.org\",\"@graph\":[{\"@type\":\"Article\",\"@id\":\"https:\/\/www.sonoraenequipo.com.mx\/aifa-tendra-vuelos-a-estados-unidos-a-partir-de-la-segunda-mitad-de-2022\/#article\",\"isPartOf\":{\"@id\":\"https:\/\/www.sonoraenequipo.com.mx\/aifa-tendra-vuelos-a-estados-unidos-a-partir-de-la-segunda-mitad-de-2022\/\"},\"author\":{\"name\":\"enequipo\",\"@id\":\"https:\/\/www.sonoraenequipo.com.mx\/#\/schema\/person\/50102df0fb23a8fa9e8effad8fa81386\"},\"headline\":\"AIFA tendr\u00e1 vuelos a Estados Unidos a partir de la segunda mitad de 2022\",\"datePublished\":\"2022-03-27T13:03:59+00:00\",\"dateModified\":\"2022-03-27T17:15:36+00:00\",\"mainEntityOfPage\":{\"@id\":\"https:\/\/www.sonoraenequipo.com.mx\/aifa-tendra-vuelos-a-estados-unidos-a-partir-de-la-segunda-mitad-de-2022\/\"},\"wordCount\":426,\"commentCount\":0,\"publisher\":{\"@id\":\"https:\/\/www.sonoraenequipo.com.mx\/#organization\"},\"image\":{\"@id\":\"https:\/\/www.sonoraenequipo.com.mx\/aifa-tendra-vuelos-a-estados-unidos-a-partir-de-la-segunda-mitad-de-2022\/#primaryimage\"},\"thumbnailUrl\":\"https:\/\/www.sonoraenequipo.com.mx\/storage\/2022\/03\/aifa-cdmx_opt.jpg\",\"articleSection\":[\"Rep\u00fablica\"],\"inLanguage\":\"es\",\"potentialAction\":[{\"@type\":\"CommentAction\",\"name\":\"Comment\",\"target\":[\"https:\/\/www.sonoraenequipo.com.mx\/aifa-tendra-vuelos-a-estados-unidos-a-partir-de-la-segunda-mitad-de-2022\/#respond\"]}]},{\"@type\":\"WebPage\",\"@id\":\"https:\/\/www.sonoraenequipo.com.mx\/aifa-tendra-vuelos-a-estados-unidos-a-partir-de-la-segunda-mitad-de-2022\/\",\"url\":\"https:\/\/www.sonoraenequipo.com.mx\/aifa-tendra-vuelos-a-estados-unidos-a-partir-de-la-segunda-mitad-de-2022\/\",\"name\":\"Sonora en Equipo. AIFA tendr\u00e1 vuelos a Estados Unidos a partir de la segunda mitad de 2022 Rep\u00fablica\",\"isPartOf\":{\"@id\":\"https:\/\/www.sonoraenequipo.com.mx\/#website\"},\"primaryImageOfPage\":{\"@id\":\"https:\/\/www.sonoraenequipo.com.mx\/aifa-tendra-vuelos-a-estados-unidos-a-partir-de-la-segunda-mitad-de-2022\/#primaryimage\"},\"image\":{\"@id\":\"https:\/\/www.sonoraenequipo.com.mx\/aifa-tendra-vuelos-a-estados-unidos-a-partir-de-la-segunda-mitad-de-2022\/#primaryimage\"},\"thumbnailUrl\":\"https:\/\/www.sonoraenequipo.com.mx\/storage\/2022\/03\/aifa-cdmx_opt.jpg\",\"datePublished\":\"2022-03-27T13:03:59+00:00\",\"dateModified\":\"2022-03-27T17:15:36+00:00\",\"description\":\"CDMX. M\u00c9XICO. \u2014\u00a0 El reci\u00e9n inaugurado Aeropuerto Internacional Felipe \u00c1ngeles (AIFA) de la Ciudad de M\u00e9xico tendr\u00e1 vuelos a Estados Unidos con las En Sonora en Equipo publicamos toda la informaci\u00f3n de Sonora, M\u00e9xico y el Mundo de manera oportuna y busca que la libertad de expresi\u00f3n sea real. Visita nuestro medio informativo publicado desde Hermosillo, Sonora. %\",\"breadcrumb\":{\"@id\":\"https:\/\/www.sonoraenequipo.com.mx\/aifa-tendra-vuelos-a-estados-unidos-a-partir-de-la-segunda-mitad-de-2022\/#breadcrumb\"},\"inLanguage\":\"es\",\"potentialAction\":[{\"@type\":\"ReadAction\",\"target\":[\"https:\/\/www.sonoraenequipo.com.mx\/aifa-tendra-vuelos-a-estados-unidos-a-partir-de-la-segunda-mitad-de-2022\/\"]}]},{\"@type\":\"ImageObject\",\"inLanguage\":\"es\",\"@id\":\"https:\/\/www.sonoraenequipo.com.mx\/aifa-tendra-vuelos-a-estados-unidos-a-partir-de-la-segunda-mitad-de-2022\/#primaryimage\",\"url\":\"https:\/\/www.sonoraenequipo.com.mx\/storage\/2022\/03\/aifa-cdmx_opt.jpg\",\"contentUrl\":\"https:\/\/www.sonoraenequipo.com.mx\/storage\/2022\/03\/aifa-cdmx_opt.jpg\",\"width\":711,\"height\":400},{\"@type\":\"BreadcrumbList\",\"@id\":\"https:\/\/www.sonoraenequipo.com.mx\/aifa-tendra-vuelos-a-estados-unidos-a-partir-de-la-segunda-mitad-de-2022\/#breadcrumb\",\"itemListElement\":[{\"@type\":\"ListItem\",\"position\":1,\"name\":\"Portada\",\"item\":\"https:\/\/www.sonoraenequipo.com.mx\/\"},{\"@type\":\"ListItem\",\"position\":2,\"name\":\"AIFA tendr\u00e1 vuelos a Estados Unidos a partir de la segunda mitad de 2022\"}]},{\"@type\":\"WebSite\",\"@id\":\"https:\/\/www.sonoraenequipo.com.mx\/#website\",\"url\":\"https:\/\/www.sonoraenequipo.com.mx\/\",\"name\":\"Sonora en Equipo.\",\"description\":\"Diario en l\u00ednea con Noticias desde Hermosillo, Sonora\",\"publisher\":{\"@id\":\"https:\/\/www.sonoraenequipo.com.mx\/#organization\"},\"potentialAction\":[{\"@type\":\"SearchAction\",\"target\":{\"@type\":\"EntryPoint\",\"urlTemplate\":\"https:\/\/www.sonoraenequipo.com.mx\/?s={search_term_string}\"},\"query-input\":{\"@type\":\"PropertyValueSpecification\",\"valueRequired\":true,\"valueName\":\"search_term_string\"}}],\"inLanguage\":\"es\"},{\"@type\":\"Organization\",\"@id\":\"https:\/\/www.sonoraenequipo.com.mx\/#organization\",\"name\":\"Sonoraenequipo.com.mx\",\"url\":\"https:\/\/www.sonoraenequipo.com.mx\/\",\"logo\":{\"@type\":\"ImageObject\",\"inLanguage\":\"es\",\"@id\":\"https:\/\/www.sonoraenequipo.com.mx\/#\/schema\/logo\/image\/\",\"url\":\"https:\/\/www.sonoraenequipo.com.mx\/storage\/2019\/01\/sonoraenequipo_opt.png\",\"contentUrl\":\"https:\/\/www.sonoraenequipo.com.mx\/storage\/2019\/01\/sonoraenequipo_opt.png\",\"width\":375,\"height\":125,\"caption\":\"Sonoraenequipo.com.mx\"},\"image\":{\"@id\":\"https:\/\/www.sonoraenequipo.com.mx\/#\/schema\/logo\/image\/\"},\"sameAs\":[\"https:\/\/www.facebook.com\/SonoraEE\/\",\"https:\/\/x.com\/sonoraenequipo\",\"https:\/\/www.youtube.com\/channel\/UC338nW-lPEYmJQs4ZABQ1SQ\"]},{\"@type\":\"Person\",\"@id\":\"https:\/\/www.sonoraenequipo.com.mx\/#\/schema\/person\/50102df0fb23a8fa9e8effad8fa81386\",\"name\":\"enequipo\",\"image\":{\"@type\":\"ImageObject\",\"inLanguage\":\"es\",\"@id\":\"https:\/\/www.sonoraenequipo.com.mx\/#\/schema\/person\/image\/\",\"url\":\"https:\/\/secure.gravatar.com\/avatar\/049821681b589dabc0bc20695993ccebb09f5b5d4d790cd9251b97faac7c652b?s=96&d=blank&r=g\",\"contentUrl\":\"https:\/\/secure.gravatar.com\/avatar\/049821681b589dabc0bc20695993ccebb09f5b5d4d790cd9251b97faac7c652b?s=96&d=blank&r=g\",\"caption\":\"enequipo\"},\"sameAs\":[\"https:\/\/www.facebook.com\/SonoraEE\"]}]}<\/script>\n ","yoast_head_json":{"title":"Sonora en Equipo. AIFA tendr\u00e1 vuelos a Estados Unidos a partir de la segunda mitad de 2022 Rep\u00fablica","description":"CDMX. M\u00c9XICO. \u2014\u00a0 El reci\u00e9n inaugurado Aeropuerto Internacional Felipe \u00c1ngeles (AIFA) de la Ciudad de M\u00e9xico tendr\u00e1 vuelos a Estados Unidos con las En Sonora en Equipo publicamos toda la informaci\u00f3n de Sonora, M\u00e9xico y el Mundo de manera oportuna y busca que la libertad de expresi\u00f3n sea real. Visita nuestro medio informativo publicado desde Hermosillo, Sonora. %","robots":{"index":"index","follow":"follow","max-snippet":"max-snippet:-1","max-image-preview":"max-image-preview:large","max-video-preview":"max-video-preview:-1"},"canonical":"https:\/\/www.sonoraenequipo.com.mx\/aifa-tendra-vuelos-a-estados-unidos-a-partir-de-la-segunda-mitad-de-2022\/","og_locale":"es_ES","og_type":"article","og_title":"Sonora en Equipo. AIFA tendr\u00e1 vuelos a Estados Unidos a partir de la segunda mitad de 2022 Rep\u00fablica","og_description":"CDMX. M\u00c9XICO. \u2014\u00a0 El reci\u00e9n inaugurado Aeropuerto Internacional Felipe \u00c1ngeles (AIFA) de la Ciudad de M\u00e9xico tendr\u00e1 vuelos a Estados Unidos con las En Sonora en Equipo publicamos toda la informaci\u00f3n de Sonora, M\u00e9xico y el Mundo de manera oportuna y busca que la libertad de expresi\u00f3n sea real. Visita nuestro medio informativo publicado desde Hermosillo, Sonora. %","og_url":"https:\/\/www.sonoraenequipo.com.mx\/aifa-tendra-vuelos-a-estados-unidos-a-partir-de-la-segunda-mitad-de-2022\/","og_site_name":"Sonora en Equipo.","article_publisher":"https:\/\/www.facebook.com\/SonoraEE\/","article_author":"https:\/\/www.facebook.com\/SonoraEE","article_published_time":"2022-03-27T13:03:59+00:00","article_modified_time":"2022-03-27T17:15:36+00:00","og_image":[{"width":711,"height":400,"url":"https:\/\/www.sonoraenequipo.com.mx\/storage\/2022\/03\/aifa-cdmx_opt.jpg","type":"image\/jpeg"}],"author":"enequipo","twitter_card":"summary_large_image","twitter_creator":"@sonoraenequipo","twitter_site":"@sonoraenequipo","twitter_misc":{"Escrito por":"enequipo","Tiempo de lectura":"2 minutos"},"schema":{"@context":"https:\/\/schema.org","@graph":[{"@type":"Article","@id":"https:\/\/www.sonoraenequipo.com.mx\/aifa-tendra-vuelos-a-estados-unidos-a-partir-de-la-segunda-mitad-de-2022\/#article","isPartOf":{"@id":"https:\/\/www.sonoraenequipo.com.mx\/aifa-tendra-vuelos-a-estados-unidos-a-partir-de-la-segunda-mitad-de-2022\/"},"author":{"name":"enequipo","@id":"https:\/\/www.sonoraenequipo.com.mx\/#\/schema\/person\/50102df0fb23a8fa9e8effad8fa81386"},"headline":"AIFA tendr\u00e1 vuelos a Estados Unidos a partir de la segunda mitad de 2022","datePublished":"2022-03-27T13:03:59+00:00","dateModified":"2022-03-27T17:15:36+00:00","mainEntityOfPage":{"@id":"https:\/\/www.sonoraenequipo.com.mx\/aifa-tendra-vuelos-a-estados-unidos-a-partir-de-la-segunda-mitad-de-2022\/"},"wordCount":426,"commentCount":0,"publisher":{"@id":"https:\/\/www.sonoraenequipo.com.mx\/#organization"},"image":{"@id":"https:\/\/www.sonoraenequipo.com.mx\/aifa-tendra-vuelos-a-estados-unidos-a-partir-de-la-segunda-mitad-de-2022\/#primaryimage"},"thumbnailUrl":"https:\/\/www.sonoraenequipo.com.mx\/storage\/2022\/03\/aifa-cdmx_opt.jpg","articleSection":["Rep\u00fablica"],"inLanguage":"es","potentialAction":[{"@type":"CommentAction","name":"Comment","target":["https:\/\/www.sonoraenequipo.com.mx\/aifa-tendra-vuelos-a-estados-unidos-a-partir-de-la-segunda-mitad-de-2022\/#respond"]}]},{"@type":"WebPage","@id":"https:\/\/www.sonoraenequipo.com.mx\/aifa-tendra-vuelos-a-estados-unidos-a-partir-de-la-segunda-mitad-de-2022\/","url":"https:\/\/www.sonoraenequipo.com.mx\/aifa-tendra-vuelos-a-estados-unidos-a-partir-de-la-segunda-mitad-de-2022\/","name":"Sonora en Equipo. AIFA tendr\u00e1 vuelos a Estados Unidos a partir de la segunda mitad de 2022 Rep\u00fablica","isPartOf":{"@id":"https:\/\/www.sonoraenequipo.com.mx\/#website"},"primaryImageOfPage":{"@id":"https:\/\/www.sonoraenequipo.com.mx\/aifa-tendra-vuelos-a-estados-unidos-a-partir-de-la-segunda-mitad-de-2022\/#primaryimage"},"image":{"@id":"https:\/\/www.sonoraenequipo.com.mx\/aifa-tendra-vuelos-a-estados-unidos-a-partir-de-la-segunda-mitad-de-2022\/#primaryimage"},"thumbnailUrl":"https:\/\/www.sonoraenequipo.com.mx\/storage\/2022\/03\/aifa-cdmx_opt.jpg","datePublished":"2022-03-27T13:03:59+00:00","dateModified":"2022-03-27T17:15:36+00:00","description":"CDMX. M\u00c9XICO. \u2014\u00a0 El reci\u00e9n inaugurado Aeropuerto Internacional Felipe \u00c1ngeles (AIFA) de la Ciudad de M\u00e9xico tendr\u00e1 vuelos a Estados Unidos con las En Sonora en Equipo publicamos toda la informaci\u00f3n de Sonora, M\u00e9xico y el Mundo de manera oportuna y busca que la libertad de expresi\u00f3n sea real. Visita nuestro medio informativo publicado desde Hermosillo, Sonora. %","breadcrumb":{"@id":"https:\/\/www.sonoraenequipo.com.mx\/aifa-tendra-vuelos-a-estados-unidos-a-partir-de-la-segunda-mitad-de-2022\/#breadcrumb"},"inLanguage":"es","potentialAction":[{"@type":"ReadAction","target":["https:\/\/www.sonoraenequipo.com.mx\/aifa-tendra-vuelos-a-estados-unidos-a-partir-de-la-segunda-mitad-de-2022\/"]}]},{"@type":"ImageObject","inLanguage":"es","@id":"https:\/\/www.sonoraenequipo.com.mx\/aifa-tendra-vuelos-a-estados-unidos-a-partir-de-la-segunda-mitad-de-2022\/#primaryimage","url":"https:\/\/www.sonoraenequipo.com.mx\/storage\/2022\/03\/aifa-cdmx_opt.jpg","contentUrl":"https:\/\/www.sonoraenequipo.com.mx\/storage\/2022\/03\/aifa-cdmx_opt.jpg","width":711,"height":400},{"@type":"BreadcrumbList","@id":"https:\/\/www.sonoraenequipo.com.mx\/aifa-tendra-vuelos-a-estados-unidos-a-partir-de-la-segunda-mitad-de-2022\/#breadcrumb","itemListElement":[{"@type":"ListItem","position":1,"name":"Portada","item":"https:\/\/www.sonoraenequipo.com.mx\/"},{"@type":"ListItem","position":2,"name":"AIFA tendr\u00e1 vuelos a Estados Unidos a partir de la segunda mitad de 2022"}]},{"@type":"WebSite","@id":"https:\/\/www.sonoraenequipo.com.mx\/#website","url":"https:\/\/www.sonoraenequipo.com.mx\/","name":"Sonora en Equipo.","description":"Diario en l\u00ednea con Noticias desde Hermosillo, Sonora","publisher":{"@id":"https:\/\/www.sonoraenequipo.com.mx\/#organization"},"potentialAction":[{"@type":"SearchAction","target":{"@type":"EntryPoint","urlTemplate":"https:\/\/www.sonoraenequipo.com.mx\/?s={search_term_string}"},"query-input":{"@type":"PropertyValueSpecification","valueRequired":true,"valueName":"search_term_string"}}],"inLanguage":"es"},{"@type":"Organization","@id":"https:\/\/www.sonoraenequipo.com.mx\/#organization","name":"Sonoraenequipo.com.mx","url":"https:\/\/www.sonoraenequipo.com.mx\/","logo":{"@type":"ImageObject","inLanguage":"es","@id":"https:\/\/www.sonoraenequipo.com.mx\/#\/schema\/logo\/image\/","url":"https:\/\/www.sonoraenequipo.com.mx\/storage\/2019\/01\/sonoraenequipo_opt.png","contentUrl":"https:\/\/www.sonoraenequipo.com.mx\/storage\/2019\/01\/sonoraenequipo_opt.png","width":375,"height":125,"caption":"Sonoraenequipo.com.mx"},"image":{"@id":"https:\/\/www.sonoraenequipo.com.mx\/#\/schema\/logo\/image\/"},"sameAs":["https:\/\/www.facebook.com\/SonoraEE\/","https:\/\/x.com\/sonoraenequipo","https:\/\/www.youtube.com\/channel\/UC338nW-lPEYmJQs4ZABQ1SQ"]},{"@type":"Person","@id":"https:\/\/www.sonoraenequipo.com.mx\/#\/schema\/person\/50102df0fb23a8fa9e8effad8fa81386","name":"enequipo","image":{"@type":"ImageObject","inLanguage":"es","@id":"https:\/\/www.sonoraenequipo.com.mx\/#\/schema\/person\/image\/","url":"https:\/\/secure.gravatar.com\/avatar\/049821681b589dabc0bc20695993ccebb09f5b5d4d790cd9251b97faac7c652b?s=96&d=blank&r=g","contentUrl":"https:\/\/secure.gravatar.com\/avatar\/049821681b589dabc0bc20695993ccebb09f5b5d4d790cd9251b97faac7c652b?s=96&d=blank&r=g","caption":"enequipo"},"sameAs":["https:\/\/www.facebook.com\/SonoraEE"]}]}},"jetpack_featured_media_url":"https:\/\/www.sonoraenequipo.com.mx\/storage\/2022\/03\/aifa-cdmx_opt.jpg","_links":{"self":[{"href":"https:\/\/www.sonoraenequipo.com.mx\/api\/wp\/v2\/posts\/135746","targetHints":{"allow":["GET"]}}],"collection":[{"href":"https:\/\/www.sonoraenequipo.com.mx\/api\/wp\/v2\/posts"}],"about":[{"href":"https:\/\/www.sonoraenequipo.com.mx\/api\/wp\/v2\/types\/post"}],"author":[{"embeddable":true,"href":"https:\/\/www.sonoraenequipo.com.mx\/api\/wp\/v2\/users\/1"}],"replies":[{"embeddable":true,"href":"https:\/\/www.sonoraenequipo.com.mx\/api\/wp\/v2\/comments?post=135746"}],"version-history":[{"count":1,"href":"https:\/\/www.sonoraenequipo.com.mx\/api\/wp\/v2\/posts\/135746\/revisions"}],"predecessor-version":[{"id":135748,"href":"https:\/\/www.sonoraenequipo.com.mx\/api\/wp\/v2\/posts\/135746\/revisions\/135748"}],"wp:featuredmedia":[{"embeddable":true,"href":"https:\/\/www.sonoraenequipo.com.mx\/api\/wp\/v2\/media\/135747"}],"wp:attachment":[{"href":"https:\/\/www.sonoraenequipo.com.mx\/api\/wp\/v2\/media?parent=135746"}],"wp:term":[{"taxonomy":"category","embeddable":true,"href":"https:\/\/www.sonoraenequipo.com.mx\/api\/wp\/v2\/categories?post=135746"},{"taxonomy":"post_tag","embeddable":true,"href":"https:\/\/www.sonoraenequipo.com.mx\/api\/wp\/v2\/tags?post=135746"}],"curies":[{"name":"wp","href":"https:\/\/api.w.org\/{rel}","templated":true}]}}