{"id":135761,"date":"2022-03-27T10:32:51","date_gmt":"2022-03-27T17:32:51","guid":{"rendered":"https:\/\/www.sonoraenequipo.com.mx\/?p=135761"},"modified":"2022-03-27T16:47:08","modified_gmt":"2022-03-27T23:47:08","slug":"ucrania-y-rusia-decidieron-celebrar-la-proxima-ronda-de-negociaciones-en-turquia","status":"publish","type":"post","link":"https:\/\/www.sonoraenequipo.com.mx\/ucrania-y-rusia-decidieron-celebrar-la-proxima-ronda-de-negociaciones-en-turquia\/","title":{"rendered":"Ucrania y Rusia decidieron celebrar la pr\u00f3xima ronda de negociaciones\u00a0en Turqu\u00eda"},"content":{"rendered":"<p>UCRANIA. \u2014\u00a0 El 28 de marzo Ucrania y Rusia celebrar\u00e1n una nueva ronda de negociaciones, esta vez de tres d\u00edas, de ma\u00f1ana lunes al mi\u00e9rcoles (30.03.2022), y en Turqu\u00eda, seg\u00fan anunci\u00f3 el miembro de la delegaci\u00f3n ucraniana, David Arahamiya, a trav\u00e9s de las redes sociales.<\/p>\n<p>&nbsp;<\/p>\n<p> <\/p>\n<p>&nbsp;<\/p>\n<p><strong>\u201cH<em><strong>oy<\/strong>, en la ronda (de negociaciones) por videoconferencia, las dos delegaciones decidieron celebrar la pr\u00f3xima ronda en persona en Turqu\u00eda del 28 al 30 de marzo\u201d<\/em><\/strong>, indic\u00f3 en su cuenta de Facebook el l\u00edder de la fracci\u00f3n parlamentaria oficialista El Servidor del Pueblo.<\/p>\n<p>&nbsp;<\/p>\n<p>&nbsp;<\/p>\n<p>El jefe de la delegaci\u00f3n rusa, Vladimir Medinski, confirm\u00f3 la cita, aunque sin mencionar Turqu\u00eda, en su canal oficial de Telegram.<\/p>\n<p>&nbsp;<\/p>\n<p>&nbsp;<\/p>\n<p><em><strong>\u201cHoy tuvo lugar otra ronda de negociaciones con Ucrania v\u00eda videoconferencia. Como resultado, se tom\u00f3 la decisi\u00f3n de reunirse cada a cara\u201d<\/strong> <\/em>escribi\u00f3, aunque \u00e9l sostuvo que el encuentro tendr\u00eda lugar del 29 al 30 de marzo.<\/p>\n<p>&nbsp;<\/p>\n<p>&nbsp;<\/p>\n<p>Hasta ahora, las dos partes se han reunido de forma presencial en tres ocasiones \u2013el 28 de febrero, el 3 de marzo y el 7 de marzo\u2013 en territorio bielorruso, en tanto que el d\u00eda 10 se reunieron en Antalya los ministros de Exteriores de Rusia y Ucrania, Sergu\u00e9i Lavrov y Dmitro Kuleba, respectivamente.<\/p>\n<p>&nbsp;<\/p>\n<p>&nbsp;<\/p>\n<p>Desde entonces las negociaciones se producen pr\u00e1cticamente a diario en formato de videoconferencia a nivel de las dos delegaciones y de grupos de trabajo.<\/p>\n<p>&nbsp;<\/p>\n<p>&nbsp;<\/p>\n<p>El presidente turco, Recep Tayyip Erdogan, que intenta mediar entre las partes, afirm\u00f3 el viernes que en las negociaciones entre Kiev y Mosc\u00fa que \u201cse puede decir que hay acuerdos sobre algunos temas\u201d, en concreto en cuatro de seis puntos.<\/p>\n<p>&nbsp;<\/p>\n<p>&nbsp;<\/p>\n<p>Entre estos cit\u00f3 la renuncia de Ucrania a adherirse a la OTAN, el reconocimiento del ruso como idioma cooficial, as\u00ed como concesiones con respecto a la desmilitarizaci\u00f3n y la \u201cseguridad colectiva\u201d.<\/p>\n<p>&nbsp;<\/p>\n<p>&nbsp;<\/p>\n<p>Por el contrario, afirm\u00f3 Erdogan, Ucrania no est\u00e1 dispuesta a negociar la cesi\u00f3n de Crimea a Rusia ni reconocer la independencia de las regiones separatistas prorrusas de Donetsk y Lugansk, algo que ya ha dejado claro el propio presidente ucraniano, Volod\u00edmir Zelenski, en varias ocasiones.<\/p>\n<p>&nbsp;<\/p>\n<p>&nbsp;<\/p>\n<p>A su vez si ha admitido que Ucrania nunca entrar\u00e1 en la OTAN, por lo que ha exigido garant\u00edas de seguridad a la comunidad internacional, incluida a Rusia, a cambio de renunciar a esa aspiraci\u00f3n del Estado.<\/p>\n<p>&nbsp;<\/p>\n<p>&nbsp;<\/p>\n<p>Medinski sostuvo al respecto que las negociaciones con Ucrania se est\u00e1n \u201calargando\u201d por culpa de Kiev y \u201cno hay avance\u201d en los temas clave.<\/p>\n<p>&nbsp;<\/p>\n<p>&nbsp;<\/p>\n<p>Tambi\u00e9n Kuleba neg\u00f3 que Kiev y Mosc\u00fa hayan alcanzado consenso acerca de los principales asuntos sobre la mesa, y recalc\u00f3 que el \u00fanico lenguaje oficial en Ucrania es y seguir\u00e1 siendo el ucraniano.<\/p>\n<p>&nbsp;<\/p>\n<p>&nbsp;<\/p>\n<p><strong>\u201cEl proceso de negociaci\u00f3n es extremadamente complicado,\u201d<\/strong> afirm\u00f3.<\/p>\n<p>&nbsp;<\/p>\n<p>&nbsp;<\/p>\n<p>(Publicada el 27\/03\/2022 \/Con informaci\u00f3n de EFE )<\/p>\n","protected":false},"excerpt":{"rendered":"<p>UCRANIA. \u2014\u00a0 El 28 de marzo Ucrania y Rusia celebrar\u00e1n una nueva ronda de negociaciones,&#8230;<\/p>\n","protected":false},"author":1,"featured_media":135769,"comment_status":"open","ping_status":"open","sticky":false,"template":"","format":"standard","meta":{"_monsterinsights_skip_tracking":false,"_monsterinsights_sitenote_active":false,"_monsterinsights_sitenote_note":"","_monsterinsights_sitenote_category":0,"footnotes":""},"categories":[3],"tags":[],"class_list":["post"],"yoast_head":" \n<title>Sonora en Equipo. Ucrania y Rusia decidieron celebrar la pr\u00f3xima ronda de negociaciones\u00a0en Turqu\u00eda MUNDO<\/title>\n<meta name=\"description\" content=\"UCRANIA. \u2014\u00a0 El 28 de marzo Ucrania y Rusia celebrar\u00e1n una nueva ronda de negociaciones, esta vez de tres d\u00edas, de ma\u00f1ana lunes al mi\u00e9rcoles (30.03.2022), En Sonora en Equipo publicamos toda la informaci\u00f3n de Sonora, M\u00e9xico y el Mundo de manera oportuna y busca que la libertad de expresi\u00f3n sea real. Visita nuestro medio informativo publicado desde Hermosillo, Sonora. %\" \/>\n<meta name=\"robots\" content=\"index, follow, max-snippet:-1, max-image-preview:large, max-video-preview:-1\" \/>\n<link rel=\"canonical\" href=\"https:\/\/www.sonoraenequipo.com.mx\/ucrania-y-rusia-decidieron-celebrar-la-proxima-ronda-de-negociaciones-en-turquia\/\" \/>\n<meta property=\"og:locale\" content=\"es_ES\" \/>\n<meta property=\"og:type\" content=\"article\" \/>\n<meta property=\"og:title\" content=\"Sonora en Equipo. Ucrania y Rusia decidieron celebrar la pr\u00f3xima ronda de negociaciones\u00a0en Turqu\u00eda MUNDO\" \/>\n<meta property=\"og:description\" content=\"UCRANIA. \u2014\u00a0 El 28 de marzo Ucrania y Rusia celebrar\u00e1n una nueva ronda de negociaciones, esta vez de tres d\u00edas, de ma\u00f1ana lunes al mi\u00e9rcoles (30.03.2022), En Sonora en Equipo publicamos toda la informaci\u00f3n de Sonora, M\u00e9xico y el Mundo de manera oportuna y busca que la libertad de expresi\u00f3n sea real. Visita nuestro medio informativo publicado desde Hermosillo, Sonora. %\" \/>\n<meta property=\"og:url\" content=\"https:\/\/www.sonoraenequipo.com.mx\/ucrania-y-rusia-decidieron-celebrar-la-proxima-ronda-de-negociaciones-en-turquia\/\" \/>\n<meta property=\"og:site_name\" content=\"Sonora en Equipo.\" \/>\n<meta property=\"article:publisher\" content=\"https:\/\/www.facebook.com\/SonoraEE\/\" \/>\n<meta property=\"article:author\" content=\"https:\/\/www.facebook.com\/SonoraEE\" \/>\n<meta property=\"article:published_time\" content=\"2022-03-27T17:32:51+00:00\" \/>\n<meta property=\"article:modified_time\" content=\"2022-03-27T23:47:08+00:00\" \/>\n<meta property=\"og:image\" content=\"https:\/\/www.sonoraenequipo.com.mx\/storage\/2022\/03\/negociaciones-Ucrania-Rusia_opt.jpg\" \/>\n\t<meta property=\"og:image:width\" content=\"700\" \/>\n\t<meta property=\"og:image:height\" content=\"400\" \/>\n\t<meta property=\"og:image:type\" content=\"image\/jpeg\" \/>\n<meta name=\"author\" content=\"enequipo\" \/>\n<meta name=\"twitter:card\" content=\"summary_large_image\" \/>\n<meta name=\"twitter:creator\" content=\"@sonoraenequipo\" \/>\n<meta name=\"twitter:site\" content=\"@sonoraenequipo\" \/>\n<meta name=\"twitter:label1\" content=\"Escrito por\" \/>\n\t<meta name=\"twitter:data1\" content=\"enequipo\" \/>\n\t<meta name=\"twitter:label2\" content=\"Tiempo de lectura\" \/>\n\t<meta name=\"twitter:data2\" content=\"3 minutos\" \/>\n<script type=\"application\/ld+json\" class=\"yoast-schema-graph\">{\"@context\":\"https:\/\/schema.org\",\"@graph\":[{\"@type\":\"Article\",\"@id\":\"https:\/\/www.sonoraenequipo.com.mx\/ucrania-y-rusia-decidieron-celebrar-la-proxima-ronda-de-negociaciones-en-turquia\/#article\",\"isPartOf\":{\"@id\":\"https:\/\/www.sonoraenequipo.com.mx\/ucrania-y-rusia-decidieron-celebrar-la-proxima-ronda-de-negociaciones-en-turquia\/\"},\"author\":{\"name\":\"enequipo\",\"@id\":\"https:\/\/www.sonoraenequipo.com.mx\/#\/schema\/person\/50102df0fb23a8fa9e8effad8fa81386\"},\"headline\":\"Ucrania y Rusia decidieron celebrar la pr\u00f3xima ronda de negociaciones\u00a0en Turqu\u00eda\",\"datePublished\":\"2022-03-27T17:32:51+00:00\",\"dateModified\":\"2022-03-27T23:47:08+00:00\",\"mainEntityOfPage\":{\"@id\":\"https:\/\/www.sonoraenequipo.com.mx\/ucrania-y-rusia-decidieron-celebrar-la-proxima-ronda-de-negociaciones-en-turquia\/\"},\"wordCount\":507,\"commentCount\":0,\"publisher\":{\"@id\":\"https:\/\/www.sonoraenequipo.com.mx\/#organization\"},\"image\":{\"@id\":\"https:\/\/www.sonoraenequipo.com.mx\/ucrania-y-rusia-decidieron-celebrar-la-proxima-ronda-de-negociaciones-en-turquia\/#primaryimage\"},\"thumbnailUrl\":\"https:\/\/www.sonoraenequipo.com.mx\/storage\/2022\/03\/negociaciones-Ucrania-Rusia_opt.jpg\",\"articleSection\":[\"MUNDO\"],\"inLanguage\":\"es\",\"potentialAction\":[{\"@type\":\"CommentAction\",\"name\":\"Comment\",\"target\":[\"https:\/\/www.sonoraenequipo.com.mx\/ucrania-y-rusia-decidieron-celebrar-la-proxima-ronda-de-negociaciones-en-turquia\/#respond\"]}]},{\"@type\":\"WebPage\",\"@id\":\"https:\/\/www.sonoraenequipo.com.mx\/ucrania-y-rusia-decidieron-celebrar-la-proxima-ronda-de-negociaciones-en-turquia\/\",\"url\":\"https:\/\/www.sonoraenequipo.com.mx\/ucrania-y-rusia-decidieron-celebrar-la-proxima-ronda-de-negociaciones-en-turquia\/\",\"name\":\"Sonora en Equipo. Ucrania y Rusia decidieron celebrar la pr\u00f3xima ronda de negociaciones\u00a0en Turqu\u00eda MUNDO\",\"isPartOf\":{\"@id\":\"https:\/\/www.sonoraenequipo.com.mx\/#website\"},\"primaryImageOfPage\":{\"@id\":\"https:\/\/www.sonoraenequipo.com.mx\/ucrania-y-rusia-decidieron-celebrar-la-proxima-ronda-de-negociaciones-en-turquia\/#primaryimage\"},\"image\":{\"@id\":\"https:\/\/www.sonoraenequipo.com.mx\/ucrania-y-rusia-decidieron-celebrar-la-proxima-ronda-de-negociaciones-en-turquia\/#primaryimage\"},\"thumbnailUrl\":\"https:\/\/www.sonoraenequipo.com.mx\/storage\/2022\/03\/negociaciones-Ucrania-Rusia_opt.jpg\",\"datePublished\":\"2022-03-27T17:32:51+00:00\",\"dateModified\":\"2022-03-27T23:47:08+00:00\",\"description\":\"UCRANIA. \u2014\u00a0 El 28 de marzo Ucrania y Rusia celebrar\u00e1n una nueva ronda de negociaciones, esta vez de tres d\u00edas, de ma\u00f1ana lunes al mi\u00e9rcoles (30.03.2022), En Sonora en Equipo publicamos toda la informaci\u00f3n de Sonora, M\u00e9xico y el Mundo de manera oportuna y busca que la libertad de expresi\u00f3n sea real. Visita nuestro medio informativo publicado desde Hermosillo, Sonora. %\",\"breadcrumb\":{\"@id\":\"https:\/\/www.sonoraenequipo.com.mx\/ucrania-y-rusia-decidieron-celebrar-la-proxima-ronda-de-negociaciones-en-turquia\/#breadcrumb\"},\"inLanguage\":\"es\",\"potentialAction\":[{\"@type\":\"ReadAction\",\"target\":[\"https:\/\/www.sonoraenequipo.com.mx\/ucrania-y-rusia-decidieron-celebrar-la-proxima-ronda-de-negociaciones-en-turquia\/\"]}]},{\"@type\":\"ImageObject\",\"inLanguage\":\"es\",\"@id\":\"https:\/\/www.sonoraenequipo.com.mx\/ucrania-y-rusia-decidieron-celebrar-la-proxima-ronda-de-negociaciones-en-turquia\/#primaryimage\",\"url\":\"https:\/\/www.sonoraenequipo.com.mx\/storage\/2022\/03\/negociaciones-Ucrania-Rusia_opt.jpg\",\"contentUrl\":\"https:\/\/www.sonoraenequipo.com.mx\/storage\/2022\/03\/negociaciones-Ucrania-Rusia_opt.jpg\",\"width\":700,\"height\":400},{\"@type\":\"BreadcrumbList\",\"@id\":\"https:\/\/www.sonoraenequipo.com.mx\/ucrania-y-rusia-decidieron-celebrar-la-proxima-ronda-de-negociaciones-en-turquia\/#breadcrumb\",\"itemListElement\":[{\"@type\":\"ListItem\",\"position\":1,\"name\":\"Portada\",\"item\":\"https:\/\/www.sonoraenequipo.com.mx\/\"},{\"@type\":\"ListItem\",\"position\":2,\"name\":\"Ucrania y Rusia decidieron celebrar la pr\u00f3xima ronda de negociaciones\u00a0en Turqu\u00eda\"}]},{\"@type\":\"WebSite\",\"@id\":\"https:\/\/www.sonoraenequipo.com.mx\/#website\",\"url\":\"https:\/\/www.sonoraenequipo.com.mx\/\",\"name\":\"Sonora en Equipo.\",\"description\":\"Diario en l\u00ednea con Noticias desde Hermosillo, Sonora\",\"publisher\":{\"@id\":\"https:\/\/www.sonoraenequipo.com.mx\/#organization\"},\"potentialAction\":[{\"@type\":\"SearchAction\",\"target\":{\"@type\":\"EntryPoint\",\"urlTemplate\":\"https:\/\/www.sonoraenequipo.com.mx\/?s={search_term_string}\"},\"query-input\":{\"@type\":\"PropertyValueSpecification\",\"valueRequired\":true,\"valueName\":\"search_term_string\"}}],\"inLanguage\":\"es\"},{\"@type\":\"Organization\",\"@id\":\"https:\/\/www.sonoraenequipo.com.mx\/#organization\",\"name\":\"Sonoraenequipo.com.mx\",\"url\":\"https:\/\/www.sonoraenequipo.com.mx\/\",\"logo\":{\"@type\":\"ImageObject\",\"inLanguage\":\"es\",\"@id\":\"https:\/\/www.sonoraenequipo.com.mx\/#\/schema\/logo\/image\/\",\"url\":\"https:\/\/www.sonoraenequipo.com.mx\/storage\/2019\/01\/sonoraenequipo_opt.png\",\"contentUrl\":\"https:\/\/www.sonoraenequipo.com.mx\/storage\/2019\/01\/sonoraenequipo_opt.png\",\"width\":375,\"height\":125,\"caption\":\"Sonoraenequipo.com.mx\"},\"image\":{\"@id\":\"https:\/\/www.sonoraenequipo.com.mx\/#\/schema\/logo\/image\/\"},\"sameAs\":[\"https:\/\/www.facebook.com\/SonoraEE\/\",\"https:\/\/x.com\/sonoraenequipo\",\"https:\/\/www.youtube.com\/channel\/UC338nW-lPEYmJQs4ZABQ1SQ\"]},{\"@type\":\"Person\",\"@id\":\"https:\/\/www.sonoraenequipo.com.mx\/#\/schema\/person\/50102df0fb23a8fa9e8effad8fa81386\",\"name\":\"enequipo\",\"image\":{\"@type\":\"ImageObject\",\"inLanguage\":\"es\",\"@id\":\"https:\/\/www.sonoraenequipo.com.mx\/#\/schema\/person\/image\/\",\"url\":\"https:\/\/secure.gravatar.com\/avatar\/049821681b589dabc0bc20695993ccebb09f5b5d4d790cd9251b97faac7c652b?s=96&d=blank&r=g\",\"contentUrl\":\"https:\/\/secure.gravatar.com\/avatar\/049821681b589dabc0bc20695993ccebb09f5b5d4d790cd9251b97faac7c652b?s=96&d=blank&r=g\",\"caption\":\"enequipo\"},\"sameAs\":[\"https:\/\/www.facebook.com\/SonoraEE\"]}]}<\/script>\n ","yoast_head_json":{"title":"Sonora en Equipo. Ucrania y Rusia decidieron celebrar la pr\u00f3xima ronda de negociaciones\u00a0en Turqu\u00eda MUNDO","description":"UCRANIA. \u2014\u00a0 El 28 de marzo Ucrania y Rusia celebrar\u00e1n una nueva ronda de negociaciones, esta vez de tres d\u00edas, de ma\u00f1ana lunes al mi\u00e9rcoles (30.03.2022), En Sonora en Equipo publicamos toda la informaci\u00f3n de Sonora, M\u00e9xico y el Mundo de manera oportuna y busca que la libertad de expresi\u00f3n sea real. Visita nuestro medio informativo publicado desde Hermosillo, Sonora. %","robots":{"index":"index","follow":"follow","max-snippet":"max-snippet:-1","max-image-preview":"max-image-preview:large","max-video-preview":"max-video-preview:-1"},"canonical":"https:\/\/www.sonoraenequipo.com.mx\/ucrania-y-rusia-decidieron-celebrar-la-proxima-ronda-de-negociaciones-en-turquia\/","og_locale":"es_ES","og_type":"article","og_title":"Sonora en Equipo. Ucrania y Rusia decidieron celebrar la pr\u00f3xima ronda de negociaciones\u00a0en Turqu\u00eda MUNDO","og_description":"UCRANIA. \u2014\u00a0 El 28 de marzo Ucrania y Rusia celebrar\u00e1n una nueva ronda de negociaciones, esta vez de tres d\u00edas, de ma\u00f1ana lunes al mi\u00e9rcoles (30.03.2022), En Sonora en Equipo publicamos toda la informaci\u00f3n de Sonora, M\u00e9xico y el Mundo de manera oportuna y busca que la libertad de expresi\u00f3n sea real. Visita nuestro medio informativo publicado desde Hermosillo, Sonora. %","og_url":"https:\/\/www.sonoraenequipo.com.mx\/ucrania-y-rusia-decidieron-celebrar-la-proxima-ronda-de-negociaciones-en-turquia\/","og_site_name":"Sonora en Equipo.","article_publisher":"https:\/\/www.facebook.com\/SonoraEE\/","article_author":"https:\/\/www.facebook.com\/SonoraEE","article_published_time":"2022-03-27T17:32:51+00:00","article_modified_time":"2022-03-27T23:47:08+00:00","og_image":[{"width":700,"height":400,"url":"https:\/\/www.sonoraenequipo.com.mx\/storage\/2022\/03\/negociaciones-Ucrania-Rusia_opt.jpg","type":"image\/jpeg"}],"author":"enequipo","twitter_card":"summary_large_image","twitter_creator":"@sonoraenequipo","twitter_site":"@sonoraenequipo","twitter_misc":{"Escrito por":"enequipo","Tiempo de lectura":"3 minutos"},"schema":{"@context":"https:\/\/schema.org","@graph":[{"@type":"Article","@id":"https:\/\/www.sonoraenequipo.com.mx\/ucrania-y-rusia-decidieron-celebrar-la-proxima-ronda-de-negociaciones-en-turquia\/#article","isPartOf":{"@id":"https:\/\/www.sonoraenequipo.com.mx\/ucrania-y-rusia-decidieron-celebrar-la-proxima-ronda-de-negociaciones-en-turquia\/"},"author":{"name":"enequipo","@id":"https:\/\/www.sonoraenequipo.com.mx\/#\/schema\/person\/50102df0fb23a8fa9e8effad8fa81386"},"headline":"Ucrania y Rusia decidieron celebrar la pr\u00f3xima ronda de negociaciones\u00a0en Turqu\u00eda","datePublished":"2022-03-27T17:32:51+00:00","dateModified":"2022-03-27T23:47:08+00:00","mainEntityOfPage":{"@id":"https:\/\/www.sonoraenequipo.com.mx\/ucrania-y-rusia-decidieron-celebrar-la-proxima-ronda-de-negociaciones-en-turquia\/"},"wordCount":507,"commentCount":0,"publisher":{"@id":"https:\/\/www.sonoraenequipo.com.mx\/#organization"},"image":{"@id":"https:\/\/www.sonoraenequipo.com.mx\/ucrania-y-rusia-decidieron-celebrar-la-proxima-ronda-de-negociaciones-en-turquia\/#primaryimage"},"thumbnailUrl":"https:\/\/www.sonoraenequipo.com.mx\/storage\/2022\/03\/negociaciones-Ucrania-Rusia_opt.jpg","articleSection":["MUNDO"],"inLanguage":"es","potentialAction":[{"@type":"CommentAction","name":"Comment","target":["https:\/\/www.sonoraenequipo.com.mx\/ucrania-y-rusia-decidieron-celebrar-la-proxima-ronda-de-negociaciones-en-turquia\/#respond"]}]},{"@type":"WebPage","@id":"https:\/\/www.sonoraenequipo.com.mx\/ucrania-y-rusia-decidieron-celebrar-la-proxima-ronda-de-negociaciones-en-turquia\/","url":"https:\/\/www.sonoraenequipo.com.mx\/ucrania-y-rusia-decidieron-celebrar-la-proxima-ronda-de-negociaciones-en-turquia\/","name":"Sonora en Equipo. Ucrania y Rusia decidieron celebrar la pr\u00f3xima ronda de negociaciones\u00a0en Turqu\u00eda MUNDO","isPartOf":{"@id":"https:\/\/www.sonoraenequipo.com.mx\/#website"},"primaryImageOfPage":{"@id":"https:\/\/www.sonoraenequipo.com.mx\/ucrania-y-rusia-decidieron-celebrar-la-proxima-ronda-de-negociaciones-en-turquia\/#primaryimage"},"image":{"@id":"https:\/\/www.sonoraenequipo.com.mx\/ucrania-y-rusia-decidieron-celebrar-la-proxima-ronda-de-negociaciones-en-turquia\/#primaryimage"},"thumbnailUrl":"https:\/\/www.sonoraenequipo.com.mx\/storage\/2022\/03\/negociaciones-Ucrania-Rusia_opt.jpg","datePublished":"2022-03-27T17:32:51+00:00","dateModified":"2022-03-27T23:47:08+00:00","description":"UCRANIA. \u2014\u00a0 El 28 de marzo Ucrania y Rusia celebrar\u00e1n una nueva ronda de negociaciones, esta vez de tres d\u00edas, de ma\u00f1ana lunes al mi\u00e9rcoles (30.03.2022), En Sonora en Equipo publicamos toda la informaci\u00f3n de Sonora, M\u00e9xico y el Mundo de manera oportuna y busca que la libertad de expresi\u00f3n sea real. Visita nuestro medio informativo publicado desde Hermosillo, Sonora. %","breadcrumb":{"@id":"https:\/\/www.sonoraenequipo.com.mx\/ucrania-y-rusia-decidieron-celebrar-la-proxima-ronda-de-negociaciones-en-turquia\/#breadcrumb"},"inLanguage":"es","potentialAction":[{"@type":"ReadAction","target":["https:\/\/www.sonoraenequipo.com.mx\/ucrania-y-rusia-decidieron-celebrar-la-proxima-ronda-de-negociaciones-en-turquia\/"]}]},{"@type":"ImageObject","inLanguage":"es","@id":"https:\/\/www.sonoraenequipo.com.mx\/ucrania-y-rusia-decidieron-celebrar-la-proxima-ronda-de-negociaciones-en-turquia\/#primaryimage","url":"https:\/\/www.sonoraenequipo.com.mx\/storage\/2022\/03\/negociaciones-Ucrania-Rusia_opt.jpg","contentUrl":"https:\/\/www.sonoraenequipo.com.mx\/storage\/2022\/03\/negociaciones-Ucrania-Rusia_opt.jpg","width":700,"height":400},{"@type":"BreadcrumbList","@id":"https:\/\/www.sonoraenequipo.com.mx\/ucrania-y-rusia-decidieron-celebrar-la-proxima-ronda-de-negociaciones-en-turquia\/#breadcrumb","itemListElement":[{"@type":"ListItem","position":1,"name":"Portada","item":"https:\/\/www.sonoraenequipo.com.mx\/"},{"@type":"ListItem","position":2,"name":"Ucrania y Rusia decidieron celebrar la pr\u00f3xima ronda de negociaciones\u00a0en Turqu\u00eda"}]},{"@type":"WebSite","@id":"https:\/\/www.sonoraenequipo.com.mx\/#website","url":"https:\/\/www.sonoraenequipo.com.mx\/","name":"Sonora en Equipo.","description":"Diario en l\u00ednea con Noticias desde Hermosillo, Sonora","publisher":{"@id":"https:\/\/www.sonoraenequipo.com.mx\/#organization"},"potentialAction":[{"@type":"SearchAction","target":{"@type":"EntryPoint","urlTemplate":"https:\/\/www.sonoraenequipo.com.mx\/?s={search_term_string}"},"query-input":{"@type":"PropertyValueSpecification","valueRequired":true,"valueName":"search_term_string"}}],"inLanguage":"es"},{"@type":"Organization","@id":"https:\/\/www.sonoraenequipo.com.mx\/#organization","name":"Sonoraenequipo.com.mx","url":"https:\/\/www.sonoraenequipo.com.mx\/","logo":{"@type":"ImageObject","inLanguage":"es","@id":"https:\/\/www.sonoraenequipo.com.mx\/#\/schema\/logo\/image\/","url":"https:\/\/www.sonoraenequipo.com.mx\/storage\/2019\/01\/sonoraenequipo_opt.png","contentUrl":"https:\/\/www.sonoraenequipo.com.mx\/storage\/2019\/01\/sonoraenequipo_opt.png","width":375,"height":125,"caption":"Sonoraenequipo.com.mx"},"image":{"@id":"https:\/\/www.sonoraenequipo.com.mx\/#\/schema\/logo\/image\/"},"sameAs":["https:\/\/www.facebook.com\/SonoraEE\/","https:\/\/x.com\/sonoraenequipo","https:\/\/www.youtube.com\/channel\/UC338nW-lPEYmJQs4ZABQ1SQ"]},{"@type":"Person","@id":"https:\/\/www.sonoraenequipo.com.mx\/#\/schema\/person\/50102df0fb23a8fa9e8effad8fa81386","name":"enequipo","image":{"@type":"ImageObject","inLanguage":"es","@id":"https:\/\/www.sonoraenequipo.com.mx\/#\/schema\/person\/image\/","url":"https:\/\/secure.gravatar.com\/avatar\/049821681b589dabc0bc20695993ccebb09f5b5d4d790cd9251b97faac7c652b?s=96&d=blank&r=g","contentUrl":"https:\/\/secure.gravatar.com\/avatar\/049821681b589dabc0bc20695993ccebb09f5b5d4d790cd9251b97faac7c652b?s=96&d=blank&r=g","caption":"enequipo"},"sameAs":["https:\/\/www.facebook.com\/SonoraEE"]}]}},"jetpack_featured_media_url":"https:\/\/www.sonoraenequipo.com.mx\/storage\/2022\/03\/negociaciones-Ucrania-Rusia_opt.jpg","_links":{"self":[{"href":"https:\/\/www.sonoraenequipo.com.mx\/api\/wp\/v2\/posts\/135761","targetHints":{"allow":["GET"]}}],"collection":[{"href":"https:\/\/www.sonoraenequipo.com.mx\/api\/wp\/v2\/posts"}],"about":[{"href":"https:\/\/www.sonoraenequipo.com.mx\/api\/wp\/v2\/types\/post"}],"author":[{"embeddable":true,"href":"https:\/\/www.sonoraenequipo.com.mx\/api\/wp\/v2\/users\/1"}],"replies":[{"embeddable":true,"href":"https:\/\/www.sonoraenequipo.com.mx\/api\/wp\/v2\/comments?post=135761"}],"version-history":[{"count":1,"href":"https:\/\/www.sonoraenequipo.com.mx\/api\/wp\/v2\/posts\/135761\/revisions"}],"predecessor-version":[{"id":135770,"href":"https:\/\/www.sonoraenequipo.com.mx\/api\/wp\/v2\/posts\/135761\/revisions\/135770"}],"wp:featuredmedia":[{"embeddable":true,"href":"https:\/\/www.sonoraenequipo.com.mx\/api\/wp\/v2\/media\/135769"}],"wp:attachment":[{"href":"https:\/\/www.sonoraenequipo.com.mx\/api\/wp\/v2\/media?parent=135761"}],"wp:term":[{"taxonomy":"category","embeddable":true,"href":"https:\/\/www.sonoraenequipo.com.mx\/api\/wp\/v2\/categories?post=135761"},{"taxonomy":"post_tag","embeddable":true,"href":"https:\/\/www.sonoraenequipo.com.mx\/api\/wp\/v2\/tags?post=135761"}],"curies":[{"name":"wp","href":"https:\/\/api.w.org\/{rel}","templated":true}]}}