{"id":135772,"date":"2022-03-27T15:00:33","date_gmt":"2022-03-27T22:00:33","guid":{"rendered":"https:\/\/www.sonoraenequipo.com.mx\/?p=135772"},"modified":"2022-03-27T18:12:36","modified_gmt":"2022-03-28T01:12:36","slug":"max-verstappen-conquista-el-gran-premio-de-arabia-saudita-checo-queda-en-cuarto","status":"publish","type":"post","link":"https:\/\/www.sonoraenequipo.com.mx\/max-verstappen-conquista-el-gran-premio-de-arabia-saudita-checo-queda-en-cuarto\/","title":{"rendered":"Max Verstappen conquista el Gran Premio de Arabia Saudita; \u2018Checo\u2019 queda en cuarto"},"content":{"rendered":"<p><strong>ARABIA SAUDITA. \u2014<\/strong> El <strong>neerland\u00e9s Max Verstappen<\/strong> (Red Bull), \u00faltimo campe\u00f3n del mundo, gan\u00f3 el Gran Premio de Arabia Saudita, el segundo del Mundial de F\u00f3rmula Uno, que se disput\u00f3 este domingo, con luz artificial, en el circuito urbano de Yeda.<\/p>\n<p>&nbsp;<\/p>\n<p> <\/p>\n<p>&nbsp;<\/p>\n<p><strong>Verstappen<\/strong> gan\u00f3 por delante del <strong>monegasco Charles Leclerc<\/strong>\u00a0 \u2014 que mantuvo el liderato\u2014\u00a0 y del otro Ferrari, el del <strong>espa\u00f1ol Carlos Sainz,<\/strong> que, al acabar tercero sum\u00f3 su segundo podio en lo que va de temporada, el octavo desde que corre en F1.<\/p>\n<p>&nbsp;<\/p>\n<p><strong>El mexicano Sergio P\u00e9rez<\/strong> (Red Bull) fue cuarto en una carrera en la que el otro espa\u00f1ol, el doble campe\u00f3n mundial <strong>asturiano Fernando Alonso<\/strong> (Alpine) abandon\u00f3, por un problema de motor, a cuando le faltaban 14 vueltas para la meta.<\/p>\n<p>&nbsp;<\/p>\n<p>(Publicada el 27\/03\/2022 Con informaci\u00f3n de EFE )<\/p>\n","protected":false},"excerpt":{"rendered":"<p>ARABIA SAUDITA. \u2014 El neerland\u00e9s Max Verstappen (Red Bull), \u00faltimo campe\u00f3n del mundo, gan\u00f3 el&#8230;<\/p>\n","protected":false},"author":1,"featured_media":135768,"comment_status":"open","ping_status":"open","sticky":false,"template":"","format":"standard","meta":{"_monsterinsights_skip_tracking":false,"_monsterinsights_sitenote_active":false,"_monsterinsights_sitenote_note":"","_monsterinsights_sitenote_category":0,"footnotes":""},"categories":[10],"tags":[],"class_list":["post"],"yoast_head":" \n<title>Sonora en Equipo. Max Verstappen conquista el Gran Premio de Arabia Saudita; \u2018Checo\u2019 queda en cuarto Deportes<\/title>\n<meta name=\"description\" content=\"ARABIA SAUDITA. \u2014 El neerland\u00e9s Max Verstappen (Red Bull), \u00faltimo campe\u00f3n del mundo, gan\u00f3 el Gran Premio de Arabia Saudita, el segundo del Mundial de En Sonora en Equipo publicamos toda la informaci\u00f3n de Sonora, M\u00e9xico y el Mundo de manera oportuna y busca que la libertad de expresi\u00f3n sea real. Visita nuestro medio informativo publicado desde Hermosillo, Sonora. %\" \/>\n<meta name=\"robots\" content=\"index, follow, max-snippet:-1, max-image-preview:large, max-video-preview:-1\" \/>\n<link rel=\"canonical\" href=\"https:\/\/www.sonoraenequipo.com.mx\/max-verstappen-conquista-el-gran-premio-de-arabia-saudita-checo-queda-en-cuarto\/\" \/>\n<meta property=\"og:locale\" content=\"es_ES\" \/>\n<meta property=\"og:type\" content=\"article\" \/>\n<meta property=\"og:title\" content=\"Sonora en Equipo. Max Verstappen conquista el Gran Premio de Arabia Saudita; \u2018Checo\u2019 queda en cuarto Deportes\" \/>\n<meta property=\"og:description\" content=\"ARABIA SAUDITA. \u2014 El neerland\u00e9s Max Verstappen (Red Bull), \u00faltimo campe\u00f3n del mundo, gan\u00f3 el Gran Premio de Arabia Saudita, el segundo del Mundial de En Sonora en Equipo publicamos toda la informaci\u00f3n de Sonora, M\u00e9xico y el Mundo de manera oportuna y busca que la libertad de expresi\u00f3n sea real. Visita nuestro medio informativo publicado desde Hermosillo, Sonora. %\" \/>\n<meta property=\"og:url\" content=\"https:\/\/www.sonoraenequipo.com.mx\/max-verstappen-conquista-el-gran-premio-de-arabia-saudita-checo-queda-en-cuarto\/\" \/>\n<meta property=\"og:site_name\" content=\"Sonora en Equipo.\" \/>\n<meta property=\"article:publisher\" content=\"https:\/\/www.facebook.com\/SonoraEE\/\" \/>\n<meta property=\"article:author\" content=\"https:\/\/www.facebook.com\/SonoraEE\" \/>\n<meta property=\"article:published_time\" content=\"2022-03-27T22:00:33+00:00\" \/>\n<meta property=\"article:modified_time\" content=\"2022-03-28T01:12:36+00:00\" \/>\n<meta property=\"og:image\" content=\"https:\/\/www.sonoraenequipo.com.mx\/storage\/2022\/03\/max-verstappen-Gran-Premio-de-Arabia-Saudita_opt.jpg\" \/>\n\t<meta property=\"og:image:width\" content=\"711\" \/>\n\t<meta property=\"og:image:height\" content=\"400\" \/>\n\t<meta property=\"og:image:type\" content=\"image\/jpeg\" \/>\n<meta name=\"author\" content=\"enequipo\" \/>\n<meta name=\"twitter:card\" content=\"summary_large_image\" \/>\n<meta name=\"twitter:creator\" content=\"@sonoraenequipo\" \/>\n<meta name=\"twitter:site\" content=\"@sonoraenequipo\" \/>\n<meta name=\"twitter:label1\" content=\"Escrito por\" \/>\n\t<meta name=\"twitter:data1\" content=\"enequipo\" \/>\n\t<meta name=\"twitter:label2\" content=\"Tiempo de lectura\" \/>\n\t<meta name=\"twitter:data2\" content=\"1 minuto\" \/>\n<script type=\"application\/ld+json\" class=\"yoast-schema-graph\">{\"@context\":\"https:\/\/schema.org\",\"@graph\":[{\"@type\":\"Article\",\"@id\":\"https:\/\/www.sonoraenequipo.com.mx\/max-verstappen-conquista-el-gran-premio-de-arabia-saudita-checo-queda-en-cuarto\/#article\",\"isPartOf\":{\"@id\":\"https:\/\/www.sonoraenequipo.com.mx\/max-verstappen-conquista-el-gran-premio-de-arabia-saudita-checo-queda-en-cuarto\/\"},\"author\":{\"name\":\"enequipo\",\"@id\":\"https:\/\/www.sonoraenequipo.com.mx\/#\/schema\/person\/50102df0fb23a8fa9e8effad8fa81386\"},\"headline\":\"Max Verstappen conquista el Gran Premio de Arabia Saudita; \u2018Checo\u2019 queda en cuarto\",\"datePublished\":\"2022-03-27T22:00:33+00:00\",\"dateModified\":\"2022-03-28T01:12:36+00:00\",\"mainEntityOfPage\":{\"@id\":\"https:\/\/www.sonoraenequipo.com.mx\/max-verstappen-conquista-el-gran-premio-de-arabia-saudita-checo-queda-en-cuarto\/\"},\"wordCount\":152,\"commentCount\":0,\"publisher\":{\"@id\":\"https:\/\/www.sonoraenequipo.com.mx\/#organization\"},\"image\":{\"@id\":\"https:\/\/www.sonoraenequipo.com.mx\/max-verstappen-conquista-el-gran-premio-de-arabia-saudita-checo-queda-en-cuarto\/#primaryimage\"},\"thumbnailUrl\":\"https:\/\/www.sonoraenequipo.com.mx\/storage\/2022\/03\/max-verstappen-Gran-Premio-de-Arabia-Saudita_opt.jpg\",\"articleSection\":[\"Deportes\"],\"inLanguage\":\"es\",\"potentialAction\":[{\"@type\":\"CommentAction\",\"name\":\"Comment\",\"target\":[\"https:\/\/www.sonoraenequipo.com.mx\/max-verstappen-conquista-el-gran-premio-de-arabia-saudita-checo-queda-en-cuarto\/#respond\"]}]},{\"@type\":\"WebPage\",\"@id\":\"https:\/\/www.sonoraenequipo.com.mx\/max-verstappen-conquista-el-gran-premio-de-arabia-saudita-checo-queda-en-cuarto\/\",\"url\":\"https:\/\/www.sonoraenequipo.com.mx\/max-verstappen-conquista-el-gran-premio-de-arabia-saudita-checo-queda-en-cuarto\/\",\"name\":\"Sonora en Equipo. Max Verstappen conquista el Gran Premio de Arabia Saudita; \u2018Checo\u2019 queda en cuarto Deportes\",\"isPartOf\":{\"@id\":\"https:\/\/www.sonoraenequipo.com.mx\/#website\"},\"primaryImageOfPage\":{\"@id\":\"https:\/\/www.sonoraenequipo.com.mx\/max-verstappen-conquista-el-gran-premio-de-arabia-saudita-checo-queda-en-cuarto\/#primaryimage\"},\"image\":{\"@id\":\"https:\/\/www.sonoraenequipo.com.mx\/max-verstappen-conquista-el-gran-premio-de-arabia-saudita-checo-queda-en-cuarto\/#primaryimage\"},\"thumbnailUrl\":\"https:\/\/www.sonoraenequipo.com.mx\/storage\/2022\/03\/max-verstappen-Gran-Premio-de-Arabia-Saudita_opt.jpg\",\"datePublished\":\"2022-03-27T22:00:33+00:00\",\"dateModified\":\"2022-03-28T01:12:36+00:00\",\"description\":\"ARABIA SAUDITA. \u2014 El neerland\u00e9s Max Verstappen (Red Bull), \u00faltimo campe\u00f3n del mundo, gan\u00f3 el Gran Premio de Arabia Saudita, el segundo del Mundial de En Sonora en Equipo publicamos toda la informaci\u00f3n de Sonora, M\u00e9xico y el Mundo de manera oportuna y busca que la libertad de expresi\u00f3n sea real. Visita nuestro medio informativo publicado desde Hermosillo, Sonora. %\",\"breadcrumb\":{\"@id\":\"https:\/\/www.sonoraenequipo.com.mx\/max-verstappen-conquista-el-gran-premio-de-arabia-saudita-checo-queda-en-cuarto\/#breadcrumb\"},\"inLanguage\":\"es\",\"potentialAction\":[{\"@type\":\"ReadAction\",\"target\":[\"https:\/\/www.sonoraenequipo.com.mx\/max-verstappen-conquista-el-gran-premio-de-arabia-saudita-checo-queda-en-cuarto\/\"]}]},{\"@type\":\"ImageObject\",\"inLanguage\":\"es\",\"@id\":\"https:\/\/www.sonoraenequipo.com.mx\/max-verstappen-conquista-el-gran-premio-de-arabia-saudita-checo-queda-en-cuarto\/#primaryimage\",\"url\":\"https:\/\/www.sonoraenequipo.com.mx\/storage\/2022\/03\/max-verstappen-Gran-Premio-de-Arabia-Saudita_opt.jpg\",\"contentUrl\":\"https:\/\/www.sonoraenequipo.com.mx\/storage\/2022\/03\/max-verstappen-Gran-Premio-de-Arabia-Saudita_opt.jpg\",\"width\":711,\"height\":400},{\"@type\":\"BreadcrumbList\",\"@id\":\"https:\/\/www.sonoraenequipo.com.mx\/max-verstappen-conquista-el-gran-premio-de-arabia-saudita-checo-queda-en-cuarto\/#breadcrumb\",\"itemListElement\":[{\"@type\":\"ListItem\",\"position\":1,\"name\":\"Portada\",\"item\":\"https:\/\/www.sonoraenequipo.com.mx\/\"},{\"@type\":\"ListItem\",\"position\":2,\"name\":\"Max Verstappen conquista el Gran Premio de Arabia Saudita; \u2018Checo\u2019 queda en cuarto\"}]},{\"@type\":\"WebSite\",\"@id\":\"https:\/\/www.sonoraenequipo.com.mx\/#website\",\"url\":\"https:\/\/www.sonoraenequipo.com.mx\/\",\"name\":\"Sonora en Equipo.\",\"description\":\"Diario en l\u00ednea con Noticias desde Hermosillo, Sonora\",\"publisher\":{\"@id\":\"https:\/\/www.sonoraenequipo.com.mx\/#organization\"},\"potentialAction\":[{\"@type\":\"SearchAction\",\"target\":{\"@type\":\"EntryPoint\",\"urlTemplate\":\"https:\/\/www.sonoraenequipo.com.mx\/?s={search_term_string}\"},\"query-input\":{\"@type\":\"PropertyValueSpecification\",\"valueRequired\":true,\"valueName\":\"search_term_string\"}}],\"inLanguage\":\"es\"},{\"@type\":\"Organization\",\"@id\":\"https:\/\/www.sonoraenequipo.com.mx\/#organization\",\"name\":\"Sonoraenequipo.com.mx\",\"url\":\"https:\/\/www.sonoraenequipo.com.mx\/\",\"logo\":{\"@type\":\"ImageObject\",\"inLanguage\":\"es\",\"@id\":\"https:\/\/www.sonoraenequipo.com.mx\/#\/schema\/logo\/image\/\",\"url\":\"https:\/\/www.sonoraenequipo.com.mx\/storage\/2019\/01\/sonoraenequipo_opt.png\",\"contentUrl\":\"https:\/\/www.sonoraenequipo.com.mx\/storage\/2019\/01\/sonoraenequipo_opt.png\",\"width\":375,\"height\":125,\"caption\":\"Sonoraenequipo.com.mx\"},\"image\":{\"@id\":\"https:\/\/www.sonoraenequipo.com.mx\/#\/schema\/logo\/image\/\"},\"sameAs\":[\"https:\/\/www.facebook.com\/SonoraEE\/\",\"https:\/\/x.com\/sonoraenequipo\",\"https:\/\/www.youtube.com\/channel\/UC338nW-lPEYmJQs4ZABQ1SQ\"]},{\"@type\":\"Person\",\"@id\":\"https:\/\/www.sonoraenequipo.com.mx\/#\/schema\/person\/50102df0fb23a8fa9e8effad8fa81386\",\"name\":\"enequipo\",\"image\":{\"@type\":\"ImageObject\",\"inLanguage\":\"es\",\"@id\":\"https:\/\/www.sonoraenequipo.com.mx\/#\/schema\/person\/image\/\",\"url\":\"https:\/\/secure.gravatar.com\/avatar\/049821681b589dabc0bc20695993ccebb09f5b5d4d790cd9251b97faac7c652b?s=96&d=blank&r=g\",\"contentUrl\":\"https:\/\/secure.gravatar.com\/avatar\/049821681b589dabc0bc20695993ccebb09f5b5d4d790cd9251b97faac7c652b?s=96&d=blank&r=g\",\"caption\":\"enequipo\"},\"sameAs\":[\"https:\/\/www.facebook.com\/SonoraEE\"]}]}<\/script>\n ","yoast_head_json":{"title":"Sonora en Equipo. Max Verstappen conquista el Gran Premio de Arabia Saudita; \u2018Checo\u2019 queda en cuarto Deportes","description":"ARABIA SAUDITA. \u2014 El neerland\u00e9s Max Verstappen (Red Bull), \u00faltimo campe\u00f3n del mundo, gan\u00f3 el Gran Premio de Arabia Saudita, el segundo del Mundial de En Sonora en Equipo publicamos toda la informaci\u00f3n de Sonora, M\u00e9xico y el Mundo de manera oportuna y busca que la libertad de expresi\u00f3n sea real. Visita nuestro medio informativo publicado desde Hermosillo, Sonora. %","robots":{"index":"index","follow":"follow","max-snippet":"max-snippet:-1","max-image-preview":"max-image-preview:large","max-video-preview":"max-video-preview:-1"},"canonical":"https:\/\/www.sonoraenequipo.com.mx\/max-verstappen-conquista-el-gran-premio-de-arabia-saudita-checo-queda-en-cuarto\/","og_locale":"es_ES","og_type":"article","og_title":"Sonora en Equipo. Max Verstappen conquista el Gran Premio de Arabia Saudita; \u2018Checo\u2019 queda en cuarto Deportes","og_description":"ARABIA SAUDITA. \u2014 El neerland\u00e9s Max Verstappen (Red Bull), \u00faltimo campe\u00f3n del mundo, gan\u00f3 el Gran Premio de Arabia Saudita, el segundo del Mundial de En Sonora en Equipo publicamos toda la informaci\u00f3n de Sonora, M\u00e9xico y el Mundo de manera oportuna y busca que la libertad de expresi\u00f3n sea real. Visita nuestro medio informativo publicado desde Hermosillo, Sonora. %","og_url":"https:\/\/www.sonoraenequipo.com.mx\/max-verstappen-conquista-el-gran-premio-de-arabia-saudita-checo-queda-en-cuarto\/","og_site_name":"Sonora en Equipo.","article_publisher":"https:\/\/www.facebook.com\/SonoraEE\/","article_author":"https:\/\/www.facebook.com\/SonoraEE","article_published_time":"2022-03-27T22:00:33+00:00","article_modified_time":"2022-03-28T01:12:36+00:00","og_image":[{"width":711,"height":400,"url":"https:\/\/www.sonoraenequipo.com.mx\/storage\/2022\/03\/max-verstappen-Gran-Premio-de-Arabia-Saudita_opt.jpg","type":"image\/jpeg"}],"author":"enequipo","twitter_card":"summary_large_image","twitter_creator":"@sonoraenequipo","twitter_site":"@sonoraenequipo","twitter_misc":{"Escrito por":"enequipo","Tiempo de lectura":"1 minuto"},"schema":{"@context":"https:\/\/schema.org","@graph":[{"@type":"Article","@id":"https:\/\/www.sonoraenequipo.com.mx\/max-verstappen-conquista-el-gran-premio-de-arabia-saudita-checo-queda-en-cuarto\/#article","isPartOf":{"@id":"https:\/\/www.sonoraenequipo.com.mx\/max-verstappen-conquista-el-gran-premio-de-arabia-saudita-checo-queda-en-cuarto\/"},"author":{"name":"enequipo","@id":"https:\/\/www.sonoraenequipo.com.mx\/#\/schema\/person\/50102df0fb23a8fa9e8effad8fa81386"},"headline":"Max Verstappen conquista el Gran Premio de Arabia Saudita; \u2018Checo\u2019 queda en cuarto","datePublished":"2022-03-27T22:00:33+00:00","dateModified":"2022-03-28T01:12:36+00:00","mainEntityOfPage":{"@id":"https:\/\/www.sonoraenequipo.com.mx\/max-verstappen-conquista-el-gran-premio-de-arabia-saudita-checo-queda-en-cuarto\/"},"wordCount":152,"commentCount":0,"publisher":{"@id":"https:\/\/www.sonoraenequipo.com.mx\/#organization"},"image":{"@id":"https:\/\/www.sonoraenequipo.com.mx\/max-verstappen-conquista-el-gran-premio-de-arabia-saudita-checo-queda-en-cuarto\/#primaryimage"},"thumbnailUrl":"https:\/\/www.sonoraenequipo.com.mx\/storage\/2022\/03\/max-verstappen-Gran-Premio-de-Arabia-Saudita_opt.jpg","articleSection":["Deportes"],"inLanguage":"es","potentialAction":[{"@type":"CommentAction","name":"Comment","target":["https:\/\/www.sonoraenequipo.com.mx\/max-verstappen-conquista-el-gran-premio-de-arabia-saudita-checo-queda-en-cuarto\/#respond"]}]},{"@type":"WebPage","@id":"https:\/\/www.sonoraenequipo.com.mx\/max-verstappen-conquista-el-gran-premio-de-arabia-saudita-checo-queda-en-cuarto\/","url":"https:\/\/www.sonoraenequipo.com.mx\/max-verstappen-conquista-el-gran-premio-de-arabia-saudita-checo-queda-en-cuarto\/","name":"Sonora en Equipo. Max Verstappen conquista el Gran Premio de Arabia Saudita; \u2018Checo\u2019 queda en cuarto Deportes","isPartOf":{"@id":"https:\/\/www.sonoraenequipo.com.mx\/#website"},"primaryImageOfPage":{"@id":"https:\/\/www.sonoraenequipo.com.mx\/max-verstappen-conquista-el-gran-premio-de-arabia-saudita-checo-queda-en-cuarto\/#primaryimage"},"image":{"@id":"https:\/\/www.sonoraenequipo.com.mx\/max-verstappen-conquista-el-gran-premio-de-arabia-saudita-checo-queda-en-cuarto\/#primaryimage"},"thumbnailUrl":"https:\/\/www.sonoraenequipo.com.mx\/storage\/2022\/03\/max-verstappen-Gran-Premio-de-Arabia-Saudita_opt.jpg","datePublished":"2022-03-27T22:00:33+00:00","dateModified":"2022-03-28T01:12:36+00:00","description":"ARABIA SAUDITA. \u2014 El neerland\u00e9s Max Verstappen (Red Bull), \u00faltimo campe\u00f3n del mundo, gan\u00f3 el Gran Premio de Arabia Saudita, el segundo del Mundial de En Sonora en Equipo publicamos toda la informaci\u00f3n de Sonora, M\u00e9xico y el Mundo de manera oportuna y busca que la libertad de expresi\u00f3n sea real. Visita nuestro medio informativo publicado desde Hermosillo, Sonora. %","breadcrumb":{"@id":"https:\/\/www.sonoraenequipo.com.mx\/max-verstappen-conquista-el-gran-premio-de-arabia-saudita-checo-queda-en-cuarto\/#breadcrumb"},"inLanguage":"es","potentialAction":[{"@type":"ReadAction","target":["https:\/\/www.sonoraenequipo.com.mx\/max-verstappen-conquista-el-gran-premio-de-arabia-saudita-checo-queda-en-cuarto\/"]}]},{"@type":"ImageObject","inLanguage":"es","@id":"https:\/\/www.sonoraenequipo.com.mx\/max-verstappen-conquista-el-gran-premio-de-arabia-saudita-checo-queda-en-cuarto\/#primaryimage","url":"https:\/\/www.sonoraenequipo.com.mx\/storage\/2022\/03\/max-verstappen-Gran-Premio-de-Arabia-Saudita_opt.jpg","contentUrl":"https:\/\/www.sonoraenequipo.com.mx\/storage\/2022\/03\/max-verstappen-Gran-Premio-de-Arabia-Saudita_opt.jpg","width":711,"height":400},{"@type":"BreadcrumbList","@id":"https:\/\/www.sonoraenequipo.com.mx\/max-verstappen-conquista-el-gran-premio-de-arabia-saudita-checo-queda-en-cuarto\/#breadcrumb","itemListElement":[{"@type":"ListItem","position":1,"name":"Portada","item":"https:\/\/www.sonoraenequipo.com.mx\/"},{"@type":"ListItem","position":2,"name":"Max Verstappen conquista el Gran Premio de Arabia Saudita; \u2018Checo\u2019 queda en cuarto"}]},{"@type":"WebSite","@id":"https:\/\/www.sonoraenequipo.com.mx\/#website","url":"https:\/\/www.sonoraenequipo.com.mx\/","name":"Sonora en Equipo.","description":"Diario en l\u00ednea con Noticias desde Hermosillo, Sonora","publisher":{"@id":"https:\/\/www.sonoraenequipo.com.mx\/#organization"},"potentialAction":[{"@type":"SearchAction","target":{"@type":"EntryPoint","urlTemplate":"https:\/\/www.sonoraenequipo.com.mx\/?s={search_term_string}"},"query-input":{"@type":"PropertyValueSpecification","valueRequired":true,"valueName":"search_term_string"}}],"inLanguage":"es"},{"@type":"Organization","@id":"https:\/\/www.sonoraenequipo.com.mx\/#organization","name":"Sonoraenequipo.com.mx","url":"https:\/\/www.sonoraenequipo.com.mx\/","logo":{"@type":"ImageObject","inLanguage":"es","@id":"https:\/\/www.sonoraenequipo.com.mx\/#\/schema\/logo\/image\/","url":"https:\/\/www.sonoraenequipo.com.mx\/storage\/2019\/01\/sonoraenequipo_opt.png","contentUrl":"https:\/\/www.sonoraenequipo.com.mx\/storage\/2019\/01\/sonoraenequipo_opt.png","width":375,"height":125,"caption":"Sonoraenequipo.com.mx"},"image":{"@id":"https:\/\/www.sonoraenequipo.com.mx\/#\/schema\/logo\/image\/"},"sameAs":["https:\/\/www.facebook.com\/SonoraEE\/","https:\/\/x.com\/sonoraenequipo","https:\/\/www.youtube.com\/channel\/UC338nW-lPEYmJQs4ZABQ1SQ"]},{"@type":"Person","@id":"https:\/\/www.sonoraenequipo.com.mx\/#\/schema\/person\/50102df0fb23a8fa9e8effad8fa81386","name":"enequipo","image":{"@type":"ImageObject","inLanguage":"es","@id":"https:\/\/www.sonoraenequipo.com.mx\/#\/schema\/person\/image\/","url":"https:\/\/secure.gravatar.com\/avatar\/049821681b589dabc0bc20695993ccebb09f5b5d4d790cd9251b97faac7c652b?s=96&d=blank&r=g","contentUrl":"https:\/\/secure.gravatar.com\/avatar\/049821681b589dabc0bc20695993ccebb09f5b5d4d790cd9251b97faac7c652b?s=96&d=blank&r=g","caption":"enequipo"},"sameAs":["https:\/\/www.facebook.com\/SonoraEE"]}]}},"jetpack_featured_media_url":"https:\/\/www.sonoraenequipo.com.mx\/storage\/2022\/03\/max-verstappen-Gran-Premio-de-Arabia-Saudita_opt.jpg","_links":{"self":[{"href":"https:\/\/www.sonoraenequipo.com.mx\/api\/wp\/v2\/posts\/135772","targetHints":{"allow":["GET"]}}],"collection":[{"href":"https:\/\/www.sonoraenequipo.com.mx\/api\/wp\/v2\/posts"}],"about":[{"href":"https:\/\/www.sonoraenequipo.com.mx\/api\/wp\/v2\/types\/post"}],"author":[{"embeddable":true,"href":"https:\/\/www.sonoraenequipo.com.mx\/api\/wp\/v2\/users\/1"}],"replies":[{"embeddable":true,"href":"https:\/\/www.sonoraenequipo.com.mx\/api\/wp\/v2\/comments?post=135772"}],"version-history":[{"count":1,"href":"https:\/\/www.sonoraenequipo.com.mx\/api\/wp\/v2\/posts\/135772\/revisions"}],"predecessor-version":[{"id":135773,"href":"https:\/\/www.sonoraenequipo.com.mx\/api\/wp\/v2\/posts\/135772\/revisions\/135773"}],"wp:featuredmedia":[{"embeddable":true,"href":"https:\/\/www.sonoraenequipo.com.mx\/api\/wp\/v2\/media\/135768"}],"wp:attachment":[{"href":"https:\/\/www.sonoraenequipo.com.mx\/api\/wp\/v2\/media?parent=135772"}],"wp:term":[{"taxonomy":"category","embeddable":true,"href":"https:\/\/www.sonoraenequipo.com.mx\/api\/wp\/v2\/categories?post=135772"},{"taxonomy":"post_tag","embeddable":true,"href":"https:\/\/www.sonoraenequipo.com.mx\/api\/wp\/v2\/tags?post=135772"}],"curies":[{"name":"wp","href":"https:\/\/api.w.org\/{rel}","templated":true}]}}