{"id":135774,"date":"2022-03-27T19:15:48","date_gmt":"2022-03-28T02:15:48","guid":{"rendered":"https:\/\/www.sonoraenequipo.com.mx\/?p=135774"},"modified":"2022-03-27T23:22:53","modified_gmt":"2022-03-28T06:22:53","slug":"se-registraron-919-contagios-y-15-muertes-por-coronavirus-en-mexico-este-2703-2022","status":"publish","type":"post","link":"https:\/\/www.sonoraenequipo.com.mx\/se-registraron-919-contagios-y-15-muertes-por-coronavirus-en-mexico-este-2703-2022\/","title":{"rendered":"Se registraron 919 contagios y 15 muertes por Coronavirus en M\u00e9xico este 2703.2022"},"content":{"rendered":"<p><strong>CIUDAD DE M\u00c9XICO. MX. \u2014<\/strong> La Secretar\u00eda de Salud (SSa) dio a conocer las cifras actualizadas sobre el avance la pandemia de COVID-19 en el pa\u00eds. Hasta las 17:00 horas de este domingo 27 de marzo se registraron 5 millones 650 mil 896 contagios totales y 322 mil 750 fallecimientos desde que inici\u00f3 la pandemia de coronavirus en el pa\u00eds. Con estas cifras, en las \u00faltimas 24 horas se sumaron a las estad\u00edsticas nacionales 919 contagios y 15 muertes.<\/p>\n<p>&nbsp;<\/p>\n<p> <\/p>\n<p>&nbsp;<\/p>\n<p>Hasta el momento, se han reportado 680 mil 631 casos sospechosos, 9 millones 192 mil 907 casos negativos y 9 mil 278 casos activos de COVID-19 en todo el territorio nacional, los cuales refieren al sector de la poblaci\u00f3n que inici\u00f3 con s\u00edntomas de la enfermedad de coronavirus en los \u00faltimos 14 d\u00edas, es decir, del 14 al 27 de marzo.<\/p>\n<p>&nbsp;<\/p>\n<p>Los estados que re\u00fanen m\u00e1s casos activos confirmados y que poseen una mayor actividad viral son los siguientes: Ciudad de M\u00e9xico (2 mil 346), Veracuz (914), Estado de M\u00e9xico (897), Aguascalientes (471); Puebla (444); Sinaloa (278) y Jalisco, con 252 casos. Por su parte, las entidades federativas con menos casos activos registrados son Durango, Guerrero y Nayarit (69), Zacatecas (50) y Chiapas, con 16 casos.<\/p>\n<p>&nbsp;<\/p>\n<p>Desde que inici\u00f3 la emergencia sanitaria de coronavirus en M\u00e9xico, la SSa ha registrado el total de contagios acumulados por estado. La lista est\u00e1 encabezada por la Ciudad de M\u00e9xico, demarcaci\u00f3n en la que se alcanz\u00f3 un mill\u00f3n 383 mil 787. Le siguen el Estado de M\u00e9xico (537 mil 814); Nuevo Le\u00f3n (312 mil 198); Guanajuato (280 mil 802); Jalisco (239 mil 477); Tabasco (189 mil 637); San Luis Potos\u00ed (184 mil 416); Veracruz (177 mil 272); Puebla (168 mil 584) y Sonora con 164 mil 392 casos.<\/p>\n<p>&nbsp;<\/p>\n<p>Por su parte, los estados en los que se han registrado m\u00e1s fallecimientos son: Ciudad de M\u00e9xico (55 mil 934); Estado de M\u00e9xico (34 mil 620); Jalisco (19 mil 250); Puebla (16 mil 428); Veracruz (15 mil 969) y Nuevo Le\u00f3n (15 mil 049). De acuerdo con la distribuci\u00f3n por sexo y edad de las muertes confirmadas por COVID-19, la Secretar\u00eda resalt\u00f3 que el predominio de SARS-CoV-2 es de 62% en hombres y el promedio de muertes a causa de coronavirus es de 64 a\u00f1os.<\/p>\n<p>&nbsp;<\/p>\n<p>Seg\u00fan la SSa, M\u00e9xico cuenta con disponibilidad de 93% de camas generales y 95% con respirador mec\u00e1nico para la atenci\u00f3n de pacientes con COVID 19. Asimismo, se mostr\u00f3 una reducci\u00f3n de 96% en ocupaci\u00f3n hospitalaria, en comparaci\u00f3n con el pico de la pandemia en enero de 2021 y durante la emergencia sanitaria con cuatro millones 947 mil 014 personas se han recuperado de la enfermedad.<\/p>\n<p>&nbsp;<\/p>\n<p>La dependencia federal se\u00f1al\u00f3 que, hasta el momento, se han aplicado 190 millones 197 mil 035 dosis de las f\u00f3rmulas Pfizer-BioNTech, AstraZeneca, Sputnik V, Janssen, Moderna, Sinovac y CanSino. Tan solo el pasado viernes 25 de marzo se aplicaron 392 mil 537 dosis.<\/p>\n<p>&nbsp;<\/p>\n<p>Por edad, se reporta que 80 millones 746 mil 922 personas mayores de 18 a\u00f1os han recibido al menos una dosis, lo que equivale a 90% de la poblaci\u00f3n adulta; y cuatro millones 809 mil 158 adolescentes de 14 a 17 a\u00f1os.<\/p>\n<p>&nbsp;<\/p>\n<p>La Ciudad de M\u00e9xico, Quintana Roo y Quer\u00e9taro son las tres entidades que han vacunado al 100% de su poblaci\u00f3n mayor edad con el esquema completo de vacunaci\u00f3n. En tanto, Chiapas es el estado con mayor rezago, con 71%; seguido de Guerreo (76%) y Oaxaca (78%).<\/p>\n<p>&nbsp;<\/p>\n<p>&nbsp;<\/p>\n<p>&nbsp;<\/p>\n<p>(Publicada el 27\/03\/2022)<\/p>\n","protected":false},"excerpt":{"rendered":"<p>CIUDAD DE M\u00c9XICO. MX. \u2014 La Secretar\u00eda de Salud (SSa) dio a conocer las cifras&#8230;<\/p>\n","protected":false},"author":1,"featured_media":135777,"comment_status":"open","ping_status":"open","sticky":false,"template":"","format":"standard","meta":{"_monsterinsights_skip_tracking":false,"_monsterinsights_sitenote_active":false,"_monsterinsights_sitenote_note":"","_monsterinsights_sitenote_category":0,"footnotes":""},"categories":[5],"tags":[],"class_list":["post"],"yoast_head":" \n<title>Sonora en Equipo. Se registraron 919 contagios y 15 muertes por Coronavirus en M\u00e9xico este 2703.2022 Rep\u00fablica<\/title>\n<meta name=\"description\" content=\"CIUDAD DE M\u00c9XICO. MX. \u2014 La Secretar\u00eda de Salud (SSa) dio a conocer las cifras actualizadas sobre el avance la pandemia de COVID-19 en el pa\u00eds. Hasta las En Sonora en Equipo publicamos toda la informaci\u00f3n de Sonora, M\u00e9xico y el Mundo de manera oportuna y busca que la libertad de expresi\u00f3n sea real. Visita nuestro medio informativo publicado desde Hermosillo, Sonora. %\" \/>\n<meta name=\"robots\" content=\"index, follow, max-snippet:-1, max-image-preview:large, max-video-preview:-1\" \/>\n<link rel=\"canonical\" href=\"https:\/\/www.sonoraenequipo.com.mx\/se-registraron-919-contagios-y-15-muertes-por-coronavirus-en-mexico-este-2703-2022\/\" \/>\n<meta property=\"og:locale\" content=\"es_ES\" \/>\n<meta property=\"og:type\" content=\"article\" \/>\n<meta property=\"og:title\" content=\"Sonora en Equipo. Se registraron 919 contagios y 15 muertes por Coronavirus en M\u00e9xico este 2703.2022 Rep\u00fablica\" \/>\n<meta property=\"og:description\" content=\"CIUDAD DE M\u00c9XICO. MX. \u2014 La Secretar\u00eda de Salud (SSa) dio a conocer las cifras actualizadas sobre el avance la pandemia de COVID-19 en el pa\u00eds. Hasta las En Sonora en Equipo publicamos toda la informaci\u00f3n de Sonora, M\u00e9xico y el Mundo de manera oportuna y busca que la libertad de expresi\u00f3n sea real. Visita nuestro medio informativo publicado desde Hermosillo, Sonora. %\" \/>\n<meta property=\"og:url\" content=\"https:\/\/www.sonoraenequipo.com.mx\/se-registraron-919-contagios-y-15-muertes-por-coronavirus-en-mexico-este-2703-2022\/\" \/>\n<meta property=\"og:site_name\" content=\"Sonora en Equipo.\" \/>\n<meta property=\"article:publisher\" content=\"https:\/\/www.facebook.com\/SonoraEE\/\" \/>\n<meta property=\"article:author\" content=\"https:\/\/www.facebook.com\/SonoraEE\" \/>\n<meta property=\"article:published_time\" content=\"2022-03-28T02:15:48+00:00\" \/>\n<meta property=\"article:modified_time\" content=\"2022-03-28T06:22:53+00:00\" \/>\n<meta property=\"og:image\" content=\"https:\/\/www.sonoraenequipo.com.mx\/storage\/2022\/03\/coronavirus-en-mexico_opt.jpg\" \/>\n\t<meta property=\"og:image:width\" content=\"700\" \/>\n\t<meta property=\"og:image:height\" content=\"400\" \/>\n\t<meta property=\"og:image:type\" content=\"image\/jpeg\" \/>\n<meta name=\"author\" content=\"enequipo\" \/>\n<meta name=\"twitter:card\" content=\"summary_large_image\" \/>\n<meta name=\"twitter:creator\" content=\"@sonoraenequipo\" \/>\n<meta name=\"twitter:site\" content=\"@sonoraenequipo\" \/>\n<meta name=\"twitter:label1\" content=\"Escrito por\" \/>\n\t<meta name=\"twitter:data1\" content=\"enequipo\" \/>\n\t<meta name=\"twitter:label2\" content=\"Tiempo de lectura\" \/>\n\t<meta name=\"twitter:data2\" content=\"3 minutos\" \/>\n<script type=\"application\/ld+json\" class=\"yoast-schema-graph\">{\"@context\":\"https:\/\/schema.org\",\"@graph\":[{\"@type\":\"Article\",\"@id\":\"https:\/\/www.sonoraenequipo.com.mx\/se-registraron-919-contagios-y-15-muertes-por-coronavirus-en-mexico-este-2703-2022\/#article\",\"isPartOf\":{\"@id\":\"https:\/\/www.sonoraenequipo.com.mx\/se-registraron-919-contagios-y-15-muertes-por-coronavirus-en-mexico-este-2703-2022\/\"},\"author\":{\"name\":\"enequipo\",\"@id\":\"https:\/\/www.sonoraenequipo.com.mx\/#\/schema\/person\/50102df0fb23a8fa9e8effad8fa81386\"},\"headline\":\"Se registraron 919 contagios y 15 muertes por Coronavirus en M\u00e9xico este 2703.2022\",\"datePublished\":\"2022-03-28T02:15:48+00:00\",\"dateModified\":\"2022-03-28T06:22:53+00:00\",\"mainEntityOfPage\":{\"@id\":\"https:\/\/www.sonoraenequipo.com.mx\/se-registraron-919-contagios-y-15-muertes-por-coronavirus-en-mexico-este-2703-2022\/\"},\"wordCount\":548,\"commentCount\":0,\"publisher\":{\"@id\":\"https:\/\/www.sonoraenequipo.com.mx\/#organization\"},\"image\":{\"@id\":\"https:\/\/www.sonoraenequipo.com.mx\/se-registraron-919-contagios-y-15-muertes-por-coronavirus-en-mexico-este-2703-2022\/#primaryimage\"},\"thumbnailUrl\":\"https:\/\/www.sonoraenequipo.com.mx\/storage\/2022\/03\/coronavirus-en-mexico_opt.jpg\",\"articleSection\":[\"Rep\u00fablica\"],\"inLanguage\":\"es\",\"potentialAction\":[{\"@type\":\"CommentAction\",\"name\":\"Comment\",\"target\":[\"https:\/\/www.sonoraenequipo.com.mx\/se-registraron-919-contagios-y-15-muertes-por-coronavirus-en-mexico-este-2703-2022\/#respond\"]}]},{\"@type\":\"WebPage\",\"@id\":\"https:\/\/www.sonoraenequipo.com.mx\/se-registraron-919-contagios-y-15-muertes-por-coronavirus-en-mexico-este-2703-2022\/\",\"url\":\"https:\/\/www.sonoraenequipo.com.mx\/se-registraron-919-contagios-y-15-muertes-por-coronavirus-en-mexico-este-2703-2022\/\",\"name\":\"Sonora en Equipo. Se registraron 919 contagios y 15 muertes por Coronavirus en M\u00e9xico este 2703.2022 Rep\u00fablica\",\"isPartOf\":{\"@id\":\"https:\/\/www.sonoraenequipo.com.mx\/#website\"},\"primaryImageOfPage\":{\"@id\":\"https:\/\/www.sonoraenequipo.com.mx\/se-registraron-919-contagios-y-15-muertes-por-coronavirus-en-mexico-este-2703-2022\/#primaryimage\"},\"image\":{\"@id\":\"https:\/\/www.sonoraenequipo.com.mx\/se-registraron-919-contagios-y-15-muertes-por-coronavirus-en-mexico-este-2703-2022\/#primaryimage\"},\"thumbnailUrl\":\"https:\/\/www.sonoraenequipo.com.mx\/storage\/2022\/03\/coronavirus-en-mexico_opt.jpg\",\"datePublished\":\"2022-03-28T02:15:48+00:00\",\"dateModified\":\"2022-03-28T06:22:53+00:00\",\"description\":\"CIUDAD DE M\u00c9XICO. MX. \u2014 La Secretar\u00eda de Salud (SSa) dio a conocer las cifras actualizadas sobre el avance la pandemia de COVID-19 en el pa\u00eds. Hasta las En Sonora en Equipo publicamos toda la informaci\u00f3n de Sonora, M\u00e9xico y el Mundo de manera oportuna y busca que la libertad de expresi\u00f3n sea real. Visita nuestro medio informativo publicado desde Hermosillo, Sonora. %\",\"breadcrumb\":{\"@id\":\"https:\/\/www.sonoraenequipo.com.mx\/se-registraron-919-contagios-y-15-muertes-por-coronavirus-en-mexico-este-2703-2022\/#breadcrumb\"},\"inLanguage\":\"es\",\"potentialAction\":[{\"@type\":\"ReadAction\",\"target\":[\"https:\/\/www.sonoraenequipo.com.mx\/se-registraron-919-contagios-y-15-muertes-por-coronavirus-en-mexico-este-2703-2022\/\"]}]},{\"@type\":\"ImageObject\",\"inLanguage\":\"es\",\"@id\":\"https:\/\/www.sonoraenequipo.com.mx\/se-registraron-919-contagios-y-15-muertes-por-coronavirus-en-mexico-este-2703-2022\/#primaryimage\",\"url\":\"https:\/\/www.sonoraenequipo.com.mx\/storage\/2022\/03\/coronavirus-en-mexico_opt.jpg\",\"contentUrl\":\"https:\/\/www.sonoraenequipo.com.mx\/storage\/2022\/03\/coronavirus-en-mexico_opt.jpg\",\"width\":700,\"height\":400},{\"@type\":\"BreadcrumbList\",\"@id\":\"https:\/\/www.sonoraenequipo.com.mx\/se-registraron-919-contagios-y-15-muertes-por-coronavirus-en-mexico-este-2703-2022\/#breadcrumb\",\"itemListElement\":[{\"@type\":\"ListItem\",\"position\":1,\"name\":\"Portada\",\"item\":\"https:\/\/www.sonoraenequipo.com.mx\/\"},{\"@type\":\"ListItem\",\"position\":2,\"name\":\"Se registraron 919 contagios y 15 muertes por Coronavirus en M\u00e9xico este 2703.2022\"}]},{\"@type\":\"WebSite\",\"@id\":\"https:\/\/www.sonoraenequipo.com.mx\/#website\",\"url\":\"https:\/\/www.sonoraenequipo.com.mx\/\",\"name\":\"Sonora en Equipo.\",\"description\":\"Diario en l\u00ednea con Noticias desde Hermosillo, Sonora\",\"publisher\":{\"@id\":\"https:\/\/www.sonoraenequipo.com.mx\/#organization\"},\"potentialAction\":[{\"@type\":\"SearchAction\",\"target\":{\"@type\":\"EntryPoint\",\"urlTemplate\":\"https:\/\/www.sonoraenequipo.com.mx\/?s={search_term_string}\"},\"query-input\":{\"@type\":\"PropertyValueSpecification\",\"valueRequired\":true,\"valueName\":\"search_term_string\"}}],\"inLanguage\":\"es\"},{\"@type\":\"Organization\",\"@id\":\"https:\/\/www.sonoraenequipo.com.mx\/#organization\",\"name\":\"Sonoraenequipo.com.mx\",\"url\":\"https:\/\/www.sonoraenequipo.com.mx\/\",\"logo\":{\"@type\":\"ImageObject\",\"inLanguage\":\"es\",\"@id\":\"https:\/\/www.sonoraenequipo.com.mx\/#\/schema\/logo\/image\/\",\"url\":\"https:\/\/www.sonoraenequipo.com.mx\/storage\/2019\/01\/sonoraenequipo_opt.png\",\"contentUrl\":\"https:\/\/www.sonoraenequipo.com.mx\/storage\/2019\/01\/sonoraenequipo_opt.png\",\"width\":375,\"height\":125,\"caption\":\"Sonoraenequipo.com.mx\"},\"image\":{\"@id\":\"https:\/\/www.sonoraenequipo.com.mx\/#\/schema\/logo\/image\/\"},\"sameAs\":[\"https:\/\/www.facebook.com\/SonoraEE\/\",\"https:\/\/x.com\/sonoraenequipo\",\"https:\/\/www.youtube.com\/channel\/UC338nW-lPEYmJQs4ZABQ1SQ\"]},{\"@type\":\"Person\",\"@id\":\"https:\/\/www.sonoraenequipo.com.mx\/#\/schema\/person\/50102df0fb23a8fa9e8effad8fa81386\",\"name\":\"enequipo\",\"image\":{\"@type\":\"ImageObject\",\"inLanguage\":\"es\",\"@id\":\"https:\/\/www.sonoraenequipo.com.mx\/#\/schema\/person\/image\/\",\"url\":\"https:\/\/secure.gravatar.com\/avatar\/049821681b589dabc0bc20695993ccebb09f5b5d4d790cd9251b97faac7c652b?s=96&d=blank&r=g\",\"contentUrl\":\"https:\/\/secure.gravatar.com\/avatar\/049821681b589dabc0bc20695993ccebb09f5b5d4d790cd9251b97faac7c652b?s=96&d=blank&r=g\",\"caption\":\"enequipo\"},\"sameAs\":[\"https:\/\/www.facebook.com\/SonoraEE\"]}]}<\/script>\n ","yoast_head_json":{"title":"Sonora en Equipo. Se registraron 919 contagios y 15 muertes por Coronavirus en M\u00e9xico este 2703.2022 Rep\u00fablica","description":"CIUDAD DE M\u00c9XICO. MX. \u2014 La Secretar\u00eda de Salud (SSa) dio a conocer las cifras actualizadas sobre el avance la pandemia de COVID-19 en el pa\u00eds. Hasta las En Sonora en Equipo publicamos toda la informaci\u00f3n de Sonora, M\u00e9xico y el Mundo de manera oportuna y busca que la libertad de expresi\u00f3n sea real. Visita nuestro medio informativo publicado desde Hermosillo, Sonora. %","robots":{"index":"index","follow":"follow","max-snippet":"max-snippet:-1","max-image-preview":"max-image-preview:large","max-video-preview":"max-video-preview:-1"},"canonical":"https:\/\/www.sonoraenequipo.com.mx\/se-registraron-919-contagios-y-15-muertes-por-coronavirus-en-mexico-este-2703-2022\/","og_locale":"es_ES","og_type":"article","og_title":"Sonora en Equipo. Se registraron 919 contagios y 15 muertes por Coronavirus en M\u00e9xico este 2703.2022 Rep\u00fablica","og_description":"CIUDAD DE M\u00c9XICO. MX. \u2014 La Secretar\u00eda de Salud (SSa) dio a conocer las cifras actualizadas sobre el avance la pandemia de COVID-19 en el pa\u00eds. Hasta las En Sonora en Equipo publicamos toda la informaci\u00f3n de Sonora, M\u00e9xico y el Mundo de manera oportuna y busca que la libertad de expresi\u00f3n sea real. Visita nuestro medio informativo publicado desde Hermosillo, Sonora. %","og_url":"https:\/\/www.sonoraenequipo.com.mx\/se-registraron-919-contagios-y-15-muertes-por-coronavirus-en-mexico-este-2703-2022\/","og_site_name":"Sonora en Equipo.","article_publisher":"https:\/\/www.facebook.com\/SonoraEE\/","article_author":"https:\/\/www.facebook.com\/SonoraEE","article_published_time":"2022-03-28T02:15:48+00:00","article_modified_time":"2022-03-28T06:22:53+00:00","og_image":[{"width":700,"height":400,"url":"https:\/\/www.sonoraenequipo.com.mx\/storage\/2022\/03\/coronavirus-en-mexico_opt.jpg","type":"image\/jpeg"}],"author":"enequipo","twitter_card":"summary_large_image","twitter_creator":"@sonoraenequipo","twitter_site":"@sonoraenequipo","twitter_misc":{"Escrito por":"enequipo","Tiempo de lectura":"3 minutos"},"schema":{"@context":"https:\/\/schema.org","@graph":[{"@type":"Article","@id":"https:\/\/www.sonoraenequipo.com.mx\/se-registraron-919-contagios-y-15-muertes-por-coronavirus-en-mexico-este-2703-2022\/#article","isPartOf":{"@id":"https:\/\/www.sonoraenequipo.com.mx\/se-registraron-919-contagios-y-15-muertes-por-coronavirus-en-mexico-este-2703-2022\/"},"author":{"name":"enequipo","@id":"https:\/\/www.sonoraenequipo.com.mx\/#\/schema\/person\/50102df0fb23a8fa9e8effad8fa81386"},"headline":"Se registraron 919 contagios y 15 muertes por Coronavirus en M\u00e9xico este 2703.2022","datePublished":"2022-03-28T02:15:48+00:00","dateModified":"2022-03-28T06:22:53+00:00","mainEntityOfPage":{"@id":"https:\/\/www.sonoraenequipo.com.mx\/se-registraron-919-contagios-y-15-muertes-por-coronavirus-en-mexico-este-2703-2022\/"},"wordCount":548,"commentCount":0,"publisher":{"@id":"https:\/\/www.sonoraenequipo.com.mx\/#organization"},"image":{"@id":"https:\/\/www.sonoraenequipo.com.mx\/se-registraron-919-contagios-y-15-muertes-por-coronavirus-en-mexico-este-2703-2022\/#primaryimage"},"thumbnailUrl":"https:\/\/www.sonoraenequipo.com.mx\/storage\/2022\/03\/coronavirus-en-mexico_opt.jpg","articleSection":["Rep\u00fablica"],"inLanguage":"es","potentialAction":[{"@type":"CommentAction","name":"Comment","target":["https:\/\/www.sonoraenequipo.com.mx\/se-registraron-919-contagios-y-15-muertes-por-coronavirus-en-mexico-este-2703-2022\/#respond"]}]},{"@type":"WebPage","@id":"https:\/\/www.sonoraenequipo.com.mx\/se-registraron-919-contagios-y-15-muertes-por-coronavirus-en-mexico-este-2703-2022\/","url":"https:\/\/www.sonoraenequipo.com.mx\/se-registraron-919-contagios-y-15-muertes-por-coronavirus-en-mexico-este-2703-2022\/","name":"Sonora en Equipo. Se registraron 919 contagios y 15 muertes por Coronavirus en M\u00e9xico este 2703.2022 Rep\u00fablica","isPartOf":{"@id":"https:\/\/www.sonoraenequipo.com.mx\/#website"},"primaryImageOfPage":{"@id":"https:\/\/www.sonoraenequipo.com.mx\/se-registraron-919-contagios-y-15-muertes-por-coronavirus-en-mexico-este-2703-2022\/#primaryimage"},"image":{"@id":"https:\/\/www.sonoraenequipo.com.mx\/se-registraron-919-contagios-y-15-muertes-por-coronavirus-en-mexico-este-2703-2022\/#primaryimage"},"thumbnailUrl":"https:\/\/www.sonoraenequipo.com.mx\/storage\/2022\/03\/coronavirus-en-mexico_opt.jpg","datePublished":"2022-03-28T02:15:48+00:00","dateModified":"2022-03-28T06:22:53+00:00","description":"CIUDAD DE M\u00c9XICO. MX. \u2014 La Secretar\u00eda de Salud (SSa) dio a conocer las cifras actualizadas sobre el avance la pandemia de COVID-19 en el pa\u00eds. Hasta las En Sonora en Equipo publicamos toda la informaci\u00f3n de Sonora, M\u00e9xico y el Mundo de manera oportuna y busca que la libertad de expresi\u00f3n sea real. Visita nuestro medio informativo publicado desde Hermosillo, Sonora. %","breadcrumb":{"@id":"https:\/\/www.sonoraenequipo.com.mx\/se-registraron-919-contagios-y-15-muertes-por-coronavirus-en-mexico-este-2703-2022\/#breadcrumb"},"inLanguage":"es","potentialAction":[{"@type":"ReadAction","target":["https:\/\/www.sonoraenequipo.com.mx\/se-registraron-919-contagios-y-15-muertes-por-coronavirus-en-mexico-este-2703-2022\/"]}]},{"@type":"ImageObject","inLanguage":"es","@id":"https:\/\/www.sonoraenequipo.com.mx\/se-registraron-919-contagios-y-15-muertes-por-coronavirus-en-mexico-este-2703-2022\/#primaryimage","url":"https:\/\/www.sonoraenequipo.com.mx\/storage\/2022\/03\/coronavirus-en-mexico_opt.jpg","contentUrl":"https:\/\/www.sonoraenequipo.com.mx\/storage\/2022\/03\/coronavirus-en-mexico_opt.jpg","width":700,"height":400},{"@type":"BreadcrumbList","@id":"https:\/\/www.sonoraenequipo.com.mx\/se-registraron-919-contagios-y-15-muertes-por-coronavirus-en-mexico-este-2703-2022\/#breadcrumb","itemListElement":[{"@type":"ListItem","position":1,"name":"Portada","item":"https:\/\/www.sonoraenequipo.com.mx\/"},{"@type":"ListItem","position":2,"name":"Se registraron 919 contagios y 15 muertes por Coronavirus en M\u00e9xico este 2703.2022"}]},{"@type":"WebSite","@id":"https:\/\/www.sonoraenequipo.com.mx\/#website","url":"https:\/\/www.sonoraenequipo.com.mx\/","name":"Sonora en Equipo.","description":"Diario en l\u00ednea con Noticias desde Hermosillo, Sonora","publisher":{"@id":"https:\/\/www.sonoraenequipo.com.mx\/#organization"},"potentialAction":[{"@type":"SearchAction","target":{"@type":"EntryPoint","urlTemplate":"https:\/\/www.sonoraenequipo.com.mx\/?s={search_term_string}"},"query-input":{"@type":"PropertyValueSpecification","valueRequired":true,"valueName":"search_term_string"}}],"inLanguage":"es"},{"@type":"Organization","@id":"https:\/\/www.sonoraenequipo.com.mx\/#organization","name":"Sonoraenequipo.com.mx","url":"https:\/\/www.sonoraenequipo.com.mx\/","logo":{"@type":"ImageObject","inLanguage":"es","@id":"https:\/\/www.sonoraenequipo.com.mx\/#\/schema\/logo\/image\/","url":"https:\/\/www.sonoraenequipo.com.mx\/storage\/2019\/01\/sonoraenequipo_opt.png","contentUrl":"https:\/\/www.sonoraenequipo.com.mx\/storage\/2019\/01\/sonoraenequipo_opt.png","width":375,"height":125,"caption":"Sonoraenequipo.com.mx"},"image":{"@id":"https:\/\/www.sonoraenequipo.com.mx\/#\/schema\/logo\/image\/"},"sameAs":["https:\/\/www.facebook.com\/SonoraEE\/","https:\/\/x.com\/sonoraenequipo","https:\/\/www.youtube.com\/channel\/UC338nW-lPEYmJQs4ZABQ1SQ"]},{"@type":"Person","@id":"https:\/\/www.sonoraenequipo.com.mx\/#\/schema\/person\/50102df0fb23a8fa9e8effad8fa81386","name":"enequipo","image":{"@type":"ImageObject","inLanguage":"es","@id":"https:\/\/www.sonoraenequipo.com.mx\/#\/schema\/person\/image\/","url":"https:\/\/secure.gravatar.com\/avatar\/049821681b589dabc0bc20695993ccebb09f5b5d4d790cd9251b97faac7c652b?s=96&d=blank&r=g","contentUrl":"https:\/\/secure.gravatar.com\/avatar\/049821681b589dabc0bc20695993ccebb09f5b5d4d790cd9251b97faac7c652b?s=96&d=blank&r=g","caption":"enequipo"},"sameAs":["https:\/\/www.facebook.com\/SonoraEE"]}]}},"jetpack_featured_media_url":"https:\/\/www.sonoraenequipo.com.mx\/storage\/2022\/03\/coronavirus-en-mexico_opt.jpg","_links":{"self":[{"href":"https:\/\/www.sonoraenequipo.com.mx\/api\/wp\/v2\/posts\/135774","targetHints":{"allow":["GET"]}}],"collection":[{"href":"https:\/\/www.sonoraenequipo.com.mx\/api\/wp\/v2\/posts"}],"about":[{"href":"https:\/\/www.sonoraenequipo.com.mx\/api\/wp\/v2\/types\/post"}],"author":[{"embeddable":true,"href":"https:\/\/www.sonoraenequipo.com.mx\/api\/wp\/v2\/users\/1"}],"replies":[{"embeddable":true,"href":"https:\/\/www.sonoraenequipo.com.mx\/api\/wp\/v2\/comments?post=135774"}],"version-history":[{"count":1,"href":"https:\/\/www.sonoraenequipo.com.mx\/api\/wp\/v2\/posts\/135774\/revisions"}],"predecessor-version":[{"id":135781,"href":"https:\/\/www.sonoraenequipo.com.mx\/api\/wp\/v2\/posts\/135774\/revisions\/135781"}],"wp:featuredmedia":[{"embeddable":true,"href":"https:\/\/www.sonoraenequipo.com.mx\/api\/wp\/v2\/media\/135777"}],"wp:attachment":[{"href":"https:\/\/www.sonoraenequipo.com.mx\/api\/wp\/v2\/media?parent=135774"}],"wp:term":[{"taxonomy":"category","embeddable":true,"href":"https:\/\/www.sonoraenequipo.com.mx\/api\/wp\/v2\/categories?post=135774"},{"taxonomy":"post_tag","embeddable":true,"href":"https:\/\/www.sonoraenequipo.com.mx\/api\/wp\/v2\/tags?post=135774"}],"curies":[{"name":"wp","href":"https:\/\/api.w.org\/{rel}","templated":true}]}}