{"id":135782,"date":"2022-03-27T16:25:45","date_gmt":"2022-03-27T23:25:45","guid":{"rendered":"https:\/\/www.sonoraenequipo.com.mx\/?p=135782"},"modified":"2022-03-27T23:35:41","modified_gmt":"2022-03-28T06:35:41","slug":"preve-tepjf-declarar-inconstitucional-decreto-sobre-propaganda","status":"publish","type":"post","link":"https:\/\/www.sonoraenequipo.com.mx\/preve-tepjf-declarar-inconstitucional-decreto-sobre-propaganda\/","title":{"rendered":"Prev\u00e9 TEPJF declarar inconstitucional decreto sobre propaganda"},"content":{"rendered":"<p><strong>CIUDAD DE M\u00c9XICO. MX. \u2014<\/strong> El Tribunal Electoral del Poder Judicial de la Federaci\u00f3n (TEPJF) se apresta a declarar inconstitucional el decreto aprobado por el Congreso sobre la \u201cinterpretaci\u00f3n aut\u00e9ntica\u201d de los alcances de la propaganda gubernamental en el proceso de revocaci\u00f3n de mandato. El proyecto del magistrado Felipe de la Mata subraya que \u201ces evidente que con el Decreto de interpretaci\u00f3n aut\u00e9ntica, el legislador desbord\u00f3 el mandato recogido por la propia Constituci\u00f3n en su art\u00edculo 35\u201d.<\/p>\n<p>&nbsp;<\/p>\n<p> <\/p>\n<p>&nbsp;<\/p>\n<p>&nbsp;<\/p>\n<p>En el documento relacionado con el recurso promovido por Morena en contra las medidas cautelares adoptadas por la Comisi\u00f3n de Quejas y Denuncias del Instituto Nacional Electoral (INE) por la difusi\u00f3n de un pronunciamiento de los gobernadores emanados de Morena respaldando la gesti\u00f3n del presidente Andr\u00e9s Manuel L\u00f3pez Obrador, se confirma la decisi\u00f3n del organismo en cuanto la ilegalidad de pronunciamientos de funcionarios p\u00fablicos en periodo de veda electoral por la revocaci\u00f3n de mandato.<\/p>\n<p>&nbsp;<\/p>\n<p>&nbsp;<\/p>\n<p>Al hacer referencia al decreto aprobado, promovido por el diputado morenista Sergio Guti\u00e9rrez Luna, el proyecto del magistrado hace expl\u00edcito que violenta la Constituci\u00f3n y subraya que: \u201ccomo ya se evidenci\u00f3, no reconoce que la propaganda gubernamental pueda ser difundida durante la revocaci\u00f3n de mandato en atenci\u00f3n a la fuente de la cual emana.<\/p>\n<p>&nbsp;<\/p>\n<p><em>\u201cEn este sentido, es irrefutable que lo realizado por el legislador no fue un mero ejercicio interpretativo que buscara aclarar, ante la duda y\/o las posibles significaciones, el sentido de los textos legislativos materia del Decreto de interpretaci\u00f3n aut\u00e9ntica en lo relativo a qui\u00e9n aplica la prohibici\u00f3n de difusi\u00f3n de propaganda gubernamental durante el proceso de revocaci\u00f3n de mandato\u201d.<\/em><\/p>\n<p>&nbsp;<\/p>\n<p>&nbsp;<\/p>\n<p>Mas adelante, el proyecto que deber\u00e1 resolver en sesi\u00f3n privada los magistrados del TEPJF subraya que \u201c<strong><em>la interpretaci\u00f3n aut\u00e9ntica no puede ser contraria al texto constitucional. Visto lo anterior, debe tenerse en cuenta que la prohibici\u00f3n general de difusi\u00f3n de propaganda gubernamental durante el periodo de revocaci\u00f3n de mandato que va desde la convocatoria hasta la conclusi\u00f3n de la jornada, es de raigambre constitucional\u201d.<\/em><\/strong><\/p>\n<p>&nbsp;<\/p>\n<p>&nbsp;<\/p>\n<p>De la Mata recuerda en su documento que las reglas electorales no pueden ser modificadas sobre la marcha de un proceso electoral, pues el art\u00edculo 105 constitucional dispone expresamente que en su caso deben modificarse por lo menos 90 d\u00edas antes de iniciado el proceso, lo cual no ocurri\u00f3 con el mencionado decreto, por lo que no puede ser aplicable para la revocaci\u00f3n de mandato.<\/p>\n<p>&nbsp;<\/p>\n<p>&nbsp;<\/p>\n<p>En los hechos, destaca, el decreto modifica <strong><em>\u201cun aspecto fundamental del modelo de comunicaci\u00f3n pol\u00edtico que rige a este ejercicio de democracia directa\u201d. <\/em><\/strong>EL proyecto agrega que<strong><em> \u201cal pretender hacer una \u201cinterpretaci\u00f3n aut\u00e9ntica\u201d del concepto de propaganda gubernamental, el legislador transgredi\u00f3 los dos l\u00edmites que el TEPJF y la jurisprudencia de la Suprema Corte de Justicia de la Naci\u00f3n ha establecido para esta acci\u00f3n legisla<\/em><\/strong><em>ti<\/em><em>va\u201d<\/em><\/p>\n<p>&nbsp;<\/p>\n<p>Para De la Mata, <em><strong>\u201cel t\u00e9rmino \u201cpropaganda gubernamental\u201d<\/strong><\/em> no presenta, desde el punto de vista estrictamente sem\u00e1ntico, alguna duda que sea necesario disipar en torno a qui\u00e9n puede emitirla, pues precisamente el mismo contexto en el cual se inserta aclara, indubitablemente, que opera en relaci\u00f3n con cualquier orden de gobierno, y para cualquier poder p\u00fablico, \u00f3rgano aut\u00f3nomo, dependencia, entidad de la administraci\u00f3n p\u00fablica y cualquier otro ente de los tres \u00f3rdenes de gobierno.<\/p>\n<p>&nbsp;<\/p>\n<p>&nbsp;<\/p>\n<p><em><strong>\u201cEn este sentido, es incuestionable que al establecer que dentro del campo sem\u00e1ntico del concepto \u201cpropaganda gubernamental\u201d no est\u00e1n incluidas las expresiones emitidas por los servidores p\u00fablicos, no se est\u00e1 aclarando su contenido, sino estableciendo una excepci\u00f3n ajena a su literalidad\u201d.<\/strong><\/em><\/p>\n<p>&nbsp;<\/p>\n<p>&nbsp;<\/p>\n<p>(Publicada el 27\/03\/2022)<\/p>\n","protected":false},"excerpt":{"rendered":"<p>CIUDAD DE M\u00c9XICO. MX. \u2014 El Tribunal Electoral del Poder Judicial de la Federaci\u00f3n (TEPJF)&#8230;<\/p>\n","protected":false},"author":1,"featured_media":135780,"comment_status":"open","ping_status":"open","sticky":false,"template":"","format":"standard","meta":{"_monsterinsights_skip_tracking":false,"_monsterinsights_sitenote_active":false,"_monsterinsights_sitenote_note":"","_monsterinsights_sitenote_category":0,"footnotes":""},"categories":[5],"tags":[],"class_list":["post"],"yoast_head":" \n<title>Sonora en Equipo. Prev\u00e9 TEPJF declarar inconstitucional decreto sobre propaganda Rep\u00fablica<\/title>\n<meta name=\"description\" content=\"CIUDAD DE M\u00c9XICO. MX. \u2014 El Tribunal Electoral del Poder Judicial de la Federaci\u00f3n (TEPJF) se apresta a declarar inconstitucional el decreto aprobado por En Sonora en Equipo publicamos toda la informaci\u00f3n de Sonora, M\u00e9xico y el Mundo de manera oportuna y busca que la libertad de expresi\u00f3n sea real. Visita nuestro medio informativo publicado desde Hermosillo, Sonora. %\" \/>\n<meta name=\"robots\" content=\"index, follow, max-snippet:-1, max-image-preview:large, max-video-preview:-1\" \/>\n<link rel=\"canonical\" href=\"https:\/\/www.sonoraenequipo.com.mx\/preve-tepjf-declarar-inconstitucional-decreto-sobre-propaganda\/\" \/>\n<meta property=\"og:locale\" content=\"es_ES\" \/>\n<meta property=\"og:type\" content=\"article\" \/>\n<meta property=\"og:title\" content=\"Sonora en Equipo. Prev\u00e9 TEPJF declarar inconstitucional decreto sobre propaganda Rep\u00fablica\" \/>\n<meta property=\"og:description\" content=\"CIUDAD DE M\u00c9XICO. MX. \u2014 El Tribunal Electoral del Poder Judicial de la Federaci\u00f3n (TEPJF) se apresta a declarar inconstitucional el decreto aprobado por En Sonora en Equipo publicamos toda la informaci\u00f3n de Sonora, M\u00e9xico y el Mundo de manera oportuna y busca que la libertad de expresi\u00f3n sea real. Visita nuestro medio informativo publicado desde Hermosillo, Sonora. %\" \/>\n<meta property=\"og:url\" content=\"https:\/\/www.sonoraenequipo.com.mx\/preve-tepjf-declarar-inconstitucional-decreto-sobre-propaganda\/\" \/>\n<meta property=\"og:site_name\" content=\"Sonora en Equipo.\" \/>\n<meta property=\"article:publisher\" content=\"https:\/\/www.facebook.com\/SonoraEE\/\" \/>\n<meta property=\"article:author\" content=\"https:\/\/www.facebook.com\/SonoraEE\" \/>\n<meta property=\"article:published_time\" content=\"2022-03-27T23:25:45+00:00\" \/>\n<meta property=\"article:modified_time\" content=\"2022-03-28T06:35:41+00:00\" \/>\n<meta property=\"og:image\" content=\"https:\/\/www.sonoraenequipo.com.mx\/storage\/2022\/03\/TEPJF-propone-pausar-el-decretazo-de-revocacion-de-mandato_opt.jpg\" \/>\n\t<meta property=\"og:image:width\" content=\"700\" \/>\n\t<meta property=\"og:image:height\" content=\"400\" \/>\n\t<meta property=\"og:image:type\" content=\"image\/jpeg\" \/>\n<meta name=\"author\" content=\"enequipo\" \/>\n<meta name=\"twitter:card\" content=\"summary_large_image\" \/>\n<meta name=\"twitter:creator\" content=\"@sonoraenequipo\" \/>\n<meta name=\"twitter:site\" content=\"@sonoraenequipo\" \/>\n<meta name=\"twitter:label1\" content=\"Escrito por\" \/>\n\t<meta name=\"twitter:data1\" content=\"enequipo\" \/>\n\t<meta name=\"twitter:label2\" content=\"Tiempo de lectura\" \/>\n\t<meta name=\"twitter:data2\" content=\"3 minutos\" \/>\n<script type=\"application\/ld+json\" class=\"yoast-schema-graph\">{\"@context\":\"https:\/\/schema.org\",\"@graph\":[{\"@type\":\"Article\",\"@id\":\"https:\/\/www.sonoraenequipo.com.mx\/preve-tepjf-declarar-inconstitucional-decreto-sobre-propaganda\/#article\",\"isPartOf\":{\"@id\":\"https:\/\/www.sonoraenequipo.com.mx\/preve-tepjf-declarar-inconstitucional-decreto-sobre-propaganda\/\"},\"author\":{\"name\":\"enequipo\",\"@id\":\"https:\/\/www.sonoraenequipo.com.mx\/#\/schema\/person\/50102df0fb23a8fa9e8effad8fa81386\"},\"headline\":\"Prev\u00e9 TEPJF declarar inconstitucional decreto sobre propaganda\",\"datePublished\":\"2022-03-27T23:25:45+00:00\",\"dateModified\":\"2022-03-28T06:35:41+00:00\",\"mainEntityOfPage\":{\"@id\":\"https:\/\/www.sonoraenequipo.com.mx\/preve-tepjf-declarar-inconstitucional-decreto-sobre-propaganda\/\"},\"wordCount\":654,\"commentCount\":0,\"publisher\":{\"@id\":\"https:\/\/www.sonoraenequipo.com.mx\/#organization\"},\"image\":{\"@id\":\"https:\/\/www.sonoraenequipo.com.mx\/preve-tepjf-declarar-inconstitucional-decreto-sobre-propaganda\/#primaryimage\"},\"thumbnailUrl\":\"https:\/\/www.sonoraenequipo.com.mx\/storage\/2022\/03\/TEPJF-propone-pausar-el-decretazo-de-revocacion-de-mandato_opt.jpg\",\"articleSection\":[\"Rep\u00fablica\"],\"inLanguage\":\"es\",\"potentialAction\":[{\"@type\":\"CommentAction\",\"name\":\"Comment\",\"target\":[\"https:\/\/www.sonoraenequipo.com.mx\/preve-tepjf-declarar-inconstitucional-decreto-sobre-propaganda\/#respond\"]}]},{\"@type\":\"WebPage\",\"@id\":\"https:\/\/www.sonoraenequipo.com.mx\/preve-tepjf-declarar-inconstitucional-decreto-sobre-propaganda\/\",\"url\":\"https:\/\/www.sonoraenequipo.com.mx\/preve-tepjf-declarar-inconstitucional-decreto-sobre-propaganda\/\",\"name\":\"Sonora en Equipo. Prev\u00e9 TEPJF declarar inconstitucional decreto sobre propaganda Rep\u00fablica\",\"isPartOf\":{\"@id\":\"https:\/\/www.sonoraenequipo.com.mx\/#website\"},\"primaryImageOfPage\":{\"@id\":\"https:\/\/www.sonoraenequipo.com.mx\/preve-tepjf-declarar-inconstitucional-decreto-sobre-propaganda\/#primaryimage\"},\"image\":{\"@id\":\"https:\/\/www.sonoraenequipo.com.mx\/preve-tepjf-declarar-inconstitucional-decreto-sobre-propaganda\/#primaryimage\"},\"thumbnailUrl\":\"https:\/\/www.sonoraenequipo.com.mx\/storage\/2022\/03\/TEPJF-propone-pausar-el-decretazo-de-revocacion-de-mandato_opt.jpg\",\"datePublished\":\"2022-03-27T23:25:45+00:00\",\"dateModified\":\"2022-03-28T06:35:41+00:00\",\"description\":\"CIUDAD DE M\u00c9XICO. MX. \u2014 El Tribunal Electoral del Poder Judicial de la Federaci\u00f3n (TEPJF) se apresta a declarar inconstitucional el decreto aprobado por En Sonora en Equipo publicamos toda la informaci\u00f3n de Sonora, M\u00e9xico y el Mundo de manera oportuna y busca que la libertad de expresi\u00f3n sea real. Visita nuestro medio informativo publicado desde Hermosillo, Sonora. %\",\"breadcrumb\":{\"@id\":\"https:\/\/www.sonoraenequipo.com.mx\/preve-tepjf-declarar-inconstitucional-decreto-sobre-propaganda\/#breadcrumb\"},\"inLanguage\":\"es\",\"potentialAction\":[{\"@type\":\"ReadAction\",\"target\":[\"https:\/\/www.sonoraenequipo.com.mx\/preve-tepjf-declarar-inconstitucional-decreto-sobre-propaganda\/\"]}]},{\"@type\":\"ImageObject\",\"inLanguage\":\"es\",\"@id\":\"https:\/\/www.sonoraenequipo.com.mx\/preve-tepjf-declarar-inconstitucional-decreto-sobre-propaganda\/#primaryimage\",\"url\":\"https:\/\/www.sonoraenequipo.com.mx\/storage\/2022\/03\/TEPJF-propone-pausar-el-decretazo-de-revocacion-de-mandato_opt.jpg\",\"contentUrl\":\"https:\/\/www.sonoraenequipo.com.mx\/storage\/2022\/03\/TEPJF-propone-pausar-el-decretazo-de-revocacion-de-mandato_opt.jpg\",\"width\":700,\"height\":400},{\"@type\":\"BreadcrumbList\",\"@id\":\"https:\/\/www.sonoraenequipo.com.mx\/preve-tepjf-declarar-inconstitucional-decreto-sobre-propaganda\/#breadcrumb\",\"itemListElement\":[{\"@type\":\"ListItem\",\"position\":1,\"name\":\"Portada\",\"item\":\"https:\/\/www.sonoraenequipo.com.mx\/\"},{\"@type\":\"ListItem\",\"position\":2,\"name\":\"Prev\u00e9 TEPJF declarar inconstitucional decreto sobre propaganda\"}]},{\"@type\":\"WebSite\",\"@id\":\"https:\/\/www.sonoraenequipo.com.mx\/#website\",\"url\":\"https:\/\/www.sonoraenequipo.com.mx\/\",\"name\":\"Sonora en Equipo.\",\"description\":\"Diario en l\u00ednea con Noticias desde Hermosillo, Sonora\",\"publisher\":{\"@id\":\"https:\/\/www.sonoraenequipo.com.mx\/#organization\"},\"potentialAction\":[{\"@type\":\"SearchAction\",\"target\":{\"@type\":\"EntryPoint\",\"urlTemplate\":\"https:\/\/www.sonoraenequipo.com.mx\/?s={search_term_string}\"},\"query-input\":{\"@type\":\"PropertyValueSpecification\",\"valueRequired\":true,\"valueName\":\"search_term_string\"}}],\"inLanguage\":\"es\"},{\"@type\":\"Organization\",\"@id\":\"https:\/\/www.sonoraenequipo.com.mx\/#organization\",\"name\":\"Sonoraenequipo.com.mx\",\"url\":\"https:\/\/www.sonoraenequipo.com.mx\/\",\"logo\":{\"@type\":\"ImageObject\",\"inLanguage\":\"es\",\"@id\":\"https:\/\/www.sonoraenequipo.com.mx\/#\/schema\/logo\/image\/\",\"url\":\"https:\/\/www.sonoraenequipo.com.mx\/storage\/2019\/01\/sonoraenequipo_opt.png\",\"contentUrl\":\"https:\/\/www.sonoraenequipo.com.mx\/storage\/2019\/01\/sonoraenequipo_opt.png\",\"width\":375,\"height\":125,\"caption\":\"Sonoraenequipo.com.mx\"},\"image\":{\"@id\":\"https:\/\/www.sonoraenequipo.com.mx\/#\/schema\/logo\/image\/\"},\"sameAs\":[\"https:\/\/www.facebook.com\/SonoraEE\/\",\"https:\/\/x.com\/sonoraenequipo\",\"https:\/\/www.youtube.com\/channel\/UC338nW-lPEYmJQs4ZABQ1SQ\"]},{\"@type\":\"Person\",\"@id\":\"https:\/\/www.sonoraenequipo.com.mx\/#\/schema\/person\/50102df0fb23a8fa9e8effad8fa81386\",\"name\":\"enequipo\",\"image\":{\"@type\":\"ImageObject\",\"inLanguage\":\"es\",\"@id\":\"https:\/\/www.sonoraenequipo.com.mx\/#\/schema\/person\/image\/\",\"url\":\"https:\/\/secure.gravatar.com\/avatar\/049821681b589dabc0bc20695993ccebb09f5b5d4d790cd9251b97faac7c652b?s=96&d=blank&r=g\",\"contentUrl\":\"https:\/\/secure.gravatar.com\/avatar\/049821681b589dabc0bc20695993ccebb09f5b5d4d790cd9251b97faac7c652b?s=96&d=blank&r=g\",\"caption\":\"enequipo\"},\"sameAs\":[\"https:\/\/www.facebook.com\/SonoraEE\"]}]}<\/script>\n ","yoast_head_json":{"title":"Sonora en Equipo. Prev\u00e9 TEPJF declarar inconstitucional decreto sobre propaganda Rep\u00fablica","description":"CIUDAD DE M\u00c9XICO. MX. \u2014 El Tribunal Electoral del Poder Judicial de la Federaci\u00f3n (TEPJF) se apresta a declarar inconstitucional el decreto aprobado por En Sonora en Equipo publicamos toda la informaci\u00f3n de Sonora, M\u00e9xico y el Mundo de manera oportuna y busca que la libertad de expresi\u00f3n sea real. Visita nuestro medio informativo publicado desde Hermosillo, Sonora. %","robots":{"index":"index","follow":"follow","max-snippet":"max-snippet:-1","max-image-preview":"max-image-preview:large","max-video-preview":"max-video-preview:-1"},"canonical":"https:\/\/www.sonoraenequipo.com.mx\/preve-tepjf-declarar-inconstitucional-decreto-sobre-propaganda\/","og_locale":"es_ES","og_type":"article","og_title":"Sonora en Equipo. Prev\u00e9 TEPJF declarar inconstitucional decreto sobre propaganda Rep\u00fablica","og_description":"CIUDAD DE M\u00c9XICO. MX. \u2014 El Tribunal Electoral del Poder Judicial de la Federaci\u00f3n (TEPJF) se apresta a declarar inconstitucional el decreto aprobado por En Sonora en Equipo publicamos toda la informaci\u00f3n de Sonora, M\u00e9xico y el Mundo de manera oportuna y busca que la libertad de expresi\u00f3n sea real. Visita nuestro medio informativo publicado desde Hermosillo, Sonora. %","og_url":"https:\/\/www.sonoraenequipo.com.mx\/preve-tepjf-declarar-inconstitucional-decreto-sobre-propaganda\/","og_site_name":"Sonora en Equipo.","article_publisher":"https:\/\/www.facebook.com\/SonoraEE\/","article_author":"https:\/\/www.facebook.com\/SonoraEE","article_published_time":"2022-03-27T23:25:45+00:00","article_modified_time":"2022-03-28T06:35:41+00:00","og_image":[{"width":700,"height":400,"url":"https:\/\/www.sonoraenequipo.com.mx\/storage\/2022\/03\/TEPJF-propone-pausar-el-decretazo-de-revocacion-de-mandato_opt.jpg","type":"image\/jpeg"}],"author":"enequipo","twitter_card":"summary_large_image","twitter_creator":"@sonoraenequipo","twitter_site":"@sonoraenequipo","twitter_misc":{"Escrito por":"enequipo","Tiempo de lectura":"3 minutos"},"schema":{"@context":"https:\/\/schema.org","@graph":[{"@type":"Article","@id":"https:\/\/www.sonoraenequipo.com.mx\/preve-tepjf-declarar-inconstitucional-decreto-sobre-propaganda\/#article","isPartOf":{"@id":"https:\/\/www.sonoraenequipo.com.mx\/preve-tepjf-declarar-inconstitucional-decreto-sobre-propaganda\/"},"author":{"name":"enequipo","@id":"https:\/\/www.sonoraenequipo.com.mx\/#\/schema\/person\/50102df0fb23a8fa9e8effad8fa81386"},"headline":"Prev\u00e9 TEPJF declarar inconstitucional decreto sobre propaganda","datePublished":"2022-03-27T23:25:45+00:00","dateModified":"2022-03-28T06:35:41+00:00","mainEntityOfPage":{"@id":"https:\/\/www.sonoraenequipo.com.mx\/preve-tepjf-declarar-inconstitucional-decreto-sobre-propaganda\/"},"wordCount":654,"commentCount":0,"publisher":{"@id":"https:\/\/www.sonoraenequipo.com.mx\/#organization"},"image":{"@id":"https:\/\/www.sonoraenequipo.com.mx\/preve-tepjf-declarar-inconstitucional-decreto-sobre-propaganda\/#primaryimage"},"thumbnailUrl":"https:\/\/www.sonoraenequipo.com.mx\/storage\/2022\/03\/TEPJF-propone-pausar-el-decretazo-de-revocacion-de-mandato_opt.jpg","articleSection":["Rep\u00fablica"],"inLanguage":"es","potentialAction":[{"@type":"CommentAction","name":"Comment","target":["https:\/\/www.sonoraenequipo.com.mx\/preve-tepjf-declarar-inconstitucional-decreto-sobre-propaganda\/#respond"]}]},{"@type":"WebPage","@id":"https:\/\/www.sonoraenequipo.com.mx\/preve-tepjf-declarar-inconstitucional-decreto-sobre-propaganda\/","url":"https:\/\/www.sonoraenequipo.com.mx\/preve-tepjf-declarar-inconstitucional-decreto-sobre-propaganda\/","name":"Sonora en Equipo. Prev\u00e9 TEPJF declarar inconstitucional decreto sobre propaganda Rep\u00fablica","isPartOf":{"@id":"https:\/\/www.sonoraenequipo.com.mx\/#website"},"primaryImageOfPage":{"@id":"https:\/\/www.sonoraenequipo.com.mx\/preve-tepjf-declarar-inconstitucional-decreto-sobre-propaganda\/#primaryimage"},"image":{"@id":"https:\/\/www.sonoraenequipo.com.mx\/preve-tepjf-declarar-inconstitucional-decreto-sobre-propaganda\/#primaryimage"},"thumbnailUrl":"https:\/\/www.sonoraenequipo.com.mx\/storage\/2022\/03\/TEPJF-propone-pausar-el-decretazo-de-revocacion-de-mandato_opt.jpg","datePublished":"2022-03-27T23:25:45+00:00","dateModified":"2022-03-28T06:35:41+00:00","description":"CIUDAD DE M\u00c9XICO. MX. \u2014 El Tribunal Electoral del Poder Judicial de la Federaci\u00f3n (TEPJF) se apresta a declarar inconstitucional el decreto aprobado por En Sonora en Equipo publicamos toda la informaci\u00f3n de Sonora, M\u00e9xico y el Mundo de manera oportuna y busca que la libertad de expresi\u00f3n sea real. Visita nuestro medio informativo publicado desde Hermosillo, Sonora. %","breadcrumb":{"@id":"https:\/\/www.sonoraenequipo.com.mx\/preve-tepjf-declarar-inconstitucional-decreto-sobre-propaganda\/#breadcrumb"},"inLanguage":"es","potentialAction":[{"@type":"ReadAction","target":["https:\/\/www.sonoraenequipo.com.mx\/preve-tepjf-declarar-inconstitucional-decreto-sobre-propaganda\/"]}]},{"@type":"ImageObject","inLanguage":"es","@id":"https:\/\/www.sonoraenequipo.com.mx\/preve-tepjf-declarar-inconstitucional-decreto-sobre-propaganda\/#primaryimage","url":"https:\/\/www.sonoraenequipo.com.mx\/storage\/2022\/03\/TEPJF-propone-pausar-el-decretazo-de-revocacion-de-mandato_opt.jpg","contentUrl":"https:\/\/www.sonoraenequipo.com.mx\/storage\/2022\/03\/TEPJF-propone-pausar-el-decretazo-de-revocacion-de-mandato_opt.jpg","width":700,"height":400},{"@type":"BreadcrumbList","@id":"https:\/\/www.sonoraenequipo.com.mx\/preve-tepjf-declarar-inconstitucional-decreto-sobre-propaganda\/#breadcrumb","itemListElement":[{"@type":"ListItem","position":1,"name":"Portada","item":"https:\/\/www.sonoraenequipo.com.mx\/"},{"@type":"ListItem","position":2,"name":"Prev\u00e9 TEPJF declarar inconstitucional decreto sobre propaganda"}]},{"@type":"WebSite","@id":"https:\/\/www.sonoraenequipo.com.mx\/#website","url":"https:\/\/www.sonoraenequipo.com.mx\/","name":"Sonora en Equipo.","description":"Diario en l\u00ednea con Noticias desde Hermosillo, Sonora","publisher":{"@id":"https:\/\/www.sonoraenequipo.com.mx\/#organization"},"potentialAction":[{"@type":"SearchAction","target":{"@type":"EntryPoint","urlTemplate":"https:\/\/www.sonoraenequipo.com.mx\/?s={search_term_string}"},"query-input":{"@type":"PropertyValueSpecification","valueRequired":true,"valueName":"search_term_string"}}],"inLanguage":"es"},{"@type":"Organization","@id":"https:\/\/www.sonoraenequipo.com.mx\/#organization","name":"Sonoraenequipo.com.mx","url":"https:\/\/www.sonoraenequipo.com.mx\/","logo":{"@type":"ImageObject","inLanguage":"es","@id":"https:\/\/www.sonoraenequipo.com.mx\/#\/schema\/logo\/image\/","url":"https:\/\/www.sonoraenequipo.com.mx\/storage\/2019\/01\/sonoraenequipo_opt.png","contentUrl":"https:\/\/www.sonoraenequipo.com.mx\/storage\/2019\/01\/sonoraenequipo_opt.png","width":375,"height":125,"caption":"Sonoraenequipo.com.mx"},"image":{"@id":"https:\/\/www.sonoraenequipo.com.mx\/#\/schema\/logo\/image\/"},"sameAs":["https:\/\/www.facebook.com\/SonoraEE\/","https:\/\/x.com\/sonoraenequipo","https:\/\/www.youtube.com\/channel\/UC338nW-lPEYmJQs4ZABQ1SQ"]},{"@type":"Person","@id":"https:\/\/www.sonoraenequipo.com.mx\/#\/schema\/person\/50102df0fb23a8fa9e8effad8fa81386","name":"enequipo","image":{"@type":"ImageObject","inLanguage":"es","@id":"https:\/\/www.sonoraenequipo.com.mx\/#\/schema\/person\/image\/","url":"https:\/\/secure.gravatar.com\/avatar\/049821681b589dabc0bc20695993ccebb09f5b5d4d790cd9251b97faac7c652b?s=96&d=blank&r=g","contentUrl":"https:\/\/secure.gravatar.com\/avatar\/049821681b589dabc0bc20695993ccebb09f5b5d4d790cd9251b97faac7c652b?s=96&d=blank&r=g","caption":"enequipo"},"sameAs":["https:\/\/www.facebook.com\/SonoraEE"]}]}},"jetpack_featured_media_url":"https:\/\/www.sonoraenequipo.com.mx\/storage\/2022\/03\/TEPJF-propone-pausar-el-decretazo-de-revocacion-de-mandato_opt.jpg","_links":{"self":[{"href":"https:\/\/www.sonoraenequipo.com.mx\/api\/wp\/v2\/posts\/135782","targetHints":{"allow":["GET"]}}],"collection":[{"href":"https:\/\/www.sonoraenequipo.com.mx\/api\/wp\/v2\/posts"}],"about":[{"href":"https:\/\/www.sonoraenequipo.com.mx\/api\/wp\/v2\/types\/post"}],"author":[{"embeddable":true,"href":"https:\/\/www.sonoraenequipo.com.mx\/api\/wp\/v2\/users\/1"}],"replies":[{"embeddable":true,"href":"https:\/\/www.sonoraenequipo.com.mx\/api\/wp\/v2\/comments?post=135782"}],"version-history":[{"count":1,"href":"https:\/\/www.sonoraenequipo.com.mx\/api\/wp\/v2\/posts\/135782\/revisions"}],"predecessor-version":[{"id":135783,"href":"https:\/\/www.sonoraenequipo.com.mx\/api\/wp\/v2\/posts\/135782\/revisions\/135783"}],"wp:featuredmedia":[{"embeddable":true,"href":"https:\/\/www.sonoraenequipo.com.mx\/api\/wp\/v2\/media\/135780"}],"wp:attachment":[{"href":"https:\/\/www.sonoraenequipo.com.mx\/api\/wp\/v2\/media?parent=135782"}],"wp:term":[{"taxonomy":"category","embeddable":true,"href":"https:\/\/www.sonoraenequipo.com.mx\/api\/wp\/v2\/categories?post=135782"},{"taxonomy":"post_tag","embeddable":true,"href":"https:\/\/www.sonoraenequipo.com.mx\/api\/wp\/v2\/tags?post=135782"}],"curies":[{"name":"wp","href":"https:\/\/api.w.org\/{rel}","templated":true}]}}