{"id":135787,"date":"2022-03-27T20:16:11","date_gmt":"2022-03-28T03:16:11","guid":{"rendered":"https:\/\/www.sonoraenequipo.com.mx\/?p=135787"},"modified":"2022-03-28T07:54:00","modified_gmt":"2022-03-28T14:54:00","slug":"fentanilo-en-la-mira-de-operativos-de-seguridad-en-sonora","status":"publish","type":"post","link":"https:\/\/www.sonoraenequipo.com.mx\/fentanilo-en-la-mira-de-operativos-de-seguridad-en-sonora\/","title":{"rendered":"Fentanilo, en la mira de operativos de seguridad en Sonora"},"content":{"rendered":"<p><strong>HERMOSILLO, SONORA. MX. \u2014<\/strong> En los enfrentamientos entre las bandas del crimen organizado registrados al norte de Sonora se disputan la plaza para el trasiego de material ilegal, entre ellos destaca el fentanilo. El nuevo opi\u00e1ceo altamente adictivo mantiene un amplio mercado en el sureste de Estados Unidos, por ello esta droga se encuentra en la mira de los operativos federales y estatales.<\/p>\n<p>&nbsp;<\/p>\n<p> <\/p>\n<p>&nbsp;<\/p>\n<p>La Fiscal\u00eda General de la Rep\u00fablica (FGR) comunic\u00f3 que tan s\u00f3lo durante el mes de marzo en Sonora se han decomisado 141 mi 660 pastillas de fentanilo. Seg\u00fan sus operativos de seguridad, el narc\u00f3tico altamente agresivo tiene la ventaja de \u201cclamuflajearse\u201d con medicamentos por su distribuci\u00f3n en pastillas, y sus traficantes han sido detenidos en camino a la frontera de Sonora que colinda con Arizona.<\/p>\n<p>&nbsp;<\/p>\n<p>Francisco Sergio M\u00e9ndez, delegado de la FGR en Sonora, dijo que el fentanilo es una droga de alta lesividad para la salud. Declar\u00f3 que en operativos se han decomisado m\u00e1s de 56 mil tabletas, adem\u00e1s del aseguramiento que se realiz\u00f3 el 10 de marzo en el tramo carretero de San Luis R\u00edo Colorado con una cantidad de 85 mil 629 pastillas.<\/p>\n<p>&nbsp;<\/p>\n<p>&nbsp;<\/p>\n<p><em>\u201cEs f\u00e1cil advertir el tipo de armamento que anda en la calle, es importante sacar esos narc\u00f3tico de las calles donde est\u00e1n siendo consumidos o distribuidos por los diferentes grupos delincuenciales que tienen a Sonora en un estado de preocupaci\u00f3n por su seguridad p\u00fablica\u201d<\/em> expuso el delegado de la FGR frente a medios de comunicaci\u00f3n.<\/p>\n<p>&nbsp;<\/p>\n<p>En los operativos de seguridad se han detenido a decenas de hombres, mujeres y menores de edad traficando esta droga entre su ropa o peque\u00f1as maletas, incluso a otros han ocultado grandes cantidades en camiones de pasajeros o carga. Los detenidos han sido puestos a disposici\u00f3n del Ministerio P\u00fablico por delitos contra la salud en la modalidad de transporte de fentanilo.<\/p>\n<p>&nbsp;<\/p>\n<p>El 10 de marzo, \u00c1ngel \u201cD\u201d y Jos\u00e9 \u201cC\u201d, conductores de un autob\u00fas de pasajeros, fueron detenidos en inmediaciones del tramo carretero Sonoyta-San Luis R\u00edo Colorado. Ah\u00ed, los elementos de seguridad les aseguraron 29 envoltorios que en conjunto conten\u00edan 85 mil 629 pastillas de fentanilo y el veh\u00edculo tipo autob\u00fas.<\/p>\n<p>&nbsp;<\/p>\n<p>El 11 de marzo, Jos\u00e9 \u201cA\u201d fue detenido con mil 82 pastillas de fentanil en un inmueble de la calle M\u00e9rida entre las calles 45 y 46 de la colonia M\u00e9xico en el municipio de San Luis R\u00edo Colorado, ciudad fronteriza con Arizona. El s\u00e1bado 12, en el mismo municipio agentes de la Guardia Nacional aseguraron 949 tabletas de este narc\u00f3tico.<\/p>\n<p>&nbsp;<\/p>\n<p>El 13 de marzo en el puesto militar de Querobabi, elementos de la Secretar\u00eda de la Defensa Nacional (Sedena) detuvieron a Jes\u00fas Francisco \u201cH\u201d y al menor de edad, Eduardo \u201cE\u201d por conducir un autob\u00fas que conten\u00eda 54 mil pastillas de dicho opi\u00e1ceo, ambos fueron puestos a disposici\u00f3n del ministerio p\u00fablico.<\/p>\n<p>&nbsp;<\/p>\n<p>El delegado de la FGR en Sonora, dijo que es la mayor cantidad de fentanilo asegurada en este periodo. A\u00f1adi\u00f3 que tambi\u00e9n se aseguraron m\u00e1s de 40 kilos de diversos narc\u00f3ticos y 89 armas de fuego, 26 armas cortas, 211 cargadores, 21 mil 259 cartuchos, 6 granadas, 61 veh\u00edculos y 16 mil litros de hidrocarburos.<\/p>\n<p>&nbsp;<\/p>\n<p>&nbsp;<\/p>\n<p>(Publicada el 27\/03\/2022 \/Con informaci\u00f3n de Cristina G\u00f3mez Lima )<\/p>\n","protected":false},"excerpt":{"rendered":"<p>HERMOSILLO, SONORA. MX. \u2014 En los enfrentamientos entre las bandas del crimen organizado registrados al&#8230;<\/p>\n","protected":false},"author":1,"featured_media":135776,"comment_status":"open","ping_status":"open","sticky":false,"template":"","format":"standard","meta":{"_monsterinsights_skip_tracking":false,"_monsterinsights_sitenote_active":false,"_monsterinsights_sitenote_note":"","_monsterinsights_sitenote_category":0,"footnotes":""},"categories":[22],"tags":[],"class_list":["post"],"yoast_head":" \n<title>Sonora en Equipo. Fentanilo, en la mira de operativos de seguridad en Sonora Sonora<\/title>\n<meta name=\"description\" content=\"HERMOSILLO, SONORA. MX. \u2014 En los enfrentamientos entre las bandas del crimen organizado registrados al norte de Sonora se disputan la plaza para el En Sonora en Equipo publicamos toda la informaci\u00f3n de Sonora, M\u00e9xico y el Mundo de manera oportuna y busca que la libertad de expresi\u00f3n sea real. Visita nuestro medio informativo publicado desde Hermosillo, Sonora. %\" \/>\n<meta name=\"robots\" content=\"index, follow, max-snippet:-1, max-image-preview:large, max-video-preview:-1\" \/>\n<link rel=\"canonical\" href=\"https:\/\/www.sonoraenequipo.com.mx\/fentanilo-en-la-mira-de-operativos-de-seguridad-en-sonora\/\" \/>\n<meta property=\"og:locale\" content=\"es_ES\" \/>\n<meta property=\"og:type\" content=\"article\" \/>\n<meta property=\"og:title\" content=\"Sonora en Equipo. Fentanilo, en la mira de operativos de seguridad en Sonora Sonora\" \/>\n<meta property=\"og:description\" content=\"HERMOSILLO, SONORA. MX. \u2014 En los enfrentamientos entre las bandas del crimen organizado registrados al norte de Sonora se disputan la plaza para el En Sonora en Equipo publicamos toda la informaci\u00f3n de Sonora, M\u00e9xico y el Mundo de manera oportuna y busca que la libertad de expresi\u00f3n sea real. Visita nuestro medio informativo publicado desde Hermosillo, Sonora. %\" \/>\n<meta property=\"og:url\" content=\"https:\/\/www.sonoraenequipo.com.mx\/fentanilo-en-la-mira-de-operativos-de-seguridad-en-sonora\/\" \/>\n<meta property=\"og:site_name\" content=\"Sonora en Equipo.\" \/>\n<meta property=\"article:publisher\" content=\"https:\/\/www.facebook.com\/SonoraEE\/\" \/>\n<meta property=\"article:author\" content=\"https:\/\/www.facebook.com\/SonoraEE\" \/>\n<meta property=\"article:published_time\" content=\"2022-03-28T03:16:11+00:00\" \/>\n<meta property=\"article:modified_time\" content=\"2022-03-28T14:54:00+00:00\" \/>\n<meta property=\"og:image\" content=\"https:\/\/www.sonoraenequipo.com.mx\/storage\/2022\/03\/decominsan-fentanilo-en-Sonora_opt.jpg\" \/>\n\t<meta property=\"og:image:width\" content=\"700\" \/>\n\t<meta property=\"og:image:height\" content=\"400\" \/>\n\t<meta property=\"og:image:type\" content=\"image\/jpeg\" \/>\n<meta name=\"author\" content=\"enequipo\" \/>\n<meta name=\"twitter:card\" content=\"summary_large_image\" \/>\n<meta name=\"twitter:creator\" content=\"@sonoraenequipo\" \/>\n<meta name=\"twitter:site\" content=\"@sonoraenequipo\" \/>\n<meta name=\"twitter:label1\" content=\"Escrito por\" \/>\n\t<meta name=\"twitter:data1\" content=\"enequipo\" \/>\n\t<meta name=\"twitter:label2\" content=\"Tiempo de lectura\" \/>\n\t<meta name=\"twitter:data2\" content=\"3 minutos\" \/>\n<script type=\"application\/ld+json\" class=\"yoast-schema-graph\">{\"@context\":\"https:\/\/schema.org\",\"@graph\":[{\"@type\":\"Article\",\"@id\":\"https:\/\/www.sonoraenequipo.com.mx\/fentanilo-en-la-mira-de-operativos-de-seguridad-en-sonora\/#article\",\"isPartOf\":{\"@id\":\"https:\/\/www.sonoraenequipo.com.mx\/fentanilo-en-la-mira-de-operativos-de-seguridad-en-sonora\/\"},\"author\":{\"name\":\"enequipo\",\"@id\":\"https:\/\/www.sonoraenequipo.com.mx\/#\/schema\/person\/50102df0fb23a8fa9e8effad8fa81386\"},\"headline\":\"Fentanilo, en la mira de operativos de seguridad en Sonora\",\"datePublished\":\"2022-03-28T03:16:11+00:00\",\"dateModified\":\"2022-03-28T14:54:00+00:00\",\"mainEntityOfPage\":{\"@id\":\"https:\/\/www.sonoraenequipo.com.mx\/fentanilo-en-la-mira-de-operativos-de-seguridad-en-sonora\/\"},\"wordCount\":568,\"commentCount\":0,\"publisher\":{\"@id\":\"https:\/\/www.sonoraenequipo.com.mx\/#organization\"},\"image\":{\"@id\":\"https:\/\/www.sonoraenequipo.com.mx\/fentanilo-en-la-mira-de-operativos-de-seguridad-en-sonora\/#primaryimage\"},\"thumbnailUrl\":\"https:\/\/www.sonoraenequipo.com.mx\/storage\/2022\/03\/decominsan-fentanilo-en-Sonora_opt.jpg\",\"articleSection\":[\"Sonora\"],\"inLanguage\":\"es\",\"potentialAction\":[{\"@type\":\"CommentAction\",\"name\":\"Comment\",\"target\":[\"https:\/\/www.sonoraenequipo.com.mx\/fentanilo-en-la-mira-de-operativos-de-seguridad-en-sonora\/#respond\"]}]},{\"@type\":\"WebPage\",\"@id\":\"https:\/\/www.sonoraenequipo.com.mx\/fentanilo-en-la-mira-de-operativos-de-seguridad-en-sonora\/\",\"url\":\"https:\/\/www.sonoraenequipo.com.mx\/fentanilo-en-la-mira-de-operativos-de-seguridad-en-sonora\/\",\"name\":\"Sonora en Equipo. Fentanilo, en la mira de operativos de seguridad en Sonora Sonora\",\"isPartOf\":{\"@id\":\"https:\/\/www.sonoraenequipo.com.mx\/#website\"},\"primaryImageOfPage\":{\"@id\":\"https:\/\/www.sonoraenequipo.com.mx\/fentanilo-en-la-mira-de-operativos-de-seguridad-en-sonora\/#primaryimage\"},\"image\":{\"@id\":\"https:\/\/www.sonoraenequipo.com.mx\/fentanilo-en-la-mira-de-operativos-de-seguridad-en-sonora\/#primaryimage\"},\"thumbnailUrl\":\"https:\/\/www.sonoraenequipo.com.mx\/storage\/2022\/03\/decominsan-fentanilo-en-Sonora_opt.jpg\",\"datePublished\":\"2022-03-28T03:16:11+00:00\",\"dateModified\":\"2022-03-28T14:54:00+00:00\",\"description\":\"HERMOSILLO, SONORA. MX. \u2014 En los enfrentamientos entre las bandas del crimen organizado registrados al norte de Sonora se disputan la plaza para el En Sonora en Equipo publicamos toda la informaci\u00f3n de Sonora, M\u00e9xico y el Mundo de manera oportuna y busca que la libertad de expresi\u00f3n sea real. Visita nuestro medio informativo publicado desde Hermosillo, Sonora. %\",\"breadcrumb\":{\"@id\":\"https:\/\/www.sonoraenequipo.com.mx\/fentanilo-en-la-mira-de-operativos-de-seguridad-en-sonora\/#breadcrumb\"},\"inLanguage\":\"es\",\"potentialAction\":[{\"@type\":\"ReadAction\",\"target\":[\"https:\/\/www.sonoraenequipo.com.mx\/fentanilo-en-la-mira-de-operativos-de-seguridad-en-sonora\/\"]}]},{\"@type\":\"ImageObject\",\"inLanguage\":\"es\",\"@id\":\"https:\/\/www.sonoraenequipo.com.mx\/fentanilo-en-la-mira-de-operativos-de-seguridad-en-sonora\/#primaryimage\",\"url\":\"https:\/\/www.sonoraenequipo.com.mx\/storage\/2022\/03\/decominsan-fentanilo-en-Sonora_opt.jpg\",\"contentUrl\":\"https:\/\/www.sonoraenequipo.com.mx\/storage\/2022\/03\/decominsan-fentanilo-en-Sonora_opt.jpg\",\"width\":700,\"height\":400},{\"@type\":\"BreadcrumbList\",\"@id\":\"https:\/\/www.sonoraenequipo.com.mx\/fentanilo-en-la-mira-de-operativos-de-seguridad-en-sonora\/#breadcrumb\",\"itemListElement\":[{\"@type\":\"ListItem\",\"position\":1,\"name\":\"Portada\",\"item\":\"https:\/\/www.sonoraenequipo.com.mx\/\"},{\"@type\":\"ListItem\",\"position\":2,\"name\":\"Fentanilo, en la mira de operativos de seguridad en Sonora\"}]},{\"@type\":\"WebSite\",\"@id\":\"https:\/\/www.sonoraenequipo.com.mx\/#website\",\"url\":\"https:\/\/www.sonoraenequipo.com.mx\/\",\"name\":\"Sonora en Equipo.\",\"description\":\"Diario en l\u00ednea con Noticias desde Hermosillo, Sonora\",\"publisher\":{\"@id\":\"https:\/\/www.sonoraenequipo.com.mx\/#organization\"},\"potentialAction\":[{\"@type\":\"SearchAction\",\"target\":{\"@type\":\"EntryPoint\",\"urlTemplate\":\"https:\/\/www.sonoraenequipo.com.mx\/?s={search_term_string}\"},\"query-input\":{\"@type\":\"PropertyValueSpecification\",\"valueRequired\":true,\"valueName\":\"search_term_string\"}}],\"inLanguage\":\"es\"},{\"@type\":\"Organization\",\"@id\":\"https:\/\/www.sonoraenequipo.com.mx\/#organization\",\"name\":\"Sonoraenequipo.com.mx\",\"url\":\"https:\/\/www.sonoraenequipo.com.mx\/\",\"logo\":{\"@type\":\"ImageObject\",\"inLanguage\":\"es\",\"@id\":\"https:\/\/www.sonoraenequipo.com.mx\/#\/schema\/logo\/image\/\",\"url\":\"https:\/\/www.sonoraenequipo.com.mx\/storage\/2019\/01\/sonoraenequipo_opt.png\",\"contentUrl\":\"https:\/\/www.sonoraenequipo.com.mx\/storage\/2019\/01\/sonoraenequipo_opt.png\",\"width\":375,\"height\":125,\"caption\":\"Sonoraenequipo.com.mx\"},\"image\":{\"@id\":\"https:\/\/www.sonoraenequipo.com.mx\/#\/schema\/logo\/image\/\"},\"sameAs\":[\"https:\/\/www.facebook.com\/SonoraEE\/\",\"https:\/\/x.com\/sonoraenequipo\",\"https:\/\/www.youtube.com\/channel\/UC338nW-lPEYmJQs4ZABQ1SQ\"]},{\"@type\":\"Person\",\"@id\":\"https:\/\/www.sonoraenequipo.com.mx\/#\/schema\/person\/50102df0fb23a8fa9e8effad8fa81386\",\"name\":\"enequipo\",\"image\":{\"@type\":\"ImageObject\",\"inLanguage\":\"es\",\"@id\":\"https:\/\/www.sonoraenequipo.com.mx\/#\/schema\/person\/image\/\",\"url\":\"https:\/\/secure.gravatar.com\/avatar\/049821681b589dabc0bc20695993ccebb09f5b5d4d790cd9251b97faac7c652b?s=96&d=blank&r=g\",\"contentUrl\":\"https:\/\/secure.gravatar.com\/avatar\/049821681b589dabc0bc20695993ccebb09f5b5d4d790cd9251b97faac7c652b?s=96&d=blank&r=g\",\"caption\":\"enequipo\"},\"sameAs\":[\"https:\/\/www.facebook.com\/SonoraEE\"]}]}<\/script>\n ","yoast_head_json":{"title":"Sonora en Equipo. Fentanilo, en la mira de operativos de seguridad en Sonora Sonora","description":"HERMOSILLO, SONORA. MX. \u2014 En los enfrentamientos entre las bandas del crimen organizado registrados al norte de Sonora se disputan la plaza para el En Sonora en Equipo publicamos toda la informaci\u00f3n de Sonora, M\u00e9xico y el Mundo de manera oportuna y busca que la libertad de expresi\u00f3n sea real. Visita nuestro medio informativo publicado desde Hermosillo, Sonora. %","robots":{"index":"index","follow":"follow","max-snippet":"max-snippet:-1","max-image-preview":"max-image-preview:large","max-video-preview":"max-video-preview:-1"},"canonical":"https:\/\/www.sonoraenequipo.com.mx\/fentanilo-en-la-mira-de-operativos-de-seguridad-en-sonora\/","og_locale":"es_ES","og_type":"article","og_title":"Sonora en Equipo. Fentanilo, en la mira de operativos de seguridad en Sonora Sonora","og_description":"HERMOSILLO, SONORA. MX. \u2014 En los enfrentamientos entre las bandas del crimen organizado registrados al norte de Sonora se disputan la plaza para el En Sonora en Equipo publicamos toda la informaci\u00f3n de Sonora, M\u00e9xico y el Mundo de manera oportuna y busca que la libertad de expresi\u00f3n sea real. Visita nuestro medio informativo publicado desde Hermosillo, Sonora. %","og_url":"https:\/\/www.sonoraenequipo.com.mx\/fentanilo-en-la-mira-de-operativos-de-seguridad-en-sonora\/","og_site_name":"Sonora en Equipo.","article_publisher":"https:\/\/www.facebook.com\/SonoraEE\/","article_author":"https:\/\/www.facebook.com\/SonoraEE","article_published_time":"2022-03-28T03:16:11+00:00","article_modified_time":"2022-03-28T14:54:00+00:00","og_image":[{"width":700,"height":400,"url":"https:\/\/www.sonoraenequipo.com.mx\/storage\/2022\/03\/decominsan-fentanilo-en-Sonora_opt.jpg","type":"image\/jpeg"}],"author":"enequipo","twitter_card":"summary_large_image","twitter_creator":"@sonoraenequipo","twitter_site":"@sonoraenequipo","twitter_misc":{"Escrito por":"enequipo","Tiempo de lectura":"3 minutos"},"schema":{"@context":"https:\/\/schema.org","@graph":[{"@type":"Article","@id":"https:\/\/www.sonoraenequipo.com.mx\/fentanilo-en-la-mira-de-operativos-de-seguridad-en-sonora\/#article","isPartOf":{"@id":"https:\/\/www.sonoraenequipo.com.mx\/fentanilo-en-la-mira-de-operativos-de-seguridad-en-sonora\/"},"author":{"name":"enequipo","@id":"https:\/\/www.sonoraenequipo.com.mx\/#\/schema\/person\/50102df0fb23a8fa9e8effad8fa81386"},"headline":"Fentanilo, en la mira de operativos de seguridad en Sonora","datePublished":"2022-03-28T03:16:11+00:00","dateModified":"2022-03-28T14:54:00+00:00","mainEntityOfPage":{"@id":"https:\/\/www.sonoraenequipo.com.mx\/fentanilo-en-la-mira-de-operativos-de-seguridad-en-sonora\/"},"wordCount":568,"commentCount":0,"publisher":{"@id":"https:\/\/www.sonoraenequipo.com.mx\/#organization"},"image":{"@id":"https:\/\/www.sonoraenequipo.com.mx\/fentanilo-en-la-mira-de-operativos-de-seguridad-en-sonora\/#primaryimage"},"thumbnailUrl":"https:\/\/www.sonoraenequipo.com.mx\/storage\/2022\/03\/decominsan-fentanilo-en-Sonora_opt.jpg","articleSection":["Sonora"],"inLanguage":"es","potentialAction":[{"@type":"CommentAction","name":"Comment","target":["https:\/\/www.sonoraenequipo.com.mx\/fentanilo-en-la-mira-de-operativos-de-seguridad-en-sonora\/#respond"]}]},{"@type":"WebPage","@id":"https:\/\/www.sonoraenequipo.com.mx\/fentanilo-en-la-mira-de-operativos-de-seguridad-en-sonora\/","url":"https:\/\/www.sonoraenequipo.com.mx\/fentanilo-en-la-mira-de-operativos-de-seguridad-en-sonora\/","name":"Sonora en Equipo. Fentanilo, en la mira de operativos de seguridad en Sonora Sonora","isPartOf":{"@id":"https:\/\/www.sonoraenequipo.com.mx\/#website"},"primaryImageOfPage":{"@id":"https:\/\/www.sonoraenequipo.com.mx\/fentanilo-en-la-mira-de-operativos-de-seguridad-en-sonora\/#primaryimage"},"image":{"@id":"https:\/\/www.sonoraenequipo.com.mx\/fentanilo-en-la-mira-de-operativos-de-seguridad-en-sonora\/#primaryimage"},"thumbnailUrl":"https:\/\/www.sonoraenequipo.com.mx\/storage\/2022\/03\/decominsan-fentanilo-en-Sonora_opt.jpg","datePublished":"2022-03-28T03:16:11+00:00","dateModified":"2022-03-28T14:54:00+00:00","description":"HERMOSILLO, SONORA. MX. \u2014 En los enfrentamientos entre las bandas del crimen organizado registrados al norte de Sonora se disputan la plaza para el En Sonora en Equipo publicamos toda la informaci\u00f3n de Sonora, M\u00e9xico y el Mundo de manera oportuna y busca que la libertad de expresi\u00f3n sea real. Visita nuestro medio informativo publicado desde Hermosillo, Sonora. %","breadcrumb":{"@id":"https:\/\/www.sonoraenequipo.com.mx\/fentanilo-en-la-mira-de-operativos-de-seguridad-en-sonora\/#breadcrumb"},"inLanguage":"es","potentialAction":[{"@type":"ReadAction","target":["https:\/\/www.sonoraenequipo.com.mx\/fentanilo-en-la-mira-de-operativos-de-seguridad-en-sonora\/"]}]},{"@type":"ImageObject","inLanguage":"es","@id":"https:\/\/www.sonoraenequipo.com.mx\/fentanilo-en-la-mira-de-operativos-de-seguridad-en-sonora\/#primaryimage","url":"https:\/\/www.sonoraenequipo.com.mx\/storage\/2022\/03\/decominsan-fentanilo-en-Sonora_opt.jpg","contentUrl":"https:\/\/www.sonoraenequipo.com.mx\/storage\/2022\/03\/decominsan-fentanilo-en-Sonora_opt.jpg","width":700,"height":400},{"@type":"BreadcrumbList","@id":"https:\/\/www.sonoraenequipo.com.mx\/fentanilo-en-la-mira-de-operativos-de-seguridad-en-sonora\/#breadcrumb","itemListElement":[{"@type":"ListItem","position":1,"name":"Portada","item":"https:\/\/www.sonoraenequipo.com.mx\/"},{"@type":"ListItem","position":2,"name":"Fentanilo, en la mira de operativos de seguridad en Sonora"}]},{"@type":"WebSite","@id":"https:\/\/www.sonoraenequipo.com.mx\/#website","url":"https:\/\/www.sonoraenequipo.com.mx\/","name":"Sonora en Equipo.","description":"Diario en l\u00ednea con Noticias desde Hermosillo, Sonora","publisher":{"@id":"https:\/\/www.sonoraenequipo.com.mx\/#organization"},"potentialAction":[{"@type":"SearchAction","target":{"@type":"EntryPoint","urlTemplate":"https:\/\/www.sonoraenequipo.com.mx\/?s={search_term_string}"},"query-input":{"@type":"PropertyValueSpecification","valueRequired":true,"valueName":"search_term_string"}}],"inLanguage":"es"},{"@type":"Organization","@id":"https:\/\/www.sonoraenequipo.com.mx\/#organization","name":"Sonoraenequipo.com.mx","url":"https:\/\/www.sonoraenequipo.com.mx\/","logo":{"@type":"ImageObject","inLanguage":"es","@id":"https:\/\/www.sonoraenequipo.com.mx\/#\/schema\/logo\/image\/","url":"https:\/\/www.sonoraenequipo.com.mx\/storage\/2019\/01\/sonoraenequipo_opt.png","contentUrl":"https:\/\/www.sonoraenequipo.com.mx\/storage\/2019\/01\/sonoraenequipo_opt.png","width":375,"height":125,"caption":"Sonoraenequipo.com.mx"},"image":{"@id":"https:\/\/www.sonoraenequipo.com.mx\/#\/schema\/logo\/image\/"},"sameAs":["https:\/\/www.facebook.com\/SonoraEE\/","https:\/\/x.com\/sonoraenequipo","https:\/\/www.youtube.com\/channel\/UC338nW-lPEYmJQs4ZABQ1SQ"]},{"@type":"Person","@id":"https:\/\/www.sonoraenequipo.com.mx\/#\/schema\/person\/50102df0fb23a8fa9e8effad8fa81386","name":"enequipo","image":{"@type":"ImageObject","inLanguage":"es","@id":"https:\/\/www.sonoraenequipo.com.mx\/#\/schema\/person\/image\/","url":"https:\/\/secure.gravatar.com\/avatar\/049821681b589dabc0bc20695993ccebb09f5b5d4d790cd9251b97faac7c652b?s=96&d=blank&r=g","contentUrl":"https:\/\/secure.gravatar.com\/avatar\/049821681b589dabc0bc20695993ccebb09f5b5d4d790cd9251b97faac7c652b?s=96&d=blank&r=g","caption":"enequipo"},"sameAs":["https:\/\/www.facebook.com\/SonoraEE"]}]}},"jetpack_featured_media_url":"https:\/\/www.sonoraenequipo.com.mx\/storage\/2022\/03\/decominsan-fentanilo-en-Sonora_opt.jpg","_links":{"self":[{"href":"https:\/\/www.sonoraenequipo.com.mx\/api\/wp\/v2\/posts\/135787","targetHints":{"allow":["GET"]}}],"collection":[{"href":"https:\/\/www.sonoraenequipo.com.mx\/api\/wp\/v2\/posts"}],"about":[{"href":"https:\/\/www.sonoraenequipo.com.mx\/api\/wp\/v2\/types\/post"}],"author":[{"embeddable":true,"href":"https:\/\/www.sonoraenequipo.com.mx\/api\/wp\/v2\/users\/1"}],"replies":[{"embeddable":true,"href":"https:\/\/www.sonoraenequipo.com.mx\/api\/wp\/v2\/comments?post=135787"}],"version-history":[{"count":1,"href":"https:\/\/www.sonoraenequipo.com.mx\/api\/wp\/v2\/posts\/135787\/revisions"}],"predecessor-version":[{"id":135788,"href":"https:\/\/www.sonoraenequipo.com.mx\/api\/wp\/v2\/posts\/135787\/revisions\/135788"}],"wp:featuredmedia":[{"embeddable":true,"href":"https:\/\/www.sonoraenequipo.com.mx\/api\/wp\/v2\/media\/135776"}],"wp:attachment":[{"href":"https:\/\/www.sonoraenequipo.com.mx\/api\/wp\/v2\/media?parent=135787"}],"wp:term":[{"taxonomy":"category","embeddable":true,"href":"https:\/\/www.sonoraenequipo.com.mx\/api\/wp\/v2\/categories?post=135787"},{"taxonomy":"post_tag","embeddable":true,"href":"https:\/\/www.sonoraenequipo.com.mx\/api\/wp\/v2\/tags?post=135787"}],"curies":[{"name":"wp","href":"https:\/\/api.w.org\/{rel}","templated":true}]}}