{"id":135789,"date":"2022-03-27T18:23:01","date_gmt":"2022-03-28T01:23:01","guid":{"rendered":"https:\/\/www.sonoraenequipo.com.mx\/?p=135789"},"modified":"2022-03-28T08:49:48","modified_gmt":"2022-03-28T15:49:48","slug":"procesan-a-otro-sospechoso-de-masacre-contra-los-lebaron","status":"publish","type":"post","link":"https:\/\/www.sonoraenequipo.com.mx\/procesan-a-otro-sospechoso-de-masacre-contra-los-lebaron\/","title":{"rendered":"Procesan a otro sospechoso de masacre contra los LeBar\u00f3n"},"content":{"rendered":"<p><strong>CIUDAD DE M\u00c9XICO. MX. \u2014<\/strong> Un juez federal vincul\u00f3 a proceso a Leonardo Luj\u00e1n Saucedo, alias Chamona, por su probable participaci\u00f3n en el atentado a la familia LeBar\u00f3n, ocurrido en noviembre de 2019 en Bavispe, Sonora, donde murieron 9 mujeres y ni\u00f1os.<\/p>\n<p>&nbsp;<\/p>\n<p> <\/p>\n<p>&nbsp;<\/p>\n<p>La Fiscal\u00eda General de la Rep\u00fablica (FGR) inform\u00f3 que el indiciado fue detenido el pasado 17 de marzo durante un operativo conjunto con la Secretar\u00eda de la Defensa Nacional, la Polic\u00eda Federal Ministerial y la Agencia de Investigaci\u00f3n Criminal, quienes ejecutaron una orden de cateo en un domicilio en el municipio de Ascensi\u00f3n, Chihuahua.<\/p>\n<p>&nbsp;<\/p>\n<p>&nbsp;<\/p>\n<p>Seg\u00fan la carpeta de investigaci\u00f3n del caso, Luj\u00e1n Saucedo ser\u00eda integrante del grupo criminal conocido como La L\u00ednea, dentro del cual se encargaba de la venta de droga en Janos, Chihuahua, y tambi\u00e9n hac\u00eda labores de \u201chalconeo\u201d, es decir, espiar y reportar los movimientos de las fuerzas del orden en esa demarcaci\u00f3n.<\/p>\n<p>&nbsp;<\/p>\n<p>El juez de control dispuso que el indiciado permanezca en prisi\u00f3n preventiva oficiosa durante los dos meses que durar\u00e1 el plazo para la prisi\u00f3n preventiva oficiosa, la cual cumplir\u00e1 dentro del Centro Federal de Readaptaci\u00f3n Social #1 \u201cAltiplano\u201d, en Almoloya de Ju\u00e1rez, Estado de M\u00e9xico.<\/p>\n<p>&nbsp;<\/p>\n<p>&nbsp;<\/p>\n<p>(Publicada el 27\/03\/2022 \/ Eduardo Murillo)<\/p>\n","protected":false},"excerpt":{"rendered":"<p>CIUDAD DE M\u00c9XICO. MX. \u2014 Un juez federal vincul\u00f3 a proceso a Leonardo Luj\u00e1n Saucedo,&#8230;<\/p>\n","protected":false},"author":1,"featured_media":135790,"comment_status":"open","ping_status":"open","sticky":false,"template":"","format":"standard","meta":{"_monsterinsights_skip_tracking":false,"_monsterinsights_sitenote_active":false,"_monsterinsights_sitenote_note":"","_monsterinsights_sitenote_category":0,"footnotes":""},"categories":[22],"tags":[],"class_list":["post"],"yoast_head":" \n<title>Sonora en Equipo. Procesan a otro sospechoso de masacre contra los LeBar\u00f3n Sonora<\/title>\n<meta name=\"description\" content=\"CIUDAD DE M\u00c9XICO. MX. \u2014 Un juez federal vincul\u00f3 a proceso a Leonardo Luj\u00e1n Saucedo, alias Chamona, por su probable participaci\u00f3n en el atentado a la En Sonora en Equipo publicamos toda la informaci\u00f3n de Sonora, M\u00e9xico y el Mundo de manera oportuna y busca que la libertad de expresi\u00f3n sea real. Visita nuestro medio informativo publicado desde Hermosillo, Sonora. %\" \/>\n<meta name=\"robots\" content=\"index, follow, max-snippet:-1, max-image-preview:large, max-video-preview:-1\" \/>\n<link rel=\"canonical\" href=\"https:\/\/www.sonoraenequipo.com.mx\/procesan-a-otro-sospechoso-de-masacre-contra-los-lebaron\/\" \/>\n<meta property=\"og:locale\" content=\"es_ES\" \/>\n<meta property=\"og:type\" content=\"article\" \/>\n<meta property=\"og:title\" content=\"Sonora en Equipo. Procesan a otro sospechoso de masacre contra los LeBar\u00f3n Sonora\" \/>\n<meta property=\"og:description\" content=\"CIUDAD DE M\u00c9XICO. MX. \u2014 Un juez federal vincul\u00f3 a proceso a Leonardo Luj\u00e1n Saucedo, alias Chamona, por su probable participaci\u00f3n en el atentado a la En Sonora en Equipo publicamos toda la informaci\u00f3n de Sonora, M\u00e9xico y el Mundo de manera oportuna y busca que la libertad de expresi\u00f3n sea real. Visita nuestro medio informativo publicado desde Hermosillo, Sonora. %\" \/>\n<meta property=\"og:url\" content=\"https:\/\/www.sonoraenequipo.com.mx\/procesan-a-otro-sospechoso-de-masacre-contra-los-lebaron\/\" \/>\n<meta property=\"og:site_name\" content=\"Sonora en Equipo.\" \/>\n<meta property=\"article:publisher\" content=\"https:\/\/www.facebook.com\/SonoraEE\/\" \/>\n<meta property=\"article:author\" content=\"https:\/\/www.facebook.com\/SonoraEE\" \/>\n<meta property=\"article:published_time\" content=\"2022-03-28T01:23:01+00:00\" \/>\n<meta property=\"article:modified_time\" content=\"2022-03-28T15:49:48+00:00\" \/>\n<meta property=\"og:image\" content=\"https:\/\/www.sonoraenequipo.com.mx\/storage\/2022\/03\/leonardo-otro-implicado-con-los-Lebaron_opt.jpg\" \/>\n\t<meta property=\"og:image:width\" content=\"700\" \/>\n\t<meta property=\"og:image:height\" content=\"400\" \/>\n\t<meta property=\"og:image:type\" content=\"image\/jpeg\" \/>\n<meta name=\"author\" content=\"enequipo\" \/>\n<meta name=\"twitter:card\" content=\"summary_large_image\" \/>\n<meta name=\"twitter:creator\" content=\"@sonoraenequipo\" \/>\n<meta name=\"twitter:site\" content=\"@sonoraenequipo\" \/>\n<meta name=\"twitter:label1\" content=\"Escrito por\" \/>\n\t<meta name=\"twitter:data1\" content=\"enequipo\" \/>\n\t<meta name=\"twitter:label2\" content=\"Tiempo de lectura\" \/>\n\t<meta name=\"twitter:data2\" content=\"1 minuto\" \/>\n<script type=\"application\/ld+json\" class=\"yoast-schema-graph\">{\"@context\":\"https:\/\/schema.org\",\"@graph\":[{\"@type\":\"Article\",\"@id\":\"https:\/\/www.sonoraenequipo.com.mx\/procesan-a-otro-sospechoso-de-masacre-contra-los-lebaron\/#article\",\"isPartOf\":{\"@id\":\"https:\/\/www.sonoraenequipo.com.mx\/procesan-a-otro-sospechoso-de-masacre-contra-los-lebaron\/\"},\"author\":{\"name\":\"enequipo\",\"@id\":\"https:\/\/www.sonoraenequipo.com.mx\/#\/schema\/person\/50102df0fb23a8fa9e8effad8fa81386\"},\"headline\":\"Procesan a otro sospechoso de masacre contra los LeBar\u00f3n\",\"datePublished\":\"2022-03-28T01:23:01+00:00\",\"dateModified\":\"2022-03-28T15:49:48+00:00\",\"mainEntityOfPage\":{\"@id\":\"https:\/\/www.sonoraenequipo.com.mx\/procesan-a-otro-sospechoso-de-masacre-contra-los-lebaron\/\"},\"wordCount\":233,\"commentCount\":0,\"publisher\":{\"@id\":\"https:\/\/www.sonoraenequipo.com.mx\/#organization\"},\"image\":{\"@id\":\"https:\/\/www.sonoraenequipo.com.mx\/procesan-a-otro-sospechoso-de-masacre-contra-los-lebaron\/#primaryimage\"},\"thumbnailUrl\":\"https:\/\/www.sonoraenequipo.com.mx\/storage\/2022\/03\/leonardo-otro-implicado-con-los-Lebaron_opt.jpg\",\"articleSection\":[\"Sonora\"],\"inLanguage\":\"es\",\"potentialAction\":[{\"@type\":\"CommentAction\",\"name\":\"Comment\",\"target\":[\"https:\/\/www.sonoraenequipo.com.mx\/procesan-a-otro-sospechoso-de-masacre-contra-los-lebaron\/#respond\"]}]},{\"@type\":\"WebPage\",\"@id\":\"https:\/\/www.sonoraenequipo.com.mx\/procesan-a-otro-sospechoso-de-masacre-contra-los-lebaron\/\",\"url\":\"https:\/\/www.sonoraenequipo.com.mx\/procesan-a-otro-sospechoso-de-masacre-contra-los-lebaron\/\",\"name\":\"Sonora en Equipo. Procesan a otro sospechoso de masacre contra los LeBar\u00f3n Sonora\",\"isPartOf\":{\"@id\":\"https:\/\/www.sonoraenequipo.com.mx\/#website\"},\"primaryImageOfPage\":{\"@id\":\"https:\/\/www.sonoraenequipo.com.mx\/procesan-a-otro-sospechoso-de-masacre-contra-los-lebaron\/#primaryimage\"},\"image\":{\"@id\":\"https:\/\/www.sonoraenequipo.com.mx\/procesan-a-otro-sospechoso-de-masacre-contra-los-lebaron\/#primaryimage\"},\"thumbnailUrl\":\"https:\/\/www.sonoraenequipo.com.mx\/storage\/2022\/03\/leonardo-otro-implicado-con-los-Lebaron_opt.jpg\",\"datePublished\":\"2022-03-28T01:23:01+00:00\",\"dateModified\":\"2022-03-28T15:49:48+00:00\",\"description\":\"CIUDAD DE M\u00c9XICO. MX. \u2014 Un juez federal vincul\u00f3 a proceso a Leonardo Luj\u00e1n Saucedo, alias Chamona, por su probable participaci\u00f3n en el atentado a la En Sonora en Equipo publicamos toda la informaci\u00f3n de Sonora, M\u00e9xico y el Mundo de manera oportuna y busca que la libertad de expresi\u00f3n sea real. Visita nuestro medio informativo publicado desde Hermosillo, Sonora. %\",\"breadcrumb\":{\"@id\":\"https:\/\/www.sonoraenequipo.com.mx\/procesan-a-otro-sospechoso-de-masacre-contra-los-lebaron\/#breadcrumb\"},\"inLanguage\":\"es\",\"potentialAction\":[{\"@type\":\"ReadAction\",\"target\":[\"https:\/\/www.sonoraenequipo.com.mx\/procesan-a-otro-sospechoso-de-masacre-contra-los-lebaron\/\"]}]},{\"@type\":\"ImageObject\",\"inLanguage\":\"es\",\"@id\":\"https:\/\/www.sonoraenequipo.com.mx\/procesan-a-otro-sospechoso-de-masacre-contra-los-lebaron\/#primaryimage\",\"url\":\"https:\/\/www.sonoraenequipo.com.mx\/storage\/2022\/03\/leonardo-otro-implicado-con-los-Lebaron_opt.jpg\",\"contentUrl\":\"https:\/\/www.sonoraenequipo.com.mx\/storage\/2022\/03\/leonardo-otro-implicado-con-los-Lebaron_opt.jpg\",\"width\":700,\"height\":400},{\"@type\":\"BreadcrumbList\",\"@id\":\"https:\/\/www.sonoraenequipo.com.mx\/procesan-a-otro-sospechoso-de-masacre-contra-los-lebaron\/#breadcrumb\",\"itemListElement\":[{\"@type\":\"ListItem\",\"position\":1,\"name\":\"Portada\",\"item\":\"https:\/\/www.sonoraenequipo.com.mx\/\"},{\"@type\":\"ListItem\",\"position\":2,\"name\":\"Procesan a otro sospechoso de masacre contra los LeBar\u00f3n\"}]},{\"@type\":\"WebSite\",\"@id\":\"https:\/\/www.sonoraenequipo.com.mx\/#website\",\"url\":\"https:\/\/www.sonoraenequipo.com.mx\/\",\"name\":\"Sonora en Equipo.\",\"description\":\"Diario en l\u00ednea con Noticias desde Hermosillo, Sonora\",\"publisher\":{\"@id\":\"https:\/\/www.sonoraenequipo.com.mx\/#organization\"},\"potentialAction\":[{\"@type\":\"SearchAction\",\"target\":{\"@type\":\"EntryPoint\",\"urlTemplate\":\"https:\/\/www.sonoraenequipo.com.mx\/?s={search_term_string}\"},\"query-input\":{\"@type\":\"PropertyValueSpecification\",\"valueRequired\":true,\"valueName\":\"search_term_string\"}}],\"inLanguage\":\"es\"},{\"@type\":\"Organization\",\"@id\":\"https:\/\/www.sonoraenequipo.com.mx\/#organization\",\"name\":\"Sonoraenequipo.com.mx\",\"url\":\"https:\/\/www.sonoraenequipo.com.mx\/\",\"logo\":{\"@type\":\"ImageObject\",\"inLanguage\":\"es\",\"@id\":\"https:\/\/www.sonoraenequipo.com.mx\/#\/schema\/logo\/image\/\",\"url\":\"https:\/\/www.sonoraenequipo.com.mx\/storage\/2019\/01\/sonoraenequipo_opt.png\",\"contentUrl\":\"https:\/\/www.sonoraenequipo.com.mx\/storage\/2019\/01\/sonoraenequipo_opt.png\",\"width\":375,\"height\":125,\"caption\":\"Sonoraenequipo.com.mx\"},\"image\":{\"@id\":\"https:\/\/www.sonoraenequipo.com.mx\/#\/schema\/logo\/image\/\"},\"sameAs\":[\"https:\/\/www.facebook.com\/SonoraEE\/\",\"https:\/\/x.com\/sonoraenequipo\",\"https:\/\/www.youtube.com\/channel\/UC338nW-lPEYmJQs4ZABQ1SQ\"]},{\"@type\":\"Person\",\"@id\":\"https:\/\/www.sonoraenequipo.com.mx\/#\/schema\/person\/50102df0fb23a8fa9e8effad8fa81386\",\"name\":\"enequipo\",\"image\":{\"@type\":\"ImageObject\",\"inLanguage\":\"es\",\"@id\":\"https:\/\/www.sonoraenequipo.com.mx\/#\/schema\/person\/image\/\",\"url\":\"https:\/\/secure.gravatar.com\/avatar\/049821681b589dabc0bc20695993ccebb09f5b5d4d790cd9251b97faac7c652b?s=96&d=blank&r=g\",\"contentUrl\":\"https:\/\/secure.gravatar.com\/avatar\/049821681b589dabc0bc20695993ccebb09f5b5d4d790cd9251b97faac7c652b?s=96&d=blank&r=g\",\"caption\":\"enequipo\"},\"sameAs\":[\"https:\/\/www.facebook.com\/SonoraEE\"]}]}<\/script>\n ","yoast_head_json":{"title":"Sonora en Equipo. Procesan a otro sospechoso de masacre contra los LeBar\u00f3n Sonora","description":"CIUDAD DE M\u00c9XICO. MX. \u2014 Un juez federal vincul\u00f3 a proceso a Leonardo Luj\u00e1n Saucedo, alias Chamona, por su probable participaci\u00f3n en el atentado a la En Sonora en Equipo publicamos toda la informaci\u00f3n de Sonora, M\u00e9xico y el Mundo de manera oportuna y busca que la libertad de expresi\u00f3n sea real. Visita nuestro medio informativo publicado desde Hermosillo, Sonora. %","robots":{"index":"index","follow":"follow","max-snippet":"max-snippet:-1","max-image-preview":"max-image-preview:large","max-video-preview":"max-video-preview:-1"},"canonical":"https:\/\/www.sonoraenequipo.com.mx\/procesan-a-otro-sospechoso-de-masacre-contra-los-lebaron\/","og_locale":"es_ES","og_type":"article","og_title":"Sonora en Equipo. Procesan a otro sospechoso de masacre contra los LeBar\u00f3n Sonora","og_description":"CIUDAD DE M\u00c9XICO. MX. \u2014 Un juez federal vincul\u00f3 a proceso a Leonardo Luj\u00e1n Saucedo, alias Chamona, por su probable participaci\u00f3n en el atentado a la En Sonora en Equipo publicamos toda la informaci\u00f3n de Sonora, M\u00e9xico y el Mundo de manera oportuna y busca que la libertad de expresi\u00f3n sea real. Visita nuestro medio informativo publicado desde Hermosillo, Sonora. %","og_url":"https:\/\/www.sonoraenequipo.com.mx\/procesan-a-otro-sospechoso-de-masacre-contra-los-lebaron\/","og_site_name":"Sonora en Equipo.","article_publisher":"https:\/\/www.facebook.com\/SonoraEE\/","article_author":"https:\/\/www.facebook.com\/SonoraEE","article_published_time":"2022-03-28T01:23:01+00:00","article_modified_time":"2022-03-28T15:49:48+00:00","og_image":[{"width":700,"height":400,"url":"https:\/\/www.sonoraenequipo.com.mx\/storage\/2022\/03\/leonardo-otro-implicado-con-los-Lebaron_opt.jpg","type":"image\/jpeg"}],"author":"enequipo","twitter_card":"summary_large_image","twitter_creator":"@sonoraenequipo","twitter_site":"@sonoraenequipo","twitter_misc":{"Escrito por":"enequipo","Tiempo de lectura":"1 minuto"},"schema":{"@context":"https:\/\/schema.org","@graph":[{"@type":"Article","@id":"https:\/\/www.sonoraenequipo.com.mx\/procesan-a-otro-sospechoso-de-masacre-contra-los-lebaron\/#article","isPartOf":{"@id":"https:\/\/www.sonoraenequipo.com.mx\/procesan-a-otro-sospechoso-de-masacre-contra-los-lebaron\/"},"author":{"name":"enequipo","@id":"https:\/\/www.sonoraenequipo.com.mx\/#\/schema\/person\/50102df0fb23a8fa9e8effad8fa81386"},"headline":"Procesan a otro sospechoso de masacre contra los LeBar\u00f3n","datePublished":"2022-03-28T01:23:01+00:00","dateModified":"2022-03-28T15:49:48+00:00","mainEntityOfPage":{"@id":"https:\/\/www.sonoraenequipo.com.mx\/procesan-a-otro-sospechoso-de-masacre-contra-los-lebaron\/"},"wordCount":233,"commentCount":0,"publisher":{"@id":"https:\/\/www.sonoraenequipo.com.mx\/#organization"},"image":{"@id":"https:\/\/www.sonoraenequipo.com.mx\/procesan-a-otro-sospechoso-de-masacre-contra-los-lebaron\/#primaryimage"},"thumbnailUrl":"https:\/\/www.sonoraenequipo.com.mx\/storage\/2022\/03\/leonardo-otro-implicado-con-los-Lebaron_opt.jpg","articleSection":["Sonora"],"inLanguage":"es","potentialAction":[{"@type":"CommentAction","name":"Comment","target":["https:\/\/www.sonoraenequipo.com.mx\/procesan-a-otro-sospechoso-de-masacre-contra-los-lebaron\/#respond"]}]},{"@type":"WebPage","@id":"https:\/\/www.sonoraenequipo.com.mx\/procesan-a-otro-sospechoso-de-masacre-contra-los-lebaron\/","url":"https:\/\/www.sonoraenequipo.com.mx\/procesan-a-otro-sospechoso-de-masacre-contra-los-lebaron\/","name":"Sonora en Equipo. Procesan a otro sospechoso de masacre contra los LeBar\u00f3n Sonora","isPartOf":{"@id":"https:\/\/www.sonoraenequipo.com.mx\/#website"},"primaryImageOfPage":{"@id":"https:\/\/www.sonoraenequipo.com.mx\/procesan-a-otro-sospechoso-de-masacre-contra-los-lebaron\/#primaryimage"},"image":{"@id":"https:\/\/www.sonoraenequipo.com.mx\/procesan-a-otro-sospechoso-de-masacre-contra-los-lebaron\/#primaryimage"},"thumbnailUrl":"https:\/\/www.sonoraenequipo.com.mx\/storage\/2022\/03\/leonardo-otro-implicado-con-los-Lebaron_opt.jpg","datePublished":"2022-03-28T01:23:01+00:00","dateModified":"2022-03-28T15:49:48+00:00","description":"CIUDAD DE M\u00c9XICO. MX. \u2014 Un juez federal vincul\u00f3 a proceso a Leonardo Luj\u00e1n Saucedo, alias Chamona, por su probable participaci\u00f3n en el atentado a la En Sonora en Equipo publicamos toda la informaci\u00f3n de Sonora, M\u00e9xico y el Mundo de manera oportuna y busca que la libertad de expresi\u00f3n sea real. Visita nuestro medio informativo publicado desde Hermosillo, Sonora. %","breadcrumb":{"@id":"https:\/\/www.sonoraenequipo.com.mx\/procesan-a-otro-sospechoso-de-masacre-contra-los-lebaron\/#breadcrumb"},"inLanguage":"es","potentialAction":[{"@type":"ReadAction","target":["https:\/\/www.sonoraenequipo.com.mx\/procesan-a-otro-sospechoso-de-masacre-contra-los-lebaron\/"]}]},{"@type":"ImageObject","inLanguage":"es","@id":"https:\/\/www.sonoraenequipo.com.mx\/procesan-a-otro-sospechoso-de-masacre-contra-los-lebaron\/#primaryimage","url":"https:\/\/www.sonoraenequipo.com.mx\/storage\/2022\/03\/leonardo-otro-implicado-con-los-Lebaron_opt.jpg","contentUrl":"https:\/\/www.sonoraenequipo.com.mx\/storage\/2022\/03\/leonardo-otro-implicado-con-los-Lebaron_opt.jpg","width":700,"height":400},{"@type":"BreadcrumbList","@id":"https:\/\/www.sonoraenequipo.com.mx\/procesan-a-otro-sospechoso-de-masacre-contra-los-lebaron\/#breadcrumb","itemListElement":[{"@type":"ListItem","position":1,"name":"Portada","item":"https:\/\/www.sonoraenequipo.com.mx\/"},{"@type":"ListItem","position":2,"name":"Procesan a otro sospechoso de masacre contra los LeBar\u00f3n"}]},{"@type":"WebSite","@id":"https:\/\/www.sonoraenequipo.com.mx\/#website","url":"https:\/\/www.sonoraenequipo.com.mx\/","name":"Sonora en Equipo.","description":"Diario en l\u00ednea con Noticias desde Hermosillo, Sonora","publisher":{"@id":"https:\/\/www.sonoraenequipo.com.mx\/#organization"},"potentialAction":[{"@type":"SearchAction","target":{"@type":"EntryPoint","urlTemplate":"https:\/\/www.sonoraenequipo.com.mx\/?s={search_term_string}"},"query-input":{"@type":"PropertyValueSpecification","valueRequired":true,"valueName":"search_term_string"}}],"inLanguage":"es"},{"@type":"Organization","@id":"https:\/\/www.sonoraenequipo.com.mx\/#organization","name":"Sonoraenequipo.com.mx","url":"https:\/\/www.sonoraenequipo.com.mx\/","logo":{"@type":"ImageObject","inLanguage":"es","@id":"https:\/\/www.sonoraenequipo.com.mx\/#\/schema\/logo\/image\/","url":"https:\/\/www.sonoraenequipo.com.mx\/storage\/2019\/01\/sonoraenequipo_opt.png","contentUrl":"https:\/\/www.sonoraenequipo.com.mx\/storage\/2019\/01\/sonoraenequipo_opt.png","width":375,"height":125,"caption":"Sonoraenequipo.com.mx"},"image":{"@id":"https:\/\/www.sonoraenequipo.com.mx\/#\/schema\/logo\/image\/"},"sameAs":["https:\/\/www.facebook.com\/SonoraEE\/","https:\/\/x.com\/sonoraenequipo","https:\/\/www.youtube.com\/channel\/UC338nW-lPEYmJQs4ZABQ1SQ"]},{"@type":"Person","@id":"https:\/\/www.sonoraenequipo.com.mx\/#\/schema\/person\/50102df0fb23a8fa9e8effad8fa81386","name":"enequipo","image":{"@type":"ImageObject","inLanguage":"es","@id":"https:\/\/www.sonoraenequipo.com.mx\/#\/schema\/person\/image\/","url":"https:\/\/secure.gravatar.com\/avatar\/049821681b589dabc0bc20695993ccebb09f5b5d4d790cd9251b97faac7c652b?s=96&d=blank&r=g","contentUrl":"https:\/\/secure.gravatar.com\/avatar\/049821681b589dabc0bc20695993ccebb09f5b5d4d790cd9251b97faac7c652b?s=96&d=blank&r=g","caption":"enequipo"},"sameAs":["https:\/\/www.facebook.com\/SonoraEE"]}]}},"jetpack_featured_media_url":"https:\/\/www.sonoraenequipo.com.mx\/storage\/2022\/03\/leonardo-otro-implicado-con-los-Lebaron_opt.jpg","_links":{"self":[{"href":"https:\/\/www.sonoraenequipo.com.mx\/api\/wp\/v2\/posts\/135789","targetHints":{"allow":["GET"]}}],"collection":[{"href":"https:\/\/www.sonoraenequipo.com.mx\/api\/wp\/v2\/posts"}],"about":[{"href":"https:\/\/www.sonoraenequipo.com.mx\/api\/wp\/v2\/types\/post"}],"author":[{"embeddable":true,"href":"https:\/\/www.sonoraenequipo.com.mx\/api\/wp\/v2\/users\/1"}],"replies":[{"embeddable":true,"href":"https:\/\/www.sonoraenequipo.com.mx\/api\/wp\/v2\/comments?post=135789"}],"version-history":[{"count":1,"href":"https:\/\/www.sonoraenequipo.com.mx\/api\/wp\/v2\/posts\/135789\/revisions"}],"predecessor-version":[{"id":135791,"href":"https:\/\/www.sonoraenequipo.com.mx\/api\/wp\/v2\/posts\/135789\/revisions\/135791"}],"wp:featuredmedia":[{"embeddable":true,"href":"https:\/\/www.sonoraenequipo.com.mx\/api\/wp\/v2\/media\/135790"}],"wp:attachment":[{"href":"https:\/\/www.sonoraenequipo.com.mx\/api\/wp\/v2\/media?parent=135789"}],"wp:term":[{"taxonomy":"category","embeddable":true,"href":"https:\/\/www.sonoraenequipo.com.mx\/api\/wp\/v2\/categories?post=135789"},{"taxonomy":"post_tag","embeddable":true,"href":"https:\/\/www.sonoraenequipo.com.mx\/api\/wp\/v2\/tags?post=135789"}],"curies":[{"name":"wp","href":"https:\/\/api.w.org\/{rel}","templated":true}]}}