{"id":135792,"date":"2022-03-27T21:36:31","date_gmt":"2022-03-28T04:36:31","guid":{"rendered":"https:\/\/www.sonoraenequipo.com.mx\/?p=135792"},"modified":"2022-03-28T09:26:21","modified_gmt":"2022-03-28T16:26:21","slug":"inflacion-aumentara-desigualdades-e-inseguridad-alimentaria-banco-mundial","status":"publish","type":"post","link":"https:\/\/www.sonoraenequipo.com.mx\/inflacion-aumentara-desigualdades-e-inseguridad-alimentaria-banco-mundial\/","title":{"rendered":"Inflaci\u00f3n aumentar\u00e1 desigualdades e inseguridad alimentaria: Banco Mundial"},"content":{"rendered":"<p><strong>WASHINGTON, ESTADOS UNIDOS. \u2014<\/strong> El reciente aumento de los precios de los alimentos y la energ\u00eda \u201cpodr\u00eda afectar de manera desproporcionada a los hogares m\u00e1s pobres\u201d, aumentar el hambre e inseguridad alimentaria y profundizar las brechas de desigualdad, expone un publicaci\u00f3n del Banco Mundial.<\/p>\n<p>&nbsp;<\/p>\n<p> <\/p>\n<p>Se debe a que los hogares de m\u00e1s bajos ingresos en las econom\u00edas emergentes y en desarrollo gastan aproximadamente el 50 por ciento de sus ingresos en alimentos, mientras los de ingresos m\u00e1s altos aportan s\u00f3lo el 20 por ciento a este fin, detalla.<\/p>\n<p>&nbsp;<\/p>\n<p>El art\u00edculo publicado previamente por el Instituto Brookings apunta que algunos de los hogares m\u00e1s pobres, que viven por debajo de la l\u00ednea de pobreza mundial, se pueden beneficiar de dicha alza porque suelen depender de ingresos no monetarios, como la agricultura de subsistencia, que pueden ser menos vulnerables a la inflaci\u00f3n.<\/p>\n<p>&nbsp;<\/p>\n<p>\u201cEn una econom\u00eda en desarrollo promedio, m\u00e1s de la quinta parte de los hogares que se encuentran alrededor o por debajo de la l\u00ednea de pobreza son vendedores netos de alimentos, por lo que el alza de los precios de los alimentos podr\u00eda ser positiva para ellos. No obstante, la gran mayor\u00eda de los pobres de las econom\u00edas en desarrollo siguen siendo compradores netos de alimentos, por lo que las escaladas de los precios de los alimentos tienden a aumentar la pobreza en general\u201d, acot\u00f3.<\/p>\n<p>&nbsp;<\/p>\n<p>La publicaci\u00f3n recalca que actualmente en m\u00e1s de la mitad de las econom\u00edas que cuentan con un objetivo de inflaci\u00f3n, \u00e9sta se encuentra por arriba de dicho rango. El incremento de los precios puede mermar el valor de los salarios y los ahorros reales, aumentando la pobreza de los hogares.<\/p>\n<p>&nbsp;<\/p>\n<p>\u201cEn el caso de los pa\u00edses de ingreso bajo, las interrupciones en los suministros, as\u00ed como el alza de los precios podr\u00edan provocar un aumento del hambre y la inseguridad alimentaria. Adem\u00e1s, las alteraciones en las cadenas de suministro podr\u00edan intensificar las presiones inflacionarias\u201d, advirti\u00f3.<\/p>\n<p>&nbsp;<\/p>\n<p>Se debe, en parte, a que los hogares m\u00e1s pobres a menudo carecen de acceso a productos financieros que les puedan proteger contra la inflaci\u00f3n; mientras los de altos ingresos pueden reemplazar f\u00e1cilmente los bienes de mayor calidad en tiempos de crisis econ\u00f3micas; as\u00ed como aprovechar descuentos y compras al por mayor.<\/p>\n<p>&nbsp;<\/p>\n<p>\u201cLa elevada inflaci\u00f3n, en s\u00edntesis, tiende a empeorar la desigualdad o la pobreza porque afecta m\u00e1s a los ingresos y los ahorros de los hogares m\u00e1s pobres o de medianos ingresos que a los de los hogares ricos. Los hogares que recientemente han escapado de la pobreza podr\u00edan caer de nuevo en esta situaci\u00f3n debido al aumento de la inflaci\u00f3n\u201d, advirti\u00f3.<\/p>\n<p>&nbsp;<\/p>\n<p>&nbsp;<\/p>\n<p>(Publicada el 27\/03\/2022 \/ Dora Villanueva)<\/p>\n","protected":false},"excerpt":{"rendered":"<p>WASHINGTON, ESTADOS UNIDOS. \u2014 El reciente aumento de los precios de los alimentos y la&#8230;<\/p>\n","protected":false},"author":1,"featured_media":135797,"comment_status":"open","ping_status":"open","sticky":false,"template":"","format":"standard","meta":{"_monsterinsights_skip_tracking":false,"_monsterinsights_sitenote_active":false,"_monsterinsights_sitenote_note":"","_monsterinsights_sitenote_category":0,"footnotes":""},"categories":[3],"tags":[],"class_list":["post"],"yoast_head":" \n<title>Sonora en Equipo. Inflaci\u00f3n aumentar\u00e1 desigualdades e inseguridad alimentaria: Banco Mundial MUNDO<\/title>\n<meta name=\"description\" content=\"WASHINGTON, ESTADOS UNIDOS. \u2014 El reciente aumento de los precios de los alimentos y la energ\u00eda \u201cpodr\u00eda afectar de manera desproporcionada a los hogares En Sonora en Equipo publicamos toda la informaci\u00f3n de Sonora, M\u00e9xico y el Mundo de manera oportuna y busca que la libertad de expresi\u00f3n sea real. Visita nuestro medio informativo publicado desde Hermosillo, Sonora. %\" \/>\n<meta name=\"robots\" content=\"index, follow, max-snippet:-1, max-image-preview:large, max-video-preview:-1\" \/>\n<link rel=\"canonical\" href=\"https:\/\/www.sonoraenequipo.com.mx\/inflacion-aumentara-desigualdades-e-inseguridad-alimentaria-banco-mundial\/\" \/>\n<meta property=\"og:locale\" content=\"es_ES\" \/>\n<meta property=\"og:type\" content=\"article\" \/>\n<meta property=\"og:title\" content=\"Sonora en Equipo. Inflaci\u00f3n aumentar\u00e1 desigualdades e inseguridad alimentaria: Banco Mundial MUNDO\" \/>\n<meta property=\"og:description\" content=\"WASHINGTON, ESTADOS UNIDOS. \u2014 El reciente aumento de los precios de los alimentos y la energ\u00eda \u201cpodr\u00eda afectar de manera desproporcionada a los hogares En Sonora en Equipo publicamos toda la informaci\u00f3n de Sonora, M\u00e9xico y el Mundo de manera oportuna y busca que la libertad de expresi\u00f3n sea real. Visita nuestro medio informativo publicado desde Hermosillo, Sonora. %\" \/>\n<meta property=\"og:url\" content=\"https:\/\/www.sonoraenequipo.com.mx\/inflacion-aumentara-desigualdades-e-inseguridad-alimentaria-banco-mundial\/\" \/>\n<meta property=\"og:site_name\" content=\"Sonora en Equipo.\" \/>\n<meta property=\"article:publisher\" content=\"https:\/\/www.facebook.com\/SonoraEE\/\" \/>\n<meta property=\"article:author\" content=\"https:\/\/www.facebook.com\/SonoraEE\" \/>\n<meta property=\"article:published_time\" content=\"2022-03-28T04:36:31+00:00\" \/>\n<meta property=\"article:modified_time\" content=\"2022-03-28T16:26:21+00:00\" \/>\n<meta property=\"og:image\" content=\"https:\/\/www.sonoraenequipo.com.mx\/storage\/2022\/03\/de-nuevo-pobreza-en-el-mundo_opt.jpg\" \/>\n\t<meta property=\"og:image:width\" content=\"711\" \/>\n\t<meta property=\"og:image:height\" content=\"400\" \/>\n\t<meta property=\"og:image:type\" content=\"image\/jpeg\" \/>\n<meta name=\"author\" content=\"enequipo\" \/>\n<meta name=\"twitter:card\" content=\"summary_large_image\" \/>\n<meta name=\"twitter:creator\" content=\"@sonoraenequipo\" \/>\n<meta name=\"twitter:site\" content=\"@sonoraenequipo\" \/>\n<meta name=\"twitter:label1\" content=\"Escrito por\" \/>\n\t<meta name=\"twitter:data1\" content=\"enequipo\" \/>\n\t<meta name=\"twitter:label2\" content=\"Tiempo de lectura\" \/>\n\t<meta name=\"twitter:data2\" content=\"3 minutos\" \/>\n<script type=\"application\/ld+json\" class=\"yoast-schema-graph\">{\"@context\":\"https:\/\/schema.org\",\"@graph\":[{\"@type\":\"Article\",\"@id\":\"https:\/\/www.sonoraenequipo.com.mx\/inflacion-aumentara-desigualdades-e-inseguridad-alimentaria-banco-mundial\/#article\",\"isPartOf\":{\"@id\":\"https:\/\/www.sonoraenequipo.com.mx\/inflacion-aumentara-desigualdades-e-inseguridad-alimentaria-banco-mundial\/\"},\"author\":{\"name\":\"enequipo\",\"@id\":\"https:\/\/www.sonoraenequipo.com.mx\/#\/schema\/person\/50102df0fb23a8fa9e8effad8fa81386\"},\"headline\":\"Inflaci\u00f3n aumentar\u00e1 desigualdades e inseguridad alimentaria: Banco Mundial\",\"datePublished\":\"2022-03-28T04:36:31+00:00\",\"dateModified\":\"2022-03-28T16:26:21+00:00\",\"mainEntityOfPage\":{\"@id\":\"https:\/\/www.sonoraenequipo.com.mx\/inflacion-aumentara-desigualdades-e-inseguridad-alimentaria-banco-mundial\/\"},\"wordCount\":489,\"commentCount\":0,\"publisher\":{\"@id\":\"https:\/\/www.sonoraenequipo.com.mx\/#organization\"},\"image\":{\"@id\":\"https:\/\/www.sonoraenequipo.com.mx\/inflacion-aumentara-desigualdades-e-inseguridad-alimentaria-banco-mundial\/#primaryimage\"},\"thumbnailUrl\":\"https:\/\/www.sonoraenequipo.com.mx\/storage\/2022\/03\/de-nuevo-pobreza-en-el-mundo_opt.jpg\",\"articleSection\":[\"MUNDO\"],\"inLanguage\":\"es\",\"potentialAction\":[{\"@type\":\"CommentAction\",\"name\":\"Comment\",\"target\":[\"https:\/\/www.sonoraenequipo.com.mx\/inflacion-aumentara-desigualdades-e-inseguridad-alimentaria-banco-mundial\/#respond\"]}]},{\"@type\":\"WebPage\",\"@id\":\"https:\/\/www.sonoraenequipo.com.mx\/inflacion-aumentara-desigualdades-e-inseguridad-alimentaria-banco-mundial\/\",\"url\":\"https:\/\/www.sonoraenequipo.com.mx\/inflacion-aumentara-desigualdades-e-inseguridad-alimentaria-banco-mundial\/\",\"name\":\"Sonora en Equipo. Inflaci\u00f3n aumentar\u00e1 desigualdades e inseguridad alimentaria: Banco Mundial MUNDO\",\"isPartOf\":{\"@id\":\"https:\/\/www.sonoraenequipo.com.mx\/#website\"},\"primaryImageOfPage\":{\"@id\":\"https:\/\/www.sonoraenequipo.com.mx\/inflacion-aumentara-desigualdades-e-inseguridad-alimentaria-banco-mundial\/#primaryimage\"},\"image\":{\"@id\":\"https:\/\/www.sonoraenequipo.com.mx\/inflacion-aumentara-desigualdades-e-inseguridad-alimentaria-banco-mundial\/#primaryimage\"},\"thumbnailUrl\":\"https:\/\/www.sonoraenequipo.com.mx\/storage\/2022\/03\/de-nuevo-pobreza-en-el-mundo_opt.jpg\",\"datePublished\":\"2022-03-28T04:36:31+00:00\",\"dateModified\":\"2022-03-28T16:26:21+00:00\",\"description\":\"WASHINGTON, ESTADOS UNIDOS. \u2014 El reciente aumento de los precios de los alimentos y la energ\u00eda \u201cpodr\u00eda afectar de manera desproporcionada a los hogares En Sonora en Equipo publicamos toda la informaci\u00f3n de Sonora, M\u00e9xico y el Mundo de manera oportuna y busca que la libertad de expresi\u00f3n sea real. Visita nuestro medio informativo publicado desde Hermosillo, Sonora. %\",\"breadcrumb\":{\"@id\":\"https:\/\/www.sonoraenequipo.com.mx\/inflacion-aumentara-desigualdades-e-inseguridad-alimentaria-banco-mundial\/#breadcrumb\"},\"inLanguage\":\"es\",\"potentialAction\":[{\"@type\":\"ReadAction\",\"target\":[\"https:\/\/www.sonoraenequipo.com.mx\/inflacion-aumentara-desigualdades-e-inseguridad-alimentaria-banco-mundial\/\"]}]},{\"@type\":\"ImageObject\",\"inLanguage\":\"es\",\"@id\":\"https:\/\/www.sonoraenequipo.com.mx\/inflacion-aumentara-desigualdades-e-inseguridad-alimentaria-banco-mundial\/#primaryimage\",\"url\":\"https:\/\/www.sonoraenequipo.com.mx\/storage\/2022\/03\/de-nuevo-pobreza-en-el-mundo_opt.jpg\",\"contentUrl\":\"https:\/\/www.sonoraenequipo.com.mx\/storage\/2022\/03\/de-nuevo-pobreza-en-el-mundo_opt.jpg\",\"width\":711,\"height\":400},{\"@type\":\"BreadcrumbList\",\"@id\":\"https:\/\/www.sonoraenequipo.com.mx\/inflacion-aumentara-desigualdades-e-inseguridad-alimentaria-banco-mundial\/#breadcrumb\",\"itemListElement\":[{\"@type\":\"ListItem\",\"position\":1,\"name\":\"Portada\",\"item\":\"https:\/\/www.sonoraenequipo.com.mx\/\"},{\"@type\":\"ListItem\",\"position\":2,\"name\":\"Inflaci\u00f3n aumentar\u00e1 desigualdades e inseguridad alimentaria: Banco Mundial\"}]},{\"@type\":\"WebSite\",\"@id\":\"https:\/\/www.sonoraenequipo.com.mx\/#website\",\"url\":\"https:\/\/www.sonoraenequipo.com.mx\/\",\"name\":\"Sonora en Equipo.\",\"description\":\"Diario en l\u00ednea con Noticias desde Hermosillo, Sonora\",\"publisher\":{\"@id\":\"https:\/\/www.sonoraenequipo.com.mx\/#organization\"},\"potentialAction\":[{\"@type\":\"SearchAction\",\"target\":{\"@type\":\"EntryPoint\",\"urlTemplate\":\"https:\/\/www.sonoraenequipo.com.mx\/?s={search_term_string}\"},\"query-input\":{\"@type\":\"PropertyValueSpecification\",\"valueRequired\":true,\"valueName\":\"search_term_string\"}}],\"inLanguage\":\"es\"},{\"@type\":\"Organization\",\"@id\":\"https:\/\/www.sonoraenequipo.com.mx\/#organization\",\"name\":\"Sonoraenequipo.com.mx\",\"url\":\"https:\/\/www.sonoraenequipo.com.mx\/\",\"logo\":{\"@type\":\"ImageObject\",\"inLanguage\":\"es\",\"@id\":\"https:\/\/www.sonoraenequipo.com.mx\/#\/schema\/logo\/image\/\",\"url\":\"https:\/\/www.sonoraenequipo.com.mx\/storage\/2019\/01\/sonoraenequipo_opt.png\",\"contentUrl\":\"https:\/\/www.sonoraenequipo.com.mx\/storage\/2019\/01\/sonoraenequipo_opt.png\",\"width\":375,\"height\":125,\"caption\":\"Sonoraenequipo.com.mx\"},\"image\":{\"@id\":\"https:\/\/www.sonoraenequipo.com.mx\/#\/schema\/logo\/image\/\"},\"sameAs\":[\"https:\/\/www.facebook.com\/SonoraEE\/\",\"https:\/\/x.com\/sonoraenequipo\",\"https:\/\/www.youtube.com\/channel\/UC338nW-lPEYmJQs4ZABQ1SQ\"]},{\"@type\":\"Person\",\"@id\":\"https:\/\/www.sonoraenequipo.com.mx\/#\/schema\/person\/50102df0fb23a8fa9e8effad8fa81386\",\"name\":\"enequipo\",\"image\":{\"@type\":\"ImageObject\",\"inLanguage\":\"es\",\"@id\":\"https:\/\/www.sonoraenequipo.com.mx\/#\/schema\/person\/image\/\",\"url\":\"https:\/\/secure.gravatar.com\/avatar\/049821681b589dabc0bc20695993ccebb09f5b5d4d790cd9251b97faac7c652b?s=96&d=blank&r=g\",\"contentUrl\":\"https:\/\/secure.gravatar.com\/avatar\/049821681b589dabc0bc20695993ccebb09f5b5d4d790cd9251b97faac7c652b?s=96&d=blank&r=g\",\"caption\":\"enequipo\"},\"sameAs\":[\"https:\/\/www.facebook.com\/SonoraEE\"]}]}<\/script>\n ","yoast_head_json":{"title":"Sonora en Equipo. Inflaci\u00f3n aumentar\u00e1 desigualdades e inseguridad alimentaria: Banco Mundial MUNDO","description":"WASHINGTON, ESTADOS UNIDOS. \u2014 El reciente aumento de los precios de los alimentos y la energ\u00eda \u201cpodr\u00eda afectar de manera desproporcionada a los hogares En Sonora en Equipo publicamos toda la informaci\u00f3n de Sonora, M\u00e9xico y el Mundo de manera oportuna y busca que la libertad de expresi\u00f3n sea real. Visita nuestro medio informativo publicado desde Hermosillo, Sonora. %","robots":{"index":"index","follow":"follow","max-snippet":"max-snippet:-1","max-image-preview":"max-image-preview:large","max-video-preview":"max-video-preview:-1"},"canonical":"https:\/\/www.sonoraenequipo.com.mx\/inflacion-aumentara-desigualdades-e-inseguridad-alimentaria-banco-mundial\/","og_locale":"es_ES","og_type":"article","og_title":"Sonora en Equipo. Inflaci\u00f3n aumentar\u00e1 desigualdades e inseguridad alimentaria: Banco Mundial MUNDO","og_description":"WASHINGTON, ESTADOS UNIDOS. \u2014 El reciente aumento de los precios de los alimentos y la energ\u00eda \u201cpodr\u00eda afectar de manera desproporcionada a los hogares En Sonora en Equipo publicamos toda la informaci\u00f3n de Sonora, M\u00e9xico y el Mundo de manera oportuna y busca que la libertad de expresi\u00f3n sea real. Visita nuestro medio informativo publicado desde Hermosillo, Sonora. %","og_url":"https:\/\/www.sonoraenequipo.com.mx\/inflacion-aumentara-desigualdades-e-inseguridad-alimentaria-banco-mundial\/","og_site_name":"Sonora en Equipo.","article_publisher":"https:\/\/www.facebook.com\/SonoraEE\/","article_author":"https:\/\/www.facebook.com\/SonoraEE","article_published_time":"2022-03-28T04:36:31+00:00","article_modified_time":"2022-03-28T16:26:21+00:00","og_image":[{"width":711,"height":400,"url":"https:\/\/www.sonoraenequipo.com.mx\/storage\/2022\/03\/de-nuevo-pobreza-en-el-mundo_opt.jpg","type":"image\/jpeg"}],"author":"enequipo","twitter_card":"summary_large_image","twitter_creator":"@sonoraenequipo","twitter_site":"@sonoraenequipo","twitter_misc":{"Escrito por":"enequipo","Tiempo de lectura":"3 minutos"},"schema":{"@context":"https:\/\/schema.org","@graph":[{"@type":"Article","@id":"https:\/\/www.sonoraenequipo.com.mx\/inflacion-aumentara-desigualdades-e-inseguridad-alimentaria-banco-mundial\/#article","isPartOf":{"@id":"https:\/\/www.sonoraenequipo.com.mx\/inflacion-aumentara-desigualdades-e-inseguridad-alimentaria-banco-mundial\/"},"author":{"name":"enequipo","@id":"https:\/\/www.sonoraenequipo.com.mx\/#\/schema\/person\/50102df0fb23a8fa9e8effad8fa81386"},"headline":"Inflaci\u00f3n aumentar\u00e1 desigualdades e inseguridad alimentaria: Banco Mundial","datePublished":"2022-03-28T04:36:31+00:00","dateModified":"2022-03-28T16:26:21+00:00","mainEntityOfPage":{"@id":"https:\/\/www.sonoraenequipo.com.mx\/inflacion-aumentara-desigualdades-e-inseguridad-alimentaria-banco-mundial\/"},"wordCount":489,"commentCount":0,"publisher":{"@id":"https:\/\/www.sonoraenequipo.com.mx\/#organization"},"image":{"@id":"https:\/\/www.sonoraenequipo.com.mx\/inflacion-aumentara-desigualdades-e-inseguridad-alimentaria-banco-mundial\/#primaryimage"},"thumbnailUrl":"https:\/\/www.sonoraenequipo.com.mx\/storage\/2022\/03\/de-nuevo-pobreza-en-el-mundo_opt.jpg","articleSection":["MUNDO"],"inLanguage":"es","potentialAction":[{"@type":"CommentAction","name":"Comment","target":["https:\/\/www.sonoraenequipo.com.mx\/inflacion-aumentara-desigualdades-e-inseguridad-alimentaria-banco-mundial\/#respond"]}]},{"@type":"WebPage","@id":"https:\/\/www.sonoraenequipo.com.mx\/inflacion-aumentara-desigualdades-e-inseguridad-alimentaria-banco-mundial\/","url":"https:\/\/www.sonoraenequipo.com.mx\/inflacion-aumentara-desigualdades-e-inseguridad-alimentaria-banco-mundial\/","name":"Sonora en Equipo. Inflaci\u00f3n aumentar\u00e1 desigualdades e inseguridad alimentaria: Banco Mundial MUNDO","isPartOf":{"@id":"https:\/\/www.sonoraenequipo.com.mx\/#website"},"primaryImageOfPage":{"@id":"https:\/\/www.sonoraenequipo.com.mx\/inflacion-aumentara-desigualdades-e-inseguridad-alimentaria-banco-mundial\/#primaryimage"},"image":{"@id":"https:\/\/www.sonoraenequipo.com.mx\/inflacion-aumentara-desigualdades-e-inseguridad-alimentaria-banco-mundial\/#primaryimage"},"thumbnailUrl":"https:\/\/www.sonoraenequipo.com.mx\/storage\/2022\/03\/de-nuevo-pobreza-en-el-mundo_opt.jpg","datePublished":"2022-03-28T04:36:31+00:00","dateModified":"2022-03-28T16:26:21+00:00","description":"WASHINGTON, ESTADOS UNIDOS. \u2014 El reciente aumento de los precios de los alimentos y la energ\u00eda \u201cpodr\u00eda afectar de manera desproporcionada a los hogares En Sonora en Equipo publicamos toda la informaci\u00f3n de Sonora, M\u00e9xico y el Mundo de manera oportuna y busca que la libertad de expresi\u00f3n sea real. Visita nuestro medio informativo publicado desde Hermosillo, Sonora. %","breadcrumb":{"@id":"https:\/\/www.sonoraenequipo.com.mx\/inflacion-aumentara-desigualdades-e-inseguridad-alimentaria-banco-mundial\/#breadcrumb"},"inLanguage":"es","potentialAction":[{"@type":"ReadAction","target":["https:\/\/www.sonoraenequipo.com.mx\/inflacion-aumentara-desigualdades-e-inseguridad-alimentaria-banco-mundial\/"]}]},{"@type":"ImageObject","inLanguage":"es","@id":"https:\/\/www.sonoraenequipo.com.mx\/inflacion-aumentara-desigualdades-e-inseguridad-alimentaria-banco-mundial\/#primaryimage","url":"https:\/\/www.sonoraenequipo.com.mx\/storage\/2022\/03\/de-nuevo-pobreza-en-el-mundo_opt.jpg","contentUrl":"https:\/\/www.sonoraenequipo.com.mx\/storage\/2022\/03\/de-nuevo-pobreza-en-el-mundo_opt.jpg","width":711,"height":400},{"@type":"BreadcrumbList","@id":"https:\/\/www.sonoraenequipo.com.mx\/inflacion-aumentara-desigualdades-e-inseguridad-alimentaria-banco-mundial\/#breadcrumb","itemListElement":[{"@type":"ListItem","position":1,"name":"Portada","item":"https:\/\/www.sonoraenequipo.com.mx\/"},{"@type":"ListItem","position":2,"name":"Inflaci\u00f3n aumentar\u00e1 desigualdades e inseguridad alimentaria: Banco Mundial"}]},{"@type":"WebSite","@id":"https:\/\/www.sonoraenequipo.com.mx\/#website","url":"https:\/\/www.sonoraenequipo.com.mx\/","name":"Sonora en Equipo.","description":"Diario en l\u00ednea con Noticias desde Hermosillo, Sonora","publisher":{"@id":"https:\/\/www.sonoraenequipo.com.mx\/#organization"},"potentialAction":[{"@type":"SearchAction","target":{"@type":"EntryPoint","urlTemplate":"https:\/\/www.sonoraenequipo.com.mx\/?s={search_term_string}"},"query-input":{"@type":"PropertyValueSpecification","valueRequired":true,"valueName":"search_term_string"}}],"inLanguage":"es"},{"@type":"Organization","@id":"https:\/\/www.sonoraenequipo.com.mx\/#organization","name":"Sonoraenequipo.com.mx","url":"https:\/\/www.sonoraenequipo.com.mx\/","logo":{"@type":"ImageObject","inLanguage":"es","@id":"https:\/\/www.sonoraenequipo.com.mx\/#\/schema\/logo\/image\/","url":"https:\/\/www.sonoraenequipo.com.mx\/storage\/2019\/01\/sonoraenequipo_opt.png","contentUrl":"https:\/\/www.sonoraenequipo.com.mx\/storage\/2019\/01\/sonoraenequipo_opt.png","width":375,"height":125,"caption":"Sonoraenequipo.com.mx"},"image":{"@id":"https:\/\/www.sonoraenequipo.com.mx\/#\/schema\/logo\/image\/"},"sameAs":["https:\/\/www.facebook.com\/SonoraEE\/","https:\/\/x.com\/sonoraenequipo","https:\/\/www.youtube.com\/channel\/UC338nW-lPEYmJQs4ZABQ1SQ"]},{"@type":"Person","@id":"https:\/\/www.sonoraenequipo.com.mx\/#\/schema\/person\/50102df0fb23a8fa9e8effad8fa81386","name":"enequipo","image":{"@type":"ImageObject","inLanguage":"es","@id":"https:\/\/www.sonoraenequipo.com.mx\/#\/schema\/person\/image\/","url":"https:\/\/secure.gravatar.com\/avatar\/049821681b589dabc0bc20695993ccebb09f5b5d4d790cd9251b97faac7c652b?s=96&d=blank&r=g","contentUrl":"https:\/\/secure.gravatar.com\/avatar\/049821681b589dabc0bc20695993ccebb09f5b5d4d790cd9251b97faac7c652b?s=96&d=blank&r=g","caption":"enequipo"},"sameAs":["https:\/\/www.facebook.com\/SonoraEE"]}]}},"jetpack_featured_media_url":"https:\/\/www.sonoraenequipo.com.mx\/storage\/2022\/03\/de-nuevo-pobreza-en-el-mundo_opt.jpg","_links":{"self":[{"href":"https:\/\/www.sonoraenequipo.com.mx\/api\/wp\/v2\/posts\/135792","targetHints":{"allow":["GET"]}}],"collection":[{"href":"https:\/\/www.sonoraenequipo.com.mx\/api\/wp\/v2\/posts"}],"about":[{"href":"https:\/\/www.sonoraenequipo.com.mx\/api\/wp\/v2\/types\/post"}],"author":[{"embeddable":true,"href":"https:\/\/www.sonoraenequipo.com.mx\/api\/wp\/v2\/users\/1"}],"replies":[{"embeddable":true,"href":"https:\/\/www.sonoraenequipo.com.mx\/api\/wp\/v2\/comments?post=135792"}],"version-history":[{"count":1,"href":"https:\/\/www.sonoraenequipo.com.mx\/api\/wp\/v2\/posts\/135792\/revisions"}],"predecessor-version":[{"id":135798,"href":"https:\/\/www.sonoraenequipo.com.mx\/api\/wp\/v2\/posts\/135792\/revisions\/135798"}],"wp:featuredmedia":[{"embeddable":true,"href":"https:\/\/www.sonoraenequipo.com.mx\/api\/wp\/v2\/media\/135797"}],"wp:attachment":[{"href":"https:\/\/www.sonoraenequipo.com.mx\/api\/wp\/v2\/media?parent=135792"}],"wp:term":[{"taxonomy":"category","embeddable":true,"href":"https:\/\/www.sonoraenequipo.com.mx\/api\/wp\/v2\/categories?post=135792"},{"taxonomy":"post_tag","embeddable":true,"href":"https:\/\/www.sonoraenequipo.com.mx\/api\/wp\/v2\/tags?post=135792"}],"curies":[{"name":"wp","href":"https:\/\/api.w.org\/{rel}","templated":true}]}}