{"id":135805,"date":"2022-03-28T13:16:35","date_gmt":"2022-03-28T20:16:35","guid":{"rendered":"https:\/\/www.sonoraenequipo.com.mx\/?p=135805"},"modified":"2022-03-28T18:52:17","modified_gmt":"2022-03-29T01:52:17","slug":"reconoce-tono-astiazaran-a-dos-grandes-del-teatro","status":"publish","type":"post","link":"https:\/\/www.sonoraenequipo.com.mx\/reconoce-tono-astiazaran-a-dos-grandes-del-teatro\/","title":{"rendered":"Reconoce Astiazar\u00e1n trayectoria de dos grandes del teatro: Sergio Galindo y Roberto Corella"},"content":{"rendered":"<p><strong>HERMOSILLO, SONORA,MX.<\/strong><strong>\u25ac<\/strong> Como un reconocimiento a su invaluable aporte al teatro y la cultura en Hermosillo y Sonora, el presidente municipal Antonio Astiazar\u00e1n entreg\u00f3 un reconocimiento por sus 50 a\u00f1os de trayectoria a los dramaturgos Roberto Corella y Sergio Galindo.<\/p>\n<p>&nbsp;<\/p>\n<p> <\/p>\n<p>&nbsp;<\/p>\n<p>Acompa\u00f1ados por su esposa y presidenta de DIF Hermosillo, Patricia Ruibal Zaragoza, y Marianna Gonz\u00e1lez Gast\u00e9lum, directora del Instituto Municipal de Cultura y Arte (IMCA), el Presidente Municipal se sum\u00f3 a la reflexi\u00f3n sobre el gran m\u00e9rito de quienes abrieron brecha a las expresiones art\u00edsticas que el teatro engloba en la entidad y el municipio.<\/p>\n<p>&nbsp;<\/p>\n<p>&nbsp;<\/p>\n<p>Sergio Galindo y Roberto Corella, charlaron sobre sus respectivas trayectorias, como actores, directores y escritores durante 50 a\u00f1os y compartieron su visi\u00f3n respecto la sobrevivencia del teatro a las dificultades presentes y futuras.<\/p>\n<p>&nbsp;<\/p>\n<p>&nbsp;<\/p>\n<p>Fecha de publicaci\u00f3n lunes\/28 \/marzo\/2022<\/p>\n","protected":false},"excerpt":{"rendered":"<p>HERMOSILLO, SONORA,MX.\u25ac Como un reconocimiento a su invaluable aporte al teatro y la cultura en&#8230;<\/p>\n","protected":false},"author":4,"featured_media":135807,"comment_status":"open","ping_status":"open","sticky":false,"template":"","format":"standard","meta":{"_monsterinsights_skip_tracking":false,"_monsterinsights_sitenote_active":false,"_monsterinsights_sitenote_note":"","_monsterinsights_sitenote_category":0,"footnotes":""},"categories":[4],"tags":[2693,6026],"class_list":["post"],"yoast_head":" \n<title>Sonora en Equipo. Reconoce Astiazar\u00e1n trayectoria de dos grandes del teatro: Sergio Galindo y Roberto Corella Municipios<\/title>\n<meta name=\"description\" content=\"HERMOSILLO, SONORA,MX.\u25ac Como un reconocimiento a su invaluable aporte al teatro y la cultura en Hermosillo y Sonora, el presidente municipal Antonio En Sonora en Equipo publicamos toda la informaci\u00f3n de Sonora, M\u00e9xico y el Mundo de manera oportuna y busca que la libertad de expresi\u00f3n sea real. Visita nuestro medio informativo publicado desde Hermosillo, Sonora. %\" \/>\n<meta name=\"robots\" content=\"index, follow, max-snippet:-1, max-image-preview:large, max-video-preview:-1\" \/>\n<link rel=\"canonical\" href=\"https:\/\/www.sonoraenequipo.com.mx\/reconoce-tono-astiazaran-a-dos-grandes-del-teatro\/\" \/>\n<meta property=\"og:locale\" content=\"es_ES\" \/>\n<meta property=\"og:type\" content=\"article\" \/>\n<meta property=\"og:title\" content=\"Sonora en Equipo. Reconoce Astiazar\u00e1n trayectoria de dos grandes del teatro: Sergio Galindo y Roberto Corella Municipios\" \/>\n<meta property=\"og:description\" content=\"HERMOSILLO, SONORA,MX.\u25ac Como un reconocimiento a su invaluable aporte al teatro y la cultura en Hermosillo y Sonora, el presidente municipal Antonio En Sonora en Equipo publicamos toda la informaci\u00f3n de Sonora, M\u00e9xico y el Mundo de manera oportuna y busca que la libertad de expresi\u00f3n sea real. Visita nuestro medio informativo publicado desde Hermosillo, Sonora. %\" \/>\n<meta property=\"og:url\" content=\"https:\/\/www.sonoraenequipo.com.mx\/reconoce-tono-astiazaran-a-dos-grandes-del-teatro\/\" \/>\n<meta property=\"og:site_name\" content=\"Sonora en Equipo.\" \/>\n<meta property=\"article:publisher\" content=\"https:\/\/www.facebook.com\/SonoraEE\/\" \/>\n<meta property=\"article:published_time\" content=\"2022-03-28T20:16:35+00:00\" \/>\n<meta property=\"article:modified_time\" content=\"2022-03-29T01:52:17+00:00\" \/>\n<meta property=\"og:image\" content=\"https:\/\/www.sonoraenequipo.com.mx\/storage\/2022\/03\/aag-actores.jpg\" \/>\n\t<meta property=\"og:image:width\" content=\"700\" \/>\n\t<meta property=\"og:image:height\" content=\"400\" \/>\n\t<meta property=\"og:image:type\" content=\"image\/jpeg\" \/>\n<meta name=\"author\" content=\"Redacci\u00f3n\" \/>\n<meta name=\"twitter:card\" content=\"summary_large_image\" \/>\n<meta name=\"twitter:creator\" content=\"@sonoraenequipo\" \/>\n<meta name=\"twitter:site\" content=\"@sonoraenequipo\" \/>\n<meta name=\"twitter:label1\" content=\"Escrito por\" \/>\n\t<meta name=\"twitter:data1\" content=\"Redacci\u00f3n\" \/>\n\t<meta name=\"twitter:label2\" content=\"Tiempo de lectura\" \/>\n\t<meta name=\"twitter:data2\" content=\"1 minuto\" \/>\n<script type=\"application\/ld+json\" class=\"yoast-schema-graph\">{\"@context\":\"https:\/\/schema.org\",\"@graph\":[{\"@type\":\"Article\",\"@id\":\"https:\/\/www.sonoraenequipo.com.mx\/reconoce-tono-astiazaran-a-dos-grandes-del-teatro\/#article\",\"isPartOf\":{\"@id\":\"https:\/\/www.sonoraenequipo.com.mx\/reconoce-tono-astiazaran-a-dos-grandes-del-teatro\/\"},\"author\":{\"name\":\"Redacci\u00f3n\",\"@id\":\"https:\/\/www.sonoraenequipo.com.mx\/#\/schema\/person\/3e506c30006ba6091952ed27b4accc26\"},\"headline\":\"Reconoce Astiazar\u00e1n trayectoria de dos grandes del teatro: Sergio Galindo y Roberto Corella\",\"datePublished\":\"2022-03-28T20:16:35+00:00\",\"dateModified\":\"2022-03-29T01:52:17+00:00\",\"mainEntityOfPage\":{\"@id\":\"https:\/\/www.sonoraenequipo.com.mx\/reconoce-tono-astiazaran-a-dos-grandes-del-teatro\/\"},\"wordCount\":163,\"commentCount\":0,\"publisher\":{\"@id\":\"https:\/\/www.sonoraenequipo.com.mx\/#organization\"},\"image\":{\"@id\":\"https:\/\/www.sonoraenequipo.com.mx\/reconoce-tono-astiazaran-a-dos-grandes-del-teatro\/#primaryimage\"},\"thumbnailUrl\":\"https:\/\/www.sonoraenequipo.com.mx\/storage\/2022\/03\/aag-actores.jpg\",\"keywords\":[\"Actores\",\"to\u00f1o astiazaran\"],\"articleSection\":[\"Municipios\"],\"inLanguage\":\"es\",\"potentialAction\":[{\"@type\":\"CommentAction\",\"name\":\"Comment\",\"target\":[\"https:\/\/www.sonoraenequipo.com.mx\/reconoce-tono-astiazaran-a-dos-grandes-del-teatro\/#respond\"]}]},{\"@type\":\"WebPage\",\"@id\":\"https:\/\/www.sonoraenequipo.com.mx\/reconoce-tono-astiazaran-a-dos-grandes-del-teatro\/\",\"url\":\"https:\/\/www.sonoraenequipo.com.mx\/reconoce-tono-astiazaran-a-dos-grandes-del-teatro\/\",\"name\":\"Sonora en Equipo. Reconoce Astiazar\u00e1n trayectoria de dos grandes del teatro: Sergio Galindo y Roberto Corella Municipios\",\"isPartOf\":{\"@id\":\"https:\/\/www.sonoraenequipo.com.mx\/#website\"},\"primaryImageOfPage\":{\"@id\":\"https:\/\/www.sonoraenequipo.com.mx\/reconoce-tono-astiazaran-a-dos-grandes-del-teatro\/#primaryimage\"},\"image\":{\"@id\":\"https:\/\/www.sonoraenequipo.com.mx\/reconoce-tono-astiazaran-a-dos-grandes-del-teatro\/#primaryimage\"},\"thumbnailUrl\":\"https:\/\/www.sonoraenequipo.com.mx\/storage\/2022\/03\/aag-actores.jpg\",\"datePublished\":\"2022-03-28T20:16:35+00:00\",\"dateModified\":\"2022-03-29T01:52:17+00:00\",\"description\":\"HERMOSILLO, SONORA,MX.\u25ac Como un reconocimiento a su invaluable aporte al teatro y la cultura en Hermosillo y Sonora, el presidente municipal Antonio En Sonora en Equipo publicamos toda la informaci\u00f3n de Sonora, M\u00e9xico y el Mundo de manera oportuna y busca que la libertad de expresi\u00f3n sea real. Visita nuestro medio informativo publicado desde Hermosillo, Sonora. %\",\"breadcrumb\":{\"@id\":\"https:\/\/www.sonoraenequipo.com.mx\/reconoce-tono-astiazaran-a-dos-grandes-del-teatro\/#breadcrumb\"},\"inLanguage\":\"es\",\"potentialAction\":[{\"@type\":\"ReadAction\",\"target\":[\"https:\/\/www.sonoraenequipo.com.mx\/reconoce-tono-astiazaran-a-dos-grandes-del-teatro\/\"]}]},{\"@type\":\"ImageObject\",\"inLanguage\":\"es\",\"@id\":\"https:\/\/www.sonoraenequipo.com.mx\/reconoce-tono-astiazaran-a-dos-grandes-del-teatro\/#primaryimage\",\"url\":\"https:\/\/www.sonoraenequipo.com.mx\/storage\/2022\/03\/aag-actores.jpg\",\"contentUrl\":\"https:\/\/www.sonoraenequipo.com.mx\/storage\/2022\/03\/aag-actores.jpg\",\"width\":700,\"height\":400},{\"@type\":\"BreadcrumbList\",\"@id\":\"https:\/\/www.sonoraenequipo.com.mx\/reconoce-tono-astiazaran-a-dos-grandes-del-teatro\/#breadcrumb\",\"itemListElement\":[{\"@type\":\"ListItem\",\"position\":1,\"name\":\"Portada\",\"item\":\"https:\/\/www.sonoraenequipo.com.mx\/\"},{\"@type\":\"ListItem\",\"position\":2,\"name\":\"Reconoce Astiazar\u00e1n trayectoria de dos grandes del teatro: Sergio Galindo y Roberto Corella\"}]},{\"@type\":\"WebSite\",\"@id\":\"https:\/\/www.sonoraenequipo.com.mx\/#website\",\"url\":\"https:\/\/www.sonoraenequipo.com.mx\/\",\"name\":\"Sonora en Equipo.\",\"description\":\"Diario en l\u00ednea con Noticias desde Hermosillo, Sonora\",\"publisher\":{\"@id\":\"https:\/\/www.sonoraenequipo.com.mx\/#organization\"},\"potentialAction\":[{\"@type\":\"SearchAction\",\"target\":{\"@type\":\"EntryPoint\",\"urlTemplate\":\"https:\/\/www.sonoraenequipo.com.mx\/?s={search_term_string}\"},\"query-input\":{\"@type\":\"PropertyValueSpecification\",\"valueRequired\":true,\"valueName\":\"search_term_string\"}}],\"inLanguage\":\"es\"},{\"@type\":\"Organization\",\"@id\":\"https:\/\/www.sonoraenequipo.com.mx\/#organization\",\"name\":\"Sonoraenequipo.com.mx\",\"url\":\"https:\/\/www.sonoraenequipo.com.mx\/\",\"logo\":{\"@type\":\"ImageObject\",\"inLanguage\":\"es\",\"@id\":\"https:\/\/www.sonoraenequipo.com.mx\/#\/schema\/logo\/image\/\",\"url\":\"https:\/\/www.sonoraenequipo.com.mx\/storage\/2019\/01\/sonoraenequipo_opt.png\",\"contentUrl\":\"https:\/\/www.sonoraenequipo.com.mx\/storage\/2019\/01\/sonoraenequipo_opt.png\",\"width\":375,\"height\":125,\"caption\":\"Sonoraenequipo.com.mx\"},\"image\":{\"@id\":\"https:\/\/www.sonoraenequipo.com.mx\/#\/schema\/logo\/image\/\"},\"sameAs\":[\"https:\/\/www.facebook.com\/SonoraEE\/\",\"https:\/\/x.com\/sonoraenequipo\",\"https:\/\/www.youtube.com\/channel\/UC338nW-lPEYmJQs4ZABQ1SQ\"]},{\"@type\":\"Person\",\"@id\":\"https:\/\/www.sonoraenequipo.com.mx\/#\/schema\/person\/3e506c30006ba6091952ed27b4accc26\",\"name\":\"Redacci\u00f3n\",\"image\":{\"@type\":\"ImageObject\",\"inLanguage\":\"es\",\"@id\":\"https:\/\/www.sonoraenequipo.com.mx\/#\/schema\/person\/image\/\",\"url\":\"https:\/\/secure.gravatar.com\/avatar\/9e8091cd4065893f14e161ece1f64c54b09b76c20d7d73609bb6e3387d3bdb75?s=96&d=blank&r=g\",\"contentUrl\":\"https:\/\/secure.gravatar.com\/avatar\/9e8091cd4065893f14e161ece1f64c54b09b76c20d7d73609bb6e3387d3bdb75?s=96&d=blank&r=g\",\"caption\":\"Redacci\u00f3n\"},\"sameAs\":[\"http:\/\/www.sonoraenequipo.com\"]}]}<\/script>\n ","yoast_head_json":{"title":"Sonora en Equipo. Reconoce Astiazar\u00e1n trayectoria de dos grandes del teatro: Sergio Galindo y Roberto Corella Municipios","description":"HERMOSILLO, SONORA,MX.\u25ac Como un reconocimiento a su invaluable aporte al teatro y la cultura en Hermosillo y Sonora, el presidente municipal Antonio En Sonora en Equipo publicamos toda la informaci\u00f3n de Sonora, M\u00e9xico y el Mundo de manera oportuna y busca que la libertad de expresi\u00f3n sea real. Visita nuestro medio informativo publicado desde Hermosillo, Sonora. %","robots":{"index":"index","follow":"follow","max-snippet":"max-snippet:-1","max-image-preview":"max-image-preview:large","max-video-preview":"max-video-preview:-1"},"canonical":"https:\/\/www.sonoraenequipo.com.mx\/reconoce-tono-astiazaran-a-dos-grandes-del-teatro\/","og_locale":"es_ES","og_type":"article","og_title":"Sonora en Equipo. Reconoce Astiazar\u00e1n trayectoria de dos grandes del teatro: Sergio Galindo y Roberto Corella Municipios","og_description":"HERMOSILLO, SONORA,MX.\u25ac Como un reconocimiento a su invaluable aporte al teatro y la cultura en Hermosillo y Sonora, el presidente municipal Antonio En Sonora en Equipo publicamos toda la informaci\u00f3n de Sonora, M\u00e9xico y el Mundo de manera oportuna y busca que la libertad de expresi\u00f3n sea real. Visita nuestro medio informativo publicado desde Hermosillo, Sonora. %","og_url":"https:\/\/www.sonoraenequipo.com.mx\/reconoce-tono-astiazaran-a-dos-grandes-del-teatro\/","og_site_name":"Sonora en Equipo.","article_publisher":"https:\/\/www.facebook.com\/SonoraEE\/","article_published_time":"2022-03-28T20:16:35+00:00","article_modified_time":"2022-03-29T01:52:17+00:00","og_image":[{"width":700,"height":400,"url":"https:\/\/www.sonoraenequipo.com.mx\/storage\/2022\/03\/aag-actores.jpg","type":"image\/jpeg"}],"author":"Redacci\u00f3n","twitter_card":"summary_large_image","twitter_creator":"@sonoraenequipo","twitter_site":"@sonoraenequipo","twitter_misc":{"Escrito por":"Redacci\u00f3n","Tiempo de lectura":"1 minuto"},"schema":{"@context":"https:\/\/schema.org","@graph":[{"@type":"Article","@id":"https:\/\/www.sonoraenequipo.com.mx\/reconoce-tono-astiazaran-a-dos-grandes-del-teatro\/#article","isPartOf":{"@id":"https:\/\/www.sonoraenequipo.com.mx\/reconoce-tono-astiazaran-a-dos-grandes-del-teatro\/"},"author":{"name":"Redacci\u00f3n","@id":"https:\/\/www.sonoraenequipo.com.mx\/#\/schema\/person\/3e506c30006ba6091952ed27b4accc26"},"headline":"Reconoce Astiazar\u00e1n trayectoria de dos grandes del teatro: Sergio Galindo y Roberto Corella","datePublished":"2022-03-28T20:16:35+00:00","dateModified":"2022-03-29T01:52:17+00:00","mainEntityOfPage":{"@id":"https:\/\/www.sonoraenequipo.com.mx\/reconoce-tono-astiazaran-a-dos-grandes-del-teatro\/"},"wordCount":163,"commentCount":0,"publisher":{"@id":"https:\/\/www.sonoraenequipo.com.mx\/#organization"},"image":{"@id":"https:\/\/www.sonoraenequipo.com.mx\/reconoce-tono-astiazaran-a-dos-grandes-del-teatro\/#primaryimage"},"thumbnailUrl":"https:\/\/www.sonoraenequipo.com.mx\/storage\/2022\/03\/aag-actores.jpg","keywords":["Actores","to\u00f1o astiazaran"],"articleSection":["Municipios"],"inLanguage":"es","potentialAction":[{"@type":"CommentAction","name":"Comment","target":["https:\/\/www.sonoraenequipo.com.mx\/reconoce-tono-astiazaran-a-dos-grandes-del-teatro\/#respond"]}]},{"@type":"WebPage","@id":"https:\/\/www.sonoraenequipo.com.mx\/reconoce-tono-astiazaran-a-dos-grandes-del-teatro\/","url":"https:\/\/www.sonoraenequipo.com.mx\/reconoce-tono-astiazaran-a-dos-grandes-del-teatro\/","name":"Sonora en Equipo. Reconoce Astiazar\u00e1n trayectoria de dos grandes del teatro: Sergio Galindo y Roberto Corella Municipios","isPartOf":{"@id":"https:\/\/www.sonoraenequipo.com.mx\/#website"},"primaryImageOfPage":{"@id":"https:\/\/www.sonoraenequipo.com.mx\/reconoce-tono-astiazaran-a-dos-grandes-del-teatro\/#primaryimage"},"image":{"@id":"https:\/\/www.sonoraenequipo.com.mx\/reconoce-tono-astiazaran-a-dos-grandes-del-teatro\/#primaryimage"},"thumbnailUrl":"https:\/\/www.sonoraenequipo.com.mx\/storage\/2022\/03\/aag-actores.jpg","datePublished":"2022-03-28T20:16:35+00:00","dateModified":"2022-03-29T01:52:17+00:00","description":"HERMOSILLO, SONORA,MX.\u25ac Como un reconocimiento a su invaluable aporte al teatro y la cultura en Hermosillo y Sonora, el presidente municipal Antonio En Sonora en Equipo publicamos toda la informaci\u00f3n de Sonora, M\u00e9xico y el Mundo de manera oportuna y busca que la libertad de expresi\u00f3n sea real. Visita nuestro medio informativo publicado desde Hermosillo, Sonora. %","breadcrumb":{"@id":"https:\/\/www.sonoraenequipo.com.mx\/reconoce-tono-astiazaran-a-dos-grandes-del-teatro\/#breadcrumb"},"inLanguage":"es","potentialAction":[{"@type":"ReadAction","target":["https:\/\/www.sonoraenequipo.com.mx\/reconoce-tono-astiazaran-a-dos-grandes-del-teatro\/"]}]},{"@type":"ImageObject","inLanguage":"es","@id":"https:\/\/www.sonoraenequipo.com.mx\/reconoce-tono-astiazaran-a-dos-grandes-del-teatro\/#primaryimage","url":"https:\/\/www.sonoraenequipo.com.mx\/storage\/2022\/03\/aag-actores.jpg","contentUrl":"https:\/\/www.sonoraenequipo.com.mx\/storage\/2022\/03\/aag-actores.jpg","width":700,"height":400},{"@type":"BreadcrumbList","@id":"https:\/\/www.sonoraenequipo.com.mx\/reconoce-tono-astiazaran-a-dos-grandes-del-teatro\/#breadcrumb","itemListElement":[{"@type":"ListItem","position":1,"name":"Portada","item":"https:\/\/www.sonoraenequipo.com.mx\/"},{"@type":"ListItem","position":2,"name":"Reconoce Astiazar\u00e1n trayectoria de dos grandes del teatro: Sergio Galindo y Roberto Corella"}]},{"@type":"WebSite","@id":"https:\/\/www.sonoraenequipo.com.mx\/#website","url":"https:\/\/www.sonoraenequipo.com.mx\/","name":"Sonora en Equipo.","description":"Diario en l\u00ednea con Noticias desde Hermosillo, Sonora","publisher":{"@id":"https:\/\/www.sonoraenequipo.com.mx\/#organization"},"potentialAction":[{"@type":"SearchAction","target":{"@type":"EntryPoint","urlTemplate":"https:\/\/www.sonoraenequipo.com.mx\/?s={search_term_string}"},"query-input":{"@type":"PropertyValueSpecification","valueRequired":true,"valueName":"search_term_string"}}],"inLanguage":"es"},{"@type":"Organization","@id":"https:\/\/www.sonoraenequipo.com.mx\/#organization","name":"Sonoraenequipo.com.mx","url":"https:\/\/www.sonoraenequipo.com.mx\/","logo":{"@type":"ImageObject","inLanguage":"es","@id":"https:\/\/www.sonoraenequipo.com.mx\/#\/schema\/logo\/image\/","url":"https:\/\/www.sonoraenequipo.com.mx\/storage\/2019\/01\/sonoraenequipo_opt.png","contentUrl":"https:\/\/www.sonoraenequipo.com.mx\/storage\/2019\/01\/sonoraenequipo_opt.png","width":375,"height":125,"caption":"Sonoraenequipo.com.mx"},"image":{"@id":"https:\/\/www.sonoraenequipo.com.mx\/#\/schema\/logo\/image\/"},"sameAs":["https:\/\/www.facebook.com\/SonoraEE\/","https:\/\/x.com\/sonoraenequipo","https:\/\/www.youtube.com\/channel\/UC338nW-lPEYmJQs4ZABQ1SQ"]},{"@type":"Person","@id":"https:\/\/www.sonoraenequipo.com.mx\/#\/schema\/person\/3e506c30006ba6091952ed27b4accc26","name":"Redacci\u00f3n","image":{"@type":"ImageObject","inLanguage":"es","@id":"https:\/\/www.sonoraenequipo.com.mx\/#\/schema\/person\/image\/","url":"https:\/\/secure.gravatar.com\/avatar\/9e8091cd4065893f14e161ece1f64c54b09b76c20d7d73609bb6e3387d3bdb75?s=96&d=blank&r=g","contentUrl":"https:\/\/secure.gravatar.com\/avatar\/9e8091cd4065893f14e161ece1f64c54b09b76c20d7d73609bb6e3387d3bdb75?s=96&d=blank&r=g","caption":"Redacci\u00f3n"},"sameAs":["http:\/\/www.sonoraenequipo.com"]}]}},"jetpack_featured_media_url":"https:\/\/www.sonoraenequipo.com.mx\/storage\/2022\/03\/aag-actores.jpg","_links":{"self":[{"href":"https:\/\/www.sonoraenequipo.com.mx\/api\/wp\/v2\/posts\/135805","targetHints":{"allow":["GET"]}}],"collection":[{"href":"https:\/\/www.sonoraenequipo.com.mx\/api\/wp\/v2\/posts"}],"about":[{"href":"https:\/\/www.sonoraenequipo.com.mx\/api\/wp\/v2\/types\/post"}],"author":[{"embeddable":true,"href":"https:\/\/www.sonoraenequipo.com.mx\/api\/wp\/v2\/users\/4"}],"replies":[{"embeddable":true,"href":"https:\/\/www.sonoraenequipo.com.mx\/api\/wp\/v2\/comments?post=135805"}],"version-history":[{"count":3,"href":"https:\/\/www.sonoraenequipo.com.mx\/api\/wp\/v2\/posts\/135805\/revisions"}],"predecessor-version":[{"id":135830,"href":"https:\/\/www.sonoraenequipo.com.mx\/api\/wp\/v2\/posts\/135805\/revisions\/135830"}],"wp:featuredmedia":[{"embeddable":true,"href":"https:\/\/www.sonoraenequipo.com.mx\/api\/wp\/v2\/media\/135807"}],"wp:attachment":[{"href":"https:\/\/www.sonoraenequipo.com.mx\/api\/wp\/v2\/media?parent=135805"}],"wp:term":[{"taxonomy":"category","embeddable":true,"href":"https:\/\/www.sonoraenequipo.com.mx\/api\/wp\/v2\/categories?post=135805"},{"taxonomy":"post_tag","embeddable":true,"href":"https:\/\/www.sonoraenequipo.com.mx\/api\/wp\/v2\/tags?post=135805"}],"curies":[{"name":"wp","href":"https:\/\/api.w.org\/{rel}","templated":true}]}}