{"id":135832,"date":"2022-03-28T08:20:17","date_gmt":"2022-03-28T15:20:17","guid":{"rendered":"https:\/\/www.sonoraenequipo.com.mx\/?p=135832"},"modified":"2022-03-28T19:21:03","modified_gmt":"2022-03-29T02:21:03","slug":"alista-el-gobierno-plan-economico-para-aminorar-golpe-de-inflacion-amlo","status":"publish","type":"post","link":"https:\/\/www.sonoraenequipo.com.mx\/alista-el-gobierno-plan-economico-para-aminorar-golpe-de-inflacion-amlo\/","title":{"rendered":"Alista el gobierno plan econ\u00f3mico para aminorar golpe de inflaci\u00f3n: AMLO"},"content":{"rendered":"<p><strong>CIUDAD DE M\u00c9XICO. MX. \u2014<\/strong> Para aminorar los afectos de la inflaci\u00f3n, el gobierno federal prepara un plan para fortalecer la econom\u00eda popular, inform\u00f3 el Presidente Andr\u00e9s Manuel L\u00f3pez Obrador. Adem\u00e1s, reforzar la difusi\u00f3n de los mejores precios al consumidor.<\/p>\n<p>&nbsp;<\/p>\n<p> <\/p>\n<p>&nbsp;<\/p>\n<p><em>\u201cVamos a seguir consolidando lo de los precios el \u20185688722\u2019\u201d<\/em>, se\u00f1al\u00f3 al cantar la canci\u00f3n de una campa\u00f1a publicitaria del Instituto Nacional del Consumidor, en los a\u00f1os ochenta, cuando el fue director de Organizaci\u00f3n y Promoci\u00f3n de ese organismo, hoy Procuradur\u00eda Federal del Consumidor (Profeco).<\/p>\n<p>&nbsp;<\/p>\n<p>Record\u00f3 que en ese tiempo el cantante y autor Chava Flores ayud\u00f3 en la labor de orientaci\u00f3n al consumidor.<\/p>\n<p>&nbsp;<\/p>\n<p>Luego anunci\u00f3 el plan para productos de consumo generalizado.<\/p>\n<p>&nbsp;<\/p>\n<p>&nbsp;<\/p>\n<p><em>\u201cPronto vamos a dar a conocer un plan para fortalecer la econom\u00eda popular y enfrentar la carest\u00eda, que la gente no compre caro, que pueda tener la posibilidad de comprar lo b\u00e1sico, la canasta b\u00e1sica a precios bajos y que sea una alimentaci\u00f3n nutricional, con equilibrio en vitaminas, en prote\u00ednas y en carbohidratos\u201c.<\/em><\/p>\n<p>&nbsp;<\/p>\n<p>Estamos analizando varias cosas, a\u00f1adi\u00f3.<\/p>\n<p>&nbsp;<\/p>\n<p><em>\u201cEl problema inflacionario tiene dos componentes b\u00e1sicos: el precio de energ\u00e9ticos, que eso tenemos controlado, y el precio de alimentos.<\/em><\/p>\n<p>&nbsp;<\/p>\n<p><em>\u201cPor la crisis mundial tenemos que prepararnos para no padecer en lo relacionado con precios de alimentos b\u00e1sicos: ma\u00edz, frijol, arroz, pollo, huevo<\/em>.<\/p>\n<p>&nbsp;<\/p>\n<p><em>\u201cLo b\u00e1sico se tiene que garantizar y debe de servir esto de lecci\u00f3n para buscar la autosuficiencia, producir en M\u00e9xico lo que consumimos, ir a la segura: vamos a seguir con esa pol\u00edtica de apoyo al campo\u201d.<\/em><\/p>\n<p>&nbsp;<\/p>\n<p>Hemos logrado incrementar la producci\u00f3n de alimentos, y podemos probarlo, asevero.<\/p>\n<p>&nbsp;<\/p>\n<p>Ahora que en Guerrero, que no se era autosuficiente en granos, la gente tiene para su consumo, lo mismo en otros estados, m\u00e1s producci\u00f3n , porque lo mejor para enfrentar la inflaci\u00f3n es la producci\u00f3n, recalc\u00f3.<\/p>\n<p>&nbsp;<\/p>\n<p>Adem\u00e1s, la transparencia en los precios para que no haya abusos.<\/p>\n<p>&nbsp;<\/p>\n<p>Que ese subsidio no se lo queden los consumidores.<\/p>\n<p>&nbsp;<\/p>\n<h3>\nM\u00e1s caro en CDMX<\/h3>\n<p>&nbsp;<\/p>\n<p>Ya cuando en un litro de gasolina tienen margen de utilidad de tres pesos, como dice Ricardo (procurador del Consumidor), se pasan.<\/p>\n<p>&nbsp;<\/p>\n<p>&nbsp;<\/p>\n<p>Les puedo decir &#8211; a\u00f1adi\u00f3- que donde m\u00e1s abusos hay en precios altos de gasolinas es en la Ciudad de M\u00e9xico y ya lo habl\u00e9 con la jefa de gobierno porque vamos a atender esto.<\/p>\n<p>&nbsp;<\/p>\n<p>&nbsp;<\/p>\n<p>La mayor\u00eda de los gasolineros (12 mil 500) se est\u00e1n portando muy bien, son aliados de los consumidores y otros que se quieren pasar, pero por eso la secci\u00f3n del qui\u00e9n es quien en los precios., se\u00f1al\u00f3 L\u00f3pez Obrador.<\/p>\n<p>&nbsp;<\/p>\n<p>(Publicada el 28\/03\/2022 \/ Mar\u00eda Luisa Severiano)<\/p>\n","protected":false},"excerpt":{"rendered":"<p>CIUDAD DE M\u00c9XICO. MX. \u2014 Para aminorar los afectos de la inflaci\u00f3n, el gobierno federal&#8230;<\/p>\n","protected":false},"author":1,"featured_media":135833,"comment_status":"open","ping_status":"open","sticky":false,"template":"","format":"standard","meta":{"_monsterinsights_skip_tracking":false,"_monsterinsights_sitenote_active":false,"_monsterinsights_sitenote_note":"","_monsterinsights_sitenote_category":0,"footnotes":""},"categories":[5],"tags":[],"class_list":["post"],"yoast_head":" \n<title>Sonora en Equipo. Alista el gobierno plan econ\u00f3mico para aminorar golpe de inflaci\u00f3n: AMLO Rep\u00fablica<\/title>\n<meta name=\"description\" content=\"CIUDAD DE M\u00c9XICO. MX. \u2014 Para aminorar los afectos de la inflaci\u00f3n, el gobierno federal prepara un plan para fortalecer la econom\u00eda popular, inform\u00f3 el En Sonora en Equipo publicamos toda la informaci\u00f3n de Sonora, M\u00e9xico y el Mundo de manera oportuna y busca que la libertad de expresi\u00f3n sea real. Visita nuestro medio informativo publicado desde Hermosillo, Sonora. %\" \/>\n<meta name=\"robots\" content=\"index, follow, max-snippet:-1, max-image-preview:large, max-video-preview:-1\" \/>\n<link rel=\"canonical\" href=\"https:\/\/www.sonoraenequipo.com.mx\/alista-el-gobierno-plan-economico-para-aminorar-golpe-de-inflacion-amlo\/\" \/>\n<meta property=\"og:locale\" content=\"es_ES\" \/>\n<meta property=\"og:type\" content=\"article\" \/>\n<meta property=\"og:title\" content=\"Sonora en Equipo. Alista el gobierno plan econ\u00f3mico para aminorar golpe de inflaci\u00f3n: AMLO Rep\u00fablica\" \/>\n<meta property=\"og:description\" content=\"CIUDAD DE M\u00c9XICO. MX. \u2014 Para aminorar los afectos de la inflaci\u00f3n, el gobierno federal prepara un plan para fortalecer la econom\u00eda popular, inform\u00f3 el En Sonora en Equipo publicamos toda la informaci\u00f3n de Sonora, M\u00e9xico y el Mundo de manera oportuna y busca que la libertad de expresi\u00f3n sea real. Visita nuestro medio informativo publicado desde Hermosillo, Sonora. %\" \/>\n<meta property=\"og:url\" content=\"https:\/\/www.sonoraenequipo.com.mx\/alista-el-gobierno-plan-economico-para-aminorar-golpe-de-inflacion-amlo\/\" \/>\n<meta property=\"og:site_name\" content=\"Sonora en Equipo.\" \/>\n<meta property=\"article:publisher\" content=\"https:\/\/www.facebook.com\/SonoraEE\/\" \/>\n<meta property=\"article:author\" content=\"https:\/\/www.facebook.com\/SonoraEE\" \/>\n<meta property=\"article:published_time\" content=\"2022-03-28T15:20:17+00:00\" \/>\n<meta property=\"article:modified_time\" content=\"2022-03-29T02:21:03+00:00\" \/>\n<meta property=\"og:image\" content=\"https:\/\/www.sonoraenequipo.com.mx\/storage\/2022\/03\/AMLO_conferencia-mananera..2.jpg\" \/>\n\t<meta property=\"og:image:width\" content=\"1189\" \/>\n\t<meta property=\"og:image:height\" content=\"700\" \/>\n\t<meta property=\"og:image:type\" content=\"image\/jpeg\" \/>\n<meta name=\"author\" content=\"enequipo\" \/>\n<meta name=\"twitter:card\" content=\"summary_large_image\" \/>\n<meta name=\"twitter:creator\" content=\"@sonoraenequipo\" \/>\n<meta name=\"twitter:site\" content=\"@sonoraenequipo\" \/>\n<meta name=\"twitter:label1\" content=\"Escrito por\" \/>\n\t<meta name=\"twitter:data1\" content=\"enequipo\" \/>\n\t<meta name=\"twitter:label2\" content=\"Tiempo de lectura\" \/>\n\t<meta name=\"twitter:data2\" content=\"2 minutos\" \/>\n<script type=\"application\/ld+json\" class=\"yoast-schema-graph\">{\"@context\":\"https:\/\/schema.org\",\"@graph\":[{\"@type\":\"Article\",\"@id\":\"https:\/\/www.sonoraenequipo.com.mx\/alista-el-gobierno-plan-economico-para-aminorar-golpe-de-inflacion-amlo\/#article\",\"isPartOf\":{\"@id\":\"https:\/\/www.sonoraenequipo.com.mx\/alista-el-gobierno-plan-economico-para-aminorar-golpe-de-inflacion-amlo\/\"},\"author\":{\"name\":\"enequipo\",\"@id\":\"https:\/\/www.sonoraenequipo.com.mx\/#\/schema\/person\/50102df0fb23a8fa9e8effad8fa81386\"},\"headline\":\"Alista el gobierno plan econ\u00f3mico para aminorar golpe de inflaci\u00f3n: AMLO\",\"datePublished\":\"2022-03-28T15:20:17+00:00\",\"dateModified\":\"2022-03-29T02:21:03+00:00\",\"mainEntityOfPage\":{\"@id\":\"https:\/\/www.sonoraenequipo.com.mx\/alista-el-gobierno-plan-economico-para-aminorar-golpe-de-inflacion-amlo\/\"},\"wordCount\":500,\"commentCount\":0,\"publisher\":{\"@id\":\"https:\/\/www.sonoraenequipo.com.mx\/#organization\"},\"image\":{\"@id\":\"https:\/\/www.sonoraenequipo.com.mx\/alista-el-gobierno-plan-economico-para-aminorar-golpe-de-inflacion-amlo\/#primaryimage\"},\"thumbnailUrl\":\"https:\/\/www.sonoraenequipo.com.mx\/storage\/2022\/03\/AMLO_conferencia-mananera..2.jpg\",\"articleSection\":[\"Rep\u00fablica\"],\"inLanguage\":\"es\",\"potentialAction\":[{\"@type\":\"CommentAction\",\"name\":\"Comment\",\"target\":[\"https:\/\/www.sonoraenequipo.com.mx\/alista-el-gobierno-plan-economico-para-aminorar-golpe-de-inflacion-amlo\/#respond\"]}]},{\"@type\":\"WebPage\",\"@id\":\"https:\/\/www.sonoraenequipo.com.mx\/alista-el-gobierno-plan-economico-para-aminorar-golpe-de-inflacion-amlo\/\",\"url\":\"https:\/\/www.sonoraenequipo.com.mx\/alista-el-gobierno-plan-economico-para-aminorar-golpe-de-inflacion-amlo\/\",\"name\":\"Sonora en Equipo. Alista el gobierno plan econ\u00f3mico para aminorar golpe de inflaci\u00f3n: AMLO Rep\u00fablica\",\"isPartOf\":{\"@id\":\"https:\/\/www.sonoraenequipo.com.mx\/#website\"},\"primaryImageOfPage\":{\"@id\":\"https:\/\/www.sonoraenequipo.com.mx\/alista-el-gobierno-plan-economico-para-aminorar-golpe-de-inflacion-amlo\/#primaryimage\"},\"image\":{\"@id\":\"https:\/\/www.sonoraenequipo.com.mx\/alista-el-gobierno-plan-economico-para-aminorar-golpe-de-inflacion-amlo\/#primaryimage\"},\"thumbnailUrl\":\"https:\/\/www.sonoraenequipo.com.mx\/storage\/2022\/03\/AMLO_conferencia-mananera..2.jpg\",\"datePublished\":\"2022-03-28T15:20:17+00:00\",\"dateModified\":\"2022-03-29T02:21:03+00:00\",\"description\":\"CIUDAD DE M\u00c9XICO. MX. \u2014 Para aminorar los afectos de la inflaci\u00f3n, el gobierno federal prepara un plan para fortalecer la econom\u00eda popular, inform\u00f3 el En Sonora en Equipo publicamos toda la informaci\u00f3n de Sonora, M\u00e9xico y el Mundo de manera oportuna y busca que la libertad de expresi\u00f3n sea real. Visita nuestro medio informativo publicado desde Hermosillo, Sonora. %\",\"breadcrumb\":{\"@id\":\"https:\/\/www.sonoraenequipo.com.mx\/alista-el-gobierno-plan-economico-para-aminorar-golpe-de-inflacion-amlo\/#breadcrumb\"},\"inLanguage\":\"es\",\"potentialAction\":[{\"@type\":\"ReadAction\",\"target\":[\"https:\/\/www.sonoraenequipo.com.mx\/alista-el-gobierno-plan-economico-para-aminorar-golpe-de-inflacion-amlo\/\"]}]},{\"@type\":\"ImageObject\",\"inLanguage\":\"es\",\"@id\":\"https:\/\/www.sonoraenequipo.com.mx\/alista-el-gobierno-plan-economico-para-aminorar-golpe-de-inflacion-amlo\/#primaryimage\",\"url\":\"https:\/\/www.sonoraenequipo.com.mx\/storage\/2022\/03\/AMLO_conferencia-mananera..2.jpg\",\"contentUrl\":\"https:\/\/www.sonoraenequipo.com.mx\/storage\/2022\/03\/AMLO_conferencia-mananera..2.jpg\",\"width\":1189,\"height\":700},{\"@type\":\"BreadcrumbList\",\"@id\":\"https:\/\/www.sonoraenequipo.com.mx\/alista-el-gobierno-plan-economico-para-aminorar-golpe-de-inflacion-amlo\/#breadcrumb\",\"itemListElement\":[{\"@type\":\"ListItem\",\"position\":1,\"name\":\"Portada\",\"item\":\"https:\/\/www.sonoraenequipo.com.mx\/\"},{\"@type\":\"ListItem\",\"position\":2,\"name\":\"Alista el gobierno plan econ\u00f3mico para aminorar golpe de inflaci\u00f3n: AMLO\"}]},{\"@type\":\"WebSite\",\"@id\":\"https:\/\/www.sonoraenequipo.com.mx\/#website\",\"url\":\"https:\/\/www.sonoraenequipo.com.mx\/\",\"name\":\"Sonora en Equipo.\",\"description\":\"Diario en l\u00ednea con Noticias desde Hermosillo, Sonora\",\"publisher\":{\"@id\":\"https:\/\/www.sonoraenequipo.com.mx\/#organization\"},\"potentialAction\":[{\"@type\":\"SearchAction\",\"target\":{\"@type\":\"EntryPoint\",\"urlTemplate\":\"https:\/\/www.sonoraenequipo.com.mx\/?s={search_term_string}\"},\"query-input\":{\"@type\":\"PropertyValueSpecification\",\"valueRequired\":true,\"valueName\":\"search_term_string\"}}],\"inLanguage\":\"es\"},{\"@type\":\"Organization\",\"@id\":\"https:\/\/www.sonoraenequipo.com.mx\/#organization\",\"name\":\"Sonoraenequipo.com.mx\",\"url\":\"https:\/\/www.sonoraenequipo.com.mx\/\",\"logo\":{\"@type\":\"ImageObject\",\"inLanguage\":\"es\",\"@id\":\"https:\/\/www.sonoraenequipo.com.mx\/#\/schema\/logo\/image\/\",\"url\":\"https:\/\/www.sonoraenequipo.com.mx\/storage\/2019\/01\/sonoraenequipo_opt.png\",\"contentUrl\":\"https:\/\/www.sonoraenequipo.com.mx\/storage\/2019\/01\/sonoraenequipo_opt.png\",\"width\":375,\"height\":125,\"caption\":\"Sonoraenequipo.com.mx\"},\"image\":{\"@id\":\"https:\/\/www.sonoraenequipo.com.mx\/#\/schema\/logo\/image\/\"},\"sameAs\":[\"https:\/\/www.facebook.com\/SonoraEE\/\",\"https:\/\/x.com\/sonoraenequipo\",\"https:\/\/www.youtube.com\/channel\/UC338nW-lPEYmJQs4ZABQ1SQ\"]},{\"@type\":\"Person\",\"@id\":\"https:\/\/www.sonoraenequipo.com.mx\/#\/schema\/person\/50102df0fb23a8fa9e8effad8fa81386\",\"name\":\"enequipo\",\"image\":{\"@type\":\"ImageObject\",\"inLanguage\":\"es\",\"@id\":\"https:\/\/www.sonoraenequipo.com.mx\/#\/schema\/person\/image\/\",\"url\":\"https:\/\/secure.gravatar.com\/avatar\/049821681b589dabc0bc20695993ccebb09f5b5d4d790cd9251b97faac7c652b?s=96&d=blank&r=g\",\"contentUrl\":\"https:\/\/secure.gravatar.com\/avatar\/049821681b589dabc0bc20695993ccebb09f5b5d4d790cd9251b97faac7c652b?s=96&d=blank&r=g\",\"caption\":\"enequipo\"},\"sameAs\":[\"https:\/\/www.facebook.com\/SonoraEE\"]}]}<\/script>\n ","yoast_head_json":{"title":"Sonora en Equipo. Alista el gobierno plan econ\u00f3mico para aminorar golpe de inflaci\u00f3n: AMLO Rep\u00fablica","description":"CIUDAD DE M\u00c9XICO. MX. \u2014 Para aminorar los afectos de la inflaci\u00f3n, el gobierno federal prepara un plan para fortalecer la econom\u00eda popular, inform\u00f3 el En Sonora en Equipo publicamos toda la informaci\u00f3n de Sonora, M\u00e9xico y el Mundo de manera oportuna y busca que la libertad de expresi\u00f3n sea real. Visita nuestro medio informativo publicado desde Hermosillo, Sonora. %","robots":{"index":"index","follow":"follow","max-snippet":"max-snippet:-1","max-image-preview":"max-image-preview:large","max-video-preview":"max-video-preview:-1"},"canonical":"https:\/\/www.sonoraenequipo.com.mx\/alista-el-gobierno-plan-economico-para-aminorar-golpe-de-inflacion-amlo\/","og_locale":"es_ES","og_type":"article","og_title":"Sonora en Equipo. Alista el gobierno plan econ\u00f3mico para aminorar golpe de inflaci\u00f3n: AMLO Rep\u00fablica","og_description":"CIUDAD DE M\u00c9XICO. MX. \u2014 Para aminorar los afectos de la inflaci\u00f3n, el gobierno federal prepara un plan para fortalecer la econom\u00eda popular, inform\u00f3 el En Sonora en Equipo publicamos toda la informaci\u00f3n de Sonora, M\u00e9xico y el Mundo de manera oportuna y busca que la libertad de expresi\u00f3n sea real. Visita nuestro medio informativo publicado desde Hermosillo, Sonora. %","og_url":"https:\/\/www.sonoraenequipo.com.mx\/alista-el-gobierno-plan-economico-para-aminorar-golpe-de-inflacion-amlo\/","og_site_name":"Sonora en Equipo.","article_publisher":"https:\/\/www.facebook.com\/SonoraEE\/","article_author":"https:\/\/www.facebook.com\/SonoraEE","article_published_time":"2022-03-28T15:20:17+00:00","article_modified_time":"2022-03-29T02:21:03+00:00","og_image":[{"width":1189,"height":700,"url":"https:\/\/www.sonoraenequipo.com.mx\/storage\/2022\/03\/AMLO_conferencia-mananera..2.jpg","type":"image\/jpeg"}],"author":"enequipo","twitter_card":"summary_large_image","twitter_creator":"@sonoraenequipo","twitter_site":"@sonoraenequipo","twitter_misc":{"Escrito por":"enequipo","Tiempo de lectura":"2 minutos"},"schema":{"@context":"https:\/\/schema.org","@graph":[{"@type":"Article","@id":"https:\/\/www.sonoraenequipo.com.mx\/alista-el-gobierno-plan-economico-para-aminorar-golpe-de-inflacion-amlo\/#article","isPartOf":{"@id":"https:\/\/www.sonoraenequipo.com.mx\/alista-el-gobierno-plan-economico-para-aminorar-golpe-de-inflacion-amlo\/"},"author":{"name":"enequipo","@id":"https:\/\/www.sonoraenequipo.com.mx\/#\/schema\/person\/50102df0fb23a8fa9e8effad8fa81386"},"headline":"Alista el gobierno plan econ\u00f3mico para aminorar golpe de inflaci\u00f3n: AMLO","datePublished":"2022-03-28T15:20:17+00:00","dateModified":"2022-03-29T02:21:03+00:00","mainEntityOfPage":{"@id":"https:\/\/www.sonoraenequipo.com.mx\/alista-el-gobierno-plan-economico-para-aminorar-golpe-de-inflacion-amlo\/"},"wordCount":500,"commentCount":0,"publisher":{"@id":"https:\/\/www.sonoraenequipo.com.mx\/#organization"},"image":{"@id":"https:\/\/www.sonoraenequipo.com.mx\/alista-el-gobierno-plan-economico-para-aminorar-golpe-de-inflacion-amlo\/#primaryimage"},"thumbnailUrl":"https:\/\/www.sonoraenequipo.com.mx\/storage\/2022\/03\/AMLO_conferencia-mananera..2.jpg","articleSection":["Rep\u00fablica"],"inLanguage":"es","potentialAction":[{"@type":"CommentAction","name":"Comment","target":["https:\/\/www.sonoraenequipo.com.mx\/alista-el-gobierno-plan-economico-para-aminorar-golpe-de-inflacion-amlo\/#respond"]}]},{"@type":"WebPage","@id":"https:\/\/www.sonoraenequipo.com.mx\/alista-el-gobierno-plan-economico-para-aminorar-golpe-de-inflacion-amlo\/","url":"https:\/\/www.sonoraenequipo.com.mx\/alista-el-gobierno-plan-economico-para-aminorar-golpe-de-inflacion-amlo\/","name":"Sonora en Equipo. Alista el gobierno plan econ\u00f3mico para aminorar golpe de inflaci\u00f3n: AMLO Rep\u00fablica","isPartOf":{"@id":"https:\/\/www.sonoraenequipo.com.mx\/#website"},"primaryImageOfPage":{"@id":"https:\/\/www.sonoraenequipo.com.mx\/alista-el-gobierno-plan-economico-para-aminorar-golpe-de-inflacion-amlo\/#primaryimage"},"image":{"@id":"https:\/\/www.sonoraenequipo.com.mx\/alista-el-gobierno-plan-economico-para-aminorar-golpe-de-inflacion-amlo\/#primaryimage"},"thumbnailUrl":"https:\/\/www.sonoraenequipo.com.mx\/storage\/2022\/03\/AMLO_conferencia-mananera..2.jpg","datePublished":"2022-03-28T15:20:17+00:00","dateModified":"2022-03-29T02:21:03+00:00","description":"CIUDAD DE M\u00c9XICO. MX. \u2014 Para aminorar los afectos de la inflaci\u00f3n, el gobierno federal prepara un plan para fortalecer la econom\u00eda popular, inform\u00f3 el En Sonora en Equipo publicamos toda la informaci\u00f3n de Sonora, M\u00e9xico y el Mundo de manera oportuna y busca que la libertad de expresi\u00f3n sea real. Visita nuestro medio informativo publicado desde Hermosillo, Sonora. %","breadcrumb":{"@id":"https:\/\/www.sonoraenequipo.com.mx\/alista-el-gobierno-plan-economico-para-aminorar-golpe-de-inflacion-amlo\/#breadcrumb"},"inLanguage":"es","potentialAction":[{"@type":"ReadAction","target":["https:\/\/www.sonoraenequipo.com.mx\/alista-el-gobierno-plan-economico-para-aminorar-golpe-de-inflacion-amlo\/"]}]},{"@type":"ImageObject","inLanguage":"es","@id":"https:\/\/www.sonoraenequipo.com.mx\/alista-el-gobierno-plan-economico-para-aminorar-golpe-de-inflacion-amlo\/#primaryimage","url":"https:\/\/www.sonoraenequipo.com.mx\/storage\/2022\/03\/AMLO_conferencia-mananera..2.jpg","contentUrl":"https:\/\/www.sonoraenequipo.com.mx\/storage\/2022\/03\/AMLO_conferencia-mananera..2.jpg","width":1189,"height":700},{"@type":"BreadcrumbList","@id":"https:\/\/www.sonoraenequipo.com.mx\/alista-el-gobierno-plan-economico-para-aminorar-golpe-de-inflacion-amlo\/#breadcrumb","itemListElement":[{"@type":"ListItem","position":1,"name":"Portada","item":"https:\/\/www.sonoraenequipo.com.mx\/"},{"@type":"ListItem","position":2,"name":"Alista el gobierno plan econ\u00f3mico para aminorar golpe de inflaci\u00f3n: AMLO"}]},{"@type":"WebSite","@id":"https:\/\/www.sonoraenequipo.com.mx\/#website","url":"https:\/\/www.sonoraenequipo.com.mx\/","name":"Sonora en Equipo.","description":"Diario en l\u00ednea con Noticias desde Hermosillo, Sonora","publisher":{"@id":"https:\/\/www.sonoraenequipo.com.mx\/#organization"},"potentialAction":[{"@type":"SearchAction","target":{"@type":"EntryPoint","urlTemplate":"https:\/\/www.sonoraenequipo.com.mx\/?s={search_term_string}"},"query-input":{"@type":"PropertyValueSpecification","valueRequired":true,"valueName":"search_term_string"}}],"inLanguage":"es"},{"@type":"Organization","@id":"https:\/\/www.sonoraenequipo.com.mx\/#organization","name":"Sonoraenequipo.com.mx","url":"https:\/\/www.sonoraenequipo.com.mx\/","logo":{"@type":"ImageObject","inLanguage":"es","@id":"https:\/\/www.sonoraenequipo.com.mx\/#\/schema\/logo\/image\/","url":"https:\/\/www.sonoraenequipo.com.mx\/storage\/2019\/01\/sonoraenequipo_opt.png","contentUrl":"https:\/\/www.sonoraenequipo.com.mx\/storage\/2019\/01\/sonoraenequipo_opt.png","width":375,"height":125,"caption":"Sonoraenequipo.com.mx"},"image":{"@id":"https:\/\/www.sonoraenequipo.com.mx\/#\/schema\/logo\/image\/"},"sameAs":["https:\/\/www.facebook.com\/SonoraEE\/","https:\/\/x.com\/sonoraenequipo","https:\/\/www.youtube.com\/channel\/UC338nW-lPEYmJQs4ZABQ1SQ"]},{"@type":"Person","@id":"https:\/\/www.sonoraenequipo.com.mx\/#\/schema\/person\/50102df0fb23a8fa9e8effad8fa81386","name":"enequipo","image":{"@type":"ImageObject","inLanguage":"es","@id":"https:\/\/www.sonoraenequipo.com.mx\/#\/schema\/person\/image\/","url":"https:\/\/secure.gravatar.com\/avatar\/049821681b589dabc0bc20695993ccebb09f5b5d4d790cd9251b97faac7c652b?s=96&d=blank&r=g","contentUrl":"https:\/\/secure.gravatar.com\/avatar\/049821681b589dabc0bc20695993ccebb09f5b5d4d790cd9251b97faac7c652b?s=96&d=blank&r=g","caption":"enequipo"},"sameAs":["https:\/\/www.facebook.com\/SonoraEE"]}]}},"jetpack_featured_media_url":"https:\/\/www.sonoraenequipo.com.mx\/storage\/2022\/03\/AMLO_conferencia-mananera..2.jpg","_links":{"self":[{"href":"https:\/\/www.sonoraenequipo.com.mx\/api\/wp\/v2\/posts\/135832","targetHints":{"allow":["GET"]}}],"collection":[{"href":"https:\/\/www.sonoraenequipo.com.mx\/api\/wp\/v2\/posts"}],"about":[{"href":"https:\/\/www.sonoraenequipo.com.mx\/api\/wp\/v2\/types\/post"}],"author":[{"embeddable":true,"href":"https:\/\/www.sonoraenequipo.com.mx\/api\/wp\/v2\/users\/1"}],"replies":[{"embeddable":true,"href":"https:\/\/www.sonoraenequipo.com.mx\/api\/wp\/v2\/comments?post=135832"}],"version-history":[{"count":1,"href":"https:\/\/www.sonoraenequipo.com.mx\/api\/wp\/v2\/posts\/135832\/revisions"}],"predecessor-version":[{"id":135834,"href":"https:\/\/www.sonoraenequipo.com.mx\/api\/wp\/v2\/posts\/135832\/revisions\/135834"}],"wp:featuredmedia":[{"embeddable":true,"href":"https:\/\/www.sonoraenequipo.com.mx\/api\/wp\/v2\/media\/135833"}],"wp:attachment":[{"href":"https:\/\/www.sonoraenequipo.com.mx\/api\/wp\/v2\/media?parent=135832"}],"wp:term":[{"taxonomy":"category","embeddable":true,"href":"https:\/\/www.sonoraenequipo.com.mx\/api\/wp\/v2\/categories?post=135832"},{"taxonomy":"post_tag","embeddable":true,"href":"https:\/\/www.sonoraenequipo.com.mx\/api\/wp\/v2\/tags?post=135832"}],"curies":[{"name":"wp","href":"https:\/\/api.w.org\/{rel}","templated":true}]}}