{"id":135899,"date":"2022-03-28T09:21:22","date_gmt":"2022-03-28T16:21:22","guid":{"rendered":"https:\/\/www.sonoraenequipo.com.mx\/?p=135899"},"modified":"2022-03-29T20:19:40","modified_gmt":"2022-03-30T03:19:40","slug":"casillas-para-consulta-de-revocacion-de-mandato-se-deben-buscar-como-dora-la-exploradora-amlo","status":"publish","type":"post","link":"https:\/\/www.sonoraenequipo.com.mx\/casillas-para-consulta-de-revocacion-de-mandato-se-deben-buscar-como-dora-la-exploradora-amlo\/","title":{"rendered":"Casillas para Consulta de Revocaci\u00f3n de Mandato se deben buscar \u2018como Dora la Exploradora\u2019: AMLO"},"content":{"rendered":"<p><strong>CIUDAD DE M\u00c9XICO. MX. \u2014\u00a0<\/strong> El presidente de M\u00e9xico, Andr\u00e9s Manuel L\u00f3pez Obrador (AMLO), dijo en su conferencia ma\u00f1anera del lunes (28.03.2022), que las casillas para la consulta de Revocaci\u00f3n de Mandato se deben buscar \u2018como Dora la Exploradora\u2019.<\/p>\n<p>&nbsp;<\/p>\n<p> <\/p>\n<p>&nbsp;<\/p>\n<p>&nbsp;<\/p>\n<p>Desde Palacio Nacional, el presidente Andr\u00e9s Manuel L\u00f3pez Obrador (AMLO) se\u00f1al\u00f3 que es lamentable que el Instituto Nacional Electoral (INE) no promueva la Consulta de Revocaci\u00f3n de Mandato, que se realizar\u00e1 el pr\u00f3ximo 10 de abril.<\/p>\n<p>&nbsp;<\/p>\n<p><strong><em>\u201cSe necesita que difunda m\u00e1s y es una muy buena oportunidad para hacerlo de manera pac\u00edfica, por la v\u00eda democr\u00e1tica o cuando es que aceptan la democracia<\/em><\/strong>\u201d, coment\u00f3 AMLO.<\/p>\n<p>&nbsp;<\/p>\n<p>Una vez m\u00e1s, el presidente reiter\u00f3 que no est\u00e1n actuando como dem\u00f3cratas y se\u00f1al\u00f3 que se tiene una postura facciosa en su contra.<\/p>\n<p><strong><em>\u201cSon muy parciales, no act\u00faan como dem\u00f3cratas, es una postura facciosa est\u00e1n en contra de nosotros y entonces se olvidan que son jueces y que encima del inter\u00e9s personal, debe estar el inter\u00e9s de la colectividad de la mayor\u00eda la constituci\u00f3n y democracia\u201d.<\/em><\/strong><\/p>\n<p>&nbsp;<\/p>\n<p>(Publicada el 29\/03\/2022 \/Con informaci\u00f3n de EFE\/Gobierno de la Rep\u00fablica y otros medios )<\/p>\n","protected":false},"excerpt":{"rendered":"<p>CIUDAD DE M\u00c9XICO. MX. \u2014\u00a0 El presidente de M\u00e9xico, Andr\u00e9s Manuel L\u00f3pez Obrador (AMLO), dijo&#8230;<\/p>\n","protected":false},"author":1,"featured_media":135864,"comment_status":"open","ping_status":"open","sticky":false,"template":"","format":"standard","meta":{"_monsterinsights_skip_tracking":false,"_monsterinsights_sitenote_active":false,"_monsterinsights_sitenote_note":"","_monsterinsights_sitenote_category":0,"footnotes":""},"categories":[5],"tags":[],"class_list":["post"],"yoast_head":" \n<title>Sonora en Equipo. Casillas para Consulta de Revocaci\u00f3n de Mandato se deben buscar \u2018como Dora la Exploradora\u2019: AMLO Rep\u00fablica<\/title>\n<meta name=\"description\" content=\"CIUDAD DE M\u00c9XICO. MX. \u2014\u00a0 El presidente de M\u00e9xico, Andr\u00e9s Manuel L\u00f3pez Obrador (AMLO), dijo en su conferencia ma\u00f1anera del lunes (28.03.2022), que las En Sonora en Equipo publicamos toda la informaci\u00f3n de Sonora, M\u00e9xico y el Mundo de manera oportuna y busca que la libertad de expresi\u00f3n sea real. Visita nuestro medio informativo publicado desde Hermosillo, Sonora. %\" \/>\n<meta name=\"robots\" content=\"index, follow, max-snippet:-1, max-image-preview:large, max-video-preview:-1\" \/>\n<link rel=\"canonical\" href=\"https:\/\/www.sonoraenequipo.com.mx\/casillas-para-consulta-de-revocacion-de-mandato-se-deben-buscar-como-dora-la-exploradora-amlo\/\" \/>\n<meta property=\"og:locale\" content=\"es_ES\" \/>\n<meta property=\"og:type\" content=\"article\" \/>\n<meta property=\"og:title\" content=\"Sonora en Equipo. Casillas para Consulta de Revocaci\u00f3n de Mandato se deben buscar \u2018como Dora la Exploradora\u2019: AMLO Rep\u00fablica\" \/>\n<meta property=\"og:description\" content=\"CIUDAD DE M\u00c9XICO. MX. \u2014\u00a0 El presidente de M\u00e9xico, Andr\u00e9s Manuel L\u00f3pez Obrador (AMLO), dijo en su conferencia ma\u00f1anera del lunes (28.03.2022), que las En Sonora en Equipo publicamos toda la informaci\u00f3n de Sonora, M\u00e9xico y el Mundo de manera oportuna y busca que la libertad de expresi\u00f3n sea real. Visita nuestro medio informativo publicado desde Hermosillo, Sonora. %\" \/>\n<meta property=\"og:url\" content=\"https:\/\/www.sonoraenequipo.com.mx\/casillas-para-consulta-de-revocacion-de-mandato-se-deben-buscar-como-dora-la-exploradora-amlo\/\" \/>\n<meta property=\"og:site_name\" content=\"Sonora en Equipo.\" \/>\n<meta property=\"article:publisher\" content=\"https:\/\/www.facebook.com\/SonoraEE\/\" \/>\n<meta property=\"article:author\" content=\"https:\/\/www.facebook.com\/SonoraEE\" \/>\n<meta property=\"article:published_time\" content=\"2022-03-28T16:21:22+00:00\" \/>\n<meta property=\"article:modified_time\" content=\"2022-03-30T03:19:40+00:00\" \/>\n<meta property=\"og:image\" content=\"https:\/\/www.sonoraenequipo.com.mx\/storage\/2022\/03\/presidente-AMLO.29.jpg\" \/>\n\t<meta property=\"og:image:width\" content=\"700\" \/>\n\t<meta property=\"og:image:height\" content=\"400\" \/>\n\t<meta property=\"og:image:type\" content=\"image\/jpeg\" \/>\n<meta name=\"author\" content=\"enequipo\" \/>\n<meta name=\"twitter:card\" content=\"summary_large_image\" \/>\n<meta name=\"twitter:creator\" content=\"@sonoraenequipo\" \/>\n<meta name=\"twitter:site\" content=\"@sonoraenequipo\" \/>\n<meta name=\"twitter:label1\" content=\"Escrito por\" \/>\n\t<meta name=\"twitter:data1\" content=\"enequipo\" \/>\n\t<meta name=\"twitter:label2\" content=\"Tiempo de lectura\" \/>\n\t<meta name=\"twitter:data2\" content=\"1 minuto\" \/>\n<script type=\"application\/ld+json\" class=\"yoast-schema-graph\">{\"@context\":\"https:\/\/schema.org\",\"@graph\":[{\"@type\":\"Article\",\"@id\":\"https:\/\/www.sonoraenequipo.com.mx\/casillas-para-consulta-de-revocacion-de-mandato-se-deben-buscar-como-dora-la-exploradora-amlo\/#article\",\"isPartOf\":{\"@id\":\"https:\/\/www.sonoraenequipo.com.mx\/casillas-para-consulta-de-revocacion-de-mandato-se-deben-buscar-como-dora-la-exploradora-amlo\/\"},\"author\":{\"name\":\"enequipo\",\"@id\":\"https:\/\/www.sonoraenequipo.com.mx\/#\/schema\/person\/50102df0fb23a8fa9e8effad8fa81386\"},\"headline\":\"Casillas para Consulta de Revocaci\u00f3n de Mandato se deben buscar \u2018como Dora la Exploradora\u2019: AMLO\",\"datePublished\":\"2022-03-28T16:21:22+00:00\",\"dateModified\":\"2022-03-30T03:19:40+00:00\",\"mainEntityOfPage\":{\"@id\":\"https:\/\/www.sonoraenequipo.com.mx\/casillas-para-consulta-de-revocacion-de-mandato-se-deben-buscar-como-dora-la-exploradora-amlo\/\"},\"wordCount\":230,\"commentCount\":0,\"publisher\":{\"@id\":\"https:\/\/www.sonoraenequipo.com.mx\/#organization\"},\"image\":{\"@id\":\"https:\/\/www.sonoraenequipo.com.mx\/casillas-para-consulta-de-revocacion-de-mandato-se-deben-buscar-como-dora-la-exploradora-amlo\/#primaryimage\"},\"thumbnailUrl\":\"https:\/\/www.sonoraenequipo.com.mx\/storage\/2022\/03\/presidente-AMLO.29.jpg\",\"articleSection\":[\"Rep\u00fablica\"],\"inLanguage\":\"es\",\"potentialAction\":[{\"@type\":\"CommentAction\",\"name\":\"Comment\",\"target\":[\"https:\/\/www.sonoraenequipo.com.mx\/casillas-para-consulta-de-revocacion-de-mandato-se-deben-buscar-como-dora-la-exploradora-amlo\/#respond\"]}]},{\"@type\":\"WebPage\",\"@id\":\"https:\/\/www.sonoraenequipo.com.mx\/casillas-para-consulta-de-revocacion-de-mandato-se-deben-buscar-como-dora-la-exploradora-amlo\/\",\"url\":\"https:\/\/www.sonoraenequipo.com.mx\/casillas-para-consulta-de-revocacion-de-mandato-se-deben-buscar-como-dora-la-exploradora-amlo\/\",\"name\":\"Sonora en Equipo. Casillas para Consulta de Revocaci\u00f3n de Mandato se deben buscar \u2018como Dora la Exploradora\u2019: AMLO Rep\u00fablica\",\"isPartOf\":{\"@id\":\"https:\/\/www.sonoraenequipo.com.mx\/#website\"},\"primaryImageOfPage\":{\"@id\":\"https:\/\/www.sonoraenequipo.com.mx\/casillas-para-consulta-de-revocacion-de-mandato-se-deben-buscar-como-dora-la-exploradora-amlo\/#primaryimage\"},\"image\":{\"@id\":\"https:\/\/www.sonoraenequipo.com.mx\/casillas-para-consulta-de-revocacion-de-mandato-se-deben-buscar-como-dora-la-exploradora-amlo\/#primaryimage\"},\"thumbnailUrl\":\"https:\/\/www.sonoraenequipo.com.mx\/storage\/2022\/03\/presidente-AMLO.29.jpg\",\"datePublished\":\"2022-03-28T16:21:22+00:00\",\"dateModified\":\"2022-03-30T03:19:40+00:00\",\"description\":\"CIUDAD DE M\u00c9XICO. MX. \u2014\u00a0 El presidente de M\u00e9xico, Andr\u00e9s Manuel L\u00f3pez Obrador (AMLO), dijo en su conferencia ma\u00f1anera del lunes (28.03.2022), que las En Sonora en Equipo publicamos toda la informaci\u00f3n de Sonora, M\u00e9xico y el Mundo de manera oportuna y busca que la libertad de expresi\u00f3n sea real. Visita nuestro medio informativo publicado desde Hermosillo, Sonora. %\",\"breadcrumb\":{\"@id\":\"https:\/\/www.sonoraenequipo.com.mx\/casillas-para-consulta-de-revocacion-de-mandato-se-deben-buscar-como-dora-la-exploradora-amlo\/#breadcrumb\"},\"inLanguage\":\"es\",\"potentialAction\":[{\"@type\":\"ReadAction\",\"target\":[\"https:\/\/www.sonoraenequipo.com.mx\/casillas-para-consulta-de-revocacion-de-mandato-se-deben-buscar-como-dora-la-exploradora-amlo\/\"]}]},{\"@type\":\"ImageObject\",\"inLanguage\":\"es\",\"@id\":\"https:\/\/www.sonoraenequipo.com.mx\/casillas-para-consulta-de-revocacion-de-mandato-se-deben-buscar-como-dora-la-exploradora-amlo\/#primaryimage\",\"url\":\"https:\/\/www.sonoraenequipo.com.mx\/storage\/2022\/03\/presidente-AMLO.29.jpg\",\"contentUrl\":\"https:\/\/www.sonoraenequipo.com.mx\/storage\/2022\/03\/presidente-AMLO.29.jpg\",\"width\":700,\"height\":400},{\"@type\":\"BreadcrumbList\",\"@id\":\"https:\/\/www.sonoraenequipo.com.mx\/casillas-para-consulta-de-revocacion-de-mandato-se-deben-buscar-como-dora-la-exploradora-amlo\/#breadcrumb\",\"itemListElement\":[{\"@type\":\"ListItem\",\"position\":1,\"name\":\"Portada\",\"item\":\"https:\/\/www.sonoraenequipo.com.mx\/\"},{\"@type\":\"ListItem\",\"position\":2,\"name\":\"Casillas para Consulta de Revocaci\u00f3n de Mandato se deben buscar \u2018como Dora la Exploradora\u2019: AMLO\"}]},{\"@type\":\"WebSite\",\"@id\":\"https:\/\/www.sonoraenequipo.com.mx\/#website\",\"url\":\"https:\/\/www.sonoraenequipo.com.mx\/\",\"name\":\"Sonora en Equipo.\",\"description\":\"Diario en l\u00ednea con Noticias desde Hermosillo, Sonora\",\"publisher\":{\"@id\":\"https:\/\/www.sonoraenequipo.com.mx\/#organization\"},\"potentialAction\":[{\"@type\":\"SearchAction\",\"target\":{\"@type\":\"EntryPoint\",\"urlTemplate\":\"https:\/\/www.sonoraenequipo.com.mx\/?s={search_term_string}\"},\"query-input\":{\"@type\":\"PropertyValueSpecification\",\"valueRequired\":true,\"valueName\":\"search_term_string\"}}],\"inLanguage\":\"es\"},{\"@type\":\"Organization\",\"@id\":\"https:\/\/www.sonoraenequipo.com.mx\/#organization\",\"name\":\"Sonoraenequipo.com.mx\",\"url\":\"https:\/\/www.sonoraenequipo.com.mx\/\",\"logo\":{\"@type\":\"ImageObject\",\"inLanguage\":\"es\",\"@id\":\"https:\/\/www.sonoraenequipo.com.mx\/#\/schema\/logo\/image\/\",\"url\":\"https:\/\/www.sonoraenequipo.com.mx\/storage\/2019\/01\/sonoraenequipo_opt.png\",\"contentUrl\":\"https:\/\/www.sonoraenequipo.com.mx\/storage\/2019\/01\/sonoraenequipo_opt.png\",\"width\":375,\"height\":125,\"caption\":\"Sonoraenequipo.com.mx\"},\"image\":{\"@id\":\"https:\/\/www.sonoraenequipo.com.mx\/#\/schema\/logo\/image\/\"},\"sameAs\":[\"https:\/\/www.facebook.com\/SonoraEE\/\",\"https:\/\/x.com\/sonoraenequipo\",\"https:\/\/www.youtube.com\/channel\/UC338nW-lPEYmJQs4ZABQ1SQ\"]},{\"@type\":\"Person\",\"@id\":\"https:\/\/www.sonoraenequipo.com.mx\/#\/schema\/person\/50102df0fb23a8fa9e8effad8fa81386\",\"name\":\"enequipo\",\"image\":{\"@type\":\"ImageObject\",\"inLanguage\":\"es\",\"@id\":\"https:\/\/www.sonoraenequipo.com.mx\/#\/schema\/person\/image\/\",\"url\":\"https:\/\/secure.gravatar.com\/avatar\/049821681b589dabc0bc20695993ccebb09f5b5d4d790cd9251b97faac7c652b?s=96&d=blank&r=g\",\"contentUrl\":\"https:\/\/secure.gravatar.com\/avatar\/049821681b589dabc0bc20695993ccebb09f5b5d4d790cd9251b97faac7c652b?s=96&d=blank&r=g\",\"caption\":\"enequipo\"},\"sameAs\":[\"https:\/\/www.facebook.com\/SonoraEE\"]}]}<\/script>\n ","yoast_head_json":{"title":"Sonora en Equipo. Casillas para Consulta de Revocaci\u00f3n de Mandato se deben buscar \u2018como Dora la Exploradora\u2019: AMLO Rep\u00fablica","description":"CIUDAD DE M\u00c9XICO. MX. \u2014\u00a0 El presidente de M\u00e9xico, Andr\u00e9s Manuel L\u00f3pez Obrador (AMLO), dijo en su conferencia ma\u00f1anera del lunes (28.03.2022), que las En Sonora en Equipo publicamos toda la informaci\u00f3n de Sonora, M\u00e9xico y el Mundo de manera oportuna y busca que la libertad de expresi\u00f3n sea real. Visita nuestro medio informativo publicado desde Hermosillo, Sonora. %","robots":{"index":"index","follow":"follow","max-snippet":"max-snippet:-1","max-image-preview":"max-image-preview:large","max-video-preview":"max-video-preview:-1"},"canonical":"https:\/\/www.sonoraenequipo.com.mx\/casillas-para-consulta-de-revocacion-de-mandato-se-deben-buscar-como-dora-la-exploradora-amlo\/","og_locale":"es_ES","og_type":"article","og_title":"Sonora en Equipo. Casillas para Consulta de Revocaci\u00f3n de Mandato se deben buscar \u2018como Dora la Exploradora\u2019: AMLO Rep\u00fablica","og_description":"CIUDAD DE M\u00c9XICO. MX. \u2014\u00a0 El presidente de M\u00e9xico, Andr\u00e9s Manuel L\u00f3pez Obrador (AMLO), dijo en su conferencia ma\u00f1anera del lunes (28.03.2022), que las En Sonora en Equipo publicamos toda la informaci\u00f3n de Sonora, M\u00e9xico y el Mundo de manera oportuna y busca que la libertad de expresi\u00f3n sea real. Visita nuestro medio informativo publicado desde Hermosillo, Sonora. %","og_url":"https:\/\/www.sonoraenequipo.com.mx\/casillas-para-consulta-de-revocacion-de-mandato-se-deben-buscar-como-dora-la-exploradora-amlo\/","og_site_name":"Sonora en Equipo.","article_publisher":"https:\/\/www.facebook.com\/SonoraEE\/","article_author":"https:\/\/www.facebook.com\/SonoraEE","article_published_time":"2022-03-28T16:21:22+00:00","article_modified_time":"2022-03-30T03:19:40+00:00","og_image":[{"width":700,"height":400,"url":"https:\/\/www.sonoraenequipo.com.mx\/storage\/2022\/03\/presidente-AMLO.29.jpg","type":"image\/jpeg"}],"author":"enequipo","twitter_card":"summary_large_image","twitter_creator":"@sonoraenequipo","twitter_site":"@sonoraenequipo","twitter_misc":{"Escrito por":"enequipo","Tiempo de lectura":"1 minuto"},"schema":{"@context":"https:\/\/schema.org","@graph":[{"@type":"Article","@id":"https:\/\/www.sonoraenequipo.com.mx\/casillas-para-consulta-de-revocacion-de-mandato-se-deben-buscar-como-dora-la-exploradora-amlo\/#article","isPartOf":{"@id":"https:\/\/www.sonoraenequipo.com.mx\/casillas-para-consulta-de-revocacion-de-mandato-se-deben-buscar-como-dora-la-exploradora-amlo\/"},"author":{"name":"enequipo","@id":"https:\/\/www.sonoraenequipo.com.mx\/#\/schema\/person\/50102df0fb23a8fa9e8effad8fa81386"},"headline":"Casillas para Consulta de Revocaci\u00f3n de Mandato se deben buscar \u2018como Dora la Exploradora\u2019: AMLO","datePublished":"2022-03-28T16:21:22+00:00","dateModified":"2022-03-30T03:19:40+00:00","mainEntityOfPage":{"@id":"https:\/\/www.sonoraenequipo.com.mx\/casillas-para-consulta-de-revocacion-de-mandato-se-deben-buscar-como-dora-la-exploradora-amlo\/"},"wordCount":230,"commentCount":0,"publisher":{"@id":"https:\/\/www.sonoraenequipo.com.mx\/#organization"},"image":{"@id":"https:\/\/www.sonoraenequipo.com.mx\/casillas-para-consulta-de-revocacion-de-mandato-se-deben-buscar-como-dora-la-exploradora-amlo\/#primaryimage"},"thumbnailUrl":"https:\/\/www.sonoraenequipo.com.mx\/storage\/2022\/03\/presidente-AMLO.29.jpg","articleSection":["Rep\u00fablica"],"inLanguage":"es","potentialAction":[{"@type":"CommentAction","name":"Comment","target":["https:\/\/www.sonoraenequipo.com.mx\/casillas-para-consulta-de-revocacion-de-mandato-se-deben-buscar-como-dora-la-exploradora-amlo\/#respond"]}]},{"@type":"WebPage","@id":"https:\/\/www.sonoraenequipo.com.mx\/casillas-para-consulta-de-revocacion-de-mandato-se-deben-buscar-como-dora-la-exploradora-amlo\/","url":"https:\/\/www.sonoraenequipo.com.mx\/casillas-para-consulta-de-revocacion-de-mandato-se-deben-buscar-como-dora-la-exploradora-amlo\/","name":"Sonora en Equipo. Casillas para Consulta de Revocaci\u00f3n de Mandato se deben buscar \u2018como Dora la Exploradora\u2019: AMLO Rep\u00fablica","isPartOf":{"@id":"https:\/\/www.sonoraenequipo.com.mx\/#website"},"primaryImageOfPage":{"@id":"https:\/\/www.sonoraenequipo.com.mx\/casillas-para-consulta-de-revocacion-de-mandato-se-deben-buscar-como-dora-la-exploradora-amlo\/#primaryimage"},"image":{"@id":"https:\/\/www.sonoraenequipo.com.mx\/casillas-para-consulta-de-revocacion-de-mandato-se-deben-buscar-como-dora-la-exploradora-amlo\/#primaryimage"},"thumbnailUrl":"https:\/\/www.sonoraenequipo.com.mx\/storage\/2022\/03\/presidente-AMLO.29.jpg","datePublished":"2022-03-28T16:21:22+00:00","dateModified":"2022-03-30T03:19:40+00:00","description":"CIUDAD DE M\u00c9XICO. MX. \u2014\u00a0 El presidente de M\u00e9xico, Andr\u00e9s Manuel L\u00f3pez Obrador (AMLO), dijo en su conferencia ma\u00f1anera del lunes (28.03.2022), que las En Sonora en Equipo publicamos toda la informaci\u00f3n de Sonora, M\u00e9xico y el Mundo de manera oportuna y busca que la libertad de expresi\u00f3n sea real. Visita nuestro medio informativo publicado desde Hermosillo, Sonora. %","breadcrumb":{"@id":"https:\/\/www.sonoraenequipo.com.mx\/casillas-para-consulta-de-revocacion-de-mandato-se-deben-buscar-como-dora-la-exploradora-amlo\/#breadcrumb"},"inLanguage":"es","potentialAction":[{"@type":"ReadAction","target":["https:\/\/www.sonoraenequipo.com.mx\/casillas-para-consulta-de-revocacion-de-mandato-se-deben-buscar-como-dora-la-exploradora-amlo\/"]}]},{"@type":"ImageObject","inLanguage":"es","@id":"https:\/\/www.sonoraenequipo.com.mx\/casillas-para-consulta-de-revocacion-de-mandato-se-deben-buscar-como-dora-la-exploradora-amlo\/#primaryimage","url":"https:\/\/www.sonoraenequipo.com.mx\/storage\/2022\/03\/presidente-AMLO.29.jpg","contentUrl":"https:\/\/www.sonoraenequipo.com.mx\/storage\/2022\/03\/presidente-AMLO.29.jpg","width":700,"height":400},{"@type":"BreadcrumbList","@id":"https:\/\/www.sonoraenequipo.com.mx\/casillas-para-consulta-de-revocacion-de-mandato-se-deben-buscar-como-dora-la-exploradora-amlo\/#breadcrumb","itemListElement":[{"@type":"ListItem","position":1,"name":"Portada","item":"https:\/\/www.sonoraenequipo.com.mx\/"},{"@type":"ListItem","position":2,"name":"Casillas para Consulta de Revocaci\u00f3n de Mandato se deben buscar \u2018como Dora la Exploradora\u2019: AMLO"}]},{"@type":"WebSite","@id":"https:\/\/www.sonoraenequipo.com.mx\/#website","url":"https:\/\/www.sonoraenequipo.com.mx\/","name":"Sonora en Equipo.","description":"Diario en l\u00ednea con Noticias desde Hermosillo, Sonora","publisher":{"@id":"https:\/\/www.sonoraenequipo.com.mx\/#organization"},"potentialAction":[{"@type":"SearchAction","target":{"@type":"EntryPoint","urlTemplate":"https:\/\/www.sonoraenequipo.com.mx\/?s={search_term_string}"},"query-input":{"@type":"PropertyValueSpecification","valueRequired":true,"valueName":"search_term_string"}}],"inLanguage":"es"},{"@type":"Organization","@id":"https:\/\/www.sonoraenequipo.com.mx\/#organization","name":"Sonoraenequipo.com.mx","url":"https:\/\/www.sonoraenequipo.com.mx\/","logo":{"@type":"ImageObject","inLanguage":"es","@id":"https:\/\/www.sonoraenequipo.com.mx\/#\/schema\/logo\/image\/","url":"https:\/\/www.sonoraenequipo.com.mx\/storage\/2019\/01\/sonoraenequipo_opt.png","contentUrl":"https:\/\/www.sonoraenequipo.com.mx\/storage\/2019\/01\/sonoraenequipo_opt.png","width":375,"height":125,"caption":"Sonoraenequipo.com.mx"},"image":{"@id":"https:\/\/www.sonoraenequipo.com.mx\/#\/schema\/logo\/image\/"},"sameAs":["https:\/\/www.facebook.com\/SonoraEE\/","https:\/\/x.com\/sonoraenequipo","https:\/\/www.youtube.com\/channel\/UC338nW-lPEYmJQs4ZABQ1SQ"]},{"@type":"Person","@id":"https:\/\/www.sonoraenequipo.com.mx\/#\/schema\/person\/50102df0fb23a8fa9e8effad8fa81386","name":"enequipo","image":{"@type":"ImageObject","inLanguage":"es","@id":"https:\/\/www.sonoraenequipo.com.mx\/#\/schema\/person\/image\/","url":"https:\/\/secure.gravatar.com\/avatar\/049821681b589dabc0bc20695993ccebb09f5b5d4d790cd9251b97faac7c652b?s=96&d=blank&r=g","contentUrl":"https:\/\/secure.gravatar.com\/avatar\/049821681b589dabc0bc20695993ccebb09f5b5d4d790cd9251b97faac7c652b?s=96&d=blank&r=g","caption":"enequipo"},"sameAs":["https:\/\/www.facebook.com\/SonoraEE"]}]}},"jetpack_featured_media_url":"https:\/\/www.sonoraenequipo.com.mx\/storage\/2022\/03\/presidente-AMLO.29.jpg","_links":{"self":[{"href":"https:\/\/www.sonoraenequipo.com.mx\/api\/wp\/v2\/posts\/135899","targetHints":{"allow":["GET"]}}],"collection":[{"href":"https:\/\/www.sonoraenequipo.com.mx\/api\/wp\/v2\/posts"}],"about":[{"href":"https:\/\/www.sonoraenequipo.com.mx\/api\/wp\/v2\/types\/post"}],"author":[{"embeddable":true,"href":"https:\/\/www.sonoraenequipo.com.mx\/api\/wp\/v2\/users\/1"}],"replies":[{"embeddable":true,"href":"https:\/\/www.sonoraenequipo.com.mx\/api\/wp\/v2\/comments?post=135899"}],"version-history":[{"count":1,"href":"https:\/\/www.sonoraenequipo.com.mx\/api\/wp\/v2\/posts\/135899\/revisions"}],"predecessor-version":[{"id":135903,"href":"https:\/\/www.sonoraenequipo.com.mx\/api\/wp\/v2\/posts\/135899\/revisions\/135903"}],"wp:featuredmedia":[{"embeddable":true,"href":"https:\/\/www.sonoraenequipo.com.mx\/api\/wp\/v2\/media\/135864"}],"wp:attachment":[{"href":"https:\/\/www.sonoraenequipo.com.mx\/api\/wp\/v2\/media?parent=135899"}],"wp:term":[{"taxonomy":"category","embeddable":true,"href":"https:\/\/www.sonoraenequipo.com.mx\/api\/wp\/v2\/categories?post=135899"},{"taxonomy":"post_tag","embeddable":true,"href":"https:\/\/www.sonoraenequipo.com.mx\/api\/wp\/v2\/tags?post=135899"}],"curies":[{"name":"wp","href":"https:\/\/api.w.org\/{rel}","templated":true}]}}