{"id":136331,"date":"2022-04-06T06:08:49","date_gmt":"2022-04-06T13:08:49","guid":{"rendered":"https:\/\/www.sonoraenequipo.com.mx\/?p=136331"},"modified":"2022-04-06T12:54:25","modified_gmt":"2022-04-06T19:54:25","slug":"instituyen-parlamento-para-la-inclusion-de-personas-con-discapacidad-en-el-congreso-del-estado","status":"publish","type":"post","link":"https:\/\/www.sonoraenequipo.com.mx\/instituyen-parlamento-para-la-inclusion-de-personas-con-discapacidad-en-el-congreso-del-estado\/","title":{"rendered":"Instituyen Parlamento para la inclusi\u00f3n de personas con discapacidad en el Congreso del Estado"},"content":{"rendered":"<p><strong>HERMOSILLO, SONORA.MX. \u2014<\/strong> En sesi\u00f3n ordinaria el Pleno, el Congreso del Estado aprob\u00f3 un Decreto que adiciona la Ley Org\u00e1nica del Poder Legislativo, para instituir el Parlamento para la inclusi\u00f3n de personas con discapacidad; un Acuerdo que modifica otro aprobado el pasado 10 de marzo; y un dictamen con las observaciones que el titular del Poder Ejecutivo estatal emiti\u00f3 en relaci\u00f3n con la Ley de responsabilidad patrimonial para el Estado de Sonora y sus Municipios.<\/p>\n<p>&nbsp;<\/p>\n<p>&nbsp;<\/p>\n<p> <\/p>\n<p>&nbsp;<\/p>\n<p>&nbsp;<\/p>\n<p><em>\u201cComo Congreso estamos obligados a realizar todo lo conducente para proteger y garantizar los derechos humanos de las y los sonorenses que tienen alg\u00fan tipo de discapacidad, sobre todo, promover el respeto de su dignidad y su plena integraci\u00f3n en la sociedad\u201d<\/em>, establece la exposici\u00f3n de motivos de la iniciativa, de la cual se solicit\u00f3, por parte de quienes la presentaron, que fuera considerada como de urgente y obvia resoluci\u00f3n.<\/p>\n<p>&nbsp;<\/p>\n<p>&nbsp;<\/p>\n<p>Agrega que, para poder promover y proteger los derechos humanos de las personas con discapacidad, una acci\u00f3n afirmativa a favor de los mismos es instituir, dentro de este Congreso, el Parlamento para la inclusi\u00f3n de personas con discapacidad, como un espacio de interacci\u00f3n entre la poblaci\u00f3n con discapacidad y los legisladores, en el que puedan conocer sus necesidades, sus preocupaciones y, a partir de ah\u00ed, poder construir una agenda legislativa de apoyo.<\/p>\n<p>&nbsp;<\/p>\n<p>&nbsp;<\/p>\n<p>Dicho Parlamento se realizar\u00e1 en la primera semana de diciembre de cada a\u00f1o y ser\u00e1 la Comisi\u00f3n de Atenci\u00f3n a Grupos Vulnerables de la Sociedad la encargada de elaborar y proponer a la Comisi\u00f3n de R\u00e9gimen Interno y Concertaci\u00f3n Pol\u00edtica, para su posterior aprobaci\u00f3n, la convocatoria y el programa con el cual se desarrollar\u00e1, a emitirse en octubre de cada a\u00f1o.<\/p>\n<p>&nbsp;<\/p>\n<p>&nbsp;<\/p>\n<p>En Sonora, de acuerdo al \u00faltimo censo de poblaci\u00f3n 2020 del INEGI, la cifra de personas con discapacidad es de 145 mil 473 personas, de las cuales 68 mil 544 corresponden a hombres y 76 mil 929 son mujeres.<\/p>\n<p>&nbsp;<\/p>\n<p>&nbsp;<\/p>\n<p>En esta sesi\u00f3n ordinaria se aprob\u00f3 el Acuerdo que resuelve modificar el diverso Acuerdo n\u00famero 71, aprobado por este Poder Legislativo el 10 de marzo de 2022, mediante el cual se design\u00f3 a diversos diputados y diputadas como representantes ante la Conferencia Legislativa Fronteriza, organismo integrado por legisladores de los estados vecinos a lo largo de la frontera de Estados Unidos de Am\u00e9rica y M\u00e9xico, siendo estos: California, Arizona, Nuevo M\u00e9xico, Texas, Baja California, Sonora, Chihuahua, Coahuila, Nuevo Le\u00f3n y Tamaulipas.<\/p>\n<p>&nbsp;<\/p>\n<p>&nbsp;<\/p>\n<p><em>\u201cCabe destacar que nuestros legisladores sonorenses habr\u00e1n de llevar el uso de la voz en tan importante plataforma diplom\u00e1tica entre las entidades vecinas, donde se presenta una oportunidad importante para participar y, por ende, de obtener acuerdos tendientes a mejorar problem\u00e1ticas comunes que enfrentan los habitantes fronterizos de ambos pa\u00edses\u201d,<\/em> establece la iniciativa presentada por la Comisi\u00f3n de R\u00e9gimen Interno y Concertaci\u00f3n Pol\u00edtica, CRICP.<\/p>\n<p>&nbsp;<\/p>\n<p>&nbsp;<\/p>\n<p>En aras de ser inclusivos se propone incorporar a diversas legisladoras a los trabajos que se desarrollen en el seno del multi referido \u00f3rgano. El Acuerdo se aprob\u00f3 por unanimidad.<\/p>\n<p>&nbsp;<\/p>\n<p>&nbsp;<\/p>\n<p>En el mismo sentido se aprob\u00f3 el dictamen que present\u00f3 la Comisi\u00f3n de Gobernaci\u00f3n y Puntos Constitucionales, del escrito del Gobernador del Estado respecto de las observaciones que emiti\u00f3 en relaci\u00f3n a la Ley de responsabilidad patrimonial para el Estado de Sonora y sus Municipios, aprobada por esta Soberan\u00eda el 26 de octubre de 2021.<\/p>\n<p>&nbsp;<\/p>\n<p>&nbsp;<\/p>\n<p>El titular del Poder Ejecutivo estatal, en uso de su facultad prevista en el primer p\u00e1rrafo del Art\u00edculo 57 de la Constituci\u00f3n Pol\u00edtica del Estado de Sonora, devolvi\u00f3 los proyectos de Ley n\u00famero 4 y el Decreto n\u00famero 10, dentro del plazo de diez d\u00edas h\u00e1biles que marca el precepto constitucional en cita, mediante oficio 03.01-1-1239\/21, recibido en el Poder Legislativo el 10 de noviembre de 2021.<\/p>\n<p>&nbsp;<\/p>\n<p>&nbsp;<\/p>\n<p>Entre las observaciones presentadas por el Gobernador destaca que sean los entes p\u00fablicos los que cubran las indemnizaciones derivadas de la responsabilidad patrimonial que se determine conforme a la legislaci\u00f3n, con cargo a sus respectivos presupuestos, en lugar de que se incluya partida en el Presupuesto de Egresos para cubrir cuestiones de esa \u00edndole.<\/p>\n<p>&nbsp;<\/p>\n<p>&nbsp;<\/p>\n<p>La comisi\u00f3n tuvo a bien eliminar el mencionado Decreto n\u00famero 10 del dictamen, pero a su vez realiz\u00f3 los ajustes necesarios dentro del articulado de la propia Ley, a efecto de que se destinen recursos para que el Estado pueda hacer frente a la responsabilidad patrimonial, por lo que se atendieron las observaciones y se realizaron las adecuaciones pertinentes a dicha normatividad.<\/p>\n<p>&nbsp;<\/p>\n<p>&nbsp;<\/p>\n<p>En esta sesi\u00f3n ordinaria, la Presidencia turn\u00f3 a la Comisi\u00f3n de Hacienda una iniciativa con proyecto de decreto que adiciona un art\u00edculo 312 Bis a la Ley de Hacienda del Estado y otra con punto de Acuerdo mediante el cual el Congreso del Estado resuelve exhortar al titular del Poder Ejecutivo Federal, con el objeto de que sea modificado el Decreto por el que se fomenta la regularizaci\u00f3n de veh\u00edculos usados de procedencia extranjera.<\/p>\n<p>&nbsp;<\/p>\n<p>&nbsp;<\/p>\n<p>La propuesta establece disminuir la cuota de aprovechamiento por el tr\u00e1mite de regularizaci\u00f3n, que es de 2 mil 500 pesos para quedar en mil 250 pesos, adem\u00e1s de solicitar un seguro de autom\u00f3vil para reparar o indemnizar los da\u00f1os accidentales producidos en los veh\u00edculos de terceros y en el veh\u00edculo asegurado, mismo que podr\u00eda ser incluido en el procedimiento de regularizaci\u00f3n, para lo cual se cubrir\u00eda con la misma cuota de aprovechamiento que ya pagan los propietarios de unidades con esas caracter\u00edsticas.<\/p>\n<p>&nbsp;<\/p>\n<p>&nbsp;<\/p>\n<p>Tambi\u00e9n se propuso que toda recaudaci\u00f3n derivada del proceso de expedici\u00f3n de placas de los veh\u00edculos regularizados, durante los primeros cinco a\u00f1os posteriores a su legalizaci\u00f3n, se destine a constituir un fondo para los municipios del Estado de Sonora, que deber\u00e1 distribuirse conforme a las reglas generales que para tal efecto emita la Secretar\u00eda de Hacienda del Estado.<\/p>\n<p>&nbsp;<\/p>\n<p>&nbsp;<\/p>\n<p>Como pen\u00faltimo punto del orden del d\u00eda se present\u00f3 un posicionamiento referente a la celebraci\u00f3n del D\u00eda Mundial de Concienciaci\u00f3n sobre el Autismo y en nombre de la Red Binacional de Discapacidades Neurodiversas, se proclama abril de 2022 como mes mundial del autismo y el 2 de abril de 2022 como D\u00eda Mundial de Concienciaci\u00f3n sobre el Autismo en el Estado de Sonora, para crear un mundo m\u00e1s amable e inclusivo para las personas con este trastorno.<\/p>\n<p>&nbsp;<\/p>\n<p>&nbsp;<\/p>\n<p>El Pleno del Congreso sesionar\u00e1 este mi\u00e9rcoles 6 de abril, a las 10:00 horas.<\/p>\n<p>&nbsp;<\/p>\n<p>&nbsp;<\/p>\n<p>(Publicada el 06\/04\/2022)<\/p>\n","protected":false},"excerpt":{"rendered":"<p>HERMOSILLO, SONORA.MX. \u2014 En sesi\u00f3n ordinaria el Pleno, el Congreso del Estado aprob\u00f3 un Decreto&#8230;<\/p>\n","protected":false},"author":1,"featured_media":136332,"comment_status":"open","ping_status":"open","sticky":false,"template":"","format":"standard","meta":{"_monsterinsights_skip_tracking":false,"_monsterinsights_sitenote_active":false,"_monsterinsights_sitenote_note":"","_monsterinsights_sitenote_category":0,"footnotes":""},"categories":[3281],"tags":[],"class_list":["post"],"yoast_head":" \n<title>Sonora en Equipo. Instituyen Parlamento para la inclusi\u00f3n de personas con discapacidad en el Congreso del Estado Congreso<\/title>\n<meta name=\"description\" content=\"HERMOSILLO, SONORA.MX. \u2014 En sesi\u00f3n ordinaria el Pleno, el Congreso del Estado aprob\u00f3 un Decreto que adiciona la Ley Org\u00e1nica del Poder Legislativo, para En Sonora en Equipo publicamos toda la informaci\u00f3n de Sonora, M\u00e9xico y el Mundo de manera oportuna y busca que la libertad de expresi\u00f3n sea real. Visita nuestro medio informativo publicado desde Hermosillo, Sonora. %\" \/>\n<meta name=\"robots\" content=\"index, follow, max-snippet:-1, max-image-preview:large, max-video-preview:-1\" \/>\n<link rel=\"canonical\" href=\"https:\/\/www.sonoraenequipo.com.mx\/instituyen-parlamento-para-la-inclusion-de-personas-con-discapacidad-en-el-congreso-del-estado\/\" \/>\n<meta property=\"og:locale\" content=\"es_ES\" \/>\n<meta property=\"og:type\" content=\"article\" \/>\n<meta property=\"og:title\" content=\"Sonora en Equipo. Instituyen Parlamento para la inclusi\u00f3n de personas con discapacidad en el Congreso del Estado Congreso\" \/>\n<meta property=\"og:description\" content=\"HERMOSILLO, SONORA.MX. \u2014 En sesi\u00f3n ordinaria el Pleno, el Congreso del Estado aprob\u00f3 un Decreto que adiciona la Ley Org\u00e1nica del Poder Legislativo, para En Sonora en Equipo publicamos toda la informaci\u00f3n de Sonora, M\u00e9xico y el Mundo de manera oportuna y busca que la libertad de expresi\u00f3n sea real. Visita nuestro medio informativo publicado desde Hermosillo, Sonora. %\" \/>\n<meta property=\"og:url\" content=\"https:\/\/www.sonoraenequipo.com.mx\/instituyen-parlamento-para-la-inclusion-de-personas-con-discapacidad-en-el-congreso-del-estado\/\" \/>\n<meta property=\"og:site_name\" content=\"Sonora en Equipo.\" \/>\n<meta property=\"article:publisher\" content=\"https:\/\/www.facebook.com\/SonoraEE\/\" \/>\n<meta property=\"article:author\" content=\"https:\/\/www.facebook.com\/SonoraEE\" \/>\n<meta property=\"article:published_time\" content=\"2022-04-06T13:08:49+00:00\" \/>\n<meta property=\"article:modified_time\" content=\"2022-04-06T19:54:25+00:00\" \/>\n<meta property=\"og:image\" content=\"https:\/\/www.sonoraenequipo.com.mx\/storage\/2022\/04\/63-legislatura...jpg\" \/>\n\t<meta property=\"og:image:width\" content=\"700\" \/>\n\t<meta property=\"og:image:height\" content=\"400\" \/>\n\t<meta property=\"og:image:type\" content=\"image\/jpeg\" \/>\n<meta name=\"author\" content=\"enequipo\" \/>\n<meta name=\"twitter:card\" content=\"summary_large_image\" \/>\n<meta name=\"twitter:creator\" content=\"@sonoraenequipo\" \/>\n<meta name=\"twitter:site\" content=\"@sonoraenequipo\" \/>\n<meta name=\"twitter:label1\" content=\"Escrito por\" \/>\n\t<meta name=\"twitter:data1\" content=\"enequipo\" \/>\n\t<meta name=\"twitter:label2\" content=\"Tiempo de lectura\" \/>\n\t<meta name=\"twitter:data2\" content=\"5 minutos\" \/>\n<script type=\"application\/ld+json\" class=\"yoast-schema-graph\">{\"@context\":\"https:\/\/schema.org\",\"@graph\":[{\"@type\":\"Article\",\"@id\":\"https:\/\/www.sonoraenequipo.com.mx\/instituyen-parlamento-para-la-inclusion-de-personas-con-discapacidad-en-el-congreso-del-estado\/#article\",\"isPartOf\":{\"@id\":\"https:\/\/www.sonoraenequipo.com.mx\/instituyen-parlamento-para-la-inclusion-de-personas-con-discapacidad-en-el-congreso-del-estado\/\"},\"author\":{\"name\":\"enequipo\",\"@id\":\"https:\/\/www.sonoraenequipo.com.mx\/#\/schema\/person\/50102df0fb23a8fa9e8effad8fa81386\"},\"headline\":\"Instituyen Parlamento para la inclusi\u00f3n de personas con discapacidad en el Congreso del Estado\",\"datePublished\":\"2022-04-06T13:08:49+00:00\",\"dateModified\":\"2022-04-06T19:54:25+00:00\",\"mainEntityOfPage\":{\"@id\":\"https:\/\/www.sonoraenequipo.com.mx\/instituyen-parlamento-para-la-inclusion-de-personas-con-discapacidad-en-el-congreso-del-estado\/\"},\"wordCount\":1145,\"commentCount\":0,\"publisher\":{\"@id\":\"https:\/\/www.sonoraenequipo.com.mx\/#organization\"},\"image\":{\"@id\":\"https:\/\/www.sonoraenequipo.com.mx\/instituyen-parlamento-para-la-inclusion-de-personas-con-discapacidad-en-el-congreso-del-estado\/#primaryimage\"},\"thumbnailUrl\":\"https:\/\/www.sonoraenequipo.com.mx\/storage\/2022\/04\/63-legislatura...jpg\",\"articleSection\":[\"Congreso\"],\"inLanguage\":\"es\",\"potentialAction\":[{\"@type\":\"CommentAction\",\"name\":\"Comment\",\"target\":[\"https:\/\/www.sonoraenequipo.com.mx\/instituyen-parlamento-para-la-inclusion-de-personas-con-discapacidad-en-el-congreso-del-estado\/#respond\"]}]},{\"@type\":\"WebPage\",\"@id\":\"https:\/\/www.sonoraenequipo.com.mx\/instituyen-parlamento-para-la-inclusion-de-personas-con-discapacidad-en-el-congreso-del-estado\/\",\"url\":\"https:\/\/www.sonoraenequipo.com.mx\/instituyen-parlamento-para-la-inclusion-de-personas-con-discapacidad-en-el-congreso-del-estado\/\",\"name\":\"Sonora en Equipo. Instituyen Parlamento para la inclusi\u00f3n de personas con discapacidad en el Congreso del Estado Congreso\",\"isPartOf\":{\"@id\":\"https:\/\/www.sonoraenequipo.com.mx\/#website\"},\"primaryImageOfPage\":{\"@id\":\"https:\/\/www.sonoraenequipo.com.mx\/instituyen-parlamento-para-la-inclusion-de-personas-con-discapacidad-en-el-congreso-del-estado\/#primaryimage\"},\"image\":{\"@id\":\"https:\/\/www.sonoraenequipo.com.mx\/instituyen-parlamento-para-la-inclusion-de-personas-con-discapacidad-en-el-congreso-del-estado\/#primaryimage\"},\"thumbnailUrl\":\"https:\/\/www.sonoraenequipo.com.mx\/storage\/2022\/04\/63-legislatura...jpg\",\"datePublished\":\"2022-04-06T13:08:49+00:00\",\"dateModified\":\"2022-04-06T19:54:25+00:00\",\"description\":\"HERMOSILLO, SONORA.MX. \u2014 En sesi\u00f3n ordinaria el Pleno, el Congreso del Estado aprob\u00f3 un Decreto que adiciona la Ley Org\u00e1nica del Poder Legislativo, para En Sonora en Equipo publicamos toda la informaci\u00f3n de Sonora, M\u00e9xico y el Mundo de manera oportuna y busca que la libertad de expresi\u00f3n sea real. Visita nuestro medio informativo publicado desde Hermosillo, Sonora. %\",\"breadcrumb\":{\"@id\":\"https:\/\/www.sonoraenequipo.com.mx\/instituyen-parlamento-para-la-inclusion-de-personas-con-discapacidad-en-el-congreso-del-estado\/#breadcrumb\"},\"inLanguage\":\"es\",\"potentialAction\":[{\"@type\":\"ReadAction\",\"target\":[\"https:\/\/www.sonoraenequipo.com.mx\/instituyen-parlamento-para-la-inclusion-de-personas-con-discapacidad-en-el-congreso-del-estado\/\"]}]},{\"@type\":\"ImageObject\",\"inLanguage\":\"es\",\"@id\":\"https:\/\/www.sonoraenequipo.com.mx\/instituyen-parlamento-para-la-inclusion-de-personas-con-discapacidad-en-el-congreso-del-estado\/#primaryimage\",\"url\":\"https:\/\/www.sonoraenequipo.com.mx\/storage\/2022\/04\/63-legislatura...jpg\",\"contentUrl\":\"https:\/\/www.sonoraenequipo.com.mx\/storage\/2022\/04\/63-legislatura...jpg\",\"width\":700,\"height\":400},{\"@type\":\"BreadcrumbList\",\"@id\":\"https:\/\/www.sonoraenequipo.com.mx\/instituyen-parlamento-para-la-inclusion-de-personas-con-discapacidad-en-el-congreso-del-estado\/#breadcrumb\",\"itemListElement\":[{\"@type\":\"ListItem\",\"position\":1,\"name\":\"Portada\",\"item\":\"https:\/\/www.sonoraenequipo.com.mx\/\"},{\"@type\":\"ListItem\",\"position\":2,\"name\":\"Instituyen Parlamento para la inclusi\u00f3n de personas con discapacidad en el Congreso del Estado\"}]},{\"@type\":\"WebSite\",\"@id\":\"https:\/\/www.sonoraenequipo.com.mx\/#website\",\"url\":\"https:\/\/www.sonoraenequipo.com.mx\/\",\"name\":\"Sonora en Equipo.\",\"description\":\"Diario en l\u00ednea con Noticias desde Hermosillo, Sonora\",\"publisher\":{\"@id\":\"https:\/\/www.sonoraenequipo.com.mx\/#organization\"},\"potentialAction\":[{\"@type\":\"SearchAction\",\"target\":{\"@type\":\"EntryPoint\",\"urlTemplate\":\"https:\/\/www.sonoraenequipo.com.mx\/?s={search_term_string}\"},\"query-input\":{\"@type\":\"PropertyValueSpecification\",\"valueRequired\":true,\"valueName\":\"search_term_string\"}}],\"inLanguage\":\"es\"},{\"@type\":\"Organization\",\"@id\":\"https:\/\/www.sonoraenequipo.com.mx\/#organization\",\"name\":\"Sonoraenequipo.com.mx\",\"url\":\"https:\/\/www.sonoraenequipo.com.mx\/\",\"logo\":{\"@type\":\"ImageObject\",\"inLanguage\":\"es\",\"@id\":\"https:\/\/www.sonoraenequipo.com.mx\/#\/schema\/logo\/image\/\",\"url\":\"https:\/\/www.sonoraenequipo.com.mx\/storage\/2019\/01\/sonoraenequipo_opt.png\",\"contentUrl\":\"https:\/\/www.sonoraenequipo.com.mx\/storage\/2019\/01\/sonoraenequipo_opt.png\",\"width\":375,\"height\":125,\"caption\":\"Sonoraenequipo.com.mx\"},\"image\":{\"@id\":\"https:\/\/www.sonoraenequipo.com.mx\/#\/schema\/logo\/image\/\"},\"sameAs\":[\"https:\/\/www.facebook.com\/SonoraEE\/\",\"https:\/\/x.com\/sonoraenequipo\",\"https:\/\/www.youtube.com\/channel\/UC338nW-lPEYmJQs4ZABQ1SQ\"]},{\"@type\":\"Person\",\"@id\":\"https:\/\/www.sonoraenequipo.com.mx\/#\/schema\/person\/50102df0fb23a8fa9e8effad8fa81386\",\"name\":\"enequipo\",\"image\":{\"@type\":\"ImageObject\",\"inLanguage\":\"es\",\"@id\":\"https:\/\/www.sonoraenequipo.com.mx\/#\/schema\/person\/image\/\",\"url\":\"https:\/\/secure.gravatar.com\/avatar\/049821681b589dabc0bc20695993ccebb09f5b5d4d790cd9251b97faac7c652b?s=96&d=blank&r=g\",\"contentUrl\":\"https:\/\/secure.gravatar.com\/avatar\/049821681b589dabc0bc20695993ccebb09f5b5d4d790cd9251b97faac7c652b?s=96&d=blank&r=g\",\"caption\":\"enequipo\"},\"sameAs\":[\"https:\/\/www.facebook.com\/SonoraEE\"]}]}<\/script>\n ","yoast_head_json":{"title":"Sonora en Equipo. Instituyen Parlamento para la inclusi\u00f3n de personas con discapacidad en el Congreso del Estado Congreso","description":"HERMOSILLO, SONORA.MX. \u2014 En sesi\u00f3n ordinaria el Pleno, el Congreso del Estado aprob\u00f3 un Decreto que adiciona la Ley Org\u00e1nica del Poder Legislativo, para En Sonora en Equipo publicamos toda la informaci\u00f3n de Sonora, M\u00e9xico y el Mundo de manera oportuna y busca que la libertad de expresi\u00f3n sea real. Visita nuestro medio informativo publicado desde Hermosillo, Sonora. %","robots":{"index":"index","follow":"follow","max-snippet":"max-snippet:-1","max-image-preview":"max-image-preview:large","max-video-preview":"max-video-preview:-1"},"canonical":"https:\/\/www.sonoraenequipo.com.mx\/instituyen-parlamento-para-la-inclusion-de-personas-con-discapacidad-en-el-congreso-del-estado\/","og_locale":"es_ES","og_type":"article","og_title":"Sonora en Equipo. Instituyen Parlamento para la inclusi\u00f3n de personas con discapacidad en el Congreso del Estado Congreso","og_description":"HERMOSILLO, SONORA.MX. \u2014 En sesi\u00f3n ordinaria el Pleno, el Congreso del Estado aprob\u00f3 un Decreto que adiciona la Ley Org\u00e1nica del Poder Legislativo, para En Sonora en Equipo publicamos toda la informaci\u00f3n de Sonora, M\u00e9xico y el Mundo de manera oportuna y busca que la libertad de expresi\u00f3n sea real. Visita nuestro medio informativo publicado desde Hermosillo, Sonora. %","og_url":"https:\/\/www.sonoraenequipo.com.mx\/instituyen-parlamento-para-la-inclusion-de-personas-con-discapacidad-en-el-congreso-del-estado\/","og_site_name":"Sonora en Equipo.","article_publisher":"https:\/\/www.facebook.com\/SonoraEE\/","article_author":"https:\/\/www.facebook.com\/SonoraEE","article_published_time":"2022-04-06T13:08:49+00:00","article_modified_time":"2022-04-06T19:54:25+00:00","og_image":[{"width":700,"height":400,"url":"https:\/\/www.sonoraenequipo.com.mx\/storage\/2022\/04\/63-legislatura...jpg","type":"image\/jpeg"}],"author":"enequipo","twitter_card":"summary_large_image","twitter_creator":"@sonoraenequipo","twitter_site":"@sonoraenequipo","twitter_misc":{"Escrito por":"enequipo","Tiempo de lectura":"5 minutos"},"schema":{"@context":"https:\/\/schema.org","@graph":[{"@type":"Article","@id":"https:\/\/www.sonoraenequipo.com.mx\/instituyen-parlamento-para-la-inclusion-de-personas-con-discapacidad-en-el-congreso-del-estado\/#article","isPartOf":{"@id":"https:\/\/www.sonoraenequipo.com.mx\/instituyen-parlamento-para-la-inclusion-de-personas-con-discapacidad-en-el-congreso-del-estado\/"},"author":{"name":"enequipo","@id":"https:\/\/www.sonoraenequipo.com.mx\/#\/schema\/person\/50102df0fb23a8fa9e8effad8fa81386"},"headline":"Instituyen Parlamento para la inclusi\u00f3n de personas con discapacidad en el Congreso del Estado","datePublished":"2022-04-06T13:08:49+00:00","dateModified":"2022-04-06T19:54:25+00:00","mainEntityOfPage":{"@id":"https:\/\/www.sonoraenequipo.com.mx\/instituyen-parlamento-para-la-inclusion-de-personas-con-discapacidad-en-el-congreso-del-estado\/"},"wordCount":1145,"commentCount":0,"publisher":{"@id":"https:\/\/www.sonoraenequipo.com.mx\/#organization"},"image":{"@id":"https:\/\/www.sonoraenequipo.com.mx\/instituyen-parlamento-para-la-inclusion-de-personas-con-discapacidad-en-el-congreso-del-estado\/#primaryimage"},"thumbnailUrl":"https:\/\/www.sonoraenequipo.com.mx\/storage\/2022\/04\/63-legislatura...jpg","articleSection":["Congreso"],"inLanguage":"es","potentialAction":[{"@type":"CommentAction","name":"Comment","target":["https:\/\/www.sonoraenequipo.com.mx\/instituyen-parlamento-para-la-inclusion-de-personas-con-discapacidad-en-el-congreso-del-estado\/#respond"]}]},{"@type":"WebPage","@id":"https:\/\/www.sonoraenequipo.com.mx\/instituyen-parlamento-para-la-inclusion-de-personas-con-discapacidad-en-el-congreso-del-estado\/","url":"https:\/\/www.sonoraenequipo.com.mx\/instituyen-parlamento-para-la-inclusion-de-personas-con-discapacidad-en-el-congreso-del-estado\/","name":"Sonora en Equipo. Instituyen Parlamento para la inclusi\u00f3n de personas con discapacidad en el Congreso del Estado Congreso","isPartOf":{"@id":"https:\/\/www.sonoraenequipo.com.mx\/#website"},"primaryImageOfPage":{"@id":"https:\/\/www.sonoraenequipo.com.mx\/instituyen-parlamento-para-la-inclusion-de-personas-con-discapacidad-en-el-congreso-del-estado\/#primaryimage"},"image":{"@id":"https:\/\/www.sonoraenequipo.com.mx\/instituyen-parlamento-para-la-inclusion-de-personas-con-discapacidad-en-el-congreso-del-estado\/#primaryimage"},"thumbnailUrl":"https:\/\/www.sonoraenequipo.com.mx\/storage\/2022\/04\/63-legislatura...jpg","datePublished":"2022-04-06T13:08:49+00:00","dateModified":"2022-04-06T19:54:25+00:00","description":"HERMOSILLO, SONORA.MX. \u2014 En sesi\u00f3n ordinaria el Pleno, el Congreso del Estado aprob\u00f3 un Decreto que adiciona la Ley Org\u00e1nica del Poder Legislativo, para En Sonora en Equipo publicamos toda la informaci\u00f3n de Sonora, M\u00e9xico y el Mundo de manera oportuna y busca que la libertad de expresi\u00f3n sea real. Visita nuestro medio informativo publicado desde Hermosillo, Sonora. %","breadcrumb":{"@id":"https:\/\/www.sonoraenequipo.com.mx\/instituyen-parlamento-para-la-inclusion-de-personas-con-discapacidad-en-el-congreso-del-estado\/#breadcrumb"},"inLanguage":"es","potentialAction":[{"@type":"ReadAction","target":["https:\/\/www.sonoraenequipo.com.mx\/instituyen-parlamento-para-la-inclusion-de-personas-con-discapacidad-en-el-congreso-del-estado\/"]}]},{"@type":"ImageObject","inLanguage":"es","@id":"https:\/\/www.sonoraenequipo.com.mx\/instituyen-parlamento-para-la-inclusion-de-personas-con-discapacidad-en-el-congreso-del-estado\/#primaryimage","url":"https:\/\/www.sonoraenequipo.com.mx\/storage\/2022\/04\/63-legislatura...jpg","contentUrl":"https:\/\/www.sonoraenequipo.com.mx\/storage\/2022\/04\/63-legislatura...jpg","width":700,"height":400},{"@type":"BreadcrumbList","@id":"https:\/\/www.sonoraenequipo.com.mx\/instituyen-parlamento-para-la-inclusion-de-personas-con-discapacidad-en-el-congreso-del-estado\/#breadcrumb","itemListElement":[{"@type":"ListItem","position":1,"name":"Portada","item":"https:\/\/www.sonoraenequipo.com.mx\/"},{"@type":"ListItem","position":2,"name":"Instituyen Parlamento para la inclusi\u00f3n de personas con discapacidad en el Congreso del Estado"}]},{"@type":"WebSite","@id":"https:\/\/www.sonoraenequipo.com.mx\/#website","url":"https:\/\/www.sonoraenequipo.com.mx\/","name":"Sonora en Equipo.","description":"Diario en l\u00ednea con Noticias desde Hermosillo, Sonora","publisher":{"@id":"https:\/\/www.sonoraenequipo.com.mx\/#organization"},"potentialAction":[{"@type":"SearchAction","target":{"@type":"EntryPoint","urlTemplate":"https:\/\/www.sonoraenequipo.com.mx\/?s={search_term_string}"},"query-input":{"@type":"PropertyValueSpecification","valueRequired":true,"valueName":"search_term_string"}}],"inLanguage":"es"},{"@type":"Organization","@id":"https:\/\/www.sonoraenequipo.com.mx\/#organization","name":"Sonoraenequipo.com.mx","url":"https:\/\/www.sonoraenequipo.com.mx\/","logo":{"@type":"ImageObject","inLanguage":"es","@id":"https:\/\/www.sonoraenequipo.com.mx\/#\/schema\/logo\/image\/","url":"https:\/\/www.sonoraenequipo.com.mx\/storage\/2019\/01\/sonoraenequipo_opt.png","contentUrl":"https:\/\/www.sonoraenequipo.com.mx\/storage\/2019\/01\/sonoraenequipo_opt.png","width":375,"height":125,"caption":"Sonoraenequipo.com.mx"},"image":{"@id":"https:\/\/www.sonoraenequipo.com.mx\/#\/schema\/logo\/image\/"},"sameAs":["https:\/\/www.facebook.com\/SonoraEE\/","https:\/\/x.com\/sonoraenequipo","https:\/\/www.youtube.com\/channel\/UC338nW-lPEYmJQs4ZABQ1SQ"]},{"@type":"Person","@id":"https:\/\/www.sonoraenequipo.com.mx\/#\/schema\/person\/50102df0fb23a8fa9e8effad8fa81386","name":"enequipo","image":{"@type":"ImageObject","inLanguage":"es","@id":"https:\/\/www.sonoraenequipo.com.mx\/#\/schema\/person\/image\/","url":"https:\/\/secure.gravatar.com\/avatar\/049821681b589dabc0bc20695993ccebb09f5b5d4d790cd9251b97faac7c652b?s=96&d=blank&r=g","contentUrl":"https:\/\/secure.gravatar.com\/avatar\/049821681b589dabc0bc20695993ccebb09f5b5d4d790cd9251b97faac7c652b?s=96&d=blank&r=g","caption":"enequipo"},"sameAs":["https:\/\/www.facebook.com\/SonoraEE"]}]}},"jetpack_featured_media_url":"https:\/\/www.sonoraenequipo.com.mx\/storage\/2022\/04\/63-legislatura...jpg","_links":{"self":[{"href":"https:\/\/www.sonoraenequipo.com.mx\/api\/wp\/v2\/posts\/136331","targetHints":{"allow":["GET"]}}],"collection":[{"href":"https:\/\/www.sonoraenequipo.com.mx\/api\/wp\/v2\/posts"}],"about":[{"href":"https:\/\/www.sonoraenequipo.com.mx\/api\/wp\/v2\/types\/post"}],"author":[{"embeddable":true,"href":"https:\/\/www.sonoraenequipo.com.mx\/api\/wp\/v2\/users\/1"}],"replies":[{"embeddable":true,"href":"https:\/\/www.sonoraenequipo.com.mx\/api\/wp\/v2\/comments?post=136331"}],"version-history":[{"count":1,"href":"https:\/\/www.sonoraenequipo.com.mx\/api\/wp\/v2\/posts\/136331\/revisions"}],"predecessor-version":[{"id":136333,"href":"https:\/\/www.sonoraenequipo.com.mx\/api\/wp\/v2\/posts\/136331\/revisions\/136333"}],"wp:featuredmedia":[{"embeddable":true,"href":"https:\/\/www.sonoraenequipo.com.mx\/api\/wp\/v2\/media\/136332"}],"wp:attachment":[{"href":"https:\/\/www.sonoraenequipo.com.mx\/api\/wp\/v2\/media?parent=136331"}],"wp:term":[{"taxonomy":"category","embeddable":true,"href":"https:\/\/www.sonoraenequipo.com.mx\/api\/wp\/v2\/categories?post=136331"},{"taxonomy":"post_tag","embeddable":true,"href":"https:\/\/www.sonoraenequipo.com.mx\/api\/wp\/v2\/tags?post=136331"}],"curies":[{"name":"wp","href":"https:\/\/api.w.org\/{rel}","templated":true}]}}