{"id":136335,"date":"2022-04-06T07:02:05","date_gmt":"2022-04-06T14:02:05","guid":{"rendered":"https:\/\/www.sonoraenequipo.com.mx\/?p=136335"},"modified":"2022-04-06T17:04:38","modified_gmt":"2022-04-07T00:04:38","slug":"anuncia-secretario-de-salud-participacion-en-el-operativo-de-semana-santa-2022","status":"publish","type":"post","link":"https:\/\/www.sonoraenequipo.com.mx\/anuncia-secretario-de-salud-participacion-en-el-operativo-de-semana-santa-2022\/","title":{"rendered":"Anuncia secretario de Salud participaci\u00f3n en el Operativo de Semana Santa 2022"},"content":{"rendered":"<p><strong>HERMOSILLO, SONORA. MX. \u2014<\/strong> Con el objetivo de salvaguardar la vida e integridad de los sonorenses, la Secretar\u00eda de Salud (SSA) estar\u00e1 presente en el Operativo de Semana Santa 2022 en cuanto a la atenci\u00f3n m\u00e9dica, as\u00ed como un operativo especial en carreteras por parte del Consejo Estatal para la Prevenci\u00f3n de Accidentes (Coepra), inform\u00f3 Jos\u00e9 Luis Alom\u00eda Zegarra, secretario de Salud.<\/p>\n<p>&nbsp;<\/p>\n<p>&nbsp;<\/p>\n<p> <\/p>\n<p>El titular de la dependencia detall\u00f3, durante la rueda de prensa semanal del gobernador, Alfonso Durazo Monta\u00f1o, que habr\u00e1 una coordinaci\u00f3n interinstitucional con las unidades de Protecci\u00f3n Civil, hospitales, municipios y cuerpos de emergencias, siendo enf\u00e1ticos en el monitoreo de la afluencia vehicular, en las carreteras del estado y diversos destinos tur\u00edsticos.<\/p>\n<p>&nbsp;<\/p>\n<p>Se\u00f1al\u00f3 que se contar\u00e1 con 120 trabajadores de guardia en las seis Jurisdicciones Sanitarias del estado para la atenci\u00f3n del operativo, adem\u00e1s de 12 veh\u00edculos disponibles para las actividades y diversos kits de emergencia que se entregar\u00e1n a la poblaci\u00f3n en caso de necesitarlo, tales como electrolitos orales, o en su caso, insumos para la atenci\u00f3n del Covid-19.<\/p>\n<p>&nbsp;<\/p>\n<p><em><strong>\u201cEstaremos muy atentos y de cerca en este Operativo de Semana Santa 2022 para que las y los sonorenses se sientan seguros, pero tambi\u00e9n estaremos realizando recomendaciones a trav\u00e9s de nuestras diversas plataformas para que las familias sonorenses transiten seguros por las carreteras del estado y que lleguen con bien a sus destinos tur\u00edsticos, pero para aquellas personas que se quedan en casa, tengan la certeza de que estaremos con el personal suficiente para las atenciones que se requieran, ya que habr\u00e1 personal de guardia en las diferentes unidades hospitalarias\u201d<\/strong><\/em>, agreg\u00f3.<\/p>\n<p>&nbsp;<\/p>\n<p>&nbsp;<\/p>\n<p>El secretario de Salud indic\u00f3 que el servicio de emergencia estar\u00e1 activo las 24 horas del d\u00eda, los siete d\u00edas de la semana para la atenci\u00f3n y orientaci\u00f3n telef\u00f3nica del 9-1-1, as\u00ed como diversos puntos de vigilancia con ambulancias y personal m\u00e9dico, principalmente en los lugares con mayor afluencia vehicular.<\/p>\n<p>&nbsp;<\/p>\n<p>A trav\u00e9s del Observatorio Estatal de Lesiones, agreg\u00f3 el titular de la SSA, se realizar\u00e1 un monitoreo activo de posibles accidentes de tr\u00e1nsito y carreteros, accidentes con m\u00faltiples v\u00edctimas, de igual forma con solicitudes de ambulancias.<\/p>\n<p>&nbsp;<\/p>\n<p>El secretario Jos\u00e9 Luis Alom\u00eda Zegarra recomend\u00f3 a la poblaci\u00f3n cuidarse, ya sea en las distintas \u00e1reas tur\u00edsticas como en sus municipios, as\u00ed como seguir protegi\u00e9ndose contra el Covid-19, manteniendo las medidas sanitarias, como el uso del cubreboca en espacios cerrados y con poca ventilaci\u00f3n, respetar la sana distancia de 1.5 metros, lavado de manos frecuente, uso de alcohol gel y estornudo o tos de etiqueta.<\/p>\n<p>&nbsp;<\/p>\n<p><iframe loading=\"lazy\" title=\"ATAME en Sonora 05 04 2022\" width=\"640\" height=\"360\" src=\"https:\/\/www.youtube.com\/embed\/qjFtyDenzwc?feature=oembed\" frameborder=\"0\" allow=\"accelerometer; autoplay; clipboard-write; encrypted-media; gyroscope; picture-in-picture; web-share\" referrerpolicy=\"strict-origin-when-cross-origin\" allowfullscreen><\/iframe><\/p>\n<p>&nbsp;<\/p>\n<p>(Publicada el 06\/04\/2022 \/Con informaci\u00f3n de GOBSON 0422037)<\/p>\n","protected":false},"excerpt":{"rendered":"<p>HERMOSILLO, SONORA. MX. \u2014 Con el objetivo de salvaguardar la vida e integridad de los&#8230;<\/p>\n","protected":false},"author":1,"featured_media":136336,"comment_status":"open","ping_status":"open","sticky":false,"template":"","format":"standard","meta":{"_monsterinsights_skip_tracking":false,"_monsterinsights_sitenote_active":false,"_monsterinsights_sitenote_note":"","_monsterinsights_sitenote_category":0,"footnotes":""},"categories":[22],"tags":[],"class_list":["post"],"yoast_head":" \n<title>Sonora en Equipo. Anuncia secretario de Salud participaci\u00f3n en el Operativo de Semana Santa 2022 Sonora<\/title>\n<meta name=\"description\" content=\"HERMOSILLO, SONORA. MX. \u2014 Con el objetivo de salvaguardar la vida e integridad de los sonorenses, la Secretar\u00eda de Salud (SSA) estar\u00e1 presente en el En Sonora en Equipo publicamos toda la informaci\u00f3n de Sonora, M\u00e9xico y el Mundo de manera oportuna y busca que la libertad de expresi\u00f3n sea real. Visita nuestro medio informativo publicado desde Hermosillo, Sonora. %\" \/>\n<meta name=\"robots\" content=\"index, follow, max-snippet:-1, max-image-preview:large, max-video-preview:-1\" \/>\n<link rel=\"canonical\" href=\"https:\/\/www.sonoraenequipo.com.mx\/anuncia-secretario-de-salud-participacion-en-el-operativo-de-semana-santa-2022\/\" \/>\n<meta property=\"og:locale\" content=\"es_ES\" \/>\n<meta property=\"og:type\" content=\"article\" \/>\n<meta property=\"og:title\" content=\"Sonora en Equipo. Anuncia secretario de Salud participaci\u00f3n en el Operativo de Semana Santa 2022 Sonora\" \/>\n<meta property=\"og:description\" content=\"HERMOSILLO, SONORA. MX. \u2014 Con el objetivo de salvaguardar la vida e integridad de los sonorenses, la Secretar\u00eda de Salud (SSA) estar\u00e1 presente en el En Sonora en Equipo publicamos toda la informaci\u00f3n de Sonora, M\u00e9xico y el Mundo de manera oportuna y busca que la libertad de expresi\u00f3n sea real. Visita nuestro medio informativo publicado desde Hermosillo, Sonora. %\" \/>\n<meta property=\"og:url\" content=\"https:\/\/www.sonoraenequipo.com.mx\/anuncia-secretario-de-salud-participacion-en-el-operativo-de-semana-santa-2022\/\" \/>\n<meta property=\"og:site_name\" content=\"Sonora en Equipo.\" \/>\n<meta property=\"article:publisher\" content=\"https:\/\/www.facebook.com\/SonoraEE\/\" \/>\n<meta property=\"article:author\" content=\"https:\/\/www.facebook.com\/SonoraEE\" \/>\n<meta property=\"article:published_time\" content=\"2022-04-06T14:02:05+00:00\" \/>\n<meta property=\"article:modified_time\" content=\"2022-04-07T00:04:38+00:00\" \/>\n<meta property=\"og:image\" content=\"https:\/\/www.sonoraenequipo.com.mx\/storage\/2022\/04\/sec-de-salud-de-sonora...jpg\" \/>\n\t<meta property=\"og:image:width\" content=\"700\" \/>\n\t<meta property=\"og:image:height\" content=\"400\" \/>\n\t<meta property=\"og:image:type\" content=\"image\/jpeg\" \/>\n<meta name=\"author\" content=\"enequipo\" \/>\n<meta name=\"twitter:card\" content=\"summary_large_image\" \/>\n<meta name=\"twitter:creator\" content=\"@sonoraenequipo\" \/>\n<meta name=\"twitter:site\" content=\"@sonoraenequipo\" \/>\n<meta name=\"twitter:label1\" content=\"Escrito por\" \/>\n\t<meta name=\"twitter:data1\" content=\"enequipo\" \/>\n\t<meta name=\"twitter:label2\" content=\"Tiempo de lectura\" \/>\n\t<meta name=\"twitter:data2\" content=\"2 minutos\" \/>\n<script type=\"application\/ld+json\" class=\"yoast-schema-graph\">{\"@context\":\"https:\/\/schema.org\",\"@graph\":[{\"@type\":\"Article\",\"@id\":\"https:\/\/www.sonoraenequipo.com.mx\/anuncia-secretario-de-salud-participacion-en-el-operativo-de-semana-santa-2022\/#article\",\"isPartOf\":{\"@id\":\"https:\/\/www.sonoraenequipo.com.mx\/anuncia-secretario-de-salud-participacion-en-el-operativo-de-semana-santa-2022\/\"},\"author\":{\"name\":\"enequipo\",\"@id\":\"https:\/\/www.sonoraenequipo.com.mx\/#\/schema\/person\/50102df0fb23a8fa9e8effad8fa81386\"},\"headline\":\"Anuncia secretario de Salud participaci\u00f3n en el Operativo de Semana Santa 2022\",\"datePublished\":\"2022-04-06T14:02:05+00:00\",\"dateModified\":\"2022-04-07T00:04:38+00:00\",\"mainEntityOfPage\":{\"@id\":\"https:\/\/www.sonoraenequipo.com.mx\/anuncia-secretario-de-salud-participacion-en-el-operativo-de-semana-santa-2022\/\"},\"wordCount\":477,\"commentCount\":0,\"publisher\":{\"@id\":\"https:\/\/www.sonoraenequipo.com.mx\/#organization\"},\"image\":{\"@id\":\"https:\/\/www.sonoraenequipo.com.mx\/anuncia-secretario-de-salud-participacion-en-el-operativo-de-semana-santa-2022\/#primaryimage\"},\"thumbnailUrl\":\"https:\/\/www.sonoraenequipo.com.mx\/storage\/2022\/04\/sec-de-salud-de-sonora...jpg\",\"articleSection\":[\"Sonora\"],\"inLanguage\":\"es\",\"potentialAction\":[{\"@type\":\"CommentAction\",\"name\":\"Comment\",\"target\":[\"https:\/\/www.sonoraenequipo.com.mx\/anuncia-secretario-de-salud-participacion-en-el-operativo-de-semana-santa-2022\/#respond\"]}]},{\"@type\":\"WebPage\",\"@id\":\"https:\/\/www.sonoraenequipo.com.mx\/anuncia-secretario-de-salud-participacion-en-el-operativo-de-semana-santa-2022\/\",\"url\":\"https:\/\/www.sonoraenequipo.com.mx\/anuncia-secretario-de-salud-participacion-en-el-operativo-de-semana-santa-2022\/\",\"name\":\"Sonora en Equipo. Anuncia secretario de Salud participaci\u00f3n en el Operativo de Semana Santa 2022 Sonora\",\"isPartOf\":{\"@id\":\"https:\/\/www.sonoraenequipo.com.mx\/#website\"},\"primaryImageOfPage\":{\"@id\":\"https:\/\/www.sonoraenequipo.com.mx\/anuncia-secretario-de-salud-participacion-en-el-operativo-de-semana-santa-2022\/#primaryimage\"},\"image\":{\"@id\":\"https:\/\/www.sonoraenequipo.com.mx\/anuncia-secretario-de-salud-participacion-en-el-operativo-de-semana-santa-2022\/#primaryimage\"},\"thumbnailUrl\":\"https:\/\/www.sonoraenequipo.com.mx\/storage\/2022\/04\/sec-de-salud-de-sonora...jpg\",\"datePublished\":\"2022-04-06T14:02:05+00:00\",\"dateModified\":\"2022-04-07T00:04:38+00:00\",\"description\":\"HERMOSILLO, SONORA. MX. \u2014 Con el objetivo de salvaguardar la vida e integridad de los sonorenses, la Secretar\u00eda de Salud (SSA) estar\u00e1 presente en el En Sonora en Equipo publicamos toda la informaci\u00f3n de Sonora, M\u00e9xico y el Mundo de manera oportuna y busca que la libertad de expresi\u00f3n sea real. Visita nuestro medio informativo publicado desde Hermosillo, Sonora. %\",\"breadcrumb\":{\"@id\":\"https:\/\/www.sonoraenequipo.com.mx\/anuncia-secretario-de-salud-participacion-en-el-operativo-de-semana-santa-2022\/#breadcrumb\"},\"inLanguage\":\"es\",\"potentialAction\":[{\"@type\":\"ReadAction\",\"target\":[\"https:\/\/www.sonoraenequipo.com.mx\/anuncia-secretario-de-salud-participacion-en-el-operativo-de-semana-santa-2022\/\"]}]},{\"@type\":\"ImageObject\",\"inLanguage\":\"es\",\"@id\":\"https:\/\/www.sonoraenequipo.com.mx\/anuncia-secretario-de-salud-participacion-en-el-operativo-de-semana-santa-2022\/#primaryimage\",\"url\":\"https:\/\/www.sonoraenequipo.com.mx\/storage\/2022\/04\/sec-de-salud-de-sonora...jpg\",\"contentUrl\":\"https:\/\/www.sonoraenequipo.com.mx\/storage\/2022\/04\/sec-de-salud-de-sonora...jpg\",\"width\":700,\"height\":400},{\"@type\":\"BreadcrumbList\",\"@id\":\"https:\/\/www.sonoraenequipo.com.mx\/anuncia-secretario-de-salud-participacion-en-el-operativo-de-semana-santa-2022\/#breadcrumb\",\"itemListElement\":[{\"@type\":\"ListItem\",\"position\":1,\"name\":\"Portada\",\"item\":\"https:\/\/www.sonoraenequipo.com.mx\/\"},{\"@type\":\"ListItem\",\"position\":2,\"name\":\"Anuncia secretario de Salud participaci\u00f3n en el Operativo de Semana Santa 2022\"}]},{\"@type\":\"WebSite\",\"@id\":\"https:\/\/www.sonoraenequipo.com.mx\/#website\",\"url\":\"https:\/\/www.sonoraenequipo.com.mx\/\",\"name\":\"Sonora en Equipo.\",\"description\":\"Diario en l\u00ednea con Noticias desde Hermosillo, Sonora\",\"publisher\":{\"@id\":\"https:\/\/www.sonoraenequipo.com.mx\/#organization\"},\"potentialAction\":[{\"@type\":\"SearchAction\",\"target\":{\"@type\":\"EntryPoint\",\"urlTemplate\":\"https:\/\/www.sonoraenequipo.com.mx\/?s={search_term_string}\"},\"query-input\":{\"@type\":\"PropertyValueSpecification\",\"valueRequired\":true,\"valueName\":\"search_term_string\"}}],\"inLanguage\":\"es\"},{\"@type\":\"Organization\",\"@id\":\"https:\/\/www.sonoraenequipo.com.mx\/#organization\",\"name\":\"Sonoraenequipo.com.mx\",\"url\":\"https:\/\/www.sonoraenequipo.com.mx\/\",\"logo\":{\"@type\":\"ImageObject\",\"inLanguage\":\"es\",\"@id\":\"https:\/\/www.sonoraenequipo.com.mx\/#\/schema\/logo\/image\/\",\"url\":\"https:\/\/www.sonoraenequipo.com.mx\/storage\/2019\/01\/sonoraenequipo_opt.png\",\"contentUrl\":\"https:\/\/www.sonoraenequipo.com.mx\/storage\/2019\/01\/sonoraenequipo_opt.png\",\"width\":375,\"height\":125,\"caption\":\"Sonoraenequipo.com.mx\"},\"image\":{\"@id\":\"https:\/\/www.sonoraenequipo.com.mx\/#\/schema\/logo\/image\/\"},\"sameAs\":[\"https:\/\/www.facebook.com\/SonoraEE\/\",\"https:\/\/x.com\/sonoraenequipo\",\"https:\/\/www.youtube.com\/channel\/UC338nW-lPEYmJQs4ZABQ1SQ\"]},{\"@type\":\"Person\",\"@id\":\"https:\/\/www.sonoraenequipo.com.mx\/#\/schema\/person\/50102df0fb23a8fa9e8effad8fa81386\",\"name\":\"enequipo\",\"image\":{\"@type\":\"ImageObject\",\"inLanguage\":\"es\",\"@id\":\"https:\/\/www.sonoraenequipo.com.mx\/#\/schema\/person\/image\/\",\"url\":\"https:\/\/secure.gravatar.com\/avatar\/049821681b589dabc0bc20695993ccebb09f5b5d4d790cd9251b97faac7c652b?s=96&d=blank&r=g\",\"contentUrl\":\"https:\/\/secure.gravatar.com\/avatar\/049821681b589dabc0bc20695993ccebb09f5b5d4d790cd9251b97faac7c652b?s=96&d=blank&r=g\",\"caption\":\"enequipo\"},\"sameAs\":[\"https:\/\/www.facebook.com\/SonoraEE\"]}]}<\/script>\n ","yoast_head_json":{"title":"Sonora en Equipo. Anuncia secretario de Salud participaci\u00f3n en el Operativo de Semana Santa 2022 Sonora","description":"HERMOSILLO, SONORA. MX. \u2014 Con el objetivo de salvaguardar la vida e integridad de los sonorenses, la Secretar\u00eda de Salud (SSA) estar\u00e1 presente en el En Sonora en Equipo publicamos toda la informaci\u00f3n de Sonora, M\u00e9xico y el Mundo de manera oportuna y busca que la libertad de expresi\u00f3n sea real. Visita nuestro medio informativo publicado desde Hermosillo, Sonora. %","robots":{"index":"index","follow":"follow","max-snippet":"max-snippet:-1","max-image-preview":"max-image-preview:large","max-video-preview":"max-video-preview:-1"},"canonical":"https:\/\/www.sonoraenequipo.com.mx\/anuncia-secretario-de-salud-participacion-en-el-operativo-de-semana-santa-2022\/","og_locale":"es_ES","og_type":"article","og_title":"Sonora en Equipo. Anuncia secretario de Salud participaci\u00f3n en el Operativo de Semana Santa 2022 Sonora","og_description":"HERMOSILLO, SONORA. MX. \u2014 Con el objetivo de salvaguardar la vida e integridad de los sonorenses, la Secretar\u00eda de Salud (SSA) estar\u00e1 presente en el En Sonora en Equipo publicamos toda la informaci\u00f3n de Sonora, M\u00e9xico y el Mundo de manera oportuna y busca que la libertad de expresi\u00f3n sea real. Visita nuestro medio informativo publicado desde Hermosillo, Sonora. %","og_url":"https:\/\/www.sonoraenequipo.com.mx\/anuncia-secretario-de-salud-participacion-en-el-operativo-de-semana-santa-2022\/","og_site_name":"Sonora en Equipo.","article_publisher":"https:\/\/www.facebook.com\/SonoraEE\/","article_author":"https:\/\/www.facebook.com\/SonoraEE","article_published_time":"2022-04-06T14:02:05+00:00","article_modified_time":"2022-04-07T00:04:38+00:00","og_image":[{"width":700,"height":400,"url":"https:\/\/www.sonoraenequipo.com.mx\/storage\/2022\/04\/sec-de-salud-de-sonora...jpg","type":"image\/jpeg"}],"author":"enequipo","twitter_card":"summary_large_image","twitter_creator":"@sonoraenequipo","twitter_site":"@sonoraenequipo","twitter_misc":{"Escrito por":"enequipo","Tiempo de lectura":"2 minutos"},"schema":{"@context":"https:\/\/schema.org","@graph":[{"@type":"Article","@id":"https:\/\/www.sonoraenequipo.com.mx\/anuncia-secretario-de-salud-participacion-en-el-operativo-de-semana-santa-2022\/#article","isPartOf":{"@id":"https:\/\/www.sonoraenequipo.com.mx\/anuncia-secretario-de-salud-participacion-en-el-operativo-de-semana-santa-2022\/"},"author":{"name":"enequipo","@id":"https:\/\/www.sonoraenequipo.com.mx\/#\/schema\/person\/50102df0fb23a8fa9e8effad8fa81386"},"headline":"Anuncia secretario de Salud participaci\u00f3n en el Operativo de Semana Santa 2022","datePublished":"2022-04-06T14:02:05+00:00","dateModified":"2022-04-07T00:04:38+00:00","mainEntityOfPage":{"@id":"https:\/\/www.sonoraenequipo.com.mx\/anuncia-secretario-de-salud-participacion-en-el-operativo-de-semana-santa-2022\/"},"wordCount":477,"commentCount":0,"publisher":{"@id":"https:\/\/www.sonoraenequipo.com.mx\/#organization"},"image":{"@id":"https:\/\/www.sonoraenequipo.com.mx\/anuncia-secretario-de-salud-participacion-en-el-operativo-de-semana-santa-2022\/#primaryimage"},"thumbnailUrl":"https:\/\/www.sonoraenequipo.com.mx\/storage\/2022\/04\/sec-de-salud-de-sonora...jpg","articleSection":["Sonora"],"inLanguage":"es","potentialAction":[{"@type":"CommentAction","name":"Comment","target":["https:\/\/www.sonoraenequipo.com.mx\/anuncia-secretario-de-salud-participacion-en-el-operativo-de-semana-santa-2022\/#respond"]}]},{"@type":"WebPage","@id":"https:\/\/www.sonoraenequipo.com.mx\/anuncia-secretario-de-salud-participacion-en-el-operativo-de-semana-santa-2022\/","url":"https:\/\/www.sonoraenequipo.com.mx\/anuncia-secretario-de-salud-participacion-en-el-operativo-de-semana-santa-2022\/","name":"Sonora en Equipo. Anuncia secretario de Salud participaci\u00f3n en el Operativo de Semana Santa 2022 Sonora","isPartOf":{"@id":"https:\/\/www.sonoraenequipo.com.mx\/#website"},"primaryImageOfPage":{"@id":"https:\/\/www.sonoraenequipo.com.mx\/anuncia-secretario-de-salud-participacion-en-el-operativo-de-semana-santa-2022\/#primaryimage"},"image":{"@id":"https:\/\/www.sonoraenequipo.com.mx\/anuncia-secretario-de-salud-participacion-en-el-operativo-de-semana-santa-2022\/#primaryimage"},"thumbnailUrl":"https:\/\/www.sonoraenequipo.com.mx\/storage\/2022\/04\/sec-de-salud-de-sonora...jpg","datePublished":"2022-04-06T14:02:05+00:00","dateModified":"2022-04-07T00:04:38+00:00","description":"HERMOSILLO, SONORA. MX. \u2014 Con el objetivo de salvaguardar la vida e integridad de los sonorenses, la Secretar\u00eda de Salud (SSA) estar\u00e1 presente en el En Sonora en Equipo publicamos toda la informaci\u00f3n de Sonora, M\u00e9xico y el Mundo de manera oportuna y busca que la libertad de expresi\u00f3n sea real. Visita nuestro medio informativo publicado desde Hermosillo, Sonora. %","breadcrumb":{"@id":"https:\/\/www.sonoraenequipo.com.mx\/anuncia-secretario-de-salud-participacion-en-el-operativo-de-semana-santa-2022\/#breadcrumb"},"inLanguage":"es","potentialAction":[{"@type":"ReadAction","target":["https:\/\/www.sonoraenequipo.com.mx\/anuncia-secretario-de-salud-participacion-en-el-operativo-de-semana-santa-2022\/"]}]},{"@type":"ImageObject","inLanguage":"es","@id":"https:\/\/www.sonoraenequipo.com.mx\/anuncia-secretario-de-salud-participacion-en-el-operativo-de-semana-santa-2022\/#primaryimage","url":"https:\/\/www.sonoraenequipo.com.mx\/storage\/2022\/04\/sec-de-salud-de-sonora...jpg","contentUrl":"https:\/\/www.sonoraenequipo.com.mx\/storage\/2022\/04\/sec-de-salud-de-sonora...jpg","width":700,"height":400},{"@type":"BreadcrumbList","@id":"https:\/\/www.sonoraenequipo.com.mx\/anuncia-secretario-de-salud-participacion-en-el-operativo-de-semana-santa-2022\/#breadcrumb","itemListElement":[{"@type":"ListItem","position":1,"name":"Portada","item":"https:\/\/www.sonoraenequipo.com.mx\/"},{"@type":"ListItem","position":2,"name":"Anuncia secretario de Salud participaci\u00f3n en el Operativo de Semana Santa 2022"}]},{"@type":"WebSite","@id":"https:\/\/www.sonoraenequipo.com.mx\/#website","url":"https:\/\/www.sonoraenequipo.com.mx\/","name":"Sonora en Equipo.","description":"Diario en l\u00ednea con Noticias desde Hermosillo, Sonora","publisher":{"@id":"https:\/\/www.sonoraenequipo.com.mx\/#organization"},"potentialAction":[{"@type":"SearchAction","target":{"@type":"EntryPoint","urlTemplate":"https:\/\/www.sonoraenequipo.com.mx\/?s={search_term_string}"},"query-input":{"@type":"PropertyValueSpecification","valueRequired":true,"valueName":"search_term_string"}}],"inLanguage":"es"},{"@type":"Organization","@id":"https:\/\/www.sonoraenequipo.com.mx\/#organization","name":"Sonoraenequipo.com.mx","url":"https:\/\/www.sonoraenequipo.com.mx\/","logo":{"@type":"ImageObject","inLanguage":"es","@id":"https:\/\/www.sonoraenequipo.com.mx\/#\/schema\/logo\/image\/","url":"https:\/\/www.sonoraenequipo.com.mx\/storage\/2019\/01\/sonoraenequipo_opt.png","contentUrl":"https:\/\/www.sonoraenequipo.com.mx\/storage\/2019\/01\/sonoraenequipo_opt.png","width":375,"height":125,"caption":"Sonoraenequipo.com.mx"},"image":{"@id":"https:\/\/www.sonoraenequipo.com.mx\/#\/schema\/logo\/image\/"},"sameAs":["https:\/\/www.facebook.com\/SonoraEE\/","https:\/\/x.com\/sonoraenequipo","https:\/\/www.youtube.com\/channel\/UC338nW-lPEYmJQs4ZABQ1SQ"]},{"@type":"Person","@id":"https:\/\/www.sonoraenequipo.com.mx\/#\/schema\/person\/50102df0fb23a8fa9e8effad8fa81386","name":"enequipo","image":{"@type":"ImageObject","inLanguage":"es","@id":"https:\/\/www.sonoraenequipo.com.mx\/#\/schema\/person\/image\/","url":"https:\/\/secure.gravatar.com\/avatar\/049821681b589dabc0bc20695993ccebb09f5b5d4d790cd9251b97faac7c652b?s=96&d=blank&r=g","contentUrl":"https:\/\/secure.gravatar.com\/avatar\/049821681b589dabc0bc20695993ccebb09f5b5d4d790cd9251b97faac7c652b?s=96&d=blank&r=g","caption":"enequipo"},"sameAs":["https:\/\/www.facebook.com\/SonoraEE"]}]}},"jetpack_featured_media_url":"https:\/\/www.sonoraenequipo.com.mx\/storage\/2022\/04\/sec-de-salud-de-sonora...jpg","_links":{"self":[{"href":"https:\/\/www.sonoraenequipo.com.mx\/api\/wp\/v2\/posts\/136335","targetHints":{"allow":["GET"]}}],"collection":[{"href":"https:\/\/www.sonoraenequipo.com.mx\/api\/wp\/v2\/posts"}],"about":[{"href":"https:\/\/www.sonoraenequipo.com.mx\/api\/wp\/v2\/types\/post"}],"author":[{"embeddable":true,"href":"https:\/\/www.sonoraenequipo.com.mx\/api\/wp\/v2\/users\/1"}],"replies":[{"embeddable":true,"href":"https:\/\/www.sonoraenequipo.com.mx\/api\/wp\/v2\/comments?post=136335"}],"version-history":[{"count":3,"href":"https:\/\/www.sonoraenequipo.com.mx\/api\/wp\/v2\/posts\/136335\/revisions"}],"predecessor-version":[{"id":136349,"href":"https:\/\/www.sonoraenequipo.com.mx\/api\/wp\/v2\/posts\/136335\/revisions\/136349"}],"wp:featuredmedia":[{"embeddable":true,"href":"https:\/\/www.sonoraenequipo.com.mx\/api\/wp\/v2\/media\/136336"}],"wp:attachment":[{"href":"https:\/\/www.sonoraenequipo.com.mx\/api\/wp\/v2\/media?parent=136335"}],"wp:term":[{"taxonomy":"category","embeddable":true,"href":"https:\/\/www.sonoraenequipo.com.mx\/api\/wp\/v2\/categories?post=136335"},{"taxonomy":"post_tag","embeddable":true,"href":"https:\/\/www.sonoraenequipo.com.mx\/api\/wp\/v2\/tags?post=136335"}],"curies":[{"name":"wp","href":"https:\/\/api.w.org\/{rel}","templated":true}]}}