{"id":136341,"date":"2022-04-06T10:36:03","date_gmt":"2022-04-06T17:36:03","guid":{"rendered":"https:\/\/www.sonoraenequipo.com.mx\/?p=136341"},"modified":"2022-04-06T14:50:54","modified_gmt":"2022-04-06T21:50:54","slug":"lopez-obrador-aseguro-que-hay-ministros-de-la-scjn-que-no-representan-al-pueblo-sino-a-las-empresas","status":"publish","type":"post","link":"https:\/\/www.sonoraenequipo.com.mx\/lopez-obrador-aseguro-que-hay-ministros-de-la-scjn-que-no-representan-al-pueblo-sino-a-las-empresas\/","title":{"rendered":"L\u00f3pez Obrador asegur\u00f3 que hay ministros de la SCJN que no representan al pueblo sino a las empresas."},"content":{"rendered":"<p><strong>CIUDAD DE M\u00c9XICO. MX. \u2014 <\/strong>El presidente, Andr\u00e9s Manuel L\u00f3pez Obrador (AMLO), calific\u00f3 como \u201cabogados patronales\u201d a los ministros de la Suprema Corte de Justicia de la Naci\u00f3n (SCJN), tras la decisi\u00f3n del m\u00e1ximo tribunal de eliminar la restricci\u00f3n de 10 a\u00f1os para que exservidores p\u00fablicos trabajen en la iniciativa privada.<\/p>\n<p>&nbsp;<\/p>\n<p> <\/p>\n<p>&nbsp;<\/p>\n<p><em>\u201cEs muy lamentable que los ministros de la Corte, no s\u00e9 si todos, porque hay ministros en la Corte que tienen una dimensi\u00f3n social, la mayor\u00eda, y esto pasa en todo el Poder Judicial, son como abogados patronales para decirlo con claridad, no representan al pueblo, representan a las empresas, as\u00ed los formaron, as\u00ed los escogieron durante el periodo neoliberal, esa es su concepci\u00f3n, esa es su mentalidad\u201d,<\/em> refiri\u00f3 AMLO en su conferencia ma\u00f1anera desde Palacio Nacional.<\/p>\n<p>&nbsp;<\/p>\n<p>L\u00f3pez Obrador calific\u00f3 de <strong><em>\u201caberrante\u201d<\/em><\/strong> que los ministros de la SCJN cancelen la prohibici\u00f3n de 10 a\u00f1os para que funcionarios p\u00fablicos puedan trabajar en la iniciativa privada tras dejar su cargo.<\/p>\n<p>&nbsp;<\/p>\n<p>\u201cEsto que hicieron pues es avalar la conducta de Zedillo de que privatiz\u00f3 los ferrocarriles Nacionales y se fue a trabajar a la empresa a la que le entregaron los ferrocarriles o lo de Felipe Calder\u00f3n, que fue secretario de Energ\u00eda, Presidente de M\u00e9xico, y termina su mandato y se va a trabajar a Iberdrola, la empresa particular espa\u00f1ola m\u00e1s beneficiada del periodo neoliberal con contratos, con subsidios. Y ayer habl\u00e1bamos, casi todos los directores de Pemex, funcionarios de la CFE, secretarios de Energ\u00eda, funcionarios de Hacienda, terminando en abierto conflicto de intereses, a trabajar en bancos, empresas, a las que beneficiaron, mientras ocupaban los cargos p\u00fablicos\u201d, se\u00f1al\u00f3.<\/p>\n<p>&nbsp;<\/p>\n<p>&nbsp;<\/p>\n<p><strong><em>\u201cLos \u00fanicos negocios que deben de interesar a funcionarios son los negocios p\u00fablicos\u201d<\/em><\/strong>, refiri\u00f3.<\/p>\n<p>&nbsp;<\/p>\n<p>AMLO reiter\u00f3 que se va a demostrar si los ministros <strong><em>\u201cson abogados que defienden el inter\u00e9s p\u00fablico o son abogados patronales\u201d.<\/em><\/strong><\/p>\n<p>&nbsp;<\/p>\n<p>&nbsp;<\/p>\n<p>(Publicada el 06\/04\/2022)<\/p>\n","protected":false},"excerpt":{"rendered":"<p>CIUDAD DE M\u00c9XICO. MX. \u2014 El presidente, Andr\u00e9s Manuel L\u00f3pez Obrador (AMLO), calific\u00f3 como \u201cabogados&#8230;<\/p>\n","protected":false},"author":1,"featured_media":136342,"comment_status":"open","ping_status":"open","sticky":false,"template":"","format":"standard","meta":{"_monsterinsights_skip_tracking":false,"_monsterinsights_sitenote_active":false,"_monsterinsights_sitenote_note":"","_monsterinsights_sitenote_category":0,"footnotes":""},"categories":[5],"tags":[],"class_list":["post"],"yoast_head":" \n<title>Sonora en Equipo. L\u00f3pez Obrador asegur\u00f3 que hay ministros de la SCJN que no representan al pueblo sino a las empresas. Rep\u00fablica<\/title>\n<meta name=\"description\" content=\"CIUDAD DE M\u00c9XICO. MX. \u2014 El presidente, Andr\u00e9s Manuel L\u00f3pez Obrador (AMLO), calific\u00f3 como \u201cabogados patronales\u201d a los ministros de la Suprema Corte de En Sonora en Equipo publicamos toda la informaci\u00f3n de Sonora, M\u00e9xico y el Mundo de manera oportuna y busca que la libertad de expresi\u00f3n sea real. Visita nuestro medio informativo publicado desde Hermosillo, Sonora. %\" \/>\n<meta name=\"robots\" content=\"index, follow, max-snippet:-1, max-image-preview:large, max-video-preview:-1\" \/>\n<link rel=\"canonical\" href=\"https:\/\/www.sonoraenequipo.com.mx\/lopez-obrador-aseguro-que-hay-ministros-de-la-scjn-que-no-representan-al-pueblo-sino-a-las-empresas\/\" \/>\n<meta property=\"og:locale\" content=\"es_ES\" \/>\n<meta property=\"og:type\" content=\"article\" \/>\n<meta property=\"og:title\" content=\"Sonora en Equipo. L\u00f3pez Obrador asegur\u00f3 que hay ministros de la SCJN que no representan al pueblo sino a las empresas. Rep\u00fablica\" \/>\n<meta property=\"og:description\" content=\"CIUDAD DE M\u00c9XICO. MX. \u2014 El presidente, Andr\u00e9s Manuel L\u00f3pez Obrador (AMLO), calific\u00f3 como \u201cabogados patronales\u201d a los ministros de la Suprema Corte de En Sonora en Equipo publicamos toda la informaci\u00f3n de Sonora, M\u00e9xico y el Mundo de manera oportuna y busca que la libertad de expresi\u00f3n sea real. Visita nuestro medio informativo publicado desde Hermosillo, Sonora. %\" \/>\n<meta property=\"og:url\" content=\"https:\/\/www.sonoraenequipo.com.mx\/lopez-obrador-aseguro-que-hay-ministros-de-la-scjn-que-no-representan-al-pueblo-sino-a-las-empresas\/\" \/>\n<meta property=\"og:site_name\" content=\"Sonora en Equipo.\" \/>\n<meta property=\"article:publisher\" content=\"https:\/\/www.facebook.com\/SonoraEE\/\" \/>\n<meta property=\"article:author\" content=\"https:\/\/www.facebook.com\/SonoraEE\" \/>\n<meta property=\"article:published_time\" content=\"2022-04-06T17:36:03+00:00\" \/>\n<meta property=\"article:modified_time\" content=\"2022-04-06T21:50:54+00:00\" \/>\n<meta property=\"og:image\" content=\"https:\/\/www.sonoraenequipo.com.mx\/storage\/2022\/04\/AMLO-captura-de-pantallla.jpg\" \/>\n\t<meta property=\"og:image:width\" content=\"700\" \/>\n\t<meta property=\"og:image:height\" content=\"400\" \/>\n\t<meta property=\"og:image:type\" content=\"image\/jpeg\" \/>\n<meta name=\"author\" content=\"enequipo\" \/>\n<meta name=\"twitter:card\" content=\"summary_large_image\" \/>\n<meta name=\"twitter:creator\" content=\"@sonoraenequipo\" \/>\n<meta name=\"twitter:site\" content=\"@sonoraenequipo\" \/>\n<meta name=\"twitter:label1\" content=\"Escrito por\" \/>\n\t<meta name=\"twitter:data1\" content=\"enequipo\" \/>\n\t<meta name=\"twitter:label2\" content=\"Tiempo de lectura\" \/>\n\t<meta name=\"twitter:data2\" content=\"2 minutos\" \/>\n<script type=\"application\/ld+json\" class=\"yoast-schema-graph\">{\"@context\":\"https:\/\/schema.org\",\"@graph\":[{\"@type\":\"Article\",\"@id\":\"https:\/\/www.sonoraenequipo.com.mx\/lopez-obrador-aseguro-que-hay-ministros-de-la-scjn-que-no-representan-al-pueblo-sino-a-las-empresas\/#article\",\"isPartOf\":{\"@id\":\"https:\/\/www.sonoraenequipo.com.mx\/lopez-obrador-aseguro-que-hay-ministros-de-la-scjn-que-no-representan-al-pueblo-sino-a-las-empresas\/\"},\"author\":{\"name\":\"enequipo\",\"@id\":\"https:\/\/www.sonoraenequipo.com.mx\/#\/schema\/person\/50102df0fb23a8fa9e8effad8fa81386\"},\"headline\":\"L\u00f3pez Obrador asegur\u00f3 que hay ministros de la SCJN que no representan al pueblo sino a las empresas.\",\"datePublished\":\"2022-04-06T17:36:03+00:00\",\"dateModified\":\"2022-04-06T21:50:54+00:00\",\"mainEntityOfPage\":{\"@id\":\"https:\/\/www.sonoraenequipo.com.mx\/lopez-obrador-aseguro-que-hay-ministros-de-la-scjn-que-no-representan-al-pueblo-sino-a-las-empresas\/\"},\"wordCount\":358,\"commentCount\":0,\"publisher\":{\"@id\":\"https:\/\/www.sonoraenequipo.com.mx\/#organization\"},\"image\":{\"@id\":\"https:\/\/www.sonoraenequipo.com.mx\/lopez-obrador-aseguro-que-hay-ministros-de-la-scjn-que-no-representan-al-pueblo-sino-a-las-empresas\/#primaryimage\"},\"thumbnailUrl\":\"https:\/\/www.sonoraenequipo.com.mx\/storage\/2022\/04\/AMLO-captura-de-pantallla.jpg\",\"articleSection\":[\"Rep\u00fablica\"],\"inLanguage\":\"es\",\"potentialAction\":[{\"@type\":\"CommentAction\",\"name\":\"Comment\",\"target\":[\"https:\/\/www.sonoraenequipo.com.mx\/lopez-obrador-aseguro-que-hay-ministros-de-la-scjn-que-no-representan-al-pueblo-sino-a-las-empresas\/#respond\"]}]},{\"@type\":\"WebPage\",\"@id\":\"https:\/\/www.sonoraenequipo.com.mx\/lopez-obrador-aseguro-que-hay-ministros-de-la-scjn-que-no-representan-al-pueblo-sino-a-las-empresas\/\",\"url\":\"https:\/\/www.sonoraenequipo.com.mx\/lopez-obrador-aseguro-que-hay-ministros-de-la-scjn-que-no-representan-al-pueblo-sino-a-las-empresas\/\",\"name\":\"Sonora en Equipo. L\u00f3pez Obrador asegur\u00f3 que hay ministros de la SCJN que no representan al pueblo sino a las empresas. Rep\u00fablica\",\"isPartOf\":{\"@id\":\"https:\/\/www.sonoraenequipo.com.mx\/#website\"},\"primaryImageOfPage\":{\"@id\":\"https:\/\/www.sonoraenequipo.com.mx\/lopez-obrador-aseguro-que-hay-ministros-de-la-scjn-que-no-representan-al-pueblo-sino-a-las-empresas\/#primaryimage\"},\"image\":{\"@id\":\"https:\/\/www.sonoraenequipo.com.mx\/lopez-obrador-aseguro-que-hay-ministros-de-la-scjn-que-no-representan-al-pueblo-sino-a-las-empresas\/#primaryimage\"},\"thumbnailUrl\":\"https:\/\/www.sonoraenequipo.com.mx\/storage\/2022\/04\/AMLO-captura-de-pantallla.jpg\",\"datePublished\":\"2022-04-06T17:36:03+00:00\",\"dateModified\":\"2022-04-06T21:50:54+00:00\",\"description\":\"CIUDAD DE M\u00c9XICO. MX. \u2014 El presidente, Andr\u00e9s Manuel L\u00f3pez Obrador (AMLO), calific\u00f3 como \u201cabogados patronales\u201d a los ministros de la Suprema Corte de En Sonora en Equipo publicamos toda la informaci\u00f3n de Sonora, M\u00e9xico y el Mundo de manera oportuna y busca que la libertad de expresi\u00f3n sea real. Visita nuestro medio informativo publicado desde Hermosillo, Sonora. %\",\"breadcrumb\":{\"@id\":\"https:\/\/www.sonoraenequipo.com.mx\/lopez-obrador-aseguro-que-hay-ministros-de-la-scjn-que-no-representan-al-pueblo-sino-a-las-empresas\/#breadcrumb\"},\"inLanguage\":\"es\",\"potentialAction\":[{\"@type\":\"ReadAction\",\"target\":[\"https:\/\/www.sonoraenequipo.com.mx\/lopez-obrador-aseguro-que-hay-ministros-de-la-scjn-que-no-representan-al-pueblo-sino-a-las-empresas\/\"]}]},{\"@type\":\"ImageObject\",\"inLanguage\":\"es\",\"@id\":\"https:\/\/www.sonoraenequipo.com.mx\/lopez-obrador-aseguro-que-hay-ministros-de-la-scjn-que-no-representan-al-pueblo-sino-a-las-empresas\/#primaryimage\",\"url\":\"https:\/\/www.sonoraenequipo.com.mx\/storage\/2022\/04\/AMLO-captura-de-pantallla.jpg\",\"contentUrl\":\"https:\/\/www.sonoraenequipo.com.mx\/storage\/2022\/04\/AMLO-captura-de-pantallla.jpg\",\"width\":700,\"height\":400},{\"@type\":\"BreadcrumbList\",\"@id\":\"https:\/\/www.sonoraenequipo.com.mx\/lopez-obrador-aseguro-que-hay-ministros-de-la-scjn-que-no-representan-al-pueblo-sino-a-las-empresas\/#breadcrumb\",\"itemListElement\":[{\"@type\":\"ListItem\",\"position\":1,\"name\":\"Portada\",\"item\":\"https:\/\/www.sonoraenequipo.com.mx\/\"},{\"@type\":\"ListItem\",\"position\":2,\"name\":\"L\u00f3pez Obrador asegur\u00f3 que hay ministros de la SCJN que no representan al pueblo sino a las empresas.\"}]},{\"@type\":\"WebSite\",\"@id\":\"https:\/\/www.sonoraenequipo.com.mx\/#website\",\"url\":\"https:\/\/www.sonoraenequipo.com.mx\/\",\"name\":\"Sonora en Equipo.\",\"description\":\"Diario en l\u00ednea con Noticias desde Hermosillo, Sonora\",\"publisher\":{\"@id\":\"https:\/\/www.sonoraenequipo.com.mx\/#organization\"},\"potentialAction\":[{\"@type\":\"SearchAction\",\"target\":{\"@type\":\"EntryPoint\",\"urlTemplate\":\"https:\/\/www.sonoraenequipo.com.mx\/?s={search_term_string}\"},\"query-input\":{\"@type\":\"PropertyValueSpecification\",\"valueRequired\":true,\"valueName\":\"search_term_string\"}}],\"inLanguage\":\"es\"},{\"@type\":\"Organization\",\"@id\":\"https:\/\/www.sonoraenequipo.com.mx\/#organization\",\"name\":\"Sonoraenequipo.com.mx\",\"url\":\"https:\/\/www.sonoraenequipo.com.mx\/\",\"logo\":{\"@type\":\"ImageObject\",\"inLanguage\":\"es\",\"@id\":\"https:\/\/www.sonoraenequipo.com.mx\/#\/schema\/logo\/image\/\",\"url\":\"https:\/\/www.sonoraenequipo.com.mx\/storage\/2019\/01\/sonoraenequipo_opt.png\",\"contentUrl\":\"https:\/\/www.sonoraenequipo.com.mx\/storage\/2019\/01\/sonoraenequipo_opt.png\",\"width\":375,\"height\":125,\"caption\":\"Sonoraenequipo.com.mx\"},\"image\":{\"@id\":\"https:\/\/www.sonoraenequipo.com.mx\/#\/schema\/logo\/image\/\"},\"sameAs\":[\"https:\/\/www.facebook.com\/SonoraEE\/\",\"https:\/\/x.com\/sonoraenequipo\",\"https:\/\/www.youtube.com\/channel\/UC338nW-lPEYmJQs4ZABQ1SQ\"]},{\"@type\":\"Person\",\"@id\":\"https:\/\/www.sonoraenequipo.com.mx\/#\/schema\/person\/50102df0fb23a8fa9e8effad8fa81386\",\"name\":\"enequipo\",\"image\":{\"@type\":\"ImageObject\",\"inLanguage\":\"es\",\"@id\":\"https:\/\/www.sonoraenequipo.com.mx\/#\/schema\/person\/image\/\",\"url\":\"https:\/\/secure.gravatar.com\/avatar\/049821681b589dabc0bc20695993ccebb09f5b5d4d790cd9251b97faac7c652b?s=96&d=blank&r=g\",\"contentUrl\":\"https:\/\/secure.gravatar.com\/avatar\/049821681b589dabc0bc20695993ccebb09f5b5d4d790cd9251b97faac7c652b?s=96&d=blank&r=g\",\"caption\":\"enequipo\"},\"sameAs\":[\"https:\/\/www.facebook.com\/SonoraEE\"]}]}<\/script>\n ","yoast_head_json":{"title":"Sonora en Equipo. L\u00f3pez Obrador asegur\u00f3 que hay ministros de la SCJN que no representan al pueblo sino a las empresas. Rep\u00fablica","description":"CIUDAD DE M\u00c9XICO. MX. \u2014 El presidente, Andr\u00e9s Manuel L\u00f3pez Obrador (AMLO), calific\u00f3 como \u201cabogados patronales\u201d a los ministros de la Suprema Corte de En Sonora en Equipo publicamos toda la informaci\u00f3n de Sonora, M\u00e9xico y el Mundo de manera oportuna y busca que la libertad de expresi\u00f3n sea real. Visita nuestro medio informativo publicado desde Hermosillo, Sonora. %","robots":{"index":"index","follow":"follow","max-snippet":"max-snippet:-1","max-image-preview":"max-image-preview:large","max-video-preview":"max-video-preview:-1"},"canonical":"https:\/\/www.sonoraenequipo.com.mx\/lopez-obrador-aseguro-que-hay-ministros-de-la-scjn-que-no-representan-al-pueblo-sino-a-las-empresas\/","og_locale":"es_ES","og_type":"article","og_title":"Sonora en Equipo. L\u00f3pez Obrador asegur\u00f3 que hay ministros de la SCJN que no representan al pueblo sino a las empresas. Rep\u00fablica","og_description":"CIUDAD DE M\u00c9XICO. MX. \u2014 El presidente, Andr\u00e9s Manuel L\u00f3pez Obrador (AMLO), calific\u00f3 como \u201cabogados patronales\u201d a los ministros de la Suprema Corte de En Sonora en Equipo publicamos toda la informaci\u00f3n de Sonora, M\u00e9xico y el Mundo de manera oportuna y busca que la libertad de expresi\u00f3n sea real. Visita nuestro medio informativo publicado desde Hermosillo, Sonora. %","og_url":"https:\/\/www.sonoraenequipo.com.mx\/lopez-obrador-aseguro-que-hay-ministros-de-la-scjn-que-no-representan-al-pueblo-sino-a-las-empresas\/","og_site_name":"Sonora en Equipo.","article_publisher":"https:\/\/www.facebook.com\/SonoraEE\/","article_author":"https:\/\/www.facebook.com\/SonoraEE","article_published_time":"2022-04-06T17:36:03+00:00","article_modified_time":"2022-04-06T21:50:54+00:00","og_image":[{"width":700,"height":400,"url":"https:\/\/www.sonoraenequipo.com.mx\/storage\/2022\/04\/AMLO-captura-de-pantallla.jpg","type":"image\/jpeg"}],"author":"enequipo","twitter_card":"summary_large_image","twitter_creator":"@sonoraenequipo","twitter_site":"@sonoraenequipo","twitter_misc":{"Escrito por":"enequipo","Tiempo de lectura":"2 minutos"},"schema":{"@context":"https:\/\/schema.org","@graph":[{"@type":"Article","@id":"https:\/\/www.sonoraenequipo.com.mx\/lopez-obrador-aseguro-que-hay-ministros-de-la-scjn-que-no-representan-al-pueblo-sino-a-las-empresas\/#article","isPartOf":{"@id":"https:\/\/www.sonoraenequipo.com.mx\/lopez-obrador-aseguro-que-hay-ministros-de-la-scjn-que-no-representan-al-pueblo-sino-a-las-empresas\/"},"author":{"name":"enequipo","@id":"https:\/\/www.sonoraenequipo.com.mx\/#\/schema\/person\/50102df0fb23a8fa9e8effad8fa81386"},"headline":"L\u00f3pez Obrador asegur\u00f3 que hay ministros de la SCJN que no representan al pueblo sino a las empresas.","datePublished":"2022-04-06T17:36:03+00:00","dateModified":"2022-04-06T21:50:54+00:00","mainEntityOfPage":{"@id":"https:\/\/www.sonoraenequipo.com.mx\/lopez-obrador-aseguro-que-hay-ministros-de-la-scjn-que-no-representan-al-pueblo-sino-a-las-empresas\/"},"wordCount":358,"commentCount":0,"publisher":{"@id":"https:\/\/www.sonoraenequipo.com.mx\/#organization"},"image":{"@id":"https:\/\/www.sonoraenequipo.com.mx\/lopez-obrador-aseguro-que-hay-ministros-de-la-scjn-que-no-representan-al-pueblo-sino-a-las-empresas\/#primaryimage"},"thumbnailUrl":"https:\/\/www.sonoraenequipo.com.mx\/storage\/2022\/04\/AMLO-captura-de-pantallla.jpg","articleSection":["Rep\u00fablica"],"inLanguage":"es","potentialAction":[{"@type":"CommentAction","name":"Comment","target":["https:\/\/www.sonoraenequipo.com.mx\/lopez-obrador-aseguro-que-hay-ministros-de-la-scjn-que-no-representan-al-pueblo-sino-a-las-empresas\/#respond"]}]},{"@type":"WebPage","@id":"https:\/\/www.sonoraenequipo.com.mx\/lopez-obrador-aseguro-que-hay-ministros-de-la-scjn-que-no-representan-al-pueblo-sino-a-las-empresas\/","url":"https:\/\/www.sonoraenequipo.com.mx\/lopez-obrador-aseguro-que-hay-ministros-de-la-scjn-que-no-representan-al-pueblo-sino-a-las-empresas\/","name":"Sonora en Equipo. L\u00f3pez Obrador asegur\u00f3 que hay ministros de la SCJN que no representan al pueblo sino a las empresas. Rep\u00fablica","isPartOf":{"@id":"https:\/\/www.sonoraenequipo.com.mx\/#website"},"primaryImageOfPage":{"@id":"https:\/\/www.sonoraenequipo.com.mx\/lopez-obrador-aseguro-que-hay-ministros-de-la-scjn-que-no-representan-al-pueblo-sino-a-las-empresas\/#primaryimage"},"image":{"@id":"https:\/\/www.sonoraenequipo.com.mx\/lopez-obrador-aseguro-que-hay-ministros-de-la-scjn-que-no-representan-al-pueblo-sino-a-las-empresas\/#primaryimage"},"thumbnailUrl":"https:\/\/www.sonoraenequipo.com.mx\/storage\/2022\/04\/AMLO-captura-de-pantallla.jpg","datePublished":"2022-04-06T17:36:03+00:00","dateModified":"2022-04-06T21:50:54+00:00","description":"CIUDAD DE M\u00c9XICO. MX. \u2014 El presidente, Andr\u00e9s Manuel L\u00f3pez Obrador (AMLO), calific\u00f3 como \u201cabogados patronales\u201d a los ministros de la Suprema Corte de En Sonora en Equipo publicamos toda la informaci\u00f3n de Sonora, M\u00e9xico y el Mundo de manera oportuna y busca que la libertad de expresi\u00f3n sea real. Visita nuestro medio informativo publicado desde Hermosillo, Sonora. %","breadcrumb":{"@id":"https:\/\/www.sonoraenequipo.com.mx\/lopez-obrador-aseguro-que-hay-ministros-de-la-scjn-que-no-representan-al-pueblo-sino-a-las-empresas\/#breadcrumb"},"inLanguage":"es","potentialAction":[{"@type":"ReadAction","target":["https:\/\/www.sonoraenequipo.com.mx\/lopez-obrador-aseguro-que-hay-ministros-de-la-scjn-que-no-representan-al-pueblo-sino-a-las-empresas\/"]}]},{"@type":"ImageObject","inLanguage":"es","@id":"https:\/\/www.sonoraenequipo.com.mx\/lopez-obrador-aseguro-que-hay-ministros-de-la-scjn-que-no-representan-al-pueblo-sino-a-las-empresas\/#primaryimage","url":"https:\/\/www.sonoraenequipo.com.mx\/storage\/2022\/04\/AMLO-captura-de-pantallla.jpg","contentUrl":"https:\/\/www.sonoraenequipo.com.mx\/storage\/2022\/04\/AMLO-captura-de-pantallla.jpg","width":700,"height":400},{"@type":"BreadcrumbList","@id":"https:\/\/www.sonoraenequipo.com.mx\/lopez-obrador-aseguro-que-hay-ministros-de-la-scjn-que-no-representan-al-pueblo-sino-a-las-empresas\/#breadcrumb","itemListElement":[{"@type":"ListItem","position":1,"name":"Portada","item":"https:\/\/www.sonoraenequipo.com.mx\/"},{"@type":"ListItem","position":2,"name":"L\u00f3pez Obrador asegur\u00f3 que hay ministros de la SCJN que no representan al pueblo sino a las empresas."}]},{"@type":"WebSite","@id":"https:\/\/www.sonoraenequipo.com.mx\/#website","url":"https:\/\/www.sonoraenequipo.com.mx\/","name":"Sonora en Equipo.","description":"Diario en l\u00ednea con Noticias desde Hermosillo, Sonora","publisher":{"@id":"https:\/\/www.sonoraenequipo.com.mx\/#organization"},"potentialAction":[{"@type":"SearchAction","target":{"@type":"EntryPoint","urlTemplate":"https:\/\/www.sonoraenequipo.com.mx\/?s={search_term_string}"},"query-input":{"@type":"PropertyValueSpecification","valueRequired":true,"valueName":"search_term_string"}}],"inLanguage":"es"},{"@type":"Organization","@id":"https:\/\/www.sonoraenequipo.com.mx\/#organization","name":"Sonoraenequipo.com.mx","url":"https:\/\/www.sonoraenequipo.com.mx\/","logo":{"@type":"ImageObject","inLanguage":"es","@id":"https:\/\/www.sonoraenequipo.com.mx\/#\/schema\/logo\/image\/","url":"https:\/\/www.sonoraenequipo.com.mx\/storage\/2019\/01\/sonoraenequipo_opt.png","contentUrl":"https:\/\/www.sonoraenequipo.com.mx\/storage\/2019\/01\/sonoraenequipo_opt.png","width":375,"height":125,"caption":"Sonoraenequipo.com.mx"},"image":{"@id":"https:\/\/www.sonoraenequipo.com.mx\/#\/schema\/logo\/image\/"},"sameAs":["https:\/\/www.facebook.com\/SonoraEE\/","https:\/\/x.com\/sonoraenequipo","https:\/\/www.youtube.com\/channel\/UC338nW-lPEYmJQs4ZABQ1SQ"]},{"@type":"Person","@id":"https:\/\/www.sonoraenequipo.com.mx\/#\/schema\/person\/50102df0fb23a8fa9e8effad8fa81386","name":"enequipo","image":{"@type":"ImageObject","inLanguage":"es","@id":"https:\/\/www.sonoraenequipo.com.mx\/#\/schema\/person\/image\/","url":"https:\/\/secure.gravatar.com\/avatar\/049821681b589dabc0bc20695993ccebb09f5b5d4d790cd9251b97faac7c652b?s=96&d=blank&r=g","contentUrl":"https:\/\/secure.gravatar.com\/avatar\/049821681b589dabc0bc20695993ccebb09f5b5d4d790cd9251b97faac7c652b?s=96&d=blank&r=g","caption":"enequipo"},"sameAs":["https:\/\/www.facebook.com\/SonoraEE"]}]}},"jetpack_featured_media_url":"https:\/\/www.sonoraenequipo.com.mx\/storage\/2022\/04\/AMLO-captura-de-pantallla.jpg","_links":{"self":[{"href":"https:\/\/www.sonoraenequipo.com.mx\/api\/wp\/v2\/posts\/136341","targetHints":{"allow":["GET"]}}],"collection":[{"href":"https:\/\/www.sonoraenequipo.com.mx\/api\/wp\/v2\/posts"}],"about":[{"href":"https:\/\/www.sonoraenequipo.com.mx\/api\/wp\/v2\/types\/post"}],"author":[{"embeddable":true,"href":"https:\/\/www.sonoraenequipo.com.mx\/api\/wp\/v2\/users\/1"}],"replies":[{"embeddable":true,"href":"https:\/\/www.sonoraenequipo.com.mx\/api\/wp\/v2\/comments?post=136341"}],"version-history":[{"count":1,"href":"https:\/\/www.sonoraenequipo.com.mx\/api\/wp\/v2\/posts\/136341\/revisions"}],"predecessor-version":[{"id":136343,"href":"https:\/\/www.sonoraenequipo.com.mx\/api\/wp\/v2\/posts\/136341\/revisions\/136343"}],"wp:featuredmedia":[{"embeddable":true,"href":"https:\/\/www.sonoraenequipo.com.mx\/api\/wp\/v2\/media\/136342"}],"wp:attachment":[{"href":"https:\/\/www.sonoraenequipo.com.mx\/api\/wp\/v2\/media?parent=136341"}],"wp:term":[{"taxonomy":"category","embeddable":true,"href":"https:\/\/www.sonoraenequipo.com.mx\/api\/wp\/v2\/categories?post=136341"},{"taxonomy":"post_tag","embeddable":true,"href":"https:\/\/www.sonoraenequipo.com.mx\/api\/wp\/v2\/tags?post=136341"}],"curies":[{"name":"wp","href":"https:\/\/api.w.org\/{rel}","templated":true}]}}