{"id":136351,"date":"2022-04-06T12:55:40","date_gmt":"2022-04-06T19:55:40","guid":{"rendered":"https:\/\/www.sonoraenequipo.com.mx\/?p=136351"},"modified":"2022-04-06T21:19:27","modified_gmt":"2022-04-07T04:19:27","slug":"el-presidente-de-mexico-afirma-que-es-injusto-e-irracional-quitar-visas-a-legisladores-del-grupo-de-amistad-con-rusia","status":"publish","type":"post","link":"https:\/\/www.sonoraenequipo.com.mx\/el-presidente-de-mexico-afirma-que-es-injusto-e-irracional-quitar-visas-a-legisladores-del-grupo-de-amistad-con-rusia\/","title":{"rendered":"El presidente de M\u00e9xico afirma que es injusto e irracional quitar visas a legisladores del Grupo de Amistad con Rusia"},"content":{"rendered":"<p><strong>CIUDAD DE M\u00c9XICO. MX. \u2014<\/strong> En su conferencia ma\u00f1anera desde Palacio Nacional, AMLO advirti\u00f3 que enviar\u00e1 una nota diplom\u00e1tica de queja a Estados Unidos si retira el visado a varios diputados que formaron un grupo de amistad con Rusia, aunque el mandatario volvi\u00f3 a condenar la invasi\u00f3n de Ucrania.<\/p>\n<p>&nbsp;<\/p>\n<p>&nbsp;<\/p>\n<p> <\/p>\n<p>&nbsp;<\/p>\n<p>El integrante de la C\u00e1mara de Representantes estadounidense, el dem\u00f3crata Vicente Gonz\u00e1lez envi\u00f3 el 5 de abril del 2022 una carta al secretario de Estado, Antony Blinken, solicitando la medida para que los parlamentarios del Partido del Trabajo no puedan entrar, viajar o invertir en Estados Unidos.<\/p>\n<p>&nbsp;<\/p>\n<p><em><strong>\u201cNo considero que sea justo y no considero que sea racional el querer suspender las visas a quienes se reunieron para expresar sus puntos de vista con relaci\u00f3n a la invasi\u00f3n rusa a Ucrania, como se expresaron unos legisladores\u201d<\/strong>,<\/em> dijo L\u00f3pez Obrador.<\/p>\n<p>&nbsp;<\/p>\n<p><strong>\u201cSi se llevara a cabo una medida de ese tipo, con mucho respeto, enviaremos una nota diplom\u00e1tica de protesta\u201d<\/strong>, advirti\u00f3.<\/p>\n<p>&nbsp;<\/p>\n<p>AMLO opin\u00f3 que la medida solicitada por Gonz\u00e1lez significa <strong><em>\u201cregresar a la Guerra Fr\u00eda, a las \u00e9pocas de la persecuci\u00f3n y la exclusi\u00f3n y el autoritarismo\u201d.<\/em><\/strong><\/p>\n<p>&nbsp;<\/p>\n<p>Adem\u00e1s, compar\u00f3 el caso con la decisi\u00f3n de la red social Twitter de suspender la cuenta del expresidente republicano Donald Trump.<\/p>\n<p>&nbsp;<\/p>\n<p>&nbsp;<\/p>\n<p><em><strong>\u201c\u00bfC\u00f3mo va a quedar la estatua de la libertad de Nueva York? Se va a poner verde de coraje\u201d,<\/strong><\/em> afirm\u00f3.<\/p>\n<p>&nbsp;<\/p>\n<p>El Presidente de M\u00e9xico se volvi\u00f3 a pronunciar en contra de la invasi\u00f3n rusa, que no conden\u00f3 de inmediato cuando inici\u00f3 el conflicto, e inform\u00f3 que acept\u00f3 una invitaci\u00f3n del primer ministro de Canad\u00e1, Justin Trudeau, sin embargo, no podr\u00e1 participar en la reuni\u00f3n virtual, con quien convers\u00f3 de forma remota el martes, en respaldo del pueblo ucraniano.<\/p>\n<p>&nbsp;<\/p>\n<p>El mandatario agreg\u00f3 que grabar\u00e1 un mensaje virtual para el evento de lanzamiento de la incitativa el s\u00e1bado.<\/p>\n<p>&nbsp;<\/p>\n<p>La campa\u00f1a<em><strong> \u201cStand Up for Ukraine\u201d<\/strong> <\/em>(Lev\u00e1ntate por Ucrania) ha sido impulsada por Trudeau, la presidenta de la Comisi\u00f3n Europea, Ursula von der Leyen, y la organizaci\u00f3n Global Citizen.<\/p>\n<p>&nbsp;<\/p>\n<p>&nbsp;<\/p>\n<p>(Publicada el 06\/04\/2022 \/Con informaci\u00f3n de Reuters)<\/p>\n","protected":false},"excerpt":{"rendered":"<p>CIUDAD DE M\u00c9XICO. MX. \u2014 En su conferencia ma\u00f1anera desde Palacio Nacional, AMLO advirti\u00f3 que&#8230;<\/p>\n","protected":false},"author":1,"featured_media":136352,"comment_status":"open","ping_status":"open","sticky":false,"template":"","format":"standard","meta":{"_monsterinsights_skip_tracking":false,"_monsterinsights_sitenote_active":false,"_monsterinsights_sitenote_note":"","_monsterinsights_sitenote_category":0,"footnotes":""},"categories":[5],"tags":[],"class_list":["post"],"yoast_head":" \n<title>Sonora en Equipo. El presidente de M\u00e9xico afirma que es injusto e irracional quitar visas a legisladores del Grupo de Amistad con Rusia Rep\u00fablica<\/title>\n<meta name=\"description\" content=\"CIUDAD DE M\u00c9XICO. MX. \u2014 En su conferencia ma\u00f1anera desde Palacio Nacional, AMLO advirti\u00f3 que enviar\u00e1 una nota diplom\u00e1tica de queja a Estados Unidos si En Sonora en Equipo publicamos toda la informaci\u00f3n de Sonora, M\u00e9xico y el Mundo de manera oportuna y busca que la libertad de expresi\u00f3n sea real. Visita nuestro medio informativo publicado desde Hermosillo, Sonora. %\" \/>\n<meta name=\"robots\" content=\"index, follow, max-snippet:-1, max-image-preview:large, max-video-preview:-1\" \/>\n<link rel=\"canonical\" href=\"https:\/\/www.sonoraenequipo.com.mx\/el-presidente-de-mexico-afirma-que-es-injusto-e-irracional-quitar-visas-a-legisladores-del-grupo-de-amistad-con-rusia\/\" \/>\n<meta property=\"og:locale\" content=\"es_ES\" \/>\n<meta property=\"og:type\" content=\"article\" \/>\n<meta property=\"og:title\" content=\"Sonora en Equipo. El presidente de M\u00e9xico afirma que es injusto e irracional quitar visas a legisladores del Grupo de Amistad con Rusia Rep\u00fablica\" \/>\n<meta property=\"og:description\" content=\"CIUDAD DE M\u00c9XICO. MX. \u2014 En su conferencia ma\u00f1anera desde Palacio Nacional, AMLO advirti\u00f3 que enviar\u00e1 una nota diplom\u00e1tica de queja a Estados Unidos si En Sonora en Equipo publicamos toda la informaci\u00f3n de Sonora, M\u00e9xico y el Mundo de manera oportuna y busca que la libertad de expresi\u00f3n sea real. Visita nuestro medio informativo publicado desde Hermosillo, Sonora. %\" \/>\n<meta property=\"og:url\" content=\"https:\/\/www.sonoraenequipo.com.mx\/el-presidente-de-mexico-afirma-que-es-injusto-e-irracional-quitar-visas-a-legisladores-del-grupo-de-amistad-con-rusia\/\" \/>\n<meta property=\"og:site_name\" content=\"Sonora en Equipo.\" \/>\n<meta property=\"article:publisher\" content=\"https:\/\/www.facebook.com\/SonoraEE\/\" \/>\n<meta property=\"article:author\" content=\"https:\/\/www.facebook.com\/SonoraEE\" \/>\n<meta property=\"article:published_time\" content=\"2022-04-06T19:55:40+00:00\" \/>\n<meta property=\"article:modified_time\" content=\"2022-04-07T04:19:27+00:00\" \/>\n<meta property=\"og:image\" content=\"https:\/\/www.sonoraenequipo.com.mx\/storage\/2022\/04\/Grupo-de-Amistad-Mexico-Federacion-de-Rusia.jpg\" \/>\n\t<meta property=\"og:image:width\" content=\"700\" \/>\n\t<meta property=\"og:image:height\" content=\"400\" \/>\n\t<meta property=\"og:image:type\" content=\"image\/jpeg\" \/>\n<meta name=\"author\" content=\"enequipo\" \/>\n<meta name=\"twitter:card\" content=\"summary_large_image\" \/>\n<meta name=\"twitter:creator\" content=\"@sonoraenequipo\" \/>\n<meta name=\"twitter:site\" content=\"@sonoraenequipo\" \/>\n<meta name=\"twitter:label1\" content=\"Escrito por\" \/>\n\t<meta name=\"twitter:data1\" content=\"enequipo\" \/>\n\t<meta name=\"twitter:label2\" content=\"Tiempo de lectura\" \/>\n\t<meta name=\"twitter:data2\" content=\"2 minutos\" \/>\n<script type=\"application\/ld+json\" class=\"yoast-schema-graph\">{\"@context\":\"https:\/\/schema.org\",\"@graph\":[{\"@type\":\"Article\",\"@id\":\"https:\/\/www.sonoraenequipo.com.mx\/el-presidente-de-mexico-afirma-que-es-injusto-e-irracional-quitar-visas-a-legisladores-del-grupo-de-amistad-con-rusia\/#article\",\"isPartOf\":{\"@id\":\"https:\/\/www.sonoraenequipo.com.mx\/el-presidente-de-mexico-afirma-que-es-injusto-e-irracional-quitar-visas-a-legisladores-del-grupo-de-amistad-con-rusia\/\"},\"author\":{\"name\":\"enequipo\",\"@id\":\"https:\/\/www.sonoraenequipo.com.mx\/#\/schema\/person\/50102df0fb23a8fa9e8effad8fa81386\"},\"headline\":\"El presidente de M\u00e9xico afirma que es injusto e irracional quitar visas a legisladores del Grupo de Amistad con Rusia\",\"datePublished\":\"2022-04-06T19:55:40+00:00\",\"dateModified\":\"2022-04-07T04:19:27+00:00\",\"mainEntityOfPage\":{\"@id\":\"https:\/\/www.sonoraenequipo.com.mx\/el-presidente-de-mexico-afirma-que-es-injusto-e-irracional-quitar-visas-a-legisladores-del-grupo-de-amistad-con-rusia\/\"},\"wordCount\":396,\"commentCount\":0,\"publisher\":{\"@id\":\"https:\/\/www.sonoraenequipo.com.mx\/#organization\"},\"image\":{\"@id\":\"https:\/\/www.sonoraenequipo.com.mx\/el-presidente-de-mexico-afirma-que-es-injusto-e-irracional-quitar-visas-a-legisladores-del-grupo-de-amistad-con-rusia\/#primaryimage\"},\"thumbnailUrl\":\"https:\/\/www.sonoraenequipo.com.mx\/storage\/2022\/04\/Grupo-de-Amistad-Mexico-Federacion-de-Rusia.jpg\",\"articleSection\":[\"Rep\u00fablica\"],\"inLanguage\":\"es\",\"potentialAction\":[{\"@type\":\"CommentAction\",\"name\":\"Comment\",\"target\":[\"https:\/\/www.sonoraenequipo.com.mx\/el-presidente-de-mexico-afirma-que-es-injusto-e-irracional-quitar-visas-a-legisladores-del-grupo-de-amistad-con-rusia\/#respond\"]}]},{\"@type\":\"WebPage\",\"@id\":\"https:\/\/www.sonoraenequipo.com.mx\/el-presidente-de-mexico-afirma-que-es-injusto-e-irracional-quitar-visas-a-legisladores-del-grupo-de-amistad-con-rusia\/\",\"url\":\"https:\/\/www.sonoraenequipo.com.mx\/el-presidente-de-mexico-afirma-que-es-injusto-e-irracional-quitar-visas-a-legisladores-del-grupo-de-amistad-con-rusia\/\",\"name\":\"Sonora en Equipo. El presidente de M\u00e9xico afirma que es injusto e irracional quitar visas a legisladores del Grupo de Amistad con Rusia Rep\u00fablica\",\"isPartOf\":{\"@id\":\"https:\/\/www.sonoraenequipo.com.mx\/#website\"},\"primaryImageOfPage\":{\"@id\":\"https:\/\/www.sonoraenequipo.com.mx\/el-presidente-de-mexico-afirma-que-es-injusto-e-irracional-quitar-visas-a-legisladores-del-grupo-de-amistad-con-rusia\/#primaryimage\"},\"image\":{\"@id\":\"https:\/\/www.sonoraenequipo.com.mx\/el-presidente-de-mexico-afirma-que-es-injusto-e-irracional-quitar-visas-a-legisladores-del-grupo-de-amistad-con-rusia\/#primaryimage\"},\"thumbnailUrl\":\"https:\/\/www.sonoraenequipo.com.mx\/storage\/2022\/04\/Grupo-de-Amistad-Mexico-Federacion-de-Rusia.jpg\",\"datePublished\":\"2022-04-06T19:55:40+00:00\",\"dateModified\":\"2022-04-07T04:19:27+00:00\",\"description\":\"CIUDAD DE M\u00c9XICO. MX. \u2014 En su conferencia ma\u00f1anera desde Palacio Nacional, AMLO advirti\u00f3 que enviar\u00e1 una nota diplom\u00e1tica de queja a Estados Unidos si En Sonora en Equipo publicamos toda la informaci\u00f3n de Sonora, M\u00e9xico y el Mundo de manera oportuna y busca que la libertad de expresi\u00f3n sea real. Visita nuestro medio informativo publicado desde Hermosillo, Sonora. %\",\"breadcrumb\":{\"@id\":\"https:\/\/www.sonoraenequipo.com.mx\/el-presidente-de-mexico-afirma-que-es-injusto-e-irracional-quitar-visas-a-legisladores-del-grupo-de-amistad-con-rusia\/#breadcrumb\"},\"inLanguage\":\"es\",\"potentialAction\":[{\"@type\":\"ReadAction\",\"target\":[\"https:\/\/www.sonoraenequipo.com.mx\/el-presidente-de-mexico-afirma-que-es-injusto-e-irracional-quitar-visas-a-legisladores-del-grupo-de-amistad-con-rusia\/\"]}]},{\"@type\":\"ImageObject\",\"inLanguage\":\"es\",\"@id\":\"https:\/\/www.sonoraenequipo.com.mx\/el-presidente-de-mexico-afirma-que-es-injusto-e-irracional-quitar-visas-a-legisladores-del-grupo-de-amistad-con-rusia\/#primaryimage\",\"url\":\"https:\/\/www.sonoraenequipo.com.mx\/storage\/2022\/04\/Grupo-de-Amistad-Mexico-Federacion-de-Rusia.jpg\",\"contentUrl\":\"https:\/\/www.sonoraenequipo.com.mx\/storage\/2022\/04\/Grupo-de-Amistad-Mexico-Federacion-de-Rusia.jpg\",\"width\":700,\"height\":400},{\"@type\":\"BreadcrumbList\",\"@id\":\"https:\/\/www.sonoraenequipo.com.mx\/el-presidente-de-mexico-afirma-que-es-injusto-e-irracional-quitar-visas-a-legisladores-del-grupo-de-amistad-con-rusia\/#breadcrumb\",\"itemListElement\":[{\"@type\":\"ListItem\",\"position\":1,\"name\":\"Portada\",\"item\":\"https:\/\/www.sonoraenequipo.com.mx\/\"},{\"@type\":\"ListItem\",\"position\":2,\"name\":\"El presidente de M\u00e9xico afirma que es injusto e irracional quitar visas a legisladores del Grupo de Amistad con Rusia\"}]},{\"@type\":\"WebSite\",\"@id\":\"https:\/\/www.sonoraenequipo.com.mx\/#website\",\"url\":\"https:\/\/www.sonoraenequipo.com.mx\/\",\"name\":\"Sonora en Equipo.\",\"description\":\"Diario en l\u00ednea con Noticias desde Hermosillo, Sonora\",\"publisher\":{\"@id\":\"https:\/\/www.sonoraenequipo.com.mx\/#organization\"},\"potentialAction\":[{\"@type\":\"SearchAction\",\"target\":{\"@type\":\"EntryPoint\",\"urlTemplate\":\"https:\/\/www.sonoraenequipo.com.mx\/?s={search_term_string}\"},\"query-input\":{\"@type\":\"PropertyValueSpecification\",\"valueRequired\":true,\"valueName\":\"search_term_string\"}}],\"inLanguage\":\"es\"},{\"@type\":\"Organization\",\"@id\":\"https:\/\/www.sonoraenequipo.com.mx\/#organization\",\"name\":\"Sonoraenequipo.com.mx\",\"url\":\"https:\/\/www.sonoraenequipo.com.mx\/\",\"logo\":{\"@type\":\"ImageObject\",\"inLanguage\":\"es\",\"@id\":\"https:\/\/www.sonoraenequipo.com.mx\/#\/schema\/logo\/image\/\",\"url\":\"https:\/\/www.sonoraenequipo.com.mx\/storage\/2019\/01\/sonoraenequipo_opt.png\",\"contentUrl\":\"https:\/\/www.sonoraenequipo.com.mx\/storage\/2019\/01\/sonoraenequipo_opt.png\",\"width\":375,\"height\":125,\"caption\":\"Sonoraenequipo.com.mx\"},\"image\":{\"@id\":\"https:\/\/www.sonoraenequipo.com.mx\/#\/schema\/logo\/image\/\"},\"sameAs\":[\"https:\/\/www.facebook.com\/SonoraEE\/\",\"https:\/\/x.com\/sonoraenequipo\",\"https:\/\/www.youtube.com\/channel\/UC338nW-lPEYmJQs4ZABQ1SQ\"]},{\"@type\":\"Person\",\"@id\":\"https:\/\/www.sonoraenequipo.com.mx\/#\/schema\/person\/50102df0fb23a8fa9e8effad8fa81386\",\"name\":\"enequipo\",\"image\":{\"@type\":\"ImageObject\",\"inLanguage\":\"es\",\"@id\":\"https:\/\/www.sonoraenequipo.com.mx\/#\/schema\/person\/image\/\",\"url\":\"https:\/\/secure.gravatar.com\/avatar\/049821681b589dabc0bc20695993ccebb09f5b5d4d790cd9251b97faac7c652b?s=96&d=blank&r=g\",\"contentUrl\":\"https:\/\/secure.gravatar.com\/avatar\/049821681b589dabc0bc20695993ccebb09f5b5d4d790cd9251b97faac7c652b?s=96&d=blank&r=g\",\"caption\":\"enequipo\"},\"sameAs\":[\"https:\/\/www.facebook.com\/SonoraEE\"]}]}<\/script>\n ","yoast_head_json":{"title":"Sonora en Equipo. El presidente de M\u00e9xico afirma que es injusto e irracional quitar visas a legisladores del Grupo de Amistad con Rusia Rep\u00fablica","description":"CIUDAD DE M\u00c9XICO. MX. \u2014 En su conferencia ma\u00f1anera desde Palacio Nacional, AMLO advirti\u00f3 que enviar\u00e1 una nota diplom\u00e1tica de queja a Estados Unidos si En Sonora en Equipo publicamos toda la informaci\u00f3n de Sonora, M\u00e9xico y el Mundo de manera oportuna y busca que la libertad de expresi\u00f3n sea real. Visita nuestro medio informativo publicado desde Hermosillo, Sonora. %","robots":{"index":"index","follow":"follow","max-snippet":"max-snippet:-1","max-image-preview":"max-image-preview:large","max-video-preview":"max-video-preview:-1"},"canonical":"https:\/\/www.sonoraenequipo.com.mx\/el-presidente-de-mexico-afirma-que-es-injusto-e-irracional-quitar-visas-a-legisladores-del-grupo-de-amistad-con-rusia\/","og_locale":"es_ES","og_type":"article","og_title":"Sonora en Equipo. El presidente de M\u00e9xico afirma que es injusto e irracional quitar visas a legisladores del Grupo de Amistad con Rusia Rep\u00fablica","og_description":"CIUDAD DE M\u00c9XICO. MX. \u2014 En su conferencia ma\u00f1anera desde Palacio Nacional, AMLO advirti\u00f3 que enviar\u00e1 una nota diplom\u00e1tica de queja a Estados Unidos si En Sonora en Equipo publicamos toda la informaci\u00f3n de Sonora, M\u00e9xico y el Mundo de manera oportuna y busca que la libertad de expresi\u00f3n sea real. Visita nuestro medio informativo publicado desde Hermosillo, Sonora. %","og_url":"https:\/\/www.sonoraenequipo.com.mx\/el-presidente-de-mexico-afirma-que-es-injusto-e-irracional-quitar-visas-a-legisladores-del-grupo-de-amistad-con-rusia\/","og_site_name":"Sonora en Equipo.","article_publisher":"https:\/\/www.facebook.com\/SonoraEE\/","article_author":"https:\/\/www.facebook.com\/SonoraEE","article_published_time":"2022-04-06T19:55:40+00:00","article_modified_time":"2022-04-07T04:19:27+00:00","og_image":[{"width":700,"height":400,"url":"https:\/\/www.sonoraenequipo.com.mx\/storage\/2022\/04\/Grupo-de-Amistad-Mexico-Federacion-de-Rusia.jpg","type":"image\/jpeg"}],"author":"enequipo","twitter_card":"summary_large_image","twitter_creator":"@sonoraenequipo","twitter_site":"@sonoraenequipo","twitter_misc":{"Escrito por":"enequipo","Tiempo de lectura":"2 minutos"},"schema":{"@context":"https:\/\/schema.org","@graph":[{"@type":"Article","@id":"https:\/\/www.sonoraenequipo.com.mx\/el-presidente-de-mexico-afirma-que-es-injusto-e-irracional-quitar-visas-a-legisladores-del-grupo-de-amistad-con-rusia\/#article","isPartOf":{"@id":"https:\/\/www.sonoraenequipo.com.mx\/el-presidente-de-mexico-afirma-que-es-injusto-e-irracional-quitar-visas-a-legisladores-del-grupo-de-amistad-con-rusia\/"},"author":{"name":"enequipo","@id":"https:\/\/www.sonoraenequipo.com.mx\/#\/schema\/person\/50102df0fb23a8fa9e8effad8fa81386"},"headline":"El presidente de M\u00e9xico afirma que es injusto e irracional quitar visas a legisladores del Grupo de Amistad con Rusia","datePublished":"2022-04-06T19:55:40+00:00","dateModified":"2022-04-07T04:19:27+00:00","mainEntityOfPage":{"@id":"https:\/\/www.sonoraenequipo.com.mx\/el-presidente-de-mexico-afirma-que-es-injusto-e-irracional-quitar-visas-a-legisladores-del-grupo-de-amistad-con-rusia\/"},"wordCount":396,"commentCount":0,"publisher":{"@id":"https:\/\/www.sonoraenequipo.com.mx\/#organization"},"image":{"@id":"https:\/\/www.sonoraenequipo.com.mx\/el-presidente-de-mexico-afirma-que-es-injusto-e-irracional-quitar-visas-a-legisladores-del-grupo-de-amistad-con-rusia\/#primaryimage"},"thumbnailUrl":"https:\/\/www.sonoraenequipo.com.mx\/storage\/2022\/04\/Grupo-de-Amistad-Mexico-Federacion-de-Rusia.jpg","articleSection":["Rep\u00fablica"],"inLanguage":"es","potentialAction":[{"@type":"CommentAction","name":"Comment","target":["https:\/\/www.sonoraenequipo.com.mx\/el-presidente-de-mexico-afirma-que-es-injusto-e-irracional-quitar-visas-a-legisladores-del-grupo-de-amistad-con-rusia\/#respond"]}]},{"@type":"WebPage","@id":"https:\/\/www.sonoraenequipo.com.mx\/el-presidente-de-mexico-afirma-que-es-injusto-e-irracional-quitar-visas-a-legisladores-del-grupo-de-amistad-con-rusia\/","url":"https:\/\/www.sonoraenequipo.com.mx\/el-presidente-de-mexico-afirma-que-es-injusto-e-irracional-quitar-visas-a-legisladores-del-grupo-de-amistad-con-rusia\/","name":"Sonora en Equipo. El presidente de M\u00e9xico afirma que es injusto e irracional quitar visas a legisladores del Grupo de Amistad con Rusia Rep\u00fablica","isPartOf":{"@id":"https:\/\/www.sonoraenequipo.com.mx\/#website"},"primaryImageOfPage":{"@id":"https:\/\/www.sonoraenequipo.com.mx\/el-presidente-de-mexico-afirma-que-es-injusto-e-irracional-quitar-visas-a-legisladores-del-grupo-de-amistad-con-rusia\/#primaryimage"},"image":{"@id":"https:\/\/www.sonoraenequipo.com.mx\/el-presidente-de-mexico-afirma-que-es-injusto-e-irracional-quitar-visas-a-legisladores-del-grupo-de-amistad-con-rusia\/#primaryimage"},"thumbnailUrl":"https:\/\/www.sonoraenequipo.com.mx\/storage\/2022\/04\/Grupo-de-Amistad-Mexico-Federacion-de-Rusia.jpg","datePublished":"2022-04-06T19:55:40+00:00","dateModified":"2022-04-07T04:19:27+00:00","description":"CIUDAD DE M\u00c9XICO. MX. \u2014 En su conferencia ma\u00f1anera desde Palacio Nacional, AMLO advirti\u00f3 que enviar\u00e1 una nota diplom\u00e1tica de queja a Estados Unidos si En Sonora en Equipo publicamos toda la informaci\u00f3n de Sonora, M\u00e9xico y el Mundo de manera oportuna y busca que la libertad de expresi\u00f3n sea real. Visita nuestro medio informativo publicado desde Hermosillo, Sonora. %","breadcrumb":{"@id":"https:\/\/www.sonoraenequipo.com.mx\/el-presidente-de-mexico-afirma-que-es-injusto-e-irracional-quitar-visas-a-legisladores-del-grupo-de-amistad-con-rusia\/#breadcrumb"},"inLanguage":"es","potentialAction":[{"@type":"ReadAction","target":["https:\/\/www.sonoraenequipo.com.mx\/el-presidente-de-mexico-afirma-que-es-injusto-e-irracional-quitar-visas-a-legisladores-del-grupo-de-amistad-con-rusia\/"]}]},{"@type":"ImageObject","inLanguage":"es","@id":"https:\/\/www.sonoraenequipo.com.mx\/el-presidente-de-mexico-afirma-que-es-injusto-e-irracional-quitar-visas-a-legisladores-del-grupo-de-amistad-con-rusia\/#primaryimage","url":"https:\/\/www.sonoraenequipo.com.mx\/storage\/2022\/04\/Grupo-de-Amistad-Mexico-Federacion-de-Rusia.jpg","contentUrl":"https:\/\/www.sonoraenequipo.com.mx\/storage\/2022\/04\/Grupo-de-Amistad-Mexico-Federacion-de-Rusia.jpg","width":700,"height":400},{"@type":"BreadcrumbList","@id":"https:\/\/www.sonoraenequipo.com.mx\/el-presidente-de-mexico-afirma-que-es-injusto-e-irracional-quitar-visas-a-legisladores-del-grupo-de-amistad-con-rusia\/#breadcrumb","itemListElement":[{"@type":"ListItem","position":1,"name":"Portada","item":"https:\/\/www.sonoraenequipo.com.mx\/"},{"@type":"ListItem","position":2,"name":"El presidente de M\u00e9xico afirma que es injusto e irracional quitar visas a legisladores del Grupo de Amistad con Rusia"}]},{"@type":"WebSite","@id":"https:\/\/www.sonoraenequipo.com.mx\/#website","url":"https:\/\/www.sonoraenequipo.com.mx\/","name":"Sonora en Equipo.","description":"Diario en l\u00ednea con Noticias desde Hermosillo, Sonora","publisher":{"@id":"https:\/\/www.sonoraenequipo.com.mx\/#organization"},"potentialAction":[{"@type":"SearchAction","target":{"@type":"EntryPoint","urlTemplate":"https:\/\/www.sonoraenequipo.com.mx\/?s={search_term_string}"},"query-input":{"@type":"PropertyValueSpecification","valueRequired":true,"valueName":"search_term_string"}}],"inLanguage":"es"},{"@type":"Organization","@id":"https:\/\/www.sonoraenequipo.com.mx\/#organization","name":"Sonoraenequipo.com.mx","url":"https:\/\/www.sonoraenequipo.com.mx\/","logo":{"@type":"ImageObject","inLanguage":"es","@id":"https:\/\/www.sonoraenequipo.com.mx\/#\/schema\/logo\/image\/","url":"https:\/\/www.sonoraenequipo.com.mx\/storage\/2019\/01\/sonoraenequipo_opt.png","contentUrl":"https:\/\/www.sonoraenequipo.com.mx\/storage\/2019\/01\/sonoraenequipo_opt.png","width":375,"height":125,"caption":"Sonoraenequipo.com.mx"},"image":{"@id":"https:\/\/www.sonoraenequipo.com.mx\/#\/schema\/logo\/image\/"},"sameAs":["https:\/\/www.facebook.com\/SonoraEE\/","https:\/\/x.com\/sonoraenequipo","https:\/\/www.youtube.com\/channel\/UC338nW-lPEYmJQs4ZABQ1SQ"]},{"@type":"Person","@id":"https:\/\/www.sonoraenequipo.com.mx\/#\/schema\/person\/50102df0fb23a8fa9e8effad8fa81386","name":"enequipo","image":{"@type":"ImageObject","inLanguage":"es","@id":"https:\/\/www.sonoraenequipo.com.mx\/#\/schema\/person\/image\/","url":"https:\/\/secure.gravatar.com\/avatar\/049821681b589dabc0bc20695993ccebb09f5b5d4d790cd9251b97faac7c652b?s=96&d=blank&r=g","contentUrl":"https:\/\/secure.gravatar.com\/avatar\/049821681b589dabc0bc20695993ccebb09f5b5d4d790cd9251b97faac7c652b?s=96&d=blank&r=g","caption":"enequipo"},"sameAs":["https:\/\/www.facebook.com\/SonoraEE"]}]}},"jetpack_featured_media_url":"https:\/\/www.sonoraenequipo.com.mx\/storage\/2022\/04\/Grupo-de-Amistad-Mexico-Federacion-de-Rusia.jpg","_links":{"self":[{"href":"https:\/\/www.sonoraenequipo.com.mx\/api\/wp\/v2\/posts\/136351","targetHints":{"allow":["GET"]}}],"collection":[{"href":"https:\/\/www.sonoraenequipo.com.mx\/api\/wp\/v2\/posts"}],"about":[{"href":"https:\/\/www.sonoraenequipo.com.mx\/api\/wp\/v2\/types\/post"}],"author":[{"embeddable":true,"href":"https:\/\/www.sonoraenequipo.com.mx\/api\/wp\/v2\/users\/1"}],"replies":[{"embeddable":true,"href":"https:\/\/www.sonoraenequipo.com.mx\/api\/wp\/v2\/comments?post=136351"}],"version-history":[{"count":1,"href":"https:\/\/www.sonoraenequipo.com.mx\/api\/wp\/v2\/posts\/136351\/revisions"}],"predecessor-version":[{"id":136353,"href":"https:\/\/www.sonoraenequipo.com.mx\/api\/wp\/v2\/posts\/136351\/revisions\/136353"}],"wp:featuredmedia":[{"embeddable":true,"href":"https:\/\/www.sonoraenequipo.com.mx\/api\/wp\/v2\/media\/136352"}],"wp:attachment":[{"href":"https:\/\/www.sonoraenequipo.com.mx\/api\/wp\/v2\/media?parent=136351"}],"wp:term":[{"taxonomy":"category","embeddable":true,"href":"https:\/\/www.sonoraenequipo.com.mx\/api\/wp\/v2\/categories?post=136351"},{"taxonomy":"post_tag","embeddable":true,"href":"https:\/\/www.sonoraenequipo.com.mx\/api\/wp\/v2\/tags?post=136351"}],"curies":[{"name":"wp","href":"https:\/\/api.w.org\/{rel}","templated":true}]}}