{"id":136354,"date":"2022-04-06T15:30:29","date_gmt":"2022-04-06T22:30:29","guid":{"rendered":"https:\/\/www.sonoraenequipo.com.mx\/?p=136354"},"modified":"2022-04-06T21:33:34","modified_gmt":"2022-04-07T04:33:34","slug":"edomex-va-contra-fiestas-clandestinas-para-evitar-casos-como-hugo-carbajal","status":"publish","type":"post","link":"https:\/\/www.sonoraenequipo.com.mx\/edomex-va-contra-fiestas-clandestinas-para-evitar-casos-como-hugo-carbajal\/","title":{"rendered":"Edomex va contra fiestas clandestinas para evitar casos como Hugo Carbajal"},"content":{"rendered":"<p><strong>TOLUCA, ESTADO DE M\u00c9XICO. MX.<\/strong> \u2014 El subsecretario de Gobierno del Estado de M\u00e9xico, Ricardo de la Cruz Musalem, dijo que se investigar\u00e1n los lugares donde realizan fiestas clandestinas para evitar un caso como el de Hugo Carbajal. Pidi\u00f3 a la ciudadan\u00eda denunciar ese tipo de reuniones.<\/p>\n<p>&nbsp;<\/p>\n<p> <\/p>\n<p>&nbsp;<\/p>\n<p><em>\u201cHay lugares en donde se hacen fiestas al amparo de que son fiestas privadas, evidentemente nosotros estaremos reforzando de la mano con la sociedad con la denuncia de ellos, ir a revisar esos lugares, de la mano del gobierno municipal, de la mano del gobierno del Estado, de la Federaci\u00f3n y obviamente de ustedes\u201d,<\/em> precis\u00f3 el subsecretario de Gobierno del Estado de M\u00e9xico, Ricardo de la Cruz Musalem.<\/p>\n<h3>\n\u00bfQui\u00e9n era Hugo Carbajal?<\/h3>\n<p>Hugo Carbajal Amaro ten\u00eda s\u00f3lo 15 a\u00f1os. El s\u00e1bado fue a festejar el cumplea\u00f1os de una amiga en un sal\u00f3n de fiestas conocido como <strong><em>\u201cJard\u00edn Imperio\u201d<\/em><\/strong>, ubicado en Jilotzingo, Estado de M\u00e9xico, pero fue asesinado, lo que provoc\u00f3 una protesta y un bloqueo de m\u00e1s de doce horas por parte de amigos y familiares para exigir la detenci\u00f3n de asesino.<\/p>\n<p>&nbsp;<\/p>\n<p>&nbsp;<\/p>\n<p><em>\u201cAlrededor de las 11 y media, 12 de la noche, ocurri\u00f3 una ri\u00f1a, se confrontaron varios chavos, termin\u00f3 por acabar la fiesta\u201d<\/em>, narr\u00f3 Roberto Carlos, amigo de Hugo Carbajal.<\/p>\n<p>&nbsp;<\/p>\n<p>&nbsp;<\/p>\n<p>De acuerdo con testigos, un hombre identificado como Mauricio Mora Zarza, de 38 a\u00f1os, lo atac\u00f3. Es se\u00f1alado por ser uno de los integrantes de seguridad del lug<\/p>\n<p>ar.<\/p>\n<p>&nbsp;<\/p>\n<p>&nbsp;<\/p>\n<p><em>\u201cCon una copa chiquita de las filosas, al primero que encontr\u00f3 fue a nuestro amigo, lleg\u00f3 a ahorcar a lo cual Hugo se resisti\u00f3 y le dijo en buena onda que lo soltaran, su respuesta fue matarlo a sangre fr\u00eda con una copa intern\u00e1ndose en el cuello\u201d<\/em>, record\u00f3 Roberto Carlos, amigo de la v\u00edctima.<\/p>\n<p>&nbsp;<\/p>\n<p>&nbsp;<\/p>\n<p><em>\u201cLiteralmente falleci\u00f3 en mis brazos, es una injusticia que el asesino est\u00e9 en las calles como si nada\u201d<\/em>, a\u00f1adi\u00f3.<\/p>\n<p>&nbsp;<\/p>\n<p>&nbsp;<\/p>\n<p>(Publicada el 06\/04\/2022 \/ Con informaci\u00f3n de FOROtv)<\/p>\n","protected":false},"excerpt":{"rendered":"<p>TOLUCA, ESTADO DE M\u00c9XICO. MX. \u2014 El subsecretario de Gobierno del Estado de M\u00e9xico, Ricardo&#8230;<\/p>\n","protected":false},"author":1,"featured_media":136355,"comment_status":"open","ping_status":"open","sticky":false,"template":"","format":"standard","meta":{"_monsterinsights_skip_tracking":false,"_monsterinsights_sitenote_active":false,"_monsterinsights_sitenote_note":"","_monsterinsights_sitenote_category":0,"footnotes":""},"categories":[5],"tags":[],"class_list":["post"],"yoast_head":" \n<title>Sonora en Equipo. Edomex va contra fiestas clandestinas para evitar casos como Hugo Carbajal Rep\u00fablica<\/title>\n<meta name=\"description\" content=\"TOLUCA, ESTADO DE M\u00c9XICO. MX. \u2014 El subsecretario de Gobierno del Estado de M\u00e9xico, Ricardo de la Cruz Musalem, dijo que se investigar\u00e1n los lugares donde En Sonora en Equipo publicamos toda la informaci\u00f3n de Sonora, M\u00e9xico y el Mundo de manera oportuna y busca que la libertad de expresi\u00f3n sea real. Visita nuestro medio informativo publicado desde Hermosillo, Sonora. %\" \/>\n<meta name=\"robots\" content=\"index, follow, max-snippet:-1, max-image-preview:large, max-video-preview:-1\" \/>\n<link rel=\"canonical\" href=\"https:\/\/www.sonoraenequipo.com.mx\/edomex-va-contra-fiestas-clandestinas-para-evitar-casos-como-hugo-carbajal\/\" \/>\n<meta property=\"og:locale\" content=\"es_ES\" \/>\n<meta property=\"og:type\" content=\"article\" \/>\n<meta property=\"og:title\" content=\"Sonora en Equipo. Edomex va contra fiestas clandestinas para evitar casos como Hugo Carbajal Rep\u00fablica\" \/>\n<meta property=\"og:description\" content=\"TOLUCA, ESTADO DE M\u00c9XICO. MX. \u2014 El subsecretario de Gobierno del Estado de M\u00e9xico, Ricardo de la Cruz Musalem, dijo que se investigar\u00e1n los lugares donde En Sonora en Equipo publicamos toda la informaci\u00f3n de Sonora, M\u00e9xico y el Mundo de manera oportuna y busca que la libertad de expresi\u00f3n sea real. Visita nuestro medio informativo publicado desde Hermosillo, Sonora. %\" \/>\n<meta property=\"og:url\" content=\"https:\/\/www.sonoraenequipo.com.mx\/edomex-va-contra-fiestas-clandestinas-para-evitar-casos-como-hugo-carbajal\/\" \/>\n<meta property=\"og:site_name\" content=\"Sonora en Equipo.\" \/>\n<meta property=\"article:publisher\" content=\"https:\/\/www.facebook.com\/SonoraEE\/\" \/>\n<meta property=\"article:author\" content=\"https:\/\/www.facebook.com\/SonoraEE\" \/>\n<meta property=\"article:published_time\" content=\"2022-04-06T22:30:29+00:00\" \/>\n<meta property=\"article:modified_time\" content=\"2022-04-07T04:33:34+00:00\" \/>\n<meta property=\"og:image\" content=\"https:\/\/www.sonoraenequipo.com.mx\/storage\/2022\/04\/Ricardo-de-la-Cruz-Musalem.jpg\" \/>\n\t<meta property=\"og:image:width\" content=\"700\" \/>\n\t<meta property=\"og:image:height\" content=\"400\" \/>\n\t<meta property=\"og:image:type\" content=\"image\/jpeg\" \/>\n<meta name=\"author\" content=\"enequipo\" \/>\n<meta name=\"twitter:card\" content=\"summary_large_image\" \/>\n<meta name=\"twitter:creator\" content=\"@sonoraenequipo\" \/>\n<meta name=\"twitter:site\" content=\"@sonoraenequipo\" \/>\n<meta name=\"twitter:label1\" content=\"Escrito por\" \/>\n\t<meta name=\"twitter:data1\" content=\"enequipo\" \/>\n\t<meta name=\"twitter:label2\" content=\"Tiempo de lectura\" \/>\n\t<meta name=\"twitter:data2\" content=\"2 minutos\" \/>\n<script type=\"application\/ld+json\" class=\"yoast-schema-graph\">{\"@context\":\"https:\/\/schema.org\",\"@graph\":[{\"@type\":\"Article\",\"@id\":\"https:\/\/www.sonoraenequipo.com.mx\/edomex-va-contra-fiestas-clandestinas-para-evitar-casos-como-hugo-carbajal\/#article\",\"isPartOf\":{\"@id\":\"https:\/\/www.sonoraenequipo.com.mx\/edomex-va-contra-fiestas-clandestinas-para-evitar-casos-como-hugo-carbajal\/\"},\"author\":{\"name\":\"enequipo\",\"@id\":\"https:\/\/www.sonoraenequipo.com.mx\/#\/schema\/person\/50102df0fb23a8fa9e8effad8fa81386\"},\"headline\":\"Edomex va contra fiestas clandestinas para evitar casos como Hugo Carbajal\",\"datePublished\":\"2022-04-06T22:30:29+00:00\",\"dateModified\":\"2022-04-07T04:33:34+00:00\",\"mainEntityOfPage\":{\"@id\":\"https:\/\/www.sonoraenequipo.com.mx\/edomex-va-contra-fiestas-clandestinas-para-evitar-casos-como-hugo-carbajal\/\"},\"wordCount\":359,\"commentCount\":0,\"publisher\":{\"@id\":\"https:\/\/www.sonoraenequipo.com.mx\/#organization\"},\"image\":{\"@id\":\"https:\/\/www.sonoraenequipo.com.mx\/edomex-va-contra-fiestas-clandestinas-para-evitar-casos-como-hugo-carbajal\/#primaryimage\"},\"thumbnailUrl\":\"https:\/\/www.sonoraenequipo.com.mx\/storage\/2022\/04\/Ricardo-de-la-Cruz-Musalem.jpg\",\"articleSection\":[\"Rep\u00fablica\"],\"inLanguage\":\"es\",\"potentialAction\":[{\"@type\":\"CommentAction\",\"name\":\"Comment\",\"target\":[\"https:\/\/www.sonoraenequipo.com.mx\/edomex-va-contra-fiestas-clandestinas-para-evitar-casos-como-hugo-carbajal\/#respond\"]}]},{\"@type\":\"WebPage\",\"@id\":\"https:\/\/www.sonoraenequipo.com.mx\/edomex-va-contra-fiestas-clandestinas-para-evitar-casos-como-hugo-carbajal\/\",\"url\":\"https:\/\/www.sonoraenequipo.com.mx\/edomex-va-contra-fiestas-clandestinas-para-evitar-casos-como-hugo-carbajal\/\",\"name\":\"Sonora en Equipo. Edomex va contra fiestas clandestinas para evitar casos como Hugo Carbajal Rep\u00fablica\",\"isPartOf\":{\"@id\":\"https:\/\/www.sonoraenequipo.com.mx\/#website\"},\"primaryImageOfPage\":{\"@id\":\"https:\/\/www.sonoraenequipo.com.mx\/edomex-va-contra-fiestas-clandestinas-para-evitar-casos-como-hugo-carbajal\/#primaryimage\"},\"image\":{\"@id\":\"https:\/\/www.sonoraenequipo.com.mx\/edomex-va-contra-fiestas-clandestinas-para-evitar-casos-como-hugo-carbajal\/#primaryimage\"},\"thumbnailUrl\":\"https:\/\/www.sonoraenequipo.com.mx\/storage\/2022\/04\/Ricardo-de-la-Cruz-Musalem.jpg\",\"datePublished\":\"2022-04-06T22:30:29+00:00\",\"dateModified\":\"2022-04-07T04:33:34+00:00\",\"description\":\"TOLUCA, ESTADO DE M\u00c9XICO. MX. \u2014 El subsecretario de Gobierno del Estado de M\u00e9xico, Ricardo de la Cruz Musalem, dijo que se investigar\u00e1n los lugares donde En Sonora en Equipo publicamos toda la informaci\u00f3n de Sonora, M\u00e9xico y el Mundo de manera oportuna y busca que la libertad de expresi\u00f3n sea real. Visita nuestro medio informativo publicado desde Hermosillo, Sonora. %\",\"breadcrumb\":{\"@id\":\"https:\/\/www.sonoraenequipo.com.mx\/edomex-va-contra-fiestas-clandestinas-para-evitar-casos-como-hugo-carbajal\/#breadcrumb\"},\"inLanguage\":\"es\",\"potentialAction\":[{\"@type\":\"ReadAction\",\"target\":[\"https:\/\/www.sonoraenequipo.com.mx\/edomex-va-contra-fiestas-clandestinas-para-evitar-casos-como-hugo-carbajal\/\"]}]},{\"@type\":\"ImageObject\",\"inLanguage\":\"es\",\"@id\":\"https:\/\/www.sonoraenequipo.com.mx\/edomex-va-contra-fiestas-clandestinas-para-evitar-casos-como-hugo-carbajal\/#primaryimage\",\"url\":\"https:\/\/www.sonoraenequipo.com.mx\/storage\/2022\/04\/Ricardo-de-la-Cruz-Musalem.jpg\",\"contentUrl\":\"https:\/\/www.sonoraenequipo.com.mx\/storage\/2022\/04\/Ricardo-de-la-Cruz-Musalem.jpg\",\"width\":700,\"height\":400},{\"@type\":\"BreadcrumbList\",\"@id\":\"https:\/\/www.sonoraenequipo.com.mx\/edomex-va-contra-fiestas-clandestinas-para-evitar-casos-como-hugo-carbajal\/#breadcrumb\",\"itemListElement\":[{\"@type\":\"ListItem\",\"position\":1,\"name\":\"Portada\",\"item\":\"https:\/\/www.sonoraenequipo.com.mx\/\"},{\"@type\":\"ListItem\",\"position\":2,\"name\":\"Edomex va contra fiestas clandestinas para evitar casos como Hugo Carbajal\"}]},{\"@type\":\"WebSite\",\"@id\":\"https:\/\/www.sonoraenequipo.com.mx\/#website\",\"url\":\"https:\/\/www.sonoraenequipo.com.mx\/\",\"name\":\"Sonora en Equipo.\",\"description\":\"Diario en l\u00ednea con Noticias desde Hermosillo, Sonora\",\"publisher\":{\"@id\":\"https:\/\/www.sonoraenequipo.com.mx\/#organization\"},\"potentialAction\":[{\"@type\":\"SearchAction\",\"target\":{\"@type\":\"EntryPoint\",\"urlTemplate\":\"https:\/\/www.sonoraenequipo.com.mx\/?s={search_term_string}\"},\"query-input\":{\"@type\":\"PropertyValueSpecification\",\"valueRequired\":true,\"valueName\":\"search_term_string\"}}],\"inLanguage\":\"es\"},{\"@type\":\"Organization\",\"@id\":\"https:\/\/www.sonoraenequipo.com.mx\/#organization\",\"name\":\"Sonoraenequipo.com.mx\",\"url\":\"https:\/\/www.sonoraenequipo.com.mx\/\",\"logo\":{\"@type\":\"ImageObject\",\"inLanguage\":\"es\",\"@id\":\"https:\/\/www.sonoraenequipo.com.mx\/#\/schema\/logo\/image\/\",\"url\":\"https:\/\/www.sonoraenequipo.com.mx\/storage\/2019\/01\/sonoraenequipo_opt.png\",\"contentUrl\":\"https:\/\/www.sonoraenequipo.com.mx\/storage\/2019\/01\/sonoraenequipo_opt.png\",\"width\":375,\"height\":125,\"caption\":\"Sonoraenequipo.com.mx\"},\"image\":{\"@id\":\"https:\/\/www.sonoraenequipo.com.mx\/#\/schema\/logo\/image\/\"},\"sameAs\":[\"https:\/\/www.facebook.com\/SonoraEE\/\",\"https:\/\/x.com\/sonoraenequipo\",\"https:\/\/www.youtube.com\/channel\/UC338nW-lPEYmJQs4ZABQ1SQ\"]},{\"@type\":\"Person\",\"@id\":\"https:\/\/www.sonoraenequipo.com.mx\/#\/schema\/person\/50102df0fb23a8fa9e8effad8fa81386\",\"name\":\"enequipo\",\"image\":{\"@type\":\"ImageObject\",\"inLanguage\":\"es\",\"@id\":\"https:\/\/www.sonoraenequipo.com.mx\/#\/schema\/person\/image\/\",\"url\":\"https:\/\/secure.gravatar.com\/avatar\/049821681b589dabc0bc20695993ccebb09f5b5d4d790cd9251b97faac7c652b?s=96&d=blank&r=g\",\"contentUrl\":\"https:\/\/secure.gravatar.com\/avatar\/049821681b589dabc0bc20695993ccebb09f5b5d4d790cd9251b97faac7c652b?s=96&d=blank&r=g\",\"caption\":\"enequipo\"},\"sameAs\":[\"https:\/\/www.facebook.com\/SonoraEE\"]}]}<\/script>\n ","yoast_head_json":{"title":"Sonora en Equipo. Edomex va contra fiestas clandestinas para evitar casos como Hugo Carbajal Rep\u00fablica","description":"TOLUCA, ESTADO DE M\u00c9XICO. MX. \u2014 El subsecretario de Gobierno del Estado de M\u00e9xico, Ricardo de la Cruz Musalem, dijo que se investigar\u00e1n los lugares donde En Sonora en Equipo publicamos toda la informaci\u00f3n de Sonora, M\u00e9xico y el Mundo de manera oportuna y busca que la libertad de expresi\u00f3n sea real. Visita nuestro medio informativo publicado desde Hermosillo, Sonora. %","robots":{"index":"index","follow":"follow","max-snippet":"max-snippet:-1","max-image-preview":"max-image-preview:large","max-video-preview":"max-video-preview:-1"},"canonical":"https:\/\/www.sonoraenequipo.com.mx\/edomex-va-contra-fiestas-clandestinas-para-evitar-casos-como-hugo-carbajal\/","og_locale":"es_ES","og_type":"article","og_title":"Sonora en Equipo. Edomex va contra fiestas clandestinas para evitar casos como Hugo Carbajal Rep\u00fablica","og_description":"TOLUCA, ESTADO DE M\u00c9XICO. MX. \u2014 El subsecretario de Gobierno del Estado de M\u00e9xico, Ricardo de la Cruz Musalem, dijo que se investigar\u00e1n los lugares donde En Sonora en Equipo publicamos toda la informaci\u00f3n de Sonora, M\u00e9xico y el Mundo de manera oportuna y busca que la libertad de expresi\u00f3n sea real. Visita nuestro medio informativo publicado desde Hermosillo, Sonora. %","og_url":"https:\/\/www.sonoraenequipo.com.mx\/edomex-va-contra-fiestas-clandestinas-para-evitar-casos-como-hugo-carbajal\/","og_site_name":"Sonora en Equipo.","article_publisher":"https:\/\/www.facebook.com\/SonoraEE\/","article_author":"https:\/\/www.facebook.com\/SonoraEE","article_published_time":"2022-04-06T22:30:29+00:00","article_modified_time":"2022-04-07T04:33:34+00:00","og_image":[{"width":700,"height":400,"url":"https:\/\/www.sonoraenequipo.com.mx\/storage\/2022\/04\/Ricardo-de-la-Cruz-Musalem.jpg","type":"image\/jpeg"}],"author":"enequipo","twitter_card":"summary_large_image","twitter_creator":"@sonoraenequipo","twitter_site":"@sonoraenequipo","twitter_misc":{"Escrito por":"enequipo","Tiempo de lectura":"2 minutos"},"schema":{"@context":"https:\/\/schema.org","@graph":[{"@type":"Article","@id":"https:\/\/www.sonoraenequipo.com.mx\/edomex-va-contra-fiestas-clandestinas-para-evitar-casos-como-hugo-carbajal\/#article","isPartOf":{"@id":"https:\/\/www.sonoraenequipo.com.mx\/edomex-va-contra-fiestas-clandestinas-para-evitar-casos-como-hugo-carbajal\/"},"author":{"name":"enequipo","@id":"https:\/\/www.sonoraenequipo.com.mx\/#\/schema\/person\/50102df0fb23a8fa9e8effad8fa81386"},"headline":"Edomex va contra fiestas clandestinas para evitar casos como Hugo Carbajal","datePublished":"2022-04-06T22:30:29+00:00","dateModified":"2022-04-07T04:33:34+00:00","mainEntityOfPage":{"@id":"https:\/\/www.sonoraenequipo.com.mx\/edomex-va-contra-fiestas-clandestinas-para-evitar-casos-como-hugo-carbajal\/"},"wordCount":359,"commentCount":0,"publisher":{"@id":"https:\/\/www.sonoraenequipo.com.mx\/#organization"},"image":{"@id":"https:\/\/www.sonoraenequipo.com.mx\/edomex-va-contra-fiestas-clandestinas-para-evitar-casos-como-hugo-carbajal\/#primaryimage"},"thumbnailUrl":"https:\/\/www.sonoraenequipo.com.mx\/storage\/2022\/04\/Ricardo-de-la-Cruz-Musalem.jpg","articleSection":["Rep\u00fablica"],"inLanguage":"es","potentialAction":[{"@type":"CommentAction","name":"Comment","target":["https:\/\/www.sonoraenequipo.com.mx\/edomex-va-contra-fiestas-clandestinas-para-evitar-casos-como-hugo-carbajal\/#respond"]}]},{"@type":"WebPage","@id":"https:\/\/www.sonoraenequipo.com.mx\/edomex-va-contra-fiestas-clandestinas-para-evitar-casos-como-hugo-carbajal\/","url":"https:\/\/www.sonoraenequipo.com.mx\/edomex-va-contra-fiestas-clandestinas-para-evitar-casos-como-hugo-carbajal\/","name":"Sonora en Equipo. Edomex va contra fiestas clandestinas para evitar casos como Hugo Carbajal Rep\u00fablica","isPartOf":{"@id":"https:\/\/www.sonoraenequipo.com.mx\/#website"},"primaryImageOfPage":{"@id":"https:\/\/www.sonoraenequipo.com.mx\/edomex-va-contra-fiestas-clandestinas-para-evitar-casos-como-hugo-carbajal\/#primaryimage"},"image":{"@id":"https:\/\/www.sonoraenequipo.com.mx\/edomex-va-contra-fiestas-clandestinas-para-evitar-casos-como-hugo-carbajal\/#primaryimage"},"thumbnailUrl":"https:\/\/www.sonoraenequipo.com.mx\/storage\/2022\/04\/Ricardo-de-la-Cruz-Musalem.jpg","datePublished":"2022-04-06T22:30:29+00:00","dateModified":"2022-04-07T04:33:34+00:00","description":"TOLUCA, ESTADO DE M\u00c9XICO. MX. \u2014 El subsecretario de Gobierno del Estado de M\u00e9xico, Ricardo de la Cruz Musalem, dijo que se investigar\u00e1n los lugares donde En Sonora en Equipo publicamos toda la informaci\u00f3n de Sonora, M\u00e9xico y el Mundo de manera oportuna y busca que la libertad de expresi\u00f3n sea real. Visita nuestro medio informativo publicado desde Hermosillo, Sonora. %","breadcrumb":{"@id":"https:\/\/www.sonoraenequipo.com.mx\/edomex-va-contra-fiestas-clandestinas-para-evitar-casos-como-hugo-carbajal\/#breadcrumb"},"inLanguage":"es","potentialAction":[{"@type":"ReadAction","target":["https:\/\/www.sonoraenequipo.com.mx\/edomex-va-contra-fiestas-clandestinas-para-evitar-casos-como-hugo-carbajal\/"]}]},{"@type":"ImageObject","inLanguage":"es","@id":"https:\/\/www.sonoraenequipo.com.mx\/edomex-va-contra-fiestas-clandestinas-para-evitar-casos-como-hugo-carbajal\/#primaryimage","url":"https:\/\/www.sonoraenequipo.com.mx\/storage\/2022\/04\/Ricardo-de-la-Cruz-Musalem.jpg","contentUrl":"https:\/\/www.sonoraenequipo.com.mx\/storage\/2022\/04\/Ricardo-de-la-Cruz-Musalem.jpg","width":700,"height":400},{"@type":"BreadcrumbList","@id":"https:\/\/www.sonoraenequipo.com.mx\/edomex-va-contra-fiestas-clandestinas-para-evitar-casos-como-hugo-carbajal\/#breadcrumb","itemListElement":[{"@type":"ListItem","position":1,"name":"Portada","item":"https:\/\/www.sonoraenequipo.com.mx\/"},{"@type":"ListItem","position":2,"name":"Edomex va contra fiestas clandestinas para evitar casos como Hugo Carbajal"}]},{"@type":"WebSite","@id":"https:\/\/www.sonoraenequipo.com.mx\/#website","url":"https:\/\/www.sonoraenequipo.com.mx\/","name":"Sonora en Equipo.","description":"Diario en l\u00ednea con Noticias desde Hermosillo, Sonora","publisher":{"@id":"https:\/\/www.sonoraenequipo.com.mx\/#organization"},"potentialAction":[{"@type":"SearchAction","target":{"@type":"EntryPoint","urlTemplate":"https:\/\/www.sonoraenequipo.com.mx\/?s={search_term_string}"},"query-input":{"@type":"PropertyValueSpecification","valueRequired":true,"valueName":"search_term_string"}}],"inLanguage":"es"},{"@type":"Organization","@id":"https:\/\/www.sonoraenequipo.com.mx\/#organization","name":"Sonoraenequipo.com.mx","url":"https:\/\/www.sonoraenequipo.com.mx\/","logo":{"@type":"ImageObject","inLanguage":"es","@id":"https:\/\/www.sonoraenequipo.com.mx\/#\/schema\/logo\/image\/","url":"https:\/\/www.sonoraenequipo.com.mx\/storage\/2019\/01\/sonoraenequipo_opt.png","contentUrl":"https:\/\/www.sonoraenequipo.com.mx\/storage\/2019\/01\/sonoraenequipo_opt.png","width":375,"height":125,"caption":"Sonoraenequipo.com.mx"},"image":{"@id":"https:\/\/www.sonoraenequipo.com.mx\/#\/schema\/logo\/image\/"},"sameAs":["https:\/\/www.facebook.com\/SonoraEE\/","https:\/\/x.com\/sonoraenequipo","https:\/\/www.youtube.com\/channel\/UC338nW-lPEYmJQs4ZABQ1SQ"]},{"@type":"Person","@id":"https:\/\/www.sonoraenequipo.com.mx\/#\/schema\/person\/50102df0fb23a8fa9e8effad8fa81386","name":"enequipo","image":{"@type":"ImageObject","inLanguage":"es","@id":"https:\/\/www.sonoraenequipo.com.mx\/#\/schema\/person\/image\/","url":"https:\/\/secure.gravatar.com\/avatar\/049821681b589dabc0bc20695993ccebb09f5b5d4d790cd9251b97faac7c652b?s=96&d=blank&r=g","contentUrl":"https:\/\/secure.gravatar.com\/avatar\/049821681b589dabc0bc20695993ccebb09f5b5d4d790cd9251b97faac7c652b?s=96&d=blank&r=g","caption":"enequipo"},"sameAs":["https:\/\/www.facebook.com\/SonoraEE"]}]}},"jetpack_featured_media_url":"https:\/\/www.sonoraenequipo.com.mx\/storage\/2022\/04\/Ricardo-de-la-Cruz-Musalem.jpg","_links":{"self":[{"href":"https:\/\/www.sonoraenequipo.com.mx\/api\/wp\/v2\/posts\/136354","targetHints":{"allow":["GET"]}}],"collection":[{"href":"https:\/\/www.sonoraenequipo.com.mx\/api\/wp\/v2\/posts"}],"about":[{"href":"https:\/\/www.sonoraenequipo.com.mx\/api\/wp\/v2\/types\/post"}],"author":[{"embeddable":true,"href":"https:\/\/www.sonoraenequipo.com.mx\/api\/wp\/v2\/users\/1"}],"replies":[{"embeddable":true,"href":"https:\/\/www.sonoraenequipo.com.mx\/api\/wp\/v2\/comments?post=136354"}],"version-history":[{"count":1,"href":"https:\/\/www.sonoraenequipo.com.mx\/api\/wp\/v2\/posts\/136354\/revisions"}],"predecessor-version":[{"id":136356,"href":"https:\/\/www.sonoraenequipo.com.mx\/api\/wp\/v2\/posts\/136354\/revisions\/136356"}],"wp:featuredmedia":[{"embeddable":true,"href":"https:\/\/www.sonoraenequipo.com.mx\/api\/wp\/v2\/media\/136355"}],"wp:attachment":[{"href":"https:\/\/www.sonoraenequipo.com.mx\/api\/wp\/v2\/media?parent=136354"}],"wp:term":[{"taxonomy":"category","embeddable":true,"href":"https:\/\/www.sonoraenequipo.com.mx\/api\/wp\/v2\/categories?post=136354"},{"taxonomy":"post_tag","embeddable":true,"href":"https:\/\/www.sonoraenequipo.com.mx\/api\/wp\/v2\/tags?post=136354"}],"curies":[{"name":"wp","href":"https:\/\/api.w.org\/{rel}","templated":true}]}}