{"id":136427,"date":"2022-04-07T21:36:20","date_gmt":"2022-04-08T04:36:20","guid":{"rendered":"https:\/\/www.sonoraenequipo.com.mx\/?p=136427"},"modified":"2022-04-08T09:29:46","modified_gmt":"2022-04-08T16:29:46","slug":"aprueba-congreso-del-estado-medidas-para-proteger-a-adultos-mayores","status":"publish","type":"post","link":"https:\/\/www.sonoraenequipo.com.mx\/aprueba-congreso-del-estado-medidas-para-proteger-a-adultos-mayores\/","title":{"rendered":"Aprueba Congreso del Estado medidas para proteger a adultos mayores"},"content":{"rendered":"<p><strong>HERMOSILLO, SONORA. MX. \u2014<\/strong>\u00a0 Por los altos \u00edndices de violencia que sufren las personas adultas mayores, el Congreso del Estado aprob\u00f3 adiciones a la Ley que protege sus derechos, a efecto de clasificarla en violencia psicol\u00f3gica, f\u00edsica, patrimonial, econ\u00f3mica y sexual, para de esta manera, generar mayor seguridad y confianza en el proceso posterior a la presentaci\u00f3n de una denuncia.<\/p>\n<p>&nbsp;<\/p>\n<p> <\/p>\n<p>&nbsp;<\/p>\n<p>En esta sesi\u00f3n ordinaria tambi\u00e9n se aprob\u00f3 el Acuerdo de la mesa directiva, que resuelve enviar a publicaci\u00f3n en el Bolet\u00edn Oficial del Gobierno del Estado, la Ley n\u00famero 83, que reforma, deroga y adiciona diversas disposiciones de la Constituci\u00f3n Pol\u00edtica del Estado de Sonora, al haber sido aprobada por 39 ayuntamientos.<\/p>\n<p>&nbsp;<\/p>\n<p>&nbsp;<\/p>\n<p>Contiene cambios para que los organismos constitucionalmente aut\u00f3nomos cuenten con \u00f3rganos internos de control designados por el Congreso del Estado, con el prop\u00f3sito de garantizar plena autonom\u00eda en el control interno en cuanto al desarrollo administrativo, control gubernamental, participaci\u00f3n social, vinculaci\u00f3n, transparencia y combate a la corrupci\u00f3n.<\/p>\n<p>&nbsp;<\/p>\n<p>&nbsp;<\/p>\n<p>Se trata del Instituto Sonorense de Transparencia, Acceso a la Informaci\u00f3n y Protecci\u00f3n de Datos Personales, ISTAI; el Instituto Estatal Electoral y de Participaci\u00f3n Ciudadana; el Tribunal de Justicia Administrativa; y el Instituto Superior de Auditor\u00eda y Fiscalizaci\u00f3n, ISAF, los que, adem\u00e1s de regirse por los principios de certeza, legalidad, independencia, imparcialidad, eficacia, objetividad, profesionalismo, transparencia y m\u00e1xima publicidad, contar\u00e1n con un \u00f3rgano que se integrar\u00e1 por \u00e1reas de auditor\u00eda interna, investigaci\u00f3n y substanciaci\u00f3n.<\/p>\n<p>&nbsp;<\/p>\n<p>&nbsp;<\/p>\n<p>La Ley n\u00famero 83 tambi\u00e9n incluye lo siguiente: se suprime el Consejo de Transporte P\u00fablico Sustentable; se regula la remuneraci\u00f3n de los servidores p\u00fablicos; se modifican los plazos del ejercicio de distintos cargos de la administraci\u00f3n p\u00fablica, entre estos el de Fiscal General de Justicia, que ser\u00e1 de seis a\u00f1os, al igual que los fiscales especializados y el titular del ISAF.<\/p>\n<p>&nbsp;<\/p>\n<p>&nbsp;<\/p>\n<p>En el siguiente punto del orden del d\u00eda sigui\u00f3 la presentaci\u00f3n del proyecto de Decreto que adiciona la fracci\u00f3n XIII al Art\u00edculo 5, adiciona el Art\u00edculo 5 BIS y reforma la fracci\u00f3n IV del Art\u00edculo 12 a la Ley de los derechos de las personas adultas mayores del Estado de Sonora, mismo que fue aprobado como de urgente y obvia resoluci\u00f3n por unanimidad.<\/p>\n<p>&nbsp;<\/p>\n<p>&nbsp;<\/p>\n<p>En su exposici\u00f3n de motivos establece que debe modificarse la norma para que, a los denunciantes de cualquier tipo de violencia generado en contra de un adulto mayor, as\u00ed como a las v\u00edctimas, se les asigne un representante legal sin costo alguno, desde el inicio hasta la conclusi\u00f3n del proceso.<\/p>\n<p>&nbsp;<\/p>\n<p>&nbsp;<\/p>\n<p><em>\u201cCon esto se generar\u00e1 mayor seguridad y confianza durante todo el ejercicio de este proceso, sin temor de que la autoridad los dejar\u00e1 de lado, para no poner en riesgo la protecci\u00f3n y el aseguramiento de los derechos de los adultos mayores. Tambi\u00e9n se requiere considerar aspectos sociales y psicol\u00f3gico, ya que se calcula que entre 20 y 30 por ciento de los adultos mayores sufre violencia psicol\u00f3gica, econ\u00f3mica, sexual, f\u00edsica o abandono\u201d<\/em>, destaca.<\/p>\n<p>&nbsp;<\/p>\n<h3>Aprueban acuerdos y turnan iniciativa<\/h3>\n<p>&nbsp;<\/p>\n<p>En esta sesi\u00f3n ordinaria, el Pleno aprob\u00f3 dos acuerdos, el primero que resuelve exhortar al Ayuntamiento de Puerto Pe\u00f1asco, Sonora, para que, en los predios ejidales y comunales del Municipio, en cuanto al cobro del Impuesto Predial, se aplique lo dispuesto para el Predial Ejidal establecido en el Art\u00edculo 20 de la Ley de Ingresos y Presupuesto de Ingresos de dicho \u00f3rgano de gobierno para el ejercicio fiscal 2022, a fin de que solo se cobren 109 pesos por hect\u00e1rea.<\/p>\n<p>&nbsp;<\/p>\n<p>&nbsp;<\/p>\n<p>Tambi\u00e9n para que realice las devoluciones de impuestos por los cobros indebidos e ilegales, cuando se aplic\u00f3 el cobro del Impuesto Predial, en virtud de que deber\u00eda haberse realizado dicho cobro por concepto de Predial Ejidal y a efecto de que no incurran en responsabilidades.<\/p>\n<p>&nbsp;<\/p>\n<p>&nbsp;<\/p>\n<p>El segundo Acuerdo resuelve exhortar al titular de la Comisi\u00f3n Nacional del Agua, CONAGUA, a efecto de que sea considerado el Estado de Sonora dentro del Acuerdo de car\u00e1cter general que en su momento sea emitido, respecto del inicio de emergencia por ocurrencia de sequ\u00eda severa, extrema o excepcional para el presente ejercicio fiscal, a fin de garantizar el abasto de agua.<\/p>\n<p>&nbsp;<\/p>\n<p>&nbsp;<\/p>\n<p>Agrega que, adem\u00e1s de las campa\u00f1as de educaci\u00f3n para el cuidado y aprovechamiento del agua que se difunden entre la ciudadan\u00eda, es necesario establecer un esfuerzo conjunto con los grandes usuarios de aguas nacionales, los cuales no solo deben desaprovechar el recurso h\u00eddrico hasta la \u00faltima gota, sino ser apoyados cuando se presenten casos de sequ\u00eda extrema, como lo es el caso de Sonora.<\/p>\n<p>&nbsp;<\/p>\n<p>&nbsp;<\/p>\n<p>En esta plenaria, la Presidencia turn\u00f3 a la Comisi\u00f3n de los Derechos de la Ni\u00f1ez, la Adolescencia y la Juventud, una iniciativa con proyecto de ley para la detecci\u00f3n y tratamiento oportuno e integral del c\u00e1ncer en la infancia y en la adolescencia del Estado de Sonora, como una homologaci\u00f3n con la Ley General para la detecci\u00f3n oportuna del c\u00e1ncer en la infancia y la adolescencia, publicada en el Diario Oficial de la Federaci\u00f3n el 7 de enero de 2021.<\/p>\n<p>&nbsp;<\/p>\n<p>&nbsp;<\/p>\n<p>Tiene por objeto establecer, dentro de las dependencias de la administraci\u00f3n p\u00fablica del Sistema Nacional de Salud, las medidas necesarias para garantizar la atenci\u00f3n integral y universal de las ni\u00f1as, ni\u00f1os y adolescentes menores de 18 a\u00f1os, con sospecha o diagn\u00f3stico de c\u00e1ncer, para lo cual se establecen estrategias prioritarias como: diagn\u00f3stico temprano; acceso efectivo a tratamientos oportunos y de calidad; capacidad continua al personal de salud; disminuci\u00f3n del abandono de tratamientos; y contar con un registro fidedigno y completo de los casos.<\/p>\n<p>&nbsp;<\/p>\n<p>&nbsp;<\/p>\n<p>En el pen\u00faltimo punto del orden del d\u00eda, la asamblea aprob\u00f3 el dictamen presentado por la Comisi\u00f3n de Bienestar Social, con punto de Acuerdo mediante el cual el Congreso del Estado resuelve que son improcedentes las iniciativas contenidas en los folios 19, 35, 209, 665, 702 y mil 594, pertenecientes a la LXII Legislatura.<\/p>\n<p>&nbsp;<\/p>\n<p>&nbsp;<\/p>\n<p>(Publicada el 07\/04\/2022)<\/p>\n","protected":false},"excerpt":{"rendered":"<p>HERMOSILLO, SONORA. MX. \u2014\u00a0 Por los altos \u00edndices de violencia que sufren las personas adultas&#8230;<\/p>\n","protected":false},"author":1,"featured_media":136428,"comment_status":"open","ping_status":"open","sticky":false,"template":"","format":"standard","meta":{"_monsterinsights_skip_tracking":false,"_monsterinsights_sitenote_active":false,"_monsterinsights_sitenote_note":"","_monsterinsights_sitenote_category":0,"footnotes":""},"categories":[3281],"tags":[],"class_list":["post"],"yoast_head":" \n<title>Sonora en Equipo. Aprueba Congreso del Estado medidas para proteger a adultos mayores Congreso<\/title>\n<meta name=\"description\" content=\"HERMOSILLO, SONORA. MX. \u2014\u00a0 Por los altos \u00edndices de violencia que sufren las personas adultas mayores, el Congreso del Estado aprob\u00f3 adiciones a la Ley En Sonora en Equipo publicamos toda la informaci\u00f3n de Sonora, M\u00e9xico y el Mundo de manera oportuna y busca que la libertad de expresi\u00f3n sea real. Visita nuestro medio informativo publicado desde Hermosillo, Sonora. %\" \/>\n<meta name=\"robots\" content=\"index, follow, max-snippet:-1, max-image-preview:large, max-video-preview:-1\" \/>\n<link rel=\"canonical\" href=\"https:\/\/www.sonoraenequipo.com.mx\/aprueba-congreso-del-estado-medidas-para-proteger-a-adultos-mayores\/\" \/>\n<meta property=\"og:locale\" content=\"es_ES\" \/>\n<meta property=\"og:type\" content=\"article\" \/>\n<meta property=\"og:title\" content=\"Sonora en Equipo. Aprueba Congreso del Estado medidas para proteger a adultos mayores Congreso\" \/>\n<meta property=\"og:description\" content=\"HERMOSILLO, SONORA. MX. \u2014\u00a0 Por los altos \u00edndices de violencia que sufren las personas adultas mayores, el Congreso del Estado aprob\u00f3 adiciones a la Ley En Sonora en Equipo publicamos toda la informaci\u00f3n de Sonora, M\u00e9xico y el Mundo de manera oportuna y busca que la libertad de expresi\u00f3n sea real. Visita nuestro medio informativo publicado desde Hermosillo, Sonora. %\" \/>\n<meta property=\"og:url\" content=\"https:\/\/www.sonoraenequipo.com.mx\/aprueba-congreso-del-estado-medidas-para-proteger-a-adultos-mayores\/\" \/>\n<meta property=\"og:site_name\" content=\"Sonora en Equipo.\" \/>\n<meta property=\"article:publisher\" content=\"https:\/\/www.facebook.com\/SonoraEE\/\" \/>\n<meta property=\"article:author\" content=\"https:\/\/www.facebook.com\/SonoraEE\" \/>\n<meta property=\"article:published_time\" content=\"2022-04-08T04:36:20+00:00\" \/>\n<meta property=\"article:modified_time\" content=\"2022-04-08T16:29:46+00:00\" \/>\n<meta property=\"og:image\" content=\"https:\/\/www.sonoraenequipo.com.mx\/storage\/2022\/04\/congreso-de-sonora-1.jpg\" \/>\n\t<meta property=\"og:image:width\" content=\"700\" \/>\n\t<meta property=\"og:image:height\" content=\"400\" \/>\n\t<meta property=\"og:image:type\" content=\"image\/jpeg\" \/>\n<meta name=\"author\" content=\"enequipo\" \/>\n<meta name=\"twitter:card\" content=\"summary_large_image\" \/>\n<meta name=\"twitter:creator\" content=\"@sonoraenequipo\" \/>\n<meta name=\"twitter:site\" content=\"@sonoraenequipo\" \/>\n<meta name=\"twitter:label1\" content=\"Escrito por\" \/>\n\t<meta name=\"twitter:data1\" content=\"enequipo\" \/>\n\t<meta name=\"twitter:label2\" content=\"Tiempo de lectura\" \/>\n\t<meta name=\"twitter:data2\" content=\"5 minutos\" \/>\n<script type=\"application\/ld+json\" class=\"yoast-schema-graph\">{\"@context\":\"https:\/\/schema.org\",\"@graph\":[{\"@type\":\"Article\",\"@id\":\"https:\/\/www.sonoraenequipo.com.mx\/aprueba-congreso-del-estado-medidas-para-proteger-a-adultos-mayores\/#article\",\"isPartOf\":{\"@id\":\"https:\/\/www.sonoraenequipo.com.mx\/aprueba-congreso-del-estado-medidas-para-proteger-a-adultos-mayores\/\"},\"author\":{\"name\":\"enequipo\",\"@id\":\"https:\/\/www.sonoraenequipo.com.mx\/#\/schema\/person\/50102df0fb23a8fa9e8effad8fa81386\"},\"headline\":\"Aprueba Congreso del Estado medidas para proteger a adultos mayores\",\"datePublished\":\"2022-04-08T04:36:20+00:00\",\"dateModified\":\"2022-04-08T16:29:46+00:00\",\"mainEntityOfPage\":{\"@id\":\"https:\/\/www.sonoraenequipo.com.mx\/aprueba-congreso-del-estado-medidas-para-proteger-a-adultos-mayores\/\"},\"wordCount\":1064,\"commentCount\":0,\"publisher\":{\"@id\":\"https:\/\/www.sonoraenequipo.com.mx\/#organization\"},\"image\":{\"@id\":\"https:\/\/www.sonoraenequipo.com.mx\/aprueba-congreso-del-estado-medidas-para-proteger-a-adultos-mayores\/#primaryimage\"},\"thumbnailUrl\":\"https:\/\/www.sonoraenequipo.com.mx\/storage\/2022\/04\/congreso-de-sonora-1.jpg\",\"articleSection\":[\"Congreso\"],\"inLanguage\":\"es\",\"potentialAction\":[{\"@type\":\"CommentAction\",\"name\":\"Comment\",\"target\":[\"https:\/\/www.sonoraenequipo.com.mx\/aprueba-congreso-del-estado-medidas-para-proteger-a-adultos-mayores\/#respond\"]}]},{\"@type\":\"WebPage\",\"@id\":\"https:\/\/www.sonoraenequipo.com.mx\/aprueba-congreso-del-estado-medidas-para-proteger-a-adultos-mayores\/\",\"url\":\"https:\/\/www.sonoraenequipo.com.mx\/aprueba-congreso-del-estado-medidas-para-proteger-a-adultos-mayores\/\",\"name\":\"Sonora en Equipo. Aprueba Congreso del Estado medidas para proteger a adultos mayores Congreso\",\"isPartOf\":{\"@id\":\"https:\/\/www.sonoraenequipo.com.mx\/#website\"},\"primaryImageOfPage\":{\"@id\":\"https:\/\/www.sonoraenequipo.com.mx\/aprueba-congreso-del-estado-medidas-para-proteger-a-adultos-mayores\/#primaryimage\"},\"image\":{\"@id\":\"https:\/\/www.sonoraenequipo.com.mx\/aprueba-congreso-del-estado-medidas-para-proteger-a-adultos-mayores\/#primaryimage\"},\"thumbnailUrl\":\"https:\/\/www.sonoraenequipo.com.mx\/storage\/2022\/04\/congreso-de-sonora-1.jpg\",\"datePublished\":\"2022-04-08T04:36:20+00:00\",\"dateModified\":\"2022-04-08T16:29:46+00:00\",\"description\":\"HERMOSILLO, SONORA. MX. \u2014\u00a0 Por los altos \u00edndices de violencia que sufren las personas adultas mayores, el Congreso del Estado aprob\u00f3 adiciones a la Ley En Sonora en Equipo publicamos toda la informaci\u00f3n de Sonora, M\u00e9xico y el Mundo de manera oportuna y busca que la libertad de expresi\u00f3n sea real. Visita nuestro medio informativo publicado desde Hermosillo, Sonora. %\",\"breadcrumb\":{\"@id\":\"https:\/\/www.sonoraenequipo.com.mx\/aprueba-congreso-del-estado-medidas-para-proteger-a-adultos-mayores\/#breadcrumb\"},\"inLanguage\":\"es\",\"potentialAction\":[{\"@type\":\"ReadAction\",\"target\":[\"https:\/\/www.sonoraenequipo.com.mx\/aprueba-congreso-del-estado-medidas-para-proteger-a-adultos-mayores\/\"]}]},{\"@type\":\"ImageObject\",\"inLanguage\":\"es\",\"@id\":\"https:\/\/www.sonoraenequipo.com.mx\/aprueba-congreso-del-estado-medidas-para-proteger-a-adultos-mayores\/#primaryimage\",\"url\":\"https:\/\/www.sonoraenequipo.com.mx\/storage\/2022\/04\/congreso-de-sonora-1.jpg\",\"contentUrl\":\"https:\/\/www.sonoraenequipo.com.mx\/storage\/2022\/04\/congreso-de-sonora-1.jpg\",\"width\":700,\"height\":400},{\"@type\":\"BreadcrumbList\",\"@id\":\"https:\/\/www.sonoraenequipo.com.mx\/aprueba-congreso-del-estado-medidas-para-proteger-a-adultos-mayores\/#breadcrumb\",\"itemListElement\":[{\"@type\":\"ListItem\",\"position\":1,\"name\":\"Portada\",\"item\":\"https:\/\/www.sonoraenequipo.com.mx\/\"},{\"@type\":\"ListItem\",\"position\":2,\"name\":\"Aprueba Congreso del Estado medidas para proteger a adultos mayores\"}]},{\"@type\":\"WebSite\",\"@id\":\"https:\/\/www.sonoraenequipo.com.mx\/#website\",\"url\":\"https:\/\/www.sonoraenequipo.com.mx\/\",\"name\":\"Sonora en Equipo.\",\"description\":\"Diario en l\u00ednea con Noticias desde Hermosillo, Sonora\",\"publisher\":{\"@id\":\"https:\/\/www.sonoraenequipo.com.mx\/#organization\"},\"potentialAction\":[{\"@type\":\"SearchAction\",\"target\":{\"@type\":\"EntryPoint\",\"urlTemplate\":\"https:\/\/www.sonoraenequipo.com.mx\/?s={search_term_string}\"},\"query-input\":{\"@type\":\"PropertyValueSpecification\",\"valueRequired\":true,\"valueName\":\"search_term_string\"}}],\"inLanguage\":\"es\"},{\"@type\":\"Organization\",\"@id\":\"https:\/\/www.sonoraenequipo.com.mx\/#organization\",\"name\":\"Sonoraenequipo.com.mx\",\"url\":\"https:\/\/www.sonoraenequipo.com.mx\/\",\"logo\":{\"@type\":\"ImageObject\",\"inLanguage\":\"es\",\"@id\":\"https:\/\/www.sonoraenequipo.com.mx\/#\/schema\/logo\/image\/\",\"url\":\"https:\/\/www.sonoraenequipo.com.mx\/storage\/2019\/01\/sonoraenequipo_opt.png\",\"contentUrl\":\"https:\/\/www.sonoraenequipo.com.mx\/storage\/2019\/01\/sonoraenequipo_opt.png\",\"width\":375,\"height\":125,\"caption\":\"Sonoraenequipo.com.mx\"},\"image\":{\"@id\":\"https:\/\/www.sonoraenequipo.com.mx\/#\/schema\/logo\/image\/\"},\"sameAs\":[\"https:\/\/www.facebook.com\/SonoraEE\/\",\"https:\/\/x.com\/sonoraenequipo\",\"https:\/\/www.youtube.com\/channel\/UC338nW-lPEYmJQs4ZABQ1SQ\"]},{\"@type\":\"Person\",\"@id\":\"https:\/\/www.sonoraenequipo.com.mx\/#\/schema\/person\/50102df0fb23a8fa9e8effad8fa81386\",\"name\":\"enequipo\",\"image\":{\"@type\":\"ImageObject\",\"inLanguage\":\"es\",\"@id\":\"https:\/\/www.sonoraenequipo.com.mx\/#\/schema\/person\/image\/\",\"url\":\"https:\/\/secure.gravatar.com\/avatar\/049821681b589dabc0bc20695993ccebb09f5b5d4d790cd9251b97faac7c652b?s=96&d=blank&r=g\",\"contentUrl\":\"https:\/\/secure.gravatar.com\/avatar\/049821681b589dabc0bc20695993ccebb09f5b5d4d790cd9251b97faac7c652b?s=96&d=blank&r=g\",\"caption\":\"enequipo\"},\"sameAs\":[\"https:\/\/www.facebook.com\/SonoraEE\"]}]}<\/script>\n ","yoast_head_json":{"title":"Sonora en Equipo. Aprueba Congreso del Estado medidas para proteger a adultos mayores Congreso","description":"HERMOSILLO, SONORA. MX. \u2014\u00a0 Por los altos \u00edndices de violencia que sufren las personas adultas mayores, el Congreso del Estado aprob\u00f3 adiciones a la Ley En Sonora en Equipo publicamos toda la informaci\u00f3n de Sonora, M\u00e9xico y el Mundo de manera oportuna y busca que la libertad de expresi\u00f3n sea real. Visita nuestro medio informativo publicado desde Hermosillo, Sonora. %","robots":{"index":"index","follow":"follow","max-snippet":"max-snippet:-1","max-image-preview":"max-image-preview:large","max-video-preview":"max-video-preview:-1"},"canonical":"https:\/\/www.sonoraenequipo.com.mx\/aprueba-congreso-del-estado-medidas-para-proteger-a-adultos-mayores\/","og_locale":"es_ES","og_type":"article","og_title":"Sonora en Equipo. Aprueba Congreso del Estado medidas para proteger a adultos mayores Congreso","og_description":"HERMOSILLO, SONORA. MX. \u2014\u00a0 Por los altos \u00edndices de violencia que sufren las personas adultas mayores, el Congreso del Estado aprob\u00f3 adiciones a la Ley En Sonora en Equipo publicamos toda la informaci\u00f3n de Sonora, M\u00e9xico y el Mundo de manera oportuna y busca que la libertad de expresi\u00f3n sea real. Visita nuestro medio informativo publicado desde Hermosillo, Sonora. %","og_url":"https:\/\/www.sonoraenequipo.com.mx\/aprueba-congreso-del-estado-medidas-para-proteger-a-adultos-mayores\/","og_site_name":"Sonora en Equipo.","article_publisher":"https:\/\/www.facebook.com\/SonoraEE\/","article_author":"https:\/\/www.facebook.com\/SonoraEE","article_published_time":"2022-04-08T04:36:20+00:00","article_modified_time":"2022-04-08T16:29:46+00:00","og_image":[{"width":700,"height":400,"url":"https:\/\/www.sonoraenequipo.com.mx\/storage\/2022\/04\/congreso-de-sonora-1.jpg","type":"image\/jpeg"}],"author":"enequipo","twitter_card":"summary_large_image","twitter_creator":"@sonoraenequipo","twitter_site":"@sonoraenequipo","twitter_misc":{"Escrito por":"enequipo","Tiempo de lectura":"5 minutos"},"schema":{"@context":"https:\/\/schema.org","@graph":[{"@type":"Article","@id":"https:\/\/www.sonoraenequipo.com.mx\/aprueba-congreso-del-estado-medidas-para-proteger-a-adultos-mayores\/#article","isPartOf":{"@id":"https:\/\/www.sonoraenequipo.com.mx\/aprueba-congreso-del-estado-medidas-para-proteger-a-adultos-mayores\/"},"author":{"name":"enequipo","@id":"https:\/\/www.sonoraenequipo.com.mx\/#\/schema\/person\/50102df0fb23a8fa9e8effad8fa81386"},"headline":"Aprueba Congreso del Estado medidas para proteger a adultos mayores","datePublished":"2022-04-08T04:36:20+00:00","dateModified":"2022-04-08T16:29:46+00:00","mainEntityOfPage":{"@id":"https:\/\/www.sonoraenequipo.com.mx\/aprueba-congreso-del-estado-medidas-para-proteger-a-adultos-mayores\/"},"wordCount":1064,"commentCount":0,"publisher":{"@id":"https:\/\/www.sonoraenequipo.com.mx\/#organization"},"image":{"@id":"https:\/\/www.sonoraenequipo.com.mx\/aprueba-congreso-del-estado-medidas-para-proteger-a-adultos-mayores\/#primaryimage"},"thumbnailUrl":"https:\/\/www.sonoraenequipo.com.mx\/storage\/2022\/04\/congreso-de-sonora-1.jpg","articleSection":["Congreso"],"inLanguage":"es","potentialAction":[{"@type":"CommentAction","name":"Comment","target":["https:\/\/www.sonoraenequipo.com.mx\/aprueba-congreso-del-estado-medidas-para-proteger-a-adultos-mayores\/#respond"]}]},{"@type":"WebPage","@id":"https:\/\/www.sonoraenequipo.com.mx\/aprueba-congreso-del-estado-medidas-para-proteger-a-adultos-mayores\/","url":"https:\/\/www.sonoraenequipo.com.mx\/aprueba-congreso-del-estado-medidas-para-proteger-a-adultos-mayores\/","name":"Sonora en Equipo. Aprueba Congreso del Estado medidas para proteger a adultos mayores Congreso","isPartOf":{"@id":"https:\/\/www.sonoraenequipo.com.mx\/#website"},"primaryImageOfPage":{"@id":"https:\/\/www.sonoraenequipo.com.mx\/aprueba-congreso-del-estado-medidas-para-proteger-a-adultos-mayores\/#primaryimage"},"image":{"@id":"https:\/\/www.sonoraenequipo.com.mx\/aprueba-congreso-del-estado-medidas-para-proteger-a-adultos-mayores\/#primaryimage"},"thumbnailUrl":"https:\/\/www.sonoraenequipo.com.mx\/storage\/2022\/04\/congreso-de-sonora-1.jpg","datePublished":"2022-04-08T04:36:20+00:00","dateModified":"2022-04-08T16:29:46+00:00","description":"HERMOSILLO, SONORA. MX. \u2014\u00a0 Por los altos \u00edndices de violencia que sufren las personas adultas mayores, el Congreso del Estado aprob\u00f3 adiciones a la Ley En Sonora en Equipo publicamos toda la informaci\u00f3n de Sonora, M\u00e9xico y el Mundo de manera oportuna y busca que la libertad de expresi\u00f3n sea real. Visita nuestro medio informativo publicado desde Hermosillo, Sonora. %","breadcrumb":{"@id":"https:\/\/www.sonoraenequipo.com.mx\/aprueba-congreso-del-estado-medidas-para-proteger-a-adultos-mayores\/#breadcrumb"},"inLanguage":"es","potentialAction":[{"@type":"ReadAction","target":["https:\/\/www.sonoraenequipo.com.mx\/aprueba-congreso-del-estado-medidas-para-proteger-a-adultos-mayores\/"]}]},{"@type":"ImageObject","inLanguage":"es","@id":"https:\/\/www.sonoraenequipo.com.mx\/aprueba-congreso-del-estado-medidas-para-proteger-a-adultos-mayores\/#primaryimage","url":"https:\/\/www.sonoraenequipo.com.mx\/storage\/2022\/04\/congreso-de-sonora-1.jpg","contentUrl":"https:\/\/www.sonoraenequipo.com.mx\/storage\/2022\/04\/congreso-de-sonora-1.jpg","width":700,"height":400},{"@type":"BreadcrumbList","@id":"https:\/\/www.sonoraenequipo.com.mx\/aprueba-congreso-del-estado-medidas-para-proteger-a-adultos-mayores\/#breadcrumb","itemListElement":[{"@type":"ListItem","position":1,"name":"Portada","item":"https:\/\/www.sonoraenequipo.com.mx\/"},{"@type":"ListItem","position":2,"name":"Aprueba Congreso del Estado medidas para proteger a adultos mayores"}]},{"@type":"WebSite","@id":"https:\/\/www.sonoraenequipo.com.mx\/#website","url":"https:\/\/www.sonoraenequipo.com.mx\/","name":"Sonora en Equipo.","description":"Diario en l\u00ednea con Noticias desde Hermosillo, Sonora","publisher":{"@id":"https:\/\/www.sonoraenequipo.com.mx\/#organization"},"potentialAction":[{"@type":"SearchAction","target":{"@type":"EntryPoint","urlTemplate":"https:\/\/www.sonoraenequipo.com.mx\/?s={search_term_string}"},"query-input":{"@type":"PropertyValueSpecification","valueRequired":true,"valueName":"search_term_string"}}],"inLanguage":"es"},{"@type":"Organization","@id":"https:\/\/www.sonoraenequipo.com.mx\/#organization","name":"Sonoraenequipo.com.mx","url":"https:\/\/www.sonoraenequipo.com.mx\/","logo":{"@type":"ImageObject","inLanguage":"es","@id":"https:\/\/www.sonoraenequipo.com.mx\/#\/schema\/logo\/image\/","url":"https:\/\/www.sonoraenequipo.com.mx\/storage\/2019\/01\/sonoraenequipo_opt.png","contentUrl":"https:\/\/www.sonoraenequipo.com.mx\/storage\/2019\/01\/sonoraenequipo_opt.png","width":375,"height":125,"caption":"Sonoraenequipo.com.mx"},"image":{"@id":"https:\/\/www.sonoraenequipo.com.mx\/#\/schema\/logo\/image\/"},"sameAs":["https:\/\/www.facebook.com\/SonoraEE\/","https:\/\/x.com\/sonoraenequipo","https:\/\/www.youtube.com\/channel\/UC338nW-lPEYmJQs4ZABQ1SQ"]},{"@type":"Person","@id":"https:\/\/www.sonoraenequipo.com.mx\/#\/schema\/person\/50102df0fb23a8fa9e8effad8fa81386","name":"enequipo","image":{"@type":"ImageObject","inLanguage":"es","@id":"https:\/\/www.sonoraenequipo.com.mx\/#\/schema\/person\/image\/","url":"https:\/\/secure.gravatar.com\/avatar\/049821681b589dabc0bc20695993ccebb09f5b5d4d790cd9251b97faac7c652b?s=96&d=blank&r=g","contentUrl":"https:\/\/secure.gravatar.com\/avatar\/049821681b589dabc0bc20695993ccebb09f5b5d4d790cd9251b97faac7c652b?s=96&d=blank&r=g","caption":"enequipo"},"sameAs":["https:\/\/www.facebook.com\/SonoraEE"]}]}},"jetpack_featured_media_url":"https:\/\/www.sonoraenequipo.com.mx\/storage\/2022\/04\/congreso-de-sonora-1.jpg","_links":{"self":[{"href":"https:\/\/www.sonoraenequipo.com.mx\/api\/wp\/v2\/posts\/136427","targetHints":{"allow":["GET"]}}],"collection":[{"href":"https:\/\/www.sonoraenequipo.com.mx\/api\/wp\/v2\/posts"}],"about":[{"href":"https:\/\/www.sonoraenequipo.com.mx\/api\/wp\/v2\/types\/post"}],"author":[{"embeddable":true,"href":"https:\/\/www.sonoraenequipo.com.mx\/api\/wp\/v2\/users\/1"}],"replies":[{"embeddable":true,"href":"https:\/\/www.sonoraenequipo.com.mx\/api\/wp\/v2\/comments?post=136427"}],"version-history":[{"count":1,"href":"https:\/\/www.sonoraenequipo.com.mx\/api\/wp\/v2\/posts\/136427\/revisions"}],"predecessor-version":[{"id":136429,"href":"https:\/\/www.sonoraenequipo.com.mx\/api\/wp\/v2\/posts\/136427\/revisions\/136429"}],"wp:featuredmedia":[{"embeddable":true,"href":"https:\/\/www.sonoraenequipo.com.mx\/api\/wp\/v2\/media\/136428"}],"wp:attachment":[{"href":"https:\/\/www.sonoraenequipo.com.mx\/api\/wp\/v2\/media?parent=136427"}],"wp:term":[{"taxonomy":"category","embeddable":true,"href":"https:\/\/www.sonoraenequipo.com.mx\/api\/wp\/v2\/categories?post=136427"},{"taxonomy":"post_tag","embeddable":true,"href":"https:\/\/www.sonoraenequipo.com.mx\/api\/wp\/v2\/tags?post=136427"}],"curies":[{"name":"wp","href":"https:\/\/api.w.org\/{rel}","templated":true}]}}