{"id":136438,"date":"2022-04-08T07:00:25","date_gmt":"2022-04-08T14:00:25","guid":{"rendered":"https:\/\/www.sonoraenequipo.com.mx\/?p=136438"},"modified":"2022-04-08T10:04:23","modified_gmt":"2022-04-08T17:04:23","slug":"beneficia-dif-sonora-a-348-hermosillenses-con-discapacidad-mediante-entrega-de-estimulos-economicos","status":"publish","type":"post","link":"https:\/\/www.sonoraenequipo.com.mx\/beneficia-dif-sonora-a-348-hermosillenses-con-discapacidad-mediante-entrega-de-estimulos-economicos\/","title":{"rendered":"Beneficia DIF Sonora a 348 hermosillenses con discapacidad mediante entrega de est\u00edmulos econ\u00f3micos"},"content":{"rendered":"<p><strong>HERMOSILLO, SONORA. MX. \u2014<\/strong> En el D\u00eda Mundial de la Salud, el Sistema para el Desarrollo Integral de la Familia del Estado de Sonora (DIF), entreg\u00f3 348 est\u00edmulos econ\u00f3micos a personas con discapacidad de Hermosillo, lo cual representa en conjunto m\u00e1s de un mill\u00f3n de pesos en apoyos.<\/p>\n<p>&nbsp;<\/p>\n<p> <\/p>\n<p>Dichos est\u00edmulos econ\u00f3micos fueron entregados por la presidenta honoraria de DIF Sonora, Mar\u00eda del Roc\u00edo Chavez Murillo y la directora del DIF Sonora, Lorenia Iveth Valles Sampedro, quienes a su vez fueron acompa\u00f1adas por la presidenta del DIF Hermosillo, Patricia Ruibal, el director de atenci\u00f3n a personas con discapacidad de DIF Sonora, el F\u00e9lix Higuera Romero y el joven Jes\u00fas Manuel Ortiz, beneficiario del programa de est\u00edmulos econ\u00f3micos deportivos.<\/p>\n<p>&nbsp;<\/p>\n<p>Durante el mensaje de bienvenida que ofreci\u00f3 la directora de DIF Sonora, Lorenia Valles precis\u00f3 que garantizar la asistencia social a las personas m\u00e1s vulnerables es un componente esencial del derecho a la salud, que hoy se conmemora a nivel internacional.<\/p>\n<p>&nbsp;<\/p>\n<p>\u201cEl gobernador Alfonso Durazo es muy claro cuando dice que en su gobierno las oportunidades ser\u00e1n para todas y todos, independientemente de las condiciones personales o sociales de cada quien\u201d expres\u00f3 Valles Sampedro.<\/p>\n<p>&nbsp;<\/p>\n<p>Los est\u00edmulos econ\u00f3micos van desde apoyos educativos, deportivos, y de capacitaci\u00f3n laboral, hasta la atenci\u00f3n de la primera infancia y especiales, para aquellas personas cuya discapacidad no les permite realizar actividades educativas, laborales y deportivas.<\/p>\n<p>&nbsp;<\/p>\n<p>Por otra parte, la presidenta honoraria de DIF Sonora, Roc\u00edo Ch\u00e1vez Murillo, reafirmo su compromiso en la atenci\u00f3n a personas con discapacidad, y record\u00f3 que el pasado s\u00e1bado se hizo entrega de est\u00edmulos econ\u00f3micos a 911 sonorenses originarios de diversos municipios, sumando as\u00ed casi tres millones de pesos para personas que viven con alguna discapacidad.<\/p>\n<p>&nbsp;<\/p>\n<p>\u201cEste hecho demuestra nuestro compromiso con la inclusi\u00f3n social y el bienestar de las personas con discapacidad, a quienes se les facilitan los medios para participar en actividades educativas, laborales, deportivas o de la salud\u201d, finaliz\u00f3<\/p>\n<p>&nbsp;<\/p>\n<p>&nbsp;<\/p>\n<p>(Publicada el 07\/04\/2022 \/Con informaci\u00f3n de GOBSON 0422-053)<\/p>\n","protected":false},"excerpt":{"rendered":"<p>HERMOSILLO, SONORA. MX. \u2014 En el D\u00eda Mundial de la Salud, el Sistema para el&#8230;<\/p>\n","protected":false},"author":1,"featured_media":136421,"comment_status":"open","ping_status":"open","sticky":false,"template":"","format":"standard","meta":{"_monsterinsights_skip_tracking":false,"_monsterinsights_sitenote_active":false,"_monsterinsights_sitenote_note":"","_monsterinsights_sitenote_category":0,"footnotes":""},"categories":[22],"tags":[],"class_list":["post"],"yoast_head":" \n<title>Sonora en Equipo. Beneficia DIF Sonora a 348 hermosillenses con discapacidad mediante entrega de est\u00edmulos econ\u00f3micos Sonora<\/title>\n<meta name=\"description\" content=\"HERMOSILLO, SONORA. MX. \u2014 En el D\u00eda Mundial de la Salud, el Sistema para el Desarrollo Integral de la Familia del Estado de Sonora (DIF), entreg\u00f3 348 En Sonora en Equipo publicamos toda la informaci\u00f3n de Sonora, M\u00e9xico y el Mundo de manera oportuna y busca que la libertad de expresi\u00f3n sea real. Visita nuestro medio informativo publicado desde Hermosillo, Sonora. %\" \/>\n<meta name=\"robots\" content=\"index, follow, max-snippet:-1, max-image-preview:large, max-video-preview:-1\" \/>\n<link rel=\"canonical\" href=\"https:\/\/www.sonoraenequipo.com.mx\/beneficia-dif-sonora-a-348-hermosillenses-con-discapacidad-mediante-entrega-de-estimulos-economicos\/\" \/>\n<meta property=\"og:locale\" content=\"es_ES\" \/>\n<meta property=\"og:type\" content=\"article\" \/>\n<meta property=\"og:title\" content=\"Sonora en Equipo. Beneficia DIF Sonora a 348 hermosillenses con discapacidad mediante entrega de est\u00edmulos econ\u00f3micos Sonora\" \/>\n<meta property=\"og:description\" content=\"HERMOSILLO, SONORA. MX. \u2014 En el D\u00eda Mundial de la Salud, el Sistema para el Desarrollo Integral de la Familia del Estado de Sonora (DIF), entreg\u00f3 348 En Sonora en Equipo publicamos toda la informaci\u00f3n de Sonora, M\u00e9xico y el Mundo de manera oportuna y busca que la libertad de expresi\u00f3n sea real. Visita nuestro medio informativo publicado desde Hermosillo, Sonora. %\" \/>\n<meta property=\"og:url\" content=\"https:\/\/www.sonoraenequipo.com.mx\/beneficia-dif-sonora-a-348-hermosillenses-con-discapacidad-mediante-entrega-de-estimulos-economicos\/\" \/>\n<meta property=\"og:site_name\" content=\"Sonora en Equipo.\" \/>\n<meta property=\"article:publisher\" content=\"https:\/\/www.facebook.com\/SonoraEE\/\" \/>\n<meta property=\"article:author\" content=\"https:\/\/www.facebook.com\/SonoraEE\" \/>\n<meta property=\"article:published_time\" content=\"2022-04-08T14:00:25+00:00\" \/>\n<meta property=\"article:modified_time\" content=\"2022-04-08T17:04:23+00:00\" \/>\n<meta property=\"og:image\" content=\"https:\/\/www.sonoraenequipo.com.mx\/storage\/2022\/04\/0422053edif-snoora.jpg\" \/>\n\t<meta property=\"og:image:width\" content=\"700\" \/>\n\t<meta property=\"og:image:height\" content=\"400\" \/>\n\t<meta property=\"og:image:type\" content=\"image\/jpeg\" \/>\n<meta name=\"author\" content=\"enequipo\" \/>\n<meta name=\"twitter:card\" content=\"summary_large_image\" \/>\n<meta name=\"twitter:creator\" content=\"@sonoraenequipo\" \/>\n<meta name=\"twitter:site\" content=\"@sonoraenequipo\" \/>\n<meta name=\"twitter:label1\" content=\"Escrito por\" \/>\n\t<meta name=\"twitter:data1\" content=\"enequipo\" \/>\n\t<meta name=\"twitter:label2\" content=\"Tiempo de lectura\" \/>\n\t<meta name=\"twitter:data2\" content=\"2 minutos\" \/>\n<script type=\"application\/ld+json\" class=\"yoast-schema-graph\">{\"@context\":\"https:\/\/schema.org\",\"@graph\":[{\"@type\":\"Article\",\"@id\":\"https:\/\/www.sonoraenequipo.com.mx\/beneficia-dif-sonora-a-348-hermosillenses-con-discapacidad-mediante-entrega-de-estimulos-economicos\/#article\",\"isPartOf\":{\"@id\":\"https:\/\/www.sonoraenequipo.com.mx\/beneficia-dif-sonora-a-348-hermosillenses-con-discapacidad-mediante-entrega-de-estimulos-economicos\/\"},\"author\":{\"name\":\"enequipo\",\"@id\":\"https:\/\/www.sonoraenequipo.com.mx\/#\/schema\/person\/50102df0fb23a8fa9e8effad8fa81386\"},\"headline\":\"Beneficia DIF Sonora a 348 hermosillenses con discapacidad mediante entrega de est\u00edmulos econ\u00f3micos\",\"datePublished\":\"2022-04-08T14:00:25+00:00\",\"dateModified\":\"2022-04-08T17:04:23+00:00\",\"mainEntityOfPage\":{\"@id\":\"https:\/\/www.sonoraenequipo.com.mx\/beneficia-dif-sonora-a-348-hermosillenses-con-discapacidad-mediante-entrega-de-estimulos-economicos\/\"},\"wordCount\":372,\"commentCount\":0,\"publisher\":{\"@id\":\"https:\/\/www.sonoraenequipo.com.mx\/#organization\"},\"image\":{\"@id\":\"https:\/\/www.sonoraenequipo.com.mx\/beneficia-dif-sonora-a-348-hermosillenses-con-discapacidad-mediante-entrega-de-estimulos-economicos\/#primaryimage\"},\"thumbnailUrl\":\"https:\/\/www.sonoraenequipo.com.mx\/storage\/2022\/04\/0422053edif-snoora.jpg\",\"articleSection\":[\"Sonora\"],\"inLanguage\":\"es\",\"potentialAction\":[{\"@type\":\"CommentAction\",\"name\":\"Comment\",\"target\":[\"https:\/\/www.sonoraenequipo.com.mx\/beneficia-dif-sonora-a-348-hermosillenses-con-discapacidad-mediante-entrega-de-estimulos-economicos\/#respond\"]}]},{\"@type\":\"WebPage\",\"@id\":\"https:\/\/www.sonoraenequipo.com.mx\/beneficia-dif-sonora-a-348-hermosillenses-con-discapacidad-mediante-entrega-de-estimulos-economicos\/\",\"url\":\"https:\/\/www.sonoraenequipo.com.mx\/beneficia-dif-sonora-a-348-hermosillenses-con-discapacidad-mediante-entrega-de-estimulos-economicos\/\",\"name\":\"Sonora en Equipo. Beneficia DIF Sonora a 348 hermosillenses con discapacidad mediante entrega de est\u00edmulos econ\u00f3micos Sonora\",\"isPartOf\":{\"@id\":\"https:\/\/www.sonoraenequipo.com.mx\/#website\"},\"primaryImageOfPage\":{\"@id\":\"https:\/\/www.sonoraenequipo.com.mx\/beneficia-dif-sonora-a-348-hermosillenses-con-discapacidad-mediante-entrega-de-estimulos-economicos\/#primaryimage\"},\"image\":{\"@id\":\"https:\/\/www.sonoraenequipo.com.mx\/beneficia-dif-sonora-a-348-hermosillenses-con-discapacidad-mediante-entrega-de-estimulos-economicos\/#primaryimage\"},\"thumbnailUrl\":\"https:\/\/www.sonoraenequipo.com.mx\/storage\/2022\/04\/0422053edif-snoora.jpg\",\"datePublished\":\"2022-04-08T14:00:25+00:00\",\"dateModified\":\"2022-04-08T17:04:23+00:00\",\"description\":\"HERMOSILLO, SONORA. MX. \u2014 En el D\u00eda Mundial de la Salud, el Sistema para el Desarrollo Integral de la Familia del Estado de Sonora (DIF), entreg\u00f3 348 En Sonora en Equipo publicamos toda la informaci\u00f3n de Sonora, M\u00e9xico y el Mundo de manera oportuna y busca que la libertad de expresi\u00f3n sea real. Visita nuestro medio informativo publicado desde Hermosillo, Sonora. %\",\"breadcrumb\":{\"@id\":\"https:\/\/www.sonoraenequipo.com.mx\/beneficia-dif-sonora-a-348-hermosillenses-con-discapacidad-mediante-entrega-de-estimulos-economicos\/#breadcrumb\"},\"inLanguage\":\"es\",\"potentialAction\":[{\"@type\":\"ReadAction\",\"target\":[\"https:\/\/www.sonoraenequipo.com.mx\/beneficia-dif-sonora-a-348-hermosillenses-con-discapacidad-mediante-entrega-de-estimulos-economicos\/\"]}]},{\"@type\":\"ImageObject\",\"inLanguage\":\"es\",\"@id\":\"https:\/\/www.sonoraenequipo.com.mx\/beneficia-dif-sonora-a-348-hermosillenses-con-discapacidad-mediante-entrega-de-estimulos-economicos\/#primaryimage\",\"url\":\"https:\/\/www.sonoraenequipo.com.mx\/storage\/2022\/04\/0422053edif-snoora.jpg\",\"contentUrl\":\"https:\/\/www.sonoraenequipo.com.mx\/storage\/2022\/04\/0422053edif-snoora.jpg\",\"width\":700,\"height\":400},{\"@type\":\"BreadcrumbList\",\"@id\":\"https:\/\/www.sonoraenequipo.com.mx\/beneficia-dif-sonora-a-348-hermosillenses-con-discapacidad-mediante-entrega-de-estimulos-economicos\/#breadcrumb\",\"itemListElement\":[{\"@type\":\"ListItem\",\"position\":1,\"name\":\"Portada\",\"item\":\"https:\/\/www.sonoraenequipo.com.mx\/\"},{\"@type\":\"ListItem\",\"position\":2,\"name\":\"Beneficia DIF Sonora a 348 hermosillenses con discapacidad mediante entrega de est\u00edmulos econ\u00f3micos\"}]},{\"@type\":\"WebSite\",\"@id\":\"https:\/\/www.sonoraenequipo.com.mx\/#website\",\"url\":\"https:\/\/www.sonoraenequipo.com.mx\/\",\"name\":\"Sonora en Equipo.\",\"description\":\"Diario en l\u00ednea con Noticias desde Hermosillo, Sonora\",\"publisher\":{\"@id\":\"https:\/\/www.sonoraenequipo.com.mx\/#organization\"},\"potentialAction\":[{\"@type\":\"SearchAction\",\"target\":{\"@type\":\"EntryPoint\",\"urlTemplate\":\"https:\/\/www.sonoraenequipo.com.mx\/?s={search_term_string}\"},\"query-input\":{\"@type\":\"PropertyValueSpecification\",\"valueRequired\":true,\"valueName\":\"search_term_string\"}}],\"inLanguage\":\"es\"},{\"@type\":\"Organization\",\"@id\":\"https:\/\/www.sonoraenequipo.com.mx\/#organization\",\"name\":\"Sonoraenequipo.com.mx\",\"url\":\"https:\/\/www.sonoraenequipo.com.mx\/\",\"logo\":{\"@type\":\"ImageObject\",\"inLanguage\":\"es\",\"@id\":\"https:\/\/www.sonoraenequipo.com.mx\/#\/schema\/logo\/image\/\",\"url\":\"https:\/\/www.sonoraenequipo.com.mx\/storage\/2019\/01\/sonoraenequipo_opt.png\",\"contentUrl\":\"https:\/\/www.sonoraenequipo.com.mx\/storage\/2019\/01\/sonoraenequipo_opt.png\",\"width\":375,\"height\":125,\"caption\":\"Sonoraenequipo.com.mx\"},\"image\":{\"@id\":\"https:\/\/www.sonoraenequipo.com.mx\/#\/schema\/logo\/image\/\"},\"sameAs\":[\"https:\/\/www.facebook.com\/SonoraEE\/\",\"https:\/\/x.com\/sonoraenequipo\",\"https:\/\/www.youtube.com\/channel\/UC338nW-lPEYmJQs4ZABQ1SQ\"]},{\"@type\":\"Person\",\"@id\":\"https:\/\/www.sonoraenequipo.com.mx\/#\/schema\/person\/50102df0fb23a8fa9e8effad8fa81386\",\"name\":\"enequipo\",\"image\":{\"@type\":\"ImageObject\",\"inLanguage\":\"es\",\"@id\":\"https:\/\/www.sonoraenequipo.com.mx\/#\/schema\/person\/image\/\",\"url\":\"https:\/\/secure.gravatar.com\/avatar\/049821681b589dabc0bc20695993ccebb09f5b5d4d790cd9251b97faac7c652b?s=96&d=blank&r=g\",\"contentUrl\":\"https:\/\/secure.gravatar.com\/avatar\/049821681b589dabc0bc20695993ccebb09f5b5d4d790cd9251b97faac7c652b?s=96&d=blank&r=g\",\"caption\":\"enequipo\"},\"sameAs\":[\"https:\/\/www.facebook.com\/SonoraEE\"]}]}<\/script>\n ","yoast_head_json":{"title":"Sonora en Equipo. Beneficia DIF Sonora a 348 hermosillenses con discapacidad mediante entrega de est\u00edmulos econ\u00f3micos Sonora","description":"HERMOSILLO, SONORA. MX. \u2014 En el D\u00eda Mundial de la Salud, el Sistema para el Desarrollo Integral de la Familia del Estado de Sonora (DIF), entreg\u00f3 348 En Sonora en Equipo publicamos toda la informaci\u00f3n de Sonora, M\u00e9xico y el Mundo de manera oportuna y busca que la libertad de expresi\u00f3n sea real. Visita nuestro medio informativo publicado desde Hermosillo, Sonora. %","robots":{"index":"index","follow":"follow","max-snippet":"max-snippet:-1","max-image-preview":"max-image-preview:large","max-video-preview":"max-video-preview:-1"},"canonical":"https:\/\/www.sonoraenequipo.com.mx\/beneficia-dif-sonora-a-348-hermosillenses-con-discapacidad-mediante-entrega-de-estimulos-economicos\/","og_locale":"es_ES","og_type":"article","og_title":"Sonora en Equipo. Beneficia DIF Sonora a 348 hermosillenses con discapacidad mediante entrega de est\u00edmulos econ\u00f3micos Sonora","og_description":"HERMOSILLO, SONORA. MX. \u2014 En el D\u00eda Mundial de la Salud, el Sistema para el Desarrollo Integral de la Familia del Estado de Sonora (DIF), entreg\u00f3 348 En Sonora en Equipo publicamos toda la informaci\u00f3n de Sonora, M\u00e9xico y el Mundo de manera oportuna y busca que la libertad de expresi\u00f3n sea real. Visita nuestro medio informativo publicado desde Hermosillo, Sonora. %","og_url":"https:\/\/www.sonoraenequipo.com.mx\/beneficia-dif-sonora-a-348-hermosillenses-con-discapacidad-mediante-entrega-de-estimulos-economicos\/","og_site_name":"Sonora en Equipo.","article_publisher":"https:\/\/www.facebook.com\/SonoraEE\/","article_author":"https:\/\/www.facebook.com\/SonoraEE","article_published_time":"2022-04-08T14:00:25+00:00","article_modified_time":"2022-04-08T17:04:23+00:00","og_image":[{"width":700,"height":400,"url":"https:\/\/www.sonoraenequipo.com.mx\/storage\/2022\/04\/0422053edif-snoora.jpg","type":"image\/jpeg"}],"author":"enequipo","twitter_card":"summary_large_image","twitter_creator":"@sonoraenequipo","twitter_site":"@sonoraenequipo","twitter_misc":{"Escrito por":"enequipo","Tiempo de lectura":"2 minutos"},"schema":{"@context":"https:\/\/schema.org","@graph":[{"@type":"Article","@id":"https:\/\/www.sonoraenequipo.com.mx\/beneficia-dif-sonora-a-348-hermosillenses-con-discapacidad-mediante-entrega-de-estimulos-economicos\/#article","isPartOf":{"@id":"https:\/\/www.sonoraenequipo.com.mx\/beneficia-dif-sonora-a-348-hermosillenses-con-discapacidad-mediante-entrega-de-estimulos-economicos\/"},"author":{"name":"enequipo","@id":"https:\/\/www.sonoraenequipo.com.mx\/#\/schema\/person\/50102df0fb23a8fa9e8effad8fa81386"},"headline":"Beneficia DIF Sonora a 348 hermosillenses con discapacidad mediante entrega de est\u00edmulos econ\u00f3micos","datePublished":"2022-04-08T14:00:25+00:00","dateModified":"2022-04-08T17:04:23+00:00","mainEntityOfPage":{"@id":"https:\/\/www.sonoraenequipo.com.mx\/beneficia-dif-sonora-a-348-hermosillenses-con-discapacidad-mediante-entrega-de-estimulos-economicos\/"},"wordCount":372,"commentCount":0,"publisher":{"@id":"https:\/\/www.sonoraenequipo.com.mx\/#organization"},"image":{"@id":"https:\/\/www.sonoraenequipo.com.mx\/beneficia-dif-sonora-a-348-hermosillenses-con-discapacidad-mediante-entrega-de-estimulos-economicos\/#primaryimage"},"thumbnailUrl":"https:\/\/www.sonoraenequipo.com.mx\/storage\/2022\/04\/0422053edif-snoora.jpg","articleSection":["Sonora"],"inLanguage":"es","potentialAction":[{"@type":"CommentAction","name":"Comment","target":["https:\/\/www.sonoraenequipo.com.mx\/beneficia-dif-sonora-a-348-hermosillenses-con-discapacidad-mediante-entrega-de-estimulos-economicos\/#respond"]}]},{"@type":"WebPage","@id":"https:\/\/www.sonoraenequipo.com.mx\/beneficia-dif-sonora-a-348-hermosillenses-con-discapacidad-mediante-entrega-de-estimulos-economicos\/","url":"https:\/\/www.sonoraenequipo.com.mx\/beneficia-dif-sonora-a-348-hermosillenses-con-discapacidad-mediante-entrega-de-estimulos-economicos\/","name":"Sonora en Equipo. Beneficia DIF Sonora a 348 hermosillenses con discapacidad mediante entrega de est\u00edmulos econ\u00f3micos Sonora","isPartOf":{"@id":"https:\/\/www.sonoraenequipo.com.mx\/#website"},"primaryImageOfPage":{"@id":"https:\/\/www.sonoraenequipo.com.mx\/beneficia-dif-sonora-a-348-hermosillenses-con-discapacidad-mediante-entrega-de-estimulos-economicos\/#primaryimage"},"image":{"@id":"https:\/\/www.sonoraenequipo.com.mx\/beneficia-dif-sonora-a-348-hermosillenses-con-discapacidad-mediante-entrega-de-estimulos-economicos\/#primaryimage"},"thumbnailUrl":"https:\/\/www.sonoraenequipo.com.mx\/storage\/2022\/04\/0422053edif-snoora.jpg","datePublished":"2022-04-08T14:00:25+00:00","dateModified":"2022-04-08T17:04:23+00:00","description":"HERMOSILLO, SONORA. MX. \u2014 En el D\u00eda Mundial de la Salud, el Sistema para el Desarrollo Integral de la Familia del Estado de Sonora (DIF), entreg\u00f3 348 En Sonora en Equipo publicamos toda la informaci\u00f3n de Sonora, M\u00e9xico y el Mundo de manera oportuna y busca que la libertad de expresi\u00f3n sea real. Visita nuestro medio informativo publicado desde Hermosillo, Sonora. %","breadcrumb":{"@id":"https:\/\/www.sonoraenequipo.com.mx\/beneficia-dif-sonora-a-348-hermosillenses-con-discapacidad-mediante-entrega-de-estimulos-economicos\/#breadcrumb"},"inLanguage":"es","potentialAction":[{"@type":"ReadAction","target":["https:\/\/www.sonoraenequipo.com.mx\/beneficia-dif-sonora-a-348-hermosillenses-con-discapacidad-mediante-entrega-de-estimulos-economicos\/"]}]},{"@type":"ImageObject","inLanguage":"es","@id":"https:\/\/www.sonoraenequipo.com.mx\/beneficia-dif-sonora-a-348-hermosillenses-con-discapacidad-mediante-entrega-de-estimulos-economicos\/#primaryimage","url":"https:\/\/www.sonoraenequipo.com.mx\/storage\/2022\/04\/0422053edif-snoora.jpg","contentUrl":"https:\/\/www.sonoraenequipo.com.mx\/storage\/2022\/04\/0422053edif-snoora.jpg","width":700,"height":400},{"@type":"BreadcrumbList","@id":"https:\/\/www.sonoraenequipo.com.mx\/beneficia-dif-sonora-a-348-hermosillenses-con-discapacidad-mediante-entrega-de-estimulos-economicos\/#breadcrumb","itemListElement":[{"@type":"ListItem","position":1,"name":"Portada","item":"https:\/\/www.sonoraenequipo.com.mx\/"},{"@type":"ListItem","position":2,"name":"Beneficia DIF Sonora a 348 hermosillenses con discapacidad mediante entrega de est\u00edmulos econ\u00f3micos"}]},{"@type":"WebSite","@id":"https:\/\/www.sonoraenequipo.com.mx\/#website","url":"https:\/\/www.sonoraenequipo.com.mx\/","name":"Sonora en Equipo.","description":"Diario en l\u00ednea con Noticias desde Hermosillo, Sonora","publisher":{"@id":"https:\/\/www.sonoraenequipo.com.mx\/#organization"},"potentialAction":[{"@type":"SearchAction","target":{"@type":"EntryPoint","urlTemplate":"https:\/\/www.sonoraenequipo.com.mx\/?s={search_term_string}"},"query-input":{"@type":"PropertyValueSpecification","valueRequired":true,"valueName":"search_term_string"}}],"inLanguage":"es"},{"@type":"Organization","@id":"https:\/\/www.sonoraenequipo.com.mx\/#organization","name":"Sonoraenequipo.com.mx","url":"https:\/\/www.sonoraenequipo.com.mx\/","logo":{"@type":"ImageObject","inLanguage":"es","@id":"https:\/\/www.sonoraenequipo.com.mx\/#\/schema\/logo\/image\/","url":"https:\/\/www.sonoraenequipo.com.mx\/storage\/2019\/01\/sonoraenequipo_opt.png","contentUrl":"https:\/\/www.sonoraenequipo.com.mx\/storage\/2019\/01\/sonoraenequipo_opt.png","width":375,"height":125,"caption":"Sonoraenequipo.com.mx"},"image":{"@id":"https:\/\/www.sonoraenequipo.com.mx\/#\/schema\/logo\/image\/"},"sameAs":["https:\/\/www.facebook.com\/SonoraEE\/","https:\/\/x.com\/sonoraenequipo","https:\/\/www.youtube.com\/channel\/UC338nW-lPEYmJQs4ZABQ1SQ"]},{"@type":"Person","@id":"https:\/\/www.sonoraenequipo.com.mx\/#\/schema\/person\/50102df0fb23a8fa9e8effad8fa81386","name":"enequipo","image":{"@type":"ImageObject","inLanguage":"es","@id":"https:\/\/www.sonoraenequipo.com.mx\/#\/schema\/person\/image\/","url":"https:\/\/secure.gravatar.com\/avatar\/049821681b589dabc0bc20695993ccebb09f5b5d4d790cd9251b97faac7c652b?s=96&d=blank&r=g","contentUrl":"https:\/\/secure.gravatar.com\/avatar\/049821681b589dabc0bc20695993ccebb09f5b5d4d790cd9251b97faac7c652b?s=96&d=blank&r=g","caption":"enequipo"},"sameAs":["https:\/\/www.facebook.com\/SonoraEE"]}]}},"jetpack_featured_media_url":"https:\/\/www.sonoraenequipo.com.mx\/storage\/2022\/04\/0422053edif-snoora.jpg","_links":{"self":[{"href":"https:\/\/www.sonoraenequipo.com.mx\/api\/wp\/v2\/posts\/136438","targetHints":{"allow":["GET"]}}],"collection":[{"href":"https:\/\/www.sonoraenequipo.com.mx\/api\/wp\/v2\/posts"}],"about":[{"href":"https:\/\/www.sonoraenequipo.com.mx\/api\/wp\/v2\/types\/post"}],"author":[{"embeddable":true,"href":"https:\/\/www.sonoraenequipo.com.mx\/api\/wp\/v2\/users\/1"}],"replies":[{"embeddable":true,"href":"https:\/\/www.sonoraenequipo.com.mx\/api\/wp\/v2\/comments?post=136438"}],"version-history":[{"count":1,"href":"https:\/\/www.sonoraenequipo.com.mx\/api\/wp\/v2\/posts\/136438\/revisions"}],"predecessor-version":[{"id":136439,"href":"https:\/\/www.sonoraenequipo.com.mx\/api\/wp\/v2\/posts\/136438\/revisions\/136439"}],"wp:featuredmedia":[{"embeddable":true,"href":"https:\/\/www.sonoraenequipo.com.mx\/api\/wp\/v2\/media\/136421"}],"wp:attachment":[{"href":"https:\/\/www.sonoraenequipo.com.mx\/api\/wp\/v2\/media?parent=136438"}],"wp:term":[{"taxonomy":"category","embeddable":true,"href":"https:\/\/www.sonoraenequipo.com.mx\/api\/wp\/v2\/categories?post=136438"},{"taxonomy":"post_tag","embeddable":true,"href":"https:\/\/www.sonoraenequipo.com.mx\/api\/wp\/v2\/tags?post=136438"}],"curies":[{"name":"wp","href":"https:\/\/api.w.org\/{rel}","templated":true}]}}