{"id":136610,"date":"2022-04-11T16:21:19","date_gmt":"2022-04-11T23:21:19","guid":{"rendered":"https:\/\/www.sonoraenequipo.com.mx\/?p=136610"},"modified":"2022-04-12T09:16:18","modified_gmt":"2022-04-12T16:16:18","slug":"elon-musk-renuncia-a-integrar-el-consejo-de-administracion-de-twitter","status":"publish","type":"post","link":"https:\/\/www.sonoraenequipo.com.mx\/elon-musk-renuncia-a-integrar-el-consejo-de-administracion-de-twitter\/","title":{"rendered":"Elon Musk renuncia a integrar el consejo de administraci\u00f3n de Twitter"},"content":{"rendered":"<p><strong>ESTADOS UNIDOS. \u2014<\/strong> Musk, el hombre m\u00e1s rico del mundo, anunci\u00f3 a principios de abril haber adquirido una participaci\u00f3n de 9.2% en el capital de Twitter, lo que lo convierte en el principal accionista.<\/p>\n<p>&nbsp;<\/p>\n<p>Elon Musk, fundador de Tesla y SpaceX, renunci\u00f3 a integrar el consejo de administraci\u00f3n de Twitter, del que es el principal accionista, anunci\u00f3 en la noche del domingo el director general de la red social.<\/p>\n<p>&nbsp;<\/p>\n<p><em>\u201cElon ha decidido no unirse a nuestro consejo de administraci\u00f3n\u201d<\/em>, tuite\u00f3 Parag Agrawal.<\/p>\n<p>&nbsp;<\/p>\n<p><em>\u201cLa llegada de Elon al consejo de administraci\u00f3n deb\u00eda formalizarse el 9 de abril, pero Elon dio a saber esta misma ma\u00f1ana que no se unir\u00eda al consejo\u201d<\/em>, explic\u00f3 en un mensaje dirigido al personal de Twitter, que lo comparti\u00f3 en la plataforma.<\/p>\n<p>&nbsp;<\/p>\n<p>\u201cApreciamos y seguiremos apreciando siempre la participaci\u00f3n de nuestros accionistas, tengan asiento o no en nuestro consejo. Elon es nuestro mayor accionista y seguiremos abiertos a su participaci\u00f3n\u201d, agreg\u00f3.<\/p>\n<p>&nbsp;<\/p>\n<p>Musk, el hombre m\u00e1s rico del mundo, anunci\u00f3 a principios de abril haber adquirido una participaci\u00f3n de 9.2% en el capital de Twitter, lo que lo convierte en el principal accionista.<\/p>\n<p>&nbsp;<\/p>\n<p>Precis\u00f3 en el documento transmitido al regulador burs\u00e1til que esta participaci\u00f3n era \u201cpasiva\u201d, es decir que no planeaba influir en las grandes decisiones estrat\u00e9gicas.<\/p>\n<p>&nbsp;<\/p>\n<p>Antes de entrar al capital de la empresa, ya era un usuario activo de la red social, en la que cuenta con 80.5 millones de seguidores.<\/p>\n<p>&nbsp;<\/p>\n<p>Desde entonces Musk multiplic\u00f3 las provocaciones. Entre otras cosas, realiz\u00f3 un sondeo en su perfil para preguntar a los usuarios de Twitter si quer\u00edan agregar una funci\u00f3n para <em>\u201cmodificar\u201d<\/em> los tuits luego de su publicaci\u00f3n. Casi 4.4 millones de personas votaron y alrededor de 73% dijeron que s\u00ed.<\/p>\n<p>&nbsp;<\/p>\n<p>La plataforma anunci\u00f3 luego querer probar esta funci\u00f3n, reclamada desde hace a\u00f1os por numerosos usuarios.<\/p>\n<p>&nbsp;<\/p>\n<p>El s\u00e1bado, Musk se pregunt\u00f3 si la red social estaba \u201cmuriendo\u201d, al mencionar cuentas poco activas a pesar de tener muchos seguidores.<\/p>\n<p>&nbsp;<\/p>\n<p>Seg\u00fan el Washington Post, varios empleados de Twitter externaron sus preocupaciones, al considerar que los valores del hombre m\u00e1s rico del mundo no estaban en l\u00ednea con la cultura empresarial de la red social.<\/p>\n<p>&nbsp;<\/p>\n<p>&nbsp;<\/p>\n<p>(Publicada el 11\/04\/2022 \/AFP)<\/p>\n","protected":false},"excerpt":{"rendered":"<p>ESTADOS UNIDOS. \u2014 Musk, el hombre m\u00e1s rico del mundo, anunci\u00f3 a principios de abril&#8230;<\/p>\n","protected":false},"author":1,"featured_media":136580,"comment_status":"open","ping_status":"open","sticky":false,"template":"","format":"standard","meta":{"_monsterinsights_skip_tracking":false,"_monsterinsights_sitenote_active":false,"_monsterinsights_sitenote_note":"","_monsterinsights_sitenote_category":0,"footnotes":""},"categories":[2216],"tags":[],"class_list":["post"],"yoast_head":" \n<title>Sonora en Equipo. Elon Musk renuncia a integrar el consejo de administraci\u00f3n de Twitter Ciencia y Tecnolog\u00eda<\/title>\n<meta name=\"description\" content=\"ESTADOS UNIDOS. \u2014 Musk, el hombre m\u00e1s rico del mundo, anunci\u00f3 a principios de abril haber adquirido una participaci\u00f3n de 9.2% en el capital de Twitter, lo En Sonora en Equipo publicamos toda la informaci\u00f3n de Sonora, M\u00e9xico y el Mundo de manera oportuna y busca que la libertad de expresi\u00f3n sea real. Visita nuestro medio informativo publicado desde Hermosillo, Sonora. %\" \/>\n<meta name=\"robots\" content=\"index, follow, max-snippet:-1, max-image-preview:large, max-video-preview:-1\" \/>\n<link rel=\"canonical\" href=\"https:\/\/www.sonoraenequipo.com.mx\/elon-musk-renuncia-a-integrar-el-consejo-de-administracion-de-twitter\/\" \/>\n<meta property=\"og:locale\" content=\"es_ES\" \/>\n<meta property=\"og:type\" content=\"article\" \/>\n<meta property=\"og:title\" content=\"Sonora en Equipo. Elon Musk renuncia a integrar el consejo de administraci\u00f3n de Twitter Ciencia y Tecnolog\u00eda\" \/>\n<meta property=\"og:description\" content=\"ESTADOS UNIDOS. \u2014 Musk, el hombre m\u00e1s rico del mundo, anunci\u00f3 a principios de abril haber adquirido una participaci\u00f3n de 9.2% en el capital de Twitter, lo En Sonora en Equipo publicamos toda la informaci\u00f3n de Sonora, M\u00e9xico y el Mundo de manera oportuna y busca que la libertad de expresi\u00f3n sea real. Visita nuestro medio informativo publicado desde Hermosillo, Sonora. %\" \/>\n<meta property=\"og:url\" content=\"https:\/\/www.sonoraenequipo.com.mx\/elon-musk-renuncia-a-integrar-el-consejo-de-administracion-de-twitter\/\" \/>\n<meta property=\"og:site_name\" content=\"Sonora en Equipo.\" \/>\n<meta property=\"article:publisher\" content=\"https:\/\/www.facebook.com\/SonoraEE\/\" \/>\n<meta property=\"article:author\" content=\"https:\/\/www.facebook.com\/SonoraEE\" \/>\n<meta property=\"article:published_time\" content=\"2022-04-11T23:21:19+00:00\" \/>\n<meta property=\"article:modified_time\" content=\"2022-04-12T16:16:18+00:00\" \/>\n<meta property=\"og:image\" content=\"https:\/\/www.sonoraenequipo.com.mx\/storage\/2022\/04\/elon-musk.jpg\" \/>\n\t<meta property=\"og:image:width\" content=\"700\" \/>\n\t<meta property=\"og:image:height\" content=\"400\" \/>\n\t<meta property=\"og:image:type\" content=\"image\/jpeg\" \/>\n<meta name=\"author\" content=\"enequipo\" \/>\n<meta name=\"twitter:card\" content=\"summary_large_image\" \/>\n<meta name=\"twitter:creator\" content=\"@sonoraenequipo\" \/>\n<meta name=\"twitter:site\" content=\"@sonoraenequipo\" \/>\n<meta name=\"twitter:label1\" content=\"Escrito por\" \/>\n\t<meta name=\"twitter:data1\" content=\"enequipo\" \/>\n\t<meta name=\"twitter:label2\" content=\"Tiempo de lectura\" \/>\n\t<meta name=\"twitter:data2\" content=\"2 minutos\" \/>\n<script type=\"application\/ld+json\" class=\"yoast-schema-graph\">{\"@context\":\"https:\/\/schema.org\",\"@graph\":[{\"@type\":\"Article\",\"@id\":\"https:\/\/www.sonoraenequipo.com.mx\/elon-musk-renuncia-a-integrar-el-consejo-de-administracion-de-twitter\/#article\",\"isPartOf\":{\"@id\":\"https:\/\/www.sonoraenequipo.com.mx\/elon-musk-renuncia-a-integrar-el-consejo-de-administracion-de-twitter\/\"},\"author\":{\"name\":\"enequipo\",\"@id\":\"https:\/\/www.sonoraenequipo.com.mx\/#\/schema\/person\/50102df0fb23a8fa9e8effad8fa81386\"},\"headline\":\"Elon Musk renuncia a integrar el consejo de administraci\u00f3n de Twitter\",\"datePublished\":\"2022-04-11T23:21:19+00:00\",\"dateModified\":\"2022-04-12T16:16:18+00:00\",\"mainEntityOfPage\":{\"@id\":\"https:\/\/www.sonoraenequipo.com.mx\/elon-musk-renuncia-a-integrar-el-consejo-de-administracion-de-twitter\/\"},\"wordCount\":399,\"commentCount\":0,\"publisher\":{\"@id\":\"https:\/\/www.sonoraenequipo.com.mx\/#organization\"},\"image\":{\"@id\":\"https:\/\/www.sonoraenequipo.com.mx\/elon-musk-renuncia-a-integrar-el-consejo-de-administracion-de-twitter\/#primaryimage\"},\"thumbnailUrl\":\"https:\/\/www.sonoraenequipo.com.mx\/storage\/2022\/04\/elon-musk.jpg\",\"articleSection\":[\"Ciencia y Tecnolog\u00eda\"],\"inLanguage\":\"es\",\"potentialAction\":[{\"@type\":\"CommentAction\",\"name\":\"Comment\",\"target\":[\"https:\/\/www.sonoraenequipo.com.mx\/elon-musk-renuncia-a-integrar-el-consejo-de-administracion-de-twitter\/#respond\"]}]},{\"@type\":\"WebPage\",\"@id\":\"https:\/\/www.sonoraenequipo.com.mx\/elon-musk-renuncia-a-integrar-el-consejo-de-administracion-de-twitter\/\",\"url\":\"https:\/\/www.sonoraenequipo.com.mx\/elon-musk-renuncia-a-integrar-el-consejo-de-administracion-de-twitter\/\",\"name\":\"Sonora en Equipo. Elon Musk renuncia a integrar el consejo de administraci\u00f3n de Twitter Ciencia y Tecnolog\u00eda\",\"isPartOf\":{\"@id\":\"https:\/\/www.sonoraenequipo.com.mx\/#website\"},\"primaryImageOfPage\":{\"@id\":\"https:\/\/www.sonoraenequipo.com.mx\/elon-musk-renuncia-a-integrar-el-consejo-de-administracion-de-twitter\/#primaryimage\"},\"image\":{\"@id\":\"https:\/\/www.sonoraenequipo.com.mx\/elon-musk-renuncia-a-integrar-el-consejo-de-administracion-de-twitter\/#primaryimage\"},\"thumbnailUrl\":\"https:\/\/www.sonoraenequipo.com.mx\/storage\/2022\/04\/elon-musk.jpg\",\"datePublished\":\"2022-04-11T23:21:19+00:00\",\"dateModified\":\"2022-04-12T16:16:18+00:00\",\"description\":\"ESTADOS UNIDOS. \u2014 Musk, el hombre m\u00e1s rico del mundo, anunci\u00f3 a principios de abril haber adquirido una participaci\u00f3n de 9.2% en el capital de Twitter, lo En Sonora en Equipo publicamos toda la informaci\u00f3n de Sonora, M\u00e9xico y el Mundo de manera oportuna y busca que la libertad de expresi\u00f3n sea real. Visita nuestro medio informativo publicado desde Hermosillo, Sonora. %\",\"breadcrumb\":{\"@id\":\"https:\/\/www.sonoraenequipo.com.mx\/elon-musk-renuncia-a-integrar-el-consejo-de-administracion-de-twitter\/#breadcrumb\"},\"inLanguage\":\"es\",\"potentialAction\":[{\"@type\":\"ReadAction\",\"target\":[\"https:\/\/www.sonoraenequipo.com.mx\/elon-musk-renuncia-a-integrar-el-consejo-de-administracion-de-twitter\/\"]}]},{\"@type\":\"ImageObject\",\"inLanguage\":\"es\",\"@id\":\"https:\/\/www.sonoraenequipo.com.mx\/elon-musk-renuncia-a-integrar-el-consejo-de-administracion-de-twitter\/#primaryimage\",\"url\":\"https:\/\/www.sonoraenequipo.com.mx\/storage\/2022\/04\/elon-musk.jpg\",\"contentUrl\":\"https:\/\/www.sonoraenequipo.com.mx\/storage\/2022\/04\/elon-musk.jpg\",\"width\":700,\"height\":400},{\"@type\":\"BreadcrumbList\",\"@id\":\"https:\/\/www.sonoraenequipo.com.mx\/elon-musk-renuncia-a-integrar-el-consejo-de-administracion-de-twitter\/#breadcrumb\",\"itemListElement\":[{\"@type\":\"ListItem\",\"position\":1,\"name\":\"Portada\",\"item\":\"https:\/\/www.sonoraenequipo.com.mx\/\"},{\"@type\":\"ListItem\",\"position\":2,\"name\":\"Elon Musk renuncia a integrar el consejo de administraci\u00f3n de Twitter\"}]},{\"@type\":\"WebSite\",\"@id\":\"https:\/\/www.sonoraenequipo.com.mx\/#website\",\"url\":\"https:\/\/www.sonoraenequipo.com.mx\/\",\"name\":\"Sonora en Equipo.\",\"description\":\"Diario en l\u00ednea con Noticias desde Hermosillo, Sonora\",\"publisher\":{\"@id\":\"https:\/\/www.sonoraenequipo.com.mx\/#organization\"},\"potentialAction\":[{\"@type\":\"SearchAction\",\"target\":{\"@type\":\"EntryPoint\",\"urlTemplate\":\"https:\/\/www.sonoraenequipo.com.mx\/?s={search_term_string}\"},\"query-input\":{\"@type\":\"PropertyValueSpecification\",\"valueRequired\":true,\"valueName\":\"search_term_string\"}}],\"inLanguage\":\"es\"},{\"@type\":\"Organization\",\"@id\":\"https:\/\/www.sonoraenequipo.com.mx\/#organization\",\"name\":\"Sonoraenequipo.com.mx\",\"url\":\"https:\/\/www.sonoraenequipo.com.mx\/\",\"logo\":{\"@type\":\"ImageObject\",\"inLanguage\":\"es\",\"@id\":\"https:\/\/www.sonoraenequipo.com.mx\/#\/schema\/logo\/image\/\",\"url\":\"https:\/\/www.sonoraenequipo.com.mx\/storage\/2019\/01\/sonoraenequipo_opt.png\",\"contentUrl\":\"https:\/\/www.sonoraenequipo.com.mx\/storage\/2019\/01\/sonoraenequipo_opt.png\",\"width\":375,\"height\":125,\"caption\":\"Sonoraenequipo.com.mx\"},\"image\":{\"@id\":\"https:\/\/www.sonoraenequipo.com.mx\/#\/schema\/logo\/image\/\"},\"sameAs\":[\"https:\/\/www.facebook.com\/SonoraEE\/\",\"https:\/\/x.com\/sonoraenequipo\",\"https:\/\/www.youtube.com\/channel\/UC338nW-lPEYmJQs4ZABQ1SQ\"]},{\"@type\":\"Person\",\"@id\":\"https:\/\/www.sonoraenequipo.com.mx\/#\/schema\/person\/50102df0fb23a8fa9e8effad8fa81386\",\"name\":\"enequipo\",\"image\":{\"@type\":\"ImageObject\",\"inLanguage\":\"es\",\"@id\":\"https:\/\/www.sonoraenequipo.com.mx\/#\/schema\/person\/image\/\",\"url\":\"https:\/\/secure.gravatar.com\/avatar\/049821681b589dabc0bc20695993ccebb09f5b5d4d790cd9251b97faac7c652b?s=96&d=blank&r=g\",\"contentUrl\":\"https:\/\/secure.gravatar.com\/avatar\/049821681b589dabc0bc20695993ccebb09f5b5d4d790cd9251b97faac7c652b?s=96&d=blank&r=g\",\"caption\":\"enequipo\"},\"sameAs\":[\"https:\/\/www.facebook.com\/SonoraEE\"]}]}<\/script>\n ","yoast_head_json":{"title":"Sonora en Equipo. Elon Musk renuncia a integrar el consejo de administraci\u00f3n de Twitter Ciencia y Tecnolog\u00eda","description":"ESTADOS UNIDOS. \u2014 Musk, el hombre m\u00e1s rico del mundo, anunci\u00f3 a principios de abril haber adquirido una participaci\u00f3n de 9.2% en el capital de Twitter, lo En Sonora en Equipo publicamos toda la informaci\u00f3n de Sonora, M\u00e9xico y el Mundo de manera oportuna y busca que la libertad de expresi\u00f3n sea real. Visita nuestro medio informativo publicado desde Hermosillo, Sonora. %","robots":{"index":"index","follow":"follow","max-snippet":"max-snippet:-1","max-image-preview":"max-image-preview:large","max-video-preview":"max-video-preview:-1"},"canonical":"https:\/\/www.sonoraenequipo.com.mx\/elon-musk-renuncia-a-integrar-el-consejo-de-administracion-de-twitter\/","og_locale":"es_ES","og_type":"article","og_title":"Sonora en Equipo. Elon Musk renuncia a integrar el consejo de administraci\u00f3n de Twitter Ciencia y Tecnolog\u00eda","og_description":"ESTADOS UNIDOS. \u2014 Musk, el hombre m\u00e1s rico del mundo, anunci\u00f3 a principios de abril haber adquirido una participaci\u00f3n de 9.2% en el capital de Twitter, lo En Sonora en Equipo publicamos toda la informaci\u00f3n de Sonora, M\u00e9xico y el Mundo de manera oportuna y busca que la libertad de expresi\u00f3n sea real. Visita nuestro medio informativo publicado desde Hermosillo, Sonora. %","og_url":"https:\/\/www.sonoraenequipo.com.mx\/elon-musk-renuncia-a-integrar-el-consejo-de-administracion-de-twitter\/","og_site_name":"Sonora en Equipo.","article_publisher":"https:\/\/www.facebook.com\/SonoraEE\/","article_author":"https:\/\/www.facebook.com\/SonoraEE","article_published_time":"2022-04-11T23:21:19+00:00","article_modified_time":"2022-04-12T16:16:18+00:00","og_image":[{"width":700,"height":400,"url":"https:\/\/www.sonoraenequipo.com.mx\/storage\/2022\/04\/elon-musk.jpg","type":"image\/jpeg"}],"author":"enequipo","twitter_card":"summary_large_image","twitter_creator":"@sonoraenequipo","twitter_site":"@sonoraenequipo","twitter_misc":{"Escrito por":"enequipo","Tiempo de lectura":"2 minutos"},"schema":{"@context":"https:\/\/schema.org","@graph":[{"@type":"Article","@id":"https:\/\/www.sonoraenequipo.com.mx\/elon-musk-renuncia-a-integrar-el-consejo-de-administracion-de-twitter\/#article","isPartOf":{"@id":"https:\/\/www.sonoraenequipo.com.mx\/elon-musk-renuncia-a-integrar-el-consejo-de-administracion-de-twitter\/"},"author":{"name":"enequipo","@id":"https:\/\/www.sonoraenequipo.com.mx\/#\/schema\/person\/50102df0fb23a8fa9e8effad8fa81386"},"headline":"Elon Musk renuncia a integrar el consejo de administraci\u00f3n de Twitter","datePublished":"2022-04-11T23:21:19+00:00","dateModified":"2022-04-12T16:16:18+00:00","mainEntityOfPage":{"@id":"https:\/\/www.sonoraenequipo.com.mx\/elon-musk-renuncia-a-integrar-el-consejo-de-administracion-de-twitter\/"},"wordCount":399,"commentCount":0,"publisher":{"@id":"https:\/\/www.sonoraenequipo.com.mx\/#organization"},"image":{"@id":"https:\/\/www.sonoraenequipo.com.mx\/elon-musk-renuncia-a-integrar-el-consejo-de-administracion-de-twitter\/#primaryimage"},"thumbnailUrl":"https:\/\/www.sonoraenequipo.com.mx\/storage\/2022\/04\/elon-musk.jpg","articleSection":["Ciencia y Tecnolog\u00eda"],"inLanguage":"es","potentialAction":[{"@type":"CommentAction","name":"Comment","target":["https:\/\/www.sonoraenequipo.com.mx\/elon-musk-renuncia-a-integrar-el-consejo-de-administracion-de-twitter\/#respond"]}]},{"@type":"WebPage","@id":"https:\/\/www.sonoraenequipo.com.mx\/elon-musk-renuncia-a-integrar-el-consejo-de-administracion-de-twitter\/","url":"https:\/\/www.sonoraenequipo.com.mx\/elon-musk-renuncia-a-integrar-el-consejo-de-administracion-de-twitter\/","name":"Sonora en Equipo. Elon Musk renuncia a integrar el consejo de administraci\u00f3n de Twitter Ciencia y Tecnolog\u00eda","isPartOf":{"@id":"https:\/\/www.sonoraenequipo.com.mx\/#website"},"primaryImageOfPage":{"@id":"https:\/\/www.sonoraenequipo.com.mx\/elon-musk-renuncia-a-integrar-el-consejo-de-administracion-de-twitter\/#primaryimage"},"image":{"@id":"https:\/\/www.sonoraenequipo.com.mx\/elon-musk-renuncia-a-integrar-el-consejo-de-administracion-de-twitter\/#primaryimage"},"thumbnailUrl":"https:\/\/www.sonoraenequipo.com.mx\/storage\/2022\/04\/elon-musk.jpg","datePublished":"2022-04-11T23:21:19+00:00","dateModified":"2022-04-12T16:16:18+00:00","description":"ESTADOS UNIDOS. \u2014 Musk, el hombre m\u00e1s rico del mundo, anunci\u00f3 a principios de abril haber adquirido una participaci\u00f3n de 9.2% en el capital de Twitter, lo En Sonora en Equipo publicamos toda la informaci\u00f3n de Sonora, M\u00e9xico y el Mundo de manera oportuna y busca que la libertad de expresi\u00f3n sea real. Visita nuestro medio informativo publicado desde Hermosillo, Sonora. %","breadcrumb":{"@id":"https:\/\/www.sonoraenequipo.com.mx\/elon-musk-renuncia-a-integrar-el-consejo-de-administracion-de-twitter\/#breadcrumb"},"inLanguage":"es","potentialAction":[{"@type":"ReadAction","target":["https:\/\/www.sonoraenequipo.com.mx\/elon-musk-renuncia-a-integrar-el-consejo-de-administracion-de-twitter\/"]}]},{"@type":"ImageObject","inLanguage":"es","@id":"https:\/\/www.sonoraenequipo.com.mx\/elon-musk-renuncia-a-integrar-el-consejo-de-administracion-de-twitter\/#primaryimage","url":"https:\/\/www.sonoraenequipo.com.mx\/storage\/2022\/04\/elon-musk.jpg","contentUrl":"https:\/\/www.sonoraenequipo.com.mx\/storage\/2022\/04\/elon-musk.jpg","width":700,"height":400},{"@type":"BreadcrumbList","@id":"https:\/\/www.sonoraenequipo.com.mx\/elon-musk-renuncia-a-integrar-el-consejo-de-administracion-de-twitter\/#breadcrumb","itemListElement":[{"@type":"ListItem","position":1,"name":"Portada","item":"https:\/\/www.sonoraenequipo.com.mx\/"},{"@type":"ListItem","position":2,"name":"Elon Musk renuncia a integrar el consejo de administraci\u00f3n de Twitter"}]},{"@type":"WebSite","@id":"https:\/\/www.sonoraenequipo.com.mx\/#website","url":"https:\/\/www.sonoraenequipo.com.mx\/","name":"Sonora en Equipo.","description":"Diario en l\u00ednea con Noticias desde Hermosillo, Sonora","publisher":{"@id":"https:\/\/www.sonoraenequipo.com.mx\/#organization"},"potentialAction":[{"@type":"SearchAction","target":{"@type":"EntryPoint","urlTemplate":"https:\/\/www.sonoraenequipo.com.mx\/?s={search_term_string}"},"query-input":{"@type":"PropertyValueSpecification","valueRequired":true,"valueName":"search_term_string"}}],"inLanguage":"es"},{"@type":"Organization","@id":"https:\/\/www.sonoraenequipo.com.mx\/#organization","name":"Sonoraenequipo.com.mx","url":"https:\/\/www.sonoraenequipo.com.mx\/","logo":{"@type":"ImageObject","inLanguage":"es","@id":"https:\/\/www.sonoraenequipo.com.mx\/#\/schema\/logo\/image\/","url":"https:\/\/www.sonoraenequipo.com.mx\/storage\/2019\/01\/sonoraenequipo_opt.png","contentUrl":"https:\/\/www.sonoraenequipo.com.mx\/storage\/2019\/01\/sonoraenequipo_opt.png","width":375,"height":125,"caption":"Sonoraenequipo.com.mx"},"image":{"@id":"https:\/\/www.sonoraenequipo.com.mx\/#\/schema\/logo\/image\/"},"sameAs":["https:\/\/www.facebook.com\/SonoraEE\/","https:\/\/x.com\/sonoraenequipo","https:\/\/www.youtube.com\/channel\/UC338nW-lPEYmJQs4ZABQ1SQ"]},{"@type":"Person","@id":"https:\/\/www.sonoraenequipo.com.mx\/#\/schema\/person\/50102df0fb23a8fa9e8effad8fa81386","name":"enequipo","image":{"@type":"ImageObject","inLanguage":"es","@id":"https:\/\/www.sonoraenequipo.com.mx\/#\/schema\/person\/image\/","url":"https:\/\/secure.gravatar.com\/avatar\/049821681b589dabc0bc20695993ccebb09f5b5d4d790cd9251b97faac7c652b?s=96&d=blank&r=g","contentUrl":"https:\/\/secure.gravatar.com\/avatar\/049821681b589dabc0bc20695993ccebb09f5b5d4d790cd9251b97faac7c652b?s=96&d=blank&r=g","caption":"enequipo"},"sameAs":["https:\/\/www.facebook.com\/SonoraEE"]}]}},"jetpack_featured_media_url":"https:\/\/www.sonoraenequipo.com.mx\/storage\/2022\/04\/elon-musk.jpg","_links":{"self":[{"href":"https:\/\/www.sonoraenequipo.com.mx\/api\/wp\/v2\/posts\/136610","targetHints":{"allow":["GET"]}}],"collection":[{"href":"https:\/\/www.sonoraenequipo.com.mx\/api\/wp\/v2\/posts"}],"about":[{"href":"https:\/\/www.sonoraenequipo.com.mx\/api\/wp\/v2\/types\/post"}],"author":[{"embeddable":true,"href":"https:\/\/www.sonoraenequipo.com.mx\/api\/wp\/v2\/users\/1"}],"replies":[{"embeddable":true,"href":"https:\/\/www.sonoraenequipo.com.mx\/api\/wp\/v2\/comments?post=136610"}],"version-history":[{"count":1,"href":"https:\/\/www.sonoraenequipo.com.mx\/api\/wp\/v2\/posts\/136610\/revisions"}],"predecessor-version":[{"id":136611,"href":"https:\/\/www.sonoraenequipo.com.mx\/api\/wp\/v2\/posts\/136610\/revisions\/136611"}],"wp:featuredmedia":[{"embeddable":true,"href":"https:\/\/www.sonoraenequipo.com.mx\/api\/wp\/v2\/media\/136580"}],"wp:attachment":[{"href":"https:\/\/www.sonoraenequipo.com.mx\/api\/wp\/v2\/media?parent=136610"}],"wp:term":[{"taxonomy":"category","embeddable":true,"href":"https:\/\/www.sonoraenequipo.com.mx\/api\/wp\/v2\/categories?post=136610"},{"taxonomy":"post_tag","embeddable":true,"href":"https:\/\/www.sonoraenequipo.com.mx\/api\/wp\/v2\/tags?post=136610"}],"curies":[{"name":"wp","href":"https:\/\/api.w.org\/{rel}","templated":true}]}}