{"id":136615,"date":"2022-04-11T18:28:39","date_gmt":"2022-04-12T01:28:39","guid":{"rendered":"https:\/\/www.sonoraenequipo.com.mx\/?p=136615"},"modified":"2022-04-12T10:01:33","modified_gmt":"2022-04-12T17:01:33","slug":"zelenski-pide-ayuda-militar-y-armamento-a-corea-del-sur","status":"publish","type":"post","link":"https:\/\/www.sonoraenequipo.com.mx\/zelenski-pide-ayuda-militar-y-armamento-a-corea-del-sur\/","title":{"rendered":"Zelenski pide ayuda militar y armamento a Corea del Sur"},"content":{"rendered":"<p><strong>UCRANIA. \u2014<\/strong> El presidente de Ucrania, Volod\u00edmir Zelenski, pidi\u00f3 hoy, 11 de abril de 2022, a Corea del Sur toda la ayuda militar que pueda proporcionar, ya que, seg\u00fan dijo, solo se puede obligar a Rusia a hacer la paz.<\/p>\n<p>&nbsp;<\/p>\n<p> <\/p>\n<p>&nbsp;<\/p>\n<p>&nbsp;<\/p>\n<p>En un discurso por video dirigido a los legisladores surcoreanos, Zelenski dijo que Ucrania necesita m\u00e1s ayuda, incluido armamento, si quiere sobrevivir a la guerra.<\/p>\n<p>&nbsp;<\/p>\n<p>&nbsp;<\/p>\n<p><em>\u201cUstedes tienen algo que puede ser indispensable para nosotros (\u2026) veh\u00edculos blindados, armas antia\u00e9reas, antitanques y antibuques\u201d,<\/em> afirm\u00f3.<\/p>\n<p>&nbsp;<\/p>\n<p>&nbsp;<\/p>\n<p>Zelenski dijo que Corea del Sur tiene muchas armas que no s\u00f3lo podr\u00edan ayudar a salvar las vidas de los ucranianos de a pie, sino que podr\u00edan ayudar a evitar que Rusia ataque a otras naciones.<\/p>\n<p>&nbsp;<\/p>\n<p>&nbsp;<\/p>\n<p><em>\u201cNo hay ni puede haber una esperanza de que Rusia se detenga por s\u00ed misma\u201d<\/em>, dijo Zelenski. <em>\u201cS\u00f3lo se puede obligar a Rusia a hacerlo, s\u00f3lo se la puede obligar a buscar la paz\u201d.<\/em><\/p>\n<p>&nbsp;<\/p>\n<p>&nbsp;<\/p>\n<p>Asimismo, afirm\u00f3 que es probable que decenas de miles de personas hayan muerto solo en el asalto ruso a la ciudad suroriental de Mari\u00fapol. Reuters no pudo verificar la exactitud de su estimaci\u00f3n.<\/p>\n<p>&nbsp;<\/p>\n<p>&nbsp;<\/p>\n<p>Rusia, que califica sus acciones en Ucrania de <em>\u201coperaci\u00f3n especial\u201d,<\/em> invadi\u00f3 Ucrania a finales de febrero.<\/p>\n<p>&nbsp;<\/p>\n<p>&nbsp;<\/p>\n<p>El Ministerio de Defensa de Se\u00fal dijo el lunes que rechaz\u00f3 una petici\u00f3n de armas antia\u00e9reas del ministro de Defensa ucraniano, Oleksii Reznikov.<\/p>\n<p>&nbsp;<\/p>\n<p>&nbsp;<\/p>\n<p>En una llamada telef\u00f3nica el viernes, el ministro de Defensa surcoreano, Suh Wook, dijo a su hom\u00f3logo ucraniano que cualquier apoyo con armas letales ser\u00eda limitado a la luz de la situaci\u00f3n de seguridad de Corea del Sur y su potencial impacto en la preparaci\u00f3n militar, dijo el portavoz Boo Seung-chan en una sesi\u00f3n informativa.<\/p>\n<p>&nbsp;<\/p>\n<p>&nbsp;<\/p>\n<p>Zelenski no mencion\u00f3 ese rechazo, pero dijo que \u201cl<em>as normas habituales para el suministro de armas deben ser revisadas y actualizadas r\u00e1pidamente\u201d<\/em><\/p>\n<p>&nbsp;<\/p>\n<p>&nbsp;<\/p>\n<p>(Publicada el 11\/04\/2022 \/ Con informaci\u00f3n de Reuters)<\/p>\n","protected":false},"excerpt":{"rendered":"<p>UCRANIA. \u2014 El presidente de Ucrania, Volod\u00edmir Zelenski, pidi\u00f3 hoy, 11 de abril de 2022,&#8230;<\/p>\n","protected":false},"author":1,"featured_media":136587,"comment_status":"open","ping_status":"open","sticky":false,"template":"","format":"standard","meta":{"_monsterinsights_skip_tracking":false,"_monsterinsights_sitenote_active":false,"_monsterinsights_sitenote_note":"","_monsterinsights_sitenote_category":0,"footnotes":""},"categories":[3],"tags":[],"class_list":["post"],"yoast_head":" \n<title>Sonora en Equipo. Zelenski pide ayuda militar y armamento a Corea del Sur MUNDO<\/title>\n<meta name=\"description\" content=\"UCRANIA. \u2014 El presidente de Ucrania, Volod\u00edmir Zelenski, pidi\u00f3 hoy, 11 de abril de 2022, a Corea del Sur toda la ayuda militar que pueda proporcionar, ya En Sonora en Equipo publicamos toda la informaci\u00f3n de Sonora, M\u00e9xico y el Mundo de manera oportuna y busca que la libertad de expresi\u00f3n sea real. Visita nuestro medio informativo publicado desde Hermosillo, Sonora. %\" \/>\n<meta name=\"robots\" content=\"index, follow, max-snippet:-1, max-image-preview:large, max-video-preview:-1\" \/>\n<link rel=\"canonical\" href=\"https:\/\/www.sonoraenequipo.com.mx\/zelenski-pide-ayuda-militar-y-armamento-a-corea-del-sur\/\" \/>\n<meta property=\"og:locale\" content=\"es_ES\" \/>\n<meta property=\"og:type\" content=\"article\" \/>\n<meta property=\"og:title\" content=\"Sonora en Equipo. Zelenski pide ayuda militar y armamento a Corea del Sur MUNDO\" \/>\n<meta property=\"og:description\" content=\"UCRANIA. \u2014 El presidente de Ucrania, Volod\u00edmir Zelenski, pidi\u00f3 hoy, 11 de abril de 2022, a Corea del Sur toda la ayuda militar que pueda proporcionar, ya En Sonora en Equipo publicamos toda la informaci\u00f3n de Sonora, M\u00e9xico y el Mundo de manera oportuna y busca que la libertad de expresi\u00f3n sea real. Visita nuestro medio informativo publicado desde Hermosillo, Sonora. %\" \/>\n<meta property=\"og:url\" content=\"https:\/\/www.sonoraenequipo.com.mx\/zelenski-pide-ayuda-militar-y-armamento-a-corea-del-sur\/\" \/>\n<meta property=\"og:site_name\" content=\"Sonora en Equipo.\" \/>\n<meta property=\"article:publisher\" content=\"https:\/\/www.facebook.com\/SonoraEE\/\" \/>\n<meta property=\"article:author\" content=\"https:\/\/www.facebook.com\/SonoraEE\" \/>\n<meta property=\"article:published_time\" content=\"2022-04-12T01:28:39+00:00\" \/>\n<meta property=\"article:modified_time\" content=\"2022-04-12T17:01:33+00:00\" \/>\n<meta property=\"og:image\" content=\"https:\/\/www.sonoraenequipo.com.mx\/storage\/2022\/04\/zelenzki-efe.jpg\" \/>\n\t<meta property=\"og:image:width\" content=\"700\" \/>\n\t<meta property=\"og:image:height\" content=\"400\" \/>\n\t<meta property=\"og:image:type\" content=\"image\/jpeg\" \/>\n<meta name=\"author\" content=\"enequipo\" \/>\n<meta name=\"twitter:card\" content=\"summary_large_image\" \/>\n<meta name=\"twitter:creator\" content=\"@sonoraenequipo\" \/>\n<meta name=\"twitter:site\" content=\"@sonoraenequipo\" \/>\n<meta name=\"twitter:label1\" content=\"Escrito por\" \/>\n\t<meta name=\"twitter:data1\" content=\"enequipo\" \/>\n\t<meta name=\"twitter:label2\" content=\"Tiempo de lectura\" \/>\n\t<meta name=\"twitter:data2\" content=\"2 minutos\" \/>\n<script type=\"application\/ld+json\" class=\"yoast-schema-graph\">{\"@context\":\"https:\/\/schema.org\",\"@graph\":[{\"@type\":\"Article\",\"@id\":\"https:\/\/www.sonoraenequipo.com.mx\/zelenski-pide-ayuda-militar-y-armamento-a-corea-del-sur\/#article\",\"isPartOf\":{\"@id\":\"https:\/\/www.sonoraenequipo.com.mx\/zelenski-pide-ayuda-militar-y-armamento-a-corea-del-sur\/\"},\"author\":{\"name\":\"enequipo\",\"@id\":\"https:\/\/www.sonoraenequipo.com.mx\/#\/schema\/person\/50102df0fb23a8fa9e8effad8fa81386\"},\"headline\":\"Zelenski pide ayuda militar y armamento a Corea del Sur\",\"datePublished\":\"2022-04-12T01:28:39+00:00\",\"dateModified\":\"2022-04-12T17:01:33+00:00\",\"mainEntityOfPage\":{\"@id\":\"https:\/\/www.sonoraenequipo.com.mx\/zelenski-pide-ayuda-militar-y-armamento-a-corea-del-sur\/\"},\"wordCount\":359,\"commentCount\":0,\"publisher\":{\"@id\":\"https:\/\/www.sonoraenequipo.com.mx\/#organization\"},\"image\":{\"@id\":\"https:\/\/www.sonoraenequipo.com.mx\/zelenski-pide-ayuda-militar-y-armamento-a-corea-del-sur\/#primaryimage\"},\"thumbnailUrl\":\"https:\/\/www.sonoraenequipo.com.mx\/storage\/2022\/04\/zelenzki-efe.jpg\",\"articleSection\":[\"MUNDO\"],\"inLanguage\":\"es\",\"potentialAction\":[{\"@type\":\"CommentAction\",\"name\":\"Comment\",\"target\":[\"https:\/\/www.sonoraenequipo.com.mx\/zelenski-pide-ayuda-militar-y-armamento-a-corea-del-sur\/#respond\"]}]},{\"@type\":\"WebPage\",\"@id\":\"https:\/\/www.sonoraenequipo.com.mx\/zelenski-pide-ayuda-militar-y-armamento-a-corea-del-sur\/\",\"url\":\"https:\/\/www.sonoraenequipo.com.mx\/zelenski-pide-ayuda-militar-y-armamento-a-corea-del-sur\/\",\"name\":\"Sonora en Equipo. Zelenski pide ayuda militar y armamento a Corea del Sur MUNDO\",\"isPartOf\":{\"@id\":\"https:\/\/www.sonoraenequipo.com.mx\/#website\"},\"primaryImageOfPage\":{\"@id\":\"https:\/\/www.sonoraenequipo.com.mx\/zelenski-pide-ayuda-militar-y-armamento-a-corea-del-sur\/#primaryimage\"},\"image\":{\"@id\":\"https:\/\/www.sonoraenequipo.com.mx\/zelenski-pide-ayuda-militar-y-armamento-a-corea-del-sur\/#primaryimage\"},\"thumbnailUrl\":\"https:\/\/www.sonoraenequipo.com.mx\/storage\/2022\/04\/zelenzki-efe.jpg\",\"datePublished\":\"2022-04-12T01:28:39+00:00\",\"dateModified\":\"2022-04-12T17:01:33+00:00\",\"description\":\"UCRANIA. \u2014 El presidente de Ucrania, Volod\u00edmir Zelenski, pidi\u00f3 hoy, 11 de abril de 2022, a Corea del Sur toda la ayuda militar que pueda proporcionar, ya En Sonora en Equipo publicamos toda la informaci\u00f3n de Sonora, M\u00e9xico y el Mundo de manera oportuna y busca que la libertad de expresi\u00f3n sea real. Visita nuestro medio informativo publicado desde Hermosillo, Sonora. %\",\"breadcrumb\":{\"@id\":\"https:\/\/www.sonoraenequipo.com.mx\/zelenski-pide-ayuda-militar-y-armamento-a-corea-del-sur\/#breadcrumb\"},\"inLanguage\":\"es\",\"potentialAction\":[{\"@type\":\"ReadAction\",\"target\":[\"https:\/\/www.sonoraenequipo.com.mx\/zelenski-pide-ayuda-militar-y-armamento-a-corea-del-sur\/\"]}]},{\"@type\":\"ImageObject\",\"inLanguage\":\"es\",\"@id\":\"https:\/\/www.sonoraenequipo.com.mx\/zelenski-pide-ayuda-militar-y-armamento-a-corea-del-sur\/#primaryimage\",\"url\":\"https:\/\/www.sonoraenequipo.com.mx\/storage\/2022\/04\/zelenzki-efe.jpg\",\"contentUrl\":\"https:\/\/www.sonoraenequipo.com.mx\/storage\/2022\/04\/zelenzki-efe.jpg\",\"width\":700,\"height\":400},{\"@type\":\"BreadcrumbList\",\"@id\":\"https:\/\/www.sonoraenequipo.com.mx\/zelenski-pide-ayuda-militar-y-armamento-a-corea-del-sur\/#breadcrumb\",\"itemListElement\":[{\"@type\":\"ListItem\",\"position\":1,\"name\":\"Portada\",\"item\":\"https:\/\/www.sonoraenequipo.com.mx\/\"},{\"@type\":\"ListItem\",\"position\":2,\"name\":\"Zelenski pide ayuda militar y armamento a Corea del Sur\"}]},{\"@type\":\"WebSite\",\"@id\":\"https:\/\/www.sonoraenequipo.com.mx\/#website\",\"url\":\"https:\/\/www.sonoraenequipo.com.mx\/\",\"name\":\"Sonora en Equipo.\",\"description\":\"Diario en l\u00ednea con Noticias desde Hermosillo, Sonora\",\"publisher\":{\"@id\":\"https:\/\/www.sonoraenequipo.com.mx\/#organization\"},\"potentialAction\":[{\"@type\":\"SearchAction\",\"target\":{\"@type\":\"EntryPoint\",\"urlTemplate\":\"https:\/\/www.sonoraenequipo.com.mx\/?s={search_term_string}\"},\"query-input\":{\"@type\":\"PropertyValueSpecification\",\"valueRequired\":true,\"valueName\":\"search_term_string\"}}],\"inLanguage\":\"es\"},{\"@type\":\"Organization\",\"@id\":\"https:\/\/www.sonoraenequipo.com.mx\/#organization\",\"name\":\"Sonoraenequipo.com.mx\",\"url\":\"https:\/\/www.sonoraenequipo.com.mx\/\",\"logo\":{\"@type\":\"ImageObject\",\"inLanguage\":\"es\",\"@id\":\"https:\/\/www.sonoraenequipo.com.mx\/#\/schema\/logo\/image\/\",\"url\":\"https:\/\/www.sonoraenequipo.com.mx\/storage\/2019\/01\/sonoraenequipo_opt.png\",\"contentUrl\":\"https:\/\/www.sonoraenequipo.com.mx\/storage\/2019\/01\/sonoraenequipo_opt.png\",\"width\":375,\"height\":125,\"caption\":\"Sonoraenequipo.com.mx\"},\"image\":{\"@id\":\"https:\/\/www.sonoraenequipo.com.mx\/#\/schema\/logo\/image\/\"},\"sameAs\":[\"https:\/\/www.facebook.com\/SonoraEE\/\",\"https:\/\/x.com\/sonoraenequipo\",\"https:\/\/www.youtube.com\/channel\/UC338nW-lPEYmJQs4ZABQ1SQ\"]},{\"@type\":\"Person\",\"@id\":\"https:\/\/www.sonoraenequipo.com.mx\/#\/schema\/person\/50102df0fb23a8fa9e8effad8fa81386\",\"name\":\"enequipo\",\"image\":{\"@type\":\"ImageObject\",\"inLanguage\":\"es\",\"@id\":\"https:\/\/www.sonoraenequipo.com.mx\/#\/schema\/person\/image\/\",\"url\":\"https:\/\/secure.gravatar.com\/avatar\/049821681b589dabc0bc20695993ccebb09f5b5d4d790cd9251b97faac7c652b?s=96&d=blank&r=g\",\"contentUrl\":\"https:\/\/secure.gravatar.com\/avatar\/049821681b589dabc0bc20695993ccebb09f5b5d4d790cd9251b97faac7c652b?s=96&d=blank&r=g\",\"caption\":\"enequipo\"},\"sameAs\":[\"https:\/\/www.facebook.com\/SonoraEE\"]}]}<\/script>\n ","yoast_head_json":{"title":"Sonora en Equipo. Zelenski pide ayuda militar y armamento a Corea del Sur MUNDO","description":"UCRANIA. \u2014 El presidente de Ucrania, Volod\u00edmir Zelenski, pidi\u00f3 hoy, 11 de abril de 2022, a Corea del Sur toda la ayuda militar que pueda proporcionar, ya En Sonora en Equipo publicamos toda la informaci\u00f3n de Sonora, M\u00e9xico y el Mundo de manera oportuna y busca que la libertad de expresi\u00f3n sea real. Visita nuestro medio informativo publicado desde Hermosillo, Sonora. %","robots":{"index":"index","follow":"follow","max-snippet":"max-snippet:-1","max-image-preview":"max-image-preview:large","max-video-preview":"max-video-preview:-1"},"canonical":"https:\/\/www.sonoraenequipo.com.mx\/zelenski-pide-ayuda-militar-y-armamento-a-corea-del-sur\/","og_locale":"es_ES","og_type":"article","og_title":"Sonora en Equipo. Zelenski pide ayuda militar y armamento a Corea del Sur MUNDO","og_description":"UCRANIA. \u2014 El presidente de Ucrania, Volod\u00edmir Zelenski, pidi\u00f3 hoy, 11 de abril de 2022, a Corea del Sur toda la ayuda militar que pueda proporcionar, ya En Sonora en Equipo publicamos toda la informaci\u00f3n de Sonora, M\u00e9xico y el Mundo de manera oportuna y busca que la libertad de expresi\u00f3n sea real. Visita nuestro medio informativo publicado desde Hermosillo, Sonora. %","og_url":"https:\/\/www.sonoraenequipo.com.mx\/zelenski-pide-ayuda-militar-y-armamento-a-corea-del-sur\/","og_site_name":"Sonora en Equipo.","article_publisher":"https:\/\/www.facebook.com\/SonoraEE\/","article_author":"https:\/\/www.facebook.com\/SonoraEE","article_published_time":"2022-04-12T01:28:39+00:00","article_modified_time":"2022-04-12T17:01:33+00:00","og_image":[{"width":700,"height":400,"url":"https:\/\/www.sonoraenequipo.com.mx\/storage\/2022\/04\/zelenzki-efe.jpg","type":"image\/jpeg"}],"author":"enequipo","twitter_card":"summary_large_image","twitter_creator":"@sonoraenequipo","twitter_site":"@sonoraenequipo","twitter_misc":{"Escrito por":"enequipo","Tiempo de lectura":"2 minutos"},"schema":{"@context":"https:\/\/schema.org","@graph":[{"@type":"Article","@id":"https:\/\/www.sonoraenequipo.com.mx\/zelenski-pide-ayuda-militar-y-armamento-a-corea-del-sur\/#article","isPartOf":{"@id":"https:\/\/www.sonoraenequipo.com.mx\/zelenski-pide-ayuda-militar-y-armamento-a-corea-del-sur\/"},"author":{"name":"enequipo","@id":"https:\/\/www.sonoraenequipo.com.mx\/#\/schema\/person\/50102df0fb23a8fa9e8effad8fa81386"},"headline":"Zelenski pide ayuda militar y armamento a Corea del Sur","datePublished":"2022-04-12T01:28:39+00:00","dateModified":"2022-04-12T17:01:33+00:00","mainEntityOfPage":{"@id":"https:\/\/www.sonoraenequipo.com.mx\/zelenski-pide-ayuda-militar-y-armamento-a-corea-del-sur\/"},"wordCount":359,"commentCount":0,"publisher":{"@id":"https:\/\/www.sonoraenequipo.com.mx\/#organization"},"image":{"@id":"https:\/\/www.sonoraenequipo.com.mx\/zelenski-pide-ayuda-militar-y-armamento-a-corea-del-sur\/#primaryimage"},"thumbnailUrl":"https:\/\/www.sonoraenequipo.com.mx\/storage\/2022\/04\/zelenzki-efe.jpg","articleSection":["MUNDO"],"inLanguage":"es","potentialAction":[{"@type":"CommentAction","name":"Comment","target":["https:\/\/www.sonoraenequipo.com.mx\/zelenski-pide-ayuda-militar-y-armamento-a-corea-del-sur\/#respond"]}]},{"@type":"WebPage","@id":"https:\/\/www.sonoraenequipo.com.mx\/zelenski-pide-ayuda-militar-y-armamento-a-corea-del-sur\/","url":"https:\/\/www.sonoraenequipo.com.mx\/zelenski-pide-ayuda-militar-y-armamento-a-corea-del-sur\/","name":"Sonora en Equipo. Zelenski pide ayuda militar y armamento a Corea del Sur MUNDO","isPartOf":{"@id":"https:\/\/www.sonoraenequipo.com.mx\/#website"},"primaryImageOfPage":{"@id":"https:\/\/www.sonoraenequipo.com.mx\/zelenski-pide-ayuda-militar-y-armamento-a-corea-del-sur\/#primaryimage"},"image":{"@id":"https:\/\/www.sonoraenequipo.com.mx\/zelenski-pide-ayuda-militar-y-armamento-a-corea-del-sur\/#primaryimage"},"thumbnailUrl":"https:\/\/www.sonoraenequipo.com.mx\/storage\/2022\/04\/zelenzki-efe.jpg","datePublished":"2022-04-12T01:28:39+00:00","dateModified":"2022-04-12T17:01:33+00:00","description":"UCRANIA. \u2014 El presidente de Ucrania, Volod\u00edmir Zelenski, pidi\u00f3 hoy, 11 de abril de 2022, a Corea del Sur toda la ayuda militar que pueda proporcionar, ya En Sonora en Equipo publicamos toda la informaci\u00f3n de Sonora, M\u00e9xico y el Mundo de manera oportuna y busca que la libertad de expresi\u00f3n sea real. Visita nuestro medio informativo publicado desde Hermosillo, Sonora. %","breadcrumb":{"@id":"https:\/\/www.sonoraenequipo.com.mx\/zelenski-pide-ayuda-militar-y-armamento-a-corea-del-sur\/#breadcrumb"},"inLanguage":"es","potentialAction":[{"@type":"ReadAction","target":["https:\/\/www.sonoraenequipo.com.mx\/zelenski-pide-ayuda-militar-y-armamento-a-corea-del-sur\/"]}]},{"@type":"ImageObject","inLanguage":"es","@id":"https:\/\/www.sonoraenequipo.com.mx\/zelenski-pide-ayuda-militar-y-armamento-a-corea-del-sur\/#primaryimage","url":"https:\/\/www.sonoraenequipo.com.mx\/storage\/2022\/04\/zelenzki-efe.jpg","contentUrl":"https:\/\/www.sonoraenequipo.com.mx\/storage\/2022\/04\/zelenzki-efe.jpg","width":700,"height":400},{"@type":"BreadcrumbList","@id":"https:\/\/www.sonoraenequipo.com.mx\/zelenski-pide-ayuda-militar-y-armamento-a-corea-del-sur\/#breadcrumb","itemListElement":[{"@type":"ListItem","position":1,"name":"Portada","item":"https:\/\/www.sonoraenequipo.com.mx\/"},{"@type":"ListItem","position":2,"name":"Zelenski pide ayuda militar y armamento a Corea del Sur"}]},{"@type":"WebSite","@id":"https:\/\/www.sonoraenequipo.com.mx\/#website","url":"https:\/\/www.sonoraenequipo.com.mx\/","name":"Sonora en Equipo.","description":"Diario en l\u00ednea con Noticias desde Hermosillo, Sonora","publisher":{"@id":"https:\/\/www.sonoraenequipo.com.mx\/#organization"},"potentialAction":[{"@type":"SearchAction","target":{"@type":"EntryPoint","urlTemplate":"https:\/\/www.sonoraenequipo.com.mx\/?s={search_term_string}"},"query-input":{"@type":"PropertyValueSpecification","valueRequired":true,"valueName":"search_term_string"}}],"inLanguage":"es"},{"@type":"Organization","@id":"https:\/\/www.sonoraenequipo.com.mx\/#organization","name":"Sonoraenequipo.com.mx","url":"https:\/\/www.sonoraenequipo.com.mx\/","logo":{"@type":"ImageObject","inLanguage":"es","@id":"https:\/\/www.sonoraenequipo.com.mx\/#\/schema\/logo\/image\/","url":"https:\/\/www.sonoraenequipo.com.mx\/storage\/2019\/01\/sonoraenequipo_opt.png","contentUrl":"https:\/\/www.sonoraenequipo.com.mx\/storage\/2019\/01\/sonoraenequipo_opt.png","width":375,"height":125,"caption":"Sonoraenequipo.com.mx"},"image":{"@id":"https:\/\/www.sonoraenequipo.com.mx\/#\/schema\/logo\/image\/"},"sameAs":["https:\/\/www.facebook.com\/SonoraEE\/","https:\/\/x.com\/sonoraenequipo","https:\/\/www.youtube.com\/channel\/UC338nW-lPEYmJQs4ZABQ1SQ"]},{"@type":"Person","@id":"https:\/\/www.sonoraenequipo.com.mx\/#\/schema\/person\/50102df0fb23a8fa9e8effad8fa81386","name":"enequipo","image":{"@type":"ImageObject","inLanguage":"es","@id":"https:\/\/www.sonoraenequipo.com.mx\/#\/schema\/person\/image\/","url":"https:\/\/secure.gravatar.com\/avatar\/049821681b589dabc0bc20695993ccebb09f5b5d4d790cd9251b97faac7c652b?s=96&d=blank&r=g","contentUrl":"https:\/\/secure.gravatar.com\/avatar\/049821681b589dabc0bc20695993ccebb09f5b5d4d790cd9251b97faac7c652b?s=96&d=blank&r=g","caption":"enequipo"},"sameAs":["https:\/\/www.facebook.com\/SonoraEE"]}]}},"jetpack_featured_media_url":"https:\/\/www.sonoraenequipo.com.mx\/storage\/2022\/04\/zelenzki-efe.jpg","_links":{"self":[{"href":"https:\/\/www.sonoraenequipo.com.mx\/api\/wp\/v2\/posts\/136615","targetHints":{"allow":["GET"]}}],"collection":[{"href":"https:\/\/www.sonoraenequipo.com.mx\/api\/wp\/v2\/posts"}],"about":[{"href":"https:\/\/www.sonoraenequipo.com.mx\/api\/wp\/v2\/types\/post"}],"author":[{"embeddable":true,"href":"https:\/\/www.sonoraenequipo.com.mx\/api\/wp\/v2\/users\/1"}],"replies":[{"embeddable":true,"href":"https:\/\/www.sonoraenequipo.com.mx\/api\/wp\/v2\/comments?post=136615"}],"version-history":[{"count":1,"href":"https:\/\/www.sonoraenequipo.com.mx\/api\/wp\/v2\/posts\/136615\/revisions"}],"predecessor-version":[{"id":136616,"href":"https:\/\/www.sonoraenequipo.com.mx\/api\/wp\/v2\/posts\/136615\/revisions\/136616"}],"wp:featuredmedia":[{"embeddable":true,"href":"https:\/\/www.sonoraenequipo.com.mx\/api\/wp\/v2\/media\/136587"}],"wp:attachment":[{"href":"https:\/\/www.sonoraenequipo.com.mx\/api\/wp\/v2\/media?parent=136615"}],"wp:term":[{"taxonomy":"category","embeddable":true,"href":"https:\/\/www.sonoraenequipo.com.mx\/api\/wp\/v2\/categories?post=136615"},{"taxonomy":"post_tag","embeddable":true,"href":"https:\/\/www.sonoraenequipo.com.mx\/api\/wp\/v2\/tags?post=136615"}],"curies":[{"name":"wp","href":"https:\/\/api.w.org\/{rel}","templated":true}]}}