{"id":136654,"date":"2022-04-12T09:38:16","date_gmt":"2022-04-12T16:38:16","guid":{"rendered":"https:\/\/www.sonoraenequipo.com.mx\/?p=136654"},"modified":"2022-04-12T17:33:07","modified_gmt":"2022-04-13T00:33:07","slug":"implementan-secretaria-de-educacion-e-instituto-sonorense-de-la-juventud-centros-de-bienestar-juveni","status":"publish","type":"post","link":"https:\/\/www.sonoraenequipo.com.mx\/implementan-secretaria-de-educacion-e-instituto-sonorense-de-la-juventud-centros-de-bienestar-juveni\/","title":{"rendered":"Implementan Secretar\u00eda de Educaci\u00f3n e Instituto Sonorense de la Juventud Centros de Bienestar Juveni"},"content":{"rendered":"<p><strong>HERMOSILLO, SONORA. MX. \u2014<\/strong> Con la participaci\u00f3n de m\u00e1s de tres mil ni\u00f1as, ni\u00f1os y j\u00f3venes iniciaron este lunes los Centros de Bienestar Juvenil, implementados por la Secretar\u00eda de Educaci\u00f3n y Cultura (SEC) y el Instituto Sonorense de la Juventud (ISJ) en diez sedes de diferentes municipios del estado.<\/p>\n<p>&nbsp;<\/p>\n<p> <\/p>\n<p>&nbsp;<\/p>\n<p>Los titulares de la SEC, Aaron Grageda Bustamante y del ISJ, Rebeca Valenzuela \u00c1lvarez, supervisaron el arranque de actividades en la primaria Manuel Mirazo Navarrete de la colonia Ley 57 de la capital sonorense, acompa\u00f1ados de la directora del plantel, Mar\u00eda Guadalupe Ramos.<\/p>\n<p>&nbsp;<\/p>\n<p>Grageda Bustamante explic\u00f3 que el objetivo es que, durante este per\u00edodo vacacional, los ni\u00f1os, ni\u00f1as y j\u00f3venes de 7 a 15 a\u00f1os de edad cuenten con una nueva alternativa para contribuir en su desarrollo arm\u00f3nico.<\/p>\n<p>&nbsp;<\/p>\n<p>&nbsp;<\/p>\n<p>El funcionario estatal detall\u00f3 que se trabajar\u00e1 en colonias detectadas como en situaci\u00f3n de riesgo y las actividades est\u00e1n orientadas a contribuir en la reducci\u00f3n de la violencia, conductas antisociales y delincuencia, mediante la implementaci\u00f3n de una estrategia integral que promueva el desarrollo de habilidades art\u00edsticas y deportivas.<\/p>\n<p>&nbsp;<\/p>\n<p>&nbsp;<\/p>\n<p>Los Centros de Bienestar Juvenil, a\u00f1adi\u00f3, forman parte de un programa de colaboraci\u00f3n interinstitucional en el que tambi\u00e9n participa la Secretar\u00eda de Seguridad P\u00fablica (SSP) y se ubican en los municipios de Agua Prieta, Cajeme, Empalme, Etchojoa, Hermosillo (dos sedes), Nogales, Puerto Pe\u00f1asco, Santa Ana y San Luis R\u00edo Colorado.<\/p>\n<p>&nbsp;<\/p>\n<p>&nbsp;<\/p>\n<p>En cada sede se impartir\u00e1n talleres de b\u00e1squetbol, v\u00f3leibol, futbol, defensa personal, arte y cultura, as\u00ed como asesor\u00eda psicol\u00f3gica y nutricional de manera totalmente gratuita.<\/p>\n<p>&nbsp;<\/p>\n<p>&nbsp;<\/p>\n<p><em>\u201cEs un honor para la SEC tener la oportunidad de estrechar lazos con el ISJ en actividades l\u00fadicas que est\u00e1n llev\u00e1ndose a cabo en planteles que venimos consolidando en el retorno escolar; ejercicios de esta naturaleza son una opci\u00f3n para muchos ni\u00f1os, ni\u00f1os y j\u00f3venes que se quedan en casa y necesitan la distracci\u00f3n m\u00e1s all\u00e1 de los dispositivos inteligentes. Poder reforzar la tolerancia y con ello tambi\u00e9n su condici\u00f3n f\u00edsica es lo mejor que podemos hacer para la juventud y vamos a seguir haciendo equipo de hoy en adelante\u201d,<\/em> expres\u00f3.<\/p>\n<p>&nbsp;<\/p>\n<p>&nbsp;<\/p>\n<p>Por su parte, la titular del ISJ, Rebeca Valenzuela, reiter\u00f3 que los centros son resultado de un trabajo en conjunto, donde la SSP brind\u00f3 un diagn\u00f3stico sobre los focos de colonias de alto \u00edndice de violencia y la SEC ofreci\u00f3 los espacios escolares para poder llevar esta opci\u00f3n a todos esos ni\u00f1os, ni\u00f1as y j\u00f3venes que no salieron de vacaciones.<\/p>\n<p>&nbsp;<\/p>\n<p>&nbsp;<\/p>\n<p>Agreg\u00f3 que en futuras etapas se llevara el programa a m\u00e1s colonias y ciudades del estado como una estrategia permanente durante los per\u00edodos vacacionales, para que los ni\u00f1os, ni\u00f1as y j\u00f3venes cuenten con una opci\u00f3n de esparcimiento sano y de salud.<\/p>\n<p>&nbsp;<\/p>\n<p>&nbsp;<\/p>\n<p>(Publicada el 12\/04\/2022 \/Con informaci\u00f3n de GOBSON 0422086)<\/p>\n","protected":false},"excerpt":{"rendered":"<p>HERMOSILLO, SONORA. MX. \u2014 Con la participaci\u00f3n de m\u00e1s de tres mil ni\u00f1as, ni\u00f1os y&#8230;<\/p>\n","protected":false},"author":1,"featured_media":136655,"comment_status":"open","ping_status":"open","sticky":false,"template":"","format":"standard","meta":{"_monsterinsights_skip_tracking":false,"_monsterinsights_sitenote_active":false,"_monsterinsights_sitenote_note":"","_monsterinsights_sitenote_category":0,"footnotes":""},"categories":[22],"tags":[],"class_list":["post"],"yoast_head":" \n<title>Sonora en Equipo. Implementan Secretar\u00eda de Educaci\u00f3n e Instituto Sonorense de la Juventud Centros de Bienestar Juveni Sonora<\/title>\n<meta name=\"description\" content=\"HERMOSILLO, SONORA. MX. \u2014 Con la participaci\u00f3n de m\u00e1s de tres mil ni\u00f1as, ni\u00f1os y j\u00f3venes iniciaron este lunes los Centros de Bienestar Juvenil, En Sonora en Equipo publicamos toda la informaci\u00f3n de Sonora, M\u00e9xico y el Mundo de manera oportuna y busca que la libertad de expresi\u00f3n sea real. Visita nuestro medio informativo publicado desde Hermosillo, Sonora. %\" \/>\n<meta name=\"robots\" content=\"index, follow, max-snippet:-1, max-image-preview:large, max-video-preview:-1\" \/>\n<link rel=\"canonical\" href=\"https:\/\/www.sonoraenequipo.com.mx\/implementan-secretaria-de-educacion-e-instituto-sonorense-de-la-juventud-centros-de-bienestar-juveni\/\" \/>\n<meta property=\"og:locale\" content=\"es_ES\" \/>\n<meta property=\"og:type\" content=\"article\" \/>\n<meta property=\"og:title\" content=\"Sonora en Equipo. Implementan Secretar\u00eda de Educaci\u00f3n e Instituto Sonorense de la Juventud Centros de Bienestar Juveni Sonora\" \/>\n<meta property=\"og:description\" content=\"HERMOSILLO, SONORA. MX. \u2014 Con la participaci\u00f3n de m\u00e1s de tres mil ni\u00f1as, ni\u00f1os y j\u00f3venes iniciaron este lunes los Centros de Bienestar Juvenil, En Sonora en Equipo publicamos toda la informaci\u00f3n de Sonora, M\u00e9xico y el Mundo de manera oportuna y busca que la libertad de expresi\u00f3n sea real. Visita nuestro medio informativo publicado desde Hermosillo, Sonora. %\" \/>\n<meta property=\"og:url\" content=\"https:\/\/www.sonoraenequipo.com.mx\/implementan-secretaria-de-educacion-e-instituto-sonorense-de-la-juventud-centros-de-bienestar-juveni\/\" \/>\n<meta property=\"og:site_name\" content=\"Sonora en Equipo.\" \/>\n<meta property=\"article:publisher\" content=\"https:\/\/www.facebook.com\/SonoraEE\/\" \/>\n<meta property=\"article:author\" content=\"https:\/\/www.facebook.com\/SonoraEE\" \/>\n<meta property=\"article:published_time\" content=\"2022-04-12T16:38:16+00:00\" \/>\n<meta property=\"article:modified_time\" content=\"2022-04-13T00:33:07+00:00\" \/>\n<meta property=\"og:image\" content=\"https:\/\/www.sonoraenequipo.com.mx\/storage\/2022\/04\/sec-e-isj-en-sonora-a.jpg\" \/>\n\t<meta property=\"og:image:width\" content=\"700\" \/>\n\t<meta property=\"og:image:height\" content=\"400\" \/>\n\t<meta property=\"og:image:type\" content=\"image\/jpeg\" \/>\n<meta name=\"author\" content=\"enequipo\" \/>\n<meta name=\"twitter:card\" content=\"summary_large_image\" \/>\n<meta name=\"twitter:creator\" content=\"@sonoraenequipo\" \/>\n<meta name=\"twitter:site\" content=\"@sonoraenequipo\" \/>\n<meta name=\"twitter:label1\" content=\"Escrito por\" \/>\n\t<meta name=\"twitter:data1\" content=\"enequipo\" \/>\n\t<meta name=\"twitter:label2\" content=\"Tiempo de lectura\" \/>\n\t<meta name=\"twitter:data2\" content=\"3 minutos\" \/>\n<script type=\"application\/ld+json\" class=\"yoast-schema-graph\">{\"@context\":\"https:\/\/schema.org\",\"@graph\":[{\"@type\":\"Article\",\"@id\":\"https:\/\/www.sonoraenequipo.com.mx\/implementan-secretaria-de-educacion-e-instituto-sonorense-de-la-juventud-centros-de-bienestar-juveni\/#article\",\"isPartOf\":{\"@id\":\"https:\/\/www.sonoraenequipo.com.mx\/implementan-secretaria-de-educacion-e-instituto-sonorense-de-la-juventud-centros-de-bienestar-juveni\/\"},\"author\":{\"name\":\"enequipo\",\"@id\":\"https:\/\/www.sonoraenequipo.com.mx\/#\/schema\/person\/50102df0fb23a8fa9e8effad8fa81386\"},\"headline\":\"Implementan Secretar\u00eda de Educaci\u00f3n e Instituto Sonorense de la Juventud Centros de Bienestar Juveni\",\"datePublished\":\"2022-04-12T16:38:16+00:00\",\"dateModified\":\"2022-04-13T00:33:07+00:00\",\"mainEntityOfPage\":{\"@id\":\"https:\/\/www.sonoraenequipo.com.mx\/implementan-secretaria-de-educacion-e-instituto-sonorense-de-la-juventud-centros-de-bienestar-juveni\/\"},\"wordCount\":533,\"commentCount\":0,\"publisher\":{\"@id\":\"https:\/\/www.sonoraenequipo.com.mx\/#organization\"},\"image\":{\"@id\":\"https:\/\/www.sonoraenequipo.com.mx\/implementan-secretaria-de-educacion-e-instituto-sonorense-de-la-juventud-centros-de-bienestar-juveni\/#primaryimage\"},\"thumbnailUrl\":\"https:\/\/www.sonoraenequipo.com.mx\/storage\/2022\/04\/sec-e-isj-en-sonora-a.jpg\",\"articleSection\":[\"Sonora\"],\"inLanguage\":\"es\",\"potentialAction\":[{\"@type\":\"CommentAction\",\"name\":\"Comment\",\"target\":[\"https:\/\/www.sonoraenequipo.com.mx\/implementan-secretaria-de-educacion-e-instituto-sonorense-de-la-juventud-centros-de-bienestar-juveni\/#respond\"]}]},{\"@type\":\"WebPage\",\"@id\":\"https:\/\/www.sonoraenequipo.com.mx\/implementan-secretaria-de-educacion-e-instituto-sonorense-de-la-juventud-centros-de-bienestar-juveni\/\",\"url\":\"https:\/\/www.sonoraenequipo.com.mx\/implementan-secretaria-de-educacion-e-instituto-sonorense-de-la-juventud-centros-de-bienestar-juveni\/\",\"name\":\"Sonora en Equipo. Implementan Secretar\u00eda de Educaci\u00f3n e Instituto Sonorense de la Juventud Centros de Bienestar Juveni Sonora\",\"isPartOf\":{\"@id\":\"https:\/\/www.sonoraenequipo.com.mx\/#website\"},\"primaryImageOfPage\":{\"@id\":\"https:\/\/www.sonoraenequipo.com.mx\/implementan-secretaria-de-educacion-e-instituto-sonorense-de-la-juventud-centros-de-bienestar-juveni\/#primaryimage\"},\"image\":{\"@id\":\"https:\/\/www.sonoraenequipo.com.mx\/implementan-secretaria-de-educacion-e-instituto-sonorense-de-la-juventud-centros-de-bienestar-juveni\/#primaryimage\"},\"thumbnailUrl\":\"https:\/\/www.sonoraenequipo.com.mx\/storage\/2022\/04\/sec-e-isj-en-sonora-a.jpg\",\"datePublished\":\"2022-04-12T16:38:16+00:00\",\"dateModified\":\"2022-04-13T00:33:07+00:00\",\"description\":\"HERMOSILLO, SONORA. MX. \u2014 Con la participaci\u00f3n de m\u00e1s de tres mil ni\u00f1as, ni\u00f1os y j\u00f3venes iniciaron este lunes los Centros de Bienestar Juvenil, En Sonora en Equipo publicamos toda la informaci\u00f3n de Sonora, M\u00e9xico y el Mundo de manera oportuna y busca que la libertad de expresi\u00f3n sea real. Visita nuestro medio informativo publicado desde Hermosillo, Sonora. %\",\"breadcrumb\":{\"@id\":\"https:\/\/www.sonoraenequipo.com.mx\/implementan-secretaria-de-educacion-e-instituto-sonorense-de-la-juventud-centros-de-bienestar-juveni\/#breadcrumb\"},\"inLanguage\":\"es\",\"potentialAction\":[{\"@type\":\"ReadAction\",\"target\":[\"https:\/\/www.sonoraenequipo.com.mx\/implementan-secretaria-de-educacion-e-instituto-sonorense-de-la-juventud-centros-de-bienestar-juveni\/\"]}]},{\"@type\":\"ImageObject\",\"inLanguage\":\"es\",\"@id\":\"https:\/\/www.sonoraenequipo.com.mx\/implementan-secretaria-de-educacion-e-instituto-sonorense-de-la-juventud-centros-de-bienestar-juveni\/#primaryimage\",\"url\":\"https:\/\/www.sonoraenequipo.com.mx\/storage\/2022\/04\/sec-e-isj-en-sonora-a.jpg\",\"contentUrl\":\"https:\/\/www.sonoraenequipo.com.mx\/storage\/2022\/04\/sec-e-isj-en-sonora-a.jpg\",\"width\":700,\"height\":400},{\"@type\":\"BreadcrumbList\",\"@id\":\"https:\/\/www.sonoraenequipo.com.mx\/implementan-secretaria-de-educacion-e-instituto-sonorense-de-la-juventud-centros-de-bienestar-juveni\/#breadcrumb\",\"itemListElement\":[{\"@type\":\"ListItem\",\"position\":1,\"name\":\"Portada\",\"item\":\"https:\/\/www.sonoraenequipo.com.mx\/\"},{\"@type\":\"ListItem\",\"position\":2,\"name\":\"Implementan Secretar\u00eda de Educaci\u00f3n e Instituto Sonorense de la Juventud Centros de Bienestar Juveni\"}]},{\"@type\":\"WebSite\",\"@id\":\"https:\/\/www.sonoraenequipo.com.mx\/#website\",\"url\":\"https:\/\/www.sonoraenequipo.com.mx\/\",\"name\":\"Sonora en Equipo.\",\"description\":\"Diario en l\u00ednea con Noticias desde Hermosillo, Sonora\",\"publisher\":{\"@id\":\"https:\/\/www.sonoraenequipo.com.mx\/#organization\"},\"potentialAction\":[{\"@type\":\"SearchAction\",\"target\":{\"@type\":\"EntryPoint\",\"urlTemplate\":\"https:\/\/www.sonoraenequipo.com.mx\/?s={search_term_string}\"},\"query-input\":{\"@type\":\"PropertyValueSpecification\",\"valueRequired\":true,\"valueName\":\"search_term_string\"}}],\"inLanguage\":\"es\"},{\"@type\":\"Organization\",\"@id\":\"https:\/\/www.sonoraenequipo.com.mx\/#organization\",\"name\":\"Sonoraenequipo.com.mx\",\"url\":\"https:\/\/www.sonoraenequipo.com.mx\/\",\"logo\":{\"@type\":\"ImageObject\",\"inLanguage\":\"es\",\"@id\":\"https:\/\/www.sonoraenequipo.com.mx\/#\/schema\/logo\/image\/\",\"url\":\"https:\/\/www.sonoraenequipo.com.mx\/storage\/2019\/01\/sonoraenequipo_opt.png\",\"contentUrl\":\"https:\/\/www.sonoraenequipo.com.mx\/storage\/2019\/01\/sonoraenequipo_opt.png\",\"width\":375,\"height\":125,\"caption\":\"Sonoraenequipo.com.mx\"},\"image\":{\"@id\":\"https:\/\/www.sonoraenequipo.com.mx\/#\/schema\/logo\/image\/\"},\"sameAs\":[\"https:\/\/www.facebook.com\/SonoraEE\/\",\"https:\/\/x.com\/sonoraenequipo\",\"https:\/\/www.youtube.com\/channel\/UC338nW-lPEYmJQs4ZABQ1SQ\"]},{\"@type\":\"Person\",\"@id\":\"https:\/\/www.sonoraenequipo.com.mx\/#\/schema\/person\/50102df0fb23a8fa9e8effad8fa81386\",\"name\":\"enequipo\",\"image\":{\"@type\":\"ImageObject\",\"inLanguage\":\"es\",\"@id\":\"https:\/\/www.sonoraenequipo.com.mx\/#\/schema\/person\/image\/\",\"url\":\"https:\/\/secure.gravatar.com\/avatar\/049821681b589dabc0bc20695993ccebb09f5b5d4d790cd9251b97faac7c652b?s=96&d=blank&r=g\",\"contentUrl\":\"https:\/\/secure.gravatar.com\/avatar\/049821681b589dabc0bc20695993ccebb09f5b5d4d790cd9251b97faac7c652b?s=96&d=blank&r=g\",\"caption\":\"enequipo\"},\"sameAs\":[\"https:\/\/www.facebook.com\/SonoraEE\"]}]}<\/script>\n ","yoast_head_json":{"title":"Sonora en Equipo. Implementan Secretar\u00eda de Educaci\u00f3n e Instituto Sonorense de la Juventud Centros de Bienestar Juveni Sonora","description":"HERMOSILLO, SONORA. MX. \u2014 Con la participaci\u00f3n de m\u00e1s de tres mil ni\u00f1as, ni\u00f1os y j\u00f3venes iniciaron este lunes los Centros de Bienestar Juvenil, En Sonora en Equipo publicamos toda la informaci\u00f3n de Sonora, M\u00e9xico y el Mundo de manera oportuna y busca que la libertad de expresi\u00f3n sea real. Visita nuestro medio informativo publicado desde Hermosillo, Sonora. %","robots":{"index":"index","follow":"follow","max-snippet":"max-snippet:-1","max-image-preview":"max-image-preview:large","max-video-preview":"max-video-preview:-1"},"canonical":"https:\/\/www.sonoraenequipo.com.mx\/implementan-secretaria-de-educacion-e-instituto-sonorense-de-la-juventud-centros-de-bienestar-juveni\/","og_locale":"es_ES","og_type":"article","og_title":"Sonora en Equipo. Implementan Secretar\u00eda de Educaci\u00f3n e Instituto Sonorense de la Juventud Centros de Bienestar Juveni Sonora","og_description":"HERMOSILLO, SONORA. MX. \u2014 Con la participaci\u00f3n de m\u00e1s de tres mil ni\u00f1as, ni\u00f1os y j\u00f3venes iniciaron este lunes los Centros de Bienestar Juvenil, En Sonora en Equipo publicamos toda la informaci\u00f3n de Sonora, M\u00e9xico y el Mundo de manera oportuna y busca que la libertad de expresi\u00f3n sea real. Visita nuestro medio informativo publicado desde Hermosillo, Sonora. %","og_url":"https:\/\/www.sonoraenequipo.com.mx\/implementan-secretaria-de-educacion-e-instituto-sonorense-de-la-juventud-centros-de-bienestar-juveni\/","og_site_name":"Sonora en Equipo.","article_publisher":"https:\/\/www.facebook.com\/SonoraEE\/","article_author":"https:\/\/www.facebook.com\/SonoraEE","article_published_time":"2022-04-12T16:38:16+00:00","article_modified_time":"2022-04-13T00:33:07+00:00","og_image":[{"width":700,"height":400,"url":"https:\/\/www.sonoraenequipo.com.mx\/storage\/2022\/04\/sec-e-isj-en-sonora-a.jpg","type":"image\/jpeg"}],"author":"enequipo","twitter_card":"summary_large_image","twitter_creator":"@sonoraenequipo","twitter_site":"@sonoraenequipo","twitter_misc":{"Escrito por":"enequipo","Tiempo de lectura":"3 minutos"},"schema":{"@context":"https:\/\/schema.org","@graph":[{"@type":"Article","@id":"https:\/\/www.sonoraenequipo.com.mx\/implementan-secretaria-de-educacion-e-instituto-sonorense-de-la-juventud-centros-de-bienestar-juveni\/#article","isPartOf":{"@id":"https:\/\/www.sonoraenequipo.com.mx\/implementan-secretaria-de-educacion-e-instituto-sonorense-de-la-juventud-centros-de-bienestar-juveni\/"},"author":{"name":"enequipo","@id":"https:\/\/www.sonoraenequipo.com.mx\/#\/schema\/person\/50102df0fb23a8fa9e8effad8fa81386"},"headline":"Implementan Secretar\u00eda de Educaci\u00f3n e Instituto Sonorense de la Juventud Centros de Bienestar Juveni","datePublished":"2022-04-12T16:38:16+00:00","dateModified":"2022-04-13T00:33:07+00:00","mainEntityOfPage":{"@id":"https:\/\/www.sonoraenequipo.com.mx\/implementan-secretaria-de-educacion-e-instituto-sonorense-de-la-juventud-centros-de-bienestar-juveni\/"},"wordCount":533,"commentCount":0,"publisher":{"@id":"https:\/\/www.sonoraenequipo.com.mx\/#organization"},"image":{"@id":"https:\/\/www.sonoraenequipo.com.mx\/implementan-secretaria-de-educacion-e-instituto-sonorense-de-la-juventud-centros-de-bienestar-juveni\/#primaryimage"},"thumbnailUrl":"https:\/\/www.sonoraenequipo.com.mx\/storage\/2022\/04\/sec-e-isj-en-sonora-a.jpg","articleSection":["Sonora"],"inLanguage":"es","potentialAction":[{"@type":"CommentAction","name":"Comment","target":["https:\/\/www.sonoraenequipo.com.mx\/implementan-secretaria-de-educacion-e-instituto-sonorense-de-la-juventud-centros-de-bienestar-juveni\/#respond"]}]},{"@type":"WebPage","@id":"https:\/\/www.sonoraenequipo.com.mx\/implementan-secretaria-de-educacion-e-instituto-sonorense-de-la-juventud-centros-de-bienestar-juveni\/","url":"https:\/\/www.sonoraenequipo.com.mx\/implementan-secretaria-de-educacion-e-instituto-sonorense-de-la-juventud-centros-de-bienestar-juveni\/","name":"Sonora en Equipo. Implementan Secretar\u00eda de Educaci\u00f3n e Instituto Sonorense de la Juventud Centros de Bienestar Juveni Sonora","isPartOf":{"@id":"https:\/\/www.sonoraenequipo.com.mx\/#website"},"primaryImageOfPage":{"@id":"https:\/\/www.sonoraenequipo.com.mx\/implementan-secretaria-de-educacion-e-instituto-sonorense-de-la-juventud-centros-de-bienestar-juveni\/#primaryimage"},"image":{"@id":"https:\/\/www.sonoraenequipo.com.mx\/implementan-secretaria-de-educacion-e-instituto-sonorense-de-la-juventud-centros-de-bienestar-juveni\/#primaryimage"},"thumbnailUrl":"https:\/\/www.sonoraenequipo.com.mx\/storage\/2022\/04\/sec-e-isj-en-sonora-a.jpg","datePublished":"2022-04-12T16:38:16+00:00","dateModified":"2022-04-13T00:33:07+00:00","description":"HERMOSILLO, SONORA. MX. \u2014 Con la participaci\u00f3n de m\u00e1s de tres mil ni\u00f1as, ni\u00f1os y j\u00f3venes iniciaron este lunes los Centros de Bienestar Juvenil, En Sonora en Equipo publicamos toda la informaci\u00f3n de Sonora, M\u00e9xico y el Mundo de manera oportuna y busca que la libertad de expresi\u00f3n sea real. Visita nuestro medio informativo publicado desde Hermosillo, Sonora. %","breadcrumb":{"@id":"https:\/\/www.sonoraenequipo.com.mx\/implementan-secretaria-de-educacion-e-instituto-sonorense-de-la-juventud-centros-de-bienestar-juveni\/#breadcrumb"},"inLanguage":"es","potentialAction":[{"@type":"ReadAction","target":["https:\/\/www.sonoraenequipo.com.mx\/implementan-secretaria-de-educacion-e-instituto-sonorense-de-la-juventud-centros-de-bienestar-juveni\/"]}]},{"@type":"ImageObject","inLanguage":"es","@id":"https:\/\/www.sonoraenequipo.com.mx\/implementan-secretaria-de-educacion-e-instituto-sonorense-de-la-juventud-centros-de-bienestar-juveni\/#primaryimage","url":"https:\/\/www.sonoraenequipo.com.mx\/storage\/2022\/04\/sec-e-isj-en-sonora-a.jpg","contentUrl":"https:\/\/www.sonoraenequipo.com.mx\/storage\/2022\/04\/sec-e-isj-en-sonora-a.jpg","width":700,"height":400},{"@type":"BreadcrumbList","@id":"https:\/\/www.sonoraenequipo.com.mx\/implementan-secretaria-de-educacion-e-instituto-sonorense-de-la-juventud-centros-de-bienestar-juveni\/#breadcrumb","itemListElement":[{"@type":"ListItem","position":1,"name":"Portada","item":"https:\/\/www.sonoraenequipo.com.mx\/"},{"@type":"ListItem","position":2,"name":"Implementan Secretar\u00eda de Educaci\u00f3n e Instituto Sonorense de la Juventud Centros de Bienestar Juveni"}]},{"@type":"WebSite","@id":"https:\/\/www.sonoraenequipo.com.mx\/#website","url":"https:\/\/www.sonoraenequipo.com.mx\/","name":"Sonora en Equipo.","description":"Diario en l\u00ednea con Noticias desde Hermosillo, Sonora","publisher":{"@id":"https:\/\/www.sonoraenequipo.com.mx\/#organization"},"potentialAction":[{"@type":"SearchAction","target":{"@type":"EntryPoint","urlTemplate":"https:\/\/www.sonoraenequipo.com.mx\/?s={search_term_string}"},"query-input":{"@type":"PropertyValueSpecification","valueRequired":true,"valueName":"search_term_string"}}],"inLanguage":"es"},{"@type":"Organization","@id":"https:\/\/www.sonoraenequipo.com.mx\/#organization","name":"Sonoraenequipo.com.mx","url":"https:\/\/www.sonoraenequipo.com.mx\/","logo":{"@type":"ImageObject","inLanguage":"es","@id":"https:\/\/www.sonoraenequipo.com.mx\/#\/schema\/logo\/image\/","url":"https:\/\/www.sonoraenequipo.com.mx\/storage\/2019\/01\/sonoraenequipo_opt.png","contentUrl":"https:\/\/www.sonoraenequipo.com.mx\/storage\/2019\/01\/sonoraenequipo_opt.png","width":375,"height":125,"caption":"Sonoraenequipo.com.mx"},"image":{"@id":"https:\/\/www.sonoraenequipo.com.mx\/#\/schema\/logo\/image\/"},"sameAs":["https:\/\/www.facebook.com\/SonoraEE\/","https:\/\/x.com\/sonoraenequipo","https:\/\/www.youtube.com\/channel\/UC338nW-lPEYmJQs4ZABQ1SQ"]},{"@type":"Person","@id":"https:\/\/www.sonoraenequipo.com.mx\/#\/schema\/person\/50102df0fb23a8fa9e8effad8fa81386","name":"enequipo","image":{"@type":"ImageObject","inLanguage":"es","@id":"https:\/\/www.sonoraenequipo.com.mx\/#\/schema\/person\/image\/","url":"https:\/\/secure.gravatar.com\/avatar\/049821681b589dabc0bc20695993ccebb09f5b5d4d790cd9251b97faac7c652b?s=96&d=blank&r=g","contentUrl":"https:\/\/secure.gravatar.com\/avatar\/049821681b589dabc0bc20695993ccebb09f5b5d4d790cd9251b97faac7c652b?s=96&d=blank&r=g","caption":"enequipo"},"sameAs":["https:\/\/www.facebook.com\/SonoraEE"]}]}},"jetpack_featured_media_url":"https:\/\/www.sonoraenequipo.com.mx\/storage\/2022\/04\/sec-e-isj-en-sonora-a.jpg","_links":{"self":[{"href":"https:\/\/www.sonoraenequipo.com.mx\/api\/wp\/v2\/posts\/136654","targetHints":{"allow":["GET"]}}],"collection":[{"href":"https:\/\/www.sonoraenequipo.com.mx\/api\/wp\/v2\/posts"}],"about":[{"href":"https:\/\/www.sonoraenequipo.com.mx\/api\/wp\/v2\/types\/post"}],"author":[{"embeddable":true,"href":"https:\/\/www.sonoraenequipo.com.mx\/api\/wp\/v2\/users\/1"}],"replies":[{"embeddable":true,"href":"https:\/\/www.sonoraenequipo.com.mx\/api\/wp\/v2\/comments?post=136654"}],"version-history":[{"count":1,"href":"https:\/\/www.sonoraenequipo.com.mx\/api\/wp\/v2\/posts\/136654\/revisions"}],"predecessor-version":[{"id":136656,"href":"https:\/\/www.sonoraenequipo.com.mx\/api\/wp\/v2\/posts\/136654\/revisions\/136656"}],"wp:featuredmedia":[{"embeddable":true,"href":"https:\/\/www.sonoraenequipo.com.mx\/api\/wp\/v2\/media\/136655"}],"wp:attachment":[{"href":"https:\/\/www.sonoraenequipo.com.mx\/api\/wp\/v2\/media?parent=136654"}],"wp:term":[{"taxonomy":"category","embeddable":true,"href":"https:\/\/www.sonoraenequipo.com.mx\/api\/wp\/v2\/categories?post=136654"},{"taxonomy":"post_tag","embeddable":true,"href":"https:\/\/www.sonoraenequipo.com.mx\/api\/wp\/v2\/tags?post=136654"}],"curies":[{"name":"wp","href":"https:\/\/api.w.org\/{rel}","templated":true}]}}