{"id":136657,"date":"2022-04-12T15:33:45","date_gmt":"2022-04-12T22:33:45","guid":{"rendered":"https:\/\/www.sonoraenequipo.com.mx\/?p=136657"},"modified":"2022-04-12T18:20:33","modified_gmt":"2022-04-13T01:20:33","slug":"avanza-la-promocion-de-carreras-de-ues-en-miguel-aleman","status":"publish","type":"post","link":"https:\/\/www.sonoraenequipo.com.mx\/avanza-la-promocion-de-carreras-de-ues-en-miguel-aleman\/","title":{"rendered":"Avanza la promoci\u00f3n de carreras de UES en Miguel Alem\u00e1n"},"content":{"rendered":"<p><strong>HERMOSILL<\/strong>O<strong>, SONORA. MX. \u2014<\/strong> Personal de la Universidad Estatal de Sonora (UES) intensifica la promoci\u00f3n de los seis programas educativos que la universidad oferta en el poblado Miguel Alem\u00e1n y que iniciar\u00e1n clases el pr\u00f3ximo agosto.<\/p>\n<p>&nbsp;<\/p>\n<p>&nbsp;<\/p>\n<p> <\/p>\n<p>&nbsp;<\/p>\n<p>&nbsp;<\/p>\n<p>Jos\u00e9 Manuel S\u00e1nchez Gamboa, coordinador de vinculaci\u00f3n de la UES, invit\u00f3 a los estudiantes de \u00faltimos semestres del CBTA No. 264, a aprovechar la oportunidad que la UES les brinda para estudiar una carrera universitaria en su ciudad.<\/p>\n<p>&nbsp;<\/p>\n<p>&nbsp;<\/p>\n<p><em>\u201cNos encontramos en la etapa de registro de aspirantes para estudiar una de las seis carreras que la UES oferta para los egresados de preparatoria de Miguel Alem\u00e1n, los inscritos iniciar\u00e1n clases en agosto de este a\u00f1o en modalidad virtual e h\u00edbrida\u201d,<\/em> manifest\u00f3.<\/p>\n<p>&nbsp;<\/p>\n<p>&nbsp;<\/p>\n<p>El proyecto de extensi\u00f3n de la UES en el poblado Miguel Alem\u00e1n, explic\u00f3, contempla que, durante el primer a\u00f1o, los inscritos llevar\u00e1n sus clases en modalidad h\u00edbrida, es decir, los estudiantes consultar\u00e1n los contenidos en la plataforma de la UES como en las carreras virtuales, pero tendr\u00e1n acompa\u00f1amiento presencial y personal algunos d\u00edas de la semana, en instalaciones que se le prestar\u00e1n a la instituci\u00f3n.<\/p>\n<p>&nbsp;<\/p>\n<p>&nbsp;<\/p>\n<p>Los programas que se ofrecen en la modalidad h\u00edbrida son las licenciaturas en Agronegocios y Horticultura, mientras que en la modalidad virtual se ofertan las licenciaturas en Administraci\u00f3n de Empresas, Contadur\u00eda, Gesti\u00f3n y Desarrollo de Negocios, as\u00ed como la ingenier\u00eda en Software.<\/p>\n<p>&nbsp;<\/p>\n<p>&nbsp;<\/p>\n<p>S\u00e1nchez Gamboa agreg\u00f3 que la posibilidad de estudiar una carrera universitaria sin desplazarse a Hermosillo caus\u00f3 mucho inter\u00e9s entre los estudiantes del CBTA, quienes aprovecharon para que los promotores de la UES, los apoyaran al realizar su registro en l\u00ednea, en el portal https:\/\/aspirantes.ues.mx<\/p>\n<p>&nbsp;<\/p>\n<p>&nbsp;<\/p>\n<p>La Telesecundaria No. 218 ofreci\u00f3 seis aulas para que los inscritos tomen sus clases de manera h\u00edbrida durante el primer a\u00f1o, a partir del mes de agosto.<\/p>\n<p>&nbsp;<\/p>\n<p>&nbsp;<\/p>\n<p>Los interesados en estudiar una carrera en la UES podr\u00e1n registrarse antes del 6 de mayo para Agronegocios y Horticultura y tienen hasta el 27 de mayo para registrarse en las carreras de la modalidad virtual.<\/p>\n<p>&nbsp;<\/p>\n<p>&nbsp;<\/p>\n<p>Asimismo, deber\u00e1n realizar su registro como aspirantes en el portal https:\/\/aspirantes.ues.mx, realizar el pago de su examen de admisi\u00f3n y presentarlo, para una vez aceptado realizar el pago de su inscripci\u00f3n e iniciar sus clases en agosto.<\/p>\n<p>&nbsp;<\/p>\n<p>&nbsp;<\/p>\n<p>(Publicada el 12\/04\/2022 \/Con informaci\u00f3n de GOBSON 0422-088)<\/p>\n","protected":false},"excerpt":{"rendered":"<p>HERMOSILLO, SONORA. MX. \u2014 Personal de la Universidad Estatal de Sonora (UES) intensifica la promoci\u00f3n&#8230;<\/p>\n","protected":false},"author":1,"featured_media":136658,"comment_status":"open","ping_status":"open","sticky":false,"template":"","format":"standard","meta":{"_monsterinsights_skip_tracking":false,"_monsterinsights_sitenote_active":false,"_monsterinsights_sitenote_note":"","_monsterinsights_sitenote_category":0,"footnotes":""},"categories":[22],"tags":[],"class_list":["post"],"yoast_head":" \n<title>Sonora en Equipo. Avanza la promoci\u00f3n de carreras de UES en Miguel Alem\u00e1n Sonora<\/title>\n<meta name=\"description\" content=\"HERMOSILLO, SONORA. MX. \u2014 Personal de la Universidad Estatal de Sonora (UES) intensifica la promoci\u00f3n de los seis programas educativos que la universidad En Sonora en Equipo publicamos toda la informaci\u00f3n de Sonora, M\u00e9xico y el Mundo de manera oportuna y busca que la libertad de expresi\u00f3n sea real. Visita nuestro medio informativo publicado desde Hermosillo, Sonora. %\" \/>\n<meta name=\"robots\" content=\"index, follow, max-snippet:-1, max-image-preview:large, max-video-preview:-1\" \/>\n<link rel=\"canonical\" href=\"https:\/\/www.sonoraenequipo.com.mx\/avanza-la-promocion-de-carreras-de-ues-en-miguel-aleman\/\" \/>\n<meta property=\"og:locale\" content=\"es_ES\" \/>\n<meta property=\"og:type\" content=\"article\" \/>\n<meta property=\"og:title\" content=\"Sonora en Equipo. Avanza la promoci\u00f3n de carreras de UES en Miguel Alem\u00e1n Sonora\" \/>\n<meta property=\"og:description\" content=\"HERMOSILLO, SONORA. MX. \u2014 Personal de la Universidad Estatal de Sonora (UES) intensifica la promoci\u00f3n de los seis programas educativos que la universidad En Sonora en Equipo publicamos toda la informaci\u00f3n de Sonora, M\u00e9xico y el Mundo de manera oportuna y busca que la libertad de expresi\u00f3n sea real. Visita nuestro medio informativo publicado desde Hermosillo, Sonora. %\" \/>\n<meta property=\"og:url\" content=\"https:\/\/www.sonoraenequipo.com.mx\/avanza-la-promocion-de-carreras-de-ues-en-miguel-aleman\/\" \/>\n<meta property=\"og:site_name\" content=\"Sonora en Equipo.\" \/>\n<meta property=\"article:publisher\" content=\"https:\/\/www.facebook.com\/SonoraEE\/\" \/>\n<meta property=\"article:author\" content=\"https:\/\/www.facebook.com\/SonoraEE\" \/>\n<meta property=\"article:published_time\" content=\"2022-04-12T22:33:45+00:00\" \/>\n<meta property=\"article:modified_time\" content=\"2022-04-13T01:20:33+00:00\" \/>\n<meta property=\"og:image\" content=\"https:\/\/www.sonoraenequipo.com.mx\/storage\/2022\/04\/promocion-de-carreras-de-UES8c.jpg\" \/>\n\t<meta property=\"og:image:width\" content=\"700\" \/>\n\t<meta property=\"og:image:height\" content=\"400\" \/>\n\t<meta property=\"og:image:type\" content=\"image\/jpeg\" \/>\n<meta name=\"author\" content=\"enequipo\" \/>\n<meta name=\"twitter:card\" content=\"summary_large_image\" \/>\n<meta name=\"twitter:creator\" content=\"@sonoraenequipo\" \/>\n<meta name=\"twitter:site\" content=\"@sonoraenequipo\" \/>\n<meta name=\"twitter:label1\" content=\"Escrito por\" \/>\n\t<meta name=\"twitter:data1\" content=\"enequipo\" \/>\n\t<meta name=\"twitter:label2\" content=\"Tiempo de lectura\" \/>\n\t<meta name=\"twitter:data2\" content=\"2 minutos\" \/>\n<script type=\"application\/ld+json\" class=\"yoast-schema-graph\">{\"@context\":\"https:\/\/schema.org\",\"@graph\":[{\"@type\":\"Article\",\"@id\":\"https:\/\/www.sonoraenequipo.com.mx\/avanza-la-promocion-de-carreras-de-ues-en-miguel-aleman\/#article\",\"isPartOf\":{\"@id\":\"https:\/\/www.sonoraenequipo.com.mx\/avanza-la-promocion-de-carreras-de-ues-en-miguel-aleman\/\"},\"author\":{\"name\":\"enequipo\",\"@id\":\"https:\/\/www.sonoraenequipo.com.mx\/#\/schema\/person\/50102df0fb23a8fa9e8effad8fa81386\"},\"headline\":\"Avanza la promoci\u00f3n de carreras de UES en Miguel Alem\u00e1n\",\"datePublished\":\"2022-04-12T22:33:45+00:00\",\"dateModified\":\"2022-04-13T01:20:33+00:00\",\"mainEntityOfPage\":{\"@id\":\"https:\/\/www.sonoraenequipo.com.mx\/avanza-la-promocion-de-carreras-de-ues-en-miguel-aleman\/\"},\"wordCount\":444,\"commentCount\":0,\"publisher\":{\"@id\":\"https:\/\/www.sonoraenequipo.com.mx\/#organization\"},\"image\":{\"@id\":\"https:\/\/www.sonoraenequipo.com.mx\/avanza-la-promocion-de-carreras-de-ues-en-miguel-aleman\/#primaryimage\"},\"thumbnailUrl\":\"https:\/\/www.sonoraenequipo.com.mx\/storage\/2022\/04\/promocion-de-carreras-de-UES8c.jpg\",\"articleSection\":[\"Sonora\"],\"inLanguage\":\"es\",\"potentialAction\":[{\"@type\":\"CommentAction\",\"name\":\"Comment\",\"target\":[\"https:\/\/www.sonoraenequipo.com.mx\/avanza-la-promocion-de-carreras-de-ues-en-miguel-aleman\/#respond\"]}]},{\"@type\":\"WebPage\",\"@id\":\"https:\/\/www.sonoraenequipo.com.mx\/avanza-la-promocion-de-carreras-de-ues-en-miguel-aleman\/\",\"url\":\"https:\/\/www.sonoraenequipo.com.mx\/avanza-la-promocion-de-carreras-de-ues-en-miguel-aleman\/\",\"name\":\"Sonora en Equipo. Avanza la promoci\u00f3n de carreras de UES en Miguel Alem\u00e1n Sonora\",\"isPartOf\":{\"@id\":\"https:\/\/www.sonoraenequipo.com.mx\/#website\"},\"primaryImageOfPage\":{\"@id\":\"https:\/\/www.sonoraenequipo.com.mx\/avanza-la-promocion-de-carreras-de-ues-en-miguel-aleman\/#primaryimage\"},\"image\":{\"@id\":\"https:\/\/www.sonoraenequipo.com.mx\/avanza-la-promocion-de-carreras-de-ues-en-miguel-aleman\/#primaryimage\"},\"thumbnailUrl\":\"https:\/\/www.sonoraenequipo.com.mx\/storage\/2022\/04\/promocion-de-carreras-de-UES8c.jpg\",\"datePublished\":\"2022-04-12T22:33:45+00:00\",\"dateModified\":\"2022-04-13T01:20:33+00:00\",\"description\":\"HERMOSILLO, SONORA. MX. \u2014 Personal de la Universidad Estatal de Sonora (UES) intensifica la promoci\u00f3n de los seis programas educativos que la universidad En Sonora en Equipo publicamos toda la informaci\u00f3n de Sonora, M\u00e9xico y el Mundo de manera oportuna y busca que la libertad de expresi\u00f3n sea real. Visita nuestro medio informativo publicado desde Hermosillo, Sonora. %\",\"breadcrumb\":{\"@id\":\"https:\/\/www.sonoraenequipo.com.mx\/avanza-la-promocion-de-carreras-de-ues-en-miguel-aleman\/#breadcrumb\"},\"inLanguage\":\"es\",\"potentialAction\":[{\"@type\":\"ReadAction\",\"target\":[\"https:\/\/www.sonoraenequipo.com.mx\/avanza-la-promocion-de-carreras-de-ues-en-miguel-aleman\/\"]}]},{\"@type\":\"ImageObject\",\"inLanguage\":\"es\",\"@id\":\"https:\/\/www.sonoraenequipo.com.mx\/avanza-la-promocion-de-carreras-de-ues-en-miguel-aleman\/#primaryimage\",\"url\":\"https:\/\/www.sonoraenequipo.com.mx\/storage\/2022\/04\/promocion-de-carreras-de-UES8c.jpg\",\"contentUrl\":\"https:\/\/www.sonoraenequipo.com.mx\/storage\/2022\/04\/promocion-de-carreras-de-UES8c.jpg\",\"width\":700,\"height\":400},{\"@type\":\"BreadcrumbList\",\"@id\":\"https:\/\/www.sonoraenequipo.com.mx\/avanza-la-promocion-de-carreras-de-ues-en-miguel-aleman\/#breadcrumb\",\"itemListElement\":[{\"@type\":\"ListItem\",\"position\":1,\"name\":\"Portada\",\"item\":\"https:\/\/www.sonoraenequipo.com.mx\/\"},{\"@type\":\"ListItem\",\"position\":2,\"name\":\"Avanza la promoci\u00f3n de carreras de UES en Miguel Alem\u00e1n\"}]},{\"@type\":\"WebSite\",\"@id\":\"https:\/\/www.sonoraenequipo.com.mx\/#website\",\"url\":\"https:\/\/www.sonoraenequipo.com.mx\/\",\"name\":\"Sonora en Equipo.\",\"description\":\"Diario en l\u00ednea con Noticias desde Hermosillo, Sonora\",\"publisher\":{\"@id\":\"https:\/\/www.sonoraenequipo.com.mx\/#organization\"},\"potentialAction\":[{\"@type\":\"SearchAction\",\"target\":{\"@type\":\"EntryPoint\",\"urlTemplate\":\"https:\/\/www.sonoraenequipo.com.mx\/?s={search_term_string}\"},\"query-input\":{\"@type\":\"PropertyValueSpecification\",\"valueRequired\":true,\"valueName\":\"search_term_string\"}}],\"inLanguage\":\"es\"},{\"@type\":\"Organization\",\"@id\":\"https:\/\/www.sonoraenequipo.com.mx\/#organization\",\"name\":\"Sonoraenequipo.com.mx\",\"url\":\"https:\/\/www.sonoraenequipo.com.mx\/\",\"logo\":{\"@type\":\"ImageObject\",\"inLanguage\":\"es\",\"@id\":\"https:\/\/www.sonoraenequipo.com.mx\/#\/schema\/logo\/image\/\",\"url\":\"https:\/\/www.sonoraenequipo.com.mx\/storage\/2019\/01\/sonoraenequipo_opt.png\",\"contentUrl\":\"https:\/\/www.sonoraenequipo.com.mx\/storage\/2019\/01\/sonoraenequipo_opt.png\",\"width\":375,\"height\":125,\"caption\":\"Sonoraenequipo.com.mx\"},\"image\":{\"@id\":\"https:\/\/www.sonoraenequipo.com.mx\/#\/schema\/logo\/image\/\"},\"sameAs\":[\"https:\/\/www.facebook.com\/SonoraEE\/\",\"https:\/\/x.com\/sonoraenequipo\",\"https:\/\/www.youtube.com\/channel\/UC338nW-lPEYmJQs4ZABQ1SQ\"]},{\"@type\":\"Person\",\"@id\":\"https:\/\/www.sonoraenequipo.com.mx\/#\/schema\/person\/50102df0fb23a8fa9e8effad8fa81386\",\"name\":\"enequipo\",\"image\":{\"@type\":\"ImageObject\",\"inLanguage\":\"es\",\"@id\":\"https:\/\/www.sonoraenequipo.com.mx\/#\/schema\/person\/image\/\",\"url\":\"https:\/\/secure.gravatar.com\/avatar\/049821681b589dabc0bc20695993ccebb09f5b5d4d790cd9251b97faac7c652b?s=96&d=blank&r=g\",\"contentUrl\":\"https:\/\/secure.gravatar.com\/avatar\/049821681b589dabc0bc20695993ccebb09f5b5d4d790cd9251b97faac7c652b?s=96&d=blank&r=g\",\"caption\":\"enequipo\"},\"sameAs\":[\"https:\/\/www.facebook.com\/SonoraEE\"]}]}<\/script>\n ","yoast_head_json":{"title":"Sonora en Equipo. Avanza la promoci\u00f3n de carreras de UES en Miguel Alem\u00e1n Sonora","description":"HERMOSILLO, SONORA. MX. \u2014 Personal de la Universidad Estatal de Sonora (UES) intensifica la promoci\u00f3n de los seis programas educativos que la universidad En Sonora en Equipo publicamos toda la informaci\u00f3n de Sonora, M\u00e9xico y el Mundo de manera oportuna y busca que la libertad de expresi\u00f3n sea real. Visita nuestro medio informativo publicado desde Hermosillo, Sonora. %","robots":{"index":"index","follow":"follow","max-snippet":"max-snippet:-1","max-image-preview":"max-image-preview:large","max-video-preview":"max-video-preview:-1"},"canonical":"https:\/\/www.sonoraenequipo.com.mx\/avanza-la-promocion-de-carreras-de-ues-en-miguel-aleman\/","og_locale":"es_ES","og_type":"article","og_title":"Sonora en Equipo. Avanza la promoci\u00f3n de carreras de UES en Miguel Alem\u00e1n Sonora","og_description":"HERMOSILLO, SONORA. MX. \u2014 Personal de la Universidad Estatal de Sonora (UES) intensifica la promoci\u00f3n de los seis programas educativos que la universidad En Sonora en Equipo publicamos toda la informaci\u00f3n de Sonora, M\u00e9xico y el Mundo de manera oportuna y busca que la libertad de expresi\u00f3n sea real. Visita nuestro medio informativo publicado desde Hermosillo, Sonora. %","og_url":"https:\/\/www.sonoraenequipo.com.mx\/avanza-la-promocion-de-carreras-de-ues-en-miguel-aleman\/","og_site_name":"Sonora en Equipo.","article_publisher":"https:\/\/www.facebook.com\/SonoraEE\/","article_author":"https:\/\/www.facebook.com\/SonoraEE","article_published_time":"2022-04-12T22:33:45+00:00","article_modified_time":"2022-04-13T01:20:33+00:00","og_image":[{"width":700,"height":400,"url":"https:\/\/www.sonoraenequipo.com.mx\/storage\/2022\/04\/promocion-de-carreras-de-UES8c.jpg","type":"image\/jpeg"}],"author":"enequipo","twitter_card":"summary_large_image","twitter_creator":"@sonoraenequipo","twitter_site":"@sonoraenequipo","twitter_misc":{"Escrito por":"enequipo","Tiempo de lectura":"2 minutos"},"schema":{"@context":"https:\/\/schema.org","@graph":[{"@type":"Article","@id":"https:\/\/www.sonoraenequipo.com.mx\/avanza-la-promocion-de-carreras-de-ues-en-miguel-aleman\/#article","isPartOf":{"@id":"https:\/\/www.sonoraenequipo.com.mx\/avanza-la-promocion-de-carreras-de-ues-en-miguel-aleman\/"},"author":{"name":"enequipo","@id":"https:\/\/www.sonoraenequipo.com.mx\/#\/schema\/person\/50102df0fb23a8fa9e8effad8fa81386"},"headline":"Avanza la promoci\u00f3n de carreras de UES en Miguel Alem\u00e1n","datePublished":"2022-04-12T22:33:45+00:00","dateModified":"2022-04-13T01:20:33+00:00","mainEntityOfPage":{"@id":"https:\/\/www.sonoraenequipo.com.mx\/avanza-la-promocion-de-carreras-de-ues-en-miguel-aleman\/"},"wordCount":444,"commentCount":0,"publisher":{"@id":"https:\/\/www.sonoraenequipo.com.mx\/#organization"},"image":{"@id":"https:\/\/www.sonoraenequipo.com.mx\/avanza-la-promocion-de-carreras-de-ues-en-miguel-aleman\/#primaryimage"},"thumbnailUrl":"https:\/\/www.sonoraenequipo.com.mx\/storage\/2022\/04\/promocion-de-carreras-de-UES8c.jpg","articleSection":["Sonora"],"inLanguage":"es","potentialAction":[{"@type":"CommentAction","name":"Comment","target":["https:\/\/www.sonoraenequipo.com.mx\/avanza-la-promocion-de-carreras-de-ues-en-miguel-aleman\/#respond"]}]},{"@type":"WebPage","@id":"https:\/\/www.sonoraenequipo.com.mx\/avanza-la-promocion-de-carreras-de-ues-en-miguel-aleman\/","url":"https:\/\/www.sonoraenequipo.com.mx\/avanza-la-promocion-de-carreras-de-ues-en-miguel-aleman\/","name":"Sonora en Equipo. Avanza la promoci\u00f3n de carreras de UES en Miguel Alem\u00e1n Sonora","isPartOf":{"@id":"https:\/\/www.sonoraenequipo.com.mx\/#website"},"primaryImageOfPage":{"@id":"https:\/\/www.sonoraenequipo.com.mx\/avanza-la-promocion-de-carreras-de-ues-en-miguel-aleman\/#primaryimage"},"image":{"@id":"https:\/\/www.sonoraenequipo.com.mx\/avanza-la-promocion-de-carreras-de-ues-en-miguel-aleman\/#primaryimage"},"thumbnailUrl":"https:\/\/www.sonoraenequipo.com.mx\/storage\/2022\/04\/promocion-de-carreras-de-UES8c.jpg","datePublished":"2022-04-12T22:33:45+00:00","dateModified":"2022-04-13T01:20:33+00:00","description":"HERMOSILLO, SONORA. MX. \u2014 Personal de la Universidad Estatal de Sonora (UES) intensifica la promoci\u00f3n de los seis programas educativos que la universidad En Sonora en Equipo publicamos toda la informaci\u00f3n de Sonora, M\u00e9xico y el Mundo de manera oportuna y busca que la libertad de expresi\u00f3n sea real. Visita nuestro medio informativo publicado desde Hermosillo, Sonora. %","breadcrumb":{"@id":"https:\/\/www.sonoraenequipo.com.mx\/avanza-la-promocion-de-carreras-de-ues-en-miguel-aleman\/#breadcrumb"},"inLanguage":"es","potentialAction":[{"@type":"ReadAction","target":["https:\/\/www.sonoraenequipo.com.mx\/avanza-la-promocion-de-carreras-de-ues-en-miguel-aleman\/"]}]},{"@type":"ImageObject","inLanguage":"es","@id":"https:\/\/www.sonoraenequipo.com.mx\/avanza-la-promocion-de-carreras-de-ues-en-miguel-aleman\/#primaryimage","url":"https:\/\/www.sonoraenequipo.com.mx\/storage\/2022\/04\/promocion-de-carreras-de-UES8c.jpg","contentUrl":"https:\/\/www.sonoraenequipo.com.mx\/storage\/2022\/04\/promocion-de-carreras-de-UES8c.jpg","width":700,"height":400},{"@type":"BreadcrumbList","@id":"https:\/\/www.sonoraenequipo.com.mx\/avanza-la-promocion-de-carreras-de-ues-en-miguel-aleman\/#breadcrumb","itemListElement":[{"@type":"ListItem","position":1,"name":"Portada","item":"https:\/\/www.sonoraenequipo.com.mx\/"},{"@type":"ListItem","position":2,"name":"Avanza la promoci\u00f3n de carreras de UES en Miguel Alem\u00e1n"}]},{"@type":"WebSite","@id":"https:\/\/www.sonoraenequipo.com.mx\/#website","url":"https:\/\/www.sonoraenequipo.com.mx\/","name":"Sonora en Equipo.","description":"Diario en l\u00ednea con Noticias desde Hermosillo, Sonora","publisher":{"@id":"https:\/\/www.sonoraenequipo.com.mx\/#organization"},"potentialAction":[{"@type":"SearchAction","target":{"@type":"EntryPoint","urlTemplate":"https:\/\/www.sonoraenequipo.com.mx\/?s={search_term_string}"},"query-input":{"@type":"PropertyValueSpecification","valueRequired":true,"valueName":"search_term_string"}}],"inLanguage":"es"},{"@type":"Organization","@id":"https:\/\/www.sonoraenequipo.com.mx\/#organization","name":"Sonoraenequipo.com.mx","url":"https:\/\/www.sonoraenequipo.com.mx\/","logo":{"@type":"ImageObject","inLanguage":"es","@id":"https:\/\/www.sonoraenequipo.com.mx\/#\/schema\/logo\/image\/","url":"https:\/\/www.sonoraenequipo.com.mx\/storage\/2019\/01\/sonoraenequipo_opt.png","contentUrl":"https:\/\/www.sonoraenequipo.com.mx\/storage\/2019\/01\/sonoraenequipo_opt.png","width":375,"height":125,"caption":"Sonoraenequipo.com.mx"},"image":{"@id":"https:\/\/www.sonoraenequipo.com.mx\/#\/schema\/logo\/image\/"},"sameAs":["https:\/\/www.facebook.com\/SonoraEE\/","https:\/\/x.com\/sonoraenequipo","https:\/\/www.youtube.com\/channel\/UC338nW-lPEYmJQs4ZABQ1SQ"]},{"@type":"Person","@id":"https:\/\/www.sonoraenequipo.com.mx\/#\/schema\/person\/50102df0fb23a8fa9e8effad8fa81386","name":"enequipo","image":{"@type":"ImageObject","inLanguage":"es","@id":"https:\/\/www.sonoraenequipo.com.mx\/#\/schema\/person\/image\/","url":"https:\/\/secure.gravatar.com\/avatar\/049821681b589dabc0bc20695993ccebb09f5b5d4d790cd9251b97faac7c652b?s=96&d=blank&r=g","contentUrl":"https:\/\/secure.gravatar.com\/avatar\/049821681b589dabc0bc20695993ccebb09f5b5d4d790cd9251b97faac7c652b?s=96&d=blank&r=g","caption":"enequipo"},"sameAs":["https:\/\/www.facebook.com\/SonoraEE"]}]}},"jetpack_featured_media_url":"https:\/\/www.sonoraenequipo.com.mx\/storage\/2022\/04\/promocion-de-carreras-de-UES8c.jpg","_links":{"self":[{"href":"https:\/\/www.sonoraenequipo.com.mx\/api\/wp\/v2\/posts\/136657","targetHints":{"allow":["GET"]}}],"collection":[{"href":"https:\/\/www.sonoraenequipo.com.mx\/api\/wp\/v2\/posts"}],"about":[{"href":"https:\/\/www.sonoraenequipo.com.mx\/api\/wp\/v2\/types\/post"}],"author":[{"embeddable":true,"href":"https:\/\/www.sonoraenequipo.com.mx\/api\/wp\/v2\/users\/1"}],"replies":[{"embeddable":true,"href":"https:\/\/www.sonoraenequipo.com.mx\/api\/wp\/v2\/comments?post=136657"}],"version-history":[{"count":3,"href":"https:\/\/www.sonoraenequipo.com.mx\/api\/wp\/v2\/posts\/136657\/revisions"}],"predecessor-version":[{"id":136663,"href":"https:\/\/www.sonoraenequipo.com.mx\/api\/wp\/v2\/posts\/136657\/revisions\/136663"}],"wp:featuredmedia":[{"embeddable":true,"href":"https:\/\/www.sonoraenequipo.com.mx\/api\/wp\/v2\/media\/136658"}],"wp:attachment":[{"href":"https:\/\/www.sonoraenequipo.com.mx\/api\/wp\/v2\/media?parent=136657"}],"wp:term":[{"taxonomy":"category","embeddable":true,"href":"https:\/\/www.sonoraenequipo.com.mx\/api\/wp\/v2\/categories?post=136657"},{"taxonomy":"post_tag","embeddable":true,"href":"https:\/\/www.sonoraenequipo.com.mx\/api\/wp\/v2\/tags?post=136657"}],"curies":[{"name":"wp","href":"https:\/\/api.w.org\/{rel}","templated":true}]}}