{"id":136664,"date":"2022-04-12T10:30:53","date_gmt":"2022-04-12T17:30:53","guid":{"rendered":"https:\/\/www.sonoraenequipo.com.mx\/?p=136664"},"modified":"2022-04-12T18:28:28","modified_gmt":"2022-04-13T01:28:28","slug":"invita-creson-a-formarse-como-docentes-especializados-en-la-atencion-a-la-diversidad","status":"publish","type":"post","link":"https:\/\/www.sonoraenequipo.com.mx\/invita-creson-a-formarse-como-docentes-especializados-en-la-atencion-a-la-diversidad\/","title":{"rendered":"Invita Creson a formarse como docentes especializados en la atenci\u00f3n a la diversidad"},"content":{"rendered":"<p><strong>HERMOSILLO, SONORA. MX. \u2014<\/strong> Para formarse como docentes altamente especializados en la atenci\u00f3n a la diversidad, el Centro Regional de Formaci\u00f3n Profesional Docente de Sonora (Creson) abrir\u00e1 120 espacios de ingreso a la licenciatura en Inclusi\u00f3n Educativa para el ciclo escolar 2022, anunci\u00f3 Luis Ernesto Flores Fontes.<\/p>\n<p>&nbsp;<\/p>\n<p> <\/p>\n<p>&nbsp;<\/p>\n<p>El rector del Creson, explic\u00f3 que este programa prepara a los futuros docentes para entender la escuela como un espacio donde todo el grupo aprende junto, independientemente de condiciones cognitivas, sociales, culturales, f\u00edsicas y de g\u00e9nero que les hagan vulnerables al rezago, la discriminaci\u00f3n o la exclusi\u00f3n.<\/p>\n<p>&nbsp;<\/p>\n<p>A\u00f1adi\u00f3 que la licenciatura en Inclusi\u00f3n Educativa se ofrece desde hace casi cuatro d\u00e9cadas en la Escuela Normal Estatal de Especializaci\u00f3n (ENEE), ubicada en el municipio de Cajeme, que es una de las 16 unidades acad\u00e9micas del Creson.<\/p>\n<p>&nbsp;<\/p>\n<p>Este programa, dijo, reconoce la importancia de la ense\u00f1anza en lengua materna para el desarrollo cognitivo y emocional de toda persona, por lo que, quienes lo estudian tienen la oportunidad de adquirir nociones de la Lengua de Se\u00f1as Mexicana y el sistema Braille.<\/p>\n<p>&nbsp;<\/p>\n<p>Especific\u00f3 que tiene duraci\u00f3n de ocho semestres y prepara a educadores especializados en atender a estudiantes de preescolar, primaria y secundaria con necesidades educativas especiales, con o sin discapacidad, incluyendo a personas con aptitudes sobresalientes.<\/p>\n<p>&nbsp;<\/p>\n<p>Flores Fontes invit\u00f3 a los j\u00f3venes con aspiraciones de ser docentes de educaci\u00f3n especial a registrarse para iniciar su proceso de admisi\u00f3n, antes del 4 de mayo del 2022, en el sitio oficial<a href=\"http:\/\/admision.creson.edu.mx.\"><strong> http:\/\/admision.creson.edu.mx.<\/strong><\/a><\/p>\n<p>&nbsp;<\/p>\n<p>(Publicada el 12\/04\/2022 \/ . Con informaci\u00f3n de GOB SON 0422087)<\/p>\n","protected":false},"excerpt":{"rendered":"<p>HERMOSILLO, SONORA. MX. \u2014 Para formarse como docentes altamente especializados en la atenci\u00f3n a la&#8230;<\/p>\n","protected":false},"author":1,"featured_media":136660,"comment_status":"open","ping_status":"open","sticky":false,"template":"","format":"standard","meta":{"_monsterinsights_skip_tracking":false,"_monsterinsights_sitenote_active":false,"_monsterinsights_sitenote_note":"","_monsterinsights_sitenote_category":0,"footnotes":""},"categories":[22],"tags":[],"class_list":["post"],"yoast_head":" \n<title>Sonora en Equipo. Invita Creson a formarse como docentes especializados en la atenci\u00f3n a la diversidad Sonora<\/title>\n<meta name=\"description\" content=\"HERMOSILLO, SONORA. MX. \u2014 Para formarse como docentes altamente especializados en la atenci\u00f3n a la diversidad, el Centro Regional de Formaci\u00f3n Profesional En Sonora en Equipo publicamos toda la informaci\u00f3n de Sonora, M\u00e9xico y el Mundo de manera oportuna y busca que la libertad de expresi\u00f3n sea real. Visita nuestro medio informativo publicado desde Hermosillo, Sonora. %\" \/>\n<meta name=\"robots\" content=\"index, follow, max-snippet:-1, max-image-preview:large, max-video-preview:-1\" \/>\n<link rel=\"canonical\" href=\"https:\/\/www.sonoraenequipo.com.mx\/invita-creson-a-formarse-como-docentes-especializados-en-la-atencion-a-la-diversidad\/\" \/>\n<meta property=\"og:locale\" content=\"es_ES\" \/>\n<meta property=\"og:type\" content=\"article\" \/>\n<meta property=\"og:title\" content=\"Sonora en Equipo. Invita Creson a formarse como docentes especializados en la atenci\u00f3n a la diversidad Sonora\" \/>\n<meta property=\"og:description\" content=\"HERMOSILLO, SONORA. MX. \u2014 Para formarse como docentes altamente especializados en la atenci\u00f3n a la diversidad, el Centro Regional de Formaci\u00f3n Profesional En Sonora en Equipo publicamos toda la informaci\u00f3n de Sonora, M\u00e9xico y el Mundo de manera oportuna y busca que la libertad de expresi\u00f3n sea real. Visita nuestro medio informativo publicado desde Hermosillo, Sonora. %\" \/>\n<meta property=\"og:url\" content=\"https:\/\/www.sonoraenequipo.com.mx\/invita-creson-a-formarse-como-docentes-especializados-en-la-atencion-a-la-diversidad\/\" \/>\n<meta property=\"og:site_name\" content=\"Sonora en Equipo.\" \/>\n<meta property=\"article:publisher\" content=\"https:\/\/www.facebook.com\/SonoraEE\/\" \/>\n<meta property=\"article:author\" content=\"https:\/\/www.facebook.com\/SonoraEE\" \/>\n<meta property=\"article:published_time\" content=\"2022-04-12T17:30:53+00:00\" \/>\n<meta property=\"article:modified_time\" content=\"2022-04-13T01:28:28+00:00\" \/>\n<meta property=\"og:image\" content=\"https:\/\/www.sonoraenequipo.com.mx\/storage\/2022\/04\/Creson-0422087.jpg\" \/>\n\t<meta property=\"og:image:width\" content=\"700\" \/>\n\t<meta property=\"og:image:height\" content=\"400\" \/>\n\t<meta property=\"og:image:type\" content=\"image\/jpeg\" \/>\n<meta name=\"author\" content=\"enequipo\" \/>\n<meta name=\"twitter:card\" content=\"summary_large_image\" \/>\n<meta name=\"twitter:creator\" content=\"@sonoraenequipo\" \/>\n<meta name=\"twitter:site\" content=\"@sonoraenequipo\" \/>\n<meta name=\"twitter:label1\" content=\"Escrito por\" \/>\n\t<meta name=\"twitter:data1\" content=\"enequipo\" \/>\n\t<meta name=\"twitter:label2\" content=\"Tiempo de lectura\" \/>\n\t<meta name=\"twitter:data2\" content=\"1 minuto\" \/>\n<script type=\"application\/ld+json\" class=\"yoast-schema-graph\">{\"@context\":\"https:\/\/schema.org\",\"@graph\":[{\"@type\":\"Article\",\"@id\":\"https:\/\/www.sonoraenequipo.com.mx\/invita-creson-a-formarse-como-docentes-especializados-en-la-atencion-a-la-diversidad\/#article\",\"isPartOf\":{\"@id\":\"https:\/\/www.sonoraenequipo.com.mx\/invita-creson-a-formarse-como-docentes-especializados-en-la-atencion-a-la-diversidad\/\"},\"author\":{\"name\":\"enequipo\",\"@id\":\"https:\/\/www.sonoraenequipo.com.mx\/#\/schema\/person\/50102df0fb23a8fa9e8effad8fa81386\"},\"headline\":\"Invita Creson a formarse como docentes especializados en la atenci\u00f3n a la diversidad\",\"datePublished\":\"2022-04-12T17:30:53+00:00\",\"dateModified\":\"2022-04-13T01:28:28+00:00\",\"mainEntityOfPage\":{\"@id\":\"https:\/\/www.sonoraenequipo.com.mx\/invita-creson-a-formarse-como-docentes-especializados-en-la-atencion-a-la-diversidad\/\"},\"wordCount\":289,\"commentCount\":0,\"publisher\":{\"@id\":\"https:\/\/www.sonoraenequipo.com.mx\/#organization\"},\"image\":{\"@id\":\"https:\/\/www.sonoraenequipo.com.mx\/invita-creson-a-formarse-como-docentes-especializados-en-la-atencion-a-la-diversidad\/#primaryimage\"},\"thumbnailUrl\":\"https:\/\/www.sonoraenequipo.com.mx\/storage\/2022\/04\/Creson-0422087.jpg\",\"articleSection\":[\"Sonora\"],\"inLanguage\":\"es\",\"potentialAction\":[{\"@type\":\"CommentAction\",\"name\":\"Comment\",\"target\":[\"https:\/\/www.sonoraenequipo.com.mx\/invita-creson-a-formarse-como-docentes-especializados-en-la-atencion-a-la-diversidad\/#respond\"]}]},{\"@type\":\"WebPage\",\"@id\":\"https:\/\/www.sonoraenequipo.com.mx\/invita-creson-a-formarse-como-docentes-especializados-en-la-atencion-a-la-diversidad\/\",\"url\":\"https:\/\/www.sonoraenequipo.com.mx\/invita-creson-a-formarse-como-docentes-especializados-en-la-atencion-a-la-diversidad\/\",\"name\":\"Sonora en Equipo. Invita Creson a formarse como docentes especializados en la atenci\u00f3n a la diversidad Sonora\",\"isPartOf\":{\"@id\":\"https:\/\/www.sonoraenequipo.com.mx\/#website\"},\"primaryImageOfPage\":{\"@id\":\"https:\/\/www.sonoraenequipo.com.mx\/invita-creson-a-formarse-como-docentes-especializados-en-la-atencion-a-la-diversidad\/#primaryimage\"},\"image\":{\"@id\":\"https:\/\/www.sonoraenequipo.com.mx\/invita-creson-a-formarse-como-docentes-especializados-en-la-atencion-a-la-diversidad\/#primaryimage\"},\"thumbnailUrl\":\"https:\/\/www.sonoraenequipo.com.mx\/storage\/2022\/04\/Creson-0422087.jpg\",\"datePublished\":\"2022-04-12T17:30:53+00:00\",\"dateModified\":\"2022-04-13T01:28:28+00:00\",\"description\":\"HERMOSILLO, SONORA. MX. \u2014 Para formarse como docentes altamente especializados en la atenci\u00f3n a la diversidad, el Centro Regional de Formaci\u00f3n Profesional En Sonora en Equipo publicamos toda la informaci\u00f3n de Sonora, M\u00e9xico y el Mundo de manera oportuna y busca que la libertad de expresi\u00f3n sea real. Visita nuestro medio informativo publicado desde Hermosillo, Sonora. %\",\"breadcrumb\":{\"@id\":\"https:\/\/www.sonoraenequipo.com.mx\/invita-creson-a-formarse-como-docentes-especializados-en-la-atencion-a-la-diversidad\/#breadcrumb\"},\"inLanguage\":\"es\",\"potentialAction\":[{\"@type\":\"ReadAction\",\"target\":[\"https:\/\/www.sonoraenequipo.com.mx\/invita-creson-a-formarse-como-docentes-especializados-en-la-atencion-a-la-diversidad\/\"]}]},{\"@type\":\"ImageObject\",\"inLanguage\":\"es\",\"@id\":\"https:\/\/www.sonoraenequipo.com.mx\/invita-creson-a-formarse-como-docentes-especializados-en-la-atencion-a-la-diversidad\/#primaryimage\",\"url\":\"https:\/\/www.sonoraenequipo.com.mx\/storage\/2022\/04\/Creson-0422087.jpg\",\"contentUrl\":\"https:\/\/www.sonoraenequipo.com.mx\/storage\/2022\/04\/Creson-0422087.jpg\",\"width\":700,\"height\":400},{\"@type\":\"BreadcrumbList\",\"@id\":\"https:\/\/www.sonoraenequipo.com.mx\/invita-creson-a-formarse-como-docentes-especializados-en-la-atencion-a-la-diversidad\/#breadcrumb\",\"itemListElement\":[{\"@type\":\"ListItem\",\"position\":1,\"name\":\"Portada\",\"item\":\"https:\/\/www.sonoraenequipo.com.mx\/\"},{\"@type\":\"ListItem\",\"position\":2,\"name\":\"Invita Creson a formarse como docentes especializados en la atenci\u00f3n a la diversidad\"}]},{\"@type\":\"WebSite\",\"@id\":\"https:\/\/www.sonoraenequipo.com.mx\/#website\",\"url\":\"https:\/\/www.sonoraenequipo.com.mx\/\",\"name\":\"Sonora en Equipo.\",\"description\":\"Diario en l\u00ednea con Noticias desde Hermosillo, Sonora\",\"publisher\":{\"@id\":\"https:\/\/www.sonoraenequipo.com.mx\/#organization\"},\"potentialAction\":[{\"@type\":\"SearchAction\",\"target\":{\"@type\":\"EntryPoint\",\"urlTemplate\":\"https:\/\/www.sonoraenequipo.com.mx\/?s={search_term_string}\"},\"query-input\":{\"@type\":\"PropertyValueSpecification\",\"valueRequired\":true,\"valueName\":\"search_term_string\"}}],\"inLanguage\":\"es\"},{\"@type\":\"Organization\",\"@id\":\"https:\/\/www.sonoraenequipo.com.mx\/#organization\",\"name\":\"Sonoraenequipo.com.mx\",\"url\":\"https:\/\/www.sonoraenequipo.com.mx\/\",\"logo\":{\"@type\":\"ImageObject\",\"inLanguage\":\"es\",\"@id\":\"https:\/\/www.sonoraenequipo.com.mx\/#\/schema\/logo\/image\/\",\"url\":\"https:\/\/www.sonoraenequipo.com.mx\/storage\/2019\/01\/sonoraenequipo_opt.png\",\"contentUrl\":\"https:\/\/www.sonoraenequipo.com.mx\/storage\/2019\/01\/sonoraenequipo_opt.png\",\"width\":375,\"height\":125,\"caption\":\"Sonoraenequipo.com.mx\"},\"image\":{\"@id\":\"https:\/\/www.sonoraenequipo.com.mx\/#\/schema\/logo\/image\/\"},\"sameAs\":[\"https:\/\/www.facebook.com\/SonoraEE\/\",\"https:\/\/x.com\/sonoraenequipo\",\"https:\/\/www.youtube.com\/channel\/UC338nW-lPEYmJQs4ZABQ1SQ\"]},{\"@type\":\"Person\",\"@id\":\"https:\/\/www.sonoraenequipo.com.mx\/#\/schema\/person\/50102df0fb23a8fa9e8effad8fa81386\",\"name\":\"enequipo\",\"image\":{\"@type\":\"ImageObject\",\"inLanguage\":\"es\",\"@id\":\"https:\/\/www.sonoraenequipo.com.mx\/#\/schema\/person\/image\/\",\"url\":\"https:\/\/secure.gravatar.com\/avatar\/049821681b589dabc0bc20695993ccebb09f5b5d4d790cd9251b97faac7c652b?s=96&d=blank&r=g\",\"contentUrl\":\"https:\/\/secure.gravatar.com\/avatar\/049821681b589dabc0bc20695993ccebb09f5b5d4d790cd9251b97faac7c652b?s=96&d=blank&r=g\",\"caption\":\"enequipo\"},\"sameAs\":[\"https:\/\/www.facebook.com\/SonoraEE\"]}]}<\/script>\n ","yoast_head_json":{"title":"Sonora en Equipo. Invita Creson a formarse como docentes especializados en la atenci\u00f3n a la diversidad Sonora","description":"HERMOSILLO, SONORA. MX. \u2014 Para formarse como docentes altamente especializados en la atenci\u00f3n a la diversidad, el Centro Regional de Formaci\u00f3n Profesional En Sonora en Equipo publicamos toda la informaci\u00f3n de Sonora, M\u00e9xico y el Mundo de manera oportuna y busca que la libertad de expresi\u00f3n sea real. Visita nuestro medio informativo publicado desde Hermosillo, Sonora. %","robots":{"index":"index","follow":"follow","max-snippet":"max-snippet:-1","max-image-preview":"max-image-preview:large","max-video-preview":"max-video-preview:-1"},"canonical":"https:\/\/www.sonoraenequipo.com.mx\/invita-creson-a-formarse-como-docentes-especializados-en-la-atencion-a-la-diversidad\/","og_locale":"es_ES","og_type":"article","og_title":"Sonora en Equipo. Invita Creson a formarse como docentes especializados en la atenci\u00f3n a la diversidad Sonora","og_description":"HERMOSILLO, SONORA. MX. \u2014 Para formarse como docentes altamente especializados en la atenci\u00f3n a la diversidad, el Centro Regional de Formaci\u00f3n Profesional En Sonora en Equipo publicamos toda la informaci\u00f3n de Sonora, M\u00e9xico y el Mundo de manera oportuna y busca que la libertad de expresi\u00f3n sea real. Visita nuestro medio informativo publicado desde Hermosillo, Sonora. %","og_url":"https:\/\/www.sonoraenequipo.com.mx\/invita-creson-a-formarse-como-docentes-especializados-en-la-atencion-a-la-diversidad\/","og_site_name":"Sonora en Equipo.","article_publisher":"https:\/\/www.facebook.com\/SonoraEE\/","article_author":"https:\/\/www.facebook.com\/SonoraEE","article_published_time":"2022-04-12T17:30:53+00:00","article_modified_time":"2022-04-13T01:28:28+00:00","og_image":[{"width":700,"height":400,"url":"https:\/\/www.sonoraenequipo.com.mx\/storage\/2022\/04\/Creson-0422087.jpg","type":"image\/jpeg"}],"author":"enequipo","twitter_card":"summary_large_image","twitter_creator":"@sonoraenequipo","twitter_site":"@sonoraenequipo","twitter_misc":{"Escrito por":"enequipo","Tiempo de lectura":"1 minuto"},"schema":{"@context":"https:\/\/schema.org","@graph":[{"@type":"Article","@id":"https:\/\/www.sonoraenequipo.com.mx\/invita-creson-a-formarse-como-docentes-especializados-en-la-atencion-a-la-diversidad\/#article","isPartOf":{"@id":"https:\/\/www.sonoraenequipo.com.mx\/invita-creson-a-formarse-como-docentes-especializados-en-la-atencion-a-la-diversidad\/"},"author":{"name":"enequipo","@id":"https:\/\/www.sonoraenequipo.com.mx\/#\/schema\/person\/50102df0fb23a8fa9e8effad8fa81386"},"headline":"Invita Creson a formarse como docentes especializados en la atenci\u00f3n a la diversidad","datePublished":"2022-04-12T17:30:53+00:00","dateModified":"2022-04-13T01:28:28+00:00","mainEntityOfPage":{"@id":"https:\/\/www.sonoraenequipo.com.mx\/invita-creson-a-formarse-como-docentes-especializados-en-la-atencion-a-la-diversidad\/"},"wordCount":289,"commentCount":0,"publisher":{"@id":"https:\/\/www.sonoraenequipo.com.mx\/#organization"},"image":{"@id":"https:\/\/www.sonoraenequipo.com.mx\/invita-creson-a-formarse-como-docentes-especializados-en-la-atencion-a-la-diversidad\/#primaryimage"},"thumbnailUrl":"https:\/\/www.sonoraenequipo.com.mx\/storage\/2022\/04\/Creson-0422087.jpg","articleSection":["Sonora"],"inLanguage":"es","potentialAction":[{"@type":"CommentAction","name":"Comment","target":["https:\/\/www.sonoraenequipo.com.mx\/invita-creson-a-formarse-como-docentes-especializados-en-la-atencion-a-la-diversidad\/#respond"]}]},{"@type":"WebPage","@id":"https:\/\/www.sonoraenequipo.com.mx\/invita-creson-a-formarse-como-docentes-especializados-en-la-atencion-a-la-diversidad\/","url":"https:\/\/www.sonoraenequipo.com.mx\/invita-creson-a-formarse-como-docentes-especializados-en-la-atencion-a-la-diversidad\/","name":"Sonora en Equipo. Invita Creson a formarse como docentes especializados en la atenci\u00f3n a la diversidad Sonora","isPartOf":{"@id":"https:\/\/www.sonoraenequipo.com.mx\/#website"},"primaryImageOfPage":{"@id":"https:\/\/www.sonoraenequipo.com.mx\/invita-creson-a-formarse-como-docentes-especializados-en-la-atencion-a-la-diversidad\/#primaryimage"},"image":{"@id":"https:\/\/www.sonoraenequipo.com.mx\/invita-creson-a-formarse-como-docentes-especializados-en-la-atencion-a-la-diversidad\/#primaryimage"},"thumbnailUrl":"https:\/\/www.sonoraenequipo.com.mx\/storage\/2022\/04\/Creson-0422087.jpg","datePublished":"2022-04-12T17:30:53+00:00","dateModified":"2022-04-13T01:28:28+00:00","description":"HERMOSILLO, SONORA. MX. \u2014 Para formarse como docentes altamente especializados en la atenci\u00f3n a la diversidad, el Centro Regional de Formaci\u00f3n Profesional En Sonora en Equipo publicamos toda la informaci\u00f3n de Sonora, M\u00e9xico y el Mundo de manera oportuna y busca que la libertad de expresi\u00f3n sea real. Visita nuestro medio informativo publicado desde Hermosillo, Sonora. %","breadcrumb":{"@id":"https:\/\/www.sonoraenequipo.com.mx\/invita-creson-a-formarse-como-docentes-especializados-en-la-atencion-a-la-diversidad\/#breadcrumb"},"inLanguage":"es","potentialAction":[{"@type":"ReadAction","target":["https:\/\/www.sonoraenequipo.com.mx\/invita-creson-a-formarse-como-docentes-especializados-en-la-atencion-a-la-diversidad\/"]}]},{"@type":"ImageObject","inLanguage":"es","@id":"https:\/\/www.sonoraenequipo.com.mx\/invita-creson-a-formarse-como-docentes-especializados-en-la-atencion-a-la-diversidad\/#primaryimage","url":"https:\/\/www.sonoraenequipo.com.mx\/storage\/2022\/04\/Creson-0422087.jpg","contentUrl":"https:\/\/www.sonoraenequipo.com.mx\/storage\/2022\/04\/Creson-0422087.jpg","width":700,"height":400},{"@type":"BreadcrumbList","@id":"https:\/\/www.sonoraenequipo.com.mx\/invita-creson-a-formarse-como-docentes-especializados-en-la-atencion-a-la-diversidad\/#breadcrumb","itemListElement":[{"@type":"ListItem","position":1,"name":"Portada","item":"https:\/\/www.sonoraenequipo.com.mx\/"},{"@type":"ListItem","position":2,"name":"Invita Creson a formarse como docentes especializados en la atenci\u00f3n a la diversidad"}]},{"@type":"WebSite","@id":"https:\/\/www.sonoraenequipo.com.mx\/#website","url":"https:\/\/www.sonoraenequipo.com.mx\/","name":"Sonora en Equipo.","description":"Diario en l\u00ednea con Noticias desde Hermosillo, Sonora","publisher":{"@id":"https:\/\/www.sonoraenequipo.com.mx\/#organization"},"potentialAction":[{"@type":"SearchAction","target":{"@type":"EntryPoint","urlTemplate":"https:\/\/www.sonoraenequipo.com.mx\/?s={search_term_string}"},"query-input":{"@type":"PropertyValueSpecification","valueRequired":true,"valueName":"search_term_string"}}],"inLanguage":"es"},{"@type":"Organization","@id":"https:\/\/www.sonoraenequipo.com.mx\/#organization","name":"Sonoraenequipo.com.mx","url":"https:\/\/www.sonoraenequipo.com.mx\/","logo":{"@type":"ImageObject","inLanguage":"es","@id":"https:\/\/www.sonoraenequipo.com.mx\/#\/schema\/logo\/image\/","url":"https:\/\/www.sonoraenequipo.com.mx\/storage\/2019\/01\/sonoraenequipo_opt.png","contentUrl":"https:\/\/www.sonoraenequipo.com.mx\/storage\/2019\/01\/sonoraenequipo_opt.png","width":375,"height":125,"caption":"Sonoraenequipo.com.mx"},"image":{"@id":"https:\/\/www.sonoraenequipo.com.mx\/#\/schema\/logo\/image\/"},"sameAs":["https:\/\/www.facebook.com\/SonoraEE\/","https:\/\/x.com\/sonoraenequipo","https:\/\/www.youtube.com\/channel\/UC338nW-lPEYmJQs4ZABQ1SQ"]},{"@type":"Person","@id":"https:\/\/www.sonoraenequipo.com.mx\/#\/schema\/person\/50102df0fb23a8fa9e8effad8fa81386","name":"enequipo","image":{"@type":"ImageObject","inLanguage":"es","@id":"https:\/\/www.sonoraenequipo.com.mx\/#\/schema\/person\/image\/","url":"https:\/\/secure.gravatar.com\/avatar\/049821681b589dabc0bc20695993ccebb09f5b5d4d790cd9251b97faac7c652b?s=96&d=blank&r=g","contentUrl":"https:\/\/secure.gravatar.com\/avatar\/049821681b589dabc0bc20695993ccebb09f5b5d4d790cd9251b97faac7c652b?s=96&d=blank&r=g","caption":"enequipo"},"sameAs":["https:\/\/www.facebook.com\/SonoraEE"]}]}},"jetpack_featured_media_url":"https:\/\/www.sonoraenequipo.com.mx\/storage\/2022\/04\/Creson-0422087.jpg","_links":{"self":[{"href":"https:\/\/www.sonoraenequipo.com.mx\/api\/wp\/v2\/posts\/136664","targetHints":{"allow":["GET"]}}],"collection":[{"href":"https:\/\/www.sonoraenequipo.com.mx\/api\/wp\/v2\/posts"}],"about":[{"href":"https:\/\/www.sonoraenequipo.com.mx\/api\/wp\/v2\/types\/post"}],"author":[{"embeddable":true,"href":"https:\/\/www.sonoraenequipo.com.mx\/api\/wp\/v2\/users\/1"}],"replies":[{"embeddable":true,"href":"https:\/\/www.sonoraenequipo.com.mx\/api\/wp\/v2\/comments?post=136664"}],"version-history":[{"count":1,"href":"https:\/\/www.sonoraenequipo.com.mx\/api\/wp\/v2\/posts\/136664\/revisions"}],"predecessor-version":[{"id":136665,"href":"https:\/\/www.sonoraenequipo.com.mx\/api\/wp\/v2\/posts\/136664\/revisions\/136665"}],"wp:featuredmedia":[{"embeddable":true,"href":"https:\/\/www.sonoraenequipo.com.mx\/api\/wp\/v2\/media\/136660"}],"wp:attachment":[{"href":"https:\/\/www.sonoraenequipo.com.mx\/api\/wp\/v2\/media?parent=136664"}],"wp:term":[{"taxonomy":"category","embeddable":true,"href":"https:\/\/www.sonoraenequipo.com.mx\/api\/wp\/v2\/categories?post=136664"},{"taxonomy":"post_tag","embeddable":true,"href":"https:\/\/www.sonoraenequipo.com.mx\/api\/wp\/v2\/tags?post=136664"}],"curies":[{"name":"wp","href":"https:\/\/api.w.org\/{rel}","templated":true}]}}