{"id":136682,"date":"2022-04-14T12:14:51","date_gmt":"2022-04-14T19:14:51","guid":{"rendered":"https:\/\/www.sonoraenequipo.com.mx\/?p=136682"},"modified":"2022-04-14T18:35:56","modified_gmt":"2022-04-15T01:35:56","slug":"leano-cesado-de-chivas-tras-derrota-ante-rayados","status":"publish","type":"post","link":"https:\/\/www.sonoraenequipo.com.mx\/leano-cesado-de-chivas-tras-derrota-ante-rayados\/","title":{"rendered":"Lea\u00f1o cesado de Chivas tras derrota ante Rayados"},"content":{"rendered":"<p>ZAPOPAN,JALISCO.La \u00abfuerza del cari\u00f1o\u00bb no salv\u00f3 a Marcelo Michel Lea\u00f1o, quien este jueves fue despedido como entrenador de Chivas tras sumar su quinta derrota del Clausura 2022 el mi\u00e9rcoles en casa ante Rayados 1-3, un partido enmarcado por escandalosos gritos de \u00ab\u00a1Fuera Lea\u00f1o!\u00bb directamente al palco en donde estaba el hasta anoche director t\u00e9cnico, report\u00f3 el sitio Medio Tiempo, Ir\u00f3nicamente fue el tropiezo ante V\u00edctor Manuel Vucetich, el t\u00e9cnico al que el Reba\u00f1o despidi\u00f3 para poner a Lea\u00f1o, el que le cost\u00f3 el puesto a Marcelo Michel, quien en este torneo deja al Guadalajara fuera de la zona de Repechaje con solamente 14 puntos de 39 posibles, en el lugar 14 de la tabla y con solo cuatro partidos por delante. <a href=\"https:\/\/www.mediotiempo.com\/futbol\/liga-mx\/chivas-despide-a-michel-leano-como-entrenador-clausura-2022\">https:\/\/www.mediotiempo.com\/futbol\/liga-mx\/chivas-despide-a-michel-leano-como-entrenador-clausura-2022<\/a><\/p>\n<p><iframe loading=\"lazy\" title=\"Resumen y goles | Chivas 1-3 Rayados | Grita M\u00e9xico C22 - J12 | TUDN\" width=\"640\" height=\"360\" src=\"https:\/\/www.youtube.com\/embed\/KHkJzDRkJ7I?feature=oembed\" frameborder=\"0\" allow=\"accelerometer; autoplay; clipboard-write; encrypted-media; gyroscope; picture-in-picture; web-share\" referrerpolicy=\"strict-origin-when-cross-origin\" allowfullscreen><\/iframe><\/p>\n<p><strong>Fecha de Publicaci\u00f3n jueves\/ 14 \/ abril\/ 2022 <\/strong><\/p>\n","protected":false},"excerpt":{"rendered":"<p>ZAPOPAN,JALISCO.La \u00abfuerza del cari\u00f1o\u00bb no salv\u00f3 a Marcelo Michel Lea\u00f1o, quien este jueves fue despedido&#8230;<\/p>\n","protected":false},"author":24,"featured_media":136683,"comment_status":"open","ping_status":"open","sticky":false,"template":"","format":"standard","meta":{"_monsterinsights_skip_tracking":false,"_monsterinsights_sitenote_active":false,"_monsterinsights_sitenote_note":"","_monsterinsights_sitenote_category":0,"footnotes":""},"categories":[10],"tags":[],"class_list":["post"],"yoast_head":" \n<title>Sonora en Equipo. Lea\u00f1o cesado de Chivas tras derrota ante Rayados Deportes<\/title>\n<meta name=\"description\" content=\"ZAPOPAN,JALISCO.La &quot;fuerza del cari\u00f1o&quot; no salv\u00f3 a Marcelo Michel Lea\u00f1o, quien este jueves fue despedido como entrenador de Chivas tras sumar su quinta En Sonora en Equipo publicamos toda la informaci\u00f3n de Sonora, M\u00e9xico y el Mundo de manera oportuna y busca que la libertad de expresi\u00f3n sea real. Visita nuestro medio informativo publicado desde Hermosillo, Sonora. %\" \/>\n<meta name=\"robots\" content=\"index, follow, max-snippet:-1, max-image-preview:large, max-video-preview:-1\" \/>\n<link rel=\"canonical\" href=\"https:\/\/www.sonoraenequipo.com.mx\/leano-cesado-de-chivas-tras-derrota-ante-rayados\/\" \/>\n<meta property=\"og:locale\" content=\"es_ES\" \/>\n<meta property=\"og:type\" content=\"article\" \/>\n<meta property=\"og:title\" content=\"Sonora en Equipo. Lea\u00f1o cesado de Chivas tras derrota ante Rayados Deportes\" \/>\n<meta property=\"og:description\" content=\"ZAPOPAN,JALISCO.La &quot;fuerza del cari\u00f1o&quot; no salv\u00f3 a Marcelo Michel Lea\u00f1o, quien este jueves fue despedido como entrenador de Chivas tras sumar su quinta En Sonora en Equipo publicamos toda la informaci\u00f3n de Sonora, M\u00e9xico y el Mundo de manera oportuna y busca que la libertad de expresi\u00f3n sea real. Visita nuestro medio informativo publicado desde Hermosillo, Sonora. %\" \/>\n<meta property=\"og:url\" content=\"https:\/\/www.sonoraenequipo.com.mx\/leano-cesado-de-chivas-tras-derrota-ante-rayados\/\" \/>\n<meta property=\"og:site_name\" content=\"Sonora en Equipo.\" \/>\n<meta property=\"article:publisher\" content=\"https:\/\/www.facebook.com\/SonoraEE\/\" \/>\n<meta property=\"article:published_time\" content=\"2022-04-14T19:14:51+00:00\" \/>\n<meta property=\"article:modified_time\" content=\"2022-04-15T01:35:56+00:00\" \/>\n<meta property=\"og:image\" content=\"https:\/\/www.sonoraenequipo.com.mx\/storage\/2022\/04\/leano.jpg\" \/>\n\t<meta property=\"og:image:width\" content=\"700\" \/>\n\t<meta property=\"og:image:height\" content=\"394\" \/>\n\t<meta property=\"og:image:type\" content=\"image\/jpeg\" \/>\n<meta name=\"author\" content=\"Dionisio Estrada\" \/>\n<meta name=\"twitter:card\" content=\"summary_large_image\" \/>\n<meta name=\"twitter:creator\" content=\"@sonoraenequipo\" \/>\n<meta name=\"twitter:site\" content=\"@sonoraenequipo\" \/>\n<meta name=\"twitter:label1\" content=\"Escrito por\" \/>\n\t<meta name=\"twitter:data1\" content=\"Dionisio Estrada\" \/>\n\t<meta name=\"twitter:label2\" content=\"Tiempo de lectura\" \/>\n\t<meta name=\"twitter:data2\" content=\"1 minuto\" \/>\n<script type=\"application\/ld+json\" class=\"yoast-schema-graph\">{\"@context\":\"https:\/\/schema.org\",\"@graph\":[{\"@type\":\"Article\",\"@id\":\"https:\/\/www.sonoraenequipo.com.mx\/leano-cesado-de-chivas-tras-derrota-ante-rayados\/#article\",\"isPartOf\":{\"@id\":\"https:\/\/www.sonoraenequipo.com.mx\/leano-cesado-de-chivas-tras-derrota-ante-rayados\/\"},\"author\":{\"name\":\"Dionisio Estrada\",\"@id\":\"https:\/\/www.sonoraenequipo.com.mx\/#\/schema\/person\/0f77f045cfa5d412273a32be74d5b2f2\"},\"headline\":\"Lea\u00f1o cesado de Chivas tras derrota ante Rayados\",\"datePublished\":\"2022-04-14T19:14:51+00:00\",\"dateModified\":\"2022-04-15T01:35:56+00:00\",\"mainEntityOfPage\":{\"@id\":\"https:\/\/www.sonoraenequipo.com.mx\/leano-cesado-de-chivas-tras-derrota-ante-rayados\/\"},\"wordCount\":156,\"commentCount\":0,\"publisher\":{\"@id\":\"https:\/\/www.sonoraenequipo.com.mx\/#organization\"},\"image\":{\"@id\":\"https:\/\/www.sonoraenequipo.com.mx\/leano-cesado-de-chivas-tras-derrota-ante-rayados\/#primaryimage\"},\"thumbnailUrl\":\"https:\/\/www.sonoraenequipo.com.mx\/storage\/2022\/04\/leano.jpg\",\"articleSection\":[\"Deportes\"],\"inLanguage\":\"es\",\"potentialAction\":[{\"@type\":\"CommentAction\",\"name\":\"Comment\",\"target\":[\"https:\/\/www.sonoraenequipo.com.mx\/leano-cesado-de-chivas-tras-derrota-ante-rayados\/#respond\"]}]},{\"@type\":\"WebPage\",\"@id\":\"https:\/\/www.sonoraenequipo.com.mx\/leano-cesado-de-chivas-tras-derrota-ante-rayados\/\",\"url\":\"https:\/\/www.sonoraenequipo.com.mx\/leano-cesado-de-chivas-tras-derrota-ante-rayados\/\",\"name\":\"Sonora en Equipo. Lea\u00f1o cesado de Chivas tras derrota ante Rayados Deportes\",\"isPartOf\":{\"@id\":\"https:\/\/www.sonoraenequipo.com.mx\/#website\"},\"primaryImageOfPage\":{\"@id\":\"https:\/\/www.sonoraenequipo.com.mx\/leano-cesado-de-chivas-tras-derrota-ante-rayados\/#primaryimage\"},\"image\":{\"@id\":\"https:\/\/www.sonoraenequipo.com.mx\/leano-cesado-de-chivas-tras-derrota-ante-rayados\/#primaryimage\"},\"thumbnailUrl\":\"https:\/\/www.sonoraenequipo.com.mx\/storage\/2022\/04\/leano.jpg\",\"datePublished\":\"2022-04-14T19:14:51+00:00\",\"dateModified\":\"2022-04-15T01:35:56+00:00\",\"description\":\"ZAPOPAN,JALISCO.La \\\"fuerza del cari\u00f1o\\\" no salv\u00f3 a Marcelo Michel Lea\u00f1o, quien este jueves fue despedido como entrenador de Chivas tras sumar su quinta En Sonora en Equipo publicamos toda la informaci\u00f3n de Sonora, M\u00e9xico y el Mundo de manera oportuna y busca que la libertad de expresi\u00f3n sea real. Visita nuestro medio informativo publicado desde Hermosillo, Sonora. %\",\"breadcrumb\":{\"@id\":\"https:\/\/www.sonoraenequipo.com.mx\/leano-cesado-de-chivas-tras-derrota-ante-rayados\/#breadcrumb\"},\"inLanguage\":\"es\",\"potentialAction\":[{\"@type\":\"ReadAction\",\"target\":[\"https:\/\/www.sonoraenequipo.com.mx\/leano-cesado-de-chivas-tras-derrota-ante-rayados\/\"]}]},{\"@type\":\"ImageObject\",\"inLanguage\":\"es\",\"@id\":\"https:\/\/www.sonoraenequipo.com.mx\/leano-cesado-de-chivas-tras-derrota-ante-rayados\/#primaryimage\",\"url\":\"https:\/\/www.sonoraenequipo.com.mx\/storage\/2022\/04\/leano.jpg\",\"contentUrl\":\"https:\/\/www.sonoraenequipo.com.mx\/storage\/2022\/04\/leano.jpg\",\"width\":700,\"height\":394},{\"@type\":\"BreadcrumbList\",\"@id\":\"https:\/\/www.sonoraenequipo.com.mx\/leano-cesado-de-chivas-tras-derrota-ante-rayados\/#breadcrumb\",\"itemListElement\":[{\"@type\":\"ListItem\",\"position\":1,\"name\":\"Portada\",\"item\":\"https:\/\/www.sonoraenequipo.com.mx\/\"},{\"@type\":\"ListItem\",\"position\":2,\"name\":\"Lea\u00f1o cesado de Chivas tras derrota ante Rayados\"}]},{\"@type\":\"WebSite\",\"@id\":\"https:\/\/www.sonoraenequipo.com.mx\/#website\",\"url\":\"https:\/\/www.sonoraenequipo.com.mx\/\",\"name\":\"Sonora en Equipo.\",\"description\":\"Diario en l\u00ednea con Noticias desde Hermosillo, Sonora\",\"publisher\":{\"@id\":\"https:\/\/www.sonoraenequipo.com.mx\/#organization\"},\"potentialAction\":[{\"@type\":\"SearchAction\",\"target\":{\"@type\":\"EntryPoint\",\"urlTemplate\":\"https:\/\/www.sonoraenequipo.com.mx\/?s={search_term_string}\"},\"query-input\":{\"@type\":\"PropertyValueSpecification\",\"valueRequired\":true,\"valueName\":\"search_term_string\"}}],\"inLanguage\":\"es\"},{\"@type\":\"Organization\",\"@id\":\"https:\/\/www.sonoraenequipo.com.mx\/#organization\",\"name\":\"Sonoraenequipo.com.mx\",\"url\":\"https:\/\/www.sonoraenequipo.com.mx\/\",\"logo\":{\"@type\":\"ImageObject\",\"inLanguage\":\"es\",\"@id\":\"https:\/\/www.sonoraenequipo.com.mx\/#\/schema\/logo\/image\/\",\"url\":\"https:\/\/www.sonoraenequipo.com.mx\/storage\/2019\/01\/sonoraenequipo_opt.png\",\"contentUrl\":\"https:\/\/www.sonoraenequipo.com.mx\/storage\/2019\/01\/sonoraenequipo_opt.png\",\"width\":375,\"height\":125,\"caption\":\"Sonoraenequipo.com.mx\"},\"image\":{\"@id\":\"https:\/\/www.sonoraenequipo.com.mx\/#\/schema\/logo\/image\/\"},\"sameAs\":[\"https:\/\/www.facebook.com\/SonoraEE\/\",\"https:\/\/x.com\/sonoraenequipo\",\"https:\/\/www.youtube.com\/channel\/UC338nW-lPEYmJQs4ZABQ1SQ\"]},{\"@type\":\"Person\",\"@id\":\"https:\/\/www.sonoraenequipo.com.mx\/#\/schema\/person\/0f77f045cfa5d412273a32be74d5b2f2\",\"name\":\"Dionisio Estrada\",\"image\":{\"@type\":\"ImageObject\",\"inLanguage\":\"es\",\"@id\":\"https:\/\/www.sonoraenequipo.com.mx\/#\/schema\/person\/image\/\",\"url\":\"https:\/\/secure.gravatar.com\/avatar\/73cdb642943186932636839910e38e7e207b5dc721341976549771f10ccb3a23?s=96&d=blank&r=g\",\"contentUrl\":\"https:\/\/secure.gravatar.com\/avatar\/73cdb642943186932636839910e38e7e207b5dc721341976549771f10ccb3a23?s=96&d=blank&r=g\",\"caption\":\"Dionisio Estrada\"}}]}<\/script>\n ","yoast_head_json":{"title":"Sonora en Equipo. Lea\u00f1o cesado de Chivas tras derrota ante Rayados Deportes","description":"ZAPOPAN,JALISCO.La \"fuerza del cari\u00f1o\" no salv\u00f3 a Marcelo Michel Lea\u00f1o, quien este jueves fue despedido como entrenador de Chivas tras sumar su quinta En Sonora en Equipo publicamos toda la informaci\u00f3n de Sonora, M\u00e9xico y el Mundo de manera oportuna y busca que la libertad de expresi\u00f3n sea real. Visita nuestro medio informativo publicado desde Hermosillo, Sonora. %","robots":{"index":"index","follow":"follow","max-snippet":"max-snippet:-1","max-image-preview":"max-image-preview:large","max-video-preview":"max-video-preview:-1"},"canonical":"https:\/\/www.sonoraenequipo.com.mx\/leano-cesado-de-chivas-tras-derrota-ante-rayados\/","og_locale":"es_ES","og_type":"article","og_title":"Sonora en Equipo. Lea\u00f1o cesado de Chivas tras derrota ante Rayados Deportes","og_description":"ZAPOPAN,JALISCO.La \"fuerza del cari\u00f1o\" no salv\u00f3 a Marcelo Michel Lea\u00f1o, quien este jueves fue despedido como entrenador de Chivas tras sumar su quinta En Sonora en Equipo publicamos toda la informaci\u00f3n de Sonora, M\u00e9xico y el Mundo de manera oportuna y busca que la libertad de expresi\u00f3n sea real. Visita nuestro medio informativo publicado desde Hermosillo, Sonora. %","og_url":"https:\/\/www.sonoraenequipo.com.mx\/leano-cesado-de-chivas-tras-derrota-ante-rayados\/","og_site_name":"Sonora en Equipo.","article_publisher":"https:\/\/www.facebook.com\/SonoraEE\/","article_published_time":"2022-04-14T19:14:51+00:00","article_modified_time":"2022-04-15T01:35:56+00:00","og_image":[{"width":700,"height":394,"url":"https:\/\/www.sonoraenequipo.com.mx\/storage\/2022\/04\/leano.jpg","type":"image\/jpeg"}],"author":"Dionisio Estrada","twitter_card":"summary_large_image","twitter_creator":"@sonoraenequipo","twitter_site":"@sonoraenequipo","twitter_misc":{"Escrito por":"Dionisio Estrada","Tiempo de lectura":"1 minuto"},"schema":{"@context":"https:\/\/schema.org","@graph":[{"@type":"Article","@id":"https:\/\/www.sonoraenequipo.com.mx\/leano-cesado-de-chivas-tras-derrota-ante-rayados\/#article","isPartOf":{"@id":"https:\/\/www.sonoraenequipo.com.mx\/leano-cesado-de-chivas-tras-derrota-ante-rayados\/"},"author":{"name":"Dionisio Estrada","@id":"https:\/\/www.sonoraenequipo.com.mx\/#\/schema\/person\/0f77f045cfa5d412273a32be74d5b2f2"},"headline":"Lea\u00f1o cesado de Chivas tras derrota ante Rayados","datePublished":"2022-04-14T19:14:51+00:00","dateModified":"2022-04-15T01:35:56+00:00","mainEntityOfPage":{"@id":"https:\/\/www.sonoraenequipo.com.mx\/leano-cesado-de-chivas-tras-derrota-ante-rayados\/"},"wordCount":156,"commentCount":0,"publisher":{"@id":"https:\/\/www.sonoraenequipo.com.mx\/#organization"},"image":{"@id":"https:\/\/www.sonoraenequipo.com.mx\/leano-cesado-de-chivas-tras-derrota-ante-rayados\/#primaryimage"},"thumbnailUrl":"https:\/\/www.sonoraenequipo.com.mx\/storage\/2022\/04\/leano.jpg","articleSection":["Deportes"],"inLanguage":"es","potentialAction":[{"@type":"CommentAction","name":"Comment","target":["https:\/\/www.sonoraenequipo.com.mx\/leano-cesado-de-chivas-tras-derrota-ante-rayados\/#respond"]}]},{"@type":"WebPage","@id":"https:\/\/www.sonoraenequipo.com.mx\/leano-cesado-de-chivas-tras-derrota-ante-rayados\/","url":"https:\/\/www.sonoraenequipo.com.mx\/leano-cesado-de-chivas-tras-derrota-ante-rayados\/","name":"Sonora en Equipo. Lea\u00f1o cesado de Chivas tras derrota ante Rayados Deportes","isPartOf":{"@id":"https:\/\/www.sonoraenequipo.com.mx\/#website"},"primaryImageOfPage":{"@id":"https:\/\/www.sonoraenequipo.com.mx\/leano-cesado-de-chivas-tras-derrota-ante-rayados\/#primaryimage"},"image":{"@id":"https:\/\/www.sonoraenequipo.com.mx\/leano-cesado-de-chivas-tras-derrota-ante-rayados\/#primaryimage"},"thumbnailUrl":"https:\/\/www.sonoraenequipo.com.mx\/storage\/2022\/04\/leano.jpg","datePublished":"2022-04-14T19:14:51+00:00","dateModified":"2022-04-15T01:35:56+00:00","description":"ZAPOPAN,JALISCO.La \"fuerza del cari\u00f1o\" no salv\u00f3 a Marcelo Michel Lea\u00f1o, quien este jueves fue despedido como entrenador de Chivas tras sumar su quinta En Sonora en Equipo publicamos toda la informaci\u00f3n de Sonora, M\u00e9xico y el Mundo de manera oportuna y busca que la libertad de expresi\u00f3n sea real. Visita nuestro medio informativo publicado desde Hermosillo, Sonora. %","breadcrumb":{"@id":"https:\/\/www.sonoraenequipo.com.mx\/leano-cesado-de-chivas-tras-derrota-ante-rayados\/#breadcrumb"},"inLanguage":"es","potentialAction":[{"@type":"ReadAction","target":["https:\/\/www.sonoraenequipo.com.mx\/leano-cesado-de-chivas-tras-derrota-ante-rayados\/"]}]},{"@type":"ImageObject","inLanguage":"es","@id":"https:\/\/www.sonoraenequipo.com.mx\/leano-cesado-de-chivas-tras-derrota-ante-rayados\/#primaryimage","url":"https:\/\/www.sonoraenequipo.com.mx\/storage\/2022\/04\/leano.jpg","contentUrl":"https:\/\/www.sonoraenequipo.com.mx\/storage\/2022\/04\/leano.jpg","width":700,"height":394},{"@type":"BreadcrumbList","@id":"https:\/\/www.sonoraenequipo.com.mx\/leano-cesado-de-chivas-tras-derrota-ante-rayados\/#breadcrumb","itemListElement":[{"@type":"ListItem","position":1,"name":"Portada","item":"https:\/\/www.sonoraenequipo.com.mx\/"},{"@type":"ListItem","position":2,"name":"Lea\u00f1o cesado de Chivas tras derrota ante Rayados"}]},{"@type":"WebSite","@id":"https:\/\/www.sonoraenequipo.com.mx\/#website","url":"https:\/\/www.sonoraenequipo.com.mx\/","name":"Sonora en Equipo.","description":"Diario en l\u00ednea con Noticias desde Hermosillo, Sonora","publisher":{"@id":"https:\/\/www.sonoraenequipo.com.mx\/#organization"},"potentialAction":[{"@type":"SearchAction","target":{"@type":"EntryPoint","urlTemplate":"https:\/\/www.sonoraenequipo.com.mx\/?s={search_term_string}"},"query-input":{"@type":"PropertyValueSpecification","valueRequired":true,"valueName":"search_term_string"}}],"inLanguage":"es"},{"@type":"Organization","@id":"https:\/\/www.sonoraenequipo.com.mx\/#organization","name":"Sonoraenequipo.com.mx","url":"https:\/\/www.sonoraenequipo.com.mx\/","logo":{"@type":"ImageObject","inLanguage":"es","@id":"https:\/\/www.sonoraenequipo.com.mx\/#\/schema\/logo\/image\/","url":"https:\/\/www.sonoraenequipo.com.mx\/storage\/2019\/01\/sonoraenequipo_opt.png","contentUrl":"https:\/\/www.sonoraenequipo.com.mx\/storage\/2019\/01\/sonoraenequipo_opt.png","width":375,"height":125,"caption":"Sonoraenequipo.com.mx"},"image":{"@id":"https:\/\/www.sonoraenequipo.com.mx\/#\/schema\/logo\/image\/"},"sameAs":["https:\/\/www.facebook.com\/SonoraEE\/","https:\/\/x.com\/sonoraenequipo","https:\/\/www.youtube.com\/channel\/UC338nW-lPEYmJQs4ZABQ1SQ"]},{"@type":"Person","@id":"https:\/\/www.sonoraenequipo.com.mx\/#\/schema\/person\/0f77f045cfa5d412273a32be74d5b2f2","name":"Dionisio Estrada","image":{"@type":"ImageObject","inLanguage":"es","@id":"https:\/\/www.sonoraenequipo.com.mx\/#\/schema\/person\/image\/","url":"https:\/\/secure.gravatar.com\/avatar\/73cdb642943186932636839910e38e7e207b5dc721341976549771f10ccb3a23?s=96&d=blank&r=g","contentUrl":"https:\/\/secure.gravatar.com\/avatar\/73cdb642943186932636839910e38e7e207b5dc721341976549771f10ccb3a23?s=96&d=blank&r=g","caption":"Dionisio Estrada"}}]}},"jetpack_featured_media_url":"https:\/\/www.sonoraenequipo.com.mx\/storage\/2022\/04\/leano.jpg","_links":{"self":[{"href":"https:\/\/www.sonoraenequipo.com.mx\/api\/wp\/v2\/posts\/136682","targetHints":{"allow":["GET"]}}],"collection":[{"href":"https:\/\/www.sonoraenequipo.com.mx\/api\/wp\/v2\/posts"}],"about":[{"href":"https:\/\/www.sonoraenequipo.com.mx\/api\/wp\/v2\/types\/post"}],"author":[{"embeddable":true,"href":"https:\/\/www.sonoraenequipo.com.mx\/api\/wp\/v2\/users\/24"}],"replies":[{"embeddable":true,"href":"https:\/\/www.sonoraenequipo.com.mx\/api\/wp\/v2\/comments?post=136682"}],"version-history":[{"count":1,"href":"https:\/\/www.sonoraenequipo.com.mx\/api\/wp\/v2\/posts\/136682\/revisions"}],"predecessor-version":[{"id":136684,"href":"https:\/\/www.sonoraenequipo.com.mx\/api\/wp\/v2\/posts\/136682\/revisions\/136684"}],"wp:featuredmedia":[{"embeddable":true,"href":"https:\/\/www.sonoraenequipo.com.mx\/api\/wp\/v2\/media\/136683"}],"wp:attachment":[{"href":"https:\/\/www.sonoraenequipo.com.mx\/api\/wp\/v2\/media?parent=136682"}],"wp:term":[{"taxonomy":"category","embeddable":true,"href":"https:\/\/www.sonoraenequipo.com.mx\/api\/wp\/v2\/categories?post=136682"},{"taxonomy":"post_tag","embeddable":true,"href":"https:\/\/www.sonoraenequipo.com.mx\/api\/wp\/v2\/tags?post=136682"}],"curies":[{"name":"wp","href":"https:\/\/api.w.org\/{rel}","templated":true}]}}