{"id":136688,"date":"2022-04-14T11:02:37","date_gmt":"2022-04-14T18:02:37","guid":{"rendered":"https:\/\/www.sonoraenequipo.com.mx\/?p=136688"},"modified":"2022-04-14T18:41:00","modified_gmt":"2022-04-15T01:41:00","slug":"salud-sonora-confirma-12-casos-sin-defunciones-por-covid","status":"publish","type":"post","link":"https:\/\/www.sonoraenequipo.com.mx\/salud-sonora-confirma-12-casos-sin-defunciones-por-covid\/","title":{"rendered":"Salud Sonora confirma 12 casos sin defunciones por Covid"},"content":{"rendered":"<p>&nbsp;<\/p>\n<p>\u25baDe los nuevos casos, ocho corresponden a mujeres y a cuatro hombres<\/p>\n<p>\u25baEste d\u00eda no se reportaron pacientes hospitalizados<\/p>\n<p>&nbsp;<\/p>\n<p><strong>HERMOSILLO, SONORA,MX.<\/strong><strong>\u25ac<\/strong> E un comunicado La Secretar\u00eda de Salud (SSA) confirm\u00f3 12 nuevos casos por Covid-19 y cero defunciones a causa de la enfermedad.<\/p>\n<p>La dependencia estatal detall\u00f3 que los casos se distribuyen en los municipios de Hermosillo (10), Guaymas y Santa Ana (uno cada uno).<\/p>\n<p>Los nuevos casos, indic\u00f3, son derechohabientes del Isssteson (11) y de la SSA (uno).<\/p>\n<p>&nbsp;<\/p>\n<p>Aunque este d\u00eda no confirmaron defunciones, se suma a la estad\u00edstica estatal un deceso ocurrido en fechas anteriores.<\/p>\n<p>A la fecha, destac\u00f3 la SSA, se han acumulado 165 mil 416 casos de la enfermedad desde que se present\u00f3 el primer caso el 16 de marzo de 2020, as\u00ed como 10 mil 103 defunciones.<\/p>\n<p>La dependencia hizo un llamado a la ciudadan\u00eda a seguir protegi\u00e9ndose para no contraer el virus, por ello, recomend\u00f3 seguir utilizando las medidas preventivas, como el uso correcto del cubreboca y no retirarlo en lugares cerrados ni en aglomeraci\u00f3n de personas, lavado de manos frecuente y uso de alcohol gel al 70 por ciento, respetar la sana distancia de 1.5 metros entre cada persona, vacunarse o completar su esquema contra el Covid-19.<\/p>\n<p><strong>Fecha de Publicaci\u00f3n jueves\/ 14 \/ abril\/ 2022 <\/strong><\/p>\n","protected":false},"excerpt":{"rendered":"<p>&nbsp; \u25baDe los nuevos casos, ocho corresponden a mujeres y a cuatro hombres \u25baEste d\u00eda&#8230;<\/p>\n","protected":false},"author":1,"featured_media":136689,"comment_status":"open","ping_status":"open","sticky":false,"template":"","format":"standard","meta":{"_monsterinsights_skip_tracking":false,"_monsterinsights_sitenote_active":false,"_monsterinsights_sitenote_note":"","_monsterinsights_sitenote_category":0,"footnotes":""},"categories":[22],"tags":[4249,15],"class_list":["post"],"yoast_head":" \n<title>Sonora en Equipo. Salud Sonora confirma 12 casos sin defunciones por Covid Sonora<\/title>\n<meta name=\"description\" content=\"&nbsp; \u25baDe los nuevos casos, ocho corresponden a mujeres y a cuatro hombres \u25baEste d\u00eda no se reportaron pacientes hospitalizados &nbsp; HERMOSILLO, En Sonora en Equipo publicamos toda la informaci\u00f3n de Sonora, M\u00e9xico y el Mundo de manera oportuna y busca que la libertad de expresi\u00f3n sea real. Visita nuestro medio informativo publicado desde Hermosillo, Sonora. %\" \/>\n<meta name=\"robots\" content=\"index, follow, max-snippet:-1, max-image-preview:large, max-video-preview:-1\" \/>\n<link rel=\"canonical\" href=\"https:\/\/www.sonoraenequipo.com.mx\/salud-sonora-confirma-12-casos-sin-defunciones-por-covid\/\" \/>\n<meta property=\"og:locale\" content=\"es_ES\" \/>\n<meta property=\"og:type\" content=\"article\" \/>\n<meta property=\"og:title\" content=\"Sonora en Equipo. Salud Sonora confirma 12 casos sin defunciones por Covid Sonora\" \/>\n<meta property=\"og:description\" content=\"&nbsp; \u25baDe los nuevos casos, ocho corresponden a mujeres y a cuatro hombres \u25baEste d\u00eda no se reportaron pacientes hospitalizados &nbsp; HERMOSILLO, En Sonora en Equipo publicamos toda la informaci\u00f3n de Sonora, M\u00e9xico y el Mundo de manera oportuna y busca que la libertad de expresi\u00f3n sea real. Visita nuestro medio informativo publicado desde Hermosillo, Sonora. %\" \/>\n<meta property=\"og:url\" content=\"https:\/\/www.sonoraenequipo.com.mx\/salud-sonora-confirma-12-casos-sin-defunciones-por-covid\/\" \/>\n<meta property=\"og:site_name\" content=\"Sonora en Equipo.\" \/>\n<meta property=\"article:publisher\" content=\"https:\/\/www.facebook.com\/SonoraEE\/\" \/>\n<meta property=\"article:author\" content=\"https:\/\/www.facebook.com\/SonoraEE\" \/>\n<meta property=\"article:published_time\" content=\"2022-04-14T18:02:37+00:00\" \/>\n<meta property=\"article:modified_time\" content=\"2022-04-15T01:41:00+00:00\" \/>\n<meta property=\"og:image\" content=\"https:\/\/www.sonoraenequipo.com.mx\/storage\/2022\/04\/covid.jpg\" \/>\n\t<meta property=\"og:image:width\" content=\"700\" \/>\n\t<meta property=\"og:image:height\" content=\"400\" \/>\n\t<meta property=\"og:image:type\" content=\"image\/jpeg\" \/>\n<meta name=\"author\" content=\"enequipo\" \/>\n<meta name=\"twitter:card\" content=\"summary_large_image\" \/>\n<meta name=\"twitter:creator\" content=\"@sonoraenequipo\" \/>\n<meta name=\"twitter:site\" content=\"@sonoraenequipo\" \/>\n<meta name=\"twitter:label1\" content=\"Escrito por\" \/>\n\t<meta name=\"twitter:data1\" content=\"enequipo\" \/>\n\t<meta name=\"twitter:label2\" content=\"Tiempo de lectura\" \/>\n\t<meta name=\"twitter:data2\" content=\"1 minuto\" \/>\n<script type=\"application\/ld+json\" class=\"yoast-schema-graph\">{\"@context\":\"https:\/\/schema.org\",\"@graph\":[{\"@type\":\"Article\",\"@id\":\"https:\/\/www.sonoraenequipo.com.mx\/salud-sonora-confirma-12-casos-sin-defunciones-por-covid\/#article\",\"isPartOf\":{\"@id\":\"https:\/\/www.sonoraenequipo.com.mx\/salud-sonora-confirma-12-casos-sin-defunciones-por-covid\/\"},\"author\":{\"name\":\"enequipo\",\"@id\":\"https:\/\/www.sonoraenequipo.com.mx\/#\/schema\/person\/50102df0fb23a8fa9e8effad8fa81386\"},\"headline\":\"Salud Sonora confirma 12 casos sin defunciones por Covid\",\"datePublished\":\"2022-04-14T18:02:37+00:00\",\"dateModified\":\"2022-04-15T01:41:00+00:00\",\"mainEntityOfPage\":{\"@id\":\"https:\/\/www.sonoraenequipo.com.mx\/salud-sonora-confirma-12-casos-sin-defunciones-por-covid\/\"},\"wordCount\":218,\"commentCount\":0,\"publisher\":{\"@id\":\"https:\/\/www.sonoraenequipo.com.mx\/#organization\"},\"image\":{\"@id\":\"https:\/\/www.sonoraenequipo.com.mx\/salud-sonora-confirma-12-casos-sin-defunciones-por-covid\/#primaryimage\"},\"thumbnailUrl\":\"https:\/\/www.sonoraenequipo.com.mx\/storage\/2022\/04\/covid.jpg\",\"keywords\":[\"covid\",\"Sonora\"],\"articleSection\":[\"Sonora\"],\"inLanguage\":\"es\",\"potentialAction\":[{\"@type\":\"CommentAction\",\"name\":\"Comment\",\"target\":[\"https:\/\/www.sonoraenequipo.com.mx\/salud-sonora-confirma-12-casos-sin-defunciones-por-covid\/#respond\"]}]},{\"@type\":\"WebPage\",\"@id\":\"https:\/\/www.sonoraenequipo.com.mx\/salud-sonora-confirma-12-casos-sin-defunciones-por-covid\/\",\"url\":\"https:\/\/www.sonoraenequipo.com.mx\/salud-sonora-confirma-12-casos-sin-defunciones-por-covid\/\",\"name\":\"Sonora en Equipo. Salud Sonora confirma 12 casos sin defunciones por Covid Sonora\",\"isPartOf\":{\"@id\":\"https:\/\/www.sonoraenequipo.com.mx\/#website\"},\"primaryImageOfPage\":{\"@id\":\"https:\/\/www.sonoraenequipo.com.mx\/salud-sonora-confirma-12-casos-sin-defunciones-por-covid\/#primaryimage\"},\"image\":{\"@id\":\"https:\/\/www.sonoraenequipo.com.mx\/salud-sonora-confirma-12-casos-sin-defunciones-por-covid\/#primaryimage\"},\"thumbnailUrl\":\"https:\/\/www.sonoraenequipo.com.mx\/storage\/2022\/04\/covid.jpg\",\"datePublished\":\"2022-04-14T18:02:37+00:00\",\"dateModified\":\"2022-04-15T01:41:00+00:00\",\"description\":\"&nbsp; \u25baDe los nuevos casos, ocho corresponden a mujeres y a cuatro hombres \u25baEste d\u00eda no se reportaron pacientes hospitalizados &nbsp; HERMOSILLO, En Sonora en Equipo publicamos toda la informaci\u00f3n de Sonora, M\u00e9xico y el Mundo de manera oportuna y busca que la libertad de expresi\u00f3n sea real. Visita nuestro medio informativo publicado desde Hermosillo, Sonora. %\",\"breadcrumb\":{\"@id\":\"https:\/\/www.sonoraenequipo.com.mx\/salud-sonora-confirma-12-casos-sin-defunciones-por-covid\/#breadcrumb\"},\"inLanguage\":\"es\",\"potentialAction\":[{\"@type\":\"ReadAction\",\"target\":[\"https:\/\/www.sonoraenequipo.com.mx\/salud-sonora-confirma-12-casos-sin-defunciones-por-covid\/\"]}]},{\"@type\":\"ImageObject\",\"inLanguage\":\"es\",\"@id\":\"https:\/\/www.sonoraenequipo.com.mx\/salud-sonora-confirma-12-casos-sin-defunciones-por-covid\/#primaryimage\",\"url\":\"https:\/\/www.sonoraenequipo.com.mx\/storage\/2022\/04\/covid.jpg\",\"contentUrl\":\"https:\/\/www.sonoraenequipo.com.mx\/storage\/2022\/04\/covid.jpg\",\"width\":700,\"height\":400},{\"@type\":\"BreadcrumbList\",\"@id\":\"https:\/\/www.sonoraenequipo.com.mx\/salud-sonora-confirma-12-casos-sin-defunciones-por-covid\/#breadcrumb\",\"itemListElement\":[{\"@type\":\"ListItem\",\"position\":1,\"name\":\"Portada\",\"item\":\"https:\/\/www.sonoraenequipo.com.mx\/\"},{\"@type\":\"ListItem\",\"position\":2,\"name\":\"Salud Sonora confirma 12 casos sin defunciones por Covid\"}]},{\"@type\":\"WebSite\",\"@id\":\"https:\/\/www.sonoraenequipo.com.mx\/#website\",\"url\":\"https:\/\/www.sonoraenequipo.com.mx\/\",\"name\":\"Sonora en Equipo.\",\"description\":\"Diario en l\u00ednea con Noticias desde Hermosillo, Sonora\",\"publisher\":{\"@id\":\"https:\/\/www.sonoraenequipo.com.mx\/#organization\"},\"potentialAction\":[{\"@type\":\"SearchAction\",\"target\":{\"@type\":\"EntryPoint\",\"urlTemplate\":\"https:\/\/www.sonoraenequipo.com.mx\/?s={search_term_string}\"},\"query-input\":{\"@type\":\"PropertyValueSpecification\",\"valueRequired\":true,\"valueName\":\"search_term_string\"}}],\"inLanguage\":\"es\"},{\"@type\":\"Organization\",\"@id\":\"https:\/\/www.sonoraenequipo.com.mx\/#organization\",\"name\":\"Sonoraenequipo.com.mx\",\"url\":\"https:\/\/www.sonoraenequipo.com.mx\/\",\"logo\":{\"@type\":\"ImageObject\",\"inLanguage\":\"es\",\"@id\":\"https:\/\/www.sonoraenequipo.com.mx\/#\/schema\/logo\/image\/\",\"url\":\"https:\/\/www.sonoraenequipo.com.mx\/storage\/2019\/01\/sonoraenequipo_opt.png\",\"contentUrl\":\"https:\/\/www.sonoraenequipo.com.mx\/storage\/2019\/01\/sonoraenequipo_opt.png\",\"width\":375,\"height\":125,\"caption\":\"Sonoraenequipo.com.mx\"},\"image\":{\"@id\":\"https:\/\/www.sonoraenequipo.com.mx\/#\/schema\/logo\/image\/\"},\"sameAs\":[\"https:\/\/www.facebook.com\/SonoraEE\/\",\"https:\/\/x.com\/sonoraenequipo\",\"https:\/\/www.youtube.com\/channel\/UC338nW-lPEYmJQs4ZABQ1SQ\"]},{\"@type\":\"Person\",\"@id\":\"https:\/\/www.sonoraenequipo.com.mx\/#\/schema\/person\/50102df0fb23a8fa9e8effad8fa81386\",\"name\":\"enequipo\",\"image\":{\"@type\":\"ImageObject\",\"inLanguage\":\"es\",\"@id\":\"https:\/\/www.sonoraenequipo.com.mx\/#\/schema\/person\/image\/\",\"url\":\"https:\/\/secure.gravatar.com\/avatar\/049821681b589dabc0bc20695993ccebb09f5b5d4d790cd9251b97faac7c652b?s=96&d=blank&r=g\",\"contentUrl\":\"https:\/\/secure.gravatar.com\/avatar\/049821681b589dabc0bc20695993ccebb09f5b5d4d790cd9251b97faac7c652b?s=96&d=blank&r=g\",\"caption\":\"enequipo\"},\"sameAs\":[\"https:\/\/www.facebook.com\/SonoraEE\"]}]}<\/script>\n ","yoast_head_json":{"title":"Sonora en Equipo. Salud Sonora confirma 12 casos sin defunciones por Covid Sonora","description":"&nbsp; \u25baDe los nuevos casos, ocho corresponden a mujeres y a cuatro hombres \u25baEste d\u00eda no se reportaron pacientes hospitalizados &nbsp; HERMOSILLO, En Sonora en Equipo publicamos toda la informaci\u00f3n de Sonora, M\u00e9xico y el Mundo de manera oportuna y busca que la libertad de expresi\u00f3n sea real. Visita nuestro medio informativo publicado desde Hermosillo, Sonora. %","robots":{"index":"index","follow":"follow","max-snippet":"max-snippet:-1","max-image-preview":"max-image-preview:large","max-video-preview":"max-video-preview:-1"},"canonical":"https:\/\/www.sonoraenequipo.com.mx\/salud-sonora-confirma-12-casos-sin-defunciones-por-covid\/","og_locale":"es_ES","og_type":"article","og_title":"Sonora en Equipo. Salud Sonora confirma 12 casos sin defunciones por Covid Sonora","og_description":"&nbsp; \u25baDe los nuevos casos, ocho corresponden a mujeres y a cuatro hombres \u25baEste d\u00eda no se reportaron pacientes hospitalizados &nbsp; HERMOSILLO, En Sonora en Equipo publicamos toda la informaci\u00f3n de Sonora, M\u00e9xico y el Mundo de manera oportuna y busca que la libertad de expresi\u00f3n sea real. Visita nuestro medio informativo publicado desde Hermosillo, Sonora. %","og_url":"https:\/\/www.sonoraenequipo.com.mx\/salud-sonora-confirma-12-casos-sin-defunciones-por-covid\/","og_site_name":"Sonora en Equipo.","article_publisher":"https:\/\/www.facebook.com\/SonoraEE\/","article_author":"https:\/\/www.facebook.com\/SonoraEE","article_published_time":"2022-04-14T18:02:37+00:00","article_modified_time":"2022-04-15T01:41:00+00:00","og_image":[{"width":700,"height":400,"url":"https:\/\/www.sonoraenequipo.com.mx\/storage\/2022\/04\/covid.jpg","type":"image\/jpeg"}],"author":"enequipo","twitter_card":"summary_large_image","twitter_creator":"@sonoraenequipo","twitter_site":"@sonoraenequipo","twitter_misc":{"Escrito por":"enequipo","Tiempo de lectura":"1 minuto"},"schema":{"@context":"https:\/\/schema.org","@graph":[{"@type":"Article","@id":"https:\/\/www.sonoraenequipo.com.mx\/salud-sonora-confirma-12-casos-sin-defunciones-por-covid\/#article","isPartOf":{"@id":"https:\/\/www.sonoraenequipo.com.mx\/salud-sonora-confirma-12-casos-sin-defunciones-por-covid\/"},"author":{"name":"enequipo","@id":"https:\/\/www.sonoraenequipo.com.mx\/#\/schema\/person\/50102df0fb23a8fa9e8effad8fa81386"},"headline":"Salud Sonora confirma 12 casos sin defunciones por Covid","datePublished":"2022-04-14T18:02:37+00:00","dateModified":"2022-04-15T01:41:00+00:00","mainEntityOfPage":{"@id":"https:\/\/www.sonoraenequipo.com.mx\/salud-sonora-confirma-12-casos-sin-defunciones-por-covid\/"},"wordCount":218,"commentCount":0,"publisher":{"@id":"https:\/\/www.sonoraenequipo.com.mx\/#organization"},"image":{"@id":"https:\/\/www.sonoraenequipo.com.mx\/salud-sonora-confirma-12-casos-sin-defunciones-por-covid\/#primaryimage"},"thumbnailUrl":"https:\/\/www.sonoraenequipo.com.mx\/storage\/2022\/04\/covid.jpg","keywords":["covid","Sonora"],"articleSection":["Sonora"],"inLanguage":"es","potentialAction":[{"@type":"CommentAction","name":"Comment","target":["https:\/\/www.sonoraenequipo.com.mx\/salud-sonora-confirma-12-casos-sin-defunciones-por-covid\/#respond"]}]},{"@type":"WebPage","@id":"https:\/\/www.sonoraenequipo.com.mx\/salud-sonora-confirma-12-casos-sin-defunciones-por-covid\/","url":"https:\/\/www.sonoraenequipo.com.mx\/salud-sonora-confirma-12-casos-sin-defunciones-por-covid\/","name":"Sonora en Equipo. Salud Sonora confirma 12 casos sin defunciones por Covid Sonora","isPartOf":{"@id":"https:\/\/www.sonoraenequipo.com.mx\/#website"},"primaryImageOfPage":{"@id":"https:\/\/www.sonoraenequipo.com.mx\/salud-sonora-confirma-12-casos-sin-defunciones-por-covid\/#primaryimage"},"image":{"@id":"https:\/\/www.sonoraenequipo.com.mx\/salud-sonora-confirma-12-casos-sin-defunciones-por-covid\/#primaryimage"},"thumbnailUrl":"https:\/\/www.sonoraenequipo.com.mx\/storage\/2022\/04\/covid.jpg","datePublished":"2022-04-14T18:02:37+00:00","dateModified":"2022-04-15T01:41:00+00:00","description":"&nbsp; \u25baDe los nuevos casos, ocho corresponden a mujeres y a cuatro hombres \u25baEste d\u00eda no se reportaron pacientes hospitalizados &nbsp; HERMOSILLO, En Sonora en Equipo publicamos toda la informaci\u00f3n de Sonora, M\u00e9xico y el Mundo de manera oportuna y busca que la libertad de expresi\u00f3n sea real. Visita nuestro medio informativo publicado desde Hermosillo, Sonora. %","breadcrumb":{"@id":"https:\/\/www.sonoraenequipo.com.mx\/salud-sonora-confirma-12-casos-sin-defunciones-por-covid\/#breadcrumb"},"inLanguage":"es","potentialAction":[{"@type":"ReadAction","target":["https:\/\/www.sonoraenequipo.com.mx\/salud-sonora-confirma-12-casos-sin-defunciones-por-covid\/"]}]},{"@type":"ImageObject","inLanguage":"es","@id":"https:\/\/www.sonoraenequipo.com.mx\/salud-sonora-confirma-12-casos-sin-defunciones-por-covid\/#primaryimage","url":"https:\/\/www.sonoraenequipo.com.mx\/storage\/2022\/04\/covid.jpg","contentUrl":"https:\/\/www.sonoraenequipo.com.mx\/storage\/2022\/04\/covid.jpg","width":700,"height":400},{"@type":"BreadcrumbList","@id":"https:\/\/www.sonoraenequipo.com.mx\/salud-sonora-confirma-12-casos-sin-defunciones-por-covid\/#breadcrumb","itemListElement":[{"@type":"ListItem","position":1,"name":"Portada","item":"https:\/\/www.sonoraenequipo.com.mx\/"},{"@type":"ListItem","position":2,"name":"Salud Sonora confirma 12 casos sin defunciones por Covid"}]},{"@type":"WebSite","@id":"https:\/\/www.sonoraenequipo.com.mx\/#website","url":"https:\/\/www.sonoraenequipo.com.mx\/","name":"Sonora en Equipo.","description":"Diario en l\u00ednea con Noticias desde Hermosillo, Sonora","publisher":{"@id":"https:\/\/www.sonoraenequipo.com.mx\/#organization"},"potentialAction":[{"@type":"SearchAction","target":{"@type":"EntryPoint","urlTemplate":"https:\/\/www.sonoraenequipo.com.mx\/?s={search_term_string}"},"query-input":{"@type":"PropertyValueSpecification","valueRequired":true,"valueName":"search_term_string"}}],"inLanguage":"es"},{"@type":"Organization","@id":"https:\/\/www.sonoraenequipo.com.mx\/#organization","name":"Sonoraenequipo.com.mx","url":"https:\/\/www.sonoraenequipo.com.mx\/","logo":{"@type":"ImageObject","inLanguage":"es","@id":"https:\/\/www.sonoraenequipo.com.mx\/#\/schema\/logo\/image\/","url":"https:\/\/www.sonoraenequipo.com.mx\/storage\/2019\/01\/sonoraenequipo_opt.png","contentUrl":"https:\/\/www.sonoraenequipo.com.mx\/storage\/2019\/01\/sonoraenequipo_opt.png","width":375,"height":125,"caption":"Sonoraenequipo.com.mx"},"image":{"@id":"https:\/\/www.sonoraenequipo.com.mx\/#\/schema\/logo\/image\/"},"sameAs":["https:\/\/www.facebook.com\/SonoraEE\/","https:\/\/x.com\/sonoraenequipo","https:\/\/www.youtube.com\/channel\/UC338nW-lPEYmJQs4ZABQ1SQ"]},{"@type":"Person","@id":"https:\/\/www.sonoraenequipo.com.mx\/#\/schema\/person\/50102df0fb23a8fa9e8effad8fa81386","name":"enequipo","image":{"@type":"ImageObject","inLanguage":"es","@id":"https:\/\/www.sonoraenequipo.com.mx\/#\/schema\/person\/image\/","url":"https:\/\/secure.gravatar.com\/avatar\/049821681b589dabc0bc20695993ccebb09f5b5d4d790cd9251b97faac7c652b?s=96&d=blank&r=g","contentUrl":"https:\/\/secure.gravatar.com\/avatar\/049821681b589dabc0bc20695993ccebb09f5b5d4d790cd9251b97faac7c652b?s=96&d=blank&r=g","caption":"enequipo"},"sameAs":["https:\/\/www.facebook.com\/SonoraEE"]}]}},"jetpack_featured_media_url":"https:\/\/www.sonoraenequipo.com.mx\/storage\/2022\/04\/covid.jpg","_links":{"self":[{"href":"https:\/\/www.sonoraenequipo.com.mx\/api\/wp\/v2\/posts\/136688","targetHints":{"allow":["GET"]}}],"collection":[{"href":"https:\/\/www.sonoraenequipo.com.mx\/api\/wp\/v2\/posts"}],"about":[{"href":"https:\/\/www.sonoraenequipo.com.mx\/api\/wp\/v2\/types\/post"}],"author":[{"embeddable":true,"href":"https:\/\/www.sonoraenequipo.com.mx\/api\/wp\/v2\/users\/1"}],"replies":[{"embeddable":true,"href":"https:\/\/www.sonoraenequipo.com.mx\/api\/wp\/v2\/comments?post=136688"}],"version-history":[{"count":1,"href":"https:\/\/www.sonoraenequipo.com.mx\/api\/wp\/v2\/posts\/136688\/revisions"}],"predecessor-version":[{"id":136690,"href":"https:\/\/www.sonoraenequipo.com.mx\/api\/wp\/v2\/posts\/136688\/revisions\/136690"}],"wp:featuredmedia":[{"embeddable":true,"href":"https:\/\/www.sonoraenequipo.com.mx\/api\/wp\/v2\/media\/136689"}],"wp:attachment":[{"href":"https:\/\/www.sonoraenequipo.com.mx\/api\/wp\/v2\/media?parent=136688"}],"wp:term":[{"taxonomy":"category","embeddable":true,"href":"https:\/\/www.sonoraenequipo.com.mx\/api\/wp\/v2\/categories?post=136688"},{"taxonomy":"post_tag","embeddable":true,"href":"https:\/\/www.sonoraenequipo.com.mx\/api\/wp\/v2\/tags?post=136688"}],"curies":[{"name":"wp","href":"https:\/\/api.w.org\/{rel}","templated":true}]}}