{"id":136691,"date":"2022-04-14T13:19:53","date_gmt":"2022-04-14T20:19:53","guid":{"rendered":"https:\/\/www.sonoraenequipo.com.mx\/?p=136691"},"modified":"2022-04-14T18:35:08","modified_gmt":"2022-04-15T01:35:08","slug":"supervisan-ssp-cepc-y-gobierno-de-guaymas-operativo-especial-de-semana-santa-2022","status":"publish","type":"post","link":"https:\/\/www.sonoraenequipo.com.mx\/supervisan-ssp-cepc-y-gobierno-de-guaymas-operativo-especial-de-semana-santa-2022\/","title":{"rendered":"Supervisan SSP, CEPC y gobierno de Guaymas operativo especial de Semana Santa 2022"},"content":{"rendered":"<p>GUAYMAS, SONORA,MX.\u25ac Como parte de las acciones del operativo especial Semana Santa y Pascua 2022, Mar\u00eda Dolores del R\u00edo S\u00e1nchez, Secretaria de Seguridad P\u00fablica(SSP), Juan Gonz\u00e1lez Alvarado, Coordinador Estatal de Protecci\u00f3n Civil (CEPC), y Karla C\u00f3rdova Gonz\u00e1lez, alcaldesa de Guaymas, encabezaron un recorrido de supervisi\u00f3n por los puntos preventivos estrat\u00e9gicos que se instalaron en San Carlos, Guaymas, donde las distintas corporaciones de seguridad p\u00fablica, municipal, estatal y federal, brindan atenci\u00f3n a los vacacionistas locales y extranjeros.<\/p>\n<p>&nbsp;<\/p>\n<p>Explic\u00f3 que se busca garantizar las mejores condiciones de tranquilidad y seguridad para los vacacionistas, y que a trav\u00e9s de los puntos preventivos se llevan a cabo acciones de recomendaciones y vigilancia para la prevenci\u00f3n de accidentes y situaciones de riesgo.<\/p>\n<p>&nbsp;<\/p>\n<p>Dijo que, como parte del operativo en el estado, se despleg\u00f3 una fuerza de 827 elementos de la Polic\u00eda Estatal de Seguridad P\u00fablica (PESP) y 140 patrullas que se ubican en nueve rutas estrat\u00e9gicas, atendiendo a 49 localidades en 33 municipios.<\/p>\n<p>&nbsp;<\/p>\n<p>En este operativo especial Semana Santa y Pascua 2022 se tiene una dispersi\u00f3n de seis mil 533 elementos de seguridad p\u00fablica donde se coordinan la Marina, Secretar\u00eda de la Defensa Nacional, del Ej\u00e9rcito, de la Guardia Nacional, PESP, presidencias municipales y Cruz Roja.<\/p>\n<p>&nbsp;<\/p>\n<p>La titular de Seguridad P\u00fablica convoc\u00f3 a los vacacionistas en caso de ser v\u00edctimas de irregularidades por parte de las autoridades de seguridad, comunicarse a la l\u00ednea 089, donde podr\u00e1n interponer sus denuncias en forma segura totalmente an\u00f3nima y, en caso de requerir el apoyo de los cuerpos de emergencia, puede solicitarlo a trav\u00e9s del n\u00famero de atenci\u00f3n a emergencias 9-1-1.<\/p>\n<p>&nbsp;<\/p>\n<p><strong>Fecha de Publicaci\u00f3n jueves\/ 14 \/ abril\/ 2022 <\/strong><\/p>\n","protected":false},"excerpt":{"rendered":"<p>GUAYMAS, SONORA,MX.\u25ac Como parte de las acciones del operativo especial Semana Santa y Pascua 2022,&#8230;<\/p>\n","protected":false},"author":1,"featured_media":136692,"comment_status":"open","ping_status":"open","sticky":false,"template":"","format":"standard","meta":{"_monsterinsights_skip_tracking":false,"_monsterinsights_sitenote_active":false,"_monsterinsights_sitenote_note":"","_monsterinsights_sitenote_category":0,"footnotes":""},"categories":[22],"tags":[621,36,7013,1723],"class_list":["post"],"yoast_head":" \n<title>Sonora en Equipo. Supervisan SSP, CEPC y gobierno de Guaymas operativo especial de Semana Santa 2022 Sonora<\/title>\n<meta name=\"description\" content=\"GUAYMAS, SONORA,MX.\u25ac Como parte de las acciones del operativo especial Semana Santa y Pascua 2022, Mar\u00eda Dolores del R\u00edo S\u00e1nchez, Secretaria de Seguridad En Sonora en Equipo publicamos toda la informaci\u00f3n de Sonora, M\u00e9xico y el Mundo de manera oportuna y busca que la libertad de expresi\u00f3n sea real. Visita nuestro medio informativo publicado desde Hermosillo, Sonora. %\" \/>\n<meta name=\"robots\" content=\"index, follow, max-snippet:-1, max-image-preview:large, max-video-preview:-1\" \/>\n<link rel=\"canonical\" href=\"https:\/\/www.sonoraenequipo.com.mx\/supervisan-ssp-cepc-y-gobierno-de-guaymas-operativo-especial-de-semana-santa-2022\/\" \/>\n<meta property=\"og:locale\" content=\"es_ES\" \/>\n<meta property=\"og:type\" content=\"article\" \/>\n<meta property=\"og:title\" content=\"Sonora en Equipo. Supervisan SSP, CEPC y gobierno de Guaymas operativo especial de Semana Santa 2022 Sonora\" \/>\n<meta property=\"og:description\" content=\"GUAYMAS, SONORA,MX.\u25ac Como parte de las acciones del operativo especial Semana Santa y Pascua 2022, Mar\u00eda Dolores del R\u00edo S\u00e1nchez, Secretaria de Seguridad En Sonora en Equipo publicamos toda la informaci\u00f3n de Sonora, M\u00e9xico y el Mundo de manera oportuna y busca que la libertad de expresi\u00f3n sea real. Visita nuestro medio informativo publicado desde Hermosillo, Sonora. %\" \/>\n<meta property=\"og:url\" content=\"https:\/\/www.sonoraenequipo.com.mx\/supervisan-ssp-cepc-y-gobierno-de-guaymas-operativo-especial-de-semana-santa-2022\/\" \/>\n<meta property=\"og:site_name\" content=\"Sonora en Equipo.\" \/>\n<meta property=\"article:publisher\" content=\"https:\/\/www.facebook.com\/SonoraEE\/\" \/>\n<meta property=\"article:author\" content=\"https:\/\/www.facebook.com\/SonoraEE\" \/>\n<meta property=\"article:published_time\" content=\"2022-04-14T20:19:53+00:00\" \/>\n<meta property=\"article:modified_time\" content=\"2022-04-15T01:35:08+00:00\" \/>\n<meta property=\"og:image\" content=\"https:\/\/www.sonoraenequipo.com.mx\/storage\/2022\/04\/operativo-gms.jpg\" \/>\n\t<meta property=\"og:image:width\" content=\"700\" \/>\n\t<meta property=\"og:image:height\" content=\"400\" \/>\n\t<meta property=\"og:image:type\" content=\"image\/jpeg\" \/>\n<meta name=\"author\" content=\"enequipo\" \/>\n<meta name=\"twitter:card\" content=\"summary_large_image\" \/>\n<meta name=\"twitter:creator\" content=\"@sonoraenequipo\" \/>\n<meta name=\"twitter:site\" content=\"@sonoraenequipo\" \/>\n<meta name=\"twitter:label1\" content=\"Escrito por\" \/>\n\t<meta name=\"twitter:data1\" content=\"enequipo\" \/>\n\t<meta name=\"twitter:label2\" content=\"Tiempo de lectura\" \/>\n\t<meta name=\"twitter:data2\" content=\"2 minutos\" \/>\n<script type=\"application\/ld+json\" class=\"yoast-schema-graph\">{\"@context\":\"https:\/\/schema.org\",\"@graph\":[{\"@type\":\"Article\",\"@id\":\"https:\/\/www.sonoraenequipo.com.mx\/supervisan-ssp-cepc-y-gobierno-de-guaymas-operativo-especial-de-semana-santa-2022\/#article\",\"isPartOf\":{\"@id\":\"https:\/\/www.sonoraenequipo.com.mx\/supervisan-ssp-cepc-y-gobierno-de-guaymas-operativo-especial-de-semana-santa-2022\/\"},\"author\":{\"name\":\"enequipo\",\"@id\":\"https:\/\/www.sonoraenequipo.com.mx\/#\/schema\/person\/50102df0fb23a8fa9e8effad8fa81386\"},\"headline\":\"Supervisan SSP, CEPC y gobierno de Guaymas operativo especial de Semana Santa 2022\",\"datePublished\":\"2022-04-14T20:19:53+00:00\",\"dateModified\":\"2022-04-15T01:35:08+00:00\",\"mainEntityOfPage\":{\"@id\":\"https:\/\/www.sonoraenequipo.com.mx\/supervisan-ssp-cepc-y-gobierno-de-guaymas-operativo-especial-de-semana-santa-2022\/\"},\"wordCount\":309,\"commentCount\":0,\"publisher\":{\"@id\":\"https:\/\/www.sonoraenequipo.com.mx\/#organization\"},\"image\":{\"@id\":\"https:\/\/www.sonoraenequipo.com.mx\/supervisan-ssp-cepc-y-gobierno-de-guaymas-operativo-especial-de-semana-santa-2022\/#primaryimage\"},\"thumbnailUrl\":\"https:\/\/www.sonoraenequipo.com.mx\/storage\/2022\/04\/operativo-gms.jpg\",\"keywords\":[\"Guaymas\",\"proteccion civil\",\"seguridadp\u00fablica\",\"semana santa\"],\"articleSection\":[\"Sonora\"],\"inLanguage\":\"es\",\"potentialAction\":[{\"@type\":\"CommentAction\",\"name\":\"Comment\",\"target\":[\"https:\/\/www.sonoraenequipo.com.mx\/supervisan-ssp-cepc-y-gobierno-de-guaymas-operativo-especial-de-semana-santa-2022\/#respond\"]}]},{\"@type\":\"WebPage\",\"@id\":\"https:\/\/www.sonoraenequipo.com.mx\/supervisan-ssp-cepc-y-gobierno-de-guaymas-operativo-especial-de-semana-santa-2022\/\",\"url\":\"https:\/\/www.sonoraenequipo.com.mx\/supervisan-ssp-cepc-y-gobierno-de-guaymas-operativo-especial-de-semana-santa-2022\/\",\"name\":\"Sonora en Equipo. Supervisan SSP, CEPC y gobierno de Guaymas operativo especial de Semana Santa 2022 Sonora\",\"isPartOf\":{\"@id\":\"https:\/\/www.sonoraenequipo.com.mx\/#website\"},\"primaryImageOfPage\":{\"@id\":\"https:\/\/www.sonoraenequipo.com.mx\/supervisan-ssp-cepc-y-gobierno-de-guaymas-operativo-especial-de-semana-santa-2022\/#primaryimage\"},\"image\":{\"@id\":\"https:\/\/www.sonoraenequipo.com.mx\/supervisan-ssp-cepc-y-gobierno-de-guaymas-operativo-especial-de-semana-santa-2022\/#primaryimage\"},\"thumbnailUrl\":\"https:\/\/www.sonoraenequipo.com.mx\/storage\/2022\/04\/operativo-gms.jpg\",\"datePublished\":\"2022-04-14T20:19:53+00:00\",\"dateModified\":\"2022-04-15T01:35:08+00:00\",\"description\":\"GUAYMAS, SONORA,MX.\u25ac Como parte de las acciones del operativo especial Semana Santa y Pascua 2022, Mar\u00eda Dolores del R\u00edo S\u00e1nchez, Secretaria de Seguridad En Sonora en Equipo publicamos toda la informaci\u00f3n de Sonora, M\u00e9xico y el Mundo de manera oportuna y busca que la libertad de expresi\u00f3n sea real. Visita nuestro medio informativo publicado desde Hermosillo, Sonora. %\",\"breadcrumb\":{\"@id\":\"https:\/\/www.sonoraenequipo.com.mx\/supervisan-ssp-cepc-y-gobierno-de-guaymas-operativo-especial-de-semana-santa-2022\/#breadcrumb\"},\"inLanguage\":\"es\",\"potentialAction\":[{\"@type\":\"ReadAction\",\"target\":[\"https:\/\/www.sonoraenequipo.com.mx\/supervisan-ssp-cepc-y-gobierno-de-guaymas-operativo-especial-de-semana-santa-2022\/\"]}]},{\"@type\":\"ImageObject\",\"inLanguage\":\"es\",\"@id\":\"https:\/\/www.sonoraenequipo.com.mx\/supervisan-ssp-cepc-y-gobierno-de-guaymas-operativo-especial-de-semana-santa-2022\/#primaryimage\",\"url\":\"https:\/\/www.sonoraenequipo.com.mx\/storage\/2022\/04\/operativo-gms.jpg\",\"contentUrl\":\"https:\/\/www.sonoraenequipo.com.mx\/storage\/2022\/04\/operativo-gms.jpg\",\"width\":700,\"height\":400},{\"@type\":\"BreadcrumbList\",\"@id\":\"https:\/\/www.sonoraenequipo.com.mx\/supervisan-ssp-cepc-y-gobierno-de-guaymas-operativo-especial-de-semana-santa-2022\/#breadcrumb\",\"itemListElement\":[{\"@type\":\"ListItem\",\"position\":1,\"name\":\"Portada\",\"item\":\"https:\/\/www.sonoraenequipo.com.mx\/\"},{\"@type\":\"ListItem\",\"position\":2,\"name\":\"Supervisan SSP, CEPC y gobierno de Guaymas operativo especial de Semana Santa 2022\"}]},{\"@type\":\"WebSite\",\"@id\":\"https:\/\/www.sonoraenequipo.com.mx\/#website\",\"url\":\"https:\/\/www.sonoraenequipo.com.mx\/\",\"name\":\"Sonora en Equipo.\",\"description\":\"Diario en l\u00ednea con Noticias desde Hermosillo, Sonora\",\"publisher\":{\"@id\":\"https:\/\/www.sonoraenequipo.com.mx\/#organization\"},\"potentialAction\":[{\"@type\":\"SearchAction\",\"target\":{\"@type\":\"EntryPoint\",\"urlTemplate\":\"https:\/\/www.sonoraenequipo.com.mx\/?s={search_term_string}\"},\"query-input\":{\"@type\":\"PropertyValueSpecification\",\"valueRequired\":true,\"valueName\":\"search_term_string\"}}],\"inLanguage\":\"es\"},{\"@type\":\"Organization\",\"@id\":\"https:\/\/www.sonoraenequipo.com.mx\/#organization\",\"name\":\"Sonoraenequipo.com.mx\",\"url\":\"https:\/\/www.sonoraenequipo.com.mx\/\",\"logo\":{\"@type\":\"ImageObject\",\"inLanguage\":\"es\",\"@id\":\"https:\/\/www.sonoraenequipo.com.mx\/#\/schema\/logo\/image\/\",\"url\":\"https:\/\/www.sonoraenequipo.com.mx\/storage\/2019\/01\/sonoraenequipo_opt.png\",\"contentUrl\":\"https:\/\/www.sonoraenequipo.com.mx\/storage\/2019\/01\/sonoraenequipo_opt.png\",\"width\":375,\"height\":125,\"caption\":\"Sonoraenequipo.com.mx\"},\"image\":{\"@id\":\"https:\/\/www.sonoraenequipo.com.mx\/#\/schema\/logo\/image\/\"},\"sameAs\":[\"https:\/\/www.facebook.com\/SonoraEE\/\",\"https:\/\/x.com\/sonoraenequipo\",\"https:\/\/www.youtube.com\/channel\/UC338nW-lPEYmJQs4ZABQ1SQ\"]},{\"@type\":\"Person\",\"@id\":\"https:\/\/www.sonoraenequipo.com.mx\/#\/schema\/person\/50102df0fb23a8fa9e8effad8fa81386\",\"name\":\"enequipo\",\"image\":{\"@type\":\"ImageObject\",\"inLanguage\":\"es\",\"@id\":\"https:\/\/www.sonoraenequipo.com.mx\/#\/schema\/person\/image\/\",\"url\":\"https:\/\/secure.gravatar.com\/avatar\/049821681b589dabc0bc20695993ccebb09f5b5d4d790cd9251b97faac7c652b?s=96&d=blank&r=g\",\"contentUrl\":\"https:\/\/secure.gravatar.com\/avatar\/049821681b589dabc0bc20695993ccebb09f5b5d4d790cd9251b97faac7c652b?s=96&d=blank&r=g\",\"caption\":\"enequipo\"},\"sameAs\":[\"https:\/\/www.facebook.com\/SonoraEE\"]}]}<\/script>\n ","yoast_head_json":{"title":"Sonora en Equipo. Supervisan SSP, CEPC y gobierno de Guaymas operativo especial de Semana Santa 2022 Sonora","description":"GUAYMAS, SONORA,MX.\u25ac Como parte de las acciones del operativo especial Semana Santa y Pascua 2022, Mar\u00eda Dolores del R\u00edo S\u00e1nchez, Secretaria de Seguridad En Sonora en Equipo publicamos toda la informaci\u00f3n de Sonora, M\u00e9xico y el Mundo de manera oportuna y busca que la libertad de expresi\u00f3n sea real. Visita nuestro medio informativo publicado desde Hermosillo, Sonora. %","robots":{"index":"index","follow":"follow","max-snippet":"max-snippet:-1","max-image-preview":"max-image-preview:large","max-video-preview":"max-video-preview:-1"},"canonical":"https:\/\/www.sonoraenequipo.com.mx\/supervisan-ssp-cepc-y-gobierno-de-guaymas-operativo-especial-de-semana-santa-2022\/","og_locale":"es_ES","og_type":"article","og_title":"Sonora en Equipo. Supervisan SSP, CEPC y gobierno de Guaymas operativo especial de Semana Santa 2022 Sonora","og_description":"GUAYMAS, SONORA,MX.\u25ac Como parte de las acciones del operativo especial Semana Santa y Pascua 2022, Mar\u00eda Dolores del R\u00edo S\u00e1nchez, Secretaria de Seguridad En Sonora en Equipo publicamos toda la informaci\u00f3n de Sonora, M\u00e9xico y el Mundo de manera oportuna y busca que la libertad de expresi\u00f3n sea real. Visita nuestro medio informativo publicado desde Hermosillo, Sonora. %","og_url":"https:\/\/www.sonoraenequipo.com.mx\/supervisan-ssp-cepc-y-gobierno-de-guaymas-operativo-especial-de-semana-santa-2022\/","og_site_name":"Sonora en Equipo.","article_publisher":"https:\/\/www.facebook.com\/SonoraEE\/","article_author":"https:\/\/www.facebook.com\/SonoraEE","article_published_time":"2022-04-14T20:19:53+00:00","article_modified_time":"2022-04-15T01:35:08+00:00","og_image":[{"width":700,"height":400,"url":"https:\/\/www.sonoraenequipo.com.mx\/storage\/2022\/04\/operativo-gms.jpg","type":"image\/jpeg"}],"author":"enequipo","twitter_card":"summary_large_image","twitter_creator":"@sonoraenequipo","twitter_site":"@sonoraenequipo","twitter_misc":{"Escrito por":"enequipo","Tiempo de lectura":"2 minutos"},"schema":{"@context":"https:\/\/schema.org","@graph":[{"@type":"Article","@id":"https:\/\/www.sonoraenequipo.com.mx\/supervisan-ssp-cepc-y-gobierno-de-guaymas-operativo-especial-de-semana-santa-2022\/#article","isPartOf":{"@id":"https:\/\/www.sonoraenequipo.com.mx\/supervisan-ssp-cepc-y-gobierno-de-guaymas-operativo-especial-de-semana-santa-2022\/"},"author":{"name":"enequipo","@id":"https:\/\/www.sonoraenequipo.com.mx\/#\/schema\/person\/50102df0fb23a8fa9e8effad8fa81386"},"headline":"Supervisan SSP, CEPC y gobierno de Guaymas operativo especial de Semana Santa 2022","datePublished":"2022-04-14T20:19:53+00:00","dateModified":"2022-04-15T01:35:08+00:00","mainEntityOfPage":{"@id":"https:\/\/www.sonoraenequipo.com.mx\/supervisan-ssp-cepc-y-gobierno-de-guaymas-operativo-especial-de-semana-santa-2022\/"},"wordCount":309,"commentCount":0,"publisher":{"@id":"https:\/\/www.sonoraenequipo.com.mx\/#organization"},"image":{"@id":"https:\/\/www.sonoraenequipo.com.mx\/supervisan-ssp-cepc-y-gobierno-de-guaymas-operativo-especial-de-semana-santa-2022\/#primaryimage"},"thumbnailUrl":"https:\/\/www.sonoraenequipo.com.mx\/storage\/2022\/04\/operativo-gms.jpg","keywords":["Guaymas","proteccion civil","seguridadp\u00fablica","semana santa"],"articleSection":["Sonora"],"inLanguage":"es","potentialAction":[{"@type":"CommentAction","name":"Comment","target":["https:\/\/www.sonoraenequipo.com.mx\/supervisan-ssp-cepc-y-gobierno-de-guaymas-operativo-especial-de-semana-santa-2022\/#respond"]}]},{"@type":"WebPage","@id":"https:\/\/www.sonoraenequipo.com.mx\/supervisan-ssp-cepc-y-gobierno-de-guaymas-operativo-especial-de-semana-santa-2022\/","url":"https:\/\/www.sonoraenequipo.com.mx\/supervisan-ssp-cepc-y-gobierno-de-guaymas-operativo-especial-de-semana-santa-2022\/","name":"Sonora en Equipo. Supervisan SSP, CEPC y gobierno de Guaymas operativo especial de Semana Santa 2022 Sonora","isPartOf":{"@id":"https:\/\/www.sonoraenequipo.com.mx\/#website"},"primaryImageOfPage":{"@id":"https:\/\/www.sonoraenequipo.com.mx\/supervisan-ssp-cepc-y-gobierno-de-guaymas-operativo-especial-de-semana-santa-2022\/#primaryimage"},"image":{"@id":"https:\/\/www.sonoraenequipo.com.mx\/supervisan-ssp-cepc-y-gobierno-de-guaymas-operativo-especial-de-semana-santa-2022\/#primaryimage"},"thumbnailUrl":"https:\/\/www.sonoraenequipo.com.mx\/storage\/2022\/04\/operativo-gms.jpg","datePublished":"2022-04-14T20:19:53+00:00","dateModified":"2022-04-15T01:35:08+00:00","description":"GUAYMAS, SONORA,MX.\u25ac Como parte de las acciones del operativo especial Semana Santa y Pascua 2022, Mar\u00eda Dolores del R\u00edo S\u00e1nchez, Secretaria de Seguridad En Sonora en Equipo publicamos toda la informaci\u00f3n de Sonora, M\u00e9xico y el Mundo de manera oportuna y busca que la libertad de expresi\u00f3n sea real. Visita nuestro medio informativo publicado desde Hermosillo, Sonora. %","breadcrumb":{"@id":"https:\/\/www.sonoraenequipo.com.mx\/supervisan-ssp-cepc-y-gobierno-de-guaymas-operativo-especial-de-semana-santa-2022\/#breadcrumb"},"inLanguage":"es","potentialAction":[{"@type":"ReadAction","target":["https:\/\/www.sonoraenequipo.com.mx\/supervisan-ssp-cepc-y-gobierno-de-guaymas-operativo-especial-de-semana-santa-2022\/"]}]},{"@type":"ImageObject","inLanguage":"es","@id":"https:\/\/www.sonoraenequipo.com.mx\/supervisan-ssp-cepc-y-gobierno-de-guaymas-operativo-especial-de-semana-santa-2022\/#primaryimage","url":"https:\/\/www.sonoraenequipo.com.mx\/storage\/2022\/04\/operativo-gms.jpg","contentUrl":"https:\/\/www.sonoraenequipo.com.mx\/storage\/2022\/04\/operativo-gms.jpg","width":700,"height":400},{"@type":"BreadcrumbList","@id":"https:\/\/www.sonoraenequipo.com.mx\/supervisan-ssp-cepc-y-gobierno-de-guaymas-operativo-especial-de-semana-santa-2022\/#breadcrumb","itemListElement":[{"@type":"ListItem","position":1,"name":"Portada","item":"https:\/\/www.sonoraenequipo.com.mx\/"},{"@type":"ListItem","position":2,"name":"Supervisan SSP, CEPC y gobierno de Guaymas operativo especial de Semana Santa 2022"}]},{"@type":"WebSite","@id":"https:\/\/www.sonoraenequipo.com.mx\/#website","url":"https:\/\/www.sonoraenequipo.com.mx\/","name":"Sonora en Equipo.","description":"Diario en l\u00ednea con Noticias desde Hermosillo, Sonora","publisher":{"@id":"https:\/\/www.sonoraenequipo.com.mx\/#organization"},"potentialAction":[{"@type":"SearchAction","target":{"@type":"EntryPoint","urlTemplate":"https:\/\/www.sonoraenequipo.com.mx\/?s={search_term_string}"},"query-input":{"@type":"PropertyValueSpecification","valueRequired":true,"valueName":"search_term_string"}}],"inLanguage":"es"},{"@type":"Organization","@id":"https:\/\/www.sonoraenequipo.com.mx\/#organization","name":"Sonoraenequipo.com.mx","url":"https:\/\/www.sonoraenequipo.com.mx\/","logo":{"@type":"ImageObject","inLanguage":"es","@id":"https:\/\/www.sonoraenequipo.com.mx\/#\/schema\/logo\/image\/","url":"https:\/\/www.sonoraenequipo.com.mx\/storage\/2019\/01\/sonoraenequipo_opt.png","contentUrl":"https:\/\/www.sonoraenequipo.com.mx\/storage\/2019\/01\/sonoraenequipo_opt.png","width":375,"height":125,"caption":"Sonoraenequipo.com.mx"},"image":{"@id":"https:\/\/www.sonoraenequipo.com.mx\/#\/schema\/logo\/image\/"},"sameAs":["https:\/\/www.facebook.com\/SonoraEE\/","https:\/\/x.com\/sonoraenequipo","https:\/\/www.youtube.com\/channel\/UC338nW-lPEYmJQs4ZABQ1SQ"]},{"@type":"Person","@id":"https:\/\/www.sonoraenequipo.com.mx\/#\/schema\/person\/50102df0fb23a8fa9e8effad8fa81386","name":"enequipo","image":{"@type":"ImageObject","inLanguage":"es","@id":"https:\/\/www.sonoraenequipo.com.mx\/#\/schema\/person\/image\/","url":"https:\/\/secure.gravatar.com\/avatar\/049821681b589dabc0bc20695993ccebb09f5b5d4d790cd9251b97faac7c652b?s=96&d=blank&r=g","contentUrl":"https:\/\/secure.gravatar.com\/avatar\/049821681b589dabc0bc20695993ccebb09f5b5d4d790cd9251b97faac7c652b?s=96&d=blank&r=g","caption":"enequipo"},"sameAs":["https:\/\/www.facebook.com\/SonoraEE"]}]}},"jetpack_featured_media_url":"https:\/\/www.sonoraenequipo.com.mx\/storage\/2022\/04\/operativo-gms.jpg","_links":{"self":[{"href":"https:\/\/www.sonoraenequipo.com.mx\/api\/wp\/v2\/posts\/136691","targetHints":{"allow":["GET"]}}],"collection":[{"href":"https:\/\/www.sonoraenequipo.com.mx\/api\/wp\/v2\/posts"}],"about":[{"href":"https:\/\/www.sonoraenequipo.com.mx\/api\/wp\/v2\/types\/post"}],"author":[{"embeddable":true,"href":"https:\/\/www.sonoraenequipo.com.mx\/api\/wp\/v2\/users\/1"}],"replies":[{"embeddable":true,"href":"https:\/\/www.sonoraenequipo.com.mx\/api\/wp\/v2\/comments?post=136691"}],"version-history":[{"count":1,"href":"https:\/\/www.sonoraenequipo.com.mx\/api\/wp\/v2\/posts\/136691\/revisions"}],"predecessor-version":[{"id":136693,"href":"https:\/\/www.sonoraenequipo.com.mx\/api\/wp\/v2\/posts\/136691\/revisions\/136693"}],"wp:featuredmedia":[{"embeddable":true,"href":"https:\/\/www.sonoraenequipo.com.mx\/api\/wp\/v2\/media\/136692"}],"wp:attachment":[{"href":"https:\/\/www.sonoraenequipo.com.mx\/api\/wp\/v2\/media?parent=136691"}],"wp:term":[{"taxonomy":"category","embeddable":true,"href":"https:\/\/www.sonoraenequipo.com.mx\/api\/wp\/v2\/categories?post=136691"},{"taxonomy":"post_tag","embeddable":true,"href":"https:\/\/www.sonoraenequipo.com.mx\/api\/wp\/v2\/tags?post=136691"}],"curies":[{"name":"wp","href":"https:\/\/api.w.org\/{rel}","templated":true}]}}