{"id":136697,"date":"2022-04-14T15:29:01","date_gmt":"2022-04-14T22:29:01","guid":{"rendered":"https:\/\/www.sonoraenequipo.com.mx\/?p=136697"},"modified":"2022-04-14T18:33:53","modified_gmt":"2022-04-15T01:33:53","slug":"celebra-gobernador-durazo-ocupacion-hotelera-del-100-por-ciento-en-sonora","status":"publish","type":"post","link":"https:\/\/www.sonoraenequipo.com.mx\/celebra-gobernador-durazo-ocupacion-hotelera-del-100-por-ciento-en-sonora\/","title":{"rendered":"Celebra gobernador Durazo ocupaci\u00f3n hotelera del 100 por ciento en Sonora"},"content":{"rendered":"<p><strong>HERMOSILLO, SONORA,MX.<\/strong><strong>\u25ac<\/strong> Las maravillas naturales y los excelentes destinos tur\u00edsticos que ofrece la entidad quedaron de manifiesto, una vez m\u00e1s, con la ocupaci\u00f3n de 100 por ciento que registraron los hoteles este mi\u00e9rcoles, afirm\u00f3 el gobernador Alfonso Durazo Monta\u00f1o.<\/p>\n<p>&nbsp;<\/p>\n<p>el mandatario sonorense celebr\u00f3 este hecho en sus redes sociales, recordando que se cuenta con m\u00f3dulos de informaci\u00f3n para que, quienes visitan el estado, conozcan las actividades que se ofrecen en los distintos destinos tur\u00edsticos de Sonora.<\/p>\n<p>&nbsp;<\/p>\n<p>\u201cTendremos disponibles 14 m\u00f3dulos a lo largo de todo el estado para brindar atenci\u00f3n e informaci\u00f3n a los turistas acerca de las actividades tur\u00edsticas a realizar. Nuestro estado es excepcional y nos ofrece una gran variedad de destinos; entre playas, pueblos m\u00e1gicos, comunidades ind\u00edgenas, reservas ecol\u00f3gicas, y muchos tesoros m\u00e1s por descubrir\u201d, afirm\u00f3 en sus redes sociales.<\/p>\n<p>&nbsp;<\/p>\n<p>De igual manera, record\u00f3 que para lograr un saldo blanco en los d\u00edas del periodo vacacional de Semana Santa se requiere la colaboraci\u00f3n de todas y todos los sonorenses, as\u00ed como de quienes visiten la entidad, atendiendo las medidas de seguridad que se\u00f1alen las corporaciones que integran el Operativo Semana Santa 2022, mencion\u00f3 el gobernador Alfonso Durazo Monta\u00f1o.<\/p>\n<p>&nbsp;<\/p>\n<p>Coment\u00f3 las diversas autoridades trabajar\u00e1n en conjunto para garantizar las mejores condiciones de tranquilidad, comodidad y de placer para quienes viajen a trav\u00e9s del estado.<\/p>\n<p>&nbsp;<\/p>\n<p>\u201cEs un esfuerzo sin precedente: seis mil 500 elementos tenemos desplegados en el estado, procedente de diversas organizaciones, trabajando de manera muy muy coordinada para eficientar el apoyo a las y los turistas, y garantizar que todos disfruten a nuestro estado\u201d, indic\u00f3.<\/p>\n<p><strong>Fecha de Publicaci\u00f3n jueves\/ 14 \/ abril\/ 2022 <\/strong><\/p>\n<p>&nbsp;<\/p>\n","protected":false},"excerpt":{"rendered":"<p>HERMOSILLO, SONORA,MX.\u25ac Las maravillas naturales y los excelentes destinos tur\u00edsticos que ofrece la entidad quedaron&#8230;<\/p>\n","protected":false},"author":24,"featured_media":136698,"comment_status":"open","ping_status":"open","sticky":false,"template":"","format":"standard","meta":{"_monsterinsights_skip_tracking":false,"_monsterinsights_sitenote_active":false,"_monsterinsights_sitenote_note":"","_monsterinsights_sitenote_category":0,"footnotes":""},"categories":[22],"tags":[3635,6123,1723,15],"class_list":["post"],"yoast_head":" \n<title>Sonora en Equipo. Celebra gobernador Durazo ocupaci\u00f3n hotelera del 100 por ciento en Sonora Sonora<\/title>\n<meta name=\"description\" content=\"HERMOSILLO, SONORA,MX.\u25ac Las maravillas naturales y los excelentes destinos tur\u00edsticos que ofrece la entidad quedaron de manifiesto, una vez m\u00e1s, con la En Sonora en Equipo publicamos toda la informaci\u00f3n de Sonora, M\u00e9xico y el Mundo de manera oportuna y busca que la libertad de expresi\u00f3n sea real. Visita nuestro medio informativo publicado desde Hermosillo, Sonora. %\" \/>\n<meta name=\"robots\" content=\"index, follow, max-snippet:-1, max-image-preview:large, max-video-preview:-1\" \/>\n<link rel=\"canonical\" href=\"https:\/\/www.sonoraenequipo.com.mx\/celebra-gobernador-durazo-ocupacion-hotelera-del-100-por-ciento-en-sonora\/\" \/>\n<meta property=\"og:locale\" content=\"es_ES\" \/>\n<meta property=\"og:type\" content=\"article\" \/>\n<meta property=\"og:title\" content=\"Sonora en Equipo. Celebra gobernador Durazo ocupaci\u00f3n hotelera del 100 por ciento en Sonora Sonora\" \/>\n<meta property=\"og:description\" content=\"HERMOSILLO, SONORA,MX.\u25ac Las maravillas naturales y los excelentes destinos tur\u00edsticos que ofrece la entidad quedaron de manifiesto, una vez m\u00e1s, con la En Sonora en Equipo publicamos toda la informaci\u00f3n de Sonora, M\u00e9xico y el Mundo de manera oportuna y busca que la libertad de expresi\u00f3n sea real. Visita nuestro medio informativo publicado desde Hermosillo, Sonora. %\" \/>\n<meta property=\"og:url\" content=\"https:\/\/www.sonoraenequipo.com.mx\/celebra-gobernador-durazo-ocupacion-hotelera-del-100-por-ciento-en-sonora\/\" \/>\n<meta property=\"og:site_name\" content=\"Sonora en Equipo.\" \/>\n<meta property=\"article:publisher\" content=\"https:\/\/www.facebook.com\/SonoraEE\/\" \/>\n<meta property=\"article:published_time\" content=\"2022-04-14T22:29:01+00:00\" \/>\n<meta property=\"article:modified_time\" content=\"2022-04-15T01:33:53+00:00\" \/>\n<meta property=\"og:image\" content=\"https:\/\/www.sonoraenequipo.com.mx\/storage\/2022\/04\/adm-semana-santa.jpg\" \/>\n\t<meta property=\"og:image:width\" content=\"700\" \/>\n\t<meta property=\"og:image:height\" content=\"400\" \/>\n\t<meta property=\"og:image:type\" content=\"image\/jpeg\" \/>\n<meta name=\"author\" content=\"Dionisio Estrada\" \/>\n<meta name=\"twitter:card\" content=\"summary_large_image\" \/>\n<meta name=\"twitter:creator\" content=\"@sonoraenequipo\" \/>\n<meta name=\"twitter:site\" content=\"@sonoraenequipo\" \/>\n<meta name=\"twitter:label1\" content=\"Escrito por\" \/>\n\t<meta name=\"twitter:data1\" content=\"Dionisio Estrada\" \/>\n\t<meta name=\"twitter:label2\" content=\"Tiempo de lectura\" \/>\n\t<meta name=\"twitter:data2\" content=\"2 minutos\" \/>\n<script type=\"application\/ld+json\" class=\"yoast-schema-graph\">{\"@context\":\"https:\/\/schema.org\",\"@graph\":[{\"@type\":\"Article\",\"@id\":\"https:\/\/www.sonoraenequipo.com.mx\/celebra-gobernador-durazo-ocupacion-hotelera-del-100-por-ciento-en-sonora\/#article\",\"isPartOf\":{\"@id\":\"https:\/\/www.sonoraenequipo.com.mx\/celebra-gobernador-durazo-ocupacion-hotelera-del-100-por-ciento-en-sonora\/\"},\"author\":{\"name\":\"Dionisio Estrada\",\"@id\":\"https:\/\/www.sonoraenequipo.com.mx\/#\/schema\/person\/0f77f045cfa5d412273a32be74d5b2f2\"},\"headline\":\"Celebra gobernador Durazo ocupaci\u00f3n hotelera del 100 por ciento en Sonora\",\"datePublished\":\"2022-04-14T22:29:01+00:00\",\"dateModified\":\"2022-04-15T01:33:53+00:00\",\"mainEntityOfPage\":{\"@id\":\"https:\/\/www.sonoraenequipo.com.mx\/celebra-gobernador-durazo-ocupacion-hotelera-del-100-por-ciento-en-sonora\/\"},\"wordCount\":300,\"commentCount\":0,\"publisher\":{\"@id\":\"https:\/\/www.sonoraenequipo.com.mx\/#organization\"},\"image\":{\"@id\":\"https:\/\/www.sonoraenequipo.com.mx\/celebra-gobernador-durazo-ocupacion-hotelera-del-100-por-ciento-en-sonora\/#primaryimage\"},\"thumbnailUrl\":\"https:\/\/www.sonoraenequipo.com.mx\/storage\/2022\/04\/adm-semana-santa.jpg\",\"keywords\":[\"DURAZO\",\"gobernador\",\"semana santa\",\"Sonora\"],\"articleSection\":[\"Sonora\"],\"inLanguage\":\"es\",\"potentialAction\":[{\"@type\":\"CommentAction\",\"name\":\"Comment\",\"target\":[\"https:\/\/www.sonoraenequipo.com.mx\/celebra-gobernador-durazo-ocupacion-hotelera-del-100-por-ciento-en-sonora\/#respond\"]}]},{\"@type\":\"WebPage\",\"@id\":\"https:\/\/www.sonoraenequipo.com.mx\/celebra-gobernador-durazo-ocupacion-hotelera-del-100-por-ciento-en-sonora\/\",\"url\":\"https:\/\/www.sonoraenequipo.com.mx\/celebra-gobernador-durazo-ocupacion-hotelera-del-100-por-ciento-en-sonora\/\",\"name\":\"Sonora en Equipo. Celebra gobernador Durazo ocupaci\u00f3n hotelera del 100 por ciento en Sonora Sonora\",\"isPartOf\":{\"@id\":\"https:\/\/www.sonoraenequipo.com.mx\/#website\"},\"primaryImageOfPage\":{\"@id\":\"https:\/\/www.sonoraenequipo.com.mx\/celebra-gobernador-durazo-ocupacion-hotelera-del-100-por-ciento-en-sonora\/#primaryimage\"},\"image\":{\"@id\":\"https:\/\/www.sonoraenequipo.com.mx\/celebra-gobernador-durazo-ocupacion-hotelera-del-100-por-ciento-en-sonora\/#primaryimage\"},\"thumbnailUrl\":\"https:\/\/www.sonoraenequipo.com.mx\/storage\/2022\/04\/adm-semana-santa.jpg\",\"datePublished\":\"2022-04-14T22:29:01+00:00\",\"dateModified\":\"2022-04-15T01:33:53+00:00\",\"description\":\"HERMOSILLO, SONORA,MX.\u25ac Las maravillas naturales y los excelentes destinos tur\u00edsticos que ofrece la entidad quedaron de manifiesto, una vez m\u00e1s, con la En Sonora en Equipo publicamos toda la informaci\u00f3n de Sonora, M\u00e9xico y el Mundo de manera oportuna y busca que la libertad de expresi\u00f3n sea real. Visita nuestro medio informativo publicado desde Hermosillo, Sonora. %\",\"breadcrumb\":{\"@id\":\"https:\/\/www.sonoraenequipo.com.mx\/celebra-gobernador-durazo-ocupacion-hotelera-del-100-por-ciento-en-sonora\/#breadcrumb\"},\"inLanguage\":\"es\",\"potentialAction\":[{\"@type\":\"ReadAction\",\"target\":[\"https:\/\/www.sonoraenequipo.com.mx\/celebra-gobernador-durazo-ocupacion-hotelera-del-100-por-ciento-en-sonora\/\"]}]},{\"@type\":\"ImageObject\",\"inLanguage\":\"es\",\"@id\":\"https:\/\/www.sonoraenequipo.com.mx\/celebra-gobernador-durazo-ocupacion-hotelera-del-100-por-ciento-en-sonora\/#primaryimage\",\"url\":\"https:\/\/www.sonoraenequipo.com.mx\/storage\/2022\/04\/adm-semana-santa.jpg\",\"contentUrl\":\"https:\/\/www.sonoraenequipo.com.mx\/storage\/2022\/04\/adm-semana-santa.jpg\",\"width\":700,\"height\":400},{\"@type\":\"BreadcrumbList\",\"@id\":\"https:\/\/www.sonoraenequipo.com.mx\/celebra-gobernador-durazo-ocupacion-hotelera-del-100-por-ciento-en-sonora\/#breadcrumb\",\"itemListElement\":[{\"@type\":\"ListItem\",\"position\":1,\"name\":\"Portada\",\"item\":\"https:\/\/www.sonoraenequipo.com.mx\/\"},{\"@type\":\"ListItem\",\"position\":2,\"name\":\"Celebra gobernador Durazo ocupaci\u00f3n hotelera del 100 por ciento en Sonora\"}]},{\"@type\":\"WebSite\",\"@id\":\"https:\/\/www.sonoraenequipo.com.mx\/#website\",\"url\":\"https:\/\/www.sonoraenequipo.com.mx\/\",\"name\":\"Sonora en Equipo.\",\"description\":\"Diario en l\u00ednea con Noticias desde Hermosillo, Sonora\",\"publisher\":{\"@id\":\"https:\/\/www.sonoraenequipo.com.mx\/#organization\"},\"potentialAction\":[{\"@type\":\"SearchAction\",\"target\":{\"@type\":\"EntryPoint\",\"urlTemplate\":\"https:\/\/www.sonoraenequipo.com.mx\/?s={search_term_string}\"},\"query-input\":{\"@type\":\"PropertyValueSpecification\",\"valueRequired\":true,\"valueName\":\"search_term_string\"}}],\"inLanguage\":\"es\"},{\"@type\":\"Organization\",\"@id\":\"https:\/\/www.sonoraenequipo.com.mx\/#organization\",\"name\":\"Sonoraenequipo.com.mx\",\"url\":\"https:\/\/www.sonoraenequipo.com.mx\/\",\"logo\":{\"@type\":\"ImageObject\",\"inLanguage\":\"es\",\"@id\":\"https:\/\/www.sonoraenequipo.com.mx\/#\/schema\/logo\/image\/\",\"url\":\"https:\/\/www.sonoraenequipo.com.mx\/storage\/2019\/01\/sonoraenequipo_opt.png\",\"contentUrl\":\"https:\/\/www.sonoraenequipo.com.mx\/storage\/2019\/01\/sonoraenequipo_opt.png\",\"width\":375,\"height\":125,\"caption\":\"Sonoraenequipo.com.mx\"},\"image\":{\"@id\":\"https:\/\/www.sonoraenequipo.com.mx\/#\/schema\/logo\/image\/\"},\"sameAs\":[\"https:\/\/www.facebook.com\/SonoraEE\/\",\"https:\/\/x.com\/sonoraenequipo\",\"https:\/\/www.youtube.com\/channel\/UC338nW-lPEYmJQs4ZABQ1SQ\"]},{\"@type\":\"Person\",\"@id\":\"https:\/\/www.sonoraenequipo.com.mx\/#\/schema\/person\/0f77f045cfa5d412273a32be74d5b2f2\",\"name\":\"Dionisio Estrada\",\"image\":{\"@type\":\"ImageObject\",\"inLanguage\":\"es\",\"@id\":\"https:\/\/www.sonoraenequipo.com.mx\/#\/schema\/person\/image\/\",\"url\":\"https:\/\/secure.gravatar.com\/avatar\/73cdb642943186932636839910e38e7e207b5dc721341976549771f10ccb3a23?s=96&d=blank&r=g\",\"contentUrl\":\"https:\/\/secure.gravatar.com\/avatar\/73cdb642943186932636839910e38e7e207b5dc721341976549771f10ccb3a23?s=96&d=blank&r=g\",\"caption\":\"Dionisio Estrada\"}}]}<\/script>\n ","yoast_head_json":{"title":"Sonora en Equipo. Celebra gobernador Durazo ocupaci\u00f3n hotelera del 100 por ciento en Sonora Sonora","description":"HERMOSILLO, SONORA,MX.\u25ac Las maravillas naturales y los excelentes destinos tur\u00edsticos que ofrece la entidad quedaron de manifiesto, una vez m\u00e1s, con la En Sonora en Equipo publicamos toda la informaci\u00f3n de Sonora, M\u00e9xico y el Mundo de manera oportuna y busca que la libertad de expresi\u00f3n sea real. Visita nuestro medio informativo publicado desde Hermosillo, Sonora. %","robots":{"index":"index","follow":"follow","max-snippet":"max-snippet:-1","max-image-preview":"max-image-preview:large","max-video-preview":"max-video-preview:-1"},"canonical":"https:\/\/www.sonoraenequipo.com.mx\/celebra-gobernador-durazo-ocupacion-hotelera-del-100-por-ciento-en-sonora\/","og_locale":"es_ES","og_type":"article","og_title":"Sonora en Equipo. Celebra gobernador Durazo ocupaci\u00f3n hotelera del 100 por ciento en Sonora Sonora","og_description":"HERMOSILLO, SONORA,MX.\u25ac Las maravillas naturales y los excelentes destinos tur\u00edsticos que ofrece la entidad quedaron de manifiesto, una vez m\u00e1s, con la En Sonora en Equipo publicamos toda la informaci\u00f3n de Sonora, M\u00e9xico y el Mundo de manera oportuna y busca que la libertad de expresi\u00f3n sea real. Visita nuestro medio informativo publicado desde Hermosillo, Sonora. %","og_url":"https:\/\/www.sonoraenequipo.com.mx\/celebra-gobernador-durazo-ocupacion-hotelera-del-100-por-ciento-en-sonora\/","og_site_name":"Sonora en Equipo.","article_publisher":"https:\/\/www.facebook.com\/SonoraEE\/","article_published_time":"2022-04-14T22:29:01+00:00","article_modified_time":"2022-04-15T01:33:53+00:00","og_image":[{"width":700,"height":400,"url":"https:\/\/www.sonoraenequipo.com.mx\/storage\/2022\/04\/adm-semana-santa.jpg","type":"image\/jpeg"}],"author":"Dionisio Estrada","twitter_card":"summary_large_image","twitter_creator":"@sonoraenequipo","twitter_site":"@sonoraenequipo","twitter_misc":{"Escrito por":"Dionisio Estrada","Tiempo de lectura":"2 minutos"},"schema":{"@context":"https:\/\/schema.org","@graph":[{"@type":"Article","@id":"https:\/\/www.sonoraenequipo.com.mx\/celebra-gobernador-durazo-ocupacion-hotelera-del-100-por-ciento-en-sonora\/#article","isPartOf":{"@id":"https:\/\/www.sonoraenequipo.com.mx\/celebra-gobernador-durazo-ocupacion-hotelera-del-100-por-ciento-en-sonora\/"},"author":{"name":"Dionisio Estrada","@id":"https:\/\/www.sonoraenequipo.com.mx\/#\/schema\/person\/0f77f045cfa5d412273a32be74d5b2f2"},"headline":"Celebra gobernador Durazo ocupaci\u00f3n hotelera del 100 por ciento en Sonora","datePublished":"2022-04-14T22:29:01+00:00","dateModified":"2022-04-15T01:33:53+00:00","mainEntityOfPage":{"@id":"https:\/\/www.sonoraenequipo.com.mx\/celebra-gobernador-durazo-ocupacion-hotelera-del-100-por-ciento-en-sonora\/"},"wordCount":300,"commentCount":0,"publisher":{"@id":"https:\/\/www.sonoraenequipo.com.mx\/#organization"},"image":{"@id":"https:\/\/www.sonoraenequipo.com.mx\/celebra-gobernador-durazo-ocupacion-hotelera-del-100-por-ciento-en-sonora\/#primaryimage"},"thumbnailUrl":"https:\/\/www.sonoraenequipo.com.mx\/storage\/2022\/04\/adm-semana-santa.jpg","keywords":["DURAZO","gobernador","semana santa","Sonora"],"articleSection":["Sonora"],"inLanguage":"es","potentialAction":[{"@type":"CommentAction","name":"Comment","target":["https:\/\/www.sonoraenequipo.com.mx\/celebra-gobernador-durazo-ocupacion-hotelera-del-100-por-ciento-en-sonora\/#respond"]}]},{"@type":"WebPage","@id":"https:\/\/www.sonoraenequipo.com.mx\/celebra-gobernador-durazo-ocupacion-hotelera-del-100-por-ciento-en-sonora\/","url":"https:\/\/www.sonoraenequipo.com.mx\/celebra-gobernador-durazo-ocupacion-hotelera-del-100-por-ciento-en-sonora\/","name":"Sonora en Equipo. Celebra gobernador Durazo ocupaci\u00f3n hotelera del 100 por ciento en Sonora Sonora","isPartOf":{"@id":"https:\/\/www.sonoraenequipo.com.mx\/#website"},"primaryImageOfPage":{"@id":"https:\/\/www.sonoraenequipo.com.mx\/celebra-gobernador-durazo-ocupacion-hotelera-del-100-por-ciento-en-sonora\/#primaryimage"},"image":{"@id":"https:\/\/www.sonoraenequipo.com.mx\/celebra-gobernador-durazo-ocupacion-hotelera-del-100-por-ciento-en-sonora\/#primaryimage"},"thumbnailUrl":"https:\/\/www.sonoraenequipo.com.mx\/storage\/2022\/04\/adm-semana-santa.jpg","datePublished":"2022-04-14T22:29:01+00:00","dateModified":"2022-04-15T01:33:53+00:00","description":"HERMOSILLO, SONORA,MX.\u25ac Las maravillas naturales y los excelentes destinos tur\u00edsticos que ofrece la entidad quedaron de manifiesto, una vez m\u00e1s, con la En Sonora en Equipo publicamos toda la informaci\u00f3n de Sonora, M\u00e9xico y el Mundo de manera oportuna y busca que la libertad de expresi\u00f3n sea real. Visita nuestro medio informativo publicado desde Hermosillo, Sonora. %","breadcrumb":{"@id":"https:\/\/www.sonoraenequipo.com.mx\/celebra-gobernador-durazo-ocupacion-hotelera-del-100-por-ciento-en-sonora\/#breadcrumb"},"inLanguage":"es","potentialAction":[{"@type":"ReadAction","target":["https:\/\/www.sonoraenequipo.com.mx\/celebra-gobernador-durazo-ocupacion-hotelera-del-100-por-ciento-en-sonora\/"]}]},{"@type":"ImageObject","inLanguage":"es","@id":"https:\/\/www.sonoraenequipo.com.mx\/celebra-gobernador-durazo-ocupacion-hotelera-del-100-por-ciento-en-sonora\/#primaryimage","url":"https:\/\/www.sonoraenequipo.com.mx\/storage\/2022\/04\/adm-semana-santa.jpg","contentUrl":"https:\/\/www.sonoraenequipo.com.mx\/storage\/2022\/04\/adm-semana-santa.jpg","width":700,"height":400},{"@type":"BreadcrumbList","@id":"https:\/\/www.sonoraenequipo.com.mx\/celebra-gobernador-durazo-ocupacion-hotelera-del-100-por-ciento-en-sonora\/#breadcrumb","itemListElement":[{"@type":"ListItem","position":1,"name":"Portada","item":"https:\/\/www.sonoraenequipo.com.mx\/"},{"@type":"ListItem","position":2,"name":"Celebra gobernador Durazo ocupaci\u00f3n hotelera del 100 por ciento en Sonora"}]},{"@type":"WebSite","@id":"https:\/\/www.sonoraenequipo.com.mx\/#website","url":"https:\/\/www.sonoraenequipo.com.mx\/","name":"Sonora en Equipo.","description":"Diario en l\u00ednea con Noticias desde Hermosillo, Sonora","publisher":{"@id":"https:\/\/www.sonoraenequipo.com.mx\/#organization"},"potentialAction":[{"@type":"SearchAction","target":{"@type":"EntryPoint","urlTemplate":"https:\/\/www.sonoraenequipo.com.mx\/?s={search_term_string}"},"query-input":{"@type":"PropertyValueSpecification","valueRequired":true,"valueName":"search_term_string"}}],"inLanguage":"es"},{"@type":"Organization","@id":"https:\/\/www.sonoraenequipo.com.mx\/#organization","name":"Sonoraenequipo.com.mx","url":"https:\/\/www.sonoraenequipo.com.mx\/","logo":{"@type":"ImageObject","inLanguage":"es","@id":"https:\/\/www.sonoraenequipo.com.mx\/#\/schema\/logo\/image\/","url":"https:\/\/www.sonoraenequipo.com.mx\/storage\/2019\/01\/sonoraenequipo_opt.png","contentUrl":"https:\/\/www.sonoraenequipo.com.mx\/storage\/2019\/01\/sonoraenequipo_opt.png","width":375,"height":125,"caption":"Sonoraenequipo.com.mx"},"image":{"@id":"https:\/\/www.sonoraenequipo.com.mx\/#\/schema\/logo\/image\/"},"sameAs":["https:\/\/www.facebook.com\/SonoraEE\/","https:\/\/x.com\/sonoraenequipo","https:\/\/www.youtube.com\/channel\/UC338nW-lPEYmJQs4ZABQ1SQ"]},{"@type":"Person","@id":"https:\/\/www.sonoraenequipo.com.mx\/#\/schema\/person\/0f77f045cfa5d412273a32be74d5b2f2","name":"Dionisio Estrada","image":{"@type":"ImageObject","inLanguage":"es","@id":"https:\/\/www.sonoraenequipo.com.mx\/#\/schema\/person\/image\/","url":"https:\/\/secure.gravatar.com\/avatar\/73cdb642943186932636839910e38e7e207b5dc721341976549771f10ccb3a23?s=96&d=blank&r=g","contentUrl":"https:\/\/secure.gravatar.com\/avatar\/73cdb642943186932636839910e38e7e207b5dc721341976549771f10ccb3a23?s=96&d=blank&r=g","caption":"Dionisio Estrada"}}]}},"jetpack_featured_media_url":"https:\/\/www.sonoraenequipo.com.mx\/storage\/2022\/04\/adm-semana-santa.jpg","_links":{"self":[{"href":"https:\/\/www.sonoraenequipo.com.mx\/api\/wp\/v2\/posts\/136697","targetHints":{"allow":["GET"]}}],"collection":[{"href":"https:\/\/www.sonoraenequipo.com.mx\/api\/wp\/v2\/posts"}],"about":[{"href":"https:\/\/www.sonoraenequipo.com.mx\/api\/wp\/v2\/types\/post"}],"author":[{"embeddable":true,"href":"https:\/\/www.sonoraenequipo.com.mx\/api\/wp\/v2\/users\/24"}],"replies":[{"embeddable":true,"href":"https:\/\/www.sonoraenequipo.com.mx\/api\/wp\/v2\/comments?post=136697"}],"version-history":[{"count":1,"href":"https:\/\/www.sonoraenequipo.com.mx\/api\/wp\/v2\/posts\/136697\/revisions"}],"predecessor-version":[{"id":136699,"href":"https:\/\/www.sonoraenequipo.com.mx\/api\/wp\/v2\/posts\/136697\/revisions\/136699"}],"wp:featuredmedia":[{"embeddable":true,"href":"https:\/\/www.sonoraenequipo.com.mx\/api\/wp\/v2\/media\/136698"}],"wp:attachment":[{"href":"https:\/\/www.sonoraenequipo.com.mx\/api\/wp\/v2\/media?parent=136697"}],"wp:term":[{"taxonomy":"category","embeddable":true,"href":"https:\/\/www.sonoraenequipo.com.mx\/api\/wp\/v2\/categories?post=136697"},{"taxonomy":"post_tag","embeddable":true,"href":"https:\/\/www.sonoraenequipo.com.mx\/api\/wp\/v2\/tags?post=136697"}],"curies":[{"name":"wp","href":"https:\/\/api.w.org\/{rel}","templated":true}]}}